{"id":51011,"date":"2020-08-15T08:32:21","date_gmt":"2020-08-15T11:32:21","guid":{"rendered":"https:\/\/noticiasmercedinas.com\/site\/?p=51011"},"modified":"2020-08-15T08:32:21","modified_gmt":"2020-08-15T11:32:21","slug":"todas-las-epocas-de-talleres-payro","status":"publish","type":"post","link":"https:\/\/noticiasmercedinas.com\/site\/2020\/08\/15\/todas-las-epocas-de-talleres-payro\/","title":{"rendered":"Todas las \u00e9pocas de Talleres Payr\u00f3"},"content":{"rendered":"<p><img loading=\"lazy\" decoding=\"async\" class=\"alignnone size-full wp-image-51012\" src=\"https:\/\/noticiasmercedinas.com\/site\/wp-content\/uploads\/2020\/08\/bochas1.jpg\" alt=\"\" width=\"1024\" height=\"768\" srcset=\"https:\/\/noticiasmercedinas.com\/site\/wp-content\/uploads\/2020\/08\/bochas1.jpg 1024w, https:\/\/noticiasmercedinas.com\/site\/wp-content\/uploads\/2020\/08\/bochas1-300x225.jpg 300w, https:\/\/noticiasmercedinas.com\/site\/wp-content\/uploads\/2020\/08\/bochas1-768x576.jpg 768w, https:\/\/noticiasmercedinas.com\/site\/wp-content\/uploads\/2020\/08\/bochas1-80x60.jpg 80w, https:\/\/noticiasmercedinas.com\/site\/wp-content\/uploads\/2020\/08\/bochas1-160x120.jpg 160w, https:\/\/noticiasmercedinas.com\/site\/wp-content\/uploads\/2020\/08\/bochas1-100x75.jpg 100w, https:\/\/noticiasmercedinas.com\/site\/wp-content\/uploads\/2020\/08\/bochas1-200x150.jpg 200w, https:\/\/noticiasmercedinas.com\/site\/wp-content\/uploads\/2020\/08\/bochas1-180x135.jpg 180w, https:\/\/noticiasmercedinas.com\/site\/wp-content\/uploads\/2020\/08\/bochas1-360x270.jpg 360w, https:\/\/noticiasmercedinas.com\/site\/wp-content\/uploads\/2020\/08\/bochas1-238x178.jpg 238w, https:\/\/noticiasmercedinas.com\/site\/wp-content\/uploads\/2020\/08\/bochas1-476x356.jpg 476w, https:\/\/noticiasmercedinas.com\/site\/wp-content\/uploads\/2020\/08\/bochas1-1022x768.jpg 1022w, https:\/\/noticiasmercedinas.com\/site\/wp-content\/uploads\/2020\/08\/bochas1-640x480.jpg 640w, https:\/\/noticiasmercedinas.com\/site\/wp-content\/uploads\/2020\/08\/bochas1-681x511.jpg 681w\" sizes=\"auto, (max-width: 1024px) 100vw, 1024px\" \/>Han pasado 80 a\u00f1os de un 15 de agosto de 1940, cuando se generaba la fusi\u00f3n entre los clubes Roberto J. Payr\u00f3 y Talleres. Una decisi\u00f3n que tuvo sus or\u00edgenes en la Casa del Pueblo de calle 35 entre 22 y 24, donde qued\u00f3 fundado el Club Atl\u00e9tico Roberto J. Payr\u00f3 que no tard\u00f3 en mudarse a la 18 entre 35 y 37 hasta el a\u00f1o 1971. Luego, vino la sede propia en 39 entre 18 y 16 donde sus directivos y socios levantaron la edificaci\u00f3n en lo que supo ser un bald\u00edo.<\/p>\n<p>Hombres como El\u00edas Caram y Juan Manuel Spalla dejaron su marca al frente de la instituci\u00f3n, que en distintas \u00e9pocas tuvo variedad de deportes como ciclismo, bochas, b\u00e1squet (femenino y masculino), atletismo, f\u00fatbol, boxeo y billar. Destac\u00e1ndose la afiliaci\u00f3n a FECSYDA que traer\u00eda con el tiempo t\u00edtulos en el orden nacional en cuanto al atletismo, \u00e9pocas donde el deporte se multiplicaba y los clubes a su vez cumpl\u00edan esa funci\u00f3n social que con los a\u00f1os se fue perdiendo.<\/p>\n<p>De esas primeras \u00e9pocas Carlos Carreras fue el fundador, pasando otros presidentes: Figueroa Reyes (el primero), Leonardo Telesca, Jos\u00e9 Luis Ventura, R\u00faben Bert\u00f3n, H\u00e9ctor Uncal, Alfredo Bourdieu, Yocondo Carracedo y Jorge L\u00e9rtora hasta lo que fueron los a\u00f1os 90 en Talleres. Actualmente, Juan Carlos Torres est\u00e1 al frente de la instituci\u00f3n de calle 39 que est\u00e1 afiliada a la Asociaci\u00f3n Mercedina de Bochas y la Liga Mercedina de F\u00fatbol.<\/p>\n<p><strong>Bochas<\/strong><br \/>\nEl deporte de los amigos o tambi\u00e9n conocido como lisas y rayadas, se ha mantenido en Talleres en todas sus \u00e9pocas. Siendo sus representantes<br \/>\nJos\u00e9 Blanco, Ismael Ambrosio y Euclides Boragno antes la creaci\u00f3n de la<br \/>\nAMB que fue en 1956. M\u00e1s tarde llegar\u00edan Errequet, Balbi, Magiollo y \u201cChacho\u201d Monsalvo, otros que sobresalieron fueron Nicodemo, Marchetti y Emiliani. Tres a\u00f1os invicto estuvieron L\u00e9rtora, Ferraro, Mario Amado y Atilio Bichelli en Tercera.<\/p>\n<p>Las damas no quedaron al margen en las bochas para intervenir Elizabeth Aciar, Elvira Arias, Mar\u00eda Carracedo, Martha Marchetti, Aida Musante, Mar\u00eda De Los \u00c1ngeles Rementer\u00eda, Martha L\u00e9rtora y Nora Garay. De todas las \u00e9pocas resalta la obra de la cancha, de la tierra al sint\u00e9tico, jug\u00e1ndose en la inauguraci\u00f3n un partido ante Z\u00e1rate donde para Talleres actuaron \u201cManaca\u201d Tamburini, Alberto Mosca y Oscar Gelfi. M\u00e1s nombres tienen que ver con Talleres en la actualidad con Pablo Ventosa, Antonio Rosello, Eduardo Garc\u00eda, \u201cCholo\u201d Villareal con innumerables t\u00edtulos teniendo adem\u00e1s representaci\u00f3n de la ciudad en distintos torneos.<\/p>\n<p><strong>Ciclismo<\/strong><br \/>\nEn la d\u00e9cada del 50 el deporte pedal fue un de los estandartes de Talleres Payr\u00f3, con pedaleros en distintas categor\u00edas y no s\u00f3lo presencias en Mercedes si no en donde hubiese competencias. Ese pelot\u00f3n estuvo encabezado por Jorge Abel \u201cCanario\u201d L\u00e9rtora y uno \u201cdistinto\u201d de la \u00e9poca como Rolvider Marinelli que ten\u00eda la particularidad de embalar sentando y cuentan que m\u00e1s de una vez cort\u00f3 cadena por la potencia de sus piernas.<\/p>\n<p>La escuadra de corredores uniformados, con los colores y nombre del club, la completaban Rodolfo Oscar Oliva, Lorenzo Ferraro, Francisco y Jorge Arias, Marcelo Mendol\u00eda, Ricardo Jaime, Jos\u00e9 Gianico, Mario Fern\u00e1ndez, Pedro Gallardi, Juan Ferraro, Pablo Merola, R\u00faben Arigoni, Domingo Oliva, Enrique Aguirre, Evaristo Pardos y H\u00e9ctor Libares. De los mencionados en el p\u00e1rrafo, Pedro Gallardi recuerda \u201ccorr\u00eda con una Wiler Triestina con cambio Campagnolo\u201d<\/p>\n<blockquote class=\"td_quote_box td_box_center\"><p>\u201cNos \u00edbamos a Salto y Pergamino en el tren de carga, arriba de los troncos, a correr para regresar cuando el carguero pegaba la vuelta para Buenos Aires\u201d<\/p><\/blockquote>\n<figure id=\"attachment_51015\" aria-describedby=\"caption-attachment-51015\" style=\"width: 1539px\" class=\"wp-caption alignnone\"><img loading=\"lazy\" decoding=\"async\" class=\"wp-image-51015 size-full\" src=\"https:\/\/noticiasmercedinas.com\/site\/wp-content\/uploads\/2020\/08\/gallardi-scaled.jpg\" alt=\"\" width=\"1539\" height=\"2560\" srcset=\"https:\/\/noticiasmercedinas.com\/site\/wp-content\/uploads\/2020\/08\/gallardi-scaled.jpg 1539w, https:\/\/noticiasmercedinas.com\/site\/wp-content\/uploads\/2020\/08\/gallardi-180x300.jpg 180w, https:\/\/noticiasmercedinas.com\/site\/wp-content\/uploads\/2020\/08\/gallardi-616x1024.jpg 616w, https:\/\/noticiasmercedinas.com\/site\/wp-content\/uploads\/2020\/08\/gallardi-768x1278.jpg 768w, https:\/\/noticiasmercedinas.com\/site\/wp-content\/uploads\/2020\/08\/gallardi-923x1536.jpg 923w, https:\/\/noticiasmercedinas.com\/site\/wp-content\/uploads\/2020\/08\/gallardi-1231x2048.jpg 1231w, https:\/\/noticiasmercedinas.com\/site\/wp-content\/uploads\/2020\/08\/gallardi-640x1065.jpg 640w, https:\/\/noticiasmercedinas.com\/site\/wp-content\/uploads\/2020\/08\/gallardi-1280x2129.jpg 1280w, https:\/\/noticiasmercedinas.com\/site\/wp-content\/uploads\/2020\/08\/gallardi-681x1133.jpg 681w, https:\/\/noticiasmercedinas.com\/site\/wp-content\/uploads\/2020\/08\/gallardi-1362x2266.jpg 1362w\" sizes=\"auto, (max-width: 1539px) 100vw, 1539px\" \/><figcaption id=\"caption-attachment-51015\" class=\"wp-caption-text\">Pedro Gallardi,<\/figcaption><\/figure>\n<p>Teniendo presente, como si fuera hoy, una carrera ganada en el barrio de Talleres donde Far\u00edas y Crema los escoltaron. \u201cNos \u00edbamos a Salto y Pergamino en el tren de carga, arriba de los troncos, a correr para regresar cuando el carguero pegaba la vuelta para Buenos Aires, ped\u00edamos permiso y nos dejaban subir con las bicicletas\u201d recuerda quien lleg\u00f3 a correr en Cuarta y Quinta categor\u00eda, remarcando una Doble Tuyut\u00ed o las carreras en J\u00e1uregui o Luj\u00e1n.<\/p>\n<p>A ese pelot\u00f3n lo acompa\u00f1aba\u00a0 Juan Legarreta en su moto Norton 500, cumpl\u00eda la funci\u00f3n de auxilio, viajando equipado con tubos de repuesto, agua y sin interesarle que ten\u00eda que poner dinero de su bolsillo para el combustible o apoyar a los mismos corredores.<\/p>\n<p><strong>B\u00e1squet<\/strong><br \/>\nEn el patio de la 39 siempre a estado la cancha de b\u00e1squet, tanto para los equipos masculino como femeninos. Con tableros de madera, en un sitio que tambi\u00e9n ha sido testigo de innumerables bailes y reuniones. De esos equipos \u201cTalleristas\u201d se recuerda a Juan Lettieri, \u201cChacho\u201d Esteban, Aldo Marano, H\u00e9ctor y Oscar Uncal, Julio y Alfredo Rosa llegando a tomar parte Adolfo \u201cGur\u00ed\u201d Perazzo en la \u00e9poca de Jos\u00e9 Mar\u00eda Amado como DT. En los conjuntos de damas pasaron Martha Caram. Josefina Timosi, Hebe Comerio, Hebe Moza, Beba Mart\u00edn, Marta Fara, Elda Acu\u00f1a, Olga Mart\u00edn, DT: Mario Mochetti y Pedro L\u00f3pez Tornesse. Sobresaliendo un juego frente al Malvin (Montevideo Uruguay).<\/p>\n<p><strong>Atletismo<\/strong><br \/>\nDurante los a\u00f1os 1955, 56 y 57 el profesor Pedro Pasquinelli se suma con la afiliaci\u00f3n a la Federaci\u00f3n de Entidades Culturales Sociales y Deportivas Argentinas, presidida por Adolfo Ortiz, deportista y periodista de la \u00e9poca. Fue entonces que en Gimnasia y Esgrima de Buenos Aires Ezio Bia gan\u00f3 la serie, semi y final de 60 metros Infantiles teniendo como mejor registro 7\u201d 2.<br \/>\nLuciano Mengucci tambi\u00e9n fue campe\u00f3n jabalina Cadetes como R\u00faben Mendyk que result\u00f3 tercereo en bala Cadetes.<\/p>\n<p>En esos viajes a Buenos Aires, Am\u00e9rico Ju\u00e1rez fue subcampe\u00f3n Infantil de jabalina en 1956, Roberto Alday campe\u00f3n argentino Cadetes en salto en alto estableciendo 1 metro 71 cent\u00edmetros y Antolin Rodr\u00edguez se luci\u00f3 como campe\u00f3n Cadete en jabalina con 58 metros 53 cent\u00edmetros. Las damas en esos torneos fueron Norma Taqui, Olga Mart\u00edn, Delia Gesto, Anita Bigatti, Dora Garanzini y Ana Cusatti.<\/p>\n<p><strong>F\u00fatbol<\/strong><br \/>\nA poco de su fundaci\u00f3n se dan la afiliaci\u00f3n a la Liga Mercedina de F\u00fatbol en 1944, ese a\u00f1o jug\u00f3 7 partidos donde gan\u00f3 1, empat\u00f3 2 y perdi\u00f3 4. Fortaleci\u00f3 su campa\u00f1a en 1945 donde finaliz\u00f3 tercero producto de 4 triunfos, un empat\u00f3 y 3 traspi\u00e9s, todo en Primera divisi\u00f3n. Ausent\u00e1ndose de la competencia oficial para retornar en el 2019 con el equipo dirigido por Javier Debiase.<\/p>\n<p>El baby f\u00fatbol tuvo su explosi\u00f3n en el 1950, cuando Obdulio La Placa como DT form\u00f3 un equipo que gan\u00f3 el certamen organizado por Estudiantes jugando Obdulio Den\u00e1pole, Benjam\u00edn Ponce, \u201cCorocho\u201d Romero, Rolvider y Carlos Galindres, Rubito Garc\u00eda y Juan Burgos. En tiempos m\u00e1s cercanos, Talleres se afili\u00f3 a AMFI con una corta participaci\u00f3n en 1997 con categor\u00edas de cancha de 9 y Pre Sexta, impulsando esos equipos Ana Uncal y Jorge Palacios.<\/p>\n\r\n                <style type=\"text\/css\">\r\n                    \r\n                    #td_uid_1_69f1e3307a75d  .td-doubleSlider-2 .td-item1 {\r\n                        background: url(https:\/\/noticiasmercedinas.com\/site\/wp-content\/uploads\/2020\/08\/bochas1-1-160x120.jpg) 0 0 no-repeat;\r\n                    }\r\n                    #td_uid_1_69f1e3307a75d  .td-doubleSlider-2 .td-item2 {\r\n                        background: url(https:\/\/noticiasmercedinas.com\/site\/wp-content\/uploads\/2020\/08\/bochas2-160x120.jpg) 0 0 no-repeat;\r\n                    }\r\n                    #td_uid_1_69f1e3307a75d  .td-doubleSlider-2 .td-item3 {\r\n                        background: url(https:\/\/noticiasmercedinas.com\/site\/wp-content\/uploads\/2020\/08\/gallardi-1-160x120.jpg) 0 0 no-repeat;\r\n                    }\r\n                    #td_uid_1_69f1e3307a75d  .td-doubleSlider-2 .td-item4 {\r\n                        background: url(https:\/\/noticiasmercedinas.com\/site\/wp-content\/uploads\/2020\/08\/gallardi1-160x120.jpg) 0 0 no-repeat;\r\n                    }\r\n                    #td_uid_1_69f1e3307a75d  .td-doubleSlider-2 .td-item5 {\r\n                        background: url(https:\/\/noticiasmercedinas.com\/site\/wp-content\/uploads\/2020\/08\/gallardi-ferraro-arigoni-1-160x120.jpg) 0 0 no-repeat;\r\n                    }\r\n                    #td_uid_1_69f1e3307a75d  .td-doubleSlider-2 .td-item6 {\r\n                        background: url(https:\/\/noticiasmercedinas.com\/site\/wp-content\/uploads\/2020\/08\/gallardi-gioscio-fernadez-gianaschi-160x120.jpg) 0 0 no-repeat;\r\n                    }\r\n                    #td_uid_1_69f1e3307a75d  .td-doubleSlider-2 .td-item7 {\r\n                        background: url(https:\/\/noticiasmercedinas.com\/site\/wp-content\/uploads\/2020\/08\/IMG_0057-160x120.jpg) 0 0 no-repeat;\r\n                    }\r\n                    #td_uid_1_69f1e3307a75d  .td-doubleSlider-2 .td-item8 {\r\n                        background: url(https:\/\/noticiasmercedinas.com\/site\/wp-content\/uploads\/2020\/08\/lertora-1-160x120.jpg) 0 0 no-repeat;\r\n                    }\r\n                    #td_uid_1_69f1e3307a75d  .td-doubleSlider-2 .td-item9 {\r\n                        background: url(https:\/\/noticiasmercedinas.com\/site\/wp-content\/uploads\/2020\/08\/talleressede-1-160x120.png) 0 0 no-repeat;\r\n                    }\r\n                <\/style>\r\n\r\n                <div id=\"td_uid_1_69f1e3307a75d\" class=\"td-gallery td-slide-on-2-columns\">\r\n                    <div class=\"post_td_gallery\">\r\n                        <div class=\"td-gallery-slide-top\">\r\n                           <div class=\"td-gallery-title\">Talleres Payr\u00f3<\/div>\r\n\r\n                            <div class=\"td-gallery-controls-wrapper\">\r\n                                <div class=\"td-gallery-slide-count\"><span class=\"td-gallery-slide-item-focus\">1<\/span> de 9<\/div>\r\n                                <div class=\"td-gallery-slide-prev-next-but\">\r\n                                    <i class = \"td-icon-left doubleSliderPrevButton\"><\/i>\r\n                                    <i class = \"td-icon-right doubleSliderNextButton\"><\/i>\r\n                                <\/div>\r\n                            <\/div>\r\n                        <\/div>\r\n\r\n                        <div class = \"td-doubleSlider-1 \">\r\n                            <div class = \"td-slider\">\r\n                                \r\n                    <div class = \"td-slide-item td-item1\">\r\n                        <figure class=\"td-slide-galery-figure td-slide-popup-gallery\">\r\n                            <a class=\"slide-gallery-image-link\" href=\"https:\/\/noticiasmercedinas.com\/site\/wp-content\/uploads\/2020\/08\/bochas1-1.jpg\" title=\"bochas1\"  data-caption=\"Talleres\"  data-description=\"\">\r\n                                <img decoding=\"async\" src=\"https:\/\/noticiasmercedinas.com\/site\/wp-content\/uploads\/2020\/08\/bochas1-1.jpg\" srcset=\"https:\/\/noticiasmercedinas.com\/site\/wp-content\/uploads\/2020\/08\/bochas1-1.jpg 1024w, https:\/\/noticiasmercedinas.com\/site\/wp-content\/uploads\/2020\/08\/bochas1-1-300x225.jpg 300w, https:\/\/noticiasmercedinas.com\/site\/wp-content\/uploads\/2020\/08\/bochas1-1-768x576.jpg 768w, https:\/\/noticiasmercedinas.com\/site\/wp-content\/uploads\/2020\/08\/bochas1-1-80x60.jpg 80w, https:\/\/noticiasmercedinas.com\/site\/wp-content\/uploads\/2020\/08\/bochas1-1-160x120.jpg 160w, https:\/\/noticiasmercedinas.com\/site\/wp-content\/uploads\/2020\/08\/bochas1-1-100x75.jpg 100w, https:\/\/noticiasmercedinas.com\/site\/wp-content\/uploads\/2020\/08\/bochas1-1-200x150.jpg 200w, https:\/\/noticiasmercedinas.com\/site\/wp-content\/uploads\/2020\/08\/bochas1-1-180x135.jpg 180w, https:\/\/noticiasmercedinas.com\/site\/wp-content\/uploads\/2020\/08\/bochas1-1-360x270.jpg 360w, https:\/\/noticiasmercedinas.com\/site\/wp-content\/uploads\/2020\/08\/bochas1-1-238x178.jpg 238w, https:\/\/noticiasmercedinas.com\/site\/wp-content\/uploads\/2020\/08\/bochas1-1-476x356.jpg 476w, https:\/\/noticiasmercedinas.com\/site\/wp-content\/uploads\/2020\/08\/bochas1-1-1022x768.jpg 1022w, https:\/\/noticiasmercedinas.com\/site\/wp-content\/uploads\/2020\/08\/bochas1-1-640x480.jpg 640w, https:\/\/noticiasmercedinas.com\/site\/wp-content\/uploads\/2020\/08\/bochas1-1-681x511.jpg 681w\" sizes=\"(max-width: 1024px) 100vw, 1024px\" alt=\"\">\r\n                            <\/a>\r\n                            <figcaption class = \"td-slide-caption td-gallery-slide-content\"><div class = \"td-gallery-slide-copywrite\">Talleres<\/div><\/figcaption>\r\n                        <\/figure>\r\n                    <\/div>\r\n                    <div class = \"td-slide-item td-item2\">\r\n                        <figure class=\"td-slide-galery-figure td-slide-popup-gallery\">\r\n                            <a class=\"slide-gallery-image-link\" href=\"https:\/\/noticiasmercedinas.com\/site\/wp-content\/uploads\/2020\/08\/bochas2.jpg\" title=\"bochas2\"  data-caption=\"Cancha sint\u00e9tica\"  data-description=\"\">\r\n                                <img decoding=\"async\" src=\"https:\/\/noticiasmercedinas.com\/site\/wp-content\/uploads\/2020\/08\/bochas2.jpg\" srcset=\"https:\/\/noticiasmercedinas.com\/site\/wp-content\/uploads\/2020\/08\/bochas2.jpg 576w, https:\/\/noticiasmercedinas.com\/site\/wp-content\/uploads\/2020\/08\/bochas2-169x300.jpg 169w\" sizes=\"(max-width: 576px) 100vw, 576px\" alt=\"\">\r\n                            <\/a>\r\n                            <figcaption class = \"td-slide-caption td-gallery-slide-content\"><div class = \"td-gallery-slide-copywrite\">Cancha sint\u00e9tica<\/div><\/figcaption>\r\n                        <\/figure>\r\n                    <\/div>\r\n                    <div class = \"td-slide-item td-item3\">\r\n                        <figure class=\"td-slide-galery-figure td-slide-popup-gallery\">\r\n                            <a class=\"slide-gallery-image-link\" href=\"https:\/\/noticiasmercedinas.com\/site\/wp-content\/uploads\/2020\/08\/gallardi-1-scaled.jpg\" title=\"gallardi\"  data-caption=\"Gallardi\"  data-description=\"\">\r\n                                <img decoding=\"async\" src=\"https:\/\/noticiasmercedinas.com\/site\/wp-content\/uploads\/2020\/08\/gallardi-1-scaled.jpg\" srcset=\"https:\/\/noticiasmercedinas.com\/site\/wp-content\/uploads\/2020\/08\/gallardi-1-scaled.jpg 1539w, https:\/\/noticiasmercedinas.com\/site\/wp-content\/uploads\/2020\/08\/gallardi-1-180x300.jpg 180w, https:\/\/noticiasmercedinas.com\/site\/wp-content\/uploads\/2020\/08\/gallardi-1-616x1024.jpg 616w, https:\/\/noticiasmercedinas.com\/site\/wp-content\/uploads\/2020\/08\/gallardi-1-768x1278.jpg 768w, https:\/\/noticiasmercedinas.com\/site\/wp-content\/uploads\/2020\/08\/gallardi-1-923x1536.jpg 923w, https:\/\/noticiasmercedinas.com\/site\/wp-content\/uploads\/2020\/08\/gallardi-1-1231x2048.jpg 1231w, https:\/\/noticiasmercedinas.com\/site\/wp-content\/uploads\/2020\/08\/gallardi-1-640x1065.jpg 640w, https:\/\/noticiasmercedinas.com\/site\/wp-content\/uploads\/2020\/08\/gallardi-1-1280x2129.jpg 1280w, https:\/\/noticiasmercedinas.com\/site\/wp-content\/uploads\/2020\/08\/gallardi-1-681x1133.jpg 681w, https:\/\/noticiasmercedinas.com\/site\/wp-content\/uploads\/2020\/08\/gallardi-1-1362x2266.jpg 1362w\" sizes=\"(max-width: 1539px) 100vw, 1539px\" alt=\"\">\r\n                            <\/a>\r\n                            <figcaption class = \"td-slide-caption td-gallery-slide-content\"><div class = \"td-gallery-slide-copywrite\">Gallardi<\/div><\/figcaption>\r\n                        <\/figure>\r\n                    <\/div>\r\n                    <div class = \"td-slide-item td-item4\">\r\n                        <figure class=\"td-slide-galery-figure td-slide-popup-gallery\">\r\n                            <a class=\"slide-gallery-image-link\" href=\"https:\/\/noticiasmercedinas.com\/site\/wp-content\/uploads\/2020\/08\/gallardi1.jpg\" title=\"gallardi1\"  data-caption=\"Gallardi\"  data-description=\"\">\r\n                                <img decoding=\"async\" src=\"https:\/\/noticiasmercedinas.com\/site\/wp-content\/uploads\/2020\/08\/gallardi1.jpg\" srcset=\"https:\/\/noticiasmercedinas.com\/site\/wp-content\/uploads\/2020\/08\/gallardi1.jpg 780w, https:\/\/noticiasmercedinas.com\/site\/wp-content\/uploads\/2020\/08\/gallardi1-225x300.jpg 225w, https:\/\/noticiasmercedinas.com\/site\/wp-content\/uploads\/2020\/08\/gallardi1-768x1024.jpg 768w, https:\/\/noticiasmercedinas.com\/site\/wp-content\/uploads\/2020\/08\/gallardi1-640x853.jpg 640w, https:\/\/noticiasmercedinas.com\/site\/wp-content\/uploads\/2020\/08\/gallardi1-681x908.jpg 681w\" sizes=\"(max-width: 780px) 100vw, 780px\" alt=\"\">\r\n                            <\/a>\r\n                            <figcaption class = \"td-slide-caption td-gallery-slide-content\"><div class = \"td-gallery-slide-copywrite\">Gallardi<\/div><\/figcaption>\r\n                        <\/figure>\r\n                    <\/div>\r\n                    <div class = \"td-slide-item td-item5\">\r\n                        <figure class=\"td-slide-galery-figure td-slide-popup-gallery\">\r\n                            <a class=\"slide-gallery-image-link\" href=\"https:\/\/noticiasmercedinas.com\/site\/wp-content\/uploads\/2020\/08\/gallardi-ferraro-arigoni-1-scaled.jpg\" title=\"gallardi-ferraro-arigoni\"  data-caption=\"Gallardi, Ferraro y Arigoni\"  data-description=\"\">\r\n                                <img decoding=\"async\" src=\"https:\/\/noticiasmercedinas.com\/site\/wp-content\/uploads\/2020\/08\/gallardi-ferraro-arigoni-1-scaled.jpg\" srcset=\"https:\/\/noticiasmercedinas.com\/site\/wp-content\/uploads\/2020\/08\/gallardi-ferraro-arigoni-1-scaled.jpg 2560w, https:\/\/noticiasmercedinas.com\/site\/wp-content\/uploads\/2020\/08\/gallardi-ferraro-arigoni-1-300x160.jpg 300w, https:\/\/noticiasmercedinas.com\/site\/wp-content\/uploads\/2020\/08\/gallardi-ferraro-arigoni-1-1024x542.jpg 1024w, https:\/\/noticiasmercedinas.com\/site\/wp-content\/uploads\/2020\/08\/gallardi-ferraro-arigoni-1-768x406.jpg 768w, https:\/\/noticiasmercedinas.com\/site\/wp-content\/uploads\/2020\/08\/gallardi-ferraro-arigoni-1-1536x812.jpg 1536w, https:\/\/noticiasmercedinas.com\/site\/wp-content\/uploads\/2020\/08\/gallardi-ferraro-arigoni-1-2048x1083.jpg 2048w, https:\/\/noticiasmercedinas.com\/site\/wp-content\/uploads\/2020\/08\/gallardi-ferraro-arigoni-1-640x338.jpg 640w, https:\/\/noticiasmercedinas.com\/site\/wp-content\/uploads\/2020\/08\/gallardi-ferraro-arigoni-1-1280x677.jpg 1280w, https:\/\/noticiasmercedinas.com\/site\/wp-content\/uploads\/2020\/08\/gallardi-ferraro-arigoni-1-681x360.jpg 681w, https:\/\/noticiasmercedinas.com\/site\/wp-content\/uploads\/2020\/08\/gallardi-ferraro-arigoni-1-1362x720.jpg 1362w\" sizes=\"(max-width: 2560px) 100vw, 2560px\" alt=\"\">\r\n                            <\/a>\r\n                            <figcaption class = \"td-slide-caption td-gallery-slide-content\"><div class = \"td-gallery-slide-copywrite\">Gallardi, Ferraro y Arigoni<\/div><\/figcaption>\r\n                        <\/figure>\r\n                    <\/div>\r\n                    <div class = \"td-slide-item td-item6\">\r\n                        <figure class=\"td-slide-galery-figure td-slide-popup-gallery\">\r\n                            <a class=\"slide-gallery-image-link\" href=\"https:\/\/noticiasmercedinas.com\/site\/wp-content\/uploads\/2020\/08\/gallardi-gioscio-fernadez-gianaschi-scaled.jpg\" title=\"gallardi-gioscio-fernadez-gianaschi\"  data-caption=\"Gallardi, Gioscio, Fern\u00e1ndez y Gianaschi.\"  data-description=\"\">\r\n                                <img decoding=\"async\" src=\"https:\/\/noticiasmercedinas.com\/site\/wp-content\/uploads\/2020\/08\/gallardi-gioscio-fernadez-gianaschi-scaled.jpg\" srcset=\"https:\/\/noticiasmercedinas.com\/site\/wp-content\/uploads\/2020\/08\/gallardi-gioscio-fernadez-gianaschi-scaled.jpg 2560w, https:\/\/noticiasmercedinas.com\/site\/wp-content\/uploads\/2020\/08\/gallardi-gioscio-fernadez-gianaschi-300x153.jpg 300w, https:\/\/noticiasmercedinas.com\/site\/wp-content\/uploads\/2020\/08\/gallardi-gioscio-fernadez-gianaschi-1024x524.jpg 1024w, https:\/\/noticiasmercedinas.com\/site\/wp-content\/uploads\/2020\/08\/gallardi-gioscio-fernadez-gianaschi-768x393.jpg 768w, https:\/\/noticiasmercedinas.com\/site\/wp-content\/uploads\/2020\/08\/gallardi-gioscio-fernadez-gianaschi-1536x786.jpg 1536w, https:\/\/noticiasmercedinas.com\/site\/wp-content\/uploads\/2020\/08\/gallardi-gioscio-fernadez-gianaschi-2048x1048.jpg 2048w, https:\/\/noticiasmercedinas.com\/site\/wp-content\/uploads\/2020\/08\/gallardi-gioscio-fernadez-gianaschi-640x327.jpg 640w, https:\/\/noticiasmercedinas.com\/site\/wp-content\/uploads\/2020\/08\/gallardi-gioscio-fernadez-gianaschi-1280x655.jpg 1280w, https:\/\/noticiasmercedinas.com\/site\/wp-content\/uploads\/2020\/08\/gallardi-gioscio-fernadez-gianaschi-681x348.jpg 681w, https:\/\/noticiasmercedinas.com\/site\/wp-content\/uploads\/2020\/08\/gallardi-gioscio-fernadez-gianaschi-1362x697.jpg 1362w\" sizes=\"(max-width: 2560px) 100vw, 2560px\" alt=\"\">\r\n                            <\/a>\r\n                            <figcaption class = \"td-slide-caption td-gallery-slide-content\"><div class = \"td-gallery-slide-copywrite\">Gallardi, Gioscio, Fern\u00e1ndez y Gianaschi.<\/div><\/figcaption>\r\n                        <\/figure>\r\n                    <\/div>\r\n                    <div class = \"td-slide-item td-item7\">\r\n                        <figure class=\"td-slide-galery-figure td-slide-popup-gallery\">\r\n                            <a class=\"slide-gallery-image-link\" href=\"https:\/\/noticiasmercedinas.com\/site\/wp-content\/uploads\/2020\/08\/IMG_0057-scaled.jpg\" title=\"IMG_0057\"  data-caption=\"Nicodemos, Garc\u00eda y Rosello\"  data-description=\"\">\r\n                                <img decoding=\"async\" src=\"https:\/\/noticiasmercedinas.com\/site\/wp-content\/uploads\/2020\/08\/IMG_0057-scaled.jpg\" srcset=\"https:\/\/noticiasmercedinas.com\/site\/wp-content\/uploads\/2020\/08\/IMG_0057-scaled.jpg 2560w, https:\/\/noticiasmercedinas.com\/site\/wp-content\/uploads\/2020\/08\/IMG_0057-300x200.jpg 300w, https:\/\/noticiasmercedinas.com\/site\/wp-content\/uploads\/2020\/08\/IMG_0057-1024x683.jpg 1024w, https:\/\/noticiasmercedinas.com\/site\/wp-content\/uploads\/2020\/08\/IMG_0057-768x512.jpg 768w, https:\/\/noticiasmercedinas.com\/site\/wp-content\/uploads\/2020\/08\/IMG_0057-1536x1024.jpg 1536w, https:\/\/noticiasmercedinas.com\/site\/wp-content\/uploads\/2020\/08\/IMG_0057-2048x1365.jpg 2048w, https:\/\/noticiasmercedinas.com\/site\/wp-content\/uploads\/2020\/08\/IMG_0057-640x427.jpg 640w, https:\/\/noticiasmercedinas.com\/site\/wp-content\/uploads\/2020\/08\/IMG_0057-1280x853.jpg 1280w, https:\/\/noticiasmercedinas.com\/site\/wp-content\/uploads\/2020\/08\/IMG_0057-681x454.jpg 681w, https:\/\/noticiasmercedinas.com\/site\/wp-content\/uploads\/2020\/08\/IMG_0057-1362x908.jpg 1362w\" sizes=\"(max-width: 2560px) 100vw, 2560px\" alt=\"\">\r\n                            <\/a>\r\n                            <figcaption class = \"td-slide-caption td-gallery-slide-content\"><div class = \"td-gallery-slide-copywrite\">Nicodemos, Garc\u00eda y Rosello<\/div><\/figcaption>\r\n                        <\/figure>\r\n                    <\/div>\r\n                    <div class = \"td-slide-item td-item8\">\r\n                        <figure class=\"td-slide-galery-figure td-slide-popup-gallery\">\r\n                            <a class=\"slide-gallery-image-link\" href=\"https:\/\/noticiasmercedinas.com\/site\/wp-content\/uploads\/2020\/08\/lertora-1.jpg\" title=\"lertora\"  data-caption=\"L\u00e9rtora\"  data-description=\"\">\r\n                                <img decoding=\"async\" src=\"https:\/\/noticiasmercedinas.com\/site\/wp-content\/uploads\/2020\/08\/lertora-1.jpg\" srcset=\"https:\/\/noticiasmercedinas.com\/site\/wp-content\/uploads\/2020\/08\/lertora-1.jpg 472w, https:\/\/noticiasmercedinas.com\/site\/wp-content\/uploads\/2020\/08\/lertora-1-179x300.jpg 179w\" sizes=\"(max-width: 472px) 100vw, 472px\" alt=\"\">\r\n                            <\/a>\r\n                            <figcaption class = \"td-slide-caption td-gallery-slide-content\"><div class = \"td-gallery-slide-copywrite\">L\u00e9rtora<\/div><\/figcaption>\r\n                        <\/figure>\r\n                    <\/div>\r\n                    <div class = \"td-slide-item td-item9\">\r\n                        <figure class=\"td-slide-galery-figure td-slide-popup-gallery\">\r\n                            <a class=\"slide-gallery-image-link\" href=\"https:\/\/noticiasmercedinas.com\/site\/wp-content\/uploads\/2020\/08\/talleressede-1.png\" title=\"talleressede\"  data-caption=\"Sede calle v39\"  data-description=\"\">\r\n                                <img decoding=\"async\" src=\"https:\/\/noticiasmercedinas.com\/site\/wp-content\/uploads\/2020\/08\/talleressede-1.png\" srcset=\"https:\/\/noticiasmercedinas.com\/site\/wp-content\/uploads\/2020\/08\/talleressede-1.png 730w, https:\/\/noticiasmercedinas.com\/site\/wp-content\/uploads\/2020\/08\/talleressede-1-300x165.png 300w, https:\/\/noticiasmercedinas.com\/site\/wp-content\/uploads\/2020\/08\/talleressede-1-640x352.png 640w, https:\/\/noticiasmercedinas.com\/site\/wp-content\/uploads\/2020\/08\/talleressede-1-681x375.png 681w\" sizes=\"(max-width: 730px) 100vw, 730px\" alt=\"\">\r\n                            <\/a>\r\n                            <figcaption class = \"td-slide-caption td-gallery-slide-content\"><div class = \"td-gallery-slide-copywrite\">Sede calle v39<\/div><\/figcaption>\r\n                        <\/figure>\r\n                    <\/div>\r\n                            <\/div>\r\n                        <\/div>\r\n\r\n                        <div class = \"td-doubleSlider-2\">\r\n                            <div class = \"td-slider\">\r\n                                \r\n                    <div class = \"td-button td-item1\">\r\n                        <div class = \"td-border\"><\/div>\r\n                    <\/div>\r\n                    <div class = \"td-button td-item2\">\r\n                        <div class = \"td-border\"><\/div>\r\n                    <\/div>\r\n                    <div class = \"td-button td-item3\">\r\n                        <div class = \"td-border\"><\/div>\r\n                    <\/div>\r\n                    <div class = \"td-button td-item4\">\r\n                        <div class = \"td-border\"><\/div>\r\n                    <\/div>\r\n                    <div class = \"td-button td-item5\">\r\n                        <div class = \"td-border\"><\/div>\r\n                    <\/div>\r\n                    <div class = \"td-button td-item6\">\r\n                        <div class = \"td-border\"><\/div>\r\n                    <\/div>\r\n                    <div class = \"td-button td-item7\">\r\n                        <div class = \"td-border\"><\/div>\r\n                    <\/div>\r\n                    <div class = \"td-button td-item8\">\r\n                        <div class = \"td-border\"><\/div>\r\n                    <\/div>\r\n                    <div class = \"td-button td-item9\">\r\n                        <div class = \"td-border\"><\/div>\r\n                    <\/div>\r\n                            <\/div>\r\n                        <\/div>\r\n\r\n                    <\/div>\r\n\r\n                <\/div>\r\n                \n","protected":false},"excerpt":{"rendered":"<p>\u25a0 El club de la calle 39 que naci\u00f3 en la Casa del Pueblo y estuvo alguno a\u00f1os en la 18 cumple hoy 80 a\u00f1os. Tuvo \u00e9pocas repletas de deportes y entre ellos se mantienen las bochas. En la Liga registra escasas temporadas<\/p>\n","protected":false},"author":6,"featured_media":51012,"comment_status":"open","ping_status":"open","sticky":false,"template":"","format":"standard","meta":{"footnotes":""},"categories":[5],"tags":[471,9972],"class_list":["post-51011","post","type-post","status-publish","format-standard","has-post-thumbnail","hentry","category-deportes","tag-aniversario","tag-talleres-payro"],"yoast_head":"<!-- This site is optimized with the Yoast SEO plugin v27.4 - https:\/\/yoast.com\/product\/yoast-seo-wordpress\/ -->\n<title>Todas las \u00e9pocas de Talleres Payr\u00f3<\/title>\n<meta name=\"robots\" content=\"index, follow, max-snippet:-1, max-image-preview:large, max-video-preview:-1\" \/>\n<link rel=\"canonical\" href=\"https:\/\/noticiasmercedinas.com\/site\/2020\/08\/15\/todas-las-epocas-de-talleres-payro\/\" \/>\n<meta property=\"og:locale\" content=\"es_ES\" \/>\n<meta property=\"og:type\" content=\"article\" \/>\n<meta property=\"og:title\" content=\"Todas las \u00e9pocas de Talleres Payr\u00f3\" \/>\n<meta property=\"og:description\" content=\"\u25a0 El club de la calle 39 que naci\u00f3 en la Casa del Pueblo y estuvo alguno a\u00f1os en la 18 cumple hoy 80 a\u00f1os. Tuvo \u00e9pocas repletas de deportes y entre ellos se mantienen las bochas. En la Liga registra escasas temporadas\" \/>\n<meta property=\"og:url\" content=\"https:\/\/noticiasmercedinas.com\/site\/2020\/08\/15\/todas-las-epocas-de-talleres-payro\/\" \/>\n<meta property=\"og:site_name\" content=\"NOTICIASMERCEDINAS.COM\" \/>\n<meta property=\"article:publisher\" content=\"https:\/\/www.facebook.com\/noticiasmercedinas\/\" \/>\n<meta property=\"article:published_time\" content=\"2020-08-15T11:32:21+00:00\" \/>\n<meta property=\"og:image\" content=\"https:\/\/noticiasmercedinas.com\/site\/wp-content\/uploads\/2020\/08\/bochas1.jpg\" \/>\n\t<meta property=\"og:image:width\" content=\"1024\" \/>\n\t<meta property=\"og:image:height\" content=\"768\" \/>\n\t<meta property=\"og:image:type\" content=\"image\/jpeg\" \/>\n<meta name=\"author\" content=\"Juan Dagnino NOTICIASMERCEDINAS.COM\" \/>\n<meta name=\"twitter:card\" content=\"summary_large_image\" \/>\n<meta name=\"twitter:creator\" content=\"@notmercedinas\" \/>\n<meta name=\"twitter:site\" content=\"@notmercedinas\" \/>\n<meta name=\"twitter:label1\" content=\"Escrito por\" \/>\n\t<meta name=\"twitter:data1\" content=\"Juan Dagnino NOTICIASMERCEDINAS.COM\" \/>\n\t<meta name=\"twitter:label2\" content=\"Tiempo de lectura\" \/>\n\t<meta name=\"twitter:data2\" content=\"6 minutos\" \/>\n<script type=\"application\/ld+json\" class=\"yoast-schema-graph\">{\"@context\":\"https:\\\/\\\/schema.org\",\"@graph\":[{\"@type\":\"Article\",\"@id\":\"https:\\\/\\\/noticiasmercedinas.com\\\/site\\\/2020\\\/08\\\/15\\\/todas-las-epocas-de-talleres-payro\\\/#article\",\"isPartOf\":{\"@id\":\"https:\\\/\\\/noticiasmercedinas.com\\\/site\\\/2020\\\/08\\\/15\\\/todas-las-epocas-de-talleres-payro\\\/\"},\"author\":{\"name\":\"Juan Dagnino NOTICIASMERCEDINAS.COM\",\"@id\":\"https:\\\/\\\/noticiasmercedinas.com\\\/site\\\/#\\\/schema\\\/person\\\/8f2f09d666ef40986eba4a5e6f2a06f9\"},\"headline\":\"Todas las \u00e9pocas de Talleres Payr\u00f3\",\"datePublished\":\"2020-08-15T11:32:21+00:00\",\"mainEntityOfPage\":{\"@id\":\"https:\\\/\\\/noticiasmercedinas.com\\\/site\\\/2020\\\/08\\\/15\\\/todas-las-epocas-de-talleres-payro\\\/\"},\"wordCount\":1193,\"commentCount\":0,\"publisher\":{\"@id\":\"https:\\\/\\\/noticiasmercedinas.com\\\/site\\\/#organization\"},\"image\":{\"@id\":\"https:\\\/\\\/noticiasmercedinas.com\\\/site\\\/2020\\\/08\\\/15\\\/todas-las-epocas-de-talleres-payro\\\/#primaryimage\"},\"thumbnailUrl\":\"https:\\\/\\\/noticiasmercedinas.com\\\/site\\\/wp-content\\\/uploads\\\/2020\\\/08\\\/bochas1.jpg\",\"keywords\":[\"aniversario\",\"talleres payr\u00f3\"],\"articleSection\":[\"Deportes\"],\"inLanguage\":\"es\",\"potentialAction\":[{\"@type\":\"CommentAction\",\"name\":\"Comment\",\"target\":[\"https:\\\/\\\/noticiasmercedinas.com\\\/site\\\/2020\\\/08\\\/15\\\/todas-las-epocas-de-talleres-payro\\\/#respond\"]}]},{\"@type\":\"WebPage\",\"@id\":\"https:\\\/\\\/noticiasmercedinas.com\\\/site\\\/2020\\\/08\\\/15\\\/todas-las-epocas-de-talleres-payro\\\/\",\"url\":\"https:\\\/\\\/noticiasmercedinas.com\\\/site\\\/2020\\\/08\\\/15\\\/todas-las-epocas-de-talleres-payro\\\/\",\"name\":\"Todas las \u00e9pocas de Talleres Payr\u00f3\",\"isPartOf\":{\"@id\":\"https:\\\/\\\/noticiasmercedinas.com\\\/site\\\/#website\"},\"primaryImageOfPage\":{\"@id\":\"https:\\\/\\\/noticiasmercedinas.com\\\/site\\\/2020\\\/08\\\/15\\\/todas-las-epocas-de-talleres-payro\\\/#primaryimage\"},\"image\":{\"@id\":\"https:\\\/\\\/noticiasmercedinas.com\\\/site\\\/2020\\\/08\\\/15\\\/todas-las-epocas-de-talleres-payro\\\/#primaryimage\"},\"thumbnailUrl\":\"https:\\\/\\\/noticiasmercedinas.com\\\/site\\\/wp-content\\\/uploads\\\/2020\\\/08\\\/bochas1.jpg\",\"datePublished\":\"2020-08-15T11:32:21+00:00\",\"breadcrumb\":{\"@id\":\"https:\\\/\\\/noticiasmercedinas.com\\\/site\\\/2020\\\/08\\\/15\\\/todas-las-epocas-de-talleres-payro\\\/#breadcrumb\"},\"inLanguage\":\"es\",\"potentialAction\":[{\"@type\":\"ReadAction\",\"target\":[\"https:\\\/\\\/noticiasmercedinas.com\\\/site\\\/2020\\\/08\\\/15\\\/todas-las-epocas-de-talleres-payro\\\/\"]}]},{\"@type\":\"ImageObject\",\"inLanguage\":\"es\",\"@id\":\"https:\\\/\\\/noticiasmercedinas.com\\\/site\\\/2020\\\/08\\\/15\\\/todas-las-epocas-de-talleres-payro\\\/#primaryimage\",\"url\":\"https:\\\/\\\/noticiasmercedinas.com\\\/site\\\/wp-content\\\/uploads\\\/2020\\\/08\\\/bochas1.jpg\",\"contentUrl\":\"https:\\\/\\\/noticiasmercedinas.com\\\/site\\\/wp-content\\\/uploads\\\/2020\\\/08\\\/bochas1.jpg\",\"width\":1024,\"height\":768},{\"@type\":\"BreadcrumbList\",\"@id\":\"https:\\\/\\\/noticiasmercedinas.com\\\/site\\\/2020\\\/08\\\/15\\\/todas-las-epocas-de-talleres-payro\\\/#breadcrumb\",\"itemListElement\":[{\"@type\":\"ListItem\",\"position\":1,\"name\":\"Portada\",\"item\":\"https:\\\/\\\/noticiasmercedinas.com\\\/site\\\/\"},{\"@type\":\"ListItem\",\"position\":2,\"name\":\"Todas las \u00e9pocas de Talleres Payr\u00f3\"}]},{\"@type\":\"WebSite\",\"@id\":\"https:\\\/\\\/noticiasmercedinas.com\\\/site\\\/#website\",\"url\":\"https:\\\/\\\/noticiasmercedinas.com\\\/site\\\/\",\"name\":\"NOTICIASMERCEDINAS.COM\",\"description\":\"Mercedes, Buenos Aires, Argentina\",\"publisher\":{\"@id\":\"https:\\\/\\\/noticiasmercedinas.com\\\/site\\\/#organization\"},\"potentialAction\":[{\"@type\":\"SearchAction\",\"target\":{\"@type\":\"EntryPoint\",\"urlTemplate\":\"https:\\\/\\\/noticiasmercedinas.com\\\/site\\\/?s={search_term_string}\"},\"query-input\":{\"@type\":\"PropertyValueSpecification\",\"valueRequired\":true,\"valueName\":\"search_term_string\"}}],\"inLanguage\":\"es\"},{\"@type\":\"Organization\",\"@id\":\"https:\\\/\\\/noticiasmercedinas.com\\\/site\\\/#organization\",\"name\":\"NOTICIASMERCEDINAS.COM\",\"url\":\"https:\\\/\\\/noticiasmercedinas.com\\\/site\\\/\",\"logo\":{\"@type\":\"ImageObject\",\"inLanguage\":\"es\",\"@id\":\"https:\\\/\\\/noticiasmercedinas.com\\\/site\\\/#\\\/schema\\\/logo\\\/image\\\/\",\"url\":\"https:\\\/\\\/noticiasmercedinas.com\\\/site\\\/wp-content\\\/uploads\\\/2020\\\/06\\\/LOGO-512.jpg\",\"contentUrl\":\"https:\\\/\\\/noticiasmercedinas.com\\\/site\\\/wp-content\\\/uploads\\\/2020\\\/06\\\/LOGO-512.jpg\",\"width\":512,\"height\":512,\"caption\":\"NOTICIASMERCEDINAS.COM\"},\"image\":{\"@id\":\"https:\\\/\\\/noticiasmercedinas.com\\\/site\\\/#\\\/schema\\\/logo\\\/image\\\/\"},\"sameAs\":[\"https:\\\/\\\/www.facebook.com\\\/noticiasmercedinas\\\/\",\"https:\\\/\\\/x.com\\\/notmercedinas\",\"https:\\\/\\\/www.instagram.com\\\/noticiasmercedinas\\\/\"]},{\"@type\":\"Person\",\"@id\":\"https:\\\/\\\/noticiasmercedinas.com\\\/site\\\/#\\\/schema\\\/person\\\/8f2f09d666ef40986eba4a5e6f2a06f9\",\"name\":\"Juan Dagnino NOTICIASMERCEDINAS.COM\",\"image\":{\"@type\":\"ImageObject\",\"inLanguage\":\"es\",\"@id\":\"https:\\\/\\\/secure.gravatar.com\\\/avatar\\\/fc7059a769f5a3cae65fadb228a3e4accf3a64b4b2305020d0a27e6d5333c91b?s=96&d=mm&r=g\",\"url\":\"https:\\\/\\\/secure.gravatar.com\\\/avatar\\\/fc7059a769f5a3cae65fadb228a3e4accf3a64b4b2305020d0a27e6d5333c91b?s=96&d=mm&r=g\",\"contentUrl\":\"https:\\\/\\\/secure.gravatar.com\\\/avatar\\\/fc7059a769f5a3cae65fadb228a3e4accf3a64b4b2305020d0a27e6d5333c91b?s=96&d=mm&r=g\",\"caption\":\"Juan Dagnino NOTICIASMERCEDINAS.COM\"},\"url\":\"https:\\\/\\\/noticiasmercedinas.com\\\/site\\\/author\\\/juandagnino\\\/\"}]}<\/script>\n<!-- \/ Yoast SEO plugin. -->","yoast_head_json":{"title":"Todas las \u00e9pocas de Talleres Payr\u00f3","robots":{"index":"index","follow":"follow","max-snippet":"max-snippet:-1","max-image-preview":"max-image-preview:large","max-video-preview":"max-video-preview:-1"},"canonical":"https:\/\/noticiasmercedinas.com\/site\/2020\/08\/15\/todas-las-epocas-de-talleres-payro\/","og_locale":"es_ES","og_type":"article","og_title":"Todas las \u00e9pocas de Talleres Payr\u00f3","og_description":"\u25a0 El club de la calle 39 que naci\u00f3 en la Casa del Pueblo y estuvo alguno a\u00f1os en la 18 cumple hoy 80 a\u00f1os. Tuvo \u00e9pocas repletas de deportes y entre ellos se mantienen las bochas. En la Liga registra escasas temporadas","og_url":"https:\/\/noticiasmercedinas.com\/site\/2020\/08\/15\/todas-las-epocas-de-talleres-payro\/","og_site_name":"NOTICIASMERCEDINAS.COM","article_publisher":"https:\/\/www.facebook.com\/noticiasmercedinas\/","article_published_time":"2020-08-15T11:32:21+00:00","og_image":[{"width":1024,"height":768,"url":"https:\/\/noticiasmercedinas.com\/site\/wp-content\/uploads\/2020\/08\/bochas1.jpg","type":"image\/jpeg"}],"author":"Juan Dagnino NOTICIASMERCEDINAS.COM","twitter_card":"summary_large_image","twitter_creator":"@notmercedinas","twitter_site":"@notmercedinas","twitter_misc":{"Escrito por":"Juan Dagnino NOTICIASMERCEDINAS.COM","Tiempo de lectura":"6 minutos"},"schema":{"@context":"https:\/\/schema.org","@graph":[{"@type":"Article","@id":"https:\/\/noticiasmercedinas.com\/site\/2020\/08\/15\/todas-las-epocas-de-talleres-payro\/#article","isPartOf":{"@id":"https:\/\/noticiasmercedinas.com\/site\/2020\/08\/15\/todas-las-epocas-de-talleres-payro\/"},"author":{"name":"Juan Dagnino NOTICIASMERCEDINAS.COM","@id":"https:\/\/noticiasmercedinas.com\/site\/#\/schema\/person\/8f2f09d666ef40986eba4a5e6f2a06f9"},"headline":"Todas las \u00e9pocas de Talleres Payr\u00f3","datePublished":"2020-08-15T11:32:21+00:00","mainEntityOfPage":{"@id":"https:\/\/noticiasmercedinas.com\/site\/2020\/08\/15\/todas-las-epocas-de-talleres-payro\/"},"wordCount":1193,"commentCount":0,"publisher":{"@id":"https:\/\/noticiasmercedinas.com\/site\/#organization"},"image":{"@id":"https:\/\/noticiasmercedinas.com\/site\/2020\/08\/15\/todas-las-epocas-de-talleres-payro\/#primaryimage"},"thumbnailUrl":"https:\/\/noticiasmercedinas.com\/site\/wp-content\/uploads\/2020\/08\/bochas1.jpg","keywords":["aniversario","talleres payr\u00f3"],"articleSection":["Deportes"],"inLanguage":"es","potentialAction":[{"@type":"CommentAction","name":"Comment","target":["https:\/\/noticiasmercedinas.com\/site\/2020\/08\/15\/todas-las-epocas-de-talleres-payro\/#respond"]}]},{"@type":"WebPage","@id":"https:\/\/noticiasmercedinas.com\/site\/2020\/08\/15\/todas-las-epocas-de-talleres-payro\/","url":"https:\/\/noticiasmercedinas.com\/site\/2020\/08\/15\/todas-las-epocas-de-talleres-payro\/","name":"Todas las \u00e9pocas de Talleres Payr\u00f3","isPartOf":{"@id":"https:\/\/noticiasmercedinas.com\/site\/#website"},"primaryImageOfPage":{"@id":"https:\/\/noticiasmercedinas.com\/site\/2020\/08\/15\/todas-las-epocas-de-talleres-payro\/#primaryimage"},"image":{"@id":"https:\/\/noticiasmercedinas.com\/site\/2020\/08\/15\/todas-las-epocas-de-talleres-payro\/#primaryimage"},"thumbnailUrl":"https:\/\/noticiasmercedinas.com\/site\/wp-content\/uploads\/2020\/08\/bochas1.jpg","datePublished":"2020-08-15T11:32:21+00:00","breadcrumb":{"@id":"https:\/\/noticiasmercedinas.com\/site\/2020\/08\/15\/todas-las-epocas-de-talleres-payro\/#breadcrumb"},"inLanguage":"es","potentialAction":[{"@type":"ReadAction","target":["https:\/\/noticiasmercedinas.com\/site\/2020\/08\/15\/todas-las-epocas-de-talleres-payro\/"]}]},{"@type":"ImageObject","inLanguage":"es","@id":"https:\/\/noticiasmercedinas.com\/site\/2020\/08\/15\/todas-las-epocas-de-talleres-payro\/#primaryimage","url":"https:\/\/noticiasmercedinas.com\/site\/wp-content\/uploads\/2020\/08\/bochas1.jpg","contentUrl":"https:\/\/noticiasmercedinas.com\/site\/wp-content\/uploads\/2020\/08\/bochas1.jpg","width":1024,"height":768},{"@type":"BreadcrumbList","@id":"https:\/\/noticiasmercedinas.com\/site\/2020\/08\/15\/todas-las-epocas-de-talleres-payro\/#breadcrumb","itemListElement":[{"@type":"ListItem","position":1,"name":"Portada","item":"https:\/\/noticiasmercedinas.com\/site\/"},{"@type":"ListItem","position":2,"name":"Todas las \u00e9pocas de Talleres Payr\u00f3"}]},{"@type":"WebSite","@id":"https:\/\/noticiasmercedinas.com\/site\/#website","url":"https:\/\/noticiasmercedinas.com\/site\/","name":"NOTICIASMERCEDINAS.COM","description":"Mercedes, Buenos Aires, Argentina","publisher":{"@id":"https:\/\/noticiasmercedinas.com\/site\/#organization"},"potentialAction":[{"@type":"SearchAction","target":{"@type":"EntryPoint","urlTemplate":"https:\/\/noticiasmercedinas.com\/site\/?s={search_term_string}"},"query-input":{"@type":"PropertyValueSpecification","valueRequired":true,"valueName":"search_term_string"}}],"inLanguage":"es"},{"@type":"Organization","@id":"https:\/\/noticiasmercedinas.com\/site\/#organization","name":"NOTICIASMERCEDINAS.COM","url":"https:\/\/noticiasmercedinas.com\/site\/","logo":{"@type":"ImageObject","inLanguage":"es","@id":"https:\/\/noticiasmercedinas.com\/site\/#\/schema\/logo\/image\/","url":"https:\/\/noticiasmercedinas.com\/site\/wp-content\/uploads\/2020\/06\/LOGO-512.jpg","contentUrl":"https:\/\/noticiasmercedinas.com\/site\/wp-content\/uploads\/2020\/06\/LOGO-512.jpg","width":512,"height":512,"caption":"NOTICIASMERCEDINAS.COM"},"image":{"@id":"https:\/\/noticiasmercedinas.com\/site\/#\/schema\/logo\/image\/"},"sameAs":["https:\/\/www.facebook.com\/noticiasmercedinas\/","https:\/\/x.com\/notmercedinas","https:\/\/www.instagram.com\/noticiasmercedinas\/"]},{"@type":"Person","@id":"https:\/\/noticiasmercedinas.com\/site\/#\/schema\/person\/8f2f09d666ef40986eba4a5e6f2a06f9","name":"Juan Dagnino NOTICIASMERCEDINAS.COM","image":{"@type":"ImageObject","inLanguage":"es","@id":"https:\/\/secure.gravatar.com\/avatar\/fc7059a769f5a3cae65fadb228a3e4accf3a64b4b2305020d0a27e6d5333c91b?s=96&d=mm&r=g","url":"https:\/\/secure.gravatar.com\/avatar\/fc7059a769f5a3cae65fadb228a3e4accf3a64b4b2305020d0a27e6d5333c91b?s=96&d=mm&r=g","contentUrl":"https:\/\/secure.gravatar.com\/avatar\/fc7059a769f5a3cae65fadb228a3e4accf3a64b4b2305020d0a27e6d5333c91b?s=96&d=mm&r=g","caption":"Juan Dagnino NOTICIASMERCEDINAS.COM"},"url":"https:\/\/noticiasmercedinas.com\/site\/author\/juandagnino\/"}]}},"amp_enabled":true,"_links":{"self":[{"href":"https:\/\/noticiasmercedinas.com\/site\/wp-json\/wp\/v2\/posts\/51011","targetHints":{"allow":["GET"]}}],"collection":[{"href":"https:\/\/noticiasmercedinas.com\/site\/wp-json\/wp\/v2\/posts"}],"about":[{"href":"https:\/\/noticiasmercedinas.com\/site\/wp-json\/wp\/v2\/types\/post"}],"author":[{"embeddable":true,"href":"https:\/\/noticiasmercedinas.com\/site\/wp-json\/wp\/v2\/users\/6"}],"replies":[{"embeddable":true,"href":"https:\/\/noticiasmercedinas.com\/site\/wp-json\/wp\/v2\/comments?post=51011"}],"version-history":[{"count":1,"href":"https:\/\/noticiasmercedinas.com\/site\/wp-json\/wp\/v2\/posts\/51011\/revisions"}],"predecessor-version":[{"id":51026,"href":"https:\/\/noticiasmercedinas.com\/site\/wp-json\/wp\/v2\/posts\/51011\/revisions\/51026"}],"wp:featuredmedia":[{"embeddable":true,"href":"https:\/\/noticiasmercedinas.com\/site\/wp-json\/wp\/v2\/media\/51012"}],"wp:attachment":[{"href":"https:\/\/noticiasmercedinas.com\/site\/wp-json\/wp\/v2\/media?parent=51011"}],"wp:term":[{"taxonomy":"category","embeddable":true,"href":"https:\/\/noticiasmercedinas.com\/site\/wp-json\/wp\/v2\/categories?post=51011"},{"taxonomy":"post_tag","embeddable":true,"href":"https:\/\/noticiasmercedinas.com\/site\/wp-json\/wp\/v2\/tags?post=51011"}],"curies":[{"name":"wp","href":"https:\/\/api.w.org\/{rel}","templated":true}]}}