{"id":511,"date":"2018-08-27T13:03:24","date_gmt":"2018-08-27T16:03:24","guid":{"rendered":"http:\/\/noticiasmercedinas.com\/site\/?p=511"},"modified":"2018-08-27T14:02:25","modified_gmt":"2018-08-27T17:02:25","slug":"meningitis-vacunas-nunca-faltaron-en-mercedes-dice-el-concejal-comesana","status":"publish","type":"post","link":"https:\/\/noticiasmercedinas.com\/site\/2018\/08\/27\/meningitis-vacunas-nunca-faltaron-en-mercedes-dice-el-concejal-comesana\/","title":{"rendered":"Meningitis: \u201cVacunas nunca faltaron en Mercedes\u201d, dice el concejal Comesa\u00f1a"},"content":{"rendered":"<p><strong>Hoy el concejal y m\u00e9dico Jos\u00e9 Mar\u00eda Comesa\u00f1a indic\u00f3 que es \u201cuna inexactitud\u201d lo dicho por el secretario de Salud de la comuna. \u201cMe parece una irresponsabilidad crear miedo en la gente\u201d, opin\u00f3.<\/strong><\/p>\n<p><img loading=\"lazy\" decoding=\"async\" class=\"aligncenter size-full wp-image-512\" src=\"http:\/\/noticiasmercedinas.com\/site\/wp-content\/uploads\/2018\/08\/comesanajose.jpg\" alt=\"\" width=\"512\" height=\"298\" srcset=\"https:\/\/noticiasmercedinas.com\/site\/wp-content\/uploads\/2018\/08\/comesanajose.jpg 512w, https:\/\/noticiasmercedinas.com\/site\/wp-content\/uploads\/2018\/08\/comesanajose-300x175.jpg 300w, https:\/\/noticiasmercedinas.com\/site\/wp-content\/uploads\/2018\/08\/comesanajose-511x298.jpg 511w\" sizes=\"auto, (max-width: 512px) 100vw, 512px\" \/><\/p>\n<audio class=\"wp-audio-shortcode\" id=\"audio-511-1\" preload=\"none\" style=\"width: 100%;\" controls=\"controls\"><source type=\"audio\/mpeg\" src=\"http:\/\/noticiasmercedinas.com\/site\/wp-content\/uploads\/2018\/08\/comesa-1.mp3?_=1\" \/><a href=\"http:\/\/noticiasmercedinas.com\/site\/wp-content\/uploads\/2018\/08\/comesa-1.mp3\">http:\/\/noticiasmercedinas.com\/site\/wp-content\/uploads\/2018\/08\/comesa-1.mp3<\/a><\/audio>\n<p class=\"Estilo25\">Se discuti\u00f3 sobre la existencia o no de la vacuna de la meningitis en Mercedes d\u00edas pasados y fue el secretario de Salud de la comuna quien sali\u00f3 a decir que no hab\u00eda provisi\u00f3n en la ciudad, algo que en el d\u00eda de hoy el concejal y m\u00e9dico Jos\u00e9 Mar\u00eda Comesa\u00f1a indic\u00f3 que es \u201cuna inexactitud\u201d. A la vez el referente de Cambiemos dijo que lamenta \u201cesta forma de hacer pol\u00edtica\u201d, en obvia alusi\u00f3n al funcionario municipal.<\/p>\n<p class=\"Estilo25\">\u201cYo sabia que no era as\u00ed, pero lo constat\u00e9 con el director del hospital Daniel Bandoni. Me dijo que en ning\u00fan momento hubo falta de vacunas. Me parece una irresponsabilidad crear miedo en la gente con estos dichos. Es una forma de hacer pol\u00edtica con la cual estoy totalmente en desacuerdo y algo similar hab\u00eda pasado previamente con la vacuna de la gripe, que nunca dej\u00f3 de haber, y con los planes de vacunaci\u00f3n se dijo que no funcionaban en el distrito del que dependemos. Eso tambi\u00e9n era inexacto y no hab\u00eda reclamos\u201d, dijo Comesa\u00f1a.<\/p>\n<p class=\"Estilo25\">\u201cMe parece una forma peligrosa de hacer pol\u00edtica creando miedo en la gente. Uno puede advertir de cosas que faltan si realmente faltan, pero hacer pol\u00edtica creando miedo est\u00e1 mal. Hay vacunas, que la gente vaya tranquila, esto lo queremos aclarar. Vacunas hay y nunca faltaron. No me parece conducente hacer esto y crear angustia en la gente, que tiene muchos problemas y agregarle otras preocupaciones es una falta de respeto y de amor al pr\u00f3jimo\u201d, calific\u00f3 Comesa\u00f1a.<\/p>\n","protected":false},"excerpt":{"rendered":"<p>Hoy el concejal y m\u00e9dico Jos\u00e9 Mar\u00eda Comesa\u00f1a indic\u00f3 que es \u201cuna inexactitud\u201d lo dicho por el secretario de Salud de la comuna. \u201cMe parece una irresponsabilidad crear miedo en la gente\u201d, opin\u00f3. Se discuti\u00f3 sobre la existencia o no de la vacuna de la meningitis en Mercedes d\u00edas pasados y fue el secretario de [&hellip;]<\/p>\n","protected":false},"author":2,"featured_media":512,"comment_status":"open","ping_status":"open","sticky":false,"template":"","format":"standard","meta":{"footnotes":""},"categories":[3],"tags":[219,143,71],"class_list":["post-511","post","type-post","status-publish","format-standard","has-post-thumbnail","hentry","category-sociedad","tag-comesana","tag-meningitis","tag-salud"],"yoast_head":"<!-- This site is optimized with the Yoast SEO plugin v27.5 - https:\/\/yoast.com\/product\/yoast-seo-wordpress\/ -->\n<title>Meningitis: \u201cVacunas nunca faltaron en Mercedes\u201d, dice el concejal Comesa\u00f1a<\/title>\n<meta name=\"robots\" content=\"index, follow, max-snippet:-1, max-image-preview:large, max-video-preview:-1\" \/>\n<link rel=\"canonical\" href=\"https:\/\/noticiasmercedinas.com\/site\/2018\/08\/27\/meningitis-vacunas-nunca-faltaron-en-mercedes-dice-el-concejal-comesana\/\" \/>\n<meta property=\"og:locale\" content=\"es_ES\" \/>\n<meta property=\"og:type\" content=\"article\" \/>\n<meta property=\"og:title\" content=\"Meningitis: \u201cVacunas nunca faltaron en Mercedes\u201d, dice el concejal Comesa\u00f1a\" \/>\n<meta property=\"og:description\" content=\"Hoy el concejal y m\u00e9dico Jos\u00e9 Mar\u00eda Comesa\u00f1a indic\u00f3 que es \u201cuna inexactitud\u201d lo dicho por el secretario de Salud de la comuna. \u201cMe parece una irresponsabilidad crear miedo en la gente\u201d, opin\u00f3. Se discuti\u00f3 sobre la existencia o no de la vacuna de la meningitis en Mercedes d\u00edas pasados y fue el secretario de [&hellip;]\" \/>\n<meta property=\"og:url\" content=\"https:\/\/noticiasmercedinas.com\/site\/2018\/08\/27\/meningitis-vacunas-nunca-faltaron-en-mercedes-dice-el-concejal-comesana\/\" \/>\n<meta property=\"og:site_name\" content=\"NOTICIASMERCEDINAS.COM\" \/>\n<meta property=\"article:publisher\" content=\"https:\/\/www.facebook.com\/noticiasmercedinas\/\" \/>\n<meta property=\"article:author\" content=\"https:\/\/www.facebook.com\/cristian.falabella\" \/>\n<meta property=\"article:published_time\" content=\"2018-08-27T16:03:24+00:00\" \/>\n<meta property=\"article:modified_time\" content=\"2018-08-27T17:02:25+00:00\" \/>\n<meta property=\"og:image\" content=\"https:\/\/noticiasmercedinas.com\/site\/wp-content\/uploads\/2018\/08\/comesanajose.jpg\" \/>\n\t<meta property=\"og:image:width\" content=\"512\" \/>\n\t<meta property=\"og:image:height\" content=\"298\" \/>\n\t<meta property=\"og:image:type\" content=\"image\/jpeg\" \/>\n<meta name=\"author\" content=\"Cristian Falabella NOTICIASMERCEDINAS.COM\" \/>\n<meta name=\"twitter:card\" content=\"summary_large_image\" \/>\n<meta name=\"twitter:creator\" content=\"@https:\/\/twitter.com\/NOTMERCEDINAS\" \/>\n<meta name=\"twitter:site\" content=\"@notmercedinas\" \/>\n<meta name=\"twitter:label1\" content=\"Escrito por\" \/>\n\t<meta name=\"twitter:data1\" content=\"Cristian Falabella NOTICIASMERCEDINAS.COM\" \/>\n\t<meta name=\"twitter:label2\" content=\"Tiempo de lectura\" \/>\n\t<meta name=\"twitter:data2\" content=\"2 minutos\" \/>\n<script type=\"application\/ld+json\" class=\"yoast-schema-graph\">{\"@context\":\"https:\\\/\\\/schema.org\",\"@graph\":[{\"@type\":\"Article\",\"@id\":\"https:\\\/\\\/noticiasmercedinas.com\\\/site\\\/2018\\\/08\\\/27\\\/meningitis-vacunas-nunca-faltaron-en-mercedes-dice-el-concejal-comesana\\\/#article\",\"isPartOf\":{\"@id\":\"https:\\\/\\\/noticiasmercedinas.com\\\/site\\\/2018\\\/08\\\/27\\\/meningitis-vacunas-nunca-faltaron-en-mercedes-dice-el-concejal-comesana\\\/\"},\"author\":{\"name\":\"Cristian Falabella NOTICIASMERCEDINAS.COM\",\"@id\":\"https:\\\/\\\/noticiasmercedinas.com\\\/site\\\/#\\\/schema\\\/person\\\/d481a9696a5feaec13a60e2bbd991a6a\"},\"headline\":\"Meningitis: \u201cVacunas nunca faltaron en Mercedes\u201d, dice el concejal Comesa\u00f1a\",\"datePublished\":\"2018-08-27T16:03:24+00:00\",\"dateModified\":\"2018-08-27T17:02:25+00:00\",\"mainEntityOfPage\":{\"@id\":\"https:\\\/\\\/noticiasmercedinas.com\\\/site\\\/2018\\\/08\\\/27\\\/meningitis-vacunas-nunca-faltaron-en-mercedes-dice-el-concejal-comesana\\\/\"},\"wordCount\":328,\"commentCount\":1,\"publisher\":{\"@id\":\"https:\\\/\\\/noticiasmercedinas.com\\\/site\\\/#organization\"},\"image\":{\"@id\":\"https:\\\/\\\/noticiasmercedinas.com\\\/site\\\/2018\\\/08\\\/27\\\/meningitis-vacunas-nunca-faltaron-en-mercedes-dice-el-concejal-comesana\\\/#primaryimage\"},\"thumbnailUrl\":\"https:\\\/\\\/noticiasmercedinas.com\\\/site\\\/wp-content\\\/uploads\\\/2018\\\/08\\\/comesanajose.jpg\",\"keywords\":[\"comesa\u00f1a\",\"meningitis\",\"salud\"],\"articleSection\":[\"Sociedad\"],\"inLanguage\":\"es\",\"potentialAction\":[{\"@type\":\"CommentAction\",\"name\":\"Comment\",\"target\":[\"https:\\\/\\\/noticiasmercedinas.com\\\/site\\\/2018\\\/08\\\/27\\\/meningitis-vacunas-nunca-faltaron-en-mercedes-dice-el-concejal-comesana\\\/#respond\"]}]},{\"@type\":\"WebPage\",\"@id\":\"https:\\\/\\\/noticiasmercedinas.com\\\/site\\\/2018\\\/08\\\/27\\\/meningitis-vacunas-nunca-faltaron-en-mercedes-dice-el-concejal-comesana\\\/\",\"url\":\"https:\\\/\\\/noticiasmercedinas.com\\\/site\\\/2018\\\/08\\\/27\\\/meningitis-vacunas-nunca-faltaron-en-mercedes-dice-el-concejal-comesana\\\/\",\"name\":\"Meningitis: \u201cVacunas nunca faltaron en Mercedes\u201d, dice el concejal Comesa\u00f1a\",\"isPartOf\":{\"@id\":\"https:\\\/\\\/noticiasmercedinas.com\\\/site\\\/#website\"},\"primaryImageOfPage\":{\"@id\":\"https:\\\/\\\/noticiasmercedinas.com\\\/site\\\/2018\\\/08\\\/27\\\/meningitis-vacunas-nunca-faltaron-en-mercedes-dice-el-concejal-comesana\\\/#primaryimage\"},\"image\":{\"@id\":\"https:\\\/\\\/noticiasmercedinas.com\\\/site\\\/2018\\\/08\\\/27\\\/meningitis-vacunas-nunca-faltaron-en-mercedes-dice-el-concejal-comesana\\\/#primaryimage\"},\"thumbnailUrl\":\"https:\\\/\\\/noticiasmercedinas.com\\\/site\\\/wp-content\\\/uploads\\\/2018\\\/08\\\/comesanajose.jpg\",\"datePublished\":\"2018-08-27T16:03:24+00:00\",\"dateModified\":\"2018-08-27T17:02:25+00:00\",\"breadcrumb\":{\"@id\":\"https:\\\/\\\/noticiasmercedinas.com\\\/site\\\/2018\\\/08\\\/27\\\/meningitis-vacunas-nunca-faltaron-en-mercedes-dice-el-concejal-comesana\\\/#breadcrumb\"},\"inLanguage\":\"es\",\"potentialAction\":[{\"@type\":\"ReadAction\",\"target\":[\"https:\\\/\\\/noticiasmercedinas.com\\\/site\\\/2018\\\/08\\\/27\\\/meningitis-vacunas-nunca-faltaron-en-mercedes-dice-el-concejal-comesana\\\/\"]}]},{\"@type\":\"ImageObject\",\"inLanguage\":\"es\",\"@id\":\"https:\\\/\\\/noticiasmercedinas.com\\\/site\\\/2018\\\/08\\\/27\\\/meningitis-vacunas-nunca-faltaron-en-mercedes-dice-el-concejal-comesana\\\/#primaryimage\",\"url\":\"https:\\\/\\\/noticiasmercedinas.com\\\/site\\\/wp-content\\\/uploads\\\/2018\\\/08\\\/comesanajose.jpg\",\"contentUrl\":\"https:\\\/\\\/noticiasmercedinas.com\\\/site\\\/wp-content\\\/uploads\\\/2018\\\/08\\\/comesanajose.jpg\",\"width\":512,\"height\":298},{\"@type\":\"BreadcrumbList\",\"@id\":\"https:\\\/\\\/noticiasmercedinas.com\\\/site\\\/2018\\\/08\\\/27\\\/meningitis-vacunas-nunca-faltaron-en-mercedes-dice-el-concejal-comesana\\\/#breadcrumb\",\"itemListElement\":[{\"@type\":\"ListItem\",\"position\":1,\"name\":\"Portada\",\"item\":\"https:\\\/\\\/noticiasmercedinas.com\\\/site\\\/\"},{\"@type\":\"ListItem\",\"position\":2,\"name\":\"Meningitis: \u201cVacunas nunca faltaron en Mercedes\u201d, dice el concejal Comesa\u00f1a\"}]},{\"@type\":\"WebSite\",\"@id\":\"https:\\\/\\\/noticiasmercedinas.com\\\/site\\\/#website\",\"url\":\"https:\\\/\\\/noticiasmercedinas.com\\\/site\\\/\",\"name\":\"NOTICIASMERCEDINAS.COM\",\"description\":\"Mercedes, Buenos Aires, Argentina\",\"publisher\":{\"@id\":\"https:\\\/\\\/noticiasmercedinas.com\\\/site\\\/#organization\"},\"potentialAction\":[{\"@type\":\"SearchAction\",\"target\":{\"@type\":\"EntryPoint\",\"urlTemplate\":\"https:\\\/\\\/noticiasmercedinas.com\\\/site\\\/?s={search_term_string}\"},\"query-input\":{\"@type\":\"PropertyValueSpecification\",\"valueRequired\":true,\"valueName\":\"search_term_string\"}}],\"inLanguage\":\"es\"},{\"@type\":\"Organization\",\"@id\":\"https:\\\/\\\/noticiasmercedinas.com\\\/site\\\/#organization\",\"name\":\"NOTICIASMERCEDINAS.COM\",\"url\":\"https:\\\/\\\/noticiasmercedinas.com\\\/site\\\/\",\"logo\":{\"@type\":\"ImageObject\",\"inLanguage\":\"es\",\"@id\":\"https:\\\/\\\/noticiasmercedinas.com\\\/site\\\/#\\\/schema\\\/logo\\\/image\\\/\",\"url\":\"https:\\\/\\\/noticiasmercedinas.com\\\/site\\\/wp-content\\\/uploads\\\/2020\\\/06\\\/LOGO-512.jpg\",\"contentUrl\":\"https:\\\/\\\/noticiasmercedinas.com\\\/site\\\/wp-content\\\/uploads\\\/2020\\\/06\\\/LOGO-512.jpg\",\"width\":512,\"height\":512,\"caption\":\"NOTICIASMERCEDINAS.COM\"},\"image\":{\"@id\":\"https:\\\/\\\/noticiasmercedinas.com\\\/site\\\/#\\\/schema\\\/logo\\\/image\\\/\"},\"sameAs\":[\"https:\\\/\\\/www.facebook.com\\\/noticiasmercedinas\\\/\",\"https:\\\/\\\/x.com\\\/notmercedinas\",\"https:\\\/\\\/www.instagram.com\\\/noticiasmercedinas\\\/\"]},{\"@type\":\"Person\",\"@id\":\"https:\\\/\\\/noticiasmercedinas.com\\\/site\\\/#\\\/schema\\\/person\\\/d481a9696a5feaec13a60e2bbd991a6a\",\"name\":\"Cristian Falabella NOTICIASMERCEDINAS.COM\",\"image\":{\"@type\":\"ImageObject\",\"inLanguage\":\"es\",\"@id\":\"https:\\\/\\\/secure.gravatar.com\\\/avatar\\\/0dbbfc45970cc46bcd0e57766228574ff3511d6eed045b182f536f0f478c1f06?s=96&d=mm&r=g\",\"url\":\"https:\\\/\\\/secure.gravatar.com\\\/avatar\\\/0dbbfc45970cc46bcd0e57766228574ff3511d6eed045b182f536f0f478c1f06?s=96&d=mm&r=g\",\"contentUrl\":\"https:\\\/\\\/secure.gravatar.com\\\/avatar\\\/0dbbfc45970cc46bcd0e57766228574ff3511d6eed045b182f536f0f478c1f06?s=96&d=mm&r=g\",\"caption\":\"Cristian Falabella NOTICIASMERCEDINAS.COM\"},\"description\":\"Periodista, editor de Noticias Mercedinas. Pas\u00f3 por varias redacciones y emprendimientos de prensa, en distintos formatos y \u00e9pocas. Se especializ\u00f3 --y sigue haci\u00e9ndolo-- en comunicaci\u00f3n en la web y en junio de 2006 fund\u00f3 este diario digital.\",\"sameAs\":[\"https:\\\/\\\/noticiasmercedinas.com\",\"https:\\\/\\\/www.facebook.com\\\/cristian.falabella\",\"https:\\\/\\\/www.instagram.com\\\/noticiasmercedinas\\\/\",\"https:\\\/\\\/x.com\\\/https:\\\/\\\/twitter.com\\\/NOTMERCEDINAS\"],\"url\":\"https:\\\/\\\/noticiasmercedinas.com\\\/site\\\/author\\\/as000384\\\/\"}]}<\/script>\n<!-- \/ Yoast SEO plugin. -->","yoast_head_json":{"title":"Meningitis: \u201cVacunas nunca faltaron en Mercedes\u201d, dice el concejal Comesa\u00f1a","robots":{"index":"index","follow":"follow","max-snippet":"max-snippet:-1","max-image-preview":"max-image-preview:large","max-video-preview":"max-video-preview:-1"},"canonical":"https:\/\/noticiasmercedinas.com\/site\/2018\/08\/27\/meningitis-vacunas-nunca-faltaron-en-mercedes-dice-el-concejal-comesana\/","og_locale":"es_ES","og_type":"article","og_title":"Meningitis: \u201cVacunas nunca faltaron en Mercedes\u201d, dice el concejal Comesa\u00f1a","og_description":"Hoy el concejal y m\u00e9dico Jos\u00e9 Mar\u00eda Comesa\u00f1a indic\u00f3 que es \u201cuna inexactitud\u201d lo dicho por el secretario de Salud de la comuna. \u201cMe parece una irresponsabilidad crear miedo en la gente\u201d, opin\u00f3. Se discuti\u00f3 sobre la existencia o no de la vacuna de la meningitis en Mercedes d\u00edas pasados y fue el secretario de [&hellip;]","og_url":"https:\/\/noticiasmercedinas.com\/site\/2018\/08\/27\/meningitis-vacunas-nunca-faltaron-en-mercedes-dice-el-concejal-comesana\/","og_site_name":"NOTICIASMERCEDINAS.COM","article_publisher":"https:\/\/www.facebook.com\/noticiasmercedinas\/","article_author":"https:\/\/www.facebook.com\/cristian.falabella","article_published_time":"2018-08-27T16:03:24+00:00","article_modified_time":"2018-08-27T17:02:25+00:00","og_image":[{"width":512,"height":298,"url":"https:\/\/noticiasmercedinas.com\/site\/wp-content\/uploads\/2018\/08\/comesanajose.jpg","type":"image\/jpeg"}],"author":"Cristian Falabella NOTICIASMERCEDINAS.COM","twitter_card":"summary_large_image","twitter_creator":"@https:\/\/twitter.com\/NOTMERCEDINAS","twitter_site":"@notmercedinas","twitter_misc":{"Escrito por":"Cristian Falabella NOTICIASMERCEDINAS.COM","Tiempo de lectura":"2 minutos"},"schema":{"@context":"https:\/\/schema.org","@graph":[{"@type":"Article","@id":"https:\/\/noticiasmercedinas.com\/site\/2018\/08\/27\/meningitis-vacunas-nunca-faltaron-en-mercedes-dice-el-concejal-comesana\/#article","isPartOf":{"@id":"https:\/\/noticiasmercedinas.com\/site\/2018\/08\/27\/meningitis-vacunas-nunca-faltaron-en-mercedes-dice-el-concejal-comesana\/"},"author":{"name":"Cristian Falabella NOTICIASMERCEDINAS.COM","@id":"https:\/\/noticiasmercedinas.com\/site\/#\/schema\/person\/d481a9696a5feaec13a60e2bbd991a6a"},"headline":"Meningitis: \u201cVacunas nunca faltaron en Mercedes\u201d, dice el concejal Comesa\u00f1a","datePublished":"2018-08-27T16:03:24+00:00","dateModified":"2018-08-27T17:02:25+00:00","mainEntityOfPage":{"@id":"https:\/\/noticiasmercedinas.com\/site\/2018\/08\/27\/meningitis-vacunas-nunca-faltaron-en-mercedes-dice-el-concejal-comesana\/"},"wordCount":328,"commentCount":1,"publisher":{"@id":"https:\/\/noticiasmercedinas.com\/site\/#organization"},"image":{"@id":"https:\/\/noticiasmercedinas.com\/site\/2018\/08\/27\/meningitis-vacunas-nunca-faltaron-en-mercedes-dice-el-concejal-comesana\/#primaryimage"},"thumbnailUrl":"https:\/\/noticiasmercedinas.com\/site\/wp-content\/uploads\/2018\/08\/comesanajose.jpg","keywords":["comesa\u00f1a","meningitis","salud"],"articleSection":["Sociedad"],"inLanguage":"es","potentialAction":[{"@type":"CommentAction","name":"Comment","target":["https:\/\/noticiasmercedinas.com\/site\/2018\/08\/27\/meningitis-vacunas-nunca-faltaron-en-mercedes-dice-el-concejal-comesana\/#respond"]}]},{"@type":"WebPage","@id":"https:\/\/noticiasmercedinas.com\/site\/2018\/08\/27\/meningitis-vacunas-nunca-faltaron-en-mercedes-dice-el-concejal-comesana\/","url":"https:\/\/noticiasmercedinas.com\/site\/2018\/08\/27\/meningitis-vacunas-nunca-faltaron-en-mercedes-dice-el-concejal-comesana\/","name":"Meningitis: \u201cVacunas nunca faltaron en Mercedes\u201d, dice el concejal Comesa\u00f1a","isPartOf":{"@id":"https:\/\/noticiasmercedinas.com\/site\/#website"},"primaryImageOfPage":{"@id":"https:\/\/noticiasmercedinas.com\/site\/2018\/08\/27\/meningitis-vacunas-nunca-faltaron-en-mercedes-dice-el-concejal-comesana\/#primaryimage"},"image":{"@id":"https:\/\/noticiasmercedinas.com\/site\/2018\/08\/27\/meningitis-vacunas-nunca-faltaron-en-mercedes-dice-el-concejal-comesana\/#primaryimage"},"thumbnailUrl":"https:\/\/noticiasmercedinas.com\/site\/wp-content\/uploads\/2018\/08\/comesanajose.jpg","datePublished":"2018-08-27T16:03:24+00:00","dateModified":"2018-08-27T17:02:25+00:00","breadcrumb":{"@id":"https:\/\/noticiasmercedinas.com\/site\/2018\/08\/27\/meningitis-vacunas-nunca-faltaron-en-mercedes-dice-el-concejal-comesana\/#breadcrumb"},"inLanguage":"es","potentialAction":[{"@type":"ReadAction","target":["https:\/\/noticiasmercedinas.com\/site\/2018\/08\/27\/meningitis-vacunas-nunca-faltaron-en-mercedes-dice-el-concejal-comesana\/"]}]},{"@type":"ImageObject","inLanguage":"es","@id":"https:\/\/noticiasmercedinas.com\/site\/2018\/08\/27\/meningitis-vacunas-nunca-faltaron-en-mercedes-dice-el-concejal-comesana\/#primaryimage","url":"https:\/\/noticiasmercedinas.com\/site\/wp-content\/uploads\/2018\/08\/comesanajose.jpg","contentUrl":"https:\/\/noticiasmercedinas.com\/site\/wp-content\/uploads\/2018\/08\/comesanajose.jpg","width":512,"height":298},{"@type":"BreadcrumbList","@id":"https:\/\/noticiasmercedinas.com\/site\/2018\/08\/27\/meningitis-vacunas-nunca-faltaron-en-mercedes-dice-el-concejal-comesana\/#breadcrumb","itemListElement":[{"@type":"ListItem","position":1,"name":"Portada","item":"https:\/\/noticiasmercedinas.com\/site\/"},{"@type":"ListItem","position":2,"name":"Meningitis: \u201cVacunas nunca faltaron en Mercedes\u201d, dice el concejal Comesa\u00f1a"}]},{"@type":"WebSite","@id":"https:\/\/noticiasmercedinas.com\/site\/#website","url":"https:\/\/noticiasmercedinas.com\/site\/","name":"NOTICIASMERCEDINAS.COM","description":"Mercedes, Buenos Aires, Argentina","publisher":{"@id":"https:\/\/noticiasmercedinas.com\/site\/#organization"},"potentialAction":[{"@type":"SearchAction","target":{"@type":"EntryPoint","urlTemplate":"https:\/\/noticiasmercedinas.com\/site\/?s={search_term_string}"},"query-input":{"@type":"PropertyValueSpecification","valueRequired":true,"valueName":"search_term_string"}}],"inLanguage":"es"},{"@type":"Organization","@id":"https:\/\/noticiasmercedinas.com\/site\/#organization","name":"NOTICIASMERCEDINAS.COM","url":"https:\/\/noticiasmercedinas.com\/site\/","logo":{"@type":"ImageObject","inLanguage":"es","@id":"https:\/\/noticiasmercedinas.com\/site\/#\/schema\/logo\/image\/","url":"https:\/\/noticiasmercedinas.com\/site\/wp-content\/uploads\/2020\/06\/LOGO-512.jpg","contentUrl":"https:\/\/noticiasmercedinas.com\/site\/wp-content\/uploads\/2020\/06\/LOGO-512.jpg","width":512,"height":512,"caption":"NOTICIASMERCEDINAS.COM"},"image":{"@id":"https:\/\/noticiasmercedinas.com\/site\/#\/schema\/logo\/image\/"},"sameAs":["https:\/\/www.facebook.com\/noticiasmercedinas\/","https:\/\/x.com\/notmercedinas","https:\/\/www.instagram.com\/noticiasmercedinas\/"]},{"@type":"Person","@id":"https:\/\/noticiasmercedinas.com\/site\/#\/schema\/person\/d481a9696a5feaec13a60e2bbd991a6a","name":"Cristian Falabella NOTICIASMERCEDINAS.COM","image":{"@type":"ImageObject","inLanguage":"es","@id":"https:\/\/secure.gravatar.com\/avatar\/0dbbfc45970cc46bcd0e57766228574ff3511d6eed045b182f536f0f478c1f06?s=96&d=mm&r=g","url":"https:\/\/secure.gravatar.com\/avatar\/0dbbfc45970cc46bcd0e57766228574ff3511d6eed045b182f536f0f478c1f06?s=96&d=mm&r=g","contentUrl":"https:\/\/secure.gravatar.com\/avatar\/0dbbfc45970cc46bcd0e57766228574ff3511d6eed045b182f536f0f478c1f06?s=96&d=mm&r=g","caption":"Cristian Falabella NOTICIASMERCEDINAS.COM"},"description":"Periodista, editor de Noticias Mercedinas. Pas\u00f3 por varias redacciones y emprendimientos de prensa, en distintos formatos y \u00e9pocas. Se especializ\u00f3 --y sigue haci\u00e9ndolo-- en comunicaci\u00f3n en la web y en junio de 2006 fund\u00f3 este diario digital.","sameAs":["https:\/\/noticiasmercedinas.com","https:\/\/www.facebook.com\/cristian.falabella","https:\/\/www.instagram.com\/noticiasmercedinas\/","https:\/\/x.com\/https:\/\/twitter.com\/NOTMERCEDINAS"],"url":"https:\/\/noticiasmercedinas.com\/site\/author\/as000384\/"}]}},"amp_enabled":true,"_links":{"self":[{"href":"https:\/\/noticiasmercedinas.com\/site\/wp-json\/wp\/v2\/posts\/511","targetHints":{"allow":["GET"]}}],"collection":[{"href":"https:\/\/noticiasmercedinas.com\/site\/wp-json\/wp\/v2\/posts"}],"about":[{"href":"https:\/\/noticiasmercedinas.com\/site\/wp-json\/wp\/v2\/types\/post"}],"author":[{"embeddable":true,"href":"https:\/\/noticiasmercedinas.com\/site\/wp-json\/wp\/v2\/users\/2"}],"replies":[{"embeddable":true,"href":"https:\/\/noticiasmercedinas.com\/site\/wp-json\/wp\/v2\/comments?post=511"}],"version-history":[{"count":2,"href":"https:\/\/noticiasmercedinas.com\/site\/wp-json\/wp\/v2\/posts\/511\/revisions"}],"predecessor-version":[{"id":516,"href":"https:\/\/noticiasmercedinas.com\/site\/wp-json\/wp\/v2\/posts\/511\/revisions\/516"}],"wp:featuredmedia":[{"embeddable":true,"href":"https:\/\/noticiasmercedinas.com\/site\/wp-json\/wp\/v2\/media\/512"}],"wp:attachment":[{"href":"https:\/\/noticiasmercedinas.com\/site\/wp-json\/wp\/v2\/media?parent=511"}],"wp:term":[{"taxonomy":"category","embeddable":true,"href":"https:\/\/noticiasmercedinas.com\/site\/wp-json\/wp\/v2\/categories?post=511"},{"taxonomy":"post_tag","embeddable":true,"href":"https:\/\/noticiasmercedinas.com\/site\/wp-json\/wp\/v2\/tags?post=511"}],"curies":[{"name":"wp","href":"https:\/\/api.w.org\/{rel}","templated":true}]}}