{"id":51320,"date":"2020-08-20T15:05:57","date_gmt":"2020-08-20T18:05:57","guid":{"rendered":"https:\/\/noticiasmercedinas.com\/site\/?p=51320"},"modified":"2020-08-20T15:05:57","modified_gmt":"2020-08-20T18:05:57","slug":"este-lunes-24-regresa-algo-de-la-actividad-deportiva","status":"publish","type":"post","link":"https:\/\/noticiasmercedinas.com\/site\/2020\/08\/20\/este-lunes-24-regresa-algo-de-la-actividad-deportiva\/","title":{"rendered":"Este lunes 24 regresa algo de la actividad deportiva"},"content":{"rendered":"<p><img loading=\"lazy\" decoding=\"async\" class=\"alignnone size-full wp-image-51323\" src=\"https:\/\/noticiasmercedinas.com\/site\/wp-content\/uploads\/2020\/08\/clases-de-tenis-todas-las-edades-y-niveles-D_NQ_NP_887719-MLA27948651021_082018-F.jpg\" alt=\"\" width=\"800\" height=\"602\" srcset=\"https:\/\/noticiasmercedinas.com\/site\/wp-content\/uploads\/2020\/08\/clases-de-tenis-todas-las-edades-y-niveles-D_NQ_NP_887719-MLA27948651021_082018-F.jpg 800w, https:\/\/noticiasmercedinas.com\/site\/wp-content\/uploads\/2020\/08\/clases-de-tenis-todas-las-edades-y-niveles-D_NQ_NP_887719-MLA27948651021_082018-F-300x226.jpg 300w, https:\/\/noticiasmercedinas.com\/site\/wp-content\/uploads\/2020\/08\/clases-de-tenis-todas-las-edades-y-niveles-D_NQ_NP_887719-MLA27948651021_082018-F-768x578.jpg 768w, https:\/\/noticiasmercedinas.com\/site\/wp-content\/uploads\/2020\/08\/clases-de-tenis-todas-las-edades-y-niveles-D_NQ_NP_887719-MLA27948651021_082018-F-80x60.jpg 80w, https:\/\/noticiasmercedinas.com\/site\/wp-content\/uploads\/2020\/08\/clases-de-tenis-todas-las-edades-y-niveles-D_NQ_NP_887719-MLA27948651021_082018-F-160x120.jpg 160w, https:\/\/noticiasmercedinas.com\/site\/wp-content\/uploads\/2020\/08\/clases-de-tenis-todas-las-edades-y-niveles-D_NQ_NP_887719-MLA27948651021_082018-F-100x75.jpg 100w, https:\/\/noticiasmercedinas.com\/site\/wp-content\/uploads\/2020\/08\/clases-de-tenis-todas-las-edades-y-niveles-D_NQ_NP_887719-MLA27948651021_082018-F-200x150.jpg 200w, https:\/\/noticiasmercedinas.com\/site\/wp-content\/uploads\/2020\/08\/clases-de-tenis-todas-las-edades-y-niveles-D_NQ_NP_887719-MLA27948651021_082018-F-180x135.jpg 180w, https:\/\/noticiasmercedinas.com\/site\/wp-content\/uploads\/2020\/08\/clases-de-tenis-todas-las-edades-y-niveles-D_NQ_NP_887719-MLA27948651021_082018-F-360x270.jpg 360w, https:\/\/noticiasmercedinas.com\/site\/wp-content\/uploads\/2020\/08\/clases-de-tenis-todas-las-edades-y-niveles-D_NQ_NP_887719-MLA27948651021_082018-F-238x178.jpg 238w, https:\/\/noticiasmercedinas.com\/site\/wp-content\/uploads\/2020\/08\/clases-de-tenis-todas-las-edades-y-niveles-D_NQ_NP_887719-MLA27948651021_082018-F-640x482.jpg 640w, https:\/\/noticiasmercedinas.com\/site\/wp-content\/uploads\/2020\/08\/clases-de-tenis-todas-las-edades-y-niveles-D_NQ_NP_887719-MLA27948651021_082018-F-681x512.jpg 681w\" sizes=\"auto, (max-width: 800px) 100vw, 800px\" \/>En la jornada de hoy hubo importantes novedades en cuanto a la reanudaci\u00f3n de actividades deportivas, que fueron suspendidas all\u00e1 por mediados de marzo cuando se desat\u00f3 la pandemia de Coronavirus. El encuentro entre el intendente Juan Ignacio Ustarroz y el Director de Deportes profesor Juan Martin Silvestre m\u00e1s otros funcionarios se dio con la presencia de profesores de tenis como tambi\u00e9n propietarios de gimnasios de la ciudad.<\/p>\n<p>La reuni\u00f3n result\u00f3 ser positiva, tal cual han manifestado los presentes. Uno de ellos es el profesor Hern\u00e1n Ricaldoni, que junto a Mauricio Pisoni y un grupo de trabajo se desempe\u00f1an en las canchas de tenis de Ateneo-Liga y el Club Mercedes. \u201cLo que contempla la provincia es la parte laboral, por el momento habilitan la actividad deportiva solamente para las clases, los socios van a tener que esperar un poquito m\u00e1s\u201d, cont\u00f3 Ricaldoni.<\/p>\n<p>\u201cNosotros creemos que es a modo de prueba, que vean que se dan todas las condiciones, adem\u00e1s que se preparen las canchas\u201d puntualiz\u00f3. Se comenzar\u00e1 a implementar esta modalidad desde el pr\u00f3ximo lunes 24 de agosto, y sobre ello relat\u00f3: \u201cNo creemos llegar al lunes, tenemos que articular todo con el club, la parte sanitaria de nuestras clases y preparar todo\u201d. De esta manera Ricaldoni y Pisoni junto a dos profesores m\u00e1s podr\u00e1n iniciar clases con alumnos en el Club Mercedes y Ateneo una vez que est\u00e9 todo dispuesto.<\/p>\n<p>Todo resulta ser muy reciente, hasta en las canchas de Estudiantes donde se desempe\u00f1a el profesor Franco Pavoni se podr\u00e1 implementar la nueva modalidad. Ser\u00e1 de dos jugadores por cancha y un profesor m\u00e1s las medidas sanitarias, con todo esto en las pr\u00f3ximas horas y d\u00edas ser\u00e1n per\u00edodos de organizaci\u00f3n con los profesores y directivos de las instituciones.<\/p>\n<p>En este panorama queda resaltar que los clubes estar\u00e1n cerrados, s\u00f3lo ingresar\u00e1n alumnos y profesores con turnos establecidos. En lo que hace a socios o invitados al momento no est\u00e1n autorizados.<\/p>\n<p><strong>M\u00e1s actividad<br \/>\n<\/strong>El profesor Gast\u00f3n Bello, propietario de Deporclub, fue otro de los presentes esta ma\u00f1ana como tantos due\u00f1os de gimnasios y quienes est\u00e1n a cargo de grupos de running en Mercedes.<\/p>\n<p>Se supo que los gimnasios permanecer\u00e1n cerrados pero s\u00ed tendr\u00e1n la chance de desarrollar actividad f\u00edsica al aire libre en lugares controlados y autorizados con s\u00f3lo ingreso de profesores y hasta cinco personas. \u201cEs el comienzo de algo bueno y estamos contentos por ese lado\u201d, dijo Bello cuando empieza a organizarse para lo que vendr\u00e1.<\/p>\n<p>El municipio para ello ha propuesto para la actividad f\u00edsica de gimnasios sitios que ser\u00edan el Parque Municipal Independencia, clubes en el caso de conseguir el permiso, el predio del Aero Club o hasta el Polideportivo Mart\u00edn Rodr\u00edguez. Con pautas bien establecidas se reanuda parte del deporte en la ciudad, habr\u00e1 que respetar las medidas sanitarias y horarios.<img loading=\"lazy\" decoding=\"async\" class=\"alignnone size-full wp-image-51324\" src=\"https:\/\/noticiasmercedinas.com\/site\/wp-content\/uploads\/2020\/08\/hqdefault.jpg\" alt=\"\" width=\"640\" height=\"420\" srcset=\"https:\/\/noticiasmercedinas.com\/site\/wp-content\/uploads\/2020\/08\/hqdefault.jpg 640w, https:\/\/noticiasmercedinas.com\/site\/wp-content\/uploads\/2020\/08\/hqdefault-300x197.jpg 300w\" sizes=\"auto, (max-width: 640px) 100vw, 640px\" \/><\/p>\n","protected":false},"excerpt":{"rendered":"<p>\u25a0 Habr\u00e1 tenis con profesores y alumnos. Y los propietarios de gimnasios podr\u00e1n realizar actividades en sitios abiertos. En ambos casos los lugares estar\u00e1n controlados y habilitados.<\/p>\n","protected":false},"author":6,"featured_media":51323,"comment_status":"open","ping_status":"open","sticky":false,"template":"","format":"standard","meta":{"footnotes":""},"categories":[5],"tags":[1780,10006,8751,2823,133],"class_list":["post-51320","post","type-post","status-publish","format-standard","has-post-thumbnail","hentry","category-deportes","tag-deportes","tag-gimnasios","tag-hernan-ricaldoni","tag-running","tag-tenis"],"yoast_head":"<!-- This site is optimized with the Yoast SEO plugin v27.5 - https:\/\/yoast.com\/product\/yoast-seo-wordpress\/ -->\n<title>Este lunes 24 regresa algo de la actividad deportiva<\/title>\n<meta name=\"robots\" content=\"index, follow, max-snippet:-1, max-image-preview:large, max-video-preview:-1\" \/>\n<link rel=\"canonical\" href=\"https:\/\/noticiasmercedinas.com\/site\/2020\/08\/20\/este-lunes-24-regresa-algo-de-la-actividad-deportiva\/\" \/>\n<meta property=\"og:locale\" content=\"es_ES\" \/>\n<meta property=\"og:type\" content=\"article\" \/>\n<meta property=\"og:title\" content=\"Este lunes 24 regresa algo de la actividad deportiva\" \/>\n<meta property=\"og:description\" content=\"\u25a0 Habr\u00e1 tenis con profesores y alumnos. Y los propietarios de gimnasios podr\u00e1n realizar actividades en sitios abiertos. En ambos casos los lugares estar\u00e1n controlados y habilitados.\" \/>\n<meta property=\"og:url\" content=\"https:\/\/noticiasmercedinas.com\/site\/2020\/08\/20\/este-lunes-24-regresa-algo-de-la-actividad-deportiva\/\" \/>\n<meta property=\"og:site_name\" content=\"NOTICIASMERCEDINAS.COM\" \/>\n<meta property=\"article:publisher\" content=\"https:\/\/www.facebook.com\/noticiasmercedinas\/\" \/>\n<meta property=\"article:published_time\" content=\"2020-08-20T18:05:57+00:00\" \/>\n<meta property=\"og:image\" content=\"https:\/\/noticiasmercedinas.com\/site\/wp-content\/uploads\/2020\/08\/clases-de-tenis-todas-las-edades-y-niveles-D_NQ_NP_887719-MLA27948651021_082018-F.jpg\" \/>\n\t<meta property=\"og:image:width\" content=\"800\" \/>\n\t<meta property=\"og:image:height\" content=\"602\" \/>\n\t<meta property=\"og:image:type\" content=\"image\/jpeg\" \/>\n<meta name=\"author\" content=\"Juan Dagnino NOTICIASMERCEDINAS.COM\" \/>\n<meta name=\"twitter:card\" content=\"summary_large_image\" \/>\n<meta name=\"twitter:creator\" content=\"@notmercedinas\" \/>\n<meta name=\"twitter:site\" content=\"@notmercedinas\" \/>\n<meta name=\"twitter:label1\" content=\"Escrito por\" \/>\n\t<meta name=\"twitter:data1\" content=\"Juan Dagnino NOTICIASMERCEDINAS.COM\" \/>\n\t<meta name=\"twitter:label2\" content=\"Tiempo de lectura\" \/>\n\t<meta name=\"twitter:data2\" content=\"2 minutos\" \/>\n<script type=\"application\/ld+json\" class=\"yoast-schema-graph\">{\"@context\":\"https:\\\/\\\/schema.org\",\"@graph\":[{\"@type\":\"Article\",\"@id\":\"https:\\\/\\\/noticiasmercedinas.com\\\/site\\\/2020\\\/08\\\/20\\\/este-lunes-24-regresa-algo-de-la-actividad-deportiva\\\/#article\",\"isPartOf\":{\"@id\":\"https:\\\/\\\/noticiasmercedinas.com\\\/site\\\/2020\\\/08\\\/20\\\/este-lunes-24-regresa-algo-de-la-actividad-deportiva\\\/\"},\"author\":{\"name\":\"Juan Dagnino NOTICIASMERCEDINAS.COM\",\"@id\":\"https:\\\/\\\/noticiasmercedinas.com\\\/site\\\/#\\\/schema\\\/person\\\/8f2f09d666ef40986eba4a5e6f2a06f9\"},\"headline\":\"Este lunes 24 regresa algo de la actividad deportiva\",\"datePublished\":\"2020-08-20T18:05:57+00:00\",\"mainEntityOfPage\":{\"@id\":\"https:\\\/\\\/noticiasmercedinas.com\\\/site\\\/2020\\\/08\\\/20\\\/este-lunes-24-regresa-algo-de-la-actividad-deportiva\\\/\"},\"wordCount\":507,\"commentCount\":0,\"publisher\":{\"@id\":\"https:\\\/\\\/noticiasmercedinas.com\\\/site\\\/#organization\"},\"image\":{\"@id\":\"https:\\\/\\\/noticiasmercedinas.com\\\/site\\\/2020\\\/08\\\/20\\\/este-lunes-24-regresa-algo-de-la-actividad-deportiva\\\/#primaryimage\"},\"thumbnailUrl\":\"https:\\\/\\\/noticiasmercedinas.com\\\/site\\\/wp-content\\\/uploads\\\/2020\\\/08\\\/clases-de-tenis-todas-las-edades-y-niveles-D_NQ_NP_887719-MLA27948651021_082018-F.jpg\",\"keywords\":[\"deportes\",\"gimnasios\",\"Hern\u00e1n Ricaldoni\",\"running\",\"tenis\"],\"articleSection\":[\"Deportes\"],\"inLanguage\":\"es\",\"potentialAction\":[{\"@type\":\"CommentAction\",\"name\":\"Comment\",\"target\":[\"https:\\\/\\\/noticiasmercedinas.com\\\/site\\\/2020\\\/08\\\/20\\\/este-lunes-24-regresa-algo-de-la-actividad-deportiva\\\/#respond\"]}]},{\"@type\":\"WebPage\",\"@id\":\"https:\\\/\\\/noticiasmercedinas.com\\\/site\\\/2020\\\/08\\\/20\\\/este-lunes-24-regresa-algo-de-la-actividad-deportiva\\\/\",\"url\":\"https:\\\/\\\/noticiasmercedinas.com\\\/site\\\/2020\\\/08\\\/20\\\/este-lunes-24-regresa-algo-de-la-actividad-deportiva\\\/\",\"name\":\"Este lunes 24 regresa algo de la actividad deportiva\",\"isPartOf\":{\"@id\":\"https:\\\/\\\/noticiasmercedinas.com\\\/site\\\/#website\"},\"primaryImageOfPage\":{\"@id\":\"https:\\\/\\\/noticiasmercedinas.com\\\/site\\\/2020\\\/08\\\/20\\\/este-lunes-24-regresa-algo-de-la-actividad-deportiva\\\/#primaryimage\"},\"image\":{\"@id\":\"https:\\\/\\\/noticiasmercedinas.com\\\/site\\\/2020\\\/08\\\/20\\\/este-lunes-24-regresa-algo-de-la-actividad-deportiva\\\/#primaryimage\"},\"thumbnailUrl\":\"https:\\\/\\\/noticiasmercedinas.com\\\/site\\\/wp-content\\\/uploads\\\/2020\\\/08\\\/clases-de-tenis-todas-las-edades-y-niveles-D_NQ_NP_887719-MLA27948651021_082018-F.jpg\",\"datePublished\":\"2020-08-20T18:05:57+00:00\",\"breadcrumb\":{\"@id\":\"https:\\\/\\\/noticiasmercedinas.com\\\/site\\\/2020\\\/08\\\/20\\\/este-lunes-24-regresa-algo-de-la-actividad-deportiva\\\/#breadcrumb\"},\"inLanguage\":\"es\",\"potentialAction\":[{\"@type\":\"ReadAction\",\"target\":[\"https:\\\/\\\/noticiasmercedinas.com\\\/site\\\/2020\\\/08\\\/20\\\/este-lunes-24-regresa-algo-de-la-actividad-deportiva\\\/\"]}]},{\"@type\":\"ImageObject\",\"inLanguage\":\"es\",\"@id\":\"https:\\\/\\\/noticiasmercedinas.com\\\/site\\\/2020\\\/08\\\/20\\\/este-lunes-24-regresa-algo-de-la-actividad-deportiva\\\/#primaryimage\",\"url\":\"https:\\\/\\\/noticiasmercedinas.com\\\/site\\\/wp-content\\\/uploads\\\/2020\\\/08\\\/clases-de-tenis-todas-las-edades-y-niveles-D_NQ_NP_887719-MLA27948651021_082018-F.jpg\",\"contentUrl\":\"https:\\\/\\\/noticiasmercedinas.com\\\/site\\\/wp-content\\\/uploads\\\/2020\\\/08\\\/clases-de-tenis-todas-las-edades-y-niveles-D_NQ_NP_887719-MLA27948651021_082018-F.jpg\",\"width\":800,\"height\":602},{\"@type\":\"BreadcrumbList\",\"@id\":\"https:\\\/\\\/noticiasmercedinas.com\\\/site\\\/2020\\\/08\\\/20\\\/este-lunes-24-regresa-algo-de-la-actividad-deportiva\\\/#breadcrumb\",\"itemListElement\":[{\"@type\":\"ListItem\",\"position\":1,\"name\":\"Portada\",\"item\":\"https:\\\/\\\/noticiasmercedinas.com\\\/site\\\/\"},{\"@type\":\"ListItem\",\"position\":2,\"name\":\"Este lunes 24 regresa algo de la actividad deportiva\"}]},{\"@type\":\"WebSite\",\"@id\":\"https:\\\/\\\/noticiasmercedinas.com\\\/site\\\/#website\",\"url\":\"https:\\\/\\\/noticiasmercedinas.com\\\/site\\\/\",\"name\":\"NOTICIASMERCEDINAS.COM\",\"description\":\"Mercedes, Buenos Aires, Argentina\",\"publisher\":{\"@id\":\"https:\\\/\\\/noticiasmercedinas.com\\\/site\\\/#organization\"},\"potentialAction\":[{\"@type\":\"SearchAction\",\"target\":{\"@type\":\"EntryPoint\",\"urlTemplate\":\"https:\\\/\\\/noticiasmercedinas.com\\\/site\\\/?s={search_term_string}\"},\"query-input\":{\"@type\":\"PropertyValueSpecification\",\"valueRequired\":true,\"valueName\":\"search_term_string\"}}],\"inLanguage\":\"es\"},{\"@type\":\"Organization\",\"@id\":\"https:\\\/\\\/noticiasmercedinas.com\\\/site\\\/#organization\",\"name\":\"NOTICIASMERCEDINAS.COM\",\"url\":\"https:\\\/\\\/noticiasmercedinas.com\\\/site\\\/\",\"logo\":{\"@type\":\"ImageObject\",\"inLanguage\":\"es\",\"@id\":\"https:\\\/\\\/noticiasmercedinas.com\\\/site\\\/#\\\/schema\\\/logo\\\/image\\\/\",\"url\":\"https:\\\/\\\/noticiasmercedinas.com\\\/site\\\/wp-content\\\/uploads\\\/2020\\\/06\\\/LOGO-512.jpg\",\"contentUrl\":\"https:\\\/\\\/noticiasmercedinas.com\\\/site\\\/wp-content\\\/uploads\\\/2020\\\/06\\\/LOGO-512.jpg\",\"width\":512,\"height\":512,\"caption\":\"NOTICIASMERCEDINAS.COM\"},\"image\":{\"@id\":\"https:\\\/\\\/noticiasmercedinas.com\\\/site\\\/#\\\/schema\\\/logo\\\/image\\\/\"},\"sameAs\":[\"https:\\\/\\\/www.facebook.com\\\/noticiasmercedinas\\\/\",\"https:\\\/\\\/x.com\\\/notmercedinas\",\"https:\\\/\\\/www.instagram.com\\\/noticiasmercedinas\\\/\"]},{\"@type\":\"Person\",\"@id\":\"https:\\\/\\\/noticiasmercedinas.com\\\/site\\\/#\\\/schema\\\/person\\\/8f2f09d666ef40986eba4a5e6f2a06f9\",\"name\":\"Juan Dagnino NOTICIASMERCEDINAS.COM\",\"image\":{\"@type\":\"ImageObject\",\"inLanguage\":\"es\",\"@id\":\"https:\\\/\\\/secure.gravatar.com\\\/avatar\\\/fc7059a769f5a3cae65fadb228a3e4accf3a64b4b2305020d0a27e6d5333c91b?s=96&d=mm&r=g\",\"url\":\"https:\\\/\\\/secure.gravatar.com\\\/avatar\\\/fc7059a769f5a3cae65fadb228a3e4accf3a64b4b2305020d0a27e6d5333c91b?s=96&d=mm&r=g\",\"contentUrl\":\"https:\\\/\\\/secure.gravatar.com\\\/avatar\\\/fc7059a769f5a3cae65fadb228a3e4accf3a64b4b2305020d0a27e6d5333c91b?s=96&d=mm&r=g\",\"caption\":\"Juan Dagnino NOTICIASMERCEDINAS.COM\"},\"url\":\"https:\\\/\\\/noticiasmercedinas.com\\\/site\\\/author\\\/juandagnino\\\/\"}]}<\/script>\n<!-- \/ Yoast SEO plugin. -->","yoast_head_json":{"title":"Este lunes 24 regresa algo de la actividad deportiva","robots":{"index":"index","follow":"follow","max-snippet":"max-snippet:-1","max-image-preview":"max-image-preview:large","max-video-preview":"max-video-preview:-1"},"canonical":"https:\/\/noticiasmercedinas.com\/site\/2020\/08\/20\/este-lunes-24-regresa-algo-de-la-actividad-deportiva\/","og_locale":"es_ES","og_type":"article","og_title":"Este lunes 24 regresa algo de la actividad deportiva","og_description":"\u25a0 Habr\u00e1 tenis con profesores y alumnos. Y los propietarios de gimnasios podr\u00e1n realizar actividades en sitios abiertos. En ambos casos los lugares estar\u00e1n controlados y habilitados.","og_url":"https:\/\/noticiasmercedinas.com\/site\/2020\/08\/20\/este-lunes-24-regresa-algo-de-la-actividad-deportiva\/","og_site_name":"NOTICIASMERCEDINAS.COM","article_publisher":"https:\/\/www.facebook.com\/noticiasmercedinas\/","article_published_time":"2020-08-20T18:05:57+00:00","og_image":[{"width":800,"height":602,"url":"https:\/\/noticiasmercedinas.com\/site\/wp-content\/uploads\/2020\/08\/clases-de-tenis-todas-las-edades-y-niveles-D_NQ_NP_887719-MLA27948651021_082018-F.jpg","type":"image\/jpeg"}],"author":"Juan Dagnino NOTICIASMERCEDINAS.COM","twitter_card":"summary_large_image","twitter_creator":"@notmercedinas","twitter_site":"@notmercedinas","twitter_misc":{"Escrito por":"Juan Dagnino NOTICIASMERCEDINAS.COM","Tiempo de lectura":"2 minutos"},"schema":{"@context":"https:\/\/schema.org","@graph":[{"@type":"Article","@id":"https:\/\/noticiasmercedinas.com\/site\/2020\/08\/20\/este-lunes-24-regresa-algo-de-la-actividad-deportiva\/#article","isPartOf":{"@id":"https:\/\/noticiasmercedinas.com\/site\/2020\/08\/20\/este-lunes-24-regresa-algo-de-la-actividad-deportiva\/"},"author":{"name":"Juan Dagnino NOTICIASMERCEDINAS.COM","@id":"https:\/\/noticiasmercedinas.com\/site\/#\/schema\/person\/8f2f09d666ef40986eba4a5e6f2a06f9"},"headline":"Este lunes 24 regresa algo de la actividad deportiva","datePublished":"2020-08-20T18:05:57+00:00","mainEntityOfPage":{"@id":"https:\/\/noticiasmercedinas.com\/site\/2020\/08\/20\/este-lunes-24-regresa-algo-de-la-actividad-deportiva\/"},"wordCount":507,"commentCount":0,"publisher":{"@id":"https:\/\/noticiasmercedinas.com\/site\/#organization"},"image":{"@id":"https:\/\/noticiasmercedinas.com\/site\/2020\/08\/20\/este-lunes-24-regresa-algo-de-la-actividad-deportiva\/#primaryimage"},"thumbnailUrl":"https:\/\/noticiasmercedinas.com\/site\/wp-content\/uploads\/2020\/08\/clases-de-tenis-todas-las-edades-y-niveles-D_NQ_NP_887719-MLA27948651021_082018-F.jpg","keywords":["deportes","gimnasios","Hern\u00e1n Ricaldoni","running","tenis"],"articleSection":["Deportes"],"inLanguage":"es","potentialAction":[{"@type":"CommentAction","name":"Comment","target":["https:\/\/noticiasmercedinas.com\/site\/2020\/08\/20\/este-lunes-24-regresa-algo-de-la-actividad-deportiva\/#respond"]}]},{"@type":"WebPage","@id":"https:\/\/noticiasmercedinas.com\/site\/2020\/08\/20\/este-lunes-24-regresa-algo-de-la-actividad-deportiva\/","url":"https:\/\/noticiasmercedinas.com\/site\/2020\/08\/20\/este-lunes-24-regresa-algo-de-la-actividad-deportiva\/","name":"Este lunes 24 regresa algo de la actividad deportiva","isPartOf":{"@id":"https:\/\/noticiasmercedinas.com\/site\/#website"},"primaryImageOfPage":{"@id":"https:\/\/noticiasmercedinas.com\/site\/2020\/08\/20\/este-lunes-24-regresa-algo-de-la-actividad-deportiva\/#primaryimage"},"image":{"@id":"https:\/\/noticiasmercedinas.com\/site\/2020\/08\/20\/este-lunes-24-regresa-algo-de-la-actividad-deportiva\/#primaryimage"},"thumbnailUrl":"https:\/\/noticiasmercedinas.com\/site\/wp-content\/uploads\/2020\/08\/clases-de-tenis-todas-las-edades-y-niveles-D_NQ_NP_887719-MLA27948651021_082018-F.jpg","datePublished":"2020-08-20T18:05:57+00:00","breadcrumb":{"@id":"https:\/\/noticiasmercedinas.com\/site\/2020\/08\/20\/este-lunes-24-regresa-algo-de-la-actividad-deportiva\/#breadcrumb"},"inLanguage":"es","potentialAction":[{"@type":"ReadAction","target":["https:\/\/noticiasmercedinas.com\/site\/2020\/08\/20\/este-lunes-24-regresa-algo-de-la-actividad-deportiva\/"]}]},{"@type":"ImageObject","inLanguage":"es","@id":"https:\/\/noticiasmercedinas.com\/site\/2020\/08\/20\/este-lunes-24-regresa-algo-de-la-actividad-deportiva\/#primaryimage","url":"https:\/\/noticiasmercedinas.com\/site\/wp-content\/uploads\/2020\/08\/clases-de-tenis-todas-las-edades-y-niveles-D_NQ_NP_887719-MLA27948651021_082018-F.jpg","contentUrl":"https:\/\/noticiasmercedinas.com\/site\/wp-content\/uploads\/2020\/08\/clases-de-tenis-todas-las-edades-y-niveles-D_NQ_NP_887719-MLA27948651021_082018-F.jpg","width":800,"height":602},{"@type":"BreadcrumbList","@id":"https:\/\/noticiasmercedinas.com\/site\/2020\/08\/20\/este-lunes-24-regresa-algo-de-la-actividad-deportiva\/#breadcrumb","itemListElement":[{"@type":"ListItem","position":1,"name":"Portada","item":"https:\/\/noticiasmercedinas.com\/site\/"},{"@type":"ListItem","position":2,"name":"Este lunes 24 regresa algo de la actividad deportiva"}]},{"@type":"WebSite","@id":"https:\/\/noticiasmercedinas.com\/site\/#website","url":"https:\/\/noticiasmercedinas.com\/site\/","name":"NOTICIASMERCEDINAS.COM","description":"Mercedes, Buenos Aires, Argentina","publisher":{"@id":"https:\/\/noticiasmercedinas.com\/site\/#organization"},"potentialAction":[{"@type":"SearchAction","target":{"@type":"EntryPoint","urlTemplate":"https:\/\/noticiasmercedinas.com\/site\/?s={search_term_string}"},"query-input":{"@type":"PropertyValueSpecification","valueRequired":true,"valueName":"search_term_string"}}],"inLanguage":"es"},{"@type":"Organization","@id":"https:\/\/noticiasmercedinas.com\/site\/#organization","name":"NOTICIASMERCEDINAS.COM","url":"https:\/\/noticiasmercedinas.com\/site\/","logo":{"@type":"ImageObject","inLanguage":"es","@id":"https:\/\/noticiasmercedinas.com\/site\/#\/schema\/logo\/image\/","url":"https:\/\/noticiasmercedinas.com\/site\/wp-content\/uploads\/2020\/06\/LOGO-512.jpg","contentUrl":"https:\/\/noticiasmercedinas.com\/site\/wp-content\/uploads\/2020\/06\/LOGO-512.jpg","width":512,"height":512,"caption":"NOTICIASMERCEDINAS.COM"},"image":{"@id":"https:\/\/noticiasmercedinas.com\/site\/#\/schema\/logo\/image\/"},"sameAs":["https:\/\/www.facebook.com\/noticiasmercedinas\/","https:\/\/x.com\/notmercedinas","https:\/\/www.instagram.com\/noticiasmercedinas\/"]},{"@type":"Person","@id":"https:\/\/noticiasmercedinas.com\/site\/#\/schema\/person\/8f2f09d666ef40986eba4a5e6f2a06f9","name":"Juan Dagnino NOTICIASMERCEDINAS.COM","image":{"@type":"ImageObject","inLanguage":"es","@id":"https:\/\/secure.gravatar.com\/avatar\/fc7059a769f5a3cae65fadb228a3e4accf3a64b4b2305020d0a27e6d5333c91b?s=96&d=mm&r=g","url":"https:\/\/secure.gravatar.com\/avatar\/fc7059a769f5a3cae65fadb228a3e4accf3a64b4b2305020d0a27e6d5333c91b?s=96&d=mm&r=g","contentUrl":"https:\/\/secure.gravatar.com\/avatar\/fc7059a769f5a3cae65fadb228a3e4accf3a64b4b2305020d0a27e6d5333c91b?s=96&d=mm&r=g","caption":"Juan Dagnino NOTICIASMERCEDINAS.COM"},"url":"https:\/\/noticiasmercedinas.com\/site\/author\/juandagnino\/"}]}},"amp_enabled":true,"_links":{"self":[{"href":"https:\/\/noticiasmercedinas.com\/site\/wp-json\/wp\/v2\/posts\/51320","targetHints":{"allow":["GET"]}}],"collection":[{"href":"https:\/\/noticiasmercedinas.com\/site\/wp-json\/wp\/v2\/posts"}],"about":[{"href":"https:\/\/noticiasmercedinas.com\/site\/wp-json\/wp\/v2\/types\/post"}],"author":[{"embeddable":true,"href":"https:\/\/noticiasmercedinas.com\/site\/wp-json\/wp\/v2\/users\/6"}],"replies":[{"embeddable":true,"href":"https:\/\/noticiasmercedinas.com\/site\/wp-json\/wp\/v2\/comments?post=51320"}],"version-history":[{"count":1,"href":"https:\/\/noticiasmercedinas.com\/site\/wp-json\/wp\/v2\/posts\/51320\/revisions"}],"predecessor-version":[{"id":51325,"href":"https:\/\/noticiasmercedinas.com\/site\/wp-json\/wp\/v2\/posts\/51320\/revisions\/51325"}],"wp:featuredmedia":[{"embeddable":true,"href":"https:\/\/noticiasmercedinas.com\/site\/wp-json\/wp\/v2\/media\/51323"}],"wp:attachment":[{"href":"https:\/\/noticiasmercedinas.com\/site\/wp-json\/wp\/v2\/media?parent=51320"}],"wp:term":[{"taxonomy":"category","embeddable":true,"href":"https:\/\/noticiasmercedinas.com\/site\/wp-json\/wp\/v2\/categories?post=51320"},{"taxonomy":"post_tag","embeddable":true,"href":"https:\/\/noticiasmercedinas.com\/site\/wp-json\/wp\/v2\/tags?post=51320"}],"curies":[{"name":"wp","href":"https:\/\/api.w.org\/{rel}","templated":true}]}}