{"id":51540,"date":"2020-08-24T11:49:08","date_gmt":"2020-08-24T14:49:08","guid":{"rendered":"https:\/\/noticiasmercedinas.com\/site\/?p=51540"},"modified":"2020-08-24T11:49:08","modified_gmt":"2020-08-24T14:49:08","slug":"mes-de-las-infancias-los-regalos-que-no-se-compran","status":"publish","type":"post","link":"https:\/\/noticiasmercedinas.com\/site\/2020\/08\/24\/mes-de-las-infancias-los-regalos-que-no-se-compran\/","title":{"rendered":"Mes de las infancias: los regalos que no se compran"},"content":{"rendered":"<p><img loading=\"lazy\" decoding=\"async\" class=\"alignnone wp-image-51541\" src=\"https:\/\/noticiasmercedinas.com\/site\/wp-content\/uploads\/2020\/08\/image003.jpg\" alt=\"\" width=\"640\" height=\"427\" srcset=\"https:\/\/noticiasmercedinas.com\/site\/wp-content\/uploads\/2020\/08\/image003.jpg 379w, https:\/\/noticiasmercedinas.com\/site\/wp-content\/uploads\/2020\/08\/image003-300x200.jpg 300w\" sizes=\"auto, (max-width: 640px) 100vw, 640px\" \/><\/p>\n<p><em><strong>Por Alberto Arribas<\/strong><\/em><\/p>\n<p>El mes de agosto es uno de los momentos m\u00e1s esperados para las ni\u00f1as y los ni\u00f1os. Un per\u00edodo donde comercialmente se pone el foco en las infancias. Vemos mayores propuestas art\u00edsticas, celebraciones especiales, adultos m\u00e1s disponibles y recordamos la importancia de cuidar m\u00e1s la ni\u00f1ez. Sin embargo, es necesario para construir infancias m\u00e1s saludables, que las acciones que suceden en esa fecha espec\u00edfica tomen mayor protagonismo en la vida diaria. \u00bfPor qu\u00e9 esperar s\u00f3lo momentos especiales, cuando lo especial deber\u00eda ser todos los d\u00edas? Ser\u00eda interesante poder cambiar la mirada de lo que es realmente importante. Las ni\u00f1as y ni\u00f1os est\u00e1n en una etapa de aprendizajes, descubrimientos, construcciones de v\u00ednculos fuertes y adquisici\u00f3n de h\u00e1bitos, y para ello, necesitan de adultos sensibles y disponibles ante sus b\u00fasquedas.<\/p>\n<p>Intentemos reflexionar sobre nuestro accionar como adultos. Trabajamos cada vez m\u00e1s para poder comprar el \u00faltimo juguete de moda, cambiamos a\u00f1o tras a\u00f1o las consolas digitales, realizamos celebraciones ostentosas que muchas veces los peque\u00f1os no necesitan, ya que su mayor inter\u00e9s es jugar. Todo esto, va desplazando la importancia del tiempo para compartir junto a ellos con cuerpo y emociones presentes. Por eso es muy valioso preguntarnos el qu\u00e9 necesitan las ni\u00f1as y los ni\u00f1os y para qu\u00e9 lo necesitan, ya que esto nos llevar\u00e1 a que \u201clo esencial sea visible a los ojos\u201d.<\/p>\n<p>Busquemos juntos el mejor regalo.<\/p>\n<p><strong>PALABRAS y MIRADAS AMOROSAS.<\/strong> Decir \u201cgracias\u201d, \u201cperd\u00f3n\u201d, \u201clo importante es intentarlo\u201d, \u201csos valioso\u201d y \u201cte amo\u201d, hacen la gran diferencia, no tienen precio y nos ayudan a construir infancias saludables. Necesitamos que vuelva a tener sentido el valor de \u201cLa Palabra\u201d, sabiendo que la misma debe acompa\u00f1arse con actitudes, gestos y miradas.<\/p>\n<p><strong>DEJARLOS SER NI\u00d1AS Y NI\u00d1OS.<\/strong> La infancia es una gran etapa para explorar y aprender a disfrutar de las peque\u00f1as cosas: correr bajo la lluvia, juntar variedades de hojas del parque, crear historias con finales impensados, tener una curiosidad incansable o contemplar las estrellas tirados en el suelo. Y para que todo esto suceda debemos dejar de adultizar la infancia. A diario, vemos cada vez m\u00e1s a ni\u00f1as y ni\u00f1os \u201cdisfrazados\u201d de adultos, y la pregunta es \u00bfpara qu\u00e9 apurarlos si el mundo de grandes es cada vez m\u00e1s complejo?<\/p>\n<p><strong>M\u00c1S TIEMPO PARA COMPARTIR EN FAMILIA.<\/strong> Las ni\u00f1as y ni\u00f1os necesitan que los adultos disfruten con ellos salidas, juegos favoritos o un buen libro, sin prisa y sin pantallas. Es importante resignificar los espacios compartidos, siendo la mesa familiar un encuentro lleno de palabras, emociones e historias, entre tantas posibilidades. \u00c9ste es un gran espacio para elegir, dentro de lo posible, alimentos m\u00e1s sanos para construir salud.<\/p>\n<blockquote><p>Como adultos debemos acompa\u00f1arlos ya que los sistemas alimentarios, la publicidad y los entornos no nos permiten elegir criteriosamente<\/p><\/blockquote>\n<p><strong>ALIMENTACI\u00d3N SALUDABLE.<\/strong> Es un excelente regalo, que como adultos tenemos que tratar de garantizar a pesar de que cada vez sea m\u00e1s dif\u00edcil desde lo econ\u00f3mico y lo social. En las comidas deben estar m\u00e1s presentes las frutas y las verduras de estaci\u00f3n, las legumbres, los cereales integrales, la leche, el yogurt, el queso, las carnes y el huevo. Si hablamos de bebidas, el agua potable es la mejor bebida para regalar. Los alimentos de mayor preferencia en las ni\u00f1as y ni\u00f1os como las golosinas, gaseosas y los mal llamados comida chatarra, son alimentos que se pueden ofrecer, pero no deben abundar. La clave est\u00e1 en ayudarlos a elegir opciones y porciones saludables. Como adultos debemos acompa\u00f1arlos ya que los sistemas alimentarios, la publicidad y los entornos no nos permiten elegir criteriosamente.<\/p>\n<p><strong>COCINAR JUNTOS.<\/strong> Jugar en la cocina nos vincula a nuevos sabores, texturas, aromas que hacen del acto de comer un momento m\u00e1gico y \u00fanico. Va m\u00e1s all\u00e1 de los alimentos, el mismo atraviesa diversas dimensiones como lo cultural y la comensalidad. La cocina es un escenario l\u00fadico que permite aprender habilidades, competencias, rutinas, h\u00e1bitos de higiene, trabajo en equipo, tolerancia, paciencia y frustraciones, permitiendo una conexi\u00f3n integral con el cuerpo y las emociones. Las ni\u00f1as y ni\u00f1os necesitan acercarse a la comida casera y m\u00e1s saludable para construir h\u00e1bitos saludables desde temprana edad.<\/p>\n<blockquote><p>El mejor regalo para la sociedad son las infancias, necesitamos mirarlas, abrazarlas y que sean una prioridad.<\/p><\/blockquote>\n<p><strong>JUGUETES\/ JUEGOS.<\/strong> Cuando pensemos en regalar un juguete o juego que la premisa sea que los mismos inviten a crear e imaginar, sin tantos colores, ni sonidos o mecanismos estructurados y finitos. Por suerte, cada vez existen m\u00e1s opciones en el mercado que piensan en entretener, ayudando a desarrollar alguna habilidad. Otra gran opci\u00f3n ecol\u00f3gica y econ\u00f3mica es crear junto a ellos juegos o juguetes construidos con materiales reutilizables como latas, cajas, papeles, piedras, hojas de \u00e1rboles o botellas. Es una excelente oportunidad para hacer uso de sus habilidades sociales, motoras, afectivas y de los valores que se construyen en cada familia.<\/p>\n<p><strong>CONTAR UN CUENTO.<\/strong> Regalarles un cuento cada noche antes de descansar, permitir\u00e1 conectarse con la magia que tiene narrar historias, llenas de mensajes de superaci\u00f3n, resiliencia, amistad, resoluci\u00f3n de conflictos y esperanza. Las historias y los cuentos deben ser sentidos por el narrador, sin prisas y con pausas, con palabras, silencios, misterios y onomatopeyas que nos permitan transportarnos a mundos repletos de creatividad. Si los m\u00e1s peque\u00f1os reciben este regalo, m\u00e1s un beso y un \u201csiempre estoy\u201d, descansar\u00e1n saludablemente, esperando otro d\u00eda a descubrir, sabiendo que no est\u00e1n solos.<\/p>\n<p><strong>L\u00cdMITES.<\/strong> Las ni\u00f1as y los ni\u00f1os lo necesitan para crecer. Poner l\u00edmites es saludable, son muy necesarios ya que al ponerlos estamos dotando a la ni\u00f1a y al ni\u00f1o de seguridad y protecci\u00f3n. Debemos hacerlo desde el di\u00e1logo y la empat\u00eda, habilitando a las emociones.<\/p>\n<p><strong>EJEMPLOS PARA IMITAR E INSPIRAR.<\/strong> Las ni\u00f1as y ni\u00f1os aprenden de lo que ven de los adultos, son sus referentes. Su gran admiraci\u00f3n y amor hacia ellos los hace pensar que todas las acciones y actitudes que realizan son cosas buenas a imitar, donde muchas veces no es as\u00ed. Regalemos ejemplos saludables que puedan imitar como, por ejemplo, ser emp\u00e1ticos, solidarios, sensibles y libres. Todo esto en el mundo complejo que vivimos, llenos de injusticias y malos ejemplos, se hace dif\u00edcil, por lo que es importante que como adultos podamos registrar los que nos pasa, reflexionar c\u00f3mo actuamos, qu\u00e9 decimos, qu\u00e9 sentimos y analizar si es un buen ejemplo para imitar. Es la mejor manera de ense\u00f1arle a descubrir el maravilloso mundo emocional.<\/p>\n<p>El mejor regalo para la sociedad son las infancias, necesitamos mirarlas, abrazarlas y que sean una prioridad. Trabajemos juntos para que el mes de las infancias, sean todos los meses.<\/p>\n<hr \/>\n<p><em>Alberto Arribas es Licenciado en Nutrici\u00f3n (MAT 286), Especialista en Nutrici\u00f3n materno infantil del staff de CRENYF<\/em><\/p>\n","protected":false},"excerpt":{"rendered":"<p>Por Alberto Arribas El mes de agosto es uno de los momentos m\u00e1s esperados para las ni\u00f1as y los ni\u00f1os. Un per\u00edodo donde comercialmente se pone el foco en las infancias. Vemos mayores propuestas art\u00edsticas, celebraciones especiales, adultos m\u00e1s disponibles y recordamos la importancia de cuidar m\u00e1s la ni\u00f1ez. Sin embargo, es necesario para construir [&hellip;]<\/p>\n","protected":false},"author":16,"featured_media":51541,"comment_status":"open","ping_status":"open","sticky":false,"template":"","format":"standard","meta":{"footnotes":""},"categories":[8992],"tags":[6037,10033,4704],"class_list":["post-51540","post","type-post","status-publish","format-standard","has-post-thumbnail","hentry","category-bienestar","tag-alimentacion-saludable","tag-infancias","tag-nutricion"],"yoast_head":"<!-- This site is optimized with the Yoast SEO plugin v27.5 - https:\/\/yoast.com\/product\/yoast-seo-wordpress\/ -->\n<title>Mes de las infancias: los regalos que no se compran<\/title>\n<meta name=\"robots\" content=\"index, follow, max-snippet:-1, max-image-preview:large, max-video-preview:-1\" \/>\n<link rel=\"canonical\" href=\"https:\/\/noticiasmercedinas.com\/site\/2020\/08\/24\/mes-de-las-infancias-los-regalos-que-no-se-compran\/\" \/>\n<meta property=\"og:locale\" content=\"es_ES\" \/>\n<meta property=\"og:type\" content=\"article\" \/>\n<meta property=\"og:title\" content=\"Mes de las infancias: los regalos que no se compran\" \/>\n<meta property=\"og:description\" content=\"Por Alberto Arribas El mes de agosto es uno de los momentos m\u00e1s esperados para las ni\u00f1as y los ni\u00f1os. Un per\u00edodo donde comercialmente se pone el foco en las infancias. Vemos mayores propuestas art\u00edsticas, celebraciones especiales, adultos m\u00e1s disponibles y recordamos la importancia de cuidar m\u00e1s la ni\u00f1ez. Sin embargo, es necesario para construir [&hellip;]\" \/>\n<meta property=\"og:url\" content=\"https:\/\/noticiasmercedinas.com\/site\/2020\/08\/24\/mes-de-las-infancias-los-regalos-que-no-se-compran\/\" \/>\n<meta property=\"og:site_name\" content=\"NOTICIASMERCEDINAS.COM\" \/>\n<meta property=\"article:publisher\" content=\"https:\/\/www.facebook.com\/noticiasmercedinas\/\" \/>\n<meta property=\"article:published_time\" content=\"2020-08-24T14:49:08+00:00\" \/>\n<meta property=\"og:image\" content=\"https:\/\/noticiasmercedinas.com\/site\/wp-content\/uploads\/2020\/08\/image003.jpg\" \/>\n\t<meta property=\"og:image:width\" content=\"379\" \/>\n\t<meta property=\"og:image:height\" content=\"253\" \/>\n\t<meta property=\"og:image:type\" content=\"image\/jpeg\" \/>\n<meta name=\"author\" content=\"NOTICIASMERCEDINAS.COM\" \/>\n<meta name=\"twitter:card\" content=\"summary_large_image\" \/>\n<meta name=\"twitter:creator\" content=\"@notmercedinas\" \/>\n<meta name=\"twitter:site\" content=\"@notmercedinas\" \/>\n<meta name=\"twitter:label1\" content=\"Escrito por\" \/>\n\t<meta name=\"twitter:data1\" content=\"NOTICIASMERCEDINAS.COM\" \/>\n\t<meta name=\"twitter:label2\" content=\"Tiempo de lectura\" \/>\n\t<meta name=\"twitter:data2\" content=\"6 minutos\" \/>\n<script type=\"application\/ld+json\" class=\"yoast-schema-graph\">{\"@context\":\"https:\\\/\\\/schema.org\",\"@graph\":[{\"@type\":\"Article\",\"@id\":\"https:\\\/\\\/noticiasmercedinas.com\\\/site\\\/2020\\\/08\\\/24\\\/mes-de-las-infancias-los-regalos-que-no-se-compran\\\/#article\",\"isPartOf\":{\"@id\":\"https:\\\/\\\/noticiasmercedinas.com\\\/site\\\/2020\\\/08\\\/24\\\/mes-de-las-infancias-los-regalos-que-no-se-compran\\\/\"},\"author\":{\"name\":\"NOTICIASMERCEDINAS.COM\",\"@id\":\"https:\\\/\\\/noticiasmercedinas.com\\\/site\\\/#\\\/schema\\\/person\\\/84b59c099c28ff2e8b77d4ceec5d8063\"},\"headline\":\"Mes de las infancias: los regalos que no se compran\",\"datePublished\":\"2020-08-24T14:49:08+00:00\",\"mainEntityOfPage\":{\"@id\":\"https:\\\/\\\/noticiasmercedinas.com\\\/site\\\/2020\\\/08\\\/24\\\/mes-de-las-infancias-los-regalos-que-no-se-compran\\\/\"},\"wordCount\":1205,\"commentCount\":0,\"publisher\":{\"@id\":\"https:\\\/\\\/noticiasmercedinas.com\\\/site\\\/#organization\"},\"image\":{\"@id\":\"https:\\\/\\\/noticiasmercedinas.com\\\/site\\\/2020\\\/08\\\/24\\\/mes-de-las-infancias-los-regalos-que-no-se-compran\\\/#primaryimage\"},\"thumbnailUrl\":\"https:\\\/\\\/noticiasmercedinas.com\\\/site\\\/wp-content\\\/uploads\\\/2020\\\/08\\\/image003.jpg\",\"keywords\":[\"alimentacion saludable\",\"infancias\",\"nutrici\u00f3n\"],\"articleSection\":[\"Bienestar\"],\"inLanguage\":\"es\",\"potentialAction\":[{\"@type\":\"CommentAction\",\"name\":\"Comment\",\"target\":[\"https:\\\/\\\/noticiasmercedinas.com\\\/site\\\/2020\\\/08\\\/24\\\/mes-de-las-infancias-los-regalos-que-no-se-compran\\\/#respond\"]}]},{\"@type\":\"WebPage\",\"@id\":\"https:\\\/\\\/noticiasmercedinas.com\\\/site\\\/2020\\\/08\\\/24\\\/mes-de-las-infancias-los-regalos-que-no-se-compran\\\/\",\"url\":\"https:\\\/\\\/noticiasmercedinas.com\\\/site\\\/2020\\\/08\\\/24\\\/mes-de-las-infancias-los-regalos-que-no-se-compran\\\/\",\"name\":\"Mes de las infancias: los regalos que no se compran\",\"isPartOf\":{\"@id\":\"https:\\\/\\\/noticiasmercedinas.com\\\/site\\\/#website\"},\"primaryImageOfPage\":{\"@id\":\"https:\\\/\\\/noticiasmercedinas.com\\\/site\\\/2020\\\/08\\\/24\\\/mes-de-las-infancias-los-regalos-que-no-se-compran\\\/#primaryimage\"},\"image\":{\"@id\":\"https:\\\/\\\/noticiasmercedinas.com\\\/site\\\/2020\\\/08\\\/24\\\/mes-de-las-infancias-los-regalos-que-no-se-compran\\\/#primaryimage\"},\"thumbnailUrl\":\"https:\\\/\\\/noticiasmercedinas.com\\\/site\\\/wp-content\\\/uploads\\\/2020\\\/08\\\/image003.jpg\",\"datePublished\":\"2020-08-24T14:49:08+00:00\",\"breadcrumb\":{\"@id\":\"https:\\\/\\\/noticiasmercedinas.com\\\/site\\\/2020\\\/08\\\/24\\\/mes-de-las-infancias-los-regalos-que-no-se-compran\\\/#breadcrumb\"},\"inLanguage\":\"es\",\"potentialAction\":[{\"@type\":\"ReadAction\",\"target\":[\"https:\\\/\\\/noticiasmercedinas.com\\\/site\\\/2020\\\/08\\\/24\\\/mes-de-las-infancias-los-regalos-que-no-se-compran\\\/\"]}]},{\"@type\":\"ImageObject\",\"inLanguage\":\"es\",\"@id\":\"https:\\\/\\\/noticiasmercedinas.com\\\/site\\\/2020\\\/08\\\/24\\\/mes-de-las-infancias-los-regalos-que-no-se-compran\\\/#primaryimage\",\"url\":\"https:\\\/\\\/noticiasmercedinas.com\\\/site\\\/wp-content\\\/uploads\\\/2020\\\/08\\\/image003.jpg\",\"contentUrl\":\"https:\\\/\\\/noticiasmercedinas.com\\\/site\\\/wp-content\\\/uploads\\\/2020\\\/08\\\/image003.jpg\",\"width\":379,\"height\":253},{\"@type\":\"BreadcrumbList\",\"@id\":\"https:\\\/\\\/noticiasmercedinas.com\\\/site\\\/2020\\\/08\\\/24\\\/mes-de-las-infancias-los-regalos-que-no-se-compran\\\/#breadcrumb\",\"itemListElement\":[{\"@type\":\"ListItem\",\"position\":1,\"name\":\"Portada\",\"item\":\"https:\\\/\\\/noticiasmercedinas.com\\\/site\\\/\"},{\"@type\":\"ListItem\",\"position\":2,\"name\":\"Mes de las infancias: los regalos que no se compran\"}]},{\"@type\":\"WebSite\",\"@id\":\"https:\\\/\\\/noticiasmercedinas.com\\\/site\\\/#website\",\"url\":\"https:\\\/\\\/noticiasmercedinas.com\\\/site\\\/\",\"name\":\"NOTICIASMERCEDINAS.COM\",\"description\":\"Mercedes, Buenos Aires, Argentina\",\"publisher\":{\"@id\":\"https:\\\/\\\/noticiasmercedinas.com\\\/site\\\/#organization\"},\"potentialAction\":[{\"@type\":\"SearchAction\",\"target\":{\"@type\":\"EntryPoint\",\"urlTemplate\":\"https:\\\/\\\/noticiasmercedinas.com\\\/site\\\/?s={search_term_string}\"},\"query-input\":{\"@type\":\"PropertyValueSpecification\",\"valueRequired\":true,\"valueName\":\"search_term_string\"}}],\"inLanguage\":\"es\"},{\"@type\":\"Organization\",\"@id\":\"https:\\\/\\\/noticiasmercedinas.com\\\/site\\\/#organization\",\"name\":\"NOTICIASMERCEDINAS.COM\",\"url\":\"https:\\\/\\\/noticiasmercedinas.com\\\/site\\\/\",\"logo\":{\"@type\":\"ImageObject\",\"inLanguage\":\"es\",\"@id\":\"https:\\\/\\\/noticiasmercedinas.com\\\/site\\\/#\\\/schema\\\/logo\\\/image\\\/\",\"url\":\"https:\\\/\\\/noticiasmercedinas.com\\\/site\\\/wp-content\\\/uploads\\\/2020\\\/06\\\/LOGO-512.jpg\",\"contentUrl\":\"https:\\\/\\\/noticiasmercedinas.com\\\/site\\\/wp-content\\\/uploads\\\/2020\\\/06\\\/LOGO-512.jpg\",\"width\":512,\"height\":512,\"caption\":\"NOTICIASMERCEDINAS.COM\"},\"image\":{\"@id\":\"https:\\\/\\\/noticiasmercedinas.com\\\/site\\\/#\\\/schema\\\/logo\\\/image\\\/\"},\"sameAs\":[\"https:\\\/\\\/www.facebook.com\\\/noticiasmercedinas\\\/\",\"https:\\\/\\\/x.com\\\/notmercedinas\",\"https:\\\/\\\/www.instagram.com\\\/noticiasmercedinas\\\/\"]},{\"@type\":\"Person\",\"@id\":\"https:\\\/\\\/noticiasmercedinas.com\\\/site\\\/#\\\/schema\\\/person\\\/84b59c099c28ff2e8b77d4ceec5d8063\",\"name\":\"NOTICIASMERCEDINAS.COM\",\"image\":{\"@type\":\"ImageObject\",\"inLanguage\":\"es\",\"@id\":\"https:\\\/\\\/secure.gravatar.com\\\/avatar\\\/4dfbf16b4d17945bfb6341b2d19043457132fcf478a5ee04f42e959fd8f5df0a?s=96&d=mm&r=g\",\"url\":\"https:\\\/\\\/secure.gravatar.com\\\/avatar\\\/4dfbf16b4d17945bfb6341b2d19043457132fcf478a5ee04f42e959fd8f5df0a?s=96&d=mm&r=g\",\"contentUrl\":\"https:\\\/\\\/secure.gravatar.com\\\/avatar\\\/4dfbf16b4d17945bfb6341b2d19043457132fcf478a5ee04f42e959fd8f5df0a?s=96&d=mm&r=g\",\"caption\":\"NOTICIASMERCEDINAS.COM\"},\"url\":\"https:\\\/\\\/noticiasmercedinas.com\\\/site\\\/author\\\/anonimo\\\/\"}]}<\/script>\n<!-- \/ Yoast SEO plugin. -->","yoast_head_json":{"title":"Mes de las infancias: los regalos que no se compran","robots":{"index":"index","follow":"follow","max-snippet":"max-snippet:-1","max-image-preview":"max-image-preview:large","max-video-preview":"max-video-preview:-1"},"canonical":"https:\/\/noticiasmercedinas.com\/site\/2020\/08\/24\/mes-de-las-infancias-los-regalos-que-no-se-compran\/","og_locale":"es_ES","og_type":"article","og_title":"Mes de las infancias: los regalos que no se compran","og_description":"Por Alberto Arribas El mes de agosto es uno de los momentos m\u00e1s esperados para las ni\u00f1as y los ni\u00f1os. Un per\u00edodo donde comercialmente se pone el foco en las infancias. Vemos mayores propuestas art\u00edsticas, celebraciones especiales, adultos m\u00e1s disponibles y recordamos la importancia de cuidar m\u00e1s la ni\u00f1ez. Sin embargo, es necesario para construir [&hellip;]","og_url":"https:\/\/noticiasmercedinas.com\/site\/2020\/08\/24\/mes-de-las-infancias-los-regalos-que-no-se-compran\/","og_site_name":"NOTICIASMERCEDINAS.COM","article_publisher":"https:\/\/www.facebook.com\/noticiasmercedinas\/","article_published_time":"2020-08-24T14:49:08+00:00","og_image":[{"width":379,"height":253,"url":"https:\/\/noticiasmercedinas.com\/site\/wp-content\/uploads\/2020\/08\/image003.jpg","type":"image\/jpeg"}],"author":"NOTICIASMERCEDINAS.COM","twitter_card":"summary_large_image","twitter_creator":"@notmercedinas","twitter_site":"@notmercedinas","twitter_misc":{"Escrito por":"NOTICIASMERCEDINAS.COM","Tiempo de lectura":"6 minutos"},"schema":{"@context":"https:\/\/schema.org","@graph":[{"@type":"Article","@id":"https:\/\/noticiasmercedinas.com\/site\/2020\/08\/24\/mes-de-las-infancias-los-regalos-que-no-se-compran\/#article","isPartOf":{"@id":"https:\/\/noticiasmercedinas.com\/site\/2020\/08\/24\/mes-de-las-infancias-los-regalos-que-no-se-compran\/"},"author":{"name":"NOTICIASMERCEDINAS.COM","@id":"https:\/\/noticiasmercedinas.com\/site\/#\/schema\/person\/84b59c099c28ff2e8b77d4ceec5d8063"},"headline":"Mes de las infancias: los regalos que no se compran","datePublished":"2020-08-24T14:49:08+00:00","mainEntityOfPage":{"@id":"https:\/\/noticiasmercedinas.com\/site\/2020\/08\/24\/mes-de-las-infancias-los-regalos-que-no-se-compran\/"},"wordCount":1205,"commentCount":0,"publisher":{"@id":"https:\/\/noticiasmercedinas.com\/site\/#organization"},"image":{"@id":"https:\/\/noticiasmercedinas.com\/site\/2020\/08\/24\/mes-de-las-infancias-los-regalos-que-no-se-compran\/#primaryimage"},"thumbnailUrl":"https:\/\/noticiasmercedinas.com\/site\/wp-content\/uploads\/2020\/08\/image003.jpg","keywords":["alimentacion saludable","infancias","nutrici\u00f3n"],"articleSection":["Bienestar"],"inLanguage":"es","potentialAction":[{"@type":"CommentAction","name":"Comment","target":["https:\/\/noticiasmercedinas.com\/site\/2020\/08\/24\/mes-de-las-infancias-los-regalos-que-no-se-compran\/#respond"]}]},{"@type":"WebPage","@id":"https:\/\/noticiasmercedinas.com\/site\/2020\/08\/24\/mes-de-las-infancias-los-regalos-que-no-se-compran\/","url":"https:\/\/noticiasmercedinas.com\/site\/2020\/08\/24\/mes-de-las-infancias-los-regalos-que-no-se-compran\/","name":"Mes de las infancias: los regalos que no se compran","isPartOf":{"@id":"https:\/\/noticiasmercedinas.com\/site\/#website"},"primaryImageOfPage":{"@id":"https:\/\/noticiasmercedinas.com\/site\/2020\/08\/24\/mes-de-las-infancias-los-regalos-que-no-se-compran\/#primaryimage"},"image":{"@id":"https:\/\/noticiasmercedinas.com\/site\/2020\/08\/24\/mes-de-las-infancias-los-regalos-que-no-se-compran\/#primaryimage"},"thumbnailUrl":"https:\/\/noticiasmercedinas.com\/site\/wp-content\/uploads\/2020\/08\/image003.jpg","datePublished":"2020-08-24T14:49:08+00:00","breadcrumb":{"@id":"https:\/\/noticiasmercedinas.com\/site\/2020\/08\/24\/mes-de-las-infancias-los-regalos-que-no-se-compran\/#breadcrumb"},"inLanguage":"es","potentialAction":[{"@type":"ReadAction","target":["https:\/\/noticiasmercedinas.com\/site\/2020\/08\/24\/mes-de-las-infancias-los-regalos-que-no-se-compran\/"]}]},{"@type":"ImageObject","inLanguage":"es","@id":"https:\/\/noticiasmercedinas.com\/site\/2020\/08\/24\/mes-de-las-infancias-los-regalos-que-no-se-compran\/#primaryimage","url":"https:\/\/noticiasmercedinas.com\/site\/wp-content\/uploads\/2020\/08\/image003.jpg","contentUrl":"https:\/\/noticiasmercedinas.com\/site\/wp-content\/uploads\/2020\/08\/image003.jpg","width":379,"height":253},{"@type":"BreadcrumbList","@id":"https:\/\/noticiasmercedinas.com\/site\/2020\/08\/24\/mes-de-las-infancias-los-regalos-que-no-se-compran\/#breadcrumb","itemListElement":[{"@type":"ListItem","position":1,"name":"Portada","item":"https:\/\/noticiasmercedinas.com\/site\/"},{"@type":"ListItem","position":2,"name":"Mes de las infancias: los regalos que no se compran"}]},{"@type":"WebSite","@id":"https:\/\/noticiasmercedinas.com\/site\/#website","url":"https:\/\/noticiasmercedinas.com\/site\/","name":"NOTICIASMERCEDINAS.COM","description":"Mercedes, Buenos Aires, Argentina","publisher":{"@id":"https:\/\/noticiasmercedinas.com\/site\/#organization"},"potentialAction":[{"@type":"SearchAction","target":{"@type":"EntryPoint","urlTemplate":"https:\/\/noticiasmercedinas.com\/site\/?s={search_term_string}"},"query-input":{"@type":"PropertyValueSpecification","valueRequired":true,"valueName":"search_term_string"}}],"inLanguage":"es"},{"@type":"Organization","@id":"https:\/\/noticiasmercedinas.com\/site\/#organization","name":"NOTICIASMERCEDINAS.COM","url":"https:\/\/noticiasmercedinas.com\/site\/","logo":{"@type":"ImageObject","inLanguage":"es","@id":"https:\/\/noticiasmercedinas.com\/site\/#\/schema\/logo\/image\/","url":"https:\/\/noticiasmercedinas.com\/site\/wp-content\/uploads\/2020\/06\/LOGO-512.jpg","contentUrl":"https:\/\/noticiasmercedinas.com\/site\/wp-content\/uploads\/2020\/06\/LOGO-512.jpg","width":512,"height":512,"caption":"NOTICIASMERCEDINAS.COM"},"image":{"@id":"https:\/\/noticiasmercedinas.com\/site\/#\/schema\/logo\/image\/"},"sameAs":["https:\/\/www.facebook.com\/noticiasmercedinas\/","https:\/\/x.com\/notmercedinas","https:\/\/www.instagram.com\/noticiasmercedinas\/"]},{"@type":"Person","@id":"https:\/\/noticiasmercedinas.com\/site\/#\/schema\/person\/84b59c099c28ff2e8b77d4ceec5d8063","name":"NOTICIASMERCEDINAS.COM","image":{"@type":"ImageObject","inLanguage":"es","@id":"https:\/\/secure.gravatar.com\/avatar\/4dfbf16b4d17945bfb6341b2d19043457132fcf478a5ee04f42e959fd8f5df0a?s=96&d=mm&r=g","url":"https:\/\/secure.gravatar.com\/avatar\/4dfbf16b4d17945bfb6341b2d19043457132fcf478a5ee04f42e959fd8f5df0a?s=96&d=mm&r=g","contentUrl":"https:\/\/secure.gravatar.com\/avatar\/4dfbf16b4d17945bfb6341b2d19043457132fcf478a5ee04f42e959fd8f5df0a?s=96&d=mm&r=g","caption":"NOTICIASMERCEDINAS.COM"},"url":"https:\/\/noticiasmercedinas.com\/site\/author\/anonimo\/"}]}},"amp_enabled":true,"_links":{"self":[{"href":"https:\/\/noticiasmercedinas.com\/site\/wp-json\/wp\/v2\/posts\/51540","targetHints":{"allow":["GET"]}}],"collection":[{"href":"https:\/\/noticiasmercedinas.com\/site\/wp-json\/wp\/v2\/posts"}],"about":[{"href":"https:\/\/noticiasmercedinas.com\/site\/wp-json\/wp\/v2\/types\/post"}],"author":[{"embeddable":true,"href":"https:\/\/noticiasmercedinas.com\/site\/wp-json\/wp\/v2\/users\/16"}],"replies":[{"embeddable":true,"href":"https:\/\/noticiasmercedinas.com\/site\/wp-json\/wp\/v2\/comments?post=51540"}],"version-history":[{"count":1,"href":"https:\/\/noticiasmercedinas.com\/site\/wp-json\/wp\/v2\/posts\/51540\/revisions"}],"predecessor-version":[{"id":51542,"href":"https:\/\/noticiasmercedinas.com\/site\/wp-json\/wp\/v2\/posts\/51540\/revisions\/51542"}],"wp:featuredmedia":[{"embeddable":true,"href":"https:\/\/noticiasmercedinas.com\/site\/wp-json\/wp\/v2\/media\/51541"}],"wp:attachment":[{"href":"https:\/\/noticiasmercedinas.com\/site\/wp-json\/wp\/v2\/media?parent=51540"}],"wp:term":[{"taxonomy":"category","embeddable":true,"href":"https:\/\/noticiasmercedinas.com\/site\/wp-json\/wp\/v2\/categories?post=51540"},{"taxonomy":"post_tag","embeddable":true,"href":"https:\/\/noticiasmercedinas.com\/site\/wp-json\/wp\/v2\/tags?post=51540"}],"curies":[{"name":"wp","href":"https:\/\/api.w.org\/{rel}","templated":true}]}}