{"id":51589,"date":"2020-08-24T17:25:07","date_gmt":"2020-08-24T20:25:07","guid":{"rendered":"https:\/\/noticiasmercedinas.com\/site\/?p=51589"},"modified":"2020-08-24T17:25:07","modified_gmt":"2020-08-24T20:25:07","slug":"alertan-aumento-de-casos-en-el-interior-bonaerense","status":"publish","type":"post","link":"https:\/\/noticiasmercedinas.com\/site\/2020\/08\/24\/alertan-aumento-de-casos-en-el-interior-bonaerense\/","title":{"rendered":"Alertan aumento de casos en el interior bonaerense"},"content":{"rendered":"<p><img loading=\"lazy\" decoding=\"async\" class=\"alignnone size-large wp-image-51590\" src=\"https:\/\/noticiasmercedinas.com\/site\/wp-content\/uploads\/2020\/08\/2020_08_24-CB_CONFERENCIA-DE-PRENSA-SALUD_2020_08_24-CB_CONFERENCIA-DE-PRENSA-SALUD_SGE_6638-1024x699.jpg\" alt=\"\" width=\"640\" height=\"437\" srcset=\"https:\/\/noticiasmercedinas.com\/site\/wp-content\/uploads\/2020\/08\/2020_08_24-CB_CONFERENCIA-DE-PRENSA-SALUD_2020_08_24-CB_CONFERENCIA-DE-PRENSA-SALUD_SGE_6638-1024x699.jpg 1024w, https:\/\/noticiasmercedinas.com\/site\/wp-content\/uploads\/2020\/08\/2020_08_24-CB_CONFERENCIA-DE-PRENSA-SALUD_2020_08_24-CB_CONFERENCIA-DE-PRENSA-SALUD_SGE_6638-300x205.jpg 300w, https:\/\/noticiasmercedinas.com\/site\/wp-content\/uploads\/2020\/08\/2020_08_24-CB_CONFERENCIA-DE-PRENSA-SALUD_2020_08_24-CB_CONFERENCIA-DE-PRENSA-SALUD_SGE_6638-768x524.jpg 768w, https:\/\/noticiasmercedinas.com\/site\/wp-content\/uploads\/2020\/08\/2020_08_24-CB_CONFERENCIA-DE-PRENSA-SALUD_2020_08_24-CB_CONFERENCIA-DE-PRENSA-SALUD_SGE_6638-1536x1048.jpg 1536w, https:\/\/noticiasmercedinas.com\/site\/wp-content\/uploads\/2020\/08\/2020_08_24-CB_CONFERENCIA-DE-PRENSA-SALUD_2020_08_24-CB_CONFERENCIA-DE-PRENSA-SALUD_SGE_6638-2048x1398.jpg 2048w, https:\/\/noticiasmercedinas.com\/site\/wp-content\/uploads\/2020\/08\/2020_08_24-CB_CONFERENCIA-DE-PRENSA-SALUD_2020_08_24-CB_CONFERENCIA-DE-PRENSA-SALUD_SGE_6638-640x437.jpg 640w, https:\/\/noticiasmercedinas.com\/site\/wp-content\/uploads\/2020\/08\/2020_08_24-CB_CONFERENCIA-DE-PRENSA-SALUD_2020_08_24-CB_CONFERENCIA-DE-PRENSA-SALUD_SGE_6638-1280x874.jpg 1280w, https:\/\/noticiasmercedinas.com\/site\/wp-content\/uploads\/2020\/08\/2020_08_24-CB_CONFERENCIA-DE-PRENSA-SALUD_2020_08_24-CB_CONFERENCIA-DE-PRENSA-SALUD_SGE_6638-681x465.jpg 681w, https:\/\/noticiasmercedinas.com\/site\/wp-content\/uploads\/2020\/08\/2020_08_24-CB_CONFERENCIA-DE-PRENSA-SALUD_2020_08_24-CB_CONFERENCIA-DE-PRENSA-SALUD_SGE_6638-1362x930.jpg 1362w\" sizes=\"auto, (max-width: 640px) 100vw, 640px\" \/><\/p>\n<p>El jefe de Gabinete, Carlos Bianco, y el ministro de Salud, Daniel Gollan, expusieron hoy las cifras sobre la evoluci\u00f3n de la pandemia de covid-19 en la provincia de Buenos Aires y la situaci\u00f3n del esquema de fases de aislamiento y distanciamiento social, preventivo y obligatorio en los distritos bonaerenses. En la conferencia de prensa realizada en el Sal\u00f3n Dorado de la Casa de Gobierno bonaerense, los funcionarios estuvieron acompa\u00f1ados por el viceministro de Salud, Nicol\u00e1s Kreplak.<\/p>\n<p>El ministro Gollan advirti\u00f3 sobre la expansi\u00f3n de la enfermedad en el interior de la provincia, zona que ya registra el 8% de los casos a nivel nacional. En lo que hace al \u00c1rea Metropolitana de Buenos Aires (AMBA), no obstante, el ministro destac\u00f3 que se registra un descenso marcado de la velocidad de crecimiento de los contagios, incluso con un amesetamiento en la ciudad de Buenos Aires, lo que calific\u00f3 como \u201cuna buena se\u00f1al que tambi\u00e9n vemos en el Conurbano, principalmente en el primer y segundo cord\u00f3n\u201d.<\/p>\n<p>\u201cEstamos logrando comenzar a amesetar esta curva, con mucho esfuerzo\u201d, a\u00f1adi\u00f3 Gollan, y aclar\u00f3 que esto se da en el contexto actual de niveles de movilidad relativamente acotados en t\u00e9rminos de transporte p\u00fablico, ausencia de clases presenciales, etc. El ministro tambi\u00e9n dijo que lentamente est\u00e1 disminuyendo el porcentaje de ocupaci\u00f3n de terapia intensiva, que actualmente se ubica en un 61,8%, gracias a la ampliaci\u00f3n de la cantidad de camas (que en dicho nivel de atenci\u00f3n ya superan las 6.000) y a una reducci\u00f3n de los tiempos de internaci\u00f3n.<\/p>\n<p>Finalmente, Gollan tambi\u00e9n subray\u00f3 el esfuerzo que realiza el Gobierno provincial en \u00e1mbitos como el del testeo, con 47 laboratorios que realizan un promedio de 9.100 an\u00e1lisis semanales; la provisi\u00f3n constante de equipamiento e insumos sanitarios; el trabajo de seguimiento de pacientes y personas aisladas que realizan los Centros de Telemedicina Covid (CETEC), con cerca de 110 mil llamadas telef\u00f3nicas diarias; y el aumento a 718 de la cantidad de donantes de plasma, con 1.810 pacientes transfundidos.<\/p>\n<p>Carlos Bianco, por su parte, expuso la situaci\u00f3n del esquema de fases de aislamiento y distanciamiento social, preventivo y obligatorio: 39 municipios se encuentran en fase 3, 53 en fase 4 y 43 en fase 5. El jefe de Gabinete remarc\u00f3 que, como reflejo de la expansi\u00f3n de casos en el interior de la provincia, por primera vez hay m\u00e1s distritos en fase 4 que en fase 5.<\/p>\n<p>\u201cSi bien se ha estabilizado relativamente la situaci\u00f3n en el AMBA, (la pandemia) est\u00e1 avanzando mucho m\u00e1s fuertemente en el interior, y por eso queremos dar una se\u00f1al de alarma respecto de los comportamientos sociales\u201d, causantes de muchos de los brotes en dicha zona de la provincia.<\/p>\n<p>Bianco aclar\u00f3 que, no obstante, no se pretende judicializar los comportamientos sociales, sino que el Gobierno provincial apela a la responsabilidad social de la poblaci\u00f3n y de quienes tienen funciones de gesti\u00f3n.<\/p>\n<p>Bianco se\u00f1al\u00f3 que ahora hay 53 municipios en fase 4, y \u201cahora solamente, recordemos que empezamos con 60\u201d, hay 43 municipios en fase 5. \u201cQueremos dar una se\u00f1al de alarma respecto a los comportamientos sociales que se dan en el interior. El com\u00fan denominador es que hubo un asado multitudinario o alg\u00fan evento clandestino, varias de esas cuestiones son las que nos repiten los intendentes\u201d, indic\u00f3 el ministro coordinador.<\/p>\n<p>En ese sentido, precis\u00f3 que descendieron de fase 5 a fase 4: 25 de mayo, Balcarce, Viamonte, Jun\u00edn, La Costa, Las Flores, Mar Chiquita, Tandil y Villa Gesell. Mientras que Coronel Dorrego, Navarro y Suipacha ascendieron a fase 5.<\/p>\n<p>\u201cLejos de estar esto controlado viene sucediendo que se est\u00e1 expandiendo hacia el interior. Estamos reclamando m\u00e1xima alerta y responsabilidad de las actividades que est\u00e1n permitidas\u201d, indic\u00f3 Bianco.<\/p>\n<p>Por otro lado, Bianco detall\u00f3 que, en consonancia con lo dispuesto por el Gobierno nacional, se ha decidido habilitar a partir de hoy la pr\u00e1ctica de deportes individuales, con el prop\u00f3sito principal de que clubes, entrenadores y profesores que trabajan en estos rubros puedan generar una fuente de ingresos. Las condiciones para la pr\u00e1ctica incluyen ser realizados solamente de lunes a viernes, al aire libre, en el \u00e1mbito de clubes o polideportivos y de modo amateur.<\/p>\n<p>A continuaci\u00f3n, el funcionario enumer\u00f3 los deportes habilitados: atletismo en todas sus modalidades (individual), tenis (single), paddle (single), nataci\u00f3n en aguas abiertas, canotaje (individual), yachting (vela, individual), remo (individual), golf, skateboarding (en club o polideportivo, con turno), preparaci\u00f3n f\u00edsica individual con entrenador personal (en clubes o polideportivos), deportes ecuestres (entrenamientos), ciclismo con circuito determinado (en vel\u00f3dromo) y BMX (con turno, individual), escuelas de pat\u00edn carrera y pat\u00edn art\u00edstico (en espacios abiertos), surf (solo en modalidad escuela de surf), pesca deportiva (individual, con distanciamiento, en clubes de pesca), tiro deportivo (individual, en espacios abiertos), b\u00e1dminton y tenis de mesa (single, en espacios abiertos). Para los distritos en fase 5, agreg\u00f3 Bianco, tambi\u00e9n se habilitar\u00e1n talleres culturales y art\u00edsticos en peque\u00f1a escala.<\/p>\n<p>Por \u00faltimo, consultado sobre la situaci\u00f3n sanitaria encontrada al inicio de la actual gesti\u00f3n del Gobierno provincial, Bianco repas\u00f3 la situaci\u00f3n cr\u00edtica heredada y se\u00f1al\u00f3 los efectos nocivos de los ajustes constantes y los resultados destructivos de las pol\u00edticas neoliberales sobre el funcionamiento del sistema sanitario de la provincia.<\/p>\n","protected":false},"excerpt":{"rendered":"<p>\u25a0 Dieron a conocer estado de situaci\u00f3n epidemiol\u00f3gica y esquema de fases en la provincia. Navarro y Suipacha pasan a Fase 5. Mercedes permanece en la 4.<\/p>\n","protected":false},"author":2,"featured_media":51590,"comment_status":"open","ping_status":"open","sticky":false,"template":"","format":"standard","meta":{"footnotes":""},"categories":[10],"tags":[8392,9920],"class_list":["post-51589","post","type-post","status-publish","format-standard","has-post-thumbnail","hentry","category-especiales","tag-coronavirus","tag-fases"],"yoast_head":"<!-- This site is optimized with the Yoast SEO plugin v27.4 - https:\/\/yoast.com\/product\/yoast-seo-wordpress\/ -->\n<title>Alertan aumento de casos en el interior bonaerense<\/title>\n<meta name=\"robots\" content=\"index, follow, max-snippet:-1, max-image-preview:large, max-video-preview:-1\" \/>\n<link rel=\"canonical\" href=\"https:\/\/noticiasmercedinas.com\/site\/2020\/08\/24\/alertan-aumento-de-casos-en-el-interior-bonaerense\/\" \/>\n<meta property=\"og:locale\" content=\"es_ES\" \/>\n<meta property=\"og:type\" content=\"article\" \/>\n<meta property=\"og:title\" content=\"Alertan aumento de casos en el interior bonaerense\" \/>\n<meta property=\"og:description\" content=\"\u25a0 Dieron a conocer estado de situaci\u00f3n epidemiol\u00f3gica y esquema de fases en la provincia. Navarro y Suipacha pasan a Fase 5. Mercedes permanece en la 4.\" \/>\n<meta property=\"og:url\" content=\"https:\/\/noticiasmercedinas.com\/site\/2020\/08\/24\/alertan-aumento-de-casos-en-el-interior-bonaerense\/\" \/>\n<meta property=\"og:site_name\" content=\"NOTICIASMERCEDINAS.COM\" \/>\n<meta property=\"article:publisher\" content=\"https:\/\/www.facebook.com\/noticiasmercedinas\/\" \/>\n<meta property=\"article:author\" content=\"https:\/\/www.facebook.com\/cristian.falabella\" \/>\n<meta property=\"article:published_time\" content=\"2020-08-24T20:25:07+00:00\" \/>\n<meta property=\"og:image\" content=\"https:\/\/noticiasmercedinas.com\/site\/wp-content\/uploads\/2020\/08\/2020_08_24-CB_CONFERENCIA-DE-PRENSA-SALUD_2020_08_24-CB_CONFERENCIA-DE-PRENSA-SALUD_SGE_6638-scaled.jpg\" \/>\n\t<meta property=\"og:image:width\" content=\"2560\" \/>\n\t<meta property=\"og:image:height\" content=\"1747\" \/>\n\t<meta property=\"og:image:type\" content=\"image\/jpeg\" \/>\n<meta name=\"author\" content=\"Cristian Falabella NOTICIASMERCEDINAS.COM\" \/>\n<meta name=\"twitter:card\" content=\"summary_large_image\" \/>\n<meta name=\"twitter:creator\" content=\"@https:\/\/twitter.com\/NOTMERCEDINAS\" \/>\n<meta name=\"twitter:site\" content=\"@notmercedinas\" \/>\n<meta name=\"twitter:label1\" content=\"Escrito por\" \/>\n\t<meta name=\"twitter:data1\" content=\"Cristian Falabella NOTICIASMERCEDINAS.COM\" \/>\n\t<meta name=\"twitter:label2\" content=\"Tiempo de lectura\" \/>\n\t<meta name=\"twitter:data2\" content=\"4 minutos\" \/>\n<script type=\"application\/ld+json\" class=\"yoast-schema-graph\">{\"@context\":\"https:\\\/\\\/schema.org\",\"@graph\":[{\"@type\":\"Article\",\"@id\":\"https:\\\/\\\/noticiasmercedinas.com\\\/site\\\/2020\\\/08\\\/24\\\/alertan-aumento-de-casos-en-el-interior-bonaerense\\\/#article\",\"isPartOf\":{\"@id\":\"https:\\\/\\\/noticiasmercedinas.com\\\/site\\\/2020\\\/08\\\/24\\\/alertan-aumento-de-casos-en-el-interior-bonaerense\\\/\"},\"author\":{\"name\":\"Cristian Falabella NOTICIASMERCEDINAS.COM\",\"@id\":\"https:\\\/\\\/noticiasmercedinas.com\\\/site\\\/#\\\/schema\\\/person\\\/d481a9696a5feaec13a60e2bbd991a6a\"},\"headline\":\"Alertan aumento de casos en el interior bonaerense\",\"datePublished\":\"2020-08-24T20:25:07+00:00\",\"mainEntityOfPage\":{\"@id\":\"https:\\\/\\\/noticiasmercedinas.com\\\/site\\\/2020\\\/08\\\/24\\\/alertan-aumento-de-casos-en-el-interior-bonaerense\\\/\"},\"wordCount\":899,\"commentCount\":0,\"publisher\":{\"@id\":\"https:\\\/\\\/noticiasmercedinas.com\\\/site\\\/#organization\"},\"image\":{\"@id\":\"https:\\\/\\\/noticiasmercedinas.com\\\/site\\\/2020\\\/08\\\/24\\\/alertan-aumento-de-casos-en-el-interior-bonaerense\\\/#primaryimage\"},\"thumbnailUrl\":\"https:\\\/\\\/noticiasmercedinas.com\\\/site\\\/wp-content\\\/uploads\\\/2020\\\/08\\\/2020_08_24-CB_CONFERENCIA-DE-PRENSA-SALUD_2020_08_24-CB_CONFERENCIA-DE-PRENSA-SALUD_SGE_6638-scaled.jpg\",\"keywords\":[\"coronavirus\",\"fases\"],\"articleSection\":[\"Covid-19\"],\"inLanguage\":\"es\",\"potentialAction\":[{\"@type\":\"CommentAction\",\"name\":\"Comment\",\"target\":[\"https:\\\/\\\/noticiasmercedinas.com\\\/site\\\/2020\\\/08\\\/24\\\/alertan-aumento-de-casos-en-el-interior-bonaerense\\\/#respond\"]}]},{\"@type\":\"WebPage\",\"@id\":\"https:\\\/\\\/noticiasmercedinas.com\\\/site\\\/2020\\\/08\\\/24\\\/alertan-aumento-de-casos-en-el-interior-bonaerense\\\/\",\"url\":\"https:\\\/\\\/noticiasmercedinas.com\\\/site\\\/2020\\\/08\\\/24\\\/alertan-aumento-de-casos-en-el-interior-bonaerense\\\/\",\"name\":\"Alertan aumento de casos en el interior bonaerense\",\"isPartOf\":{\"@id\":\"https:\\\/\\\/noticiasmercedinas.com\\\/site\\\/#website\"},\"primaryImageOfPage\":{\"@id\":\"https:\\\/\\\/noticiasmercedinas.com\\\/site\\\/2020\\\/08\\\/24\\\/alertan-aumento-de-casos-en-el-interior-bonaerense\\\/#primaryimage\"},\"image\":{\"@id\":\"https:\\\/\\\/noticiasmercedinas.com\\\/site\\\/2020\\\/08\\\/24\\\/alertan-aumento-de-casos-en-el-interior-bonaerense\\\/#primaryimage\"},\"thumbnailUrl\":\"https:\\\/\\\/noticiasmercedinas.com\\\/site\\\/wp-content\\\/uploads\\\/2020\\\/08\\\/2020_08_24-CB_CONFERENCIA-DE-PRENSA-SALUD_2020_08_24-CB_CONFERENCIA-DE-PRENSA-SALUD_SGE_6638-scaled.jpg\",\"datePublished\":\"2020-08-24T20:25:07+00:00\",\"breadcrumb\":{\"@id\":\"https:\\\/\\\/noticiasmercedinas.com\\\/site\\\/2020\\\/08\\\/24\\\/alertan-aumento-de-casos-en-el-interior-bonaerense\\\/#breadcrumb\"},\"inLanguage\":\"es\",\"potentialAction\":[{\"@type\":\"ReadAction\",\"target\":[\"https:\\\/\\\/noticiasmercedinas.com\\\/site\\\/2020\\\/08\\\/24\\\/alertan-aumento-de-casos-en-el-interior-bonaerense\\\/\"]}]},{\"@type\":\"ImageObject\",\"inLanguage\":\"es\",\"@id\":\"https:\\\/\\\/noticiasmercedinas.com\\\/site\\\/2020\\\/08\\\/24\\\/alertan-aumento-de-casos-en-el-interior-bonaerense\\\/#primaryimage\",\"url\":\"https:\\\/\\\/noticiasmercedinas.com\\\/site\\\/wp-content\\\/uploads\\\/2020\\\/08\\\/2020_08_24-CB_CONFERENCIA-DE-PRENSA-SALUD_2020_08_24-CB_CONFERENCIA-DE-PRENSA-SALUD_SGE_6638-scaled.jpg\",\"contentUrl\":\"https:\\\/\\\/noticiasmercedinas.com\\\/site\\\/wp-content\\\/uploads\\\/2020\\\/08\\\/2020_08_24-CB_CONFERENCIA-DE-PRENSA-SALUD_2020_08_24-CB_CONFERENCIA-DE-PRENSA-SALUD_SGE_6638-scaled.jpg\",\"width\":2560,\"height\":1747},{\"@type\":\"BreadcrumbList\",\"@id\":\"https:\\\/\\\/noticiasmercedinas.com\\\/site\\\/2020\\\/08\\\/24\\\/alertan-aumento-de-casos-en-el-interior-bonaerense\\\/#breadcrumb\",\"itemListElement\":[{\"@type\":\"ListItem\",\"position\":1,\"name\":\"Portada\",\"item\":\"https:\\\/\\\/noticiasmercedinas.com\\\/site\\\/\"},{\"@type\":\"ListItem\",\"position\":2,\"name\":\"Alertan aumento de casos en el interior bonaerense\"}]},{\"@type\":\"WebSite\",\"@id\":\"https:\\\/\\\/noticiasmercedinas.com\\\/site\\\/#website\",\"url\":\"https:\\\/\\\/noticiasmercedinas.com\\\/site\\\/\",\"name\":\"NOTICIASMERCEDINAS.COM\",\"description\":\"Mercedes, Buenos Aires, Argentina\",\"publisher\":{\"@id\":\"https:\\\/\\\/noticiasmercedinas.com\\\/site\\\/#organization\"},\"potentialAction\":[{\"@type\":\"SearchAction\",\"target\":{\"@type\":\"EntryPoint\",\"urlTemplate\":\"https:\\\/\\\/noticiasmercedinas.com\\\/site\\\/?s={search_term_string}\"},\"query-input\":{\"@type\":\"PropertyValueSpecification\",\"valueRequired\":true,\"valueName\":\"search_term_string\"}}],\"inLanguage\":\"es\"},{\"@type\":\"Organization\",\"@id\":\"https:\\\/\\\/noticiasmercedinas.com\\\/site\\\/#organization\",\"name\":\"NOTICIASMERCEDINAS.COM\",\"url\":\"https:\\\/\\\/noticiasmercedinas.com\\\/site\\\/\",\"logo\":{\"@type\":\"ImageObject\",\"inLanguage\":\"es\",\"@id\":\"https:\\\/\\\/noticiasmercedinas.com\\\/site\\\/#\\\/schema\\\/logo\\\/image\\\/\",\"url\":\"https:\\\/\\\/noticiasmercedinas.com\\\/site\\\/wp-content\\\/uploads\\\/2020\\\/06\\\/LOGO-512.jpg\",\"contentUrl\":\"https:\\\/\\\/noticiasmercedinas.com\\\/site\\\/wp-content\\\/uploads\\\/2020\\\/06\\\/LOGO-512.jpg\",\"width\":512,\"height\":512,\"caption\":\"NOTICIASMERCEDINAS.COM\"},\"image\":{\"@id\":\"https:\\\/\\\/noticiasmercedinas.com\\\/site\\\/#\\\/schema\\\/logo\\\/image\\\/\"},\"sameAs\":[\"https:\\\/\\\/www.facebook.com\\\/noticiasmercedinas\\\/\",\"https:\\\/\\\/x.com\\\/notmercedinas\",\"https:\\\/\\\/www.instagram.com\\\/noticiasmercedinas\\\/\"]},{\"@type\":\"Person\",\"@id\":\"https:\\\/\\\/noticiasmercedinas.com\\\/site\\\/#\\\/schema\\\/person\\\/d481a9696a5feaec13a60e2bbd991a6a\",\"name\":\"Cristian Falabella NOTICIASMERCEDINAS.COM\",\"image\":{\"@type\":\"ImageObject\",\"inLanguage\":\"es\",\"@id\":\"https:\\\/\\\/secure.gravatar.com\\\/avatar\\\/0dbbfc45970cc46bcd0e57766228574ff3511d6eed045b182f536f0f478c1f06?s=96&d=mm&r=g\",\"url\":\"https:\\\/\\\/secure.gravatar.com\\\/avatar\\\/0dbbfc45970cc46bcd0e57766228574ff3511d6eed045b182f536f0f478c1f06?s=96&d=mm&r=g\",\"contentUrl\":\"https:\\\/\\\/secure.gravatar.com\\\/avatar\\\/0dbbfc45970cc46bcd0e57766228574ff3511d6eed045b182f536f0f478c1f06?s=96&d=mm&r=g\",\"caption\":\"Cristian Falabella NOTICIASMERCEDINAS.COM\"},\"description\":\"Periodista, editor de Noticias Mercedinas. Pas\u00f3 por varias redacciones y emprendimientos de prensa, en distintos formatos y \u00e9pocas. Se especializ\u00f3 --y sigue haci\u00e9ndolo-- en comunicaci\u00f3n en la web y en junio de 2006 fund\u00f3 este diario digital.\",\"sameAs\":[\"https:\\\/\\\/noticiasmercedinas.com\",\"https:\\\/\\\/www.facebook.com\\\/cristian.falabella\",\"https:\\\/\\\/www.instagram.com\\\/noticiasmercedinas\\\/\",\"https:\\\/\\\/x.com\\\/https:\\\/\\\/twitter.com\\\/NOTMERCEDINAS\"],\"url\":\"https:\\\/\\\/noticiasmercedinas.com\\\/site\\\/author\\\/as000384\\\/\"}]}<\/script>\n<!-- \/ Yoast SEO plugin. -->","yoast_head_json":{"title":"Alertan aumento de casos en el interior bonaerense","robots":{"index":"index","follow":"follow","max-snippet":"max-snippet:-1","max-image-preview":"max-image-preview:large","max-video-preview":"max-video-preview:-1"},"canonical":"https:\/\/noticiasmercedinas.com\/site\/2020\/08\/24\/alertan-aumento-de-casos-en-el-interior-bonaerense\/","og_locale":"es_ES","og_type":"article","og_title":"Alertan aumento de casos en el interior bonaerense","og_description":"\u25a0 Dieron a conocer estado de situaci\u00f3n epidemiol\u00f3gica y esquema de fases en la provincia. Navarro y Suipacha pasan a Fase 5. Mercedes permanece en la 4.","og_url":"https:\/\/noticiasmercedinas.com\/site\/2020\/08\/24\/alertan-aumento-de-casos-en-el-interior-bonaerense\/","og_site_name":"NOTICIASMERCEDINAS.COM","article_publisher":"https:\/\/www.facebook.com\/noticiasmercedinas\/","article_author":"https:\/\/www.facebook.com\/cristian.falabella","article_published_time":"2020-08-24T20:25:07+00:00","og_image":[{"width":2560,"height":1747,"url":"https:\/\/noticiasmercedinas.com\/site\/wp-content\/uploads\/2020\/08\/2020_08_24-CB_CONFERENCIA-DE-PRENSA-SALUD_2020_08_24-CB_CONFERENCIA-DE-PRENSA-SALUD_SGE_6638-scaled.jpg","type":"image\/jpeg"}],"author":"Cristian Falabella NOTICIASMERCEDINAS.COM","twitter_card":"summary_large_image","twitter_creator":"@https:\/\/twitter.com\/NOTMERCEDINAS","twitter_site":"@notmercedinas","twitter_misc":{"Escrito por":"Cristian Falabella NOTICIASMERCEDINAS.COM","Tiempo de lectura":"4 minutos"},"schema":{"@context":"https:\/\/schema.org","@graph":[{"@type":"Article","@id":"https:\/\/noticiasmercedinas.com\/site\/2020\/08\/24\/alertan-aumento-de-casos-en-el-interior-bonaerense\/#article","isPartOf":{"@id":"https:\/\/noticiasmercedinas.com\/site\/2020\/08\/24\/alertan-aumento-de-casos-en-el-interior-bonaerense\/"},"author":{"name":"Cristian Falabella NOTICIASMERCEDINAS.COM","@id":"https:\/\/noticiasmercedinas.com\/site\/#\/schema\/person\/d481a9696a5feaec13a60e2bbd991a6a"},"headline":"Alertan aumento de casos en el interior bonaerense","datePublished":"2020-08-24T20:25:07+00:00","mainEntityOfPage":{"@id":"https:\/\/noticiasmercedinas.com\/site\/2020\/08\/24\/alertan-aumento-de-casos-en-el-interior-bonaerense\/"},"wordCount":899,"commentCount":0,"publisher":{"@id":"https:\/\/noticiasmercedinas.com\/site\/#organization"},"image":{"@id":"https:\/\/noticiasmercedinas.com\/site\/2020\/08\/24\/alertan-aumento-de-casos-en-el-interior-bonaerense\/#primaryimage"},"thumbnailUrl":"https:\/\/noticiasmercedinas.com\/site\/wp-content\/uploads\/2020\/08\/2020_08_24-CB_CONFERENCIA-DE-PRENSA-SALUD_2020_08_24-CB_CONFERENCIA-DE-PRENSA-SALUD_SGE_6638-scaled.jpg","keywords":["coronavirus","fases"],"articleSection":["Covid-19"],"inLanguage":"es","potentialAction":[{"@type":"CommentAction","name":"Comment","target":["https:\/\/noticiasmercedinas.com\/site\/2020\/08\/24\/alertan-aumento-de-casos-en-el-interior-bonaerense\/#respond"]}]},{"@type":"WebPage","@id":"https:\/\/noticiasmercedinas.com\/site\/2020\/08\/24\/alertan-aumento-de-casos-en-el-interior-bonaerense\/","url":"https:\/\/noticiasmercedinas.com\/site\/2020\/08\/24\/alertan-aumento-de-casos-en-el-interior-bonaerense\/","name":"Alertan aumento de casos en el interior bonaerense","isPartOf":{"@id":"https:\/\/noticiasmercedinas.com\/site\/#website"},"primaryImageOfPage":{"@id":"https:\/\/noticiasmercedinas.com\/site\/2020\/08\/24\/alertan-aumento-de-casos-en-el-interior-bonaerense\/#primaryimage"},"image":{"@id":"https:\/\/noticiasmercedinas.com\/site\/2020\/08\/24\/alertan-aumento-de-casos-en-el-interior-bonaerense\/#primaryimage"},"thumbnailUrl":"https:\/\/noticiasmercedinas.com\/site\/wp-content\/uploads\/2020\/08\/2020_08_24-CB_CONFERENCIA-DE-PRENSA-SALUD_2020_08_24-CB_CONFERENCIA-DE-PRENSA-SALUD_SGE_6638-scaled.jpg","datePublished":"2020-08-24T20:25:07+00:00","breadcrumb":{"@id":"https:\/\/noticiasmercedinas.com\/site\/2020\/08\/24\/alertan-aumento-de-casos-en-el-interior-bonaerense\/#breadcrumb"},"inLanguage":"es","potentialAction":[{"@type":"ReadAction","target":["https:\/\/noticiasmercedinas.com\/site\/2020\/08\/24\/alertan-aumento-de-casos-en-el-interior-bonaerense\/"]}]},{"@type":"ImageObject","inLanguage":"es","@id":"https:\/\/noticiasmercedinas.com\/site\/2020\/08\/24\/alertan-aumento-de-casos-en-el-interior-bonaerense\/#primaryimage","url":"https:\/\/noticiasmercedinas.com\/site\/wp-content\/uploads\/2020\/08\/2020_08_24-CB_CONFERENCIA-DE-PRENSA-SALUD_2020_08_24-CB_CONFERENCIA-DE-PRENSA-SALUD_SGE_6638-scaled.jpg","contentUrl":"https:\/\/noticiasmercedinas.com\/site\/wp-content\/uploads\/2020\/08\/2020_08_24-CB_CONFERENCIA-DE-PRENSA-SALUD_2020_08_24-CB_CONFERENCIA-DE-PRENSA-SALUD_SGE_6638-scaled.jpg","width":2560,"height":1747},{"@type":"BreadcrumbList","@id":"https:\/\/noticiasmercedinas.com\/site\/2020\/08\/24\/alertan-aumento-de-casos-en-el-interior-bonaerense\/#breadcrumb","itemListElement":[{"@type":"ListItem","position":1,"name":"Portada","item":"https:\/\/noticiasmercedinas.com\/site\/"},{"@type":"ListItem","position":2,"name":"Alertan aumento de casos en el interior bonaerense"}]},{"@type":"WebSite","@id":"https:\/\/noticiasmercedinas.com\/site\/#website","url":"https:\/\/noticiasmercedinas.com\/site\/","name":"NOTICIASMERCEDINAS.COM","description":"Mercedes, Buenos Aires, Argentina","publisher":{"@id":"https:\/\/noticiasmercedinas.com\/site\/#organization"},"potentialAction":[{"@type":"SearchAction","target":{"@type":"EntryPoint","urlTemplate":"https:\/\/noticiasmercedinas.com\/site\/?s={search_term_string}"},"query-input":{"@type":"PropertyValueSpecification","valueRequired":true,"valueName":"search_term_string"}}],"inLanguage":"es"},{"@type":"Organization","@id":"https:\/\/noticiasmercedinas.com\/site\/#organization","name":"NOTICIASMERCEDINAS.COM","url":"https:\/\/noticiasmercedinas.com\/site\/","logo":{"@type":"ImageObject","inLanguage":"es","@id":"https:\/\/noticiasmercedinas.com\/site\/#\/schema\/logo\/image\/","url":"https:\/\/noticiasmercedinas.com\/site\/wp-content\/uploads\/2020\/06\/LOGO-512.jpg","contentUrl":"https:\/\/noticiasmercedinas.com\/site\/wp-content\/uploads\/2020\/06\/LOGO-512.jpg","width":512,"height":512,"caption":"NOTICIASMERCEDINAS.COM"},"image":{"@id":"https:\/\/noticiasmercedinas.com\/site\/#\/schema\/logo\/image\/"},"sameAs":["https:\/\/www.facebook.com\/noticiasmercedinas\/","https:\/\/x.com\/notmercedinas","https:\/\/www.instagram.com\/noticiasmercedinas\/"]},{"@type":"Person","@id":"https:\/\/noticiasmercedinas.com\/site\/#\/schema\/person\/d481a9696a5feaec13a60e2bbd991a6a","name":"Cristian Falabella NOTICIASMERCEDINAS.COM","image":{"@type":"ImageObject","inLanguage":"es","@id":"https:\/\/secure.gravatar.com\/avatar\/0dbbfc45970cc46bcd0e57766228574ff3511d6eed045b182f536f0f478c1f06?s=96&d=mm&r=g","url":"https:\/\/secure.gravatar.com\/avatar\/0dbbfc45970cc46bcd0e57766228574ff3511d6eed045b182f536f0f478c1f06?s=96&d=mm&r=g","contentUrl":"https:\/\/secure.gravatar.com\/avatar\/0dbbfc45970cc46bcd0e57766228574ff3511d6eed045b182f536f0f478c1f06?s=96&d=mm&r=g","caption":"Cristian Falabella NOTICIASMERCEDINAS.COM"},"description":"Periodista, editor de Noticias Mercedinas. Pas\u00f3 por varias redacciones y emprendimientos de prensa, en distintos formatos y \u00e9pocas. Se especializ\u00f3 --y sigue haci\u00e9ndolo-- en comunicaci\u00f3n en la web y en junio de 2006 fund\u00f3 este diario digital.","sameAs":["https:\/\/noticiasmercedinas.com","https:\/\/www.facebook.com\/cristian.falabella","https:\/\/www.instagram.com\/noticiasmercedinas\/","https:\/\/x.com\/https:\/\/twitter.com\/NOTMERCEDINAS"],"url":"https:\/\/noticiasmercedinas.com\/site\/author\/as000384\/"}]}},"amp_enabled":true,"_links":{"self":[{"href":"https:\/\/noticiasmercedinas.com\/site\/wp-json\/wp\/v2\/posts\/51589","targetHints":{"allow":["GET"]}}],"collection":[{"href":"https:\/\/noticiasmercedinas.com\/site\/wp-json\/wp\/v2\/posts"}],"about":[{"href":"https:\/\/noticiasmercedinas.com\/site\/wp-json\/wp\/v2\/types\/post"}],"author":[{"embeddable":true,"href":"https:\/\/noticiasmercedinas.com\/site\/wp-json\/wp\/v2\/users\/2"}],"replies":[{"embeddable":true,"href":"https:\/\/noticiasmercedinas.com\/site\/wp-json\/wp\/v2\/comments?post=51589"}],"version-history":[{"count":1,"href":"https:\/\/noticiasmercedinas.com\/site\/wp-json\/wp\/v2\/posts\/51589\/revisions"}],"predecessor-version":[{"id":51591,"href":"https:\/\/noticiasmercedinas.com\/site\/wp-json\/wp\/v2\/posts\/51589\/revisions\/51591"}],"wp:featuredmedia":[{"embeddable":true,"href":"https:\/\/noticiasmercedinas.com\/site\/wp-json\/wp\/v2\/media\/51590"}],"wp:attachment":[{"href":"https:\/\/noticiasmercedinas.com\/site\/wp-json\/wp\/v2\/media?parent=51589"}],"wp:term":[{"taxonomy":"category","embeddable":true,"href":"https:\/\/noticiasmercedinas.com\/site\/wp-json\/wp\/v2\/categories?post=51589"},{"taxonomy":"post_tag","embeddable":true,"href":"https:\/\/noticiasmercedinas.com\/site\/wp-json\/wp\/v2\/tags?post=51589"}],"curies":[{"name":"wp","href":"https:\/\/api.w.org\/{rel}","templated":true}]}}