{"id":51697,"date":"2020-08-26T15:24:58","date_gmt":"2020-08-26T18:24:58","guid":{"rendered":"https:\/\/noticiasmercedinas.com\/site\/?p=51697"},"modified":"2020-08-26T15:25:26","modified_gmt":"2020-08-26T18:25:26","slug":"de-pedro-y-los-comicios-estamos-trabajando-en-el-cronograma","status":"publish","type":"post","link":"https:\/\/noticiasmercedinas.com\/site\/2020\/08\/26\/de-pedro-y-los-comicios-estamos-trabajando-en-el-cronograma\/","title":{"rendered":"De Pedro y los comicios: \u00abEstamos trabajando en el cronograma\u00bb"},"content":{"rendered":"<p><img loading=\"lazy\" decoding=\"async\" class=\"alignnone size-full wp-image-51698\" src=\"https:\/\/noticiasmercedinas.com\/site\/wp-content\/uploads\/2020\/08\/5f28164aaa80d_1004x565.jpg\" alt=\"\" width=\"1004\" height=\"565\" srcset=\"https:\/\/noticiasmercedinas.com\/site\/wp-content\/uploads\/2020\/08\/5f28164aaa80d_1004x565.jpg 1004w, https:\/\/noticiasmercedinas.com\/site\/wp-content\/uploads\/2020\/08\/5f28164aaa80d_1004x565-300x169.jpg 300w, https:\/\/noticiasmercedinas.com\/site\/wp-content\/uploads\/2020\/08\/5f28164aaa80d_1004x565-768x432.jpg 768w, https:\/\/noticiasmercedinas.com\/site\/wp-content\/uploads\/2020\/08\/5f28164aaa80d_1004x565-640x360.jpg 640w, https:\/\/noticiasmercedinas.com\/site\/wp-content\/uploads\/2020\/08\/5f28164aaa80d_1004x565-681x383.jpg 681w\" sizes=\"auto, (max-width: 1004px) 100vw, 1004px\" \/><\/p>\n<p>\u00abCon la gran cantidad de problemas reales que dej\u00f3 el macrismo y los que trajo la pandemia, al pa\u00eds no le hace falta inventar los que no tenemos\u00bb, dijo el ministro del Interior de la Naci\u00f3n, <strong>Eduardo \u00abWado\u00bb De Pedro<\/strong>. \u00abEl a\u00f1o que viene hay elecciones y estamos trabajando en el cronograma que fija la ley\u00bb, anunci\u00f3 el funcionario nacional de origen mercedino.<\/p>\n<p>De esta manera, a trav\u00e9s de su cuenta de Twitter, \u00abWado\u00bb se refiri\u00f3 el\u00edpticamente a las declaraciones del ex presidente<strong> Eduardo Duhalde<\/strong>, que hab\u00eda opinado que era \u00abrid\u00edculo\u00bb pensar en elecciones el a\u00f1o pr\u00f3ximo, lo que podr\u00eda dar en pensar en un Golpe de Estado.<\/p>\n<blockquote><p>\u00abEl a\u00f1o que viene hay elecciones y estamos trabajando en el cronograma que fija la ley\u00bb, anunci\u00f3 el funcionario nacional de origen mercedino<\/p><\/blockquote>\n<p>Asimismo, se supo que la C\u00e1mara Nacional Electoral (CNE) avanz\u00f3 hoy un paso m\u00e1s en la organizaci\u00f3n de las elecciones legislativas del a\u00f1o que viene, que podr\u00edan contar con algunas medidas adicionales para garantizar la seguridad sanitaria en caso de que persista la pandemia de coronavirus.<\/p>\n<p>Los jueces de la CNE, <strong>Alberto Dalla Via<\/strong> y <strong>Santiago Corcuera<\/strong>, mantuvieron un encuentro con funcionarias del Gobierno, para poner en marcha un relevamiento de los locales de votaci\u00f3n que se prev\u00e9 utilizar en los comicios.<\/p>\n<p>El objetivo de estas reuniones es \u00abperfeccionar el relevamiento de los locales de votaci\u00f3n que van a utilizarse para las elecciones nacionales del a\u00f1o pr\u00f3ximo, teniendo en vista la necesidad de asegurar las medidas de distanciamiento social que impone la pandemia Covid-19\u00bb, seg\u00fan inform\u00f3 la CNE en un comunicado.<\/p>\n","protected":false},"excerpt":{"rendered":"<p>\u25a0 \u00abEl a\u00f1o que viene hay elecciones y estamos trabajando\u00bb, dijo el ministro del Interior, De cara a un 2021 con pandemia, la C\u00e1mara Electoral eval\u00faa medidas adicionales.<\/p>\n","protected":false},"author":2,"featured_media":51698,"comment_status":"open","ping_status":"open","sticky":false,"template":"","format":"standard","meta":{"footnotes":""},"categories":[16],"tags":[10056,10054,3094,115,3046],"class_list":["post-51697","post","type-post","status-publish","format-standard","has-post-thumbnail","hentry","category-politica","tag-10056","tag-eduardo-duhalde","tag-eduardo-wado-de-pedro","tag-elecciones","tag-wado"],"yoast_head":"<!-- This site is optimized with the Yoast SEO plugin v27.4 - https:\/\/yoast.com\/product\/yoast-seo-wordpress\/ -->\n<title>De Pedro y los comicios: &quot;Estamos trabajando en el cronograma&quot;<\/title>\n<meta name=\"robots\" content=\"index, follow, max-snippet:-1, max-image-preview:large, max-video-preview:-1\" \/>\n<link rel=\"canonical\" href=\"https:\/\/noticiasmercedinas.com\/site\/2020\/08\/26\/de-pedro-y-los-comicios-estamos-trabajando-en-el-cronograma\/\" \/>\n<meta property=\"og:locale\" content=\"es_ES\" \/>\n<meta property=\"og:type\" content=\"article\" \/>\n<meta property=\"og:title\" content=\"De Pedro y los comicios: &quot;Estamos trabajando en el cronograma&quot;\" \/>\n<meta property=\"og:description\" content=\"\u25a0 &quot;El a\u00f1o que viene hay elecciones y estamos trabajando&quot;, dijo el ministro del Interior, De cara a un 2021 con pandemia, la C\u00e1mara Electoral eval\u00faa medidas adicionales.\" \/>\n<meta property=\"og:url\" content=\"https:\/\/noticiasmercedinas.com\/site\/2020\/08\/26\/de-pedro-y-los-comicios-estamos-trabajando-en-el-cronograma\/\" \/>\n<meta property=\"og:site_name\" content=\"NOTICIASMERCEDINAS.COM\" \/>\n<meta property=\"article:publisher\" content=\"https:\/\/www.facebook.com\/noticiasmercedinas\/\" \/>\n<meta property=\"article:author\" content=\"https:\/\/www.facebook.com\/cristian.falabella\" \/>\n<meta property=\"article:published_time\" content=\"2020-08-26T18:24:58+00:00\" \/>\n<meta property=\"article:modified_time\" content=\"2020-08-26T18:25:26+00:00\" \/>\n<meta property=\"og:image\" content=\"https:\/\/noticiasmercedinas.com\/site\/wp-content\/uploads\/2020\/08\/5f28164aaa80d_1004x565.jpg\" \/>\n\t<meta property=\"og:image:width\" content=\"1004\" \/>\n\t<meta property=\"og:image:height\" content=\"565\" \/>\n\t<meta property=\"og:image:type\" content=\"image\/jpeg\" \/>\n<meta name=\"author\" content=\"Cristian Falabella NOTICIASMERCEDINAS.COM\" \/>\n<meta name=\"twitter:card\" content=\"summary_large_image\" \/>\n<meta name=\"twitter:creator\" content=\"@https:\/\/twitter.com\/NOTMERCEDINAS\" \/>\n<meta name=\"twitter:site\" content=\"@notmercedinas\" \/>\n<meta name=\"twitter:label1\" content=\"Escrito por\" \/>\n\t<meta name=\"twitter:data1\" content=\"Cristian Falabella NOTICIASMERCEDINAS.COM\" \/>\n\t<meta name=\"twitter:label2\" content=\"Tiempo de lectura\" \/>\n\t<meta name=\"twitter:data2\" content=\"1 minuto\" \/>\n<script type=\"application\/ld+json\" class=\"yoast-schema-graph\">{\"@context\":\"https:\\\/\\\/schema.org\",\"@graph\":[{\"@type\":\"Article\",\"@id\":\"https:\\\/\\\/noticiasmercedinas.com\\\/site\\\/2020\\\/08\\\/26\\\/de-pedro-y-los-comicios-estamos-trabajando-en-el-cronograma\\\/#article\",\"isPartOf\":{\"@id\":\"https:\\\/\\\/noticiasmercedinas.com\\\/site\\\/2020\\\/08\\\/26\\\/de-pedro-y-los-comicios-estamos-trabajando-en-el-cronograma\\\/\"},\"author\":{\"name\":\"Cristian Falabella NOTICIASMERCEDINAS.COM\",\"@id\":\"https:\\\/\\\/noticiasmercedinas.com\\\/site\\\/#\\\/schema\\\/person\\\/d481a9696a5feaec13a60e2bbd991a6a\"},\"headline\":\"De Pedro y los comicios: \u00abEstamos trabajando en el cronograma\u00bb\",\"datePublished\":\"2020-08-26T18:24:58+00:00\",\"dateModified\":\"2020-08-26T18:25:26+00:00\",\"mainEntityOfPage\":{\"@id\":\"https:\\\/\\\/noticiasmercedinas.com\\\/site\\\/2020\\\/08\\\/26\\\/de-pedro-y-los-comicios-estamos-trabajando-en-el-cronograma\\\/\"},\"wordCount\":293,\"commentCount\":0,\"publisher\":{\"@id\":\"https:\\\/\\\/noticiasmercedinas.com\\\/site\\\/#organization\"},\"image\":{\"@id\":\"https:\\\/\\\/noticiasmercedinas.com\\\/site\\\/2020\\\/08\\\/26\\\/de-pedro-y-los-comicios-estamos-trabajando-en-el-cronograma\\\/#primaryimage\"},\"thumbnailUrl\":\"https:\\\/\\\/noticiasmercedinas.com\\\/site\\\/wp-content\\\/uploads\\\/2020\\\/08\\\/5f28164aaa80d_1004x565.jpg\",\"keywords\":[\"2021\",\"eduardo duhalde\",\"Eduardo \u201cWado\u201d De Pedro\",\"elecciones\",\"wado\"],\"articleSection\":[\"Politica\"],\"inLanguage\":\"es\",\"potentialAction\":[{\"@type\":\"CommentAction\",\"name\":\"Comment\",\"target\":[\"https:\\\/\\\/noticiasmercedinas.com\\\/site\\\/2020\\\/08\\\/26\\\/de-pedro-y-los-comicios-estamos-trabajando-en-el-cronograma\\\/#respond\"]}]},{\"@type\":\"WebPage\",\"@id\":\"https:\\\/\\\/noticiasmercedinas.com\\\/site\\\/2020\\\/08\\\/26\\\/de-pedro-y-los-comicios-estamos-trabajando-en-el-cronograma\\\/\",\"url\":\"https:\\\/\\\/noticiasmercedinas.com\\\/site\\\/2020\\\/08\\\/26\\\/de-pedro-y-los-comicios-estamos-trabajando-en-el-cronograma\\\/\",\"name\":\"De Pedro y los comicios: \\\"Estamos trabajando en el cronograma\\\"\",\"isPartOf\":{\"@id\":\"https:\\\/\\\/noticiasmercedinas.com\\\/site\\\/#website\"},\"primaryImageOfPage\":{\"@id\":\"https:\\\/\\\/noticiasmercedinas.com\\\/site\\\/2020\\\/08\\\/26\\\/de-pedro-y-los-comicios-estamos-trabajando-en-el-cronograma\\\/#primaryimage\"},\"image\":{\"@id\":\"https:\\\/\\\/noticiasmercedinas.com\\\/site\\\/2020\\\/08\\\/26\\\/de-pedro-y-los-comicios-estamos-trabajando-en-el-cronograma\\\/#primaryimage\"},\"thumbnailUrl\":\"https:\\\/\\\/noticiasmercedinas.com\\\/site\\\/wp-content\\\/uploads\\\/2020\\\/08\\\/5f28164aaa80d_1004x565.jpg\",\"datePublished\":\"2020-08-26T18:24:58+00:00\",\"dateModified\":\"2020-08-26T18:25:26+00:00\",\"breadcrumb\":{\"@id\":\"https:\\\/\\\/noticiasmercedinas.com\\\/site\\\/2020\\\/08\\\/26\\\/de-pedro-y-los-comicios-estamos-trabajando-en-el-cronograma\\\/#breadcrumb\"},\"inLanguage\":\"es\",\"potentialAction\":[{\"@type\":\"ReadAction\",\"target\":[\"https:\\\/\\\/noticiasmercedinas.com\\\/site\\\/2020\\\/08\\\/26\\\/de-pedro-y-los-comicios-estamos-trabajando-en-el-cronograma\\\/\"]}]},{\"@type\":\"ImageObject\",\"inLanguage\":\"es\",\"@id\":\"https:\\\/\\\/noticiasmercedinas.com\\\/site\\\/2020\\\/08\\\/26\\\/de-pedro-y-los-comicios-estamos-trabajando-en-el-cronograma\\\/#primaryimage\",\"url\":\"https:\\\/\\\/noticiasmercedinas.com\\\/site\\\/wp-content\\\/uploads\\\/2020\\\/08\\\/5f28164aaa80d_1004x565.jpg\",\"contentUrl\":\"https:\\\/\\\/noticiasmercedinas.com\\\/site\\\/wp-content\\\/uploads\\\/2020\\\/08\\\/5f28164aaa80d_1004x565.jpg\",\"width\":1004,\"height\":565},{\"@type\":\"BreadcrumbList\",\"@id\":\"https:\\\/\\\/noticiasmercedinas.com\\\/site\\\/2020\\\/08\\\/26\\\/de-pedro-y-los-comicios-estamos-trabajando-en-el-cronograma\\\/#breadcrumb\",\"itemListElement\":[{\"@type\":\"ListItem\",\"position\":1,\"name\":\"Portada\",\"item\":\"https:\\\/\\\/noticiasmercedinas.com\\\/site\\\/\"},{\"@type\":\"ListItem\",\"position\":2,\"name\":\"De Pedro y los comicios: \u00abEstamos trabajando en el cronograma\u00bb\"}]},{\"@type\":\"WebSite\",\"@id\":\"https:\\\/\\\/noticiasmercedinas.com\\\/site\\\/#website\",\"url\":\"https:\\\/\\\/noticiasmercedinas.com\\\/site\\\/\",\"name\":\"NOTICIASMERCEDINAS.COM\",\"description\":\"Mercedes, Buenos Aires, Argentina\",\"publisher\":{\"@id\":\"https:\\\/\\\/noticiasmercedinas.com\\\/site\\\/#organization\"},\"potentialAction\":[{\"@type\":\"SearchAction\",\"target\":{\"@type\":\"EntryPoint\",\"urlTemplate\":\"https:\\\/\\\/noticiasmercedinas.com\\\/site\\\/?s={search_term_string}\"},\"query-input\":{\"@type\":\"PropertyValueSpecification\",\"valueRequired\":true,\"valueName\":\"search_term_string\"}}],\"inLanguage\":\"es\"},{\"@type\":\"Organization\",\"@id\":\"https:\\\/\\\/noticiasmercedinas.com\\\/site\\\/#organization\",\"name\":\"NOTICIASMERCEDINAS.COM\",\"url\":\"https:\\\/\\\/noticiasmercedinas.com\\\/site\\\/\",\"logo\":{\"@type\":\"ImageObject\",\"inLanguage\":\"es\",\"@id\":\"https:\\\/\\\/noticiasmercedinas.com\\\/site\\\/#\\\/schema\\\/logo\\\/image\\\/\",\"url\":\"https:\\\/\\\/noticiasmercedinas.com\\\/site\\\/wp-content\\\/uploads\\\/2020\\\/06\\\/LOGO-512.jpg\",\"contentUrl\":\"https:\\\/\\\/noticiasmercedinas.com\\\/site\\\/wp-content\\\/uploads\\\/2020\\\/06\\\/LOGO-512.jpg\",\"width\":512,\"height\":512,\"caption\":\"NOTICIASMERCEDINAS.COM\"},\"image\":{\"@id\":\"https:\\\/\\\/noticiasmercedinas.com\\\/site\\\/#\\\/schema\\\/logo\\\/image\\\/\"},\"sameAs\":[\"https:\\\/\\\/www.facebook.com\\\/noticiasmercedinas\\\/\",\"https:\\\/\\\/x.com\\\/notmercedinas\",\"https:\\\/\\\/www.instagram.com\\\/noticiasmercedinas\\\/\"]},{\"@type\":\"Person\",\"@id\":\"https:\\\/\\\/noticiasmercedinas.com\\\/site\\\/#\\\/schema\\\/person\\\/d481a9696a5feaec13a60e2bbd991a6a\",\"name\":\"Cristian Falabella NOTICIASMERCEDINAS.COM\",\"image\":{\"@type\":\"ImageObject\",\"inLanguage\":\"es\",\"@id\":\"https:\\\/\\\/secure.gravatar.com\\\/avatar\\\/0dbbfc45970cc46bcd0e57766228574ff3511d6eed045b182f536f0f478c1f06?s=96&d=mm&r=g\",\"url\":\"https:\\\/\\\/secure.gravatar.com\\\/avatar\\\/0dbbfc45970cc46bcd0e57766228574ff3511d6eed045b182f536f0f478c1f06?s=96&d=mm&r=g\",\"contentUrl\":\"https:\\\/\\\/secure.gravatar.com\\\/avatar\\\/0dbbfc45970cc46bcd0e57766228574ff3511d6eed045b182f536f0f478c1f06?s=96&d=mm&r=g\",\"caption\":\"Cristian Falabella NOTICIASMERCEDINAS.COM\"},\"description\":\"Periodista, editor de Noticias Mercedinas. Pas\u00f3 por varias redacciones y emprendimientos de prensa, en distintos formatos y \u00e9pocas. Se especializ\u00f3 --y sigue haci\u00e9ndolo-- en comunicaci\u00f3n en la web y en junio de 2006 fund\u00f3 este diario digital.\",\"sameAs\":[\"https:\\\/\\\/noticiasmercedinas.com\",\"https:\\\/\\\/www.facebook.com\\\/cristian.falabella\",\"https:\\\/\\\/www.instagram.com\\\/noticiasmercedinas\\\/\",\"https:\\\/\\\/x.com\\\/https:\\\/\\\/twitter.com\\\/NOTMERCEDINAS\"],\"url\":\"https:\\\/\\\/noticiasmercedinas.com\\\/site\\\/author\\\/as000384\\\/\"}]}<\/script>\n<!-- \/ Yoast SEO plugin. -->","yoast_head_json":{"title":"De Pedro y los comicios: \"Estamos trabajando en el cronograma\"","robots":{"index":"index","follow":"follow","max-snippet":"max-snippet:-1","max-image-preview":"max-image-preview:large","max-video-preview":"max-video-preview:-1"},"canonical":"https:\/\/noticiasmercedinas.com\/site\/2020\/08\/26\/de-pedro-y-los-comicios-estamos-trabajando-en-el-cronograma\/","og_locale":"es_ES","og_type":"article","og_title":"De Pedro y los comicios: \"Estamos trabajando en el cronograma\"","og_description":"\u25a0 \"El a\u00f1o que viene hay elecciones y estamos trabajando\", dijo el ministro del Interior, De cara a un 2021 con pandemia, la C\u00e1mara Electoral eval\u00faa medidas adicionales.","og_url":"https:\/\/noticiasmercedinas.com\/site\/2020\/08\/26\/de-pedro-y-los-comicios-estamos-trabajando-en-el-cronograma\/","og_site_name":"NOTICIASMERCEDINAS.COM","article_publisher":"https:\/\/www.facebook.com\/noticiasmercedinas\/","article_author":"https:\/\/www.facebook.com\/cristian.falabella","article_published_time":"2020-08-26T18:24:58+00:00","article_modified_time":"2020-08-26T18:25:26+00:00","og_image":[{"width":1004,"height":565,"url":"https:\/\/noticiasmercedinas.com\/site\/wp-content\/uploads\/2020\/08\/5f28164aaa80d_1004x565.jpg","type":"image\/jpeg"}],"author":"Cristian Falabella NOTICIASMERCEDINAS.COM","twitter_card":"summary_large_image","twitter_creator":"@https:\/\/twitter.com\/NOTMERCEDINAS","twitter_site":"@notmercedinas","twitter_misc":{"Escrito por":"Cristian Falabella NOTICIASMERCEDINAS.COM","Tiempo de lectura":"1 minuto"},"schema":{"@context":"https:\/\/schema.org","@graph":[{"@type":"Article","@id":"https:\/\/noticiasmercedinas.com\/site\/2020\/08\/26\/de-pedro-y-los-comicios-estamos-trabajando-en-el-cronograma\/#article","isPartOf":{"@id":"https:\/\/noticiasmercedinas.com\/site\/2020\/08\/26\/de-pedro-y-los-comicios-estamos-trabajando-en-el-cronograma\/"},"author":{"name":"Cristian Falabella NOTICIASMERCEDINAS.COM","@id":"https:\/\/noticiasmercedinas.com\/site\/#\/schema\/person\/d481a9696a5feaec13a60e2bbd991a6a"},"headline":"De Pedro y los comicios: \u00abEstamos trabajando en el cronograma\u00bb","datePublished":"2020-08-26T18:24:58+00:00","dateModified":"2020-08-26T18:25:26+00:00","mainEntityOfPage":{"@id":"https:\/\/noticiasmercedinas.com\/site\/2020\/08\/26\/de-pedro-y-los-comicios-estamos-trabajando-en-el-cronograma\/"},"wordCount":293,"commentCount":0,"publisher":{"@id":"https:\/\/noticiasmercedinas.com\/site\/#organization"},"image":{"@id":"https:\/\/noticiasmercedinas.com\/site\/2020\/08\/26\/de-pedro-y-los-comicios-estamos-trabajando-en-el-cronograma\/#primaryimage"},"thumbnailUrl":"https:\/\/noticiasmercedinas.com\/site\/wp-content\/uploads\/2020\/08\/5f28164aaa80d_1004x565.jpg","keywords":["2021","eduardo duhalde","Eduardo \u201cWado\u201d De Pedro","elecciones","wado"],"articleSection":["Politica"],"inLanguage":"es","potentialAction":[{"@type":"CommentAction","name":"Comment","target":["https:\/\/noticiasmercedinas.com\/site\/2020\/08\/26\/de-pedro-y-los-comicios-estamos-trabajando-en-el-cronograma\/#respond"]}]},{"@type":"WebPage","@id":"https:\/\/noticiasmercedinas.com\/site\/2020\/08\/26\/de-pedro-y-los-comicios-estamos-trabajando-en-el-cronograma\/","url":"https:\/\/noticiasmercedinas.com\/site\/2020\/08\/26\/de-pedro-y-los-comicios-estamos-trabajando-en-el-cronograma\/","name":"De Pedro y los comicios: \"Estamos trabajando en el cronograma\"","isPartOf":{"@id":"https:\/\/noticiasmercedinas.com\/site\/#website"},"primaryImageOfPage":{"@id":"https:\/\/noticiasmercedinas.com\/site\/2020\/08\/26\/de-pedro-y-los-comicios-estamos-trabajando-en-el-cronograma\/#primaryimage"},"image":{"@id":"https:\/\/noticiasmercedinas.com\/site\/2020\/08\/26\/de-pedro-y-los-comicios-estamos-trabajando-en-el-cronograma\/#primaryimage"},"thumbnailUrl":"https:\/\/noticiasmercedinas.com\/site\/wp-content\/uploads\/2020\/08\/5f28164aaa80d_1004x565.jpg","datePublished":"2020-08-26T18:24:58+00:00","dateModified":"2020-08-26T18:25:26+00:00","breadcrumb":{"@id":"https:\/\/noticiasmercedinas.com\/site\/2020\/08\/26\/de-pedro-y-los-comicios-estamos-trabajando-en-el-cronograma\/#breadcrumb"},"inLanguage":"es","potentialAction":[{"@type":"ReadAction","target":["https:\/\/noticiasmercedinas.com\/site\/2020\/08\/26\/de-pedro-y-los-comicios-estamos-trabajando-en-el-cronograma\/"]}]},{"@type":"ImageObject","inLanguage":"es","@id":"https:\/\/noticiasmercedinas.com\/site\/2020\/08\/26\/de-pedro-y-los-comicios-estamos-trabajando-en-el-cronograma\/#primaryimage","url":"https:\/\/noticiasmercedinas.com\/site\/wp-content\/uploads\/2020\/08\/5f28164aaa80d_1004x565.jpg","contentUrl":"https:\/\/noticiasmercedinas.com\/site\/wp-content\/uploads\/2020\/08\/5f28164aaa80d_1004x565.jpg","width":1004,"height":565},{"@type":"BreadcrumbList","@id":"https:\/\/noticiasmercedinas.com\/site\/2020\/08\/26\/de-pedro-y-los-comicios-estamos-trabajando-en-el-cronograma\/#breadcrumb","itemListElement":[{"@type":"ListItem","position":1,"name":"Portada","item":"https:\/\/noticiasmercedinas.com\/site\/"},{"@type":"ListItem","position":2,"name":"De Pedro y los comicios: \u00abEstamos trabajando en el cronograma\u00bb"}]},{"@type":"WebSite","@id":"https:\/\/noticiasmercedinas.com\/site\/#website","url":"https:\/\/noticiasmercedinas.com\/site\/","name":"NOTICIASMERCEDINAS.COM","description":"Mercedes, Buenos Aires, Argentina","publisher":{"@id":"https:\/\/noticiasmercedinas.com\/site\/#organization"},"potentialAction":[{"@type":"SearchAction","target":{"@type":"EntryPoint","urlTemplate":"https:\/\/noticiasmercedinas.com\/site\/?s={search_term_string}"},"query-input":{"@type":"PropertyValueSpecification","valueRequired":true,"valueName":"search_term_string"}}],"inLanguage":"es"},{"@type":"Organization","@id":"https:\/\/noticiasmercedinas.com\/site\/#organization","name":"NOTICIASMERCEDINAS.COM","url":"https:\/\/noticiasmercedinas.com\/site\/","logo":{"@type":"ImageObject","inLanguage":"es","@id":"https:\/\/noticiasmercedinas.com\/site\/#\/schema\/logo\/image\/","url":"https:\/\/noticiasmercedinas.com\/site\/wp-content\/uploads\/2020\/06\/LOGO-512.jpg","contentUrl":"https:\/\/noticiasmercedinas.com\/site\/wp-content\/uploads\/2020\/06\/LOGO-512.jpg","width":512,"height":512,"caption":"NOTICIASMERCEDINAS.COM"},"image":{"@id":"https:\/\/noticiasmercedinas.com\/site\/#\/schema\/logo\/image\/"},"sameAs":["https:\/\/www.facebook.com\/noticiasmercedinas\/","https:\/\/x.com\/notmercedinas","https:\/\/www.instagram.com\/noticiasmercedinas\/"]},{"@type":"Person","@id":"https:\/\/noticiasmercedinas.com\/site\/#\/schema\/person\/d481a9696a5feaec13a60e2bbd991a6a","name":"Cristian Falabella NOTICIASMERCEDINAS.COM","image":{"@type":"ImageObject","inLanguage":"es","@id":"https:\/\/secure.gravatar.com\/avatar\/0dbbfc45970cc46bcd0e57766228574ff3511d6eed045b182f536f0f478c1f06?s=96&d=mm&r=g","url":"https:\/\/secure.gravatar.com\/avatar\/0dbbfc45970cc46bcd0e57766228574ff3511d6eed045b182f536f0f478c1f06?s=96&d=mm&r=g","contentUrl":"https:\/\/secure.gravatar.com\/avatar\/0dbbfc45970cc46bcd0e57766228574ff3511d6eed045b182f536f0f478c1f06?s=96&d=mm&r=g","caption":"Cristian Falabella NOTICIASMERCEDINAS.COM"},"description":"Periodista, editor de Noticias Mercedinas. Pas\u00f3 por varias redacciones y emprendimientos de prensa, en distintos formatos y \u00e9pocas. Se especializ\u00f3 --y sigue haci\u00e9ndolo-- en comunicaci\u00f3n en la web y en junio de 2006 fund\u00f3 este diario digital.","sameAs":["https:\/\/noticiasmercedinas.com","https:\/\/www.facebook.com\/cristian.falabella","https:\/\/www.instagram.com\/noticiasmercedinas\/","https:\/\/x.com\/https:\/\/twitter.com\/NOTMERCEDINAS"],"url":"https:\/\/noticiasmercedinas.com\/site\/author\/as000384\/"}]}},"amp_enabled":true,"_links":{"self":[{"href":"https:\/\/noticiasmercedinas.com\/site\/wp-json\/wp\/v2\/posts\/51697","targetHints":{"allow":["GET"]}}],"collection":[{"href":"https:\/\/noticiasmercedinas.com\/site\/wp-json\/wp\/v2\/posts"}],"about":[{"href":"https:\/\/noticiasmercedinas.com\/site\/wp-json\/wp\/v2\/types\/post"}],"author":[{"embeddable":true,"href":"https:\/\/noticiasmercedinas.com\/site\/wp-json\/wp\/v2\/users\/2"}],"replies":[{"embeddable":true,"href":"https:\/\/noticiasmercedinas.com\/site\/wp-json\/wp\/v2\/comments?post=51697"}],"version-history":[{"count":2,"href":"https:\/\/noticiasmercedinas.com\/site\/wp-json\/wp\/v2\/posts\/51697\/revisions"}],"predecessor-version":[{"id":51700,"href":"https:\/\/noticiasmercedinas.com\/site\/wp-json\/wp\/v2\/posts\/51697\/revisions\/51700"}],"wp:featuredmedia":[{"embeddable":true,"href":"https:\/\/noticiasmercedinas.com\/site\/wp-json\/wp\/v2\/media\/51698"}],"wp:attachment":[{"href":"https:\/\/noticiasmercedinas.com\/site\/wp-json\/wp\/v2\/media?parent=51697"}],"wp:term":[{"taxonomy":"category","embeddable":true,"href":"https:\/\/noticiasmercedinas.com\/site\/wp-json\/wp\/v2\/categories?post=51697"},{"taxonomy":"post_tag","embeddable":true,"href":"https:\/\/noticiasmercedinas.com\/site\/wp-json\/wp\/v2\/tags?post=51697"}],"curies":[{"name":"wp","href":"https:\/\/api.w.org\/{rel}","templated":true}]}}