{"id":51705,"date":"2020-08-26T18:34:15","date_gmt":"2020-08-26T21:34:15","guid":{"rendered":"https:\/\/noticiasmercedinas.com\/site\/?p=51705"},"modified":"2020-08-26T18:34:15","modified_gmt":"2020-08-26T21:34:15","slug":"mesa-sindical-repudia-irresponsables-declaraciones-de-duhalde","status":"publish","type":"post","link":"https:\/\/noticiasmercedinas.com\/site\/2020\/08\/26\/mesa-sindical-repudia-irresponsables-declaraciones-de-duhalde\/","title":{"rendered":"Mesa Sindical repudia \u00abirresponsables\u00bb declaraciones de Duhalde"},"content":{"rendered":"<p><img loading=\"lazy\" decoding=\"async\" class=\"alignnone size-large wp-image-51706\" src=\"https:\/\/noticiasmercedinas.com\/site\/wp-content\/uploads\/2020\/08\/fc7f5aduhalde-1024x626.png\" alt=\"\" width=\"640\" height=\"391\" srcset=\"https:\/\/noticiasmercedinas.com\/site\/wp-content\/uploads\/2020\/08\/fc7f5aduhalde-1024x626.png 1024w, https:\/\/noticiasmercedinas.com\/site\/wp-content\/uploads\/2020\/08\/fc7f5aduhalde-300x183.png 300w, https:\/\/noticiasmercedinas.com\/site\/wp-content\/uploads\/2020\/08\/fc7f5aduhalde-768x469.png 768w, https:\/\/noticiasmercedinas.com\/site\/wp-content\/uploads\/2020\/08\/fc7f5aduhalde-640x391.png 640w, https:\/\/noticiasmercedinas.com\/site\/wp-content\/uploads\/2020\/08\/fc7f5aduhalde-681x416.png 681w, https:\/\/noticiasmercedinas.com\/site\/wp-content\/uploads\/2020\/08\/fc7f5aduhalde.png 1165w\" sizes=\"auto, (max-width: 640px) 100vw, 640px\" \/><\/p>\n<p>\u00abDesde la Mesa Sindical Mercedes repudiamos en\u00e9rgicamente las irresponsables declaraciones vertidas por Eduardo Duhalde. Dichas nefastas palabras son una provocaci\u00f3n y solo est\u00e1n a favor de quienes desprecian al Pueblo Argentino y a sus representantes\u00bb, indicaron a trav\u00e9s de un comunicado los referentes gremiales que integran la Mesa.<\/p>\n<p>\u00abArgentina ya decidi\u00f3 hace 37 a\u00f1os vivir en democracia y apostar al r\u00e9gimen democr\u00e1tico, afianzado bajo el grito de &#8216;Nunca m\u00e1s&#8217; que se hizo escuchar por millones de argentinos y argentinas y que se escuchar\u00e1 por siempre\u00bb, dijeron.<\/p>\n<blockquote><p>\u00abNo es casualidad que dichos comentarios se realicen en el marco del decreto de declaraci\u00f3n de servicios indispensables internet, telefon\u00eda y TV por cable\u00bb<\/p><\/blockquote>\n<p>Para los gremialistas, las palabras del ex mandatario \u00abson de una enorme irresponsabilidad, que solo intentan crear un clima de inestabilidad institucional en un contexto mundial de crisis sanitaria y emergencia econ\u00f3mica, en medio de una pandemia que se est\u00e1 llevando la vida de cientos de miles de personas\u00bb.<\/p>\n<p>Se trata seg\u00fan indicaron de \u00abdeclaraciones antidemocr\u00e1ticas\u00bb que \u00abs\u00f3lo reflejan la reacci\u00f3n de los sectores concentrados de nuestro pa\u00eds, ya que no es casualidad que dichos comentarios se realicen en el marco del decreto de declaraci\u00f3n de servicios indispensables internet, telefon\u00eda y TV por cable\u00bb.<\/p>\n<p>\u00abEn Argentina, estamos absolutamente convencidos, no hay lugar para los detractores del orden constitucional, ya que todos y todas estaremos firmes para impedir cualquier intento de ataque a la democracia\u00bb, plantearon desde la Mesa Sindical Mercedes.<\/p>\n","protected":false},"excerpt":{"rendered":"<p>\u25a0 \u00abEn Argentina, estamos absolutamente convencidos, no hay lugar para los detractores del orden constitucional\u00bb, se\u00f1alaron. Denostaron \u00abataque a la democracia\u00bb<\/p>\n","protected":false},"author":16,"featured_media":51706,"comment_status":"open","ping_status":"open","sticky":false,"template":"","format":"standard","meta":{"footnotes":""},"categories":[16],"tags":[1773,10054,1201],"class_list":["post-51705","post","type-post","status-publish","format-standard","has-post-thumbnail","hentry","category-politica","tag-democracia","tag-eduardo-duhalde","tag-mesa-sindical-mercedes"],"yoast_head":"<!-- This site is optimized with the Yoast SEO plugin v27.4 - https:\/\/yoast.com\/product\/yoast-seo-wordpress\/ -->\n<title>Mesa Sindical repudia &quot;irresponsables&quot; declaraciones de Duhalde<\/title>\n<meta name=\"robots\" content=\"index, follow, max-snippet:-1, max-image-preview:large, max-video-preview:-1\" \/>\n<link rel=\"canonical\" href=\"https:\/\/noticiasmercedinas.com\/site\/2020\/08\/26\/mesa-sindical-repudia-irresponsables-declaraciones-de-duhalde\/\" \/>\n<meta property=\"og:locale\" content=\"es_ES\" \/>\n<meta property=\"og:type\" content=\"article\" \/>\n<meta property=\"og:title\" content=\"Mesa Sindical repudia &quot;irresponsables&quot; declaraciones de Duhalde\" \/>\n<meta property=\"og:description\" content=\"\u25a0 &quot;En Argentina, estamos absolutamente convencidos, no hay lugar para los detractores del orden constitucional&quot;, se\u00f1alaron. Denostaron &quot;ataque a la democracia&quot;\" \/>\n<meta property=\"og:url\" content=\"https:\/\/noticiasmercedinas.com\/site\/2020\/08\/26\/mesa-sindical-repudia-irresponsables-declaraciones-de-duhalde\/\" \/>\n<meta property=\"og:site_name\" content=\"NOTICIASMERCEDINAS.COM\" \/>\n<meta property=\"article:publisher\" content=\"https:\/\/www.facebook.com\/noticiasmercedinas\/\" \/>\n<meta property=\"article:published_time\" content=\"2020-08-26T21:34:15+00:00\" \/>\n<meta property=\"og:image\" content=\"https:\/\/noticiasmercedinas.com\/site\/wp-content\/uploads\/2020\/08\/fc7f5aduhalde.png\" \/>\n\t<meta property=\"og:image:width\" content=\"1165\" \/>\n\t<meta property=\"og:image:height\" content=\"712\" \/>\n\t<meta property=\"og:image:type\" content=\"image\/png\" \/>\n<meta name=\"author\" content=\"NOTICIASMERCEDINAS.COM\" \/>\n<meta name=\"twitter:card\" content=\"summary_large_image\" \/>\n<meta name=\"twitter:creator\" content=\"@notmercedinas\" \/>\n<meta name=\"twitter:site\" content=\"@notmercedinas\" \/>\n<meta name=\"twitter:label1\" content=\"Escrito por\" \/>\n\t<meta name=\"twitter:data1\" content=\"NOTICIASMERCEDINAS.COM\" \/>\n\t<meta name=\"twitter:label2\" content=\"Tiempo de lectura\" \/>\n\t<meta name=\"twitter:data2\" content=\"1 minuto\" \/>\n<script type=\"application\/ld+json\" class=\"yoast-schema-graph\">{\"@context\":\"https:\\\/\\\/schema.org\",\"@graph\":[{\"@type\":\"Article\",\"@id\":\"https:\\\/\\\/noticiasmercedinas.com\\\/site\\\/2020\\\/08\\\/26\\\/mesa-sindical-repudia-irresponsables-declaraciones-de-duhalde\\\/#article\",\"isPartOf\":{\"@id\":\"https:\\\/\\\/noticiasmercedinas.com\\\/site\\\/2020\\\/08\\\/26\\\/mesa-sindical-repudia-irresponsables-declaraciones-de-duhalde\\\/\"},\"author\":{\"name\":\"NOTICIASMERCEDINAS.COM\",\"@id\":\"https:\\\/\\\/noticiasmercedinas.com\\\/site\\\/#\\\/schema\\\/person\\\/84b59c099c28ff2e8b77d4ceec5d8063\"},\"headline\":\"Mesa Sindical repudia \u00abirresponsables\u00bb declaraciones de Duhalde\",\"datePublished\":\"2020-08-26T21:34:15+00:00\",\"mainEntityOfPage\":{\"@id\":\"https:\\\/\\\/noticiasmercedinas.com\\\/site\\\/2020\\\/08\\\/26\\\/mesa-sindical-repudia-irresponsables-declaraciones-de-duhalde\\\/\"},\"wordCount\":264,\"commentCount\":0,\"publisher\":{\"@id\":\"https:\\\/\\\/noticiasmercedinas.com\\\/site\\\/#organization\"},\"image\":{\"@id\":\"https:\\\/\\\/noticiasmercedinas.com\\\/site\\\/2020\\\/08\\\/26\\\/mesa-sindical-repudia-irresponsables-declaraciones-de-duhalde\\\/#primaryimage\"},\"thumbnailUrl\":\"https:\\\/\\\/noticiasmercedinas.com\\\/site\\\/wp-content\\\/uploads\\\/2020\\\/08\\\/fc7f5aduhalde.png\",\"keywords\":[\"democracia\",\"eduardo duhalde\",\"Mesa Sindical Mercedes\"],\"articleSection\":[\"Politica\"],\"inLanguage\":\"es\",\"potentialAction\":[{\"@type\":\"CommentAction\",\"name\":\"Comment\",\"target\":[\"https:\\\/\\\/noticiasmercedinas.com\\\/site\\\/2020\\\/08\\\/26\\\/mesa-sindical-repudia-irresponsables-declaraciones-de-duhalde\\\/#respond\"]}]},{\"@type\":\"WebPage\",\"@id\":\"https:\\\/\\\/noticiasmercedinas.com\\\/site\\\/2020\\\/08\\\/26\\\/mesa-sindical-repudia-irresponsables-declaraciones-de-duhalde\\\/\",\"url\":\"https:\\\/\\\/noticiasmercedinas.com\\\/site\\\/2020\\\/08\\\/26\\\/mesa-sindical-repudia-irresponsables-declaraciones-de-duhalde\\\/\",\"name\":\"Mesa Sindical repudia \\\"irresponsables\\\" declaraciones de Duhalde\",\"isPartOf\":{\"@id\":\"https:\\\/\\\/noticiasmercedinas.com\\\/site\\\/#website\"},\"primaryImageOfPage\":{\"@id\":\"https:\\\/\\\/noticiasmercedinas.com\\\/site\\\/2020\\\/08\\\/26\\\/mesa-sindical-repudia-irresponsables-declaraciones-de-duhalde\\\/#primaryimage\"},\"image\":{\"@id\":\"https:\\\/\\\/noticiasmercedinas.com\\\/site\\\/2020\\\/08\\\/26\\\/mesa-sindical-repudia-irresponsables-declaraciones-de-duhalde\\\/#primaryimage\"},\"thumbnailUrl\":\"https:\\\/\\\/noticiasmercedinas.com\\\/site\\\/wp-content\\\/uploads\\\/2020\\\/08\\\/fc7f5aduhalde.png\",\"datePublished\":\"2020-08-26T21:34:15+00:00\",\"breadcrumb\":{\"@id\":\"https:\\\/\\\/noticiasmercedinas.com\\\/site\\\/2020\\\/08\\\/26\\\/mesa-sindical-repudia-irresponsables-declaraciones-de-duhalde\\\/#breadcrumb\"},\"inLanguage\":\"es\",\"potentialAction\":[{\"@type\":\"ReadAction\",\"target\":[\"https:\\\/\\\/noticiasmercedinas.com\\\/site\\\/2020\\\/08\\\/26\\\/mesa-sindical-repudia-irresponsables-declaraciones-de-duhalde\\\/\"]}]},{\"@type\":\"ImageObject\",\"inLanguage\":\"es\",\"@id\":\"https:\\\/\\\/noticiasmercedinas.com\\\/site\\\/2020\\\/08\\\/26\\\/mesa-sindical-repudia-irresponsables-declaraciones-de-duhalde\\\/#primaryimage\",\"url\":\"https:\\\/\\\/noticiasmercedinas.com\\\/site\\\/wp-content\\\/uploads\\\/2020\\\/08\\\/fc7f5aduhalde.png\",\"contentUrl\":\"https:\\\/\\\/noticiasmercedinas.com\\\/site\\\/wp-content\\\/uploads\\\/2020\\\/08\\\/fc7f5aduhalde.png\",\"width\":1165,\"height\":712},{\"@type\":\"BreadcrumbList\",\"@id\":\"https:\\\/\\\/noticiasmercedinas.com\\\/site\\\/2020\\\/08\\\/26\\\/mesa-sindical-repudia-irresponsables-declaraciones-de-duhalde\\\/#breadcrumb\",\"itemListElement\":[{\"@type\":\"ListItem\",\"position\":1,\"name\":\"Portada\",\"item\":\"https:\\\/\\\/noticiasmercedinas.com\\\/site\\\/\"},{\"@type\":\"ListItem\",\"position\":2,\"name\":\"Mesa Sindical repudia \u00abirresponsables\u00bb declaraciones de Duhalde\"}]},{\"@type\":\"WebSite\",\"@id\":\"https:\\\/\\\/noticiasmercedinas.com\\\/site\\\/#website\",\"url\":\"https:\\\/\\\/noticiasmercedinas.com\\\/site\\\/\",\"name\":\"NOTICIASMERCEDINAS.COM\",\"description\":\"Mercedes, Buenos Aires, Argentina\",\"publisher\":{\"@id\":\"https:\\\/\\\/noticiasmercedinas.com\\\/site\\\/#organization\"},\"potentialAction\":[{\"@type\":\"SearchAction\",\"target\":{\"@type\":\"EntryPoint\",\"urlTemplate\":\"https:\\\/\\\/noticiasmercedinas.com\\\/site\\\/?s={search_term_string}\"},\"query-input\":{\"@type\":\"PropertyValueSpecification\",\"valueRequired\":true,\"valueName\":\"search_term_string\"}}],\"inLanguage\":\"es\"},{\"@type\":\"Organization\",\"@id\":\"https:\\\/\\\/noticiasmercedinas.com\\\/site\\\/#organization\",\"name\":\"NOTICIASMERCEDINAS.COM\",\"url\":\"https:\\\/\\\/noticiasmercedinas.com\\\/site\\\/\",\"logo\":{\"@type\":\"ImageObject\",\"inLanguage\":\"es\",\"@id\":\"https:\\\/\\\/noticiasmercedinas.com\\\/site\\\/#\\\/schema\\\/logo\\\/image\\\/\",\"url\":\"https:\\\/\\\/noticiasmercedinas.com\\\/site\\\/wp-content\\\/uploads\\\/2020\\\/06\\\/LOGO-512.jpg\",\"contentUrl\":\"https:\\\/\\\/noticiasmercedinas.com\\\/site\\\/wp-content\\\/uploads\\\/2020\\\/06\\\/LOGO-512.jpg\",\"width\":512,\"height\":512,\"caption\":\"NOTICIASMERCEDINAS.COM\"},\"image\":{\"@id\":\"https:\\\/\\\/noticiasmercedinas.com\\\/site\\\/#\\\/schema\\\/logo\\\/image\\\/\"},\"sameAs\":[\"https:\\\/\\\/www.facebook.com\\\/noticiasmercedinas\\\/\",\"https:\\\/\\\/x.com\\\/notmercedinas\",\"https:\\\/\\\/www.instagram.com\\\/noticiasmercedinas\\\/\"]},{\"@type\":\"Person\",\"@id\":\"https:\\\/\\\/noticiasmercedinas.com\\\/site\\\/#\\\/schema\\\/person\\\/84b59c099c28ff2e8b77d4ceec5d8063\",\"name\":\"NOTICIASMERCEDINAS.COM\",\"image\":{\"@type\":\"ImageObject\",\"inLanguage\":\"es\",\"@id\":\"https:\\\/\\\/secure.gravatar.com\\\/avatar\\\/4dfbf16b4d17945bfb6341b2d19043457132fcf478a5ee04f42e959fd8f5df0a?s=96&d=mm&r=g\",\"url\":\"https:\\\/\\\/secure.gravatar.com\\\/avatar\\\/4dfbf16b4d17945bfb6341b2d19043457132fcf478a5ee04f42e959fd8f5df0a?s=96&d=mm&r=g\",\"contentUrl\":\"https:\\\/\\\/secure.gravatar.com\\\/avatar\\\/4dfbf16b4d17945bfb6341b2d19043457132fcf478a5ee04f42e959fd8f5df0a?s=96&d=mm&r=g\",\"caption\":\"NOTICIASMERCEDINAS.COM\"},\"url\":\"https:\\\/\\\/noticiasmercedinas.com\\\/site\\\/author\\\/anonimo\\\/\"}]}<\/script>\n<!-- \/ Yoast SEO plugin. -->","yoast_head_json":{"title":"Mesa Sindical repudia \"irresponsables\" declaraciones de Duhalde","robots":{"index":"index","follow":"follow","max-snippet":"max-snippet:-1","max-image-preview":"max-image-preview:large","max-video-preview":"max-video-preview:-1"},"canonical":"https:\/\/noticiasmercedinas.com\/site\/2020\/08\/26\/mesa-sindical-repudia-irresponsables-declaraciones-de-duhalde\/","og_locale":"es_ES","og_type":"article","og_title":"Mesa Sindical repudia \"irresponsables\" declaraciones de Duhalde","og_description":"\u25a0 \"En Argentina, estamos absolutamente convencidos, no hay lugar para los detractores del orden constitucional\", se\u00f1alaron. Denostaron \"ataque a la democracia\"","og_url":"https:\/\/noticiasmercedinas.com\/site\/2020\/08\/26\/mesa-sindical-repudia-irresponsables-declaraciones-de-duhalde\/","og_site_name":"NOTICIASMERCEDINAS.COM","article_publisher":"https:\/\/www.facebook.com\/noticiasmercedinas\/","article_published_time":"2020-08-26T21:34:15+00:00","og_image":[{"width":1165,"height":712,"url":"https:\/\/noticiasmercedinas.com\/site\/wp-content\/uploads\/2020\/08\/fc7f5aduhalde.png","type":"image\/png"}],"author":"NOTICIASMERCEDINAS.COM","twitter_card":"summary_large_image","twitter_creator":"@notmercedinas","twitter_site":"@notmercedinas","twitter_misc":{"Escrito por":"NOTICIASMERCEDINAS.COM","Tiempo de lectura":"1 minuto"},"schema":{"@context":"https:\/\/schema.org","@graph":[{"@type":"Article","@id":"https:\/\/noticiasmercedinas.com\/site\/2020\/08\/26\/mesa-sindical-repudia-irresponsables-declaraciones-de-duhalde\/#article","isPartOf":{"@id":"https:\/\/noticiasmercedinas.com\/site\/2020\/08\/26\/mesa-sindical-repudia-irresponsables-declaraciones-de-duhalde\/"},"author":{"name":"NOTICIASMERCEDINAS.COM","@id":"https:\/\/noticiasmercedinas.com\/site\/#\/schema\/person\/84b59c099c28ff2e8b77d4ceec5d8063"},"headline":"Mesa Sindical repudia \u00abirresponsables\u00bb declaraciones de Duhalde","datePublished":"2020-08-26T21:34:15+00:00","mainEntityOfPage":{"@id":"https:\/\/noticiasmercedinas.com\/site\/2020\/08\/26\/mesa-sindical-repudia-irresponsables-declaraciones-de-duhalde\/"},"wordCount":264,"commentCount":0,"publisher":{"@id":"https:\/\/noticiasmercedinas.com\/site\/#organization"},"image":{"@id":"https:\/\/noticiasmercedinas.com\/site\/2020\/08\/26\/mesa-sindical-repudia-irresponsables-declaraciones-de-duhalde\/#primaryimage"},"thumbnailUrl":"https:\/\/noticiasmercedinas.com\/site\/wp-content\/uploads\/2020\/08\/fc7f5aduhalde.png","keywords":["democracia","eduardo duhalde","Mesa Sindical Mercedes"],"articleSection":["Politica"],"inLanguage":"es","potentialAction":[{"@type":"CommentAction","name":"Comment","target":["https:\/\/noticiasmercedinas.com\/site\/2020\/08\/26\/mesa-sindical-repudia-irresponsables-declaraciones-de-duhalde\/#respond"]}]},{"@type":"WebPage","@id":"https:\/\/noticiasmercedinas.com\/site\/2020\/08\/26\/mesa-sindical-repudia-irresponsables-declaraciones-de-duhalde\/","url":"https:\/\/noticiasmercedinas.com\/site\/2020\/08\/26\/mesa-sindical-repudia-irresponsables-declaraciones-de-duhalde\/","name":"Mesa Sindical repudia \"irresponsables\" declaraciones de Duhalde","isPartOf":{"@id":"https:\/\/noticiasmercedinas.com\/site\/#website"},"primaryImageOfPage":{"@id":"https:\/\/noticiasmercedinas.com\/site\/2020\/08\/26\/mesa-sindical-repudia-irresponsables-declaraciones-de-duhalde\/#primaryimage"},"image":{"@id":"https:\/\/noticiasmercedinas.com\/site\/2020\/08\/26\/mesa-sindical-repudia-irresponsables-declaraciones-de-duhalde\/#primaryimage"},"thumbnailUrl":"https:\/\/noticiasmercedinas.com\/site\/wp-content\/uploads\/2020\/08\/fc7f5aduhalde.png","datePublished":"2020-08-26T21:34:15+00:00","breadcrumb":{"@id":"https:\/\/noticiasmercedinas.com\/site\/2020\/08\/26\/mesa-sindical-repudia-irresponsables-declaraciones-de-duhalde\/#breadcrumb"},"inLanguage":"es","potentialAction":[{"@type":"ReadAction","target":["https:\/\/noticiasmercedinas.com\/site\/2020\/08\/26\/mesa-sindical-repudia-irresponsables-declaraciones-de-duhalde\/"]}]},{"@type":"ImageObject","inLanguage":"es","@id":"https:\/\/noticiasmercedinas.com\/site\/2020\/08\/26\/mesa-sindical-repudia-irresponsables-declaraciones-de-duhalde\/#primaryimage","url":"https:\/\/noticiasmercedinas.com\/site\/wp-content\/uploads\/2020\/08\/fc7f5aduhalde.png","contentUrl":"https:\/\/noticiasmercedinas.com\/site\/wp-content\/uploads\/2020\/08\/fc7f5aduhalde.png","width":1165,"height":712},{"@type":"BreadcrumbList","@id":"https:\/\/noticiasmercedinas.com\/site\/2020\/08\/26\/mesa-sindical-repudia-irresponsables-declaraciones-de-duhalde\/#breadcrumb","itemListElement":[{"@type":"ListItem","position":1,"name":"Portada","item":"https:\/\/noticiasmercedinas.com\/site\/"},{"@type":"ListItem","position":2,"name":"Mesa Sindical repudia \u00abirresponsables\u00bb declaraciones de Duhalde"}]},{"@type":"WebSite","@id":"https:\/\/noticiasmercedinas.com\/site\/#website","url":"https:\/\/noticiasmercedinas.com\/site\/","name":"NOTICIASMERCEDINAS.COM","description":"Mercedes, Buenos Aires, Argentina","publisher":{"@id":"https:\/\/noticiasmercedinas.com\/site\/#organization"},"potentialAction":[{"@type":"SearchAction","target":{"@type":"EntryPoint","urlTemplate":"https:\/\/noticiasmercedinas.com\/site\/?s={search_term_string}"},"query-input":{"@type":"PropertyValueSpecification","valueRequired":true,"valueName":"search_term_string"}}],"inLanguage":"es"},{"@type":"Organization","@id":"https:\/\/noticiasmercedinas.com\/site\/#organization","name":"NOTICIASMERCEDINAS.COM","url":"https:\/\/noticiasmercedinas.com\/site\/","logo":{"@type":"ImageObject","inLanguage":"es","@id":"https:\/\/noticiasmercedinas.com\/site\/#\/schema\/logo\/image\/","url":"https:\/\/noticiasmercedinas.com\/site\/wp-content\/uploads\/2020\/06\/LOGO-512.jpg","contentUrl":"https:\/\/noticiasmercedinas.com\/site\/wp-content\/uploads\/2020\/06\/LOGO-512.jpg","width":512,"height":512,"caption":"NOTICIASMERCEDINAS.COM"},"image":{"@id":"https:\/\/noticiasmercedinas.com\/site\/#\/schema\/logo\/image\/"},"sameAs":["https:\/\/www.facebook.com\/noticiasmercedinas\/","https:\/\/x.com\/notmercedinas","https:\/\/www.instagram.com\/noticiasmercedinas\/"]},{"@type":"Person","@id":"https:\/\/noticiasmercedinas.com\/site\/#\/schema\/person\/84b59c099c28ff2e8b77d4ceec5d8063","name":"NOTICIASMERCEDINAS.COM","image":{"@type":"ImageObject","inLanguage":"es","@id":"https:\/\/secure.gravatar.com\/avatar\/4dfbf16b4d17945bfb6341b2d19043457132fcf478a5ee04f42e959fd8f5df0a?s=96&d=mm&r=g","url":"https:\/\/secure.gravatar.com\/avatar\/4dfbf16b4d17945bfb6341b2d19043457132fcf478a5ee04f42e959fd8f5df0a?s=96&d=mm&r=g","contentUrl":"https:\/\/secure.gravatar.com\/avatar\/4dfbf16b4d17945bfb6341b2d19043457132fcf478a5ee04f42e959fd8f5df0a?s=96&d=mm&r=g","caption":"NOTICIASMERCEDINAS.COM"},"url":"https:\/\/noticiasmercedinas.com\/site\/author\/anonimo\/"}]}},"amp_enabled":true,"_links":{"self":[{"href":"https:\/\/noticiasmercedinas.com\/site\/wp-json\/wp\/v2\/posts\/51705","targetHints":{"allow":["GET"]}}],"collection":[{"href":"https:\/\/noticiasmercedinas.com\/site\/wp-json\/wp\/v2\/posts"}],"about":[{"href":"https:\/\/noticiasmercedinas.com\/site\/wp-json\/wp\/v2\/types\/post"}],"author":[{"embeddable":true,"href":"https:\/\/noticiasmercedinas.com\/site\/wp-json\/wp\/v2\/users\/16"}],"replies":[{"embeddable":true,"href":"https:\/\/noticiasmercedinas.com\/site\/wp-json\/wp\/v2\/comments?post=51705"}],"version-history":[{"count":1,"href":"https:\/\/noticiasmercedinas.com\/site\/wp-json\/wp\/v2\/posts\/51705\/revisions"}],"predecessor-version":[{"id":51707,"href":"https:\/\/noticiasmercedinas.com\/site\/wp-json\/wp\/v2\/posts\/51705\/revisions\/51707"}],"wp:featuredmedia":[{"embeddable":true,"href":"https:\/\/noticiasmercedinas.com\/site\/wp-json\/wp\/v2\/media\/51706"}],"wp:attachment":[{"href":"https:\/\/noticiasmercedinas.com\/site\/wp-json\/wp\/v2\/media?parent=51705"}],"wp:term":[{"taxonomy":"category","embeddable":true,"href":"https:\/\/noticiasmercedinas.com\/site\/wp-json\/wp\/v2\/categories?post=51705"},{"taxonomy":"post_tag","embeddable":true,"href":"https:\/\/noticiasmercedinas.com\/site\/wp-json\/wp\/v2\/tags?post=51705"}],"curies":[{"name":"wp","href":"https:\/\/api.w.org\/{rel}","templated":true}]}}