{"id":51803,"date":"2020-08-28T09:12:14","date_gmt":"2020-08-28T12:12:14","guid":{"rendered":"https:\/\/noticiasmercedinas.com\/site\/?p=51803"},"modified":"2020-08-28T09:12:14","modified_gmt":"2020-08-28T12:12:14","slug":"inspector-de-educacion-cree-que-el-reencuentro-sera-favorable","status":"publish","type":"post","link":"https:\/\/noticiasmercedinas.com\/site\/2020\/08\/28\/inspector-de-educacion-cree-que-el-reencuentro-sera-favorable\/","title":{"rendered":"Inspector de Educaci\u00f3n cree que el reencuentro ser\u00e1 \u00abfavorable\u00bb"},"content":{"rendered":"<p><img loading=\"lazy\" decoding=\"async\" class=\"alignnone size-full wp-image-51804\" src=\"https:\/\/noticiasmercedinas.com\/site\/wp-content\/uploads\/2020\/08\/ponce-1.jpg\" alt=\"\" width=\"646\" height=\"366\" srcset=\"https:\/\/noticiasmercedinas.com\/site\/wp-content\/uploads\/2020\/08\/ponce-1.jpg 646w, https:\/\/noticiasmercedinas.com\/site\/wp-content\/uploads\/2020\/08\/ponce-1-300x170.jpg 300w, https:\/\/noticiasmercedinas.com\/site\/wp-content\/uploads\/2020\/08\/ponce-1-640x363.jpg 640w\" sizes=\"auto, (max-width: 646px) 100vw, 646px\" \/><\/p>\n<p>El municipio y entidades educativas locales trabajan en el proyecto que tiene como eje el reencuentro, en espacios abiertos y manteniendo los protocolos sanitarios vigentes, de los j\u00f3venes que est\u00e9n cursando los sextos a\u00f1os, con la finalidad de que los chicos tengan una oportunidad de sociabilizar y comunicarse de manera directa con sus compa\u00f1eros, en este que ser\u00e1 su \u00faltimo periodo educacional secundario.<\/p>\n<p><strong>Christian Ponce<\/strong> es inspector Jefe Distrital de Mercedes y a respecto se\u00f1al\u00f3: \u201cEn l\u00edneas generales los docentes tuvimos que ir aprendiendo en funci\u00f3n de los medios digitales y la virtualidad, porque no est\u00e1bamos preparados para eso, pero fue altamente positivo porque se han innovado much\u00edsimo las pr\u00e1cticas pedag\u00f3gicas por parte de los docentes y as\u00ed mismo ellos han transformado sus m\u00e9todos de ense\u00f1anza\u201d.<\/p>\n<p>\u201cSe presentaron nuevos desaf\u00edos y problem\u00e1ticas, como es el caso de la conectividad, por eso cada profesor fue innovando, tiene su forma de comunicaci\u00f3n con los alumnos. Por ah\u00ed con el estudiante que no tiene conectividad hay que llegar de otra manera, y se hace a trav\u00e9s de cuadernillos o propuestas escritas por parte de los profesores\u201d, agreg\u00f3 Ponce.<\/p>\n<p>\u201cEste confinamiento entendemos que quienes m\u00e1s lo sienten son los chicos, desde los m\u00e1s grandes hasta los m\u00e1s peque\u00f1os, se perdi\u00f3 ese contacto social que es muy importante para la formaci\u00f3n de un individuo y eso trae acarreado otro tipo de dificultades\u201d se\u00f1al\u00f3 Ponce y agreg\u00f3 que \u201cestas son tem\u00e1ticas que nosotros estamos abordando y trabajando, viendo c\u00f3mo podemos ir superando de alguna forma\u201d.<\/p>\n<blockquote><p>\u201cNosotros recibimos este proyecto agradecidos en l\u00edneas generales, donde creo que todos los directivos y los inspectores ve\u00edamos lo mismo, que era esa necesidad de encuentro, que la tienen todos\u00bb<\/p><\/blockquote>\n<p>En cuanto al proyecto diagramado y pensado por el Municipio de Mercedes junto a las instituciones educativas, Christian Ponce manifest\u00f3 su acuerdo: \u201cEsta iniciativa se recibe con los brazos abiertos. Se pens\u00f3 en los chicos de los \u00faltimos a\u00f1os por el simple hecho de que el resto tendr\u00e1 la oportunidad de volverse a encontrar &#8211;suponiendo que no volvamos este a\u00f1o&#8211; pr\u00f3ximamente, el a\u00f1o que viene. Pero la realidad es que los chicos que se vieron mayormente \u201cperjudicados\u201d son los chicos que ten\u00edan que terminar\u201d, y a\u00f1adi\u00f3: \u201cLos chicos que finalizan este a\u00f1o no van a tener la posibilidad de reencontrarse, por eso creo que la iniciativa municipal de crear un lugar de encuentro, teniendo en cuenta los buenos resultados del d\u00eda de la ni\u00f1ez, que los chicos m\u00e1s grandes se reencuentren de manera ordenada, al aire libre, respetado el distanciamiento social y los protocolos sanitarios, la verdad que creo que va a favorecer al reencuentro y la sociabilizaci\u00f3n en t\u00e9rminos comunicacionales\u201d.<\/p>\n<p>Seg\u00fan se se\u00f1al\u00f3, en este proyecto trabajar\u00e1n muchas \u00e1reas comunales como el SAME en el cuidado, protecci\u00f3n y mantenci\u00f3n de los protocolos sanitarios vigentes.<\/p>\n<p>\u201cNosotros recibimos este proyecto agradecidos en l\u00edneas generales, donde creo que todos los directivos y los inspectores ve\u00edamos lo mismo, que era esa necesidad de encuentro, que la tienen todos, pero puntualizar en los chicos que est\u00e1n terminando creo que es meritorio en funci\u00f3n de que ellos no van a poder volver a vivir esta etapa educativa, por eso me parece altamente positivo\u201d, apunt\u00f3 Ponce y cont\u00f3 que \u201cel Municipio hace la propuesta, nosotros desde las entidades educativas vamos a colaborar con lo que podemos que es la comunicaci\u00f3n, con el trabajo pedag\u00f3gico que vamos a hacer con respecto al cuidado sanitario\u201d.<\/p>\n<p>Asimismo, Ponce destac\u00f3 que \u201ceste es el primer paso, y si esto sale bien, seguramente iremos por m\u00e1s, de a poquito, de manera progresiva\u201d.<\/p>\n","protected":false},"excerpt":{"rendered":"<p>\u25a0 Christian Ponce destac\u00f3 que \u201ceste es el primer paso, y si esto sale bien, seguramente iremos por m\u00e1s, de a poquito, de manera progresiva\u201d.<\/p>\n","protected":false},"author":2,"featured_media":51804,"comment_status":"open","ping_status":"open","sticky":false,"template":"","format":"standard","meta":{"footnotes":""},"categories":[10],"tags":[8197,8392,38],"class_list":["post-51803","post","type-post","status-publish","format-standard","has-post-thumbnail","hentry","category-especiales","tag-christian-ponce","tag-coronavirus","tag-educacion"],"yoast_head":"<!-- This site is optimized with the Yoast SEO plugin v27.4 - https:\/\/yoast.com\/product\/yoast-seo-wordpress\/ -->\n<title>Inspector de Educaci\u00f3n cree que el reencuentro ser\u00e1 &quot;favorable&quot;<\/title>\n<meta name=\"robots\" content=\"index, follow, max-snippet:-1, max-image-preview:large, max-video-preview:-1\" \/>\n<link rel=\"canonical\" href=\"https:\/\/noticiasmercedinas.com\/site\/2020\/08\/28\/inspector-de-educacion-cree-que-el-reencuentro-sera-favorable\/\" \/>\n<meta property=\"og:locale\" content=\"es_ES\" \/>\n<meta property=\"og:type\" content=\"article\" \/>\n<meta property=\"og:title\" content=\"Inspector de Educaci\u00f3n cree que el reencuentro ser\u00e1 &quot;favorable&quot;\" \/>\n<meta property=\"og:description\" content=\"\u25a0 Christian Ponce destac\u00f3 que \u201ceste es el primer paso, y si esto sale bien, seguramente iremos por m\u00e1s, de a poquito, de manera progresiva\u201d.\" \/>\n<meta property=\"og:url\" content=\"https:\/\/noticiasmercedinas.com\/site\/2020\/08\/28\/inspector-de-educacion-cree-que-el-reencuentro-sera-favorable\/\" \/>\n<meta property=\"og:site_name\" content=\"NOTICIASMERCEDINAS.COM\" \/>\n<meta property=\"article:publisher\" content=\"https:\/\/www.facebook.com\/noticiasmercedinas\/\" \/>\n<meta property=\"article:author\" content=\"https:\/\/www.facebook.com\/cristian.falabella\" \/>\n<meta property=\"article:published_time\" content=\"2020-08-28T12:12:14+00:00\" \/>\n<meta property=\"og:image\" content=\"https:\/\/noticiasmercedinas.com\/site\/wp-content\/uploads\/2020\/08\/ponce-1.jpg\" \/>\n\t<meta property=\"og:image:width\" content=\"646\" \/>\n\t<meta property=\"og:image:height\" content=\"366\" \/>\n\t<meta property=\"og:image:type\" content=\"image\/jpeg\" \/>\n<meta name=\"author\" content=\"Cristian Falabella NOTICIASMERCEDINAS.COM\" \/>\n<meta name=\"twitter:card\" content=\"summary_large_image\" \/>\n<meta name=\"twitter:creator\" content=\"@https:\/\/twitter.com\/NOTMERCEDINAS\" \/>\n<meta name=\"twitter:site\" content=\"@notmercedinas\" \/>\n<meta name=\"twitter:label1\" content=\"Escrito por\" \/>\n\t<meta name=\"twitter:data1\" content=\"Cristian Falabella NOTICIASMERCEDINAS.COM\" \/>\n\t<meta name=\"twitter:label2\" content=\"Tiempo de lectura\" \/>\n\t<meta name=\"twitter:data2\" content=\"3 minutos\" \/>\n<script type=\"application\/ld+json\" class=\"yoast-schema-graph\">{\"@context\":\"https:\\\/\\\/schema.org\",\"@graph\":[{\"@type\":\"Article\",\"@id\":\"https:\\\/\\\/noticiasmercedinas.com\\\/site\\\/2020\\\/08\\\/28\\\/inspector-de-educacion-cree-que-el-reencuentro-sera-favorable\\\/#article\",\"isPartOf\":{\"@id\":\"https:\\\/\\\/noticiasmercedinas.com\\\/site\\\/2020\\\/08\\\/28\\\/inspector-de-educacion-cree-que-el-reencuentro-sera-favorable\\\/\"},\"author\":{\"name\":\"Cristian Falabella NOTICIASMERCEDINAS.COM\",\"@id\":\"https:\\\/\\\/noticiasmercedinas.com\\\/site\\\/#\\\/schema\\\/person\\\/d481a9696a5feaec13a60e2bbd991a6a\"},\"headline\":\"Inspector de Educaci\u00f3n cree que el reencuentro ser\u00e1 \u00abfavorable\u00bb\",\"datePublished\":\"2020-08-28T12:12:14+00:00\",\"mainEntityOfPage\":{\"@id\":\"https:\\\/\\\/noticiasmercedinas.com\\\/site\\\/2020\\\/08\\\/28\\\/inspector-de-educacion-cree-que-el-reencuentro-sera-favorable\\\/\"},\"wordCount\":651,\"commentCount\":0,\"publisher\":{\"@id\":\"https:\\\/\\\/noticiasmercedinas.com\\\/site\\\/#organization\"},\"image\":{\"@id\":\"https:\\\/\\\/noticiasmercedinas.com\\\/site\\\/2020\\\/08\\\/28\\\/inspector-de-educacion-cree-que-el-reencuentro-sera-favorable\\\/#primaryimage\"},\"thumbnailUrl\":\"https:\\\/\\\/noticiasmercedinas.com\\\/site\\\/wp-content\\\/uploads\\\/2020\\\/08\\\/ponce-1.jpg\",\"keywords\":[\"christian ponce\",\"coronavirus\",\"educacion\"],\"articleSection\":[\"Covid-19\"],\"inLanguage\":\"es\",\"potentialAction\":[{\"@type\":\"CommentAction\",\"name\":\"Comment\",\"target\":[\"https:\\\/\\\/noticiasmercedinas.com\\\/site\\\/2020\\\/08\\\/28\\\/inspector-de-educacion-cree-que-el-reencuentro-sera-favorable\\\/#respond\"]}]},{\"@type\":\"WebPage\",\"@id\":\"https:\\\/\\\/noticiasmercedinas.com\\\/site\\\/2020\\\/08\\\/28\\\/inspector-de-educacion-cree-que-el-reencuentro-sera-favorable\\\/\",\"url\":\"https:\\\/\\\/noticiasmercedinas.com\\\/site\\\/2020\\\/08\\\/28\\\/inspector-de-educacion-cree-que-el-reencuentro-sera-favorable\\\/\",\"name\":\"Inspector de Educaci\u00f3n cree que el reencuentro ser\u00e1 \\\"favorable\\\"\",\"isPartOf\":{\"@id\":\"https:\\\/\\\/noticiasmercedinas.com\\\/site\\\/#website\"},\"primaryImageOfPage\":{\"@id\":\"https:\\\/\\\/noticiasmercedinas.com\\\/site\\\/2020\\\/08\\\/28\\\/inspector-de-educacion-cree-que-el-reencuentro-sera-favorable\\\/#primaryimage\"},\"image\":{\"@id\":\"https:\\\/\\\/noticiasmercedinas.com\\\/site\\\/2020\\\/08\\\/28\\\/inspector-de-educacion-cree-que-el-reencuentro-sera-favorable\\\/#primaryimage\"},\"thumbnailUrl\":\"https:\\\/\\\/noticiasmercedinas.com\\\/site\\\/wp-content\\\/uploads\\\/2020\\\/08\\\/ponce-1.jpg\",\"datePublished\":\"2020-08-28T12:12:14+00:00\",\"breadcrumb\":{\"@id\":\"https:\\\/\\\/noticiasmercedinas.com\\\/site\\\/2020\\\/08\\\/28\\\/inspector-de-educacion-cree-que-el-reencuentro-sera-favorable\\\/#breadcrumb\"},\"inLanguage\":\"es\",\"potentialAction\":[{\"@type\":\"ReadAction\",\"target\":[\"https:\\\/\\\/noticiasmercedinas.com\\\/site\\\/2020\\\/08\\\/28\\\/inspector-de-educacion-cree-que-el-reencuentro-sera-favorable\\\/\"]}]},{\"@type\":\"ImageObject\",\"inLanguage\":\"es\",\"@id\":\"https:\\\/\\\/noticiasmercedinas.com\\\/site\\\/2020\\\/08\\\/28\\\/inspector-de-educacion-cree-que-el-reencuentro-sera-favorable\\\/#primaryimage\",\"url\":\"https:\\\/\\\/noticiasmercedinas.com\\\/site\\\/wp-content\\\/uploads\\\/2020\\\/08\\\/ponce-1.jpg\",\"contentUrl\":\"https:\\\/\\\/noticiasmercedinas.com\\\/site\\\/wp-content\\\/uploads\\\/2020\\\/08\\\/ponce-1.jpg\",\"width\":646,\"height\":366},{\"@type\":\"BreadcrumbList\",\"@id\":\"https:\\\/\\\/noticiasmercedinas.com\\\/site\\\/2020\\\/08\\\/28\\\/inspector-de-educacion-cree-que-el-reencuentro-sera-favorable\\\/#breadcrumb\",\"itemListElement\":[{\"@type\":\"ListItem\",\"position\":1,\"name\":\"Portada\",\"item\":\"https:\\\/\\\/noticiasmercedinas.com\\\/site\\\/\"},{\"@type\":\"ListItem\",\"position\":2,\"name\":\"Inspector de Educaci\u00f3n cree que el reencuentro ser\u00e1 \u00abfavorable\u00bb\"}]},{\"@type\":\"WebSite\",\"@id\":\"https:\\\/\\\/noticiasmercedinas.com\\\/site\\\/#website\",\"url\":\"https:\\\/\\\/noticiasmercedinas.com\\\/site\\\/\",\"name\":\"NOTICIASMERCEDINAS.COM\",\"description\":\"Mercedes, Buenos Aires, Argentina\",\"publisher\":{\"@id\":\"https:\\\/\\\/noticiasmercedinas.com\\\/site\\\/#organization\"},\"potentialAction\":[{\"@type\":\"SearchAction\",\"target\":{\"@type\":\"EntryPoint\",\"urlTemplate\":\"https:\\\/\\\/noticiasmercedinas.com\\\/site\\\/?s={search_term_string}\"},\"query-input\":{\"@type\":\"PropertyValueSpecification\",\"valueRequired\":true,\"valueName\":\"search_term_string\"}}],\"inLanguage\":\"es\"},{\"@type\":\"Organization\",\"@id\":\"https:\\\/\\\/noticiasmercedinas.com\\\/site\\\/#organization\",\"name\":\"NOTICIASMERCEDINAS.COM\",\"url\":\"https:\\\/\\\/noticiasmercedinas.com\\\/site\\\/\",\"logo\":{\"@type\":\"ImageObject\",\"inLanguage\":\"es\",\"@id\":\"https:\\\/\\\/noticiasmercedinas.com\\\/site\\\/#\\\/schema\\\/logo\\\/image\\\/\",\"url\":\"https:\\\/\\\/noticiasmercedinas.com\\\/site\\\/wp-content\\\/uploads\\\/2020\\\/06\\\/LOGO-512.jpg\",\"contentUrl\":\"https:\\\/\\\/noticiasmercedinas.com\\\/site\\\/wp-content\\\/uploads\\\/2020\\\/06\\\/LOGO-512.jpg\",\"width\":512,\"height\":512,\"caption\":\"NOTICIASMERCEDINAS.COM\"},\"image\":{\"@id\":\"https:\\\/\\\/noticiasmercedinas.com\\\/site\\\/#\\\/schema\\\/logo\\\/image\\\/\"},\"sameAs\":[\"https:\\\/\\\/www.facebook.com\\\/noticiasmercedinas\\\/\",\"https:\\\/\\\/x.com\\\/notmercedinas\",\"https:\\\/\\\/www.instagram.com\\\/noticiasmercedinas\\\/\"]},{\"@type\":\"Person\",\"@id\":\"https:\\\/\\\/noticiasmercedinas.com\\\/site\\\/#\\\/schema\\\/person\\\/d481a9696a5feaec13a60e2bbd991a6a\",\"name\":\"Cristian Falabella NOTICIASMERCEDINAS.COM\",\"image\":{\"@type\":\"ImageObject\",\"inLanguage\":\"es\",\"@id\":\"https:\\\/\\\/secure.gravatar.com\\\/avatar\\\/0dbbfc45970cc46bcd0e57766228574ff3511d6eed045b182f536f0f478c1f06?s=96&d=mm&r=g\",\"url\":\"https:\\\/\\\/secure.gravatar.com\\\/avatar\\\/0dbbfc45970cc46bcd0e57766228574ff3511d6eed045b182f536f0f478c1f06?s=96&d=mm&r=g\",\"contentUrl\":\"https:\\\/\\\/secure.gravatar.com\\\/avatar\\\/0dbbfc45970cc46bcd0e57766228574ff3511d6eed045b182f536f0f478c1f06?s=96&d=mm&r=g\",\"caption\":\"Cristian Falabella NOTICIASMERCEDINAS.COM\"},\"description\":\"Periodista, editor de Noticias Mercedinas. Pas\u00f3 por varias redacciones y emprendimientos de prensa, en distintos formatos y \u00e9pocas. Se especializ\u00f3 --y sigue haci\u00e9ndolo-- en comunicaci\u00f3n en la web y en junio de 2006 fund\u00f3 este diario digital.\",\"sameAs\":[\"https:\\\/\\\/noticiasmercedinas.com\",\"https:\\\/\\\/www.facebook.com\\\/cristian.falabella\",\"https:\\\/\\\/www.instagram.com\\\/noticiasmercedinas\\\/\",\"https:\\\/\\\/x.com\\\/https:\\\/\\\/twitter.com\\\/NOTMERCEDINAS\"],\"url\":\"https:\\\/\\\/noticiasmercedinas.com\\\/site\\\/author\\\/as000384\\\/\"}]}<\/script>\n<!-- \/ Yoast SEO plugin. -->","yoast_head_json":{"title":"Inspector de Educaci\u00f3n cree que el reencuentro ser\u00e1 \"favorable\"","robots":{"index":"index","follow":"follow","max-snippet":"max-snippet:-1","max-image-preview":"max-image-preview:large","max-video-preview":"max-video-preview:-1"},"canonical":"https:\/\/noticiasmercedinas.com\/site\/2020\/08\/28\/inspector-de-educacion-cree-que-el-reencuentro-sera-favorable\/","og_locale":"es_ES","og_type":"article","og_title":"Inspector de Educaci\u00f3n cree que el reencuentro ser\u00e1 \"favorable\"","og_description":"\u25a0 Christian Ponce destac\u00f3 que \u201ceste es el primer paso, y si esto sale bien, seguramente iremos por m\u00e1s, de a poquito, de manera progresiva\u201d.","og_url":"https:\/\/noticiasmercedinas.com\/site\/2020\/08\/28\/inspector-de-educacion-cree-que-el-reencuentro-sera-favorable\/","og_site_name":"NOTICIASMERCEDINAS.COM","article_publisher":"https:\/\/www.facebook.com\/noticiasmercedinas\/","article_author":"https:\/\/www.facebook.com\/cristian.falabella","article_published_time":"2020-08-28T12:12:14+00:00","og_image":[{"width":646,"height":366,"url":"https:\/\/noticiasmercedinas.com\/site\/wp-content\/uploads\/2020\/08\/ponce-1.jpg","type":"image\/jpeg"}],"author":"Cristian Falabella NOTICIASMERCEDINAS.COM","twitter_card":"summary_large_image","twitter_creator":"@https:\/\/twitter.com\/NOTMERCEDINAS","twitter_site":"@notmercedinas","twitter_misc":{"Escrito por":"Cristian Falabella NOTICIASMERCEDINAS.COM","Tiempo de lectura":"3 minutos"},"schema":{"@context":"https:\/\/schema.org","@graph":[{"@type":"Article","@id":"https:\/\/noticiasmercedinas.com\/site\/2020\/08\/28\/inspector-de-educacion-cree-que-el-reencuentro-sera-favorable\/#article","isPartOf":{"@id":"https:\/\/noticiasmercedinas.com\/site\/2020\/08\/28\/inspector-de-educacion-cree-que-el-reencuentro-sera-favorable\/"},"author":{"name":"Cristian Falabella NOTICIASMERCEDINAS.COM","@id":"https:\/\/noticiasmercedinas.com\/site\/#\/schema\/person\/d481a9696a5feaec13a60e2bbd991a6a"},"headline":"Inspector de Educaci\u00f3n cree que el reencuentro ser\u00e1 \u00abfavorable\u00bb","datePublished":"2020-08-28T12:12:14+00:00","mainEntityOfPage":{"@id":"https:\/\/noticiasmercedinas.com\/site\/2020\/08\/28\/inspector-de-educacion-cree-que-el-reencuentro-sera-favorable\/"},"wordCount":651,"commentCount":0,"publisher":{"@id":"https:\/\/noticiasmercedinas.com\/site\/#organization"},"image":{"@id":"https:\/\/noticiasmercedinas.com\/site\/2020\/08\/28\/inspector-de-educacion-cree-que-el-reencuentro-sera-favorable\/#primaryimage"},"thumbnailUrl":"https:\/\/noticiasmercedinas.com\/site\/wp-content\/uploads\/2020\/08\/ponce-1.jpg","keywords":["christian ponce","coronavirus","educacion"],"articleSection":["Covid-19"],"inLanguage":"es","potentialAction":[{"@type":"CommentAction","name":"Comment","target":["https:\/\/noticiasmercedinas.com\/site\/2020\/08\/28\/inspector-de-educacion-cree-que-el-reencuentro-sera-favorable\/#respond"]}]},{"@type":"WebPage","@id":"https:\/\/noticiasmercedinas.com\/site\/2020\/08\/28\/inspector-de-educacion-cree-que-el-reencuentro-sera-favorable\/","url":"https:\/\/noticiasmercedinas.com\/site\/2020\/08\/28\/inspector-de-educacion-cree-que-el-reencuentro-sera-favorable\/","name":"Inspector de Educaci\u00f3n cree que el reencuentro ser\u00e1 \"favorable\"","isPartOf":{"@id":"https:\/\/noticiasmercedinas.com\/site\/#website"},"primaryImageOfPage":{"@id":"https:\/\/noticiasmercedinas.com\/site\/2020\/08\/28\/inspector-de-educacion-cree-que-el-reencuentro-sera-favorable\/#primaryimage"},"image":{"@id":"https:\/\/noticiasmercedinas.com\/site\/2020\/08\/28\/inspector-de-educacion-cree-que-el-reencuentro-sera-favorable\/#primaryimage"},"thumbnailUrl":"https:\/\/noticiasmercedinas.com\/site\/wp-content\/uploads\/2020\/08\/ponce-1.jpg","datePublished":"2020-08-28T12:12:14+00:00","breadcrumb":{"@id":"https:\/\/noticiasmercedinas.com\/site\/2020\/08\/28\/inspector-de-educacion-cree-que-el-reencuentro-sera-favorable\/#breadcrumb"},"inLanguage":"es","potentialAction":[{"@type":"ReadAction","target":["https:\/\/noticiasmercedinas.com\/site\/2020\/08\/28\/inspector-de-educacion-cree-que-el-reencuentro-sera-favorable\/"]}]},{"@type":"ImageObject","inLanguage":"es","@id":"https:\/\/noticiasmercedinas.com\/site\/2020\/08\/28\/inspector-de-educacion-cree-que-el-reencuentro-sera-favorable\/#primaryimage","url":"https:\/\/noticiasmercedinas.com\/site\/wp-content\/uploads\/2020\/08\/ponce-1.jpg","contentUrl":"https:\/\/noticiasmercedinas.com\/site\/wp-content\/uploads\/2020\/08\/ponce-1.jpg","width":646,"height":366},{"@type":"BreadcrumbList","@id":"https:\/\/noticiasmercedinas.com\/site\/2020\/08\/28\/inspector-de-educacion-cree-que-el-reencuentro-sera-favorable\/#breadcrumb","itemListElement":[{"@type":"ListItem","position":1,"name":"Portada","item":"https:\/\/noticiasmercedinas.com\/site\/"},{"@type":"ListItem","position":2,"name":"Inspector de Educaci\u00f3n cree que el reencuentro ser\u00e1 \u00abfavorable\u00bb"}]},{"@type":"WebSite","@id":"https:\/\/noticiasmercedinas.com\/site\/#website","url":"https:\/\/noticiasmercedinas.com\/site\/","name":"NOTICIASMERCEDINAS.COM","description":"Mercedes, Buenos Aires, Argentina","publisher":{"@id":"https:\/\/noticiasmercedinas.com\/site\/#organization"},"potentialAction":[{"@type":"SearchAction","target":{"@type":"EntryPoint","urlTemplate":"https:\/\/noticiasmercedinas.com\/site\/?s={search_term_string}"},"query-input":{"@type":"PropertyValueSpecification","valueRequired":true,"valueName":"search_term_string"}}],"inLanguage":"es"},{"@type":"Organization","@id":"https:\/\/noticiasmercedinas.com\/site\/#organization","name":"NOTICIASMERCEDINAS.COM","url":"https:\/\/noticiasmercedinas.com\/site\/","logo":{"@type":"ImageObject","inLanguage":"es","@id":"https:\/\/noticiasmercedinas.com\/site\/#\/schema\/logo\/image\/","url":"https:\/\/noticiasmercedinas.com\/site\/wp-content\/uploads\/2020\/06\/LOGO-512.jpg","contentUrl":"https:\/\/noticiasmercedinas.com\/site\/wp-content\/uploads\/2020\/06\/LOGO-512.jpg","width":512,"height":512,"caption":"NOTICIASMERCEDINAS.COM"},"image":{"@id":"https:\/\/noticiasmercedinas.com\/site\/#\/schema\/logo\/image\/"},"sameAs":["https:\/\/www.facebook.com\/noticiasmercedinas\/","https:\/\/x.com\/notmercedinas","https:\/\/www.instagram.com\/noticiasmercedinas\/"]},{"@type":"Person","@id":"https:\/\/noticiasmercedinas.com\/site\/#\/schema\/person\/d481a9696a5feaec13a60e2bbd991a6a","name":"Cristian Falabella NOTICIASMERCEDINAS.COM","image":{"@type":"ImageObject","inLanguage":"es","@id":"https:\/\/secure.gravatar.com\/avatar\/0dbbfc45970cc46bcd0e57766228574ff3511d6eed045b182f536f0f478c1f06?s=96&d=mm&r=g","url":"https:\/\/secure.gravatar.com\/avatar\/0dbbfc45970cc46bcd0e57766228574ff3511d6eed045b182f536f0f478c1f06?s=96&d=mm&r=g","contentUrl":"https:\/\/secure.gravatar.com\/avatar\/0dbbfc45970cc46bcd0e57766228574ff3511d6eed045b182f536f0f478c1f06?s=96&d=mm&r=g","caption":"Cristian Falabella NOTICIASMERCEDINAS.COM"},"description":"Periodista, editor de Noticias Mercedinas. Pas\u00f3 por varias redacciones y emprendimientos de prensa, en distintos formatos y \u00e9pocas. Se especializ\u00f3 --y sigue haci\u00e9ndolo-- en comunicaci\u00f3n en la web y en junio de 2006 fund\u00f3 este diario digital.","sameAs":["https:\/\/noticiasmercedinas.com","https:\/\/www.facebook.com\/cristian.falabella","https:\/\/www.instagram.com\/noticiasmercedinas\/","https:\/\/x.com\/https:\/\/twitter.com\/NOTMERCEDINAS"],"url":"https:\/\/noticiasmercedinas.com\/site\/author\/as000384\/"}]}},"amp_enabled":true,"_links":{"self":[{"href":"https:\/\/noticiasmercedinas.com\/site\/wp-json\/wp\/v2\/posts\/51803","targetHints":{"allow":["GET"]}}],"collection":[{"href":"https:\/\/noticiasmercedinas.com\/site\/wp-json\/wp\/v2\/posts"}],"about":[{"href":"https:\/\/noticiasmercedinas.com\/site\/wp-json\/wp\/v2\/types\/post"}],"author":[{"embeddable":true,"href":"https:\/\/noticiasmercedinas.com\/site\/wp-json\/wp\/v2\/users\/2"}],"replies":[{"embeddable":true,"href":"https:\/\/noticiasmercedinas.com\/site\/wp-json\/wp\/v2\/comments?post=51803"}],"version-history":[{"count":1,"href":"https:\/\/noticiasmercedinas.com\/site\/wp-json\/wp\/v2\/posts\/51803\/revisions"}],"predecessor-version":[{"id":51805,"href":"https:\/\/noticiasmercedinas.com\/site\/wp-json\/wp\/v2\/posts\/51803\/revisions\/51805"}],"wp:featuredmedia":[{"embeddable":true,"href":"https:\/\/noticiasmercedinas.com\/site\/wp-json\/wp\/v2\/media\/51804"}],"wp:attachment":[{"href":"https:\/\/noticiasmercedinas.com\/site\/wp-json\/wp\/v2\/media?parent=51803"}],"wp:term":[{"taxonomy":"category","embeddable":true,"href":"https:\/\/noticiasmercedinas.com\/site\/wp-json\/wp\/v2\/categories?post=51803"},{"taxonomy":"post_tag","embeddable":true,"href":"https:\/\/noticiasmercedinas.com\/site\/wp-json\/wp\/v2\/tags?post=51803"}],"curies":[{"name":"wp","href":"https:\/\/api.w.org\/{rel}","templated":true}]}}