{"id":51932,"date":"2020-08-29T17:15:41","date_gmt":"2020-08-29T20:15:41","guid":{"rendered":"https:\/\/noticiasmercedinas.com\/site\/?p=51932"},"modified":"2020-08-29T17:15:41","modified_gmt":"2020-08-29T20:15:41","slug":"partido-fe-define-su-presente-y-futuro-politico","status":"publish","type":"post","link":"https:\/\/noticiasmercedinas.com\/site\/2020\/08\/29\/partido-fe-define-su-presente-y-futuro-politico\/","title":{"rendered":"Partido Fe define su presente y futuro pol\u00edtico"},"content":{"rendered":"<p><img loading=\"lazy\" decoding=\"async\" class=\"alignnone size-large wp-image-51933\" src=\"https:\/\/noticiasmercedinas.com\/site\/wp-content\/uploads\/2020\/08\/d73db6db-0a8e-4ce1-8ca0-54ea865089f6-1024x597.jpg\" alt=\"\" width=\"640\" height=\"373\" srcset=\"https:\/\/noticiasmercedinas.com\/site\/wp-content\/uploads\/2020\/08\/d73db6db-0a8e-4ce1-8ca0-54ea865089f6-1024x597.jpg 1024w, https:\/\/noticiasmercedinas.com\/site\/wp-content\/uploads\/2020\/08\/d73db6db-0a8e-4ce1-8ca0-54ea865089f6-300x175.jpg 300w, https:\/\/noticiasmercedinas.com\/site\/wp-content\/uploads\/2020\/08\/d73db6db-0a8e-4ce1-8ca0-54ea865089f6-768x448.jpg 768w, https:\/\/noticiasmercedinas.com\/site\/wp-content\/uploads\/2020\/08\/d73db6db-0a8e-4ce1-8ca0-54ea865089f6-640x373.jpg 640w, https:\/\/noticiasmercedinas.com\/site\/wp-content\/uploads\/2020\/08\/d73db6db-0a8e-4ce1-8ca0-54ea865089f6-681x397.jpg 681w, https:\/\/noticiasmercedinas.com\/site\/wp-content\/uploads\/2020\/08\/d73db6db-0a8e-4ce1-8ca0-54ea865089f6.jpg 1169w\" sizes=\"auto, (max-width: 640px) 100vw, 640px\" \/><\/p>\n<p>El Diputado Nacional Pablo Ansaloni, presidente del Partido Fe, y Ram\u00f3n Ayala, Secretario General de UATRE y de las 62 Organizaciones Gremiales Peronistas, presidieron hoy un encuentro no presencial de la conducci\u00f3n nacional de ese espacio pol\u00edtico-sindical en el que ratificaron su acompa\u00f1amiento a la gesti\u00f3n del presidente Alberto Fern\u00e1ndez, as\u00ed como en la provincia de Buenos Aires a su gobernador Axel Kicillof.<\/p>\n<p>En su intervenci\u00f3n, Pablo Ansaloni sostuvo: \u201cSabemos muy bien lo que representamos y defendemos todas las compa\u00f1eras y compa\u00f1eros de nuestro partido FE y de las 62 Organizaciones, representamos el legado del General Per\u00f3n y de la inmortal Evita y defendemos sin concesiones los intereses de los trabajadores\u201d y convoc\u00f3 a \u201creorganizar nuestras filas, sumar a quienes nos vean como una alternativa peronista y marcar a fuego nuestra l\u00ednea pol\u00edtica, siendo org\u00e1nicos y disciplinados\u201d.<\/p>\n<p>Por su parte, parafraseando a Juan Per\u00f3n, el l\u00edder pol\u00edtico sindical Ram\u00f3n Ayala sostuvo que \u201cel Peronismo es FE y Convicci\u00f3n, dos valores que forman parte indisoluble de nosotros\u201d y asegur\u00f3 que \u201cpor eso no tenemos dudas de en d\u00f3nde tenemos que estar y es acompa\u00f1ando a nuestro presidente y a nuestro gobernador, desde nuestra identidad peronista a la que nunca vamos a renunciar\u201d.<\/p>\n<p>En otro segmento de su discurso, Ayala destac\u00f3 que frente a la situaci\u00f3n de la pandemia, \u201cla \u00fanica verdad es la realidad, las cifras demuestran que, a pesar del incremento de los contagios, la pol\u00edtica llevada adelante por el gobierno nacional ha sido exitosa, ya que somos uno de los pa\u00edses con mejor porcentaje de muertos por la pandemia\u201d, y fue tajante al afirmar que \u201cahora tenemos el virus en todo el pa\u00eds, lleg\u00f3 al interior, por eso tenemos que cuidarnos y cuidar a nuestros compa\u00f1eros, a nuestros vecinos, a nuestras familias, tenemos que ser muy responsables frente a los que irresponsablemente pregonan el anti cuarentena ampar\u00e1ndose en un mal entendido sentido de la libertad, s\u00ed, la libertad de contagiarse y morir por coronavirus\u201d.<\/p>\n<p>Participaron de la reuni\u00f3n representantes de todos los distritos del pa\u00eds, destac\u00e1ndose la presencia de los Intendentes de San Pedro, Cecilio Salazar, y de Necochea, Arturo Rojas, de la provincia de Buenos Aires; Flavio Ju\u00e1rez de Sampacho, provincia de C\u00f3rdoba, y Javier Wuayar de La Merced, provincia de Salta. Asimismo, fueron de la partida el Senador Provincial de Salta y dirigente taxista Jos\u00e9 Ibarra; las diputadas provinciales Cesira Arcando de Santa Fe y Natalia S\u00e1nchez J\u00e1uregui de Buenos Aires, y los diputados provinciales Juan Carlos Castro de C\u00f3rdoba y Gonzalo Caro D\u00e1valos de Salta.<\/p>\n<p>Completaron el encuentro concejales de varias provincias, dirigentes sindicales y referentes partidarios. Como anfitri\u00f3n del encuentro oper\u00f3 Alberto Barra, Secretario de Prensa de la UATRE.<\/p>\n<p>Por la ciudad de Mercedes, la concejala Sabrina Vi\u00f1ales y el dirigente Jorge Pirotta participaron de la reuni\u00f3n de la Conducci\u00f3n Nacional del Partido Fe.<\/p>\n<p><img loading=\"lazy\" decoding=\"async\" class=\"alignnone size-large wp-image-51934\" src=\"https:\/\/noticiasmercedinas.com\/site\/wp-content\/uploads\/2020\/08\/d7e005aa-97f1-45a2-a8df-20636291fadd-1024x603.jpg\" alt=\"\" width=\"640\" height=\"377\" srcset=\"https:\/\/noticiasmercedinas.com\/site\/wp-content\/uploads\/2020\/08\/d7e005aa-97f1-45a2-a8df-20636291fadd-1024x603.jpg 1024w, https:\/\/noticiasmercedinas.com\/site\/wp-content\/uploads\/2020\/08\/d7e005aa-97f1-45a2-a8df-20636291fadd-300x177.jpg 300w, https:\/\/noticiasmercedinas.com\/site\/wp-content\/uploads\/2020\/08\/d7e005aa-97f1-45a2-a8df-20636291fadd-768x453.jpg 768w, https:\/\/noticiasmercedinas.com\/site\/wp-content\/uploads\/2020\/08\/d7e005aa-97f1-45a2-a8df-20636291fadd-640x377.jpg 640w, https:\/\/noticiasmercedinas.com\/site\/wp-content\/uploads\/2020\/08\/d7e005aa-97f1-45a2-a8df-20636291fadd-681x400.jpg 681w, https:\/\/noticiasmercedinas.com\/site\/wp-content\/uploads\/2020\/08\/d7e005aa-97f1-45a2-a8df-20636291fadd.jpg 1098w\" sizes=\"auto, (max-width: 640px) 100vw, 640px\" \/><\/p>\n","protected":false},"excerpt":{"rendered":"<p>\u25a0 Por Mercedes, la concejala Sabrina Vi\u00f1ales y el dirigente Jorge Pirotta participaron de la reuni\u00f3n de la Conducci\u00f3n. Ratificaron acompa\u00f1amiento a Fern\u00e1ndez y Kicillof.<\/p>\n","protected":false},"author":2,"featured_media":51933,"comment_status":"open","ping_status":"open","sticky":false,"template":"","format":"standard","meta":{"footnotes":""},"categories":[16],"tags":[359,1128,10081,1419,541],"class_list":["post-51932","post","type-post","status-publish","format-standard","has-post-thumbnail","hentry","category-politica","tag-jorge-pirotta","tag-pablo-ansaloni","tag-parttido-fe","tag-ramon-ayala","tag-sabrina-vinales"],"yoast_head":"<!-- This site is optimized with the Yoast SEO plugin v27.5 - https:\/\/yoast.com\/product\/yoast-seo-wordpress\/ -->\n<title>Partido Fe define su presente y futuro pol\u00edtico<\/title>\n<meta name=\"robots\" content=\"index, follow, max-snippet:-1, max-image-preview:large, max-video-preview:-1\" \/>\n<link rel=\"canonical\" href=\"https:\/\/noticiasmercedinas.com\/site\/2020\/08\/29\/partido-fe-define-su-presente-y-futuro-politico\/\" \/>\n<meta property=\"og:locale\" content=\"es_ES\" \/>\n<meta property=\"og:type\" content=\"article\" \/>\n<meta property=\"og:title\" content=\"Partido Fe define su presente y futuro pol\u00edtico\" \/>\n<meta property=\"og:description\" content=\"\u25a0 Por Mercedes, la concejala Sabrina Vi\u00f1ales y el dirigente Jorge Pirotta participaron de la reuni\u00f3n de la Conducci\u00f3n. Ratificaron acompa\u00f1amiento a Fern\u00e1ndez y Kicillof.\" \/>\n<meta property=\"og:url\" content=\"https:\/\/noticiasmercedinas.com\/site\/2020\/08\/29\/partido-fe-define-su-presente-y-futuro-politico\/\" \/>\n<meta property=\"og:site_name\" content=\"NOTICIASMERCEDINAS.COM\" \/>\n<meta property=\"article:publisher\" content=\"https:\/\/www.facebook.com\/noticiasmercedinas\/\" \/>\n<meta property=\"article:author\" content=\"https:\/\/www.facebook.com\/cristian.falabella\" \/>\n<meta property=\"article:published_time\" content=\"2020-08-29T20:15:41+00:00\" \/>\n<meta property=\"og:image\" content=\"https:\/\/noticiasmercedinas.com\/site\/wp-content\/uploads\/2020\/08\/d73db6db-0a8e-4ce1-8ca0-54ea865089f6.jpg\" \/>\n\t<meta property=\"og:image:width\" content=\"1169\" \/>\n\t<meta property=\"og:image:height\" content=\"682\" \/>\n\t<meta property=\"og:image:type\" content=\"image\/jpeg\" \/>\n<meta name=\"author\" content=\"Cristian Falabella NOTICIASMERCEDINAS.COM\" \/>\n<meta name=\"twitter:card\" content=\"summary_large_image\" \/>\n<meta name=\"twitter:creator\" content=\"@https:\/\/twitter.com\/NOTMERCEDINAS\" \/>\n<meta name=\"twitter:site\" content=\"@notmercedinas\" \/>\n<meta name=\"twitter:label1\" content=\"Escrito por\" \/>\n\t<meta name=\"twitter:data1\" content=\"Cristian Falabella NOTICIASMERCEDINAS.COM\" \/>\n\t<meta name=\"twitter:label2\" content=\"Tiempo de lectura\" \/>\n\t<meta name=\"twitter:data2\" content=\"3 minutos\" \/>\n<script type=\"application\/ld+json\" class=\"yoast-schema-graph\">{\"@context\":\"https:\\\/\\\/schema.org\",\"@graph\":[{\"@type\":\"Article\",\"@id\":\"https:\\\/\\\/noticiasmercedinas.com\\\/site\\\/2020\\\/08\\\/29\\\/partido-fe-define-su-presente-y-futuro-politico\\\/#article\",\"isPartOf\":{\"@id\":\"https:\\\/\\\/noticiasmercedinas.com\\\/site\\\/2020\\\/08\\\/29\\\/partido-fe-define-su-presente-y-futuro-politico\\\/\"},\"author\":{\"name\":\"Cristian Falabella NOTICIASMERCEDINAS.COM\",\"@id\":\"https:\\\/\\\/noticiasmercedinas.com\\\/site\\\/#\\\/schema\\\/person\\\/d481a9696a5feaec13a60e2bbd991a6a\"},\"headline\":\"Partido Fe define su presente y futuro pol\u00edtico\",\"datePublished\":\"2020-08-29T20:15:41+00:00\",\"mainEntityOfPage\":{\"@id\":\"https:\\\/\\\/noticiasmercedinas.com\\\/site\\\/2020\\\/08\\\/29\\\/partido-fe-define-su-presente-y-futuro-politico\\\/\"},\"wordCount\":515,\"commentCount\":0,\"publisher\":{\"@id\":\"https:\\\/\\\/noticiasmercedinas.com\\\/site\\\/#organization\"},\"image\":{\"@id\":\"https:\\\/\\\/noticiasmercedinas.com\\\/site\\\/2020\\\/08\\\/29\\\/partido-fe-define-su-presente-y-futuro-politico\\\/#primaryimage\"},\"thumbnailUrl\":\"https:\\\/\\\/noticiasmercedinas.com\\\/site\\\/wp-content\\\/uploads\\\/2020\\\/08\\\/d73db6db-0a8e-4ce1-8ca0-54ea865089f6.jpg\",\"keywords\":[\"jorge pirotta\",\"pablo ansaloni\",\"parttido fe\",\"ramon ayala\",\"sabrina vi\u00f1ales\"],\"articleSection\":[\"Politica\"],\"inLanguage\":\"es\",\"potentialAction\":[{\"@type\":\"CommentAction\",\"name\":\"Comment\",\"target\":[\"https:\\\/\\\/noticiasmercedinas.com\\\/site\\\/2020\\\/08\\\/29\\\/partido-fe-define-su-presente-y-futuro-politico\\\/#respond\"]}]},{\"@type\":\"WebPage\",\"@id\":\"https:\\\/\\\/noticiasmercedinas.com\\\/site\\\/2020\\\/08\\\/29\\\/partido-fe-define-su-presente-y-futuro-politico\\\/\",\"url\":\"https:\\\/\\\/noticiasmercedinas.com\\\/site\\\/2020\\\/08\\\/29\\\/partido-fe-define-su-presente-y-futuro-politico\\\/\",\"name\":\"Partido Fe define su presente y futuro pol\u00edtico\",\"isPartOf\":{\"@id\":\"https:\\\/\\\/noticiasmercedinas.com\\\/site\\\/#website\"},\"primaryImageOfPage\":{\"@id\":\"https:\\\/\\\/noticiasmercedinas.com\\\/site\\\/2020\\\/08\\\/29\\\/partido-fe-define-su-presente-y-futuro-politico\\\/#primaryimage\"},\"image\":{\"@id\":\"https:\\\/\\\/noticiasmercedinas.com\\\/site\\\/2020\\\/08\\\/29\\\/partido-fe-define-su-presente-y-futuro-politico\\\/#primaryimage\"},\"thumbnailUrl\":\"https:\\\/\\\/noticiasmercedinas.com\\\/site\\\/wp-content\\\/uploads\\\/2020\\\/08\\\/d73db6db-0a8e-4ce1-8ca0-54ea865089f6.jpg\",\"datePublished\":\"2020-08-29T20:15:41+00:00\",\"breadcrumb\":{\"@id\":\"https:\\\/\\\/noticiasmercedinas.com\\\/site\\\/2020\\\/08\\\/29\\\/partido-fe-define-su-presente-y-futuro-politico\\\/#breadcrumb\"},\"inLanguage\":\"es\",\"potentialAction\":[{\"@type\":\"ReadAction\",\"target\":[\"https:\\\/\\\/noticiasmercedinas.com\\\/site\\\/2020\\\/08\\\/29\\\/partido-fe-define-su-presente-y-futuro-politico\\\/\"]}]},{\"@type\":\"ImageObject\",\"inLanguage\":\"es\",\"@id\":\"https:\\\/\\\/noticiasmercedinas.com\\\/site\\\/2020\\\/08\\\/29\\\/partido-fe-define-su-presente-y-futuro-politico\\\/#primaryimage\",\"url\":\"https:\\\/\\\/noticiasmercedinas.com\\\/site\\\/wp-content\\\/uploads\\\/2020\\\/08\\\/d73db6db-0a8e-4ce1-8ca0-54ea865089f6.jpg\",\"contentUrl\":\"https:\\\/\\\/noticiasmercedinas.com\\\/site\\\/wp-content\\\/uploads\\\/2020\\\/08\\\/d73db6db-0a8e-4ce1-8ca0-54ea865089f6.jpg\",\"width\":1169,\"height\":682},{\"@type\":\"BreadcrumbList\",\"@id\":\"https:\\\/\\\/noticiasmercedinas.com\\\/site\\\/2020\\\/08\\\/29\\\/partido-fe-define-su-presente-y-futuro-politico\\\/#breadcrumb\",\"itemListElement\":[{\"@type\":\"ListItem\",\"position\":1,\"name\":\"Portada\",\"item\":\"https:\\\/\\\/noticiasmercedinas.com\\\/site\\\/\"},{\"@type\":\"ListItem\",\"position\":2,\"name\":\"Partido Fe define su presente y futuro pol\u00edtico\"}]},{\"@type\":\"WebSite\",\"@id\":\"https:\\\/\\\/noticiasmercedinas.com\\\/site\\\/#website\",\"url\":\"https:\\\/\\\/noticiasmercedinas.com\\\/site\\\/\",\"name\":\"NOTICIASMERCEDINAS.COM\",\"description\":\"Mercedes, Buenos Aires, Argentina\",\"publisher\":{\"@id\":\"https:\\\/\\\/noticiasmercedinas.com\\\/site\\\/#organization\"},\"potentialAction\":[{\"@type\":\"SearchAction\",\"target\":{\"@type\":\"EntryPoint\",\"urlTemplate\":\"https:\\\/\\\/noticiasmercedinas.com\\\/site\\\/?s={search_term_string}\"},\"query-input\":{\"@type\":\"PropertyValueSpecification\",\"valueRequired\":true,\"valueName\":\"search_term_string\"}}],\"inLanguage\":\"es\"},{\"@type\":\"Organization\",\"@id\":\"https:\\\/\\\/noticiasmercedinas.com\\\/site\\\/#organization\",\"name\":\"NOTICIASMERCEDINAS.COM\",\"url\":\"https:\\\/\\\/noticiasmercedinas.com\\\/site\\\/\",\"logo\":{\"@type\":\"ImageObject\",\"inLanguage\":\"es\",\"@id\":\"https:\\\/\\\/noticiasmercedinas.com\\\/site\\\/#\\\/schema\\\/logo\\\/image\\\/\",\"url\":\"https:\\\/\\\/noticiasmercedinas.com\\\/site\\\/wp-content\\\/uploads\\\/2020\\\/06\\\/LOGO-512.jpg\",\"contentUrl\":\"https:\\\/\\\/noticiasmercedinas.com\\\/site\\\/wp-content\\\/uploads\\\/2020\\\/06\\\/LOGO-512.jpg\",\"width\":512,\"height\":512,\"caption\":\"NOTICIASMERCEDINAS.COM\"},\"image\":{\"@id\":\"https:\\\/\\\/noticiasmercedinas.com\\\/site\\\/#\\\/schema\\\/logo\\\/image\\\/\"},\"sameAs\":[\"https:\\\/\\\/www.facebook.com\\\/noticiasmercedinas\\\/\",\"https:\\\/\\\/x.com\\\/notmercedinas\",\"https:\\\/\\\/www.instagram.com\\\/noticiasmercedinas\\\/\"]},{\"@type\":\"Person\",\"@id\":\"https:\\\/\\\/noticiasmercedinas.com\\\/site\\\/#\\\/schema\\\/person\\\/d481a9696a5feaec13a60e2bbd991a6a\",\"name\":\"Cristian Falabella NOTICIASMERCEDINAS.COM\",\"image\":{\"@type\":\"ImageObject\",\"inLanguage\":\"es\",\"@id\":\"https:\\\/\\\/secure.gravatar.com\\\/avatar\\\/0dbbfc45970cc46bcd0e57766228574ff3511d6eed045b182f536f0f478c1f06?s=96&d=mm&r=g\",\"url\":\"https:\\\/\\\/secure.gravatar.com\\\/avatar\\\/0dbbfc45970cc46bcd0e57766228574ff3511d6eed045b182f536f0f478c1f06?s=96&d=mm&r=g\",\"contentUrl\":\"https:\\\/\\\/secure.gravatar.com\\\/avatar\\\/0dbbfc45970cc46bcd0e57766228574ff3511d6eed045b182f536f0f478c1f06?s=96&d=mm&r=g\",\"caption\":\"Cristian Falabella NOTICIASMERCEDINAS.COM\"},\"description\":\"Periodista, editor de Noticias Mercedinas. Pas\u00f3 por varias redacciones y emprendimientos de prensa, en distintos formatos y \u00e9pocas. Se especializ\u00f3 --y sigue haci\u00e9ndolo-- en comunicaci\u00f3n en la web y en junio de 2006 fund\u00f3 este diario digital.\",\"sameAs\":[\"https:\\\/\\\/noticiasmercedinas.com\",\"https:\\\/\\\/www.facebook.com\\\/cristian.falabella\",\"https:\\\/\\\/www.instagram.com\\\/noticiasmercedinas\\\/\",\"https:\\\/\\\/x.com\\\/https:\\\/\\\/twitter.com\\\/NOTMERCEDINAS\"],\"url\":\"https:\\\/\\\/noticiasmercedinas.com\\\/site\\\/author\\\/as000384\\\/\"}]}<\/script>\n<!-- \/ Yoast SEO plugin. -->","yoast_head_json":{"title":"Partido Fe define su presente y futuro pol\u00edtico","robots":{"index":"index","follow":"follow","max-snippet":"max-snippet:-1","max-image-preview":"max-image-preview:large","max-video-preview":"max-video-preview:-1"},"canonical":"https:\/\/noticiasmercedinas.com\/site\/2020\/08\/29\/partido-fe-define-su-presente-y-futuro-politico\/","og_locale":"es_ES","og_type":"article","og_title":"Partido Fe define su presente y futuro pol\u00edtico","og_description":"\u25a0 Por Mercedes, la concejala Sabrina Vi\u00f1ales y el dirigente Jorge Pirotta participaron de la reuni\u00f3n de la Conducci\u00f3n. Ratificaron acompa\u00f1amiento a Fern\u00e1ndez y Kicillof.","og_url":"https:\/\/noticiasmercedinas.com\/site\/2020\/08\/29\/partido-fe-define-su-presente-y-futuro-politico\/","og_site_name":"NOTICIASMERCEDINAS.COM","article_publisher":"https:\/\/www.facebook.com\/noticiasmercedinas\/","article_author":"https:\/\/www.facebook.com\/cristian.falabella","article_published_time":"2020-08-29T20:15:41+00:00","og_image":[{"width":1169,"height":682,"url":"https:\/\/noticiasmercedinas.com\/site\/wp-content\/uploads\/2020\/08\/d73db6db-0a8e-4ce1-8ca0-54ea865089f6.jpg","type":"image\/jpeg"}],"author":"Cristian Falabella NOTICIASMERCEDINAS.COM","twitter_card":"summary_large_image","twitter_creator":"@https:\/\/twitter.com\/NOTMERCEDINAS","twitter_site":"@notmercedinas","twitter_misc":{"Escrito por":"Cristian Falabella NOTICIASMERCEDINAS.COM","Tiempo de lectura":"3 minutos"},"schema":{"@context":"https:\/\/schema.org","@graph":[{"@type":"Article","@id":"https:\/\/noticiasmercedinas.com\/site\/2020\/08\/29\/partido-fe-define-su-presente-y-futuro-politico\/#article","isPartOf":{"@id":"https:\/\/noticiasmercedinas.com\/site\/2020\/08\/29\/partido-fe-define-su-presente-y-futuro-politico\/"},"author":{"name":"Cristian Falabella NOTICIASMERCEDINAS.COM","@id":"https:\/\/noticiasmercedinas.com\/site\/#\/schema\/person\/d481a9696a5feaec13a60e2bbd991a6a"},"headline":"Partido Fe define su presente y futuro pol\u00edtico","datePublished":"2020-08-29T20:15:41+00:00","mainEntityOfPage":{"@id":"https:\/\/noticiasmercedinas.com\/site\/2020\/08\/29\/partido-fe-define-su-presente-y-futuro-politico\/"},"wordCount":515,"commentCount":0,"publisher":{"@id":"https:\/\/noticiasmercedinas.com\/site\/#organization"},"image":{"@id":"https:\/\/noticiasmercedinas.com\/site\/2020\/08\/29\/partido-fe-define-su-presente-y-futuro-politico\/#primaryimage"},"thumbnailUrl":"https:\/\/noticiasmercedinas.com\/site\/wp-content\/uploads\/2020\/08\/d73db6db-0a8e-4ce1-8ca0-54ea865089f6.jpg","keywords":["jorge pirotta","pablo ansaloni","parttido fe","ramon ayala","sabrina vi\u00f1ales"],"articleSection":["Politica"],"inLanguage":"es","potentialAction":[{"@type":"CommentAction","name":"Comment","target":["https:\/\/noticiasmercedinas.com\/site\/2020\/08\/29\/partido-fe-define-su-presente-y-futuro-politico\/#respond"]}]},{"@type":"WebPage","@id":"https:\/\/noticiasmercedinas.com\/site\/2020\/08\/29\/partido-fe-define-su-presente-y-futuro-politico\/","url":"https:\/\/noticiasmercedinas.com\/site\/2020\/08\/29\/partido-fe-define-su-presente-y-futuro-politico\/","name":"Partido Fe define su presente y futuro pol\u00edtico","isPartOf":{"@id":"https:\/\/noticiasmercedinas.com\/site\/#website"},"primaryImageOfPage":{"@id":"https:\/\/noticiasmercedinas.com\/site\/2020\/08\/29\/partido-fe-define-su-presente-y-futuro-politico\/#primaryimage"},"image":{"@id":"https:\/\/noticiasmercedinas.com\/site\/2020\/08\/29\/partido-fe-define-su-presente-y-futuro-politico\/#primaryimage"},"thumbnailUrl":"https:\/\/noticiasmercedinas.com\/site\/wp-content\/uploads\/2020\/08\/d73db6db-0a8e-4ce1-8ca0-54ea865089f6.jpg","datePublished":"2020-08-29T20:15:41+00:00","breadcrumb":{"@id":"https:\/\/noticiasmercedinas.com\/site\/2020\/08\/29\/partido-fe-define-su-presente-y-futuro-politico\/#breadcrumb"},"inLanguage":"es","potentialAction":[{"@type":"ReadAction","target":["https:\/\/noticiasmercedinas.com\/site\/2020\/08\/29\/partido-fe-define-su-presente-y-futuro-politico\/"]}]},{"@type":"ImageObject","inLanguage":"es","@id":"https:\/\/noticiasmercedinas.com\/site\/2020\/08\/29\/partido-fe-define-su-presente-y-futuro-politico\/#primaryimage","url":"https:\/\/noticiasmercedinas.com\/site\/wp-content\/uploads\/2020\/08\/d73db6db-0a8e-4ce1-8ca0-54ea865089f6.jpg","contentUrl":"https:\/\/noticiasmercedinas.com\/site\/wp-content\/uploads\/2020\/08\/d73db6db-0a8e-4ce1-8ca0-54ea865089f6.jpg","width":1169,"height":682},{"@type":"BreadcrumbList","@id":"https:\/\/noticiasmercedinas.com\/site\/2020\/08\/29\/partido-fe-define-su-presente-y-futuro-politico\/#breadcrumb","itemListElement":[{"@type":"ListItem","position":1,"name":"Portada","item":"https:\/\/noticiasmercedinas.com\/site\/"},{"@type":"ListItem","position":2,"name":"Partido Fe define su presente y futuro pol\u00edtico"}]},{"@type":"WebSite","@id":"https:\/\/noticiasmercedinas.com\/site\/#website","url":"https:\/\/noticiasmercedinas.com\/site\/","name":"NOTICIASMERCEDINAS.COM","description":"Mercedes, Buenos Aires, Argentina","publisher":{"@id":"https:\/\/noticiasmercedinas.com\/site\/#organization"},"potentialAction":[{"@type":"SearchAction","target":{"@type":"EntryPoint","urlTemplate":"https:\/\/noticiasmercedinas.com\/site\/?s={search_term_string}"},"query-input":{"@type":"PropertyValueSpecification","valueRequired":true,"valueName":"search_term_string"}}],"inLanguage":"es"},{"@type":"Organization","@id":"https:\/\/noticiasmercedinas.com\/site\/#organization","name":"NOTICIASMERCEDINAS.COM","url":"https:\/\/noticiasmercedinas.com\/site\/","logo":{"@type":"ImageObject","inLanguage":"es","@id":"https:\/\/noticiasmercedinas.com\/site\/#\/schema\/logo\/image\/","url":"https:\/\/noticiasmercedinas.com\/site\/wp-content\/uploads\/2020\/06\/LOGO-512.jpg","contentUrl":"https:\/\/noticiasmercedinas.com\/site\/wp-content\/uploads\/2020\/06\/LOGO-512.jpg","width":512,"height":512,"caption":"NOTICIASMERCEDINAS.COM"},"image":{"@id":"https:\/\/noticiasmercedinas.com\/site\/#\/schema\/logo\/image\/"},"sameAs":["https:\/\/www.facebook.com\/noticiasmercedinas\/","https:\/\/x.com\/notmercedinas","https:\/\/www.instagram.com\/noticiasmercedinas\/"]},{"@type":"Person","@id":"https:\/\/noticiasmercedinas.com\/site\/#\/schema\/person\/d481a9696a5feaec13a60e2bbd991a6a","name":"Cristian Falabella NOTICIASMERCEDINAS.COM","image":{"@type":"ImageObject","inLanguage":"es","@id":"https:\/\/secure.gravatar.com\/avatar\/0dbbfc45970cc46bcd0e57766228574ff3511d6eed045b182f536f0f478c1f06?s=96&d=mm&r=g","url":"https:\/\/secure.gravatar.com\/avatar\/0dbbfc45970cc46bcd0e57766228574ff3511d6eed045b182f536f0f478c1f06?s=96&d=mm&r=g","contentUrl":"https:\/\/secure.gravatar.com\/avatar\/0dbbfc45970cc46bcd0e57766228574ff3511d6eed045b182f536f0f478c1f06?s=96&d=mm&r=g","caption":"Cristian Falabella NOTICIASMERCEDINAS.COM"},"description":"Periodista, editor de Noticias Mercedinas. Pas\u00f3 por varias redacciones y emprendimientos de prensa, en distintos formatos y \u00e9pocas. Se especializ\u00f3 --y sigue haci\u00e9ndolo-- en comunicaci\u00f3n en la web y en junio de 2006 fund\u00f3 este diario digital.","sameAs":["https:\/\/noticiasmercedinas.com","https:\/\/www.facebook.com\/cristian.falabella","https:\/\/www.instagram.com\/noticiasmercedinas\/","https:\/\/x.com\/https:\/\/twitter.com\/NOTMERCEDINAS"],"url":"https:\/\/noticiasmercedinas.com\/site\/author\/as000384\/"}]}},"amp_enabled":true,"_links":{"self":[{"href":"https:\/\/noticiasmercedinas.com\/site\/wp-json\/wp\/v2\/posts\/51932","targetHints":{"allow":["GET"]}}],"collection":[{"href":"https:\/\/noticiasmercedinas.com\/site\/wp-json\/wp\/v2\/posts"}],"about":[{"href":"https:\/\/noticiasmercedinas.com\/site\/wp-json\/wp\/v2\/types\/post"}],"author":[{"embeddable":true,"href":"https:\/\/noticiasmercedinas.com\/site\/wp-json\/wp\/v2\/users\/2"}],"replies":[{"embeddable":true,"href":"https:\/\/noticiasmercedinas.com\/site\/wp-json\/wp\/v2\/comments?post=51932"}],"version-history":[{"count":1,"href":"https:\/\/noticiasmercedinas.com\/site\/wp-json\/wp\/v2\/posts\/51932\/revisions"}],"predecessor-version":[{"id":51935,"href":"https:\/\/noticiasmercedinas.com\/site\/wp-json\/wp\/v2\/posts\/51932\/revisions\/51935"}],"wp:featuredmedia":[{"embeddable":true,"href":"https:\/\/noticiasmercedinas.com\/site\/wp-json\/wp\/v2\/media\/51933"}],"wp:attachment":[{"href":"https:\/\/noticiasmercedinas.com\/site\/wp-json\/wp\/v2\/media?parent=51932"}],"wp:term":[{"taxonomy":"category","embeddable":true,"href":"https:\/\/noticiasmercedinas.com\/site\/wp-json\/wp\/v2\/categories?post=51932"},{"taxonomy":"post_tag","embeddable":true,"href":"https:\/\/noticiasmercedinas.com\/site\/wp-json\/wp\/v2\/tags?post=51932"}],"curies":[{"name":"wp","href":"https:\/\/api.w.org\/{rel}","templated":true}]}}