{"id":52055,"date":"2020-08-31T15:16:30","date_gmt":"2020-08-31T18:16:30","guid":{"rendered":"https:\/\/noticiasmercedinas.com\/site\/?p=52055"},"modified":"2020-08-31T15:17:29","modified_gmt":"2020-08-31T18:17:29","slug":"la-educacion-cambia-a-las-personas","status":"publish","type":"post","link":"https:\/\/noticiasmercedinas.com\/site\/2020\/08\/31\/la-educacion-cambia-a-las-personas\/","title":{"rendered":"La educaci\u00f3n cambia a las personas"},"content":{"rendered":"<p><em><strong><img loading=\"lazy\" decoding=\"async\" class=\"alignnone size-full wp-image-52056\" src=\"https:\/\/noticiasmercedinas.com\/site\/wp-content\/uploads\/2020\/08\/DSC0487-scaled.jpg\" alt=\"\" width=\"2560\" height=\"1714\" srcset=\"https:\/\/noticiasmercedinas.com\/site\/wp-content\/uploads\/2020\/08\/DSC0487-scaled.jpg 2560w, https:\/\/noticiasmercedinas.com\/site\/wp-content\/uploads\/2020\/08\/DSC0487-300x201.jpg 300w, https:\/\/noticiasmercedinas.com\/site\/wp-content\/uploads\/2020\/08\/DSC0487-1024x685.jpg 1024w, https:\/\/noticiasmercedinas.com\/site\/wp-content\/uploads\/2020\/08\/DSC0487-768x514.jpg 768w, https:\/\/noticiasmercedinas.com\/site\/wp-content\/uploads\/2020\/08\/DSC0487-1536x1028.jpg 1536w, https:\/\/noticiasmercedinas.com\/site\/wp-content\/uploads\/2020\/08\/DSC0487-2048x1371.jpg 2048w, https:\/\/noticiasmercedinas.com\/site\/wp-content\/uploads\/2020\/08\/DSC0487-537x360.jpg 537w, https:\/\/noticiasmercedinas.com\/site\/wp-content\/uploads\/2020\/08\/DSC0487-1074x720.jpg 1074w, https:\/\/noticiasmercedinas.com\/site\/wp-content\/uploads\/2020\/08\/DSC0487-640x428.jpg 640w, https:\/\/noticiasmercedinas.com\/site\/wp-content\/uploads\/2020\/08\/DSC0487-1280x857.jpg 1280w, https:\/\/noticiasmercedinas.com\/site\/wp-content\/uploads\/2020\/08\/DSC0487-681x456.jpg 681w, https:\/\/noticiasmercedinas.com\/site\/wp-content\/uploads\/2020\/08\/DSC0487-1362x912.jpg 1362w\" sizes=\"auto, (max-width: 2560px) 100vw, 2560px\" \/><\/strong><\/em><\/p>\n<p><em><strong>Por el Profesor Eduardo Pisoni<\/strong><\/em><\/p>\n<p style=\"text-align: right;\"><em>\u201cLA EDUCACI\u00d3N NO CAMBIA AL MUNDO: CAMBIA A LAS PERSONAS QUE VAN A CAMBIAR EL MUNDO\u201d PAULO FREIRE<\/em><\/p>\n<p>Que la educaci\u00f3n cambia a las personas es una experiencia de la que los docentes (y los padres) podemos dar cuenta. En cuanto a lo segundo, cambiar el mundo, la historia &#8211;con el fluir del tiempo&#8211; analizar\u00e1 los procesos y dar\u00e1 su veredicto final.<\/p>\n<p>Se cumplen <strong>cincuenta a\u00f1os de educaci\u00f3n formal de nivel secundario para adultos de clase trabajadora<\/strong>, primero a cargo de la DINEA de jurisdicci\u00f3n nacional, continuada luego por la jurisdicci\u00f3n provincial.<\/p>\n<p>Una enorme cantidad de adultos pudieron vindicar sus derechos a la educaci\u00f3n secundaria y tuvieron una educaci\u00f3n de excelencia, comprometida con sus necesidades y basada en la formaci\u00f3n personal y la promoci\u00f3n social.<\/p>\n<p>Gracias a la formaci\u00f3n recibida, un gran n\u00famero de egresados pudieron acceder a diversas fuentes laborales, mientras que otros continuaron estudios de nivel superior y universitario.<\/p>\n<blockquote><p>Gracias a la formaci\u00f3n recibida, un gran n\u00famero de egresados pudieron acceder a diversas fuentes laborales, mientras que otros continuaron estudios de nivel superior y universitario. Vimos realmente c\u00f3mo la educaci\u00f3n produjo cambios en las personas.<\/p><\/blockquote>\n<p>Vimos realmente c\u00f3mo la educaci\u00f3n produjo cambios en las personas. Pensar, debatir, cuestionar, fue una pr\u00e1ctica apasionada, no ideologizada y con gran respeto por la diversidad de opiniones.<\/p>\n<p>El verdadero sentido de la educaci\u00f3n popular ha sido siempre estimular el desarrollo de la persona en su contexto y promover el juicio cr\u00edtico en un marco de amplitud \u00e9tico-pol\u00edtico-cultural.<\/p>\n<p>Este es el clima intelectual y desde la praxis que sostuvo la educaci\u00f3n del adulto trabajador desde su origen.<\/p>\n<hr \/>\n<p><em>Esta nota forma parte de una serie que se publica con motivo del\u00a0<\/em><span style=\"color: #000080;\"><em><strong><a style=\"color: #000080;\" href=\"https:\/\/noticiasmercedinas.com\/site\/category\/featured\/50-aniversario-cens-451\/\" target=\"_blank\" rel=\"noopener noreferrer\">50 Aniversario del CENS 451 \u2013 ex DINEA<\/a><\/strong><\/em><\/span><\/p>\n","protected":false},"excerpt":{"rendered":"<p>\u25a0 Una reflexi\u00f3n sobre la experiencia educativa. En DINEA, 50 a\u00f1os de una pr\u00e1ctica apasionada, no ideologizada y con gran respeto por la diversidad de opiniones.<\/p>\n","protected":false},"author":16,"featured_media":52056,"comment_status":"open","ping_status":"open","sticky":false,"template":"","format":"standard","meta":{"footnotes":""},"categories":[10084],"tags":[10086,10085,38],"class_list":["post-52055","post","type-post","status-publish","format-standard","has-post-thumbnail","hentry","category-50-aniversario-cens-451","tag-cens-451","tag-dinea","tag-educacion"],"yoast_head":"<!-- This site is optimized with the Yoast SEO plugin v28.3 - https:\/\/yoast.com\/product\/yoast-seo-wordpress\/ -->\n<title>La educaci\u00f3n cambia a las personas<\/title>\n<meta name=\"robots\" content=\"index, follow, max-snippet:-1, max-image-preview:large, max-video-preview:-1\" \/>\n<link rel=\"canonical\" href=\"https:\/\/noticiasmercedinas.com\/site\/2020\/08\/31\/la-educacion-cambia-a-las-personas\/\" \/>\n<meta property=\"og:locale\" content=\"es_ES\" \/>\n<meta property=\"og:type\" content=\"article\" \/>\n<meta property=\"og:title\" content=\"La educaci\u00f3n cambia a las personas\" \/>\n<meta property=\"og:description\" content=\"\u25a0 Una reflexi\u00f3n sobre la experiencia educativa. En DINEA, 50 a\u00f1os de una pr\u00e1ctica apasionada, no ideologizada y con gran respeto por la diversidad de opiniones.\" \/>\n<meta property=\"og:url\" content=\"https:\/\/noticiasmercedinas.com\/site\/2020\/08\/31\/la-educacion-cambia-a-las-personas\/\" \/>\n<meta property=\"og:site_name\" content=\"NOTICIASMERCEDINAS.COM\" \/>\n<meta property=\"article:publisher\" content=\"https:\/\/www.facebook.com\/noticiasmercedinas\/\" \/>\n<meta property=\"article:published_time\" content=\"2020-08-31T18:16:30+00:00\" \/>\n<meta property=\"article:modified_time\" content=\"2020-08-31T18:17:29+00:00\" \/>\n<meta property=\"og:image\" content=\"https:\/\/noticiasmercedinas.com\/site\/wp-content\/uploads\/2020\/08\/DSC0487-scaled.jpg\" \/>\n\t<meta property=\"og:image:width\" content=\"2560\" \/>\n\t<meta property=\"og:image:height\" content=\"1714\" \/>\n\t<meta property=\"og:image:type\" content=\"image\/jpeg\" \/>\n<meta name=\"author\" content=\"NOTICIASMERCEDINAS.COM\" \/>\n<meta name=\"twitter:card\" content=\"summary_large_image\" \/>\n<meta name=\"twitter:creator\" content=\"@notmercedinas\" \/>\n<meta name=\"twitter:site\" content=\"@notmercedinas\" \/>\n<meta name=\"twitter:label1\" content=\"Escrito por\" \/>\n\t<meta name=\"twitter:data1\" content=\"NOTICIASMERCEDINAS.COM\" \/>\n\t<meta name=\"twitter:label2\" content=\"Tiempo de lectura\" \/>\n\t<meta name=\"twitter:data2\" content=\"2 minutos\" \/>\n<script type=\"application\/ld+json\" class=\"yoast-schema-graph\">{\"@context\":\"https:\\\/\\\/schema.org\",\"@graph\":[{\"@type\":\"Article\",\"@id\":\"https:\\\/\\\/noticiasmercedinas.com\\\/site\\\/2020\\\/08\\\/31\\\/la-educacion-cambia-a-las-personas\\\/#article\",\"isPartOf\":{\"@id\":\"https:\\\/\\\/noticiasmercedinas.com\\\/site\\\/2020\\\/08\\\/31\\\/la-educacion-cambia-a-las-personas\\\/\"},\"author\":{\"name\":\"NOTICIASMERCEDINAS.COM\",\"@id\":\"https:\\\/\\\/noticiasmercedinas.com\\\/site\\\/#\\\/schema\\\/person\\\/84b59c099c28ff2e8b77d4ceec5d8063\"},\"headline\":\"La educaci\u00f3n cambia a las personas\",\"datePublished\":\"2020-08-31T18:16:30+00:00\",\"dateModified\":\"2020-08-31T18:17:29+00:00\",\"mainEntityOfPage\":{\"@id\":\"https:\\\/\\\/noticiasmercedinas.com\\\/site\\\/2020\\\/08\\\/31\\\/la-educacion-cambia-a-las-personas\\\/\"},\"wordCount\":317,\"commentCount\":0,\"publisher\":{\"@id\":\"https:\\\/\\\/noticiasmercedinas.com\\\/site\\\/#organization\"},\"image\":{\"@id\":\"https:\\\/\\\/noticiasmercedinas.com\\\/site\\\/2020\\\/08\\\/31\\\/la-educacion-cambia-a-las-personas\\\/#primaryimage\"},\"thumbnailUrl\":\"https:\\\/\\\/noticiasmercedinas.com\\\/site\\\/wp-content\\\/uploads\\\/2020\\\/08\\\/DSC0487-scaled.jpg\",\"keywords\":[\"cens 451\",\"dinea\",\"educacion\"],\"articleSection\":[\"50 ANIVERSARIO DEL CENS 451\"],\"inLanguage\":\"es\",\"potentialAction\":[{\"@type\":\"CommentAction\",\"name\":\"Comment\",\"target\":[\"https:\\\/\\\/noticiasmercedinas.com\\\/site\\\/2020\\\/08\\\/31\\\/la-educacion-cambia-a-las-personas\\\/#respond\"]}]},{\"@type\":\"WebPage\",\"@id\":\"https:\\\/\\\/noticiasmercedinas.com\\\/site\\\/2020\\\/08\\\/31\\\/la-educacion-cambia-a-las-personas\\\/\",\"url\":\"https:\\\/\\\/noticiasmercedinas.com\\\/site\\\/2020\\\/08\\\/31\\\/la-educacion-cambia-a-las-personas\\\/\",\"name\":\"La educaci\u00f3n cambia a las personas\",\"isPartOf\":{\"@id\":\"https:\\\/\\\/noticiasmercedinas.com\\\/site\\\/#website\"},\"primaryImageOfPage\":{\"@id\":\"https:\\\/\\\/noticiasmercedinas.com\\\/site\\\/2020\\\/08\\\/31\\\/la-educacion-cambia-a-las-personas\\\/#primaryimage\"},\"image\":{\"@id\":\"https:\\\/\\\/noticiasmercedinas.com\\\/site\\\/2020\\\/08\\\/31\\\/la-educacion-cambia-a-las-personas\\\/#primaryimage\"},\"thumbnailUrl\":\"https:\\\/\\\/noticiasmercedinas.com\\\/site\\\/wp-content\\\/uploads\\\/2020\\\/08\\\/DSC0487-scaled.jpg\",\"datePublished\":\"2020-08-31T18:16:30+00:00\",\"dateModified\":\"2020-08-31T18:17:29+00:00\",\"breadcrumb\":{\"@id\":\"https:\\\/\\\/noticiasmercedinas.com\\\/site\\\/2020\\\/08\\\/31\\\/la-educacion-cambia-a-las-personas\\\/#breadcrumb\"},\"inLanguage\":\"es\",\"potentialAction\":[{\"@type\":\"ReadAction\",\"target\":[\"https:\\\/\\\/noticiasmercedinas.com\\\/site\\\/2020\\\/08\\\/31\\\/la-educacion-cambia-a-las-personas\\\/\"]}]},{\"@type\":\"ImageObject\",\"inLanguage\":\"es\",\"@id\":\"https:\\\/\\\/noticiasmercedinas.com\\\/site\\\/2020\\\/08\\\/31\\\/la-educacion-cambia-a-las-personas\\\/#primaryimage\",\"url\":\"https:\\\/\\\/noticiasmercedinas.com\\\/site\\\/wp-content\\\/uploads\\\/2020\\\/08\\\/DSC0487-scaled.jpg\",\"contentUrl\":\"https:\\\/\\\/noticiasmercedinas.com\\\/site\\\/wp-content\\\/uploads\\\/2020\\\/08\\\/DSC0487-scaled.jpg\",\"width\":2560,\"height\":1714},{\"@type\":\"BreadcrumbList\",\"@id\":\"https:\\\/\\\/noticiasmercedinas.com\\\/site\\\/2020\\\/08\\\/31\\\/la-educacion-cambia-a-las-personas\\\/#breadcrumb\",\"itemListElement\":[{\"@type\":\"ListItem\",\"position\":1,\"name\":\"Portada\",\"item\":\"https:\\\/\\\/noticiasmercedinas.com\\\/site\\\/\"},{\"@type\":\"ListItem\",\"position\":2,\"name\":\"La educaci\u00f3n cambia a las personas\"}]},{\"@type\":\"WebSite\",\"@id\":\"https:\\\/\\\/noticiasmercedinas.com\\\/site\\\/#website\",\"url\":\"https:\\\/\\\/noticiasmercedinas.com\\\/site\\\/\",\"name\":\"NOTICIASMERCEDINAS.COM\",\"description\":\"Mercedes, Buenos Aires, Argentina\",\"publisher\":{\"@id\":\"https:\\\/\\\/noticiasmercedinas.com\\\/site\\\/#organization\"},\"potentialAction\":[{\"@type\":\"SearchAction\",\"target\":{\"@type\":\"EntryPoint\",\"urlTemplate\":\"https:\\\/\\\/noticiasmercedinas.com\\\/site\\\/?s={search_term_string}\"},\"query-input\":{\"@type\":\"PropertyValueSpecification\",\"valueRequired\":true,\"valueName\":\"search_term_string\"}}],\"inLanguage\":\"es\"},{\"@type\":\"Organization\",\"@id\":\"https:\\\/\\\/noticiasmercedinas.com\\\/site\\\/#organization\",\"name\":\"NOTICIASMERCEDINAS.COM\",\"url\":\"https:\\\/\\\/noticiasmercedinas.com\\\/site\\\/\",\"logo\":{\"@type\":\"ImageObject\",\"inLanguage\":\"es\",\"@id\":\"https:\\\/\\\/noticiasmercedinas.com\\\/site\\\/#\\\/schema\\\/logo\\\/image\\\/\",\"url\":\"https:\\\/\\\/noticiasmercedinas.com\\\/site\\\/wp-content\\\/uploads\\\/2020\\\/06\\\/LOGO-512.jpg\",\"contentUrl\":\"https:\\\/\\\/noticiasmercedinas.com\\\/site\\\/wp-content\\\/uploads\\\/2020\\\/06\\\/LOGO-512.jpg\",\"width\":512,\"height\":512,\"caption\":\"NOTICIASMERCEDINAS.COM\"},\"image\":{\"@id\":\"https:\\\/\\\/noticiasmercedinas.com\\\/site\\\/#\\\/schema\\\/logo\\\/image\\\/\"},\"sameAs\":[\"https:\\\/\\\/www.facebook.com\\\/noticiasmercedinas\\\/\",\"https:\\\/\\\/x.com\\\/notmercedinas\",\"https:\\\/\\\/www.instagram.com\\\/noticiasmercedinas\\\/\"]},{\"@type\":\"Person\",\"@id\":\"https:\\\/\\\/noticiasmercedinas.com\\\/site\\\/#\\\/schema\\\/person\\\/84b59c099c28ff2e8b77d4ceec5d8063\",\"name\":\"NOTICIASMERCEDINAS.COM\",\"image\":{\"@type\":\"ImageObject\",\"inLanguage\":\"es\",\"@id\":\"https:\\\/\\\/secure.gravatar.com\\\/avatar\\\/4dfbf16b4d17945bfb6341b2d19043457132fcf478a5ee04f42e959fd8f5df0a?s=96&d=mm&r=g\",\"url\":\"https:\\\/\\\/secure.gravatar.com\\\/avatar\\\/4dfbf16b4d17945bfb6341b2d19043457132fcf478a5ee04f42e959fd8f5df0a?s=96&d=mm&r=g\",\"contentUrl\":\"https:\\\/\\\/secure.gravatar.com\\\/avatar\\\/4dfbf16b4d17945bfb6341b2d19043457132fcf478a5ee04f42e959fd8f5df0a?s=96&d=mm&r=g\",\"caption\":\"NOTICIASMERCEDINAS.COM\"},\"url\":\"https:\\\/\\\/noticiasmercedinas.com\\\/site\\\/author\\\/anonimo\\\/\"}]}<\/script>\n<!-- \/ Yoast SEO plugin. -->","yoast_head_json":{"title":"La educaci\u00f3n cambia a las personas","robots":{"index":"index","follow":"follow","max-snippet":"max-snippet:-1","max-image-preview":"max-image-preview:large","max-video-preview":"max-video-preview:-1"},"canonical":"https:\/\/noticiasmercedinas.com\/site\/2020\/08\/31\/la-educacion-cambia-a-las-personas\/","og_locale":"es_ES","og_type":"article","og_title":"La educaci\u00f3n cambia a las personas","og_description":"\u25a0 Una reflexi\u00f3n sobre la experiencia educativa. En DINEA, 50 a\u00f1os de una pr\u00e1ctica apasionada, no ideologizada y con gran respeto por la diversidad de opiniones.","og_url":"https:\/\/noticiasmercedinas.com\/site\/2020\/08\/31\/la-educacion-cambia-a-las-personas\/","og_site_name":"NOTICIASMERCEDINAS.COM","article_publisher":"https:\/\/www.facebook.com\/noticiasmercedinas\/","article_published_time":"2020-08-31T18:16:30+00:00","article_modified_time":"2020-08-31T18:17:29+00:00","og_image":[{"width":2560,"height":1714,"url":"https:\/\/noticiasmercedinas.com\/site\/wp-content\/uploads\/2020\/08\/DSC0487-scaled.jpg","type":"image\/jpeg"}],"author":"NOTICIASMERCEDINAS.COM","twitter_card":"summary_large_image","twitter_creator":"@notmercedinas","twitter_site":"@notmercedinas","twitter_misc":{"Escrito por":"NOTICIASMERCEDINAS.COM","Tiempo de lectura":"2 minutos"},"schema":{"@context":"https:\/\/schema.org","@graph":[{"@type":"Article","@id":"https:\/\/noticiasmercedinas.com\/site\/2020\/08\/31\/la-educacion-cambia-a-las-personas\/#article","isPartOf":{"@id":"https:\/\/noticiasmercedinas.com\/site\/2020\/08\/31\/la-educacion-cambia-a-las-personas\/"},"author":{"name":"NOTICIASMERCEDINAS.COM","@id":"https:\/\/noticiasmercedinas.com\/site\/#\/schema\/person\/84b59c099c28ff2e8b77d4ceec5d8063"},"headline":"La educaci\u00f3n cambia a las personas","datePublished":"2020-08-31T18:16:30+00:00","dateModified":"2020-08-31T18:17:29+00:00","mainEntityOfPage":{"@id":"https:\/\/noticiasmercedinas.com\/site\/2020\/08\/31\/la-educacion-cambia-a-las-personas\/"},"wordCount":317,"commentCount":0,"publisher":{"@id":"https:\/\/noticiasmercedinas.com\/site\/#organization"},"image":{"@id":"https:\/\/noticiasmercedinas.com\/site\/2020\/08\/31\/la-educacion-cambia-a-las-personas\/#primaryimage"},"thumbnailUrl":"https:\/\/noticiasmercedinas.com\/site\/wp-content\/uploads\/2020\/08\/DSC0487-scaled.jpg","keywords":["cens 451","dinea","educacion"],"articleSection":["50 ANIVERSARIO DEL CENS 451"],"inLanguage":"es","potentialAction":[{"@type":"CommentAction","name":"Comment","target":["https:\/\/noticiasmercedinas.com\/site\/2020\/08\/31\/la-educacion-cambia-a-las-personas\/#respond"]}]},{"@type":"WebPage","@id":"https:\/\/noticiasmercedinas.com\/site\/2020\/08\/31\/la-educacion-cambia-a-las-personas\/","url":"https:\/\/noticiasmercedinas.com\/site\/2020\/08\/31\/la-educacion-cambia-a-las-personas\/","name":"La educaci\u00f3n cambia a las personas","isPartOf":{"@id":"https:\/\/noticiasmercedinas.com\/site\/#website"},"primaryImageOfPage":{"@id":"https:\/\/noticiasmercedinas.com\/site\/2020\/08\/31\/la-educacion-cambia-a-las-personas\/#primaryimage"},"image":{"@id":"https:\/\/noticiasmercedinas.com\/site\/2020\/08\/31\/la-educacion-cambia-a-las-personas\/#primaryimage"},"thumbnailUrl":"https:\/\/noticiasmercedinas.com\/site\/wp-content\/uploads\/2020\/08\/DSC0487-scaled.jpg","datePublished":"2020-08-31T18:16:30+00:00","dateModified":"2020-08-31T18:17:29+00:00","breadcrumb":{"@id":"https:\/\/noticiasmercedinas.com\/site\/2020\/08\/31\/la-educacion-cambia-a-las-personas\/#breadcrumb"},"inLanguage":"es","potentialAction":[{"@type":"ReadAction","target":["https:\/\/noticiasmercedinas.com\/site\/2020\/08\/31\/la-educacion-cambia-a-las-personas\/"]}]},{"@type":"ImageObject","inLanguage":"es","@id":"https:\/\/noticiasmercedinas.com\/site\/2020\/08\/31\/la-educacion-cambia-a-las-personas\/#primaryimage","url":"https:\/\/noticiasmercedinas.com\/site\/wp-content\/uploads\/2020\/08\/DSC0487-scaled.jpg","contentUrl":"https:\/\/noticiasmercedinas.com\/site\/wp-content\/uploads\/2020\/08\/DSC0487-scaled.jpg","width":2560,"height":1714},{"@type":"BreadcrumbList","@id":"https:\/\/noticiasmercedinas.com\/site\/2020\/08\/31\/la-educacion-cambia-a-las-personas\/#breadcrumb","itemListElement":[{"@type":"ListItem","position":1,"name":"Portada","item":"https:\/\/noticiasmercedinas.com\/site\/"},{"@type":"ListItem","position":2,"name":"La educaci\u00f3n cambia a las personas"}]},{"@type":"WebSite","@id":"https:\/\/noticiasmercedinas.com\/site\/#website","url":"https:\/\/noticiasmercedinas.com\/site\/","name":"NOTICIASMERCEDINAS.COM","description":"Mercedes, Buenos Aires, Argentina","publisher":{"@id":"https:\/\/noticiasmercedinas.com\/site\/#organization"},"potentialAction":[{"@type":"SearchAction","target":{"@type":"EntryPoint","urlTemplate":"https:\/\/noticiasmercedinas.com\/site\/?s={search_term_string}"},"query-input":{"@type":"PropertyValueSpecification","valueRequired":true,"valueName":"search_term_string"}}],"inLanguage":"es"},{"@type":"Organization","@id":"https:\/\/noticiasmercedinas.com\/site\/#organization","name":"NOTICIASMERCEDINAS.COM","url":"https:\/\/noticiasmercedinas.com\/site\/","logo":{"@type":"ImageObject","inLanguage":"es","@id":"https:\/\/noticiasmercedinas.com\/site\/#\/schema\/logo\/image\/","url":"https:\/\/noticiasmercedinas.com\/site\/wp-content\/uploads\/2020\/06\/LOGO-512.jpg","contentUrl":"https:\/\/noticiasmercedinas.com\/site\/wp-content\/uploads\/2020\/06\/LOGO-512.jpg","width":512,"height":512,"caption":"NOTICIASMERCEDINAS.COM"},"image":{"@id":"https:\/\/noticiasmercedinas.com\/site\/#\/schema\/logo\/image\/"},"sameAs":["https:\/\/www.facebook.com\/noticiasmercedinas\/","https:\/\/x.com\/notmercedinas","https:\/\/www.instagram.com\/noticiasmercedinas\/"]},{"@type":"Person","@id":"https:\/\/noticiasmercedinas.com\/site\/#\/schema\/person\/84b59c099c28ff2e8b77d4ceec5d8063","name":"NOTICIASMERCEDINAS.COM","image":{"@type":"ImageObject","inLanguage":"es","@id":"https:\/\/secure.gravatar.com\/avatar\/4dfbf16b4d17945bfb6341b2d19043457132fcf478a5ee04f42e959fd8f5df0a?s=96&d=mm&r=g","url":"https:\/\/secure.gravatar.com\/avatar\/4dfbf16b4d17945bfb6341b2d19043457132fcf478a5ee04f42e959fd8f5df0a?s=96&d=mm&r=g","contentUrl":"https:\/\/secure.gravatar.com\/avatar\/4dfbf16b4d17945bfb6341b2d19043457132fcf478a5ee04f42e959fd8f5df0a?s=96&d=mm&r=g","caption":"NOTICIASMERCEDINAS.COM"},"url":"https:\/\/noticiasmercedinas.com\/site\/author\/anonimo\/"}]}},"amp_enabled":true,"_links":{"self":[{"href":"https:\/\/noticiasmercedinas.com\/site\/wp-json\/wp\/v2\/posts\/52055","targetHints":{"allow":["GET"]}}],"collection":[{"href":"https:\/\/noticiasmercedinas.com\/site\/wp-json\/wp\/v2\/posts"}],"about":[{"href":"https:\/\/noticiasmercedinas.com\/site\/wp-json\/wp\/v2\/types\/post"}],"author":[{"embeddable":true,"href":"https:\/\/noticiasmercedinas.com\/site\/wp-json\/wp\/v2\/users\/16"}],"replies":[{"embeddable":true,"href":"https:\/\/noticiasmercedinas.com\/site\/wp-json\/wp\/v2\/comments?post=52055"}],"version-history":[{"count":2,"href":"https:\/\/noticiasmercedinas.com\/site\/wp-json\/wp\/v2\/posts\/52055\/revisions"}],"predecessor-version":[{"id":52059,"href":"https:\/\/noticiasmercedinas.com\/site\/wp-json\/wp\/v2\/posts\/52055\/revisions\/52059"}],"wp:featuredmedia":[{"embeddable":true,"href":"https:\/\/noticiasmercedinas.com\/site\/wp-json\/wp\/v2\/media\/52056"}],"wp:attachment":[{"href":"https:\/\/noticiasmercedinas.com\/site\/wp-json\/wp\/v2\/media?parent=52055"}],"wp:term":[{"taxonomy":"category","embeddable":true,"href":"https:\/\/noticiasmercedinas.com\/site\/wp-json\/wp\/v2\/categories?post=52055"},{"taxonomy":"post_tag","embeddable":true,"href":"https:\/\/noticiasmercedinas.com\/site\/wp-json\/wp\/v2\/tags?post=52055"}],"curies":[{"name":"wp","href":"https:\/\/api.w.org\/{rel}","templated":true}]}}