{"id":52189,"date":"2020-09-01T20:10:55","date_gmt":"2020-09-01T23:10:55","guid":{"rendered":"https:\/\/noticiasmercedinas.com\/site\/?p=52189"},"modified":"2020-09-01T20:14:33","modified_gmt":"2020-09-01T23:14:33","slug":"discuten-exportacion-de-cerdos-a-china-y-piden-audiencia","status":"publish","type":"post","link":"https:\/\/noticiasmercedinas.com\/site\/2020\/09\/01\/discuten-exportacion-de-cerdos-a-china-y-piden-audiencia\/","title":{"rendered":"Discuten exportaci\u00f3n de cerdos a China y piden audiencia"},"content":{"rendered":"<p><img loading=\"lazy\" decoding=\"async\" class=\"alignnone size-full wp-image-52191\" src=\"https:\/\/noticiasmercedinas.com\/site\/wp-content\/uploads\/2020\/09\/pna.jpg\" alt=\"\" width=\"790\" height=\"443\" srcset=\"https:\/\/noticiasmercedinas.com\/site\/wp-content\/uploads\/2020\/09\/pna.jpg 790w, https:\/\/noticiasmercedinas.com\/site\/wp-content\/uploads\/2020\/09\/pna-300x168.jpg 300w, https:\/\/noticiasmercedinas.com\/site\/wp-content\/uploads\/2020\/09\/pna-768x431.jpg 768w, https:\/\/noticiasmercedinas.com\/site\/wp-content\/uploads\/2020\/09\/pna-640x359.jpg 640w, https:\/\/noticiasmercedinas.com\/site\/wp-content\/uploads\/2020\/09\/pna-681x382.jpg 681w\" sizes=\"auto, (max-width: 790px) 100vw, 790px\" \/><\/p>\n<p>Este martes por la tarde se llev\u00f3 adelante la Charla Debate \u00abLa producci\u00f3n de cerdos para China, modelos en disputa\u00bb, organizado por la Licenciatura de Ecolog\u00eda \u2013 Secretar\u00eda de Desarrollo Tecnol\u061a\u00f3gico y Social &#8212; Universidad Nacional de General Sarmiento.<\/p>\n<p>Para discutir sobre la chance de firmar un acuerdo comercial para instalar en nuestro pa\u00eds granjas de producci\u00f3n de cerdo que provean a China con 900 mil toneladas de carne en cuatro a\u00f1os, fueron panelistas <strong>Myriam Gorban<\/strong> (C\u00e1tedra Soberan\u00eda Alimentaria &#8211; UBA), <strong>Carlos Vicente<\/strong> (Grain Internacional), <strong>Pedro Peretti<\/strong> (Movimiento Arraigo) y <strong>Diego Merlo<\/strong> (Productor de General Rodr\u00edguez), con moderaci\u00f3n de <strong>Oscar Galante<\/strong> (SDTyS &#8211; UNGS).<\/p>\n<p>\u201cSe puede producir de otra manera, hay alternativas, hay que abrir el debate y debe hacerlo el gobierno. Queremos que se produzcan alimentos pero no puede haber un argentino hambriento antes de pensar en cualquier tipo de exportaci\u00f3n\u201d, dijo Carlos Vicente tras cuestionar la m\u00faltiple contaminaci\u00f3n que estas factor\u00edas producir\u00edan.<\/p>\n<blockquote><p>\u201c\u00bfQui\u00e9n se banca el olor y la contraindicaci\u00f3n ambiental de eso? Los pobres, los nadies, los negros, los planeros, por eso lo ponen en una zona geogr\u00e1fica determinada. Es un proyecto racista y neocolonial, un enclave igual que los chinos hacen en \u00c1frica. Ese olor a mierda no lo van a oler en Palermo\u201d<\/p><\/blockquote>\n<p>Por su parte, Diego Merlo, director de Producci\u00f3n Agropecuaria del municipio de General Rodr\u00edguez, y productor agropecuario, dijo que este posible convenio con China \u201cdispar\u00f3 la oportunidad de empezar a discutir la pol\u00edtica agropecuaria de nuestro pa\u00eds\u201d: \u201cEs algo oportuno y nos lo debemos desde hace tiempo\u201d, dijo. \u201cHay consumidores que tambi\u00e9n se ven afectados por manipulaciones de los grandes grupos econ\u00f3micos. Este convenio tiene tres temas importantes que discutir: generar valor agregado en origen, con qui\u00e9nes lo producimos y como lo hacemos\u201d, dijo.<\/p>\n<p>Adem\u00e1s remarc\u00f3 el impacto negativo en las comunidades del interior, ya que en el actual modelo no se genera mano de obra. \u201cEsto lleva a la pobreza de nuestra poblaci\u00f3n\u201d, sostuvo y cuestion\u00f3 la concentraci\u00f3n de la producci\u00f3n, \u201cque tiene de reh\u00e9n al pueblo\u201d: \u201cPero tenemos la posibilidad de revertir esto\u201d, dijo.<\/p>\n<p>Asimismo, breg\u00f3 porque no desaparezcan m\u00e1s productores familiares: \u201cYo milito para este gobierno y quiero que las cosas se hagan de otra manera\u201d, sostuvo y llam\u00f3 a considerar el cuidado de nuestro medio ambiente y la salud p\u00fablica.<\/p>\n<blockquote><p>\u201cEl latifundio est\u00e1 m\u00e1s vivo que nunca, la concentraci\u00f3n de tierra es m\u00e1s importante que nunca. El triunfo cultural de esta oligarqu\u00eda es no discutir el tama\u00f1o de las explotaciones agropecuarias\u201d.<\/p><\/blockquote>\n<p>Pedro Peretti es chacarero del Movimiento Arraigo y agradeci\u00f3 ser parte de este encuentro. A la hora de hablar dijo sin ambages: \u201cHe visto pocos proyectos tan delirantes y antinacionales como este\u201d, y record\u00f3 la propia implementaci\u00f3n de los agrot\u00f3xicos por Felipe Sol\u00e1: \u00abEsto es un delirio que no entiendo, me cuesta entenderlo\u201d, sostuvo sobre el proyecto que remarc\u00f3 se viene discutiendo desde la \u00e9poca de Macri. \u201cEste proyecto no tiene ning\u00fan otro objetivo que resolverle el problema log\u00edstico a un grupo de terratenientes que producen ma\u00edz que fueron desconectados del transporte del Belgrano Cargas\u201d, dijo y cuestion\u00f3 la deforestaci\u00f3n de 1998 a 2018 en \u201cestas mismas tierras en que se sembr\u00f3 ma\u00edz y soja, que tienen que comer estos chanchos\u201d.<\/p>\n<p>Luego cuestion\u00f3 a la oligarqu\u00eda terrateniente: \u201cEl latifundio est\u00e1 m\u00e1s vivo que nunca, la concentraci\u00f3n de tierra es m\u00e1s importante que nunca\u201d, sostuvo y dijo que \u201cel triunfo cultural de esta oligarqu\u00eda es no discutir el tama\u00f1o de las explotaciones agropecuarias\u201d. \u201cEs responsabilidad nuestra poner ese debate en la gente, a la derecha no le conviene\u201d, opin\u00f3.<\/p>\n<p>Record\u00f3 que se habla de \u201c400 mil chanchos juntos comiendo a la vez, de 135 kilos cada uno, en el mismo lugar\u201d. \u201c\u00bfQui\u00e9n se banca el olor y la contraindicaci\u00f3n ambiental de eso? Los pobres, los nadies, los negros, los planeros, por eso lo ponen en una zona geogr\u00e1fica determinada. Es un proyecto racista y neocolonial, un enclave igual que los chinos hacen en \u00c1frica. Ese olor a mierda no lo van a oler en Palermo\u201d, dijo y se reconoci\u00f3 militante de este gobierno. \u201cPero debo decirle la verdad a mis dirigentes: no banquen esto porque ser\u00e1 un error hist\u00f3rico. Esto solo lo puede bancar la derecha y yo debo decirle al presidente que esto es un delirio\u201d.<\/p>\n<blockquote><p>Pedro Peretti tambi\u00e9n cuestion\u00f3 el monocultivo de soja de los 90 y el arrojo de glifosato de a millones de litros, en tren de discutir el modelo agrario, que dijo ser\u00eda conveniente volver a las granjas con rotaciones virtuosas de cultivos y en peque\u00f1a escala, para el desarrollo de las familias.<\/p><\/blockquote>\n<p>Por otra parte, Pedro Peretti tambi\u00e9n cuestion\u00f3 el monocultivo de soja de los 90 y el arrojo de glifosato de a millones de litros, en tren de discutir el modelo agrario, que dijo ser\u00eda conveniente volver a las granjas con rotaciones virtuosas de cultivos y en peque\u00f1a escala, para el desarrollo de las familias.<\/p>\n<p>Cuestion\u00f3 a Jorge Neme, Secretario de Relaciones Econ\u00f3micas Internacionales de la Canciller\u00eda Argentina, y al ministro de Relaciones Exteriores, Comercio Internacional y Culto de la Naci\u00f3n, Felipe Sol\u00e1. \u201cSol\u00e1 no es garant\u00eda para discutir con los chinos este tema. Ofrece todas las dudas a partir de su historia en la Argentina. Este tema debiera debatirse en el ministerio de Agricultura no en Canciller\u00eda\u201d, dijo y objet\u00f3 la antojadiza radicaci\u00f3n de este proyecto en el NEA y el NOA. \u201cEs un proyecto neocolonial\u201d, reafirm\u00f3 y concluy\u00f3 que este \u201cno es un proyecto para un gobierno nacional y popular\u201d.<\/p>\n<p>En tanto, la licenciada en Nutrici\u00f3n y coordinadora de la c\u00e1tedra libre de Soberan\u00eda Alimentaria de la UBA, Myriam Gorban, agradeci\u00f3 los aportes de todos y se\u00f1al\u00f3: \u201cTenemos un d\u00e9ficit, queda en la militancia manejar esto. Si el gobierno nacional y popular en el que militamos escucha y recibe a los altos empresarios, a los se\u00f1ores del campo, \u00bfqu\u00e9 esperamos para juntarnos los que estamos ac\u00e1? Somos nosotros los que construimos la resistencia, quienes militamos en distintas organizaciones que defienden la soberan\u00eda alimentaria, las universidades p\u00fablicas, todos los maltratados y despedidos en el gobierno anterior aqu\u00ed estamos. Necesitamos llevar propuestas para la alternativa y tenemos que discutir el modelo agropecuario de una vez, para que el feudalismo y latifundismo dejen de ser r\u00e9moras\u201d, sostuvo.<\/p>\n<blockquote><p>\u201cBajemos la bandera de la rep\u00fablica sojera y levantemos la que dice que esta rep\u00fablica produce alimentos seguros y sanos, en primer lugar para su pueblo y luego para el mundo\u201d<\/p><\/blockquote>\n<p>\u201c\u00bfQu\u00e9 nos impide llevar estas propuestas al m\u00e1s alto nivel institucional? Pidamos una entrevista con el presidente, con las c\u00e1maras legislativas, con el ministerio de Agricultura. Este sistema productivo no da para m\u00e1s, nos llevar\u00e1 de una pandemia a la otra, de un desastre clim\u00e1tico a otro\u201d, dijo luego y pidi\u00f3 tambi\u00e9n por \u201ccentenares de chacras mixtas en todo el pa\u00eds\u201d, en una Argentina que permite todo tipo de producci\u00f3n.<\/p>\n<p>\u201cBajemos la bandera de la rep\u00fablica sojera y levantemos la que dice que esta rep\u00fablica produce alimentos seguros y sanos, en primer lugar para su pueblo y luego para el mundo\u201d, agreg\u00f3 y remarc\u00f3 la necesidad de educaci\u00f3n en el cuidado de la tierra, el uso del suelo y el ambiente. \u201cEste modelo est\u00e1 hecho a base de veneno y acaparamiento de tierra utilizada como material especulativo\u201d, critic\u00f3 y defini\u00f3 que \u201cla responsabilidad social empresaria es una burla\u201d en vista de c\u00f3mo se usa este t\u00e9rmino. \u201cHay que poblar el pa\u00eds con chacras por miles, esto es posible\u201d, dijo.<\/p>\n<p>\u201cDebemos imponer el debate de qu\u00e9 modelo agropecuario necesita la Argentina para ser potencia. Debemos resolverlo\u201d, concluy\u00f3 Gorban se\u00f1alando que actualmente \u201cse viola el derecho humano a la alimentaci\u00f3n\u201d.<\/p>\n<p>\u201cEstamos defendiendo la vida, no los negocios. Ponemos en juego una vez m\u00e1s nuestras profesiones y supervivencia, como siempre. Necesitamos una audiencia y que no solamente sean escuchados los se\u00f1ores del campo\u201d, remarc\u00f3.<\/p>\n<p>Por \u00faltimo, Oscar Galante, de la Universidad, breg\u00f3 por un<strong> Plan Nacional Agropecuario<\/strong>. \u201cNuestra universidad est\u00e1 abierta al debate\u201d, destac\u00f3.<\/p>\n<p><img loading=\"lazy\" decoding=\"async\" class=\"alignnone size-full wp-image-52190\" src=\"https:\/\/noticiasmercedinas.com\/site\/wp-content\/uploads\/2020\/09\/chanchos.jpg\" alt=\"\" width=\"1293\" height=\"736\" srcset=\"https:\/\/noticiasmercedinas.com\/site\/wp-content\/uploads\/2020\/09\/chanchos.jpg 1293w, https:\/\/noticiasmercedinas.com\/site\/wp-content\/uploads\/2020\/09\/chanchos-300x171.jpg 300w, https:\/\/noticiasmercedinas.com\/site\/wp-content\/uploads\/2020\/09\/chanchos-1024x583.jpg 1024w, https:\/\/noticiasmercedinas.com\/site\/wp-content\/uploads\/2020\/09\/chanchos-768x437.jpg 768w, https:\/\/noticiasmercedinas.com\/site\/wp-content\/uploads\/2020\/09\/chanchos-640x364.jpg 640w, https:\/\/noticiasmercedinas.com\/site\/wp-content\/uploads\/2020\/09\/chanchos-1280x729.jpg 1280w, https:\/\/noticiasmercedinas.com\/site\/wp-content\/uploads\/2020\/09\/chanchos-681x388.jpg 681w\" sizes=\"auto, (max-width: 1293px) 100vw, 1293px\" \/><\/p>\n","protected":false},"excerpt":{"rendered":"<p>\u25a0 Universidad de General Sarmiento organiz\u00f3 debate con expertos. Militantes de la soberan\u00eda alimentaria se\u00f1alaron que el proyecto es \u201cdelirante y antinacional\u201d. Solicitan ser escuchados por el Presidente.<\/p>\n","protected":false},"author":2,"featured_media":52191,"comment_status":"open","ping_status":"open","sticky":false,"template":"","format":"standard","meta":{"footnotes":""},"categories":[5754],"tags":[4219,503,10099,1602,10100,335],"class_list":["post-52189","post","type-post","status-publish","format-standard","has-post-thumbnail","hentry","category-medio-ambiente","tag-cancilleria","tag-cerdos","tag-chinos","tag-felipe-sola","tag-ungs","tag-universidad"],"yoast_head":"<!-- This site is optimized with the Yoast SEO plugin v27.4 - https:\/\/yoast.com\/product\/yoast-seo-wordpress\/ -->\n<title>Discuten exportaci\u00f3n de cerdos a China y piden audiencia<\/title>\n<meta name=\"robots\" content=\"index, follow, max-snippet:-1, max-image-preview:large, max-video-preview:-1\" \/>\n<link rel=\"canonical\" href=\"https:\/\/noticiasmercedinas.com\/site\/2020\/09\/01\/discuten-exportacion-de-cerdos-a-china-y-piden-audiencia\/\" \/>\n<meta property=\"og:locale\" content=\"es_ES\" \/>\n<meta property=\"og:type\" content=\"article\" \/>\n<meta property=\"og:title\" content=\"Discuten exportaci\u00f3n de cerdos a China y piden audiencia\" \/>\n<meta property=\"og:description\" content=\"\u25a0 Universidad de General Sarmiento organiz\u00f3 debate con expertos. Militantes de la soberan\u00eda alimentaria se\u00f1alaron que el proyecto es \u201cdelirante y antinacional\u201d. Solicitan ser escuchados por el Presidente.\" \/>\n<meta property=\"og:url\" content=\"https:\/\/noticiasmercedinas.com\/site\/2020\/09\/01\/discuten-exportacion-de-cerdos-a-china-y-piden-audiencia\/\" \/>\n<meta property=\"og:site_name\" content=\"NOTICIASMERCEDINAS.COM\" \/>\n<meta property=\"article:publisher\" content=\"https:\/\/www.facebook.com\/noticiasmercedinas\/\" \/>\n<meta property=\"article:author\" content=\"https:\/\/www.facebook.com\/cristian.falabella\" \/>\n<meta property=\"article:published_time\" content=\"2020-09-01T23:10:55+00:00\" \/>\n<meta property=\"article:modified_time\" content=\"2020-09-01T23:14:33+00:00\" \/>\n<meta property=\"og:image\" content=\"https:\/\/noticiasmercedinas.com\/site\/wp-content\/uploads\/2020\/09\/pna.jpg\" \/>\n\t<meta property=\"og:image:width\" content=\"790\" \/>\n\t<meta property=\"og:image:height\" content=\"443\" \/>\n\t<meta property=\"og:image:type\" content=\"image\/jpeg\" \/>\n<meta name=\"author\" content=\"Cristian Falabella NOTICIASMERCEDINAS.COM\" \/>\n<meta name=\"twitter:card\" content=\"summary_large_image\" \/>\n<meta name=\"twitter:creator\" content=\"@https:\/\/twitter.com\/NOTMERCEDINAS\" \/>\n<meta name=\"twitter:site\" content=\"@notmercedinas\" \/>\n<meta name=\"twitter:label1\" content=\"Escrito por\" \/>\n\t<meta name=\"twitter:data1\" content=\"Cristian Falabella NOTICIASMERCEDINAS.COM\" \/>\n\t<meta name=\"twitter:label2\" content=\"Tiempo de lectura\" \/>\n\t<meta name=\"twitter:data2\" content=\"7 minutos\" \/>\n<script type=\"application\/ld+json\" class=\"yoast-schema-graph\">{\"@context\":\"https:\\\/\\\/schema.org\",\"@graph\":[{\"@type\":\"Article\",\"@id\":\"https:\\\/\\\/noticiasmercedinas.com\\\/site\\\/2020\\\/09\\\/01\\\/discuten-exportacion-de-cerdos-a-china-y-piden-audiencia\\\/#article\",\"isPartOf\":{\"@id\":\"https:\\\/\\\/noticiasmercedinas.com\\\/site\\\/2020\\\/09\\\/01\\\/discuten-exportacion-de-cerdos-a-china-y-piden-audiencia\\\/\"},\"author\":{\"name\":\"Cristian Falabella NOTICIASMERCEDINAS.COM\",\"@id\":\"https:\\\/\\\/noticiasmercedinas.com\\\/site\\\/#\\\/schema\\\/person\\\/d481a9696a5feaec13a60e2bbd991a6a\"},\"headline\":\"Discuten exportaci\u00f3n de cerdos a China y piden audiencia\",\"datePublished\":\"2020-09-01T23:10:55+00:00\",\"dateModified\":\"2020-09-01T23:14:33+00:00\",\"mainEntityOfPage\":{\"@id\":\"https:\\\/\\\/noticiasmercedinas.com\\\/site\\\/2020\\\/09\\\/01\\\/discuten-exportacion-de-cerdos-a-china-y-piden-audiencia\\\/\"},\"wordCount\":1414,\"commentCount\":0,\"publisher\":{\"@id\":\"https:\\\/\\\/noticiasmercedinas.com\\\/site\\\/#organization\"},\"image\":{\"@id\":\"https:\\\/\\\/noticiasmercedinas.com\\\/site\\\/2020\\\/09\\\/01\\\/discuten-exportacion-de-cerdos-a-china-y-piden-audiencia\\\/#primaryimage\"},\"thumbnailUrl\":\"https:\\\/\\\/noticiasmercedinas.com\\\/site\\\/wp-content\\\/uploads\\\/2020\\\/09\\\/pna.jpg\",\"keywords\":[\"cancilleria\",\"cerdos\",\"chinos\",\"Felipe Sol\u00e1\",\"ungs\",\"universidad\"],\"articleSection\":[\"Ambiente\"],\"inLanguage\":\"es\",\"potentialAction\":[{\"@type\":\"CommentAction\",\"name\":\"Comment\",\"target\":[\"https:\\\/\\\/noticiasmercedinas.com\\\/site\\\/2020\\\/09\\\/01\\\/discuten-exportacion-de-cerdos-a-china-y-piden-audiencia\\\/#respond\"]}]},{\"@type\":\"WebPage\",\"@id\":\"https:\\\/\\\/noticiasmercedinas.com\\\/site\\\/2020\\\/09\\\/01\\\/discuten-exportacion-de-cerdos-a-china-y-piden-audiencia\\\/\",\"url\":\"https:\\\/\\\/noticiasmercedinas.com\\\/site\\\/2020\\\/09\\\/01\\\/discuten-exportacion-de-cerdos-a-china-y-piden-audiencia\\\/\",\"name\":\"Discuten exportaci\u00f3n de cerdos a China y piden audiencia\",\"isPartOf\":{\"@id\":\"https:\\\/\\\/noticiasmercedinas.com\\\/site\\\/#website\"},\"primaryImageOfPage\":{\"@id\":\"https:\\\/\\\/noticiasmercedinas.com\\\/site\\\/2020\\\/09\\\/01\\\/discuten-exportacion-de-cerdos-a-china-y-piden-audiencia\\\/#primaryimage\"},\"image\":{\"@id\":\"https:\\\/\\\/noticiasmercedinas.com\\\/site\\\/2020\\\/09\\\/01\\\/discuten-exportacion-de-cerdos-a-china-y-piden-audiencia\\\/#primaryimage\"},\"thumbnailUrl\":\"https:\\\/\\\/noticiasmercedinas.com\\\/site\\\/wp-content\\\/uploads\\\/2020\\\/09\\\/pna.jpg\",\"datePublished\":\"2020-09-01T23:10:55+00:00\",\"dateModified\":\"2020-09-01T23:14:33+00:00\",\"breadcrumb\":{\"@id\":\"https:\\\/\\\/noticiasmercedinas.com\\\/site\\\/2020\\\/09\\\/01\\\/discuten-exportacion-de-cerdos-a-china-y-piden-audiencia\\\/#breadcrumb\"},\"inLanguage\":\"es\",\"potentialAction\":[{\"@type\":\"ReadAction\",\"target\":[\"https:\\\/\\\/noticiasmercedinas.com\\\/site\\\/2020\\\/09\\\/01\\\/discuten-exportacion-de-cerdos-a-china-y-piden-audiencia\\\/\"]}]},{\"@type\":\"ImageObject\",\"inLanguage\":\"es\",\"@id\":\"https:\\\/\\\/noticiasmercedinas.com\\\/site\\\/2020\\\/09\\\/01\\\/discuten-exportacion-de-cerdos-a-china-y-piden-audiencia\\\/#primaryimage\",\"url\":\"https:\\\/\\\/noticiasmercedinas.com\\\/site\\\/wp-content\\\/uploads\\\/2020\\\/09\\\/pna.jpg\",\"contentUrl\":\"https:\\\/\\\/noticiasmercedinas.com\\\/site\\\/wp-content\\\/uploads\\\/2020\\\/09\\\/pna.jpg\",\"width\":790,\"height\":443},{\"@type\":\"BreadcrumbList\",\"@id\":\"https:\\\/\\\/noticiasmercedinas.com\\\/site\\\/2020\\\/09\\\/01\\\/discuten-exportacion-de-cerdos-a-china-y-piden-audiencia\\\/#breadcrumb\",\"itemListElement\":[{\"@type\":\"ListItem\",\"position\":1,\"name\":\"Portada\",\"item\":\"https:\\\/\\\/noticiasmercedinas.com\\\/site\\\/\"},{\"@type\":\"ListItem\",\"position\":2,\"name\":\"Discuten exportaci\u00f3n de cerdos a China y piden audiencia\"}]},{\"@type\":\"WebSite\",\"@id\":\"https:\\\/\\\/noticiasmercedinas.com\\\/site\\\/#website\",\"url\":\"https:\\\/\\\/noticiasmercedinas.com\\\/site\\\/\",\"name\":\"NOTICIASMERCEDINAS.COM\",\"description\":\"Mercedes, Buenos Aires, Argentina\",\"publisher\":{\"@id\":\"https:\\\/\\\/noticiasmercedinas.com\\\/site\\\/#organization\"},\"potentialAction\":[{\"@type\":\"SearchAction\",\"target\":{\"@type\":\"EntryPoint\",\"urlTemplate\":\"https:\\\/\\\/noticiasmercedinas.com\\\/site\\\/?s={search_term_string}\"},\"query-input\":{\"@type\":\"PropertyValueSpecification\",\"valueRequired\":true,\"valueName\":\"search_term_string\"}}],\"inLanguage\":\"es\"},{\"@type\":\"Organization\",\"@id\":\"https:\\\/\\\/noticiasmercedinas.com\\\/site\\\/#organization\",\"name\":\"NOTICIASMERCEDINAS.COM\",\"url\":\"https:\\\/\\\/noticiasmercedinas.com\\\/site\\\/\",\"logo\":{\"@type\":\"ImageObject\",\"inLanguage\":\"es\",\"@id\":\"https:\\\/\\\/noticiasmercedinas.com\\\/site\\\/#\\\/schema\\\/logo\\\/image\\\/\",\"url\":\"https:\\\/\\\/noticiasmercedinas.com\\\/site\\\/wp-content\\\/uploads\\\/2020\\\/06\\\/LOGO-512.jpg\",\"contentUrl\":\"https:\\\/\\\/noticiasmercedinas.com\\\/site\\\/wp-content\\\/uploads\\\/2020\\\/06\\\/LOGO-512.jpg\",\"width\":512,\"height\":512,\"caption\":\"NOTICIASMERCEDINAS.COM\"},\"image\":{\"@id\":\"https:\\\/\\\/noticiasmercedinas.com\\\/site\\\/#\\\/schema\\\/logo\\\/image\\\/\"},\"sameAs\":[\"https:\\\/\\\/www.facebook.com\\\/noticiasmercedinas\\\/\",\"https:\\\/\\\/x.com\\\/notmercedinas\",\"https:\\\/\\\/www.instagram.com\\\/noticiasmercedinas\\\/\"]},{\"@type\":\"Person\",\"@id\":\"https:\\\/\\\/noticiasmercedinas.com\\\/site\\\/#\\\/schema\\\/person\\\/d481a9696a5feaec13a60e2bbd991a6a\",\"name\":\"Cristian Falabella NOTICIASMERCEDINAS.COM\",\"image\":{\"@type\":\"ImageObject\",\"inLanguage\":\"es\",\"@id\":\"https:\\\/\\\/secure.gravatar.com\\\/avatar\\\/0dbbfc45970cc46bcd0e57766228574ff3511d6eed045b182f536f0f478c1f06?s=96&d=mm&r=g\",\"url\":\"https:\\\/\\\/secure.gravatar.com\\\/avatar\\\/0dbbfc45970cc46bcd0e57766228574ff3511d6eed045b182f536f0f478c1f06?s=96&d=mm&r=g\",\"contentUrl\":\"https:\\\/\\\/secure.gravatar.com\\\/avatar\\\/0dbbfc45970cc46bcd0e57766228574ff3511d6eed045b182f536f0f478c1f06?s=96&d=mm&r=g\",\"caption\":\"Cristian Falabella NOTICIASMERCEDINAS.COM\"},\"description\":\"Periodista, editor de Noticias Mercedinas. Pas\u00f3 por varias redacciones y emprendimientos de prensa, en distintos formatos y \u00e9pocas. Se especializ\u00f3 --y sigue haci\u00e9ndolo-- en comunicaci\u00f3n en la web y en junio de 2006 fund\u00f3 este diario digital.\",\"sameAs\":[\"https:\\\/\\\/noticiasmercedinas.com\",\"https:\\\/\\\/www.facebook.com\\\/cristian.falabella\",\"https:\\\/\\\/www.instagram.com\\\/noticiasmercedinas\\\/\",\"https:\\\/\\\/x.com\\\/https:\\\/\\\/twitter.com\\\/NOTMERCEDINAS\"],\"url\":\"https:\\\/\\\/noticiasmercedinas.com\\\/site\\\/author\\\/as000384\\\/\"}]}<\/script>\n<!-- \/ Yoast SEO plugin. -->","yoast_head_json":{"title":"Discuten exportaci\u00f3n de cerdos a China y piden audiencia","robots":{"index":"index","follow":"follow","max-snippet":"max-snippet:-1","max-image-preview":"max-image-preview:large","max-video-preview":"max-video-preview:-1"},"canonical":"https:\/\/noticiasmercedinas.com\/site\/2020\/09\/01\/discuten-exportacion-de-cerdos-a-china-y-piden-audiencia\/","og_locale":"es_ES","og_type":"article","og_title":"Discuten exportaci\u00f3n de cerdos a China y piden audiencia","og_description":"\u25a0 Universidad de General Sarmiento organiz\u00f3 debate con expertos. Militantes de la soberan\u00eda alimentaria se\u00f1alaron que el proyecto es \u201cdelirante y antinacional\u201d. Solicitan ser escuchados por el Presidente.","og_url":"https:\/\/noticiasmercedinas.com\/site\/2020\/09\/01\/discuten-exportacion-de-cerdos-a-china-y-piden-audiencia\/","og_site_name":"NOTICIASMERCEDINAS.COM","article_publisher":"https:\/\/www.facebook.com\/noticiasmercedinas\/","article_author":"https:\/\/www.facebook.com\/cristian.falabella","article_published_time":"2020-09-01T23:10:55+00:00","article_modified_time":"2020-09-01T23:14:33+00:00","og_image":[{"width":790,"height":443,"url":"https:\/\/noticiasmercedinas.com\/site\/wp-content\/uploads\/2020\/09\/pna.jpg","type":"image\/jpeg"}],"author":"Cristian Falabella NOTICIASMERCEDINAS.COM","twitter_card":"summary_large_image","twitter_creator":"@https:\/\/twitter.com\/NOTMERCEDINAS","twitter_site":"@notmercedinas","twitter_misc":{"Escrito por":"Cristian Falabella NOTICIASMERCEDINAS.COM","Tiempo de lectura":"7 minutos"},"schema":{"@context":"https:\/\/schema.org","@graph":[{"@type":"Article","@id":"https:\/\/noticiasmercedinas.com\/site\/2020\/09\/01\/discuten-exportacion-de-cerdos-a-china-y-piden-audiencia\/#article","isPartOf":{"@id":"https:\/\/noticiasmercedinas.com\/site\/2020\/09\/01\/discuten-exportacion-de-cerdos-a-china-y-piden-audiencia\/"},"author":{"name":"Cristian Falabella NOTICIASMERCEDINAS.COM","@id":"https:\/\/noticiasmercedinas.com\/site\/#\/schema\/person\/d481a9696a5feaec13a60e2bbd991a6a"},"headline":"Discuten exportaci\u00f3n de cerdos a China y piden audiencia","datePublished":"2020-09-01T23:10:55+00:00","dateModified":"2020-09-01T23:14:33+00:00","mainEntityOfPage":{"@id":"https:\/\/noticiasmercedinas.com\/site\/2020\/09\/01\/discuten-exportacion-de-cerdos-a-china-y-piden-audiencia\/"},"wordCount":1414,"commentCount":0,"publisher":{"@id":"https:\/\/noticiasmercedinas.com\/site\/#organization"},"image":{"@id":"https:\/\/noticiasmercedinas.com\/site\/2020\/09\/01\/discuten-exportacion-de-cerdos-a-china-y-piden-audiencia\/#primaryimage"},"thumbnailUrl":"https:\/\/noticiasmercedinas.com\/site\/wp-content\/uploads\/2020\/09\/pna.jpg","keywords":["cancilleria","cerdos","chinos","Felipe Sol\u00e1","ungs","universidad"],"articleSection":["Ambiente"],"inLanguage":"es","potentialAction":[{"@type":"CommentAction","name":"Comment","target":["https:\/\/noticiasmercedinas.com\/site\/2020\/09\/01\/discuten-exportacion-de-cerdos-a-china-y-piden-audiencia\/#respond"]}]},{"@type":"WebPage","@id":"https:\/\/noticiasmercedinas.com\/site\/2020\/09\/01\/discuten-exportacion-de-cerdos-a-china-y-piden-audiencia\/","url":"https:\/\/noticiasmercedinas.com\/site\/2020\/09\/01\/discuten-exportacion-de-cerdos-a-china-y-piden-audiencia\/","name":"Discuten exportaci\u00f3n de cerdos a China y piden audiencia","isPartOf":{"@id":"https:\/\/noticiasmercedinas.com\/site\/#website"},"primaryImageOfPage":{"@id":"https:\/\/noticiasmercedinas.com\/site\/2020\/09\/01\/discuten-exportacion-de-cerdos-a-china-y-piden-audiencia\/#primaryimage"},"image":{"@id":"https:\/\/noticiasmercedinas.com\/site\/2020\/09\/01\/discuten-exportacion-de-cerdos-a-china-y-piden-audiencia\/#primaryimage"},"thumbnailUrl":"https:\/\/noticiasmercedinas.com\/site\/wp-content\/uploads\/2020\/09\/pna.jpg","datePublished":"2020-09-01T23:10:55+00:00","dateModified":"2020-09-01T23:14:33+00:00","breadcrumb":{"@id":"https:\/\/noticiasmercedinas.com\/site\/2020\/09\/01\/discuten-exportacion-de-cerdos-a-china-y-piden-audiencia\/#breadcrumb"},"inLanguage":"es","potentialAction":[{"@type":"ReadAction","target":["https:\/\/noticiasmercedinas.com\/site\/2020\/09\/01\/discuten-exportacion-de-cerdos-a-china-y-piden-audiencia\/"]}]},{"@type":"ImageObject","inLanguage":"es","@id":"https:\/\/noticiasmercedinas.com\/site\/2020\/09\/01\/discuten-exportacion-de-cerdos-a-china-y-piden-audiencia\/#primaryimage","url":"https:\/\/noticiasmercedinas.com\/site\/wp-content\/uploads\/2020\/09\/pna.jpg","contentUrl":"https:\/\/noticiasmercedinas.com\/site\/wp-content\/uploads\/2020\/09\/pna.jpg","width":790,"height":443},{"@type":"BreadcrumbList","@id":"https:\/\/noticiasmercedinas.com\/site\/2020\/09\/01\/discuten-exportacion-de-cerdos-a-china-y-piden-audiencia\/#breadcrumb","itemListElement":[{"@type":"ListItem","position":1,"name":"Portada","item":"https:\/\/noticiasmercedinas.com\/site\/"},{"@type":"ListItem","position":2,"name":"Discuten exportaci\u00f3n de cerdos a China y piden audiencia"}]},{"@type":"WebSite","@id":"https:\/\/noticiasmercedinas.com\/site\/#website","url":"https:\/\/noticiasmercedinas.com\/site\/","name":"NOTICIASMERCEDINAS.COM","description":"Mercedes, Buenos Aires, Argentina","publisher":{"@id":"https:\/\/noticiasmercedinas.com\/site\/#organization"},"potentialAction":[{"@type":"SearchAction","target":{"@type":"EntryPoint","urlTemplate":"https:\/\/noticiasmercedinas.com\/site\/?s={search_term_string}"},"query-input":{"@type":"PropertyValueSpecification","valueRequired":true,"valueName":"search_term_string"}}],"inLanguage":"es"},{"@type":"Organization","@id":"https:\/\/noticiasmercedinas.com\/site\/#organization","name":"NOTICIASMERCEDINAS.COM","url":"https:\/\/noticiasmercedinas.com\/site\/","logo":{"@type":"ImageObject","inLanguage":"es","@id":"https:\/\/noticiasmercedinas.com\/site\/#\/schema\/logo\/image\/","url":"https:\/\/noticiasmercedinas.com\/site\/wp-content\/uploads\/2020\/06\/LOGO-512.jpg","contentUrl":"https:\/\/noticiasmercedinas.com\/site\/wp-content\/uploads\/2020\/06\/LOGO-512.jpg","width":512,"height":512,"caption":"NOTICIASMERCEDINAS.COM"},"image":{"@id":"https:\/\/noticiasmercedinas.com\/site\/#\/schema\/logo\/image\/"},"sameAs":["https:\/\/www.facebook.com\/noticiasmercedinas\/","https:\/\/x.com\/notmercedinas","https:\/\/www.instagram.com\/noticiasmercedinas\/"]},{"@type":"Person","@id":"https:\/\/noticiasmercedinas.com\/site\/#\/schema\/person\/d481a9696a5feaec13a60e2bbd991a6a","name":"Cristian Falabella NOTICIASMERCEDINAS.COM","image":{"@type":"ImageObject","inLanguage":"es","@id":"https:\/\/secure.gravatar.com\/avatar\/0dbbfc45970cc46bcd0e57766228574ff3511d6eed045b182f536f0f478c1f06?s=96&d=mm&r=g","url":"https:\/\/secure.gravatar.com\/avatar\/0dbbfc45970cc46bcd0e57766228574ff3511d6eed045b182f536f0f478c1f06?s=96&d=mm&r=g","contentUrl":"https:\/\/secure.gravatar.com\/avatar\/0dbbfc45970cc46bcd0e57766228574ff3511d6eed045b182f536f0f478c1f06?s=96&d=mm&r=g","caption":"Cristian Falabella NOTICIASMERCEDINAS.COM"},"description":"Periodista, editor de Noticias Mercedinas. Pas\u00f3 por varias redacciones y emprendimientos de prensa, en distintos formatos y \u00e9pocas. Se especializ\u00f3 --y sigue haci\u00e9ndolo-- en comunicaci\u00f3n en la web y en junio de 2006 fund\u00f3 este diario digital.","sameAs":["https:\/\/noticiasmercedinas.com","https:\/\/www.facebook.com\/cristian.falabella","https:\/\/www.instagram.com\/noticiasmercedinas\/","https:\/\/x.com\/https:\/\/twitter.com\/NOTMERCEDINAS"],"url":"https:\/\/noticiasmercedinas.com\/site\/author\/as000384\/"}]}},"amp_enabled":true,"_links":{"self":[{"href":"https:\/\/noticiasmercedinas.com\/site\/wp-json\/wp\/v2\/posts\/52189","targetHints":{"allow":["GET"]}}],"collection":[{"href":"https:\/\/noticiasmercedinas.com\/site\/wp-json\/wp\/v2\/posts"}],"about":[{"href":"https:\/\/noticiasmercedinas.com\/site\/wp-json\/wp\/v2\/types\/post"}],"author":[{"embeddable":true,"href":"https:\/\/noticiasmercedinas.com\/site\/wp-json\/wp\/v2\/users\/2"}],"replies":[{"embeddable":true,"href":"https:\/\/noticiasmercedinas.com\/site\/wp-json\/wp\/v2\/comments?post=52189"}],"version-history":[{"count":3,"href":"https:\/\/noticiasmercedinas.com\/site\/wp-json\/wp\/v2\/posts\/52189\/revisions"}],"predecessor-version":[{"id":52195,"href":"https:\/\/noticiasmercedinas.com\/site\/wp-json\/wp\/v2\/posts\/52189\/revisions\/52195"}],"wp:featuredmedia":[{"embeddable":true,"href":"https:\/\/noticiasmercedinas.com\/site\/wp-json\/wp\/v2\/media\/52191"}],"wp:attachment":[{"href":"https:\/\/noticiasmercedinas.com\/site\/wp-json\/wp\/v2\/media?parent=52189"}],"wp:term":[{"taxonomy":"category","embeddable":true,"href":"https:\/\/noticiasmercedinas.com\/site\/wp-json\/wp\/v2\/categories?post=52189"},{"taxonomy":"post_tag","embeddable":true,"href":"https:\/\/noticiasmercedinas.com\/site\/wp-json\/wp\/v2\/tags?post=52189"}],"curies":[{"name":"wp","href":"https:\/\/api.w.org\/{rel}","templated":true}]}}