{"id":5254,"date":"2018-10-25T17:22:41","date_gmt":"2018-10-25T20:22:41","guid":{"rendered":"https:\/\/noticiasmercedinas.com\/site\/?p=5254"},"modified":"2018-10-25T17:24:00","modified_gmt":"2018-10-25T20:24:00","slug":"campana-ya-son-mas-de-un-millar-los-ninos-y-ninas-vacunados-por-la-comuna","status":"publish","type":"post","link":"https:\/\/noticiasmercedinas.com\/site\/2018\/10\/25\/campana-ya-son-mas-de-un-millar-los-ninos-y-ninas-vacunados-por-la-comuna\/","title":{"rendered":"Campa\u00f1a: ya son mas de un millar los ni\u00f1os y ni\u00f1as vacunados por la comuna"},"content":{"rendered":"<p><img loading=\"lazy\" decoding=\"async\" class=\"alignnone size-full wp-image-5255\" src=\"https:\/\/noticiasmercedinas.com\/site\/wp-content\/uploads\/2018\/10\/Campa\u00f1a-Vacunaci\u00f3n.jpg\" alt=\"\" width=\"640\" height=\"346\" srcset=\"https:\/\/noticiasmercedinas.com\/site\/wp-content\/uploads\/2018\/10\/Campa\u00f1a-Vacunaci\u00f3n.jpg 640w, https:\/\/noticiasmercedinas.com\/site\/wp-content\/uploads\/2018\/10\/Campa\u00f1a-Vacunaci\u00f3n-300x162.jpg 300w\" sizes=\"auto, (max-width: 640px) 100vw, 640px\" \/><\/p>\n<p>El Municipio de Mercedes, a trav\u00e9s de la Secretar\u00eda de Salud, contin\u00faa con la campa\u00f1a de vacunaci\u00f3n contra el sarampi\u00f3n. Se trata de la aplicaci\u00f3n del refuerzo de la vacuna triple viral (sarampi\u00f3n-rubeola-parotiditis) en los ni\u00f1os y ni\u00f1as de entre 13 meses y 5 a\u00f1os. La misma es gratuita y no requiere orden m\u00e9dica.<\/p>\n<p>El doctor Pablo Cassiani, al ser consultado por la forma en que se viene desarrollando el plan de vacunaci\u00f3n, respondi\u00f3: \u201cEstamos muy contentos con los resultados que venimos obteniendo, el compromiso de los vecinos y sobre todo con el grado de responsabilidad que est\u00e1 trabajando el equipo de salud. Esta campa\u00f1a nos ha servido para crecer como grupo humano porque le han puesto mucho \u00e9nfasis, vocaci\u00f3n y amor en su tarea\u201d.<\/p>\n<p>Adem\u00e1s, el Secretario de Salud, record\u00f3 que \u201cesta campa\u00f1a comenz\u00f3 el 1\u00b0 de octubre y finaliza el 31 de noviembre, es decir, son dos meses\u201d. Y dijo que en ese tiempo \u201ctodos los ni\u00f1os que tienen entre 1 y 5 a\u00f1os deber\u00e1n recibir una dosis extra de la vacuna triple viral que previene el sarampi\u00f3n, rubeola y parotiditis\u201d.<\/p>\n<p>\u201cNosotros tenemos en Mercedes estimados 4.300 ni\u00f1os en ese grupo de edad, y a poco m\u00e1s de dos semanas, llevamos vacunados 1.674 ni\u00f1os, sin contar aquellos que lo hayan hecho en el hospital o en un vacunatorio privado\u201d.<\/p>\n<p>En ese sentido, Cassiani explic\u00f3 el por qu\u00e9 de esta nueva dosis: \u201cEsto se debe a que tenemos un reingreso en la circulaci\u00f3n de este virus en nuestro pa\u00eds\u201d, dijo y a\u00f1adi\u00f3 que \u201cya tenemos 9 casos confirmados, 5 de la Ciudad Aut\u00f3noma de Buenos Aires y 4 del conurbano sur de la provincia de Buenos Aires\u201d. Sostuvo que fue por ese motivo que \u201cla Secretar\u00eda Nacional de Salud ha decidido realizar esta campa\u00f1a\u201d.<\/p>\n<p>\u201cVamos primeros en la regi\u00f3n en cumplimiento de metas y en cantidad de dosis aplicadas\u201d, inform\u00f3 el secretario de Salud, Pablo Cassiani, e indic\u00f3 las formas en que aquellas mam\u00e1s que a\u00fan no han vacunado a sus hijos lo pueden hacer: \u201cSe pueden acercar a cualquiera de nuestros Centros de Atenci\u00f3n Primaria de la Salud (CAPS) hemos extendido el horario de 08:00 a 18:00 horas (lunes a viernes) y hemos incluido los d\u00edas s\u00e1bados de 09:00 a 13:00 horas. Y los domingos en el C.I.C. De esta manera, contamos con una amplia extensi\u00f3n horaria\u201d, dijo.<\/p>\n<p>Al mismo tiempo, la Secretar\u00eda de Salud Municipal, recorre los establecimientos educativos de nuestra ciudad ofreciendo, a aquellos ni\u00f1os que a\u00fan no han sido vacunados, la dosis correspondiente.<\/p>\n","protected":false},"excerpt":{"rendered":"<p>El Municipio de Mercedes, a trav\u00e9s de la Secretar\u00eda de Salud, contin\u00faa con la campa\u00f1a de vacunaci\u00f3n contra el sarampi\u00f3n. Se trata de la aplicaci\u00f3n del refuerzo de la vacuna triple viral (sarampi\u00f3n-rubeola-parotiditis) en los ni\u00f1os y ni\u00f1as de entre 13 meses y 5 a\u00f1os. La misma es gratuita y no requiere orden m\u00e9dica. El [&hellip;]<\/p>\n","protected":false},"author":2,"featured_media":5255,"comment_status":"open","ping_status":"open","sticky":false,"template":"","format":"standard","meta":{"footnotes":""},"categories":[3],"tags":[942,144,71,365],"class_list":["post-5254","post","type-post","status-publish","format-standard","has-post-thumbnail","hentry","category-sociedad","tag-caps","tag-pablo-cassiani","tag-salud","tag-vacunacion"],"yoast_head":"<!-- This site is optimized with the Yoast SEO plugin v27.5 - https:\/\/yoast.com\/product\/yoast-seo-wordpress\/ -->\n<title>Campa\u00f1a: ya son mas de un millar los ni\u00f1os y ni\u00f1as vacunados por la comuna<\/title>\n<meta name=\"robots\" content=\"index, follow, max-snippet:-1, max-image-preview:large, max-video-preview:-1\" \/>\n<link rel=\"canonical\" href=\"https:\/\/noticiasmercedinas.com\/site\/2018\/10\/25\/campana-ya-son-mas-de-un-millar-los-ninos-y-ninas-vacunados-por-la-comuna\/\" \/>\n<meta property=\"og:locale\" content=\"es_ES\" \/>\n<meta property=\"og:type\" content=\"article\" \/>\n<meta property=\"og:title\" content=\"Campa\u00f1a: ya son mas de un millar los ni\u00f1os y ni\u00f1as vacunados por la comuna\" \/>\n<meta property=\"og:description\" content=\"El Municipio de Mercedes, a trav\u00e9s de la Secretar\u00eda de Salud, contin\u00faa con la campa\u00f1a de vacunaci\u00f3n contra el sarampi\u00f3n. Se trata de la aplicaci\u00f3n del refuerzo de la vacuna triple viral (sarampi\u00f3n-rubeola-parotiditis) en los ni\u00f1os y ni\u00f1as de entre 13 meses y 5 a\u00f1os. La misma es gratuita y no requiere orden m\u00e9dica. El [&hellip;]\" \/>\n<meta property=\"og:url\" content=\"https:\/\/noticiasmercedinas.com\/site\/2018\/10\/25\/campana-ya-son-mas-de-un-millar-los-ninos-y-ninas-vacunados-por-la-comuna\/\" \/>\n<meta property=\"og:site_name\" content=\"NOTICIASMERCEDINAS.COM\" \/>\n<meta property=\"article:publisher\" content=\"https:\/\/www.facebook.com\/noticiasmercedinas\/\" \/>\n<meta property=\"article:author\" content=\"https:\/\/www.facebook.com\/cristian.falabella\" \/>\n<meta property=\"article:published_time\" content=\"2018-10-25T20:22:41+00:00\" \/>\n<meta property=\"article:modified_time\" content=\"2018-10-25T20:24:00+00:00\" \/>\n<meta property=\"og:image\" content=\"https:\/\/noticiasmercedinas.com\/site\/wp-content\/uploads\/2018\/10\/Campa\u00f1a-Vacunaci\u00f3n.jpg\" \/>\n\t<meta property=\"og:image:width\" content=\"640\" \/>\n\t<meta property=\"og:image:height\" content=\"346\" \/>\n\t<meta property=\"og:image:type\" content=\"image\/jpeg\" \/>\n<meta name=\"author\" content=\"Cristian Falabella NOTICIASMERCEDINAS.COM\" \/>\n<meta name=\"twitter:card\" content=\"summary_large_image\" \/>\n<meta name=\"twitter:creator\" content=\"@https:\/\/twitter.com\/NOTMERCEDINAS\" \/>\n<meta name=\"twitter:site\" content=\"@notmercedinas\" \/>\n<meta name=\"twitter:label1\" content=\"Escrito por\" \/>\n\t<meta name=\"twitter:data1\" content=\"Cristian Falabella NOTICIASMERCEDINAS.COM\" \/>\n\t<meta name=\"twitter:label2\" content=\"Tiempo de lectura\" \/>\n\t<meta name=\"twitter:data2\" content=\"2 minutos\" \/>\n<script type=\"application\/ld+json\" class=\"yoast-schema-graph\">{\"@context\":\"https:\\\/\\\/schema.org\",\"@graph\":[{\"@type\":\"Article\",\"@id\":\"https:\\\/\\\/noticiasmercedinas.com\\\/site\\\/2018\\\/10\\\/25\\\/campana-ya-son-mas-de-un-millar-los-ninos-y-ninas-vacunados-por-la-comuna\\\/#article\",\"isPartOf\":{\"@id\":\"https:\\\/\\\/noticiasmercedinas.com\\\/site\\\/2018\\\/10\\\/25\\\/campana-ya-son-mas-de-un-millar-los-ninos-y-ninas-vacunados-por-la-comuna\\\/\"},\"author\":{\"name\":\"Cristian Falabella NOTICIASMERCEDINAS.COM\",\"@id\":\"https:\\\/\\\/noticiasmercedinas.com\\\/site\\\/#\\\/schema\\\/person\\\/d481a9696a5feaec13a60e2bbd991a6a\"},\"headline\":\"Campa\u00f1a: ya son mas de un millar los ni\u00f1os y ni\u00f1as vacunados por la comuna\",\"datePublished\":\"2018-10-25T20:22:41+00:00\",\"dateModified\":\"2018-10-25T20:24:00+00:00\",\"mainEntityOfPage\":{\"@id\":\"https:\\\/\\\/noticiasmercedinas.com\\\/site\\\/2018\\\/10\\\/25\\\/campana-ya-son-mas-de-un-millar-los-ninos-y-ninas-vacunados-por-la-comuna\\\/\"},\"wordCount\":463,\"commentCount\":0,\"publisher\":{\"@id\":\"https:\\\/\\\/noticiasmercedinas.com\\\/site\\\/#organization\"},\"image\":{\"@id\":\"https:\\\/\\\/noticiasmercedinas.com\\\/site\\\/2018\\\/10\\\/25\\\/campana-ya-son-mas-de-un-millar-los-ninos-y-ninas-vacunados-por-la-comuna\\\/#primaryimage\"},\"thumbnailUrl\":\"https:\\\/\\\/noticiasmercedinas.com\\\/site\\\/wp-content\\\/uploads\\\/2018\\\/10\\\/Campa\u00f1a-Vacunaci\u00f3n.jpg\",\"keywords\":[\"caps\",\"pablo cassiani\",\"salud\",\"vacunacion\"],\"articleSection\":[\"Sociedad\"],\"inLanguage\":\"es\",\"potentialAction\":[{\"@type\":\"CommentAction\",\"name\":\"Comment\",\"target\":[\"https:\\\/\\\/noticiasmercedinas.com\\\/site\\\/2018\\\/10\\\/25\\\/campana-ya-son-mas-de-un-millar-los-ninos-y-ninas-vacunados-por-la-comuna\\\/#respond\"]}]},{\"@type\":\"WebPage\",\"@id\":\"https:\\\/\\\/noticiasmercedinas.com\\\/site\\\/2018\\\/10\\\/25\\\/campana-ya-son-mas-de-un-millar-los-ninos-y-ninas-vacunados-por-la-comuna\\\/\",\"url\":\"https:\\\/\\\/noticiasmercedinas.com\\\/site\\\/2018\\\/10\\\/25\\\/campana-ya-son-mas-de-un-millar-los-ninos-y-ninas-vacunados-por-la-comuna\\\/\",\"name\":\"Campa\u00f1a: ya son mas de un millar los ni\u00f1os y ni\u00f1as vacunados por la comuna\",\"isPartOf\":{\"@id\":\"https:\\\/\\\/noticiasmercedinas.com\\\/site\\\/#website\"},\"primaryImageOfPage\":{\"@id\":\"https:\\\/\\\/noticiasmercedinas.com\\\/site\\\/2018\\\/10\\\/25\\\/campana-ya-son-mas-de-un-millar-los-ninos-y-ninas-vacunados-por-la-comuna\\\/#primaryimage\"},\"image\":{\"@id\":\"https:\\\/\\\/noticiasmercedinas.com\\\/site\\\/2018\\\/10\\\/25\\\/campana-ya-son-mas-de-un-millar-los-ninos-y-ninas-vacunados-por-la-comuna\\\/#primaryimage\"},\"thumbnailUrl\":\"https:\\\/\\\/noticiasmercedinas.com\\\/site\\\/wp-content\\\/uploads\\\/2018\\\/10\\\/Campa\u00f1a-Vacunaci\u00f3n.jpg\",\"datePublished\":\"2018-10-25T20:22:41+00:00\",\"dateModified\":\"2018-10-25T20:24:00+00:00\",\"breadcrumb\":{\"@id\":\"https:\\\/\\\/noticiasmercedinas.com\\\/site\\\/2018\\\/10\\\/25\\\/campana-ya-son-mas-de-un-millar-los-ninos-y-ninas-vacunados-por-la-comuna\\\/#breadcrumb\"},\"inLanguage\":\"es\",\"potentialAction\":[{\"@type\":\"ReadAction\",\"target\":[\"https:\\\/\\\/noticiasmercedinas.com\\\/site\\\/2018\\\/10\\\/25\\\/campana-ya-son-mas-de-un-millar-los-ninos-y-ninas-vacunados-por-la-comuna\\\/\"]}]},{\"@type\":\"ImageObject\",\"inLanguage\":\"es\",\"@id\":\"https:\\\/\\\/noticiasmercedinas.com\\\/site\\\/2018\\\/10\\\/25\\\/campana-ya-son-mas-de-un-millar-los-ninos-y-ninas-vacunados-por-la-comuna\\\/#primaryimage\",\"url\":\"https:\\\/\\\/noticiasmercedinas.com\\\/site\\\/wp-content\\\/uploads\\\/2018\\\/10\\\/Campa\u00f1a-Vacunaci\u00f3n.jpg\",\"contentUrl\":\"https:\\\/\\\/noticiasmercedinas.com\\\/site\\\/wp-content\\\/uploads\\\/2018\\\/10\\\/Campa\u00f1a-Vacunaci\u00f3n.jpg\",\"width\":640,\"height\":346},{\"@type\":\"BreadcrumbList\",\"@id\":\"https:\\\/\\\/noticiasmercedinas.com\\\/site\\\/2018\\\/10\\\/25\\\/campana-ya-son-mas-de-un-millar-los-ninos-y-ninas-vacunados-por-la-comuna\\\/#breadcrumb\",\"itemListElement\":[{\"@type\":\"ListItem\",\"position\":1,\"name\":\"Portada\",\"item\":\"https:\\\/\\\/noticiasmercedinas.com\\\/site\\\/\"},{\"@type\":\"ListItem\",\"position\":2,\"name\":\"Campa\u00f1a: ya son mas de un millar los ni\u00f1os y ni\u00f1as vacunados por la comuna\"}]},{\"@type\":\"WebSite\",\"@id\":\"https:\\\/\\\/noticiasmercedinas.com\\\/site\\\/#website\",\"url\":\"https:\\\/\\\/noticiasmercedinas.com\\\/site\\\/\",\"name\":\"NOTICIASMERCEDINAS.COM\",\"description\":\"Mercedes, Buenos Aires, Argentina\",\"publisher\":{\"@id\":\"https:\\\/\\\/noticiasmercedinas.com\\\/site\\\/#organization\"},\"potentialAction\":[{\"@type\":\"SearchAction\",\"target\":{\"@type\":\"EntryPoint\",\"urlTemplate\":\"https:\\\/\\\/noticiasmercedinas.com\\\/site\\\/?s={search_term_string}\"},\"query-input\":{\"@type\":\"PropertyValueSpecification\",\"valueRequired\":true,\"valueName\":\"search_term_string\"}}],\"inLanguage\":\"es\"},{\"@type\":\"Organization\",\"@id\":\"https:\\\/\\\/noticiasmercedinas.com\\\/site\\\/#organization\",\"name\":\"NOTICIASMERCEDINAS.COM\",\"url\":\"https:\\\/\\\/noticiasmercedinas.com\\\/site\\\/\",\"logo\":{\"@type\":\"ImageObject\",\"inLanguage\":\"es\",\"@id\":\"https:\\\/\\\/noticiasmercedinas.com\\\/site\\\/#\\\/schema\\\/logo\\\/image\\\/\",\"url\":\"https:\\\/\\\/noticiasmercedinas.com\\\/site\\\/wp-content\\\/uploads\\\/2020\\\/06\\\/LOGO-512.jpg\",\"contentUrl\":\"https:\\\/\\\/noticiasmercedinas.com\\\/site\\\/wp-content\\\/uploads\\\/2020\\\/06\\\/LOGO-512.jpg\",\"width\":512,\"height\":512,\"caption\":\"NOTICIASMERCEDINAS.COM\"},\"image\":{\"@id\":\"https:\\\/\\\/noticiasmercedinas.com\\\/site\\\/#\\\/schema\\\/logo\\\/image\\\/\"},\"sameAs\":[\"https:\\\/\\\/www.facebook.com\\\/noticiasmercedinas\\\/\",\"https:\\\/\\\/x.com\\\/notmercedinas\",\"https:\\\/\\\/www.instagram.com\\\/noticiasmercedinas\\\/\"]},{\"@type\":\"Person\",\"@id\":\"https:\\\/\\\/noticiasmercedinas.com\\\/site\\\/#\\\/schema\\\/person\\\/d481a9696a5feaec13a60e2bbd991a6a\",\"name\":\"Cristian Falabella NOTICIASMERCEDINAS.COM\",\"image\":{\"@type\":\"ImageObject\",\"inLanguage\":\"es\",\"@id\":\"https:\\\/\\\/secure.gravatar.com\\\/avatar\\\/0dbbfc45970cc46bcd0e57766228574ff3511d6eed045b182f536f0f478c1f06?s=96&d=mm&r=g\",\"url\":\"https:\\\/\\\/secure.gravatar.com\\\/avatar\\\/0dbbfc45970cc46bcd0e57766228574ff3511d6eed045b182f536f0f478c1f06?s=96&d=mm&r=g\",\"contentUrl\":\"https:\\\/\\\/secure.gravatar.com\\\/avatar\\\/0dbbfc45970cc46bcd0e57766228574ff3511d6eed045b182f536f0f478c1f06?s=96&d=mm&r=g\",\"caption\":\"Cristian Falabella NOTICIASMERCEDINAS.COM\"},\"description\":\"Periodista, editor de Noticias Mercedinas. Pas\u00f3 por varias redacciones y emprendimientos de prensa, en distintos formatos y \u00e9pocas. Se especializ\u00f3 --y sigue haci\u00e9ndolo-- en comunicaci\u00f3n en la web y en junio de 2006 fund\u00f3 este diario digital.\",\"sameAs\":[\"https:\\\/\\\/noticiasmercedinas.com\",\"https:\\\/\\\/www.facebook.com\\\/cristian.falabella\",\"https:\\\/\\\/www.instagram.com\\\/noticiasmercedinas\\\/\",\"https:\\\/\\\/x.com\\\/https:\\\/\\\/twitter.com\\\/NOTMERCEDINAS\"],\"url\":\"https:\\\/\\\/noticiasmercedinas.com\\\/site\\\/author\\\/as000384\\\/\"}]}<\/script>\n<!-- \/ Yoast SEO plugin. -->","yoast_head_json":{"title":"Campa\u00f1a: ya son mas de un millar los ni\u00f1os y ni\u00f1as vacunados por la comuna","robots":{"index":"index","follow":"follow","max-snippet":"max-snippet:-1","max-image-preview":"max-image-preview:large","max-video-preview":"max-video-preview:-1"},"canonical":"https:\/\/noticiasmercedinas.com\/site\/2018\/10\/25\/campana-ya-son-mas-de-un-millar-los-ninos-y-ninas-vacunados-por-la-comuna\/","og_locale":"es_ES","og_type":"article","og_title":"Campa\u00f1a: ya son mas de un millar los ni\u00f1os y ni\u00f1as vacunados por la comuna","og_description":"El Municipio de Mercedes, a trav\u00e9s de la Secretar\u00eda de Salud, contin\u00faa con la campa\u00f1a de vacunaci\u00f3n contra el sarampi\u00f3n. Se trata de la aplicaci\u00f3n del refuerzo de la vacuna triple viral (sarampi\u00f3n-rubeola-parotiditis) en los ni\u00f1os y ni\u00f1as de entre 13 meses y 5 a\u00f1os. La misma es gratuita y no requiere orden m\u00e9dica. El [&hellip;]","og_url":"https:\/\/noticiasmercedinas.com\/site\/2018\/10\/25\/campana-ya-son-mas-de-un-millar-los-ninos-y-ninas-vacunados-por-la-comuna\/","og_site_name":"NOTICIASMERCEDINAS.COM","article_publisher":"https:\/\/www.facebook.com\/noticiasmercedinas\/","article_author":"https:\/\/www.facebook.com\/cristian.falabella","article_published_time":"2018-10-25T20:22:41+00:00","article_modified_time":"2018-10-25T20:24:00+00:00","og_image":[{"width":640,"height":346,"url":"https:\/\/noticiasmercedinas.com\/site\/wp-content\/uploads\/2018\/10\/Campa\u00f1a-Vacunaci\u00f3n.jpg","type":"image\/jpeg"}],"author":"Cristian Falabella NOTICIASMERCEDINAS.COM","twitter_card":"summary_large_image","twitter_creator":"@https:\/\/twitter.com\/NOTMERCEDINAS","twitter_site":"@notmercedinas","twitter_misc":{"Escrito por":"Cristian Falabella NOTICIASMERCEDINAS.COM","Tiempo de lectura":"2 minutos"},"schema":{"@context":"https:\/\/schema.org","@graph":[{"@type":"Article","@id":"https:\/\/noticiasmercedinas.com\/site\/2018\/10\/25\/campana-ya-son-mas-de-un-millar-los-ninos-y-ninas-vacunados-por-la-comuna\/#article","isPartOf":{"@id":"https:\/\/noticiasmercedinas.com\/site\/2018\/10\/25\/campana-ya-son-mas-de-un-millar-los-ninos-y-ninas-vacunados-por-la-comuna\/"},"author":{"name":"Cristian Falabella NOTICIASMERCEDINAS.COM","@id":"https:\/\/noticiasmercedinas.com\/site\/#\/schema\/person\/d481a9696a5feaec13a60e2bbd991a6a"},"headline":"Campa\u00f1a: ya son mas de un millar los ni\u00f1os y ni\u00f1as vacunados por la comuna","datePublished":"2018-10-25T20:22:41+00:00","dateModified":"2018-10-25T20:24:00+00:00","mainEntityOfPage":{"@id":"https:\/\/noticiasmercedinas.com\/site\/2018\/10\/25\/campana-ya-son-mas-de-un-millar-los-ninos-y-ninas-vacunados-por-la-comuna\/"},"wordCount":463,"commentCount":0,"publisher":{"@id":"https:\/\/noticiasmercedinas.com\/site\/#organization"},"image":{"@id":"https:\/\/noticiasmercedinas.com\/site\/2018\/10\/25\/campana-ya-son-mas-de-un-millar-los-ninos-y-ninas-vacunados-por-la-comuna\/#primaryimage"},"thumbnailUrl":"https:\/\/noticiasmercedinas.com\/site\/wp-content\/uploads\/2018\/10\/Campa\u00f1a-Vacunaci\u00f3n.jpg","keywords":["caps","pablo cassiani","salud","vacunacion"],"articleSection":["Sociedad"],"inLanguage":"es","potentialAction":[{"@type":"CommentAction","name":"Comment","target":["https:\/\/noticiasmercedinas.com\/site\/2018\/10\/25\/campana-ya-son-mas-de-un-millar-los-ninos-y-ninas-vacunados-por-la-comuna\/#respond"]}]},{"@type":"WebPage","@id":"https:\/\/noticiasmercedinas.com\/site\/2018\/10\/25\/campana-ya-son-mas-de-un-millar-los-ninos-y-ninas-vacunados-por-la-comuna\/","url":"https:\/\/noticiasmercedinas.com\/site\/2018\/10\/25\/campana-ya-son-mas-de-un-millar-los-ninos-y-ninas-vacunados-por-la-comuna\/","name":"Campa\u00f1a: ya son mas de un millar los ni\u00f1os y ni\u00f1as vacunados por la comuna","isPartOf":{"@id":"https:\/\/noticiasmercedinas.com\/site\/#website"},"primaryImageOfPage":{"@id":"https:\/\/noticiasmercedinas.com\/site\/2018\/10\/25\/campana-ya-son-mas-de-un-millar-los-ninos-y-ninas-vacunados-por-la-comuna\/#primaryimage"},"image":{"@id":"https:\/\/noticiasmercedinas.com\/site\/2018\/10\/25\/campana-ya-son-mas-de-un-millar-los-ninos-y-ninas-vacunados-por-la-comuna\/#primaryimage"},"thumbnailUrl":"https:\/\/noticiasmercedinas.com\/site\/wp-content\/uploads\/2018\/10\/Campa\u00f1a-Vacunaci\u00f3n.jpg","datePublished":"2018-10-25T20:22:41+00:00","dateModified":"2018-10-25T20:24:00+00:00","breadcrumb":{"@id":"https:\/\/noticiasmercedinas.com\/site\/2018\/10\/25\/campana-ya-son-mas-de-un-millar-los-ninos-y-ninas-vacunados-por-la-comuna\/#breadcrumb"},"inLanguage":"es","potentialAction":[{"@type":"ReadAction","target":["https:\/\/noticiasmercedinas.com\/site\/2018\/10\/25\/campana-ya-son-mas-de-un-millar-los-ninos-y-ninas-vacunados-por-la-comuna\/"]}]},{"@type":"ImageObject","inLanguage":"es","@id":"https:\/\/noticiasmercedinas.com\/site\/2018\/10\/25\/campana-ya-son-mas-de-un-millar-los-ninos-y-ninas-vacunados-por-la-comuna\/#primaryimage","url":"https:\/\/noticiasmercedinas.com\/site\/wp-content\/uploads\/2018\/10\/Campa\u00f1a-Vacunaci\u00f3n.jpg","contentUrl":"https:\/\/noticiasmercedinas.com\/site\/wp-content\/uploads\/2018\/10\/Campa\u00f1a-Vacunaci\u00f3n.jpg","width":640,"height":346},{"@type":"BreadcrumbList","@id":"https:\/\/noticiasmercedinas.com\/site\/2018\/10\/25\/campana-ya-son-mas-de-un-millar-los-ninos-y-ninas-vacunados-por-la-comuna\/#breadcrumb","itemListElement":[{"@type":"ListItem","position":1,"name":"Portada","item":"https:\/\/noticiasmercedinas.com\/site\/"},{"@type":"ListItem","position":2,"name":"Campa\u00f1a: ya son mas de un millar los ni\u00f1os y ni\u00f1as vacunados por la comuna"}]},{"@type":"WebSite","@id":"https:\/\/noticiasmercedinas.com\/site\/#website","url":"https:\/\/noticiasmercedinas.com\/site\/","name":"NOTICIASMERCEDINAS.COM","description":"Mercedes, Buenos Aires, Argentina","publisher":{"@id":"https:\/\/noticiasmercedinas.com\/site\/#organization"},"potentialAction":[{"@type":"SearchAction","target":{"@type":"EntryPoint","urlTemplate":"https:\/\/noticiasmercedinas.com\/site\/?s={search_term_string}"},"query-input":{"@type":"PropertyValueSpecification","valueRequired":true,"valueName":"search_term_string"}}],"inLanguage":"es"},{"@type":"Organization","@id":"https:\/\/noticiasmercedinas.com\/site\/#organization","name":"NOTICIASMERCEDINAS.COM","url":"https:\/\/noticiasmercedinas.com\/site\/","logo":{"@type":"ImageObject","inLanguage":"es","@id":"https:\/\/noticiasmercedinas.com\/site\/#\/schema\/logo\/image\/","url":"https:\/\/noticiasmercedinas.com\/site\/wp-content\/uploads\/2020\/06\/LOGO-512.jpg","contentUrl":"https:\/\/noticiasmercedinas.com\/site\/wp-content\/uploads\/2020\/06\/LOGO-512.jpg","width":512,"height":512,"caption":"NOTICIASMERCEDINAS.COM"},"image":{"@id":"https:\/\/noticiasmercedinas.com\/site\/#\/schema\/logo\/image\/"},"sameAs":["https:\/\/www.facebook.com\/noticiasmercedinas\/","https:\/\/x.com\/notmercedinas","https:\/\/www.instagram.com\/noticiasmercedinas\/"]},{"@type":"Person","@id":"https:\/\/noticiasmercedinas.com\/site\/#\/schema\/person\/d481a9696a5feaec13a60e2bbd991a6a","name":"Cristian Falabella NOTICIASMERCEDINAS.COM","image":{"@type":"ImageObject","inLanguage":"es","@id":"https:\/\/secure.gravatar.com\/avatar\/0dbbfc45970cc46bcd0e57766228574ff3511d6eed045b182f536f0f478c1f06?s=96&d=mm&r=g","url":"https:\/\/secure.gravatar.com\/avatar\/0dbbfc45970cc46bcd0e57766228574ff3511d6eed045b182f536f0f478c1f06?s=96&d=mm&r=g","contentUrl":"https:\/\/secure.gravatar.com\/avatar\/0dbbfc45970cc46bcd0e57766228574ff3511d6eed045b182f536f0f478c1f06?s=96&d=mm&r=g","caption":"Cristian Falabella NOTICIASMERCEDINAS.COM"},"description":"Periodista, editor de Noticias Mercedinas. Pas\u00f3 por varias redacciones y emprendimientos de prensa, en distintos formatos y \u00e9pocas. Se especializ\u00f3 --y sigue haci\u00e9ndolo-- en comunicaci\u00f3n en la web y en junio de 2006 fund\u00f3 este diario digital.","sameAs":["https:\/\/noticiasmercedinas.com","https:\/\/www.facebook.com\/cristian.falabella","https:\/\/www.instagram.com\/noticiasmercedinas\/","https:\/\/x.com\/https:\/\/twitter.com\/NOTMERCEDINAS"],"url":"https:\/\/noticiasmercedinas.com\/site\/author\/as000384\/"}]}},"amp_enabled":true,"_links":{"self":[{"href":"https:\/\/noticiasmercedinas.com\/site\/wp-json\/wp\/v2\/posts\/5254","targetHints":{"allow":["GET"]}}],"collection":[{"href":"https:\/\/noticiasmercedinas.com\/site\/wp-json\/wp\/v2\/posts"}],"about":[{"href":"https:\/\/noticiasmercedinas.com\/site\/wp-json\/wp\/v2\/types\/post"}],"author":[{"embeddable":true,"href":"https:\/\/noticiasmercedinas.com\/site\/wp-json\/wp\/v2\/users\/2"}],"replies":[{"embeddable":true,"href":"https:\/\/noticiasmercedinas.com\/site\/wp-json\/wp\/v2\/comments?post=5254"}],"version-history":[{"count":2,"href":"https:\/\/noticiasmercedinas.com\/site\/wp-json\/wp\/v2\/posts\/5254\/revisions"}],"predecessor-version":[{"id":5257,"href":"https:\/\/noticiasmercedinas.com\/site\/wp-json\/wp\/v2\/posts\/5254\/revisions\/5257"}],"wp:featuredmedia":[{"embeddable":true,"href":"https:\/\/noticiasmercedinas.com\/site\/wp-json\/wp\/v2\/media\/5255"}],"wp:attachment":[{"href":"https:\/\/noticiasmercedinas.com\/site\/wp-json\/wp\/v2\/media?parent=5254"}],"wp:term":[{"taxonomy":"category","embeddable":true,"href":"https:\/\/noticiasmercedinas.com\/site\/wp-json\/wp\/v2\/categories?post=5254"},{"taxonomy":"post_tag","embeddable":true,"href":"https:\/\/noticiasmercedinas.com\/site\/wp-json\/wp\/v2\/tags?post=5254"}],"curies":[{"name":"wp","href":"https:\/\/api.w.org\/{rel}","templated":true}]}}