{"id":52580,"date":"2020-09-06T09:35:43","date_gmt":"2020-09-06T12:35:43","guid":{"rendered":"https:\/\/noticiasmercedinas.com\/site\/?p=52580"},"modified":"2020-09-06T11:13:20","modified_gmt":"2020-09-06T14:13:20","slug":"radrizzani-el-ultimo-adios-a-un-pastor-sensible","status":"publish","type":"post","link":"https:\/\/noticiasmercedinas.com\/site\/2020\/09\/06\/radrizzani-el-ultimo-adios-a-un-pastor-sensible\/","title":{"rendered":"Radrizzani: el \u00faltimo adi\u00f3s a un pastor sensible"},"content":{"rendered":"<figure style=\"width: 640px\" class=\"wp-caption alignnone\"><img loading=\"lazy\" decoding=\"async\" class=\"wp-image-52579 size-full\" src=\"https:\/\/noticiasmercedinas.com\/site\/wp-content\/uploads\/2020\/09\/wp-1599395428613.jpg\" width=\"640\" height=\"427\" srcset=\"https:\/\/noticiasmercedinas.com\/site\/wp-content\/uploads\/2020\/09\/wp-1599395428613.jpg 640w, https:\/\/noticiasmercedinas.com\/site\/wp-content\/uploads\/2020\/09\/wp-1599395428613-300x200.jpg 300w\" sizes=\"auto, (max-width: 640px) 100vw, 640px\" \/><figcaption class=\"wp-caption-text\">Bandera argentina a media asta en la plaza San Mart\u00edn en se\u00f1al de luto<\/figcaption><\/figure>\n<p>El arzobispo de Mercedes-Luj\u00e1n, monse\u00f1or <strong>Jorge Eduardo Scheinig<\/strong>, presidi\u00f3 en la catedral local la misa por el eterno descanso de su antecesor en esta jurisdicci\u00f3n eclesi\u00e1stica, monse\u00f1or <strong>Agust\u00edn Radrizzani<\/strong>, quien falleci\u00f3 este mi\u00e9rcoles como consecuencia de una neumon\u00eda y luego se supo que era portador de coronavirus.<\/p>\n<p>\u201cHoy celebramos la pascua de un hombre que estuvo en la escuela apost\u00f3lica de Jes\u00fas mucho tiempo\u201d, destac\u00f3.<\/p>\n<p>\u201cAgust\u00edn fue un hombre que de chico entendi\u00f3 que su vida era una vida para Jes\u00fas, en ese Bernal, en su barrio lleno de vida salesiana, su pap\u00e1, su mam\u00e1, su hermana religiosa salesiana. En el 2022, Agust\u00edn hubiera cumplido 50 a\u00f1os de sacerdote, pero estaba teniendo 29 a\u00f1os de obispo\u201d, record\u00f3, y agreg\u00f3: \u201cEs mucho tiempo en la escuela de Jes\u00fas, en la escuela apost\u00f3lica, donde sin dudas fue aprendiendo a entregar la vida, porque en definitiva este es el aprendizaje m\u00e1s importante que el Se\u00f1or nos invita a hacer cuando nos llama\u201d.<\/p>\n<p>El prelado asegur\u00f3 que monse\u00f1or Radrizzani escuch\u00f3 el llamado: \u201cVen\u00ed, seguime\u201d y consider\u00f3 que \u201ctodos sus a\u00f1os de vida fueron para aprender el misterio de la entrega, de la Pascua. Y hay una intimidad de cada uno de nosotros en el Se\u00f1or, que es muy personal y tiene esa riqueza de la amistad con el Se\u00f1or y que est\u00e1 en la conciencia de Agust\u00edn y en esos di\u00e1logos que \u00e9l a lo largo de la vida ha tenido con Jes\u00fas\u201d.<\/p>\n<p>\u201cPero tambi\u00e9n hay algo p\u00fablico porque la vida de cada uno de nosotros tambi\u00e9n se hace a base de testimonio. Eso que los ap\u00f3stoles aprendieron de Jes\u00fas ten\u00edan que comunicarlo. Agust\u00edn, un hombre llamado a dar testimonio. El llamado es una misi\u00f3n y a trav\u00e9s de su testimonio, hay cosas que fuimos descubriendo de su riqueza interior, de su entrega. Por eso muchas personas fueron descubriendo en \u00e9l la riqueza de su entrega. Podr\u00edamos dar muchos testimonios. A lo largo del d\u00eda fui escuchando distintas cosas, distintas miradas\u201d, afirm\u00f3.<\/p>\n<blockquote><p>\u00abNos impactaba una sensibilidad que muchas veces lo llevaba a conmoverse hasta las l\u00e1grimas. Cuando falleci\u00f3 pap\u00e1, me llam\u00f3 por tel\u00e9fono conmovido hasta las l\u00e1grimas y mucho podr\u00edamos decir de esa sensibilidad que lo hac\u00eda muy humano, muy comprensivo de lo humano\u00bb<\/p><\/blockquote>\n<p>Monse\u00f1or Scheinig comparti\u00f3 dos cosas que, dijo, lo han impactado de la vida de su antecesor en la arquidi\u00f3cesis.<\/p>\n<p>\u201cA m\u00ed me ha impresionado su sensibilidad. Nosotros, los que compartimos con \u00e9l y esto nos lo hemos contado algunas veces, nos impactaba una sensibilidad que muchas veces lo llevaba a conmoverse hasta las l\u00e1grimas. Cuando falleci\u00f3 pap\u00e1, me llam\u00f3 por tel\u00e9fono conmovido hasta las l\u00e1grimas y mucho podr\u00edamos decir de esa sensibilidad que lo hac\u00eda muy humano, muy comprensivo de lo humano\u201d, puntualiz\u00f3.<\/p>\n<p>\u201cTal vez una de las caracter\u00edsticas de la sensibilidad es esa capacidad de comprender, de tener empat\u00eda con el otro, y por lo tanto de mucha cercan\u00eda. Agust\u00edn era un hombre cercano. Una sensibilidad exquisita que lo hac\u00eda entender, comprender la vida del otro y acercarse. Y por eso pod\u00eda ser padre y hermano. Esa capacidad de lo humano seguramente aprendida en sus a\u00f1os j\u00f3venes de Don Bosco, Agust\u00edn un salesiano de pura cepa, le hac\u00eda tener esa delicadeza con lo humano\u201d, a\u00f1adi\u00f3.<\/p>\n<p>El prelado dijo adem\u00e1s que tambi\u00e9n lo impact\u00f3 \u201csu pobreza, su austeridad de vida\u201d y prosigui\u00f3: \u201cMuy austero, yo conviv\u00ed con \u00e9l un par de a\u00f1os, un hombre de mucha austeridad, mucha pobreza. En la vida cotidiana, nada opulento, siempre en lo sencillo, oculto. Y esto lo hac\u00eda muy humilde, del \u2018humus\u2019, de la tierra. La pobreza, la austeridad, a uno lo va haciendo muy cercano a la tierra, y por eso al abajamiento, -a poder abajarse- y entonces ser muy oblativo, sacrificar la vida, tener capacidad de no solamente entregar la vida, sino entregarla sacrificadamente\u201d.<\/p>\n<p>\u201cPorque uno puede entregar la vida de manera espectacular, pero hay una entrega que se hace en el silencio, en lo secreto, y eso a veces conlleva mucho sufrimiento y para hacerlo uno tiene que tener una enorme capacidad de dominio de s\u00ed mismo\u201d, sostuvo.<\/p>\n<blockquote><p>\u00abUno puede entregar la vida de manera espectacular, pero hay una entrega que se hace en el silencio, en lo secreto, y eso a veces conlleva mucho sufrimiento y para hacerlo uno tiene que tener una enorme capacidad de dominio de s\u00ed mismo\u00bb<\/p><\/blockquote>\n<p>\u201cA m\u00ed me ha impactado la sensibilidad de Agust\u00edn y su pobreza y son dos rasgos muy lindos de un pastor, de un hombre que fue aprendiendo en la escuela apost\u00f3lica de Jes\u00fas y por eso no dudo de que celebramos su Pascua. Una muerte muy austera, de esas que hoy estamos viviendo y que lo hace muy solidario a este tiempo\u201d, complet\u00f3.<\/p>\n<p>Monse\u00f1or Scheinig invit\u00f3 a rezar por la madre de monse\u00f1or Radrizzani, de 98 a\u00f1os, y expres\u00f3: \u201cLamentablemente no podemos estar con ella en este tiempo en el Hogar de Ancianos, pero s\u00ed podemos acompa\u00f1arla con nuestra oraci\u00f3n, porque va a ser un golpe muy duro para la mam\u00e1, que va a cumplir 98 a\u00f1os en diciembre, si Dios quiere. La muerte de una hija religiosa, la muerte de su hijo obispo, una mujer muy l\u00facida, con muchas dificultades f\u00edsicas pero muy l\u00facida. Sin dudas va a ser un golpe grande, pero acompa\u00f1\u00e9mosla a Marina con nuestra oraci\u00f3n sentida\u201d.<\/p>\n<p>\u201cLos invito, queridas hermanas, queridos hermanos, a rezar por Agust\u00edn, dando gracias por su entrega muy generosa, toda su vida entregada, hombre fiel al Se\u00f1or y a su Iglesia, a Dios y a su pueblo. Demos gracias por \u00c9l, por su testimonio, por todo el bien que nos hizo a cada uno de nosotros. Los invito a hacer memoria de todo lo vivido con este pastor y a darle gracias a Dios\u201d, concluy\u00f3.<\/p>\n<p><strong>Coronavirus<\/strong><br \/>\nMonse\u00f1or Radrizzani es el primer obispo argentino que fallece por las consecuencias del coronavirus y el tercero en contraer la enfermedad. Los otros dos son el obispo em\u00e9rito de Avellaneda Lan\u00fas, monse\u00f1or Rub\u00e9n Oscar Frassia, quien est\u00e1 hospitalizado y se recupera de la afecci\u00f3n; y el obispo de Mar del Plata, monse\u00f1or Gabriel Antonio Mestre, que retom\u00f3 las actividades tras ser dado de alta.<\/p>\n<p>Monse\u00f1or Radrizzani, de 75 a\u00f1os, hab\u00eda sido ingresado el 1\u00b0 de septiembre en el Hospital Interzonal debido a un cuadro febril y, seg\u00fan se notific\u00f3 en un primer momento, la causa de su muerte fue \u201cuna insuficiencia respiratoria debido a una neumon\u00eda bilateral\u00bb.<\/p>\n","protected":false},"excerpt":{"rendered":"<p>\u25a0 \u00abMe ha impactado su sensibilidad y su pobreza. Son dos rasgos muy lindos de un pastor, de un hombre que fue aprendiendo en la escuela apost\u00f3lica de Jes\u00fas\u00bb, expres\u00f3 su sucesor, monse\u00f1or Jorge Scheinig.<\/p>\n","protected":false},"author":2,"featured_media":52579,"comment_status":"open","ping_status":"open","sticky":false,"template":"","format":"standard","meta":{"footnotes":""},"categories":[3],"tags":[883,3305],"class_list":["post-52580","post","type-post","status-publish","format-standard","has-post-thumbnail","hentry","category-sociedad","tag-agustin-radrizzani","tag-jorge-eduardo-scheinig"],"yoast_head":"<!-- This site is optimized with the Yoast SEO plugin v27.5 - https:\/\/yoast.com\/product\/yoast-seo-wordpress\/ -->\n<title>Radrizzani: el \u00faltimo adi\u00f3s a un pastor sensible<\/title>\n<meta name=\"robots\" content=\"index, follow, max-snippet:-1, max-image-preview:large, max-video-preview:-1\" \/>\n<link rel=\"canonical\" href=\"https:\/\/noticiasmercedinas.com\/site\/2020\/09\/06\/radrizzani-el-ultimo-adios-a-un-pastor-sensible\/\" \/>\n<meta property=\"og:locale\" content=\"es_ES\" \/>\n<meta property=\"og:type\" content=\"article\" \/>\n<meta property=\"og:title\" content=\"Radrizzani: el \u00faltimo adi\u00f3s a un pastor sensible\" \/>\n<meta property=\"og:description\" content=\"\u25a0 &quot;Me ha impactado su sensibilidad y su pobreza. Son dos rasgos muy lindos de un pastor, de un hombre que fue aprendiendo en la escuela apost\u00f3lica de Jes\u00fas&quot;, expres\u00f3 su sucesor, monse\u00f1or Jorge Scheinig.\" \/>\n<meta property=\"og:url\" content=\"https:\/\/noticiasmercedinas.com\/site\/2020\/09\/06\/radrizzani-el-ultimo-adios-a-un-pastor-sensible\/\" \/>\n<meta property=\"og:site_name\" content=\"NOTICIASMERCEDINAS.COM\" \/>\n<meta property=\"article:publisher\" content=\"https:\/\/www.facebook.com\/noticiasmercedinas\/\" \/>\n<meta property=\"article:author\" content=\"https:\/\/www.facebook.com\/cristian.falabella\" \/>\n<meta property=\"article:published_time\" content=\"2020-09-06T12:35:43+00:00\" \/>\n<meta property=\"article:modified_time\" content=\"2020-09-06T14:13:20+00:00\" \/>\n<meta property=\"og:image\" content=\"https:\/\/noticiasmercedinas.com\/site\/wp-content\/uploads\/2020\/09\/wp-1599395428613.jpg\" \/>\n\t<meta property=\"og:image:width\" content=\"640\" \/>\n\t<meta property=\"og:image:height\" content=\"427\" \/>\n\t<meta property=\"og:image:type\" content=\"image\/jpeg\" \/>\n<meta name=\"author\" content=\"Cristian Falabella NOTICIASMERCEDINAS.COM\" \/>\n<meta name=\"twitter:card\" content=\"summary_large_image\" \/>\n<meta name=\"twitter:creator\" content=\"@https:\/\/twitter.com\/NOTMERCEDINAS\" \/>\n<meta name=\"twitter:site\" content=\"@notmercedinas\" \/>\n<meta name=\"twitter:label1\" content=\"Escrito por\" \/>\n\t<meta name=\"twitter:data1\" content=\"Cristian Falabella NOTICIASMERCEDINAS.COM\" \/>\n\t<meta name=\"twitter:label2\" content=\"Tiempo de lectura\" \/>\n\t<meta name=\"twitter:data2\" content=\"6 minutos\" \/>\n<script type=\"application\/ld+json\" class=\"yoast-schema-graph\">{\"@context\":\"https:\\\/\\\/schema.org\",\"@graph\":[{\"@type\":\"Article\",\"@id\":\"https:\\\/\\\/noticiasmercedinas.com\\\/site\\\/2020\\\/09\\\/06\\\/radrizzani-el-ultimo-adios-a-un-pastor-sensible\\\/#article\",\"isPartOf\":{\"@id\":\"https:\\\/\\\/noticiasmercedinas.com\\\/site\\\/2020\\\/09\\\/06\\\/radrizzani-el-ultimo-adios-a-un-pastor-sensible\\\/\"},\"author\":{\"name\":\"Cristian Falabella NOTICIASMERCEDINAS.COM\",\"@id\":\"https:\\\/\\\/noticiasmercedinas.com\\\/site\\\/#\\\/schema\\\/person\\\/d481a9696a5feaec13a60e2bbd991a6a\"},\"headline\":\"Radrizzani: el \u00faltimo adi\u00f3s a un pastor sensible\",\"datePublished\":\"2020-09-06T12:35:43+00:00\",\"dateModified\":\"2020-09-06T14:13:20+00:00\",\"mainEntityOfPage\":{\"@id\":\"https:\\\/\\\/noticiasmercedinas.com\\\/site\\\/2020\\\/09\\\/06\\\/radrizzani-el-ultimo-adios-a-un-pastor-sensible\\\/\"},\"wordCount\":1175,\"commentCount\":0,\"publisher\":{\"@id\":\"https:\\\/\\\/noticiasmercedinas.com\\\/site\\\/#organization\"},\"image\":{\"@id\":\"https:\\\/\\\/noticiasmercedinas.com\\\/site\\\/2020\\\/09\\\/06\\\/radrizzani-el-ultimo-adios-a-un-pastor-sensible\\\/#primaryimage\"},\"thumbnailUrl\":\"https:\\\/\\\/noticiasmercedinas.com\\\/site\\\/wp-content\\\/uploads\\\/2020\\\/09\\\/wp-1599395428613.jpg\",\"keywords\":[\"Agust\u00edn Radrizzani\",\"Jorge Eduardo Scheinig\"],\"articleSection\":[\"Sociedad\"],\"inLanguage\":\"es\",\"potentialAction\":[{\"@type\":\"CommentAction\",\"name\":\"Comment\",\"target\":[\"https:\\\/\\\/noticiasmercedinas.com\\\/site\\\/2020\\\/09\\\/06\\\/radrizzani-el-ultimo-adios-a-un-pastor-sensible\\\/#respond\"]}]},{\"@type\":\"WebPage\",\"@id\":\"https:\\\/\\\/noticiasmercedinas.com\\\/site\\\/2020\\\/09\\\/06\\\/radrizzani-el-ultimo-adios-a-un-pastor-sensible\\\/\",\"url\":\"https:\\\/\\\/noticiasmercedinas.com\\\/site\\\/2020\\\/09\\\/06\\\/radrizzani-el-ultimo-adios-a-un-pastor-sensible\\\/\",\"name\":\"Radrizzani: el \u00faltimo adi\u00f3s a un pastor sensible\",\"isPartOf\":{\"@id\":\"https:\\\/\\\/noticiasmercedinas.com\\\/site\\\/#website\"},\"primaryImageOfPage\":{\"@id\":\"https:\\\/\\\/noticiasmercedinas.com\\\/site\\\/2020\\\/09\\\/06\\\/radrizzani-el-ultimo-adios-a-un-pastor-sensible\\\/#primaryimage\"},\"image\":{\"@id\":\"https:\\\/\\\/noticiasmercedinas.com\\\/site\\\/2020\\\/09\\\/06\\\/radrizzani-el-ultimo-adios-a-un-pastor-sensible\\\/#primaryimage\"},\"thumbnailUrl\":\"https:\\\/\\\/noticiasmercedinas.com\\\/site\\\/wp-content\\\/uploads\\\/2020\\\/09\\\/wp-1599395428613.jpg\",\"datePublished\":\"2020-09-06T12:35:43+00:00\",\"dateModified\":\"2020-09-06T14:13:20+00:00\",\"breadcrumb\":{\"@id\":\"https:\\\/\\\/noticiasmercedinas.com\\\/site\\\/2020\\\/09\\\/06\\\/radrizzani-el-ultimo-adios-a-un-pastor-sensible\\\/#breadcrumb\"},\"inLanguage\":\"es\",\"potentialAction\":[{\"@type\":\"ReadAction\",\"target\":[\"https:\\\/\\\/noticiasmercedinas.com\\\/site\\\/2020\\\/09\\\/06\\\/radrizzani-el-ultimo-adios-a-un-pastor-sensible\\\/\"]}]},{\"@type\":\"ImageObject\",\"inLanguage\":\"es\",\"@id\":\"https:\\\/\\\/noticiasmercedinas.com\\\/site\\\/2020\\\/09\\\/06\\\/radrizzani-el-ultimo-adios-a-un-pastor-sensible\\\/#primaryimage\",\"url\":\"https:\\\/\\\/noticiasmercedinas.com\\\/site\\\/wp-content\\\/uploads\\\/2020\\\/09\\\/wp-1599395428613.jpg\",\"contentUrl\":\"https:\\\/\\\/noticiasmercedinas.com\\\/site\\\/wp-content\\\/uploads\\\/2020\\\/09\\\/wp-1599395428613.jpg\",\"width\":640,\"height\":427},{\"@type\":\"BreadcrumbList\",\"@id\":\"https:\\\/\\\/noticiasmercedinas.com\\\/site\\\/2020\\\/09\\\/06\\\/radrizzani-el-ultimo-adios-a-un-pastor-sensible\\\/#breadcrumb\",\"itemListElement\":[{\"@type\":\"ListItem\",\"position\":1,\"name\":\"Portada\",\"item\":\"https:\\\/\\\/noticiasmercedinas.com\\\/site\\\/\"},{\"@type\":\"ListItem\",\"position\":2,\"name\":\"Radrizzani: el \u00faltimo adi\u00f3s a un pastor sensible\"}]},{\"@type\":\"WebSite\",\"@id\":\"https:\\\/\\\/noticiasmercedinas.com\\\/site\\\/#website\",\"url\":\"https:\\\/\\\/noticiasmercedinas.com\\\/site\\\/\",\"name\":\"NOTICIASMERCEDINAS.COM\",\"description\":\"Mercedes, Buenos Aires, Argentina\",\"publisher\":{\"@id\":\"https:\\\/\\\/noticiasmercedinas.com\\\/site\\\/#organization\"},\"potentialAction\":[{\"@type\":\"SearchAction\",\"target\":{\"@type\":\"EntryPoint\",\"urlTemplate\":\"https:\\\/\\\/noticiasmercedinas.com\\\/site\\\/?s={search_term_string}\"},\"query-input\":{\"@type\":\"PropertyValueSpecification\",\"valueRequired\":true,\"valueName\":\"search_term_string\"}}],\"inLanguage\":\"es\"},{\"@type\":\"Organization\",\"@id\":\"https:\\\/\\\/noticiasmercedinas.com\\\/site\\\/#organization\",\"name\":\"NOTICIASMERCEDINAS.COM\",\"url\":\"https:\\\/\\\/noticiasmercedinas.com\\\/site\\\/\",\"logo\":{\"@type\":\"ImageObject\",\"inLanguage\":\"es\",\"@id\":\"https:\\\/\\\/noticiasmercedinas.com\\\/site\\\/#\\\/schema\\\/logo\\\/image\\\/\",\"url\":\"https:\\\/\\\/noticiasmercedinas.com\\\/site\\\/wp-content\\\/uploads\\\/2020\\\/06\\\/LOGO-512.jpg\",\"contentUrl\":\"https:\\\/\\\/noticiasmercedinas.com\\\/site\\\/wp-content\\\/uploads\\\/2020\\\/06\\\/LOGO-512.jpg\",\"width\":512,\"height\":512,\"caption\":\"NOTICIASMERCEDINAS.COM\"},\"image\":{\"@id\":\"https:\\\/\\\/noticiasmercedinas.com\\\/site\\\/#\\\/schema\\\/logo\\\/image\\\/\"},\"sameAs\":[\"https:\\\/\\\/www.facebook.com\\\/noticiasmercedinas\\\/\",\"https:\\\/\\\/x.com\\\/notmercedinas\",\"https:\\\/\\\/www.instagram.com\\\/noticiasmercedinas\\\/\"]},{\"@type\":\"Person\",\"@id\":\"https:\\\/\\\/noticiasmercedinas.com\\\/site\\\/#\\\/schema\\\/person\\\/d481a9696a5feaec13a60e2bbd991a6a\",\"name\":\"Cristian Falabella NOTICIASMERCEDINAS.COM\",\"image\":{\"@type\":\"ImageObject\",\"inLanguage\":\"es\",\"@id\":\"https:\\\/\\\/secure.gravatar.com\\\/avatar\\\/0dbbfc45970cc46bcd0e57766228574ff3511d6eed045b182f536f0f478c1f06?s=96&d=mm&r=g\",\"url\":\"https:\\\/\\\/secure.gravatar.com\\\/avatar\\\/0dbbfc45970cc46bcd0e57766228574ff3511d6eed045b182f536f0f478c1f06?s=96&d=mm&r=g\",\"contentUrl\":\"https:\\\/\\\/secure.gravatar.com\\\/avatar\\\/0dbbfc45970cc46bcd0e57766228574ff3511d6eed045b182f536f0f478c1f06?s=96&d=mm&r=g\",\"caption\":\"Cristian Falabella NOTICIASMERCEDINAS.COM\"},\"description\":\"Periodista, editor de Noticias Mercedinas. Pas\u00f3 por varias redacciones y emprendimientos de prensa, en distintos formatos y \u00e9pocas. Se especializ\u00f3 --y sigue haci\u00e9ndolo-- en comunicaci\u00f3n en la web y en junio de 2006 fund\u00f3 este diario digital.\",\"sameAs\":[\"https:\\\/\\\/noticiasmercedinas.com\",\"https:\\\/\\\/www.facebook.com\\\/cristian.falabella\",\"https:\\\/\\\/www.instagram.com\\\/noticiasmercedinas\\\/\",\"https:\\\/\\\/x.com\\\/https:\\\/\\\/twitter.com\\\/NOTMERCEDINAS\"],\"url\":\"https:\\\/\\\/noticiasmercedinas.com\\\/site\\\/author\\\/as000384\\\/\"}]}<\/script>\n<!-- \/ Yoast SEO plugin. -->","yoast_head_json":{"title":"Radrizzani: el \u00faltimo adi\u00f3s a un pastor sensible","robots":{"index":"index","follow":"follow","max-snippet":"max-snippet:-1","max-image-preview":"max-image-preview:large","max-video-preview":"max-video-preview:-1"},"canonical":"https:\/\/noticiasmercedinas.com\/site\/2020\/09\/06\/radrizzani-el-ultimo-adios-a-un-pastor-sensible\/","og_locale":"es_ES","og_type":"article","og_title":"Radrizzani: el \u00faltimo adi\u00f3s a un pastor sensible","og_description":"\u25a0 \"Me ha impactado su sensibilidad y su pobreza. Son dos rasgos muy lindos de un pastor, de un hombre que fue aprendiendo en la escuela apost\u00f3lica de Jes\u00fas\", expres\u00f3 su sucesor, monse\u00f1or Jorge Scheinig.","og_url":"https:\/\/noticiasmercedinas.com\/site\/2020\/09\/06\/radrizzani-el-ultimo-adios-a-un-pastor-sensible\/","og_site_name":"NOTICIASMERCEDINAS.COM","article_publisher":"https:\/\/www.facebook.com\/noticiasmercedinas\/","article_author":"https:\/\/www.facebook.com\/cristian.falabella","article_published_time":"2020-09-06T12:35:43+00:00","article_modified_time":"2020-09-06T14:13:20+00:00","og_image":[{"width":640,"height":427,"url":"https:\/\/noticiasmercedinas.com\/site\/wp-content\/uploads\/2020\/09\/wp-1599395428613.jpg","type":"image\/jpeg"}],"author":"Cristian Falabella NOTICIASMERCEDINAS.COM","twitter_card":"summary_large_image","twitter_creator":"@https:\/\/twitter.com\/NOTMERCEDINAS","twitter_site":"@notmercedinas","twitter_misc":{"Escrito por":"Cristian Falabella NOTICIASMERCEDINAS.COM","Tiempo de lectura":"6 minutos"},"schema":{"@context":"https:\/\/schema.org","@graph":[{"@type":"Article","@id":"https:\/\/noticiasmercedinas.com\/site\/2020\/09\/06\/radrizzani-el-ultimo-adios-a-un-pastor-sensible\/#article","isPartOf":{"@id":"https:\/\/noticiasmercedinas.com\/site\/2020\/09\/06\/radrizzani-el-ultimo-adios-a-un-pastor-sensible\/"},"author":{"name":"Cristian Falabella NOTICIASMERCEDINAS.COM","@id":"https:\/\/noticiasmercedinas.com\/site\/#\/schema\/person\/d481a9696a5feaec13a60e2bbd991a6a"},"headline":"Radrizzani: el \u00faltimo adi\u00f3s a un pastor sensible","datePublished":"2020-09-06T12:35:43+00:00","dateModified":"2020-09-06T14:13:20+00:00","mainEntityOfPage":{"@id":"https:\/\/noticiasmercedinas.com\/site\/2020\/09\/06\/radrizzani-el-ultimo-adios-a-un-pastor-sensible\/"},"wordCount":1175,"commentCount":0,"publisher":{"@id":"https:\/\/noticiasmercedinas.com\/site\/#organization"},"image":{"@id":"https:\/\/noticiasmercedinas.com\/site\/2020\/09\/06\/radrizzani-el-ultimo-adios-a-un-pastor-sensible\/#primaryimage"},"thumbnailUrl":"https:\/\/noticiasmercedinas.com\/site\/wp-content\/uploads\/2020\/09\/wp-1599395428613.jpg","keywords":["Agust\u00edn Radrizzani","Jorge Eduardo Scheinig"],"articleSection":["Sociedad"],"inLanguage":"es","potentialAction":[{"@type":"CommentAction","name":"Comment","target":["https:\/\/noticiasmercedinas.com\/site\/2020\/09\/06\/radrizzani-el-ultimo-adios-a-un-pastor-sensible\/#respond"]}]},{"@type":"WebPage","@id":"https:\/\/noticiasmercedinas.com\/site\/2020\/09\/06\/radrizzani-el-ultimo-adios-a-un-pastor-sensible\/","url":"https:\/\/noticiasmercedinas.com\/site\/2020\/09\/06\/radrizzani-el-ultimo-adios-a-un-pastor-sensible\/","name":"Radrizzani: el \u00faltimo adi\u00f3s a un pastor sensible","isPartOf":{"@id":"https:\/\/noticiasmercedinas.com\/site\/#website"},"primaryImageOfPage":{"@id":"https:\/\/noticiasmercedinas.com\/site\/2020\/09\/06\/radrizzani-el-ultimo-adios-a-un-pastor-sensible\/#primaryimage"},"image":{"@id":"https:\/\/noticiasmercedinas.com\/site\/2020\/09\/06\/radrizzani-el-ultimo-adios-a-un-pastor-sensible\/#primaryimage"},"thumbnailUrl":"https:\/\/noticiasmercedinas.com\/site\/wp-content\/uploads\/2020\/09\/wp-1599395428613.jpg","datePublished":"2020-09-06T12:35:43+00:00","dateModified":"2020-09-06T14:13:20+00:00","breadcrumb":{"@id":"https:\/\/noticiasmercedinas.com\/site\/2020\/09\/06\/radrizzani-el-ultimo-adios-a-un-pastor-sensible\/#breadcrumb"},"inLanguage":"es","potentialAction":[{"@type":"ReadAction","target":["https:\/\/noticiasmercedinas.com\/site\/2020\/09\/06\/radrizzani-el-ultimo-adios-a-un-pastor-sensible\/"]}]},{"@type":"ImageObject","inLanguage":"es","@id":"https:\/\/noticiasmercedinas.com\/site\/2020\/09\/06\/radrizzani-el-ultimo-adios-a-un-pastor-sensible\/#primaryimage","url":"https:\/\/noticiasmercedinas.com\/site\/wp-content\/uploads\/2020\/09\/wp-1599395428613.jpg","contentUrl":"https:\/\/noticiasmercedinas.com\/site\/wp-content\/uploads\/2020\/09\/wp-1599395428613.jpg","width":640,"height":427},{"@type":"BreadcrumbList","@id":"https:\/\/noticiasmercedinas.com\/site\/2020\/09\/06\/radrizzani-el-ultimo-adios-a-un-pastor-sensible\/#breadcrumb","itemListElement":[{"@type":"ListItem","position":1,"name":"Portada","item":"https:\/\/noticiasmercedinas.com\/site\/"},{"@type":"ListItem","position":2,"name":"Radrizzani: el \u00faltimo adi\u00f3s a un pastor sensible"}]},{"@type":"WebSite","@id":"https:\/\/noticiasmercedinas.com\/site\/#website","url":"https:\/\/noticiasmercedinas.com\/site\/","name":"NOTICIASMERCEDINAS.COM","description":"Mercedes, Buenos Aires, Argentina","publisher":{"@id":"https:\/\/noticiasmercedinas.com\/site\/#organization"},"potentialAction":[{"@type":"SearchAction","target":{"@type":"EntryPoint","urlTemplate":"https:\/\/noticiasmercedinas.com\/site\/?s={search_term_string}"},"query-input":{"@type":"PropertyValueSpecification","valueRequired":true,"valueName":"search_term_string"}}],"inLanguage":"es"},{"@type":"Organization","@id":"https:\/\/noticiasmercedinas.com\/site\/#organization","name":"NOTICIASMERCEDINAS.COM","url":"https:\/\/noticiasmercedinas.com\/site\/","logo":{"@type":"ImageObject","inLanguage":"es","@id":"https:\/\/noticiasmercedinas.com\/site\/#\/schema\/logo\/image\/","url":"https:\/\/noticiasmercedinas.com\/site\/wp-content\/uploads\/2020\/06\/LOGO-512.jpg","contentUrl":"https:\/\/noticiasmercedinas.com\/site\/wp-content\/uploads\/2020\/06\/LOGO-512.jpg","width":512,"height":512,"caption":"NOTICIASMERCEDINAS.COM"},"image":{"@id":"https:\/\/noticiasmercedinas.com\/site\/#\/schema\/logo\/image\/"},"sameAs":["https:\/\/www.facebook.com\/noticiasmercedinas\/","https:\/\/x.com\/notmercedinas","https:\/\/www.instagram.com\/noticiasmercedinas\/"]},{"@type":"Person","@id":"https:\/\/noticiasmercedinas.com\/site\/#\/schema\/person\/d481a9696a5feaec13a60e2bbd991a6a","name":"Cristian Falabella NOTICIASMERCEDINAS.COM","image":{"@type":"ImageObject","inLanguage":"es","@id":"https:\/\/secure.gravatar.com\/avatar\/0dbbfc45970cc46bcd0e57766228574ff3511d6eed045b182f536f0f478c1f06?s=96&d=mm&r=g","url":"https:\/\/secure.gravatar.com\/avatar\/0dbbfc45970cc46bcd0e57766228574ff3511d6eed045b182f536f0f478c1f06?s=96&d=mm&r=g","contentUrl":"https:\/\/secure.gravatar.com\/avatar\/0dbbfc45970cc46bcd0e57766228574ff3511d6eed045b182f536f0f478c1f06?s=96&d=mm&r=g","caption":"Cristian Falabella NOTICIASMERCEDINAS.COM"},"description":"Periodista, editor de Noticias Mercedinas. Pas\u00f3 por varias redacciones y emprendimientos de prensa, en distintos formatos y \u00e9pocas. Se especializ\u00f3 --y sigue haci\u00e9ndolo-- en comunicaci\u00f3n en la web y en junio de 2006 fund\u00f3 este diario digital.","sameAs":["https:\/\/noticiasmercedinas.com","https:\/\/www.facebook.com\/cristian.falabella","https:\/\/www.instagram.com\/noticiasmercedinas\/","https:\/\/x.com\/https:\/\/twitter.com\/NOTMERCEDINAS"],"url":"https:\/\/noticiasmercedinas.com\/site\/author\/as000384\/"}]}},"amp_enabled":true,"_links":{"self":[{"href":"https:\/\/noticiasmercedinas.com\/site\/wp-json\/wp\/v2\/posts\/52580","targetHints":{"allow":["GET"]}}],"collection":[{"href":"https:\/\/noticiasmercedinas.com\/site\/wp-json\/wp\/v2\/posts"}],"about":[{"href":"https:\/\/noticiasmercedinas.com\/site\/wp-json\/wp\/v2\/types\/post"}],"author":[{"embeddable":true,"href":"https:\/\/noticiasmercedinas.com\/site\/wp-json\/wp\/v2\/users\/2"}],"replies":[{"embeddable":true,"href":"https:\/\/noticiasmercedinas.com\/site\/wp-json\/wp\/v2\/comments?post=52580"}],"version-history":[{"count":4,"href":"https:\/\/noticiasmercedinas.com\/site\/wp-json\/wp\/v2\/posts\/52580\/revisions"}],"predecessor-version":[{"id":52587,"href":"https:\/\/noticiasmercedinas.com\/site\/wp-json\/wp\/v2\/posts\/52580\/revisions\/52587"}],"wp:featuredmedia":[{"embeddable":true,"href":"https:\/\/noticiasmercedinas.com\/site\/wp-json\/wp\/v2\/media\/52579"}],"wp:attachment":[{"href":"https:\/\/noticiasmercedinas.com\/site\/wp-json\/wp\/v2\/media?parent=52580"}],"wp:term":[{"taxonomy":"category","embeddable":true,"href":"https:\/\/noticiasmercedinas.com\/site\/wp-json\/wp\/v2\/categories?post=52580"},{"taxonomy":"post_tag","embeddable":true,"href":"https:\/\/noticiasmercedinas.com\/site\/wp-json\/wp\/v2\/tags?post=52580"}],"curies":[{"name":"wp","href":"https:\/\/api.w.org\/{rel}","templated":true}]}}