{"id":527,"date":"2018-08-27T20:06:38","date_gmt":"2018-08-27T23:06:38","guid":{"rendered":"http:\/\/noticiasmercedinas.com\/site\/?p=527"},"modified":"2018-08-27T20:06:38","modified_gmt":"2018-08-27T23:06:38","slug":"apoyan-a-la-seccional-posadas-de-cicop-desde-donde-denuncian-nuevos-despidos","status":"publish","type":"post","link":"https:\/\/noticiasmercedinas.com\/site\/2018\/08\/27\/apoyan-a-la-seccional-posadas-de-cicop-desde-donde-denuncian-nuevos-despidos\/","title":{"rendered":"Apoyan a la seccional Posadas de CICOP, desde donde denuncian nuevos despidos"},"content":{"rendered":"<p><strong>Integrantes de la Asociaci\u00f3n de Profesionales del Hospital Blas Dubarry de Mercedes dieron a conocer el reclamo. Organizaciones desarrollar\u00e1n en los pr\u00f3ximos d\u00edas nuevas acciones por la reincorporaci\u00f3n de los cesantes.<\/strong><\/p>\n<p><img loading=\"lazy\" decoding=\"async\" class=\"aligncenter size-full wp-image-528\" src=\"http:\/\/noticiasmercedinas.com\/site\/wp-content\/uploads\/2018\/08\/notaposadas.jpg\" alt=\"\" width=\"512\" height=\"288\" srcset=\"https:\/\/noticiasmercedinas.com\/site\/wp-content\/uploads\/2018\/08\/notaposadas.jpg 512w, https:\/\/noticiasmercedinas.com\/site\/wp-content\/uploads\/2018\/08\/notaposadas-300x169.jpg 300w, https:\/\/noticiasmercedinas.com\/site\/wp-content\/uploads\/2018\/08\/notaposadas-511x288.jpg 511w\" sizes=\"auto, (max-width: 512px) 100vw, 512px\" \/><\/p>\n<p>Desde la Asociaci\u00f3n de Profesionales del Hospital Blas Dubarry de Mercedes dieron a conocer el reclamo de la Seccional Posadas de CICOP, que denuncia una nueva ola de despidos y se solidarizaron con ellos.<\/p>\n<p>Las autoridades del Hospital Posadas, que depende directamente del Ministro de Salud de la Naci\u00f3n Adolfo Rubinstein, despidieron esta semana a M\u00f3nica Dicon, secretaria de Finanzas de la gremial local y ex integrante del Consejo Directivo Provincial de\u00a0 CICOP, y a Antonio Barrera, secretario Gremial de la Seccional CICOP. Ambos profesionales integraron las listas que participaron en las recientes elecciones de la CTA Aut\u00f3noma. \u201cEl gobierno del presidente Macri desconoce una vez m\u00e1s los fueros gremiales que detentan los trabajadores\u201d, sostienen.<\/p>\n<p>\u201cConjuntamente\u201d, informaron, \u201chan despedido a dos nuevos enfermeros del turno noche que tienen amparo de la justicia, a delegados del gremio STS que tambi\u00e9n se opone a las pol\u00edticas de las autoridades y a otros profesionales, varios de ellos con tr\u00e1mite jubilatorio en marcha, dej\u00e1ndolos sin sueldo mientras se resuelve su beneficio previsional. Profesionales con m\u00e1s de veinte a\u00f1os de servicio y con liderazgo en sus especialidades fueron echados del hospital provocando ya una crisis en la atenci\u00f3n de los pacientes que estaban a su cargo\u201d.<\/p>\n<p>En este contexto, denunciaron que se pretende \u201carrasar con las\u00a0 organizaciones criticas para imponer las privatizaciones y la transferencia de recursos p\u00fablicos a la actividad privada mediante la cobertura universal de salud\u201d (CUS).<\/p>\n<p>CICOP, FESPROSA, la CTA-A junto a cientos de pacientes del Posadas desarrollar\u00e1n en los pr\u00f3ximos d\u00edas nuevas acciones por la reincorporaci\u00f3n de los cesantes.<\/p>\n","protected":false},"excerpt":{"rendered":"<p>Integrantes de la Asociaci\u00f3n de Profesionales del Hospital Blas Dubarry de Mercedes dieron a conocer el reclamo. Organizaciones desarrollar\u00e1n en los pr\u00f3ximos d\u00edas nuevas acciones por la reincorporaci\u00f3n de los cesantes. Desde la Asociaci\u00f3n de Profesionales del Hospital Blas Dubarry de Mercedes dieron a conocer el reclamo de la Seccional Posadas de CICOP, que denuncia [&hellip;]<\/p>\n","protected":false},"author":2,"featured_media":528,"comment_status":"open","ping_status":"open","sticky":false,"template":"","format":"standard","meta":{"footnotes":""},"categories":[3],"tags":[56,224,223],"class_list":["post-527","post","type-post","status-publish","format-standard","has-post-thumbnail","hentry","category-sociedad","tag-cicop","tag-hospital","tag-posadas"],"yoast_head":"<!-- This site is optimized with the Yoast SEO plugin v27.5 - https:\/\/yoast.com\/product\/yoast-seo-wordpress\/ -->\n<title>Apoyan a la seccional Posadas de CICOP, desde donde denuncian nuevos despidos<\/title>\n<meta name=\"robots\" content=\"index, follow, max-snippet:-1, max-image-preview:large, max-video-preview:-1\" \/>\n<link rel=\"canonical\" href=\"https:\/\/noticiasmercedinas.com\/site\/2018\/08\/27\/apoyan-a-la-seccional-posadas-de-cicop-desde-donde-denuncian-nuevos-despidos\/\" \/>\n<meta property=\"og:locale\" content=\"es_ES\" \/>\n<meta property=\"og:type\" content=\"article\" \/>\n<meta property=\"og:title\" content=\"Apoyan a la seccional Posadas de CICOP, desde donde denuncian nuevos despidos\" \/>\n<meta property=\"og:description\" content=\"Integrantes de la Asociaci\u00f3n de Profesionales del Hospital Blas Dubarry de Mercedes dieron a conocer el reclamo. Organizaciones desarrollar\u00e1n en los pr\u00f3ximos d\u00edas nuevas acciones por la reincorporaci\u00f3n de los cesantes. Desde la Asociaci\u00f3n de Profesionales del Hospital Blas Dubarry de Mercedes dieron a conocer el reclamo de la Seccional Posadas de CICOP, que denuncia [&hellip;]\" \/>\n<meta property=\"og:url\" content=\"https:\/\/noticiasmercedinas.com\/site\/2018\/08\/27\/apoyan-a-la-seccional-posadas-de-cicop-desde-donde-denuncian-nuevos-despidos\/\" \/>\n<meta property=\"og:site_name\" content=\"NOTICIASMERCEDINAS.COM\" \/>\n<meta property=\"article:publisher\" content=\"https:\/\/www.facebook.com\/noticiasmercedinas\/\" \/>\n<meta property=\"article:author\" content=\"https:\/\/www.facebook.com\/cristian.falabella\" \/>\n<meta property=\"article:published_time\" content=\"2018-08-27T23:06:38+00:00\" \/>\n<meta property=\"og:image\" content=\"https:\/\/noticiasmercedinas.com\/site\/wp-content\/uploads\/2018\/08\/notaposadas.jpg\" \/>\n\t<meta property=\"og:image:width\" content=\"512\" \/>\n\t<meta property=\"og:image:height\" content=\"288\" \/>\n\t<meta property=\"og:image:type\" content=\"image\/jpeg\" \/>\n<meta name=\"author\" content=\"Cristian Falabella NOTICIASMERCEDINAS.COM\" \/>\n<meta name=\"twitter:card\" content=\"summary_large_image\" \/>\n<meta name=\"twitter:creator\" content=\"@https:\/\/twitter.com\/NOTMERCEDINAS\" \/>\n<meta name=\"twitter:site\" content=\"@notmercedinas\" \/>\n<meta name=\"twitter:label1\" content=\"Escrito por\" \/>\n\t<meta name=\"twitter:data1\" content=\"Cristian Falabella NOTICIASMERCEDINAS.COM\" \/>\n\t<meta name=\"twitter:label2\" content=\"Tiempo de lectura\" \/>\n\t<meta name=\"twitter:data2\" content=\"2 minutos\" \/>\n<script type=\"application\/ld+json\" class=\"yoast-schema-graph\">{\"@context\":\"https:\\\/\\\/schema.org\",\"@graph\":[{\"@type\":\"Article\",\"@id\":\"https:\\\/\\\/noticiasmercedinas.com\\\/site\\\/2018\\\/08\\\/27\\\/apoyan-a-la-seccional-posadas-de-cicop-desde-donde-denuncian-nuevos-despidos\\\/#article\",\"isPartOf\":{\"@id\":\"https:\\\/\\\/noticiasmercedinas.com\\\/site\\\/2018\\\/08\\\/27\\\/apoyan-a-la-seccional-posadas-de-cicop-desde-donde-denuncian-nuevos-despidos\\\/\"},\"author\":{\"name\":\"Cristian Falabella NOTICIASMERCEDINAS.COM\",\"@id\":\"https:\\\/\\\/noticiasmercedinas.com\\\/site\\\/#\\\/schema\\\/person\\\/d481a9696a5feaec13a60e2bbd991a6a\"},\"headline\":\"Apoyan a la seccional Posadas de CICOP, desde donde denuncian nuevos despidos\",\"datePublished\":\"2018-08-27T23:06:38+00:00\",\"mainEntityOfPage\":{\"@id\":\"https:\\\/\\\/noticiasmercedinas.com\\\/site\\\/2018\\\/08\\\/27\\\/apoyan-a-la-seccional-posadas-de-cicop-desde-donde-denuncian-nuevos-despidos\\\/\"},\"wordCount\":323,\"commentCount\":0,\"publisher\":{\"@id\":\"https:\\\/\\\/noticiasmercedinas.com\\\/site\\\/#organization\"},\"image\":{\"@id\":\"https:\\\/\\\/noticiasmercedinas.com\\\/site\\\/2018\\\/08\\\/27\\\/apoyan-a-la-seccional-posadas-de-cicop-desde-donde-denuncian-nuevos-despidos\\\/#primaryimage\"},\"thumbnailUrl\":\"https:\\\/\\\/noticiasmercedinas.com\\\/site\\\/wp-content\\\/uploads\\\/2018\\\/08\\\/notaposadas.jpg\",\"keywords\":[\"Cicop\",\"hospital\",\"posadas\"],\"articleSection\":[\"Sociedad\"],\"inLanguage\":\"es\",\"potentialAction\":[{\"@type\":\"CommentAction\",\"name\":\"Comment\",\"target\":[\"https:\\\/\\\/noticiasmercedinas.com\\\/site\\\/2018\\\/08\\\/27\\\/apoyan-a-la-seccional-posadas-de-cicop-desde-donde-denuncian-nuevos-despidos\\\/#respond\"]}]},{\"@type\":\"WebPage\",\"@id\":\"https:\\\/\\\/noticiasmercedinas.com\\\/site\\\/2018\\\/08\\\/27\\\/apoyan-a-la-seccional-posadas-de-cicop-desde-donde-denuncian-nuevos-despidos\\\/\",\"url\":\"https:\\\/\\\/noticiasmercedinas.com\\\/site\\\/2018\\\/08\\\/27\\\/apoyan-a-la-seccional-posadas-de-cicop-desde-donde-denuncian-nuevos-despidos\\\/\",\"name\":\"Apoyan a la seccional Posadas de CICOP, desde donde denuncian nuevos despidos\",\"isPartOf\":{\"@id\":\"https:\\\/\\\/noticiasmercedinas.com\\\/site\\\/#website\"},\"primaryImageOfPage\":{\"@id\":\"https:\\\/\\\/noticiasmercedinas.com\\\/site\\\/2018\\\/08\\\/27\\\/apoyan-a-la-seccional-posadas-de-cicop-desde-donde-denuncian-nuevos-despidos\\\/#primaryimage\"},\"image\":{\"@id\":\"https:\\\/\\\/noticiasmercedinas.com\\\/site\\\/2018\\\/08\\\/27\\\/apoyan-a-la-seccional-posadas-de-cicop-desde-donde-denuncian-nuevos-despidos\\\/#primaryimage\"},\"thumbnailUrl\":\"https:\\\/\\\/noticiasmercedinas.com\\\/site\\\/wp-content\\\/uploads\\\/2018\\\/08\\\/notaposadas.jpg\",\"datePublished\":\"2018-08-27T23:06:38+00:00\",\"breadcrumb\":{\"@id\":\"https:\\\/\\\/noticiasmercedinas.com\\\/site\\\/2018\\\/08\\\/27\\\/apoyan-a-la-seccional-posadas-de-cicop-desde-donde-denuncian-nuevos-despidos\\\/#breadcrumb\"},\"inLanguage\":\"es\",\"potentialAction\":[{\"@type\":\"ReadAction\",\"target\":[\"https:\\\/\\\/noticiasmercedinas.com\\\/site\\\/2018\\\/08\\\/27\\\/apoyan-a-la-seccional-posadas-de-cicop-desde-donde-denuncian-nuevos-despidos\\\/\"]}]},{\"@type\":\"ImageObject\",\"inLanguage\":\"es\",\"@id\":\"https:\\\/\\\/noticiasmercedinas.com\\\/site\\\/2018\\\/08\\\/27\\\/apoyan-a-la-seccional-posadas-de-cicop-desde-donde-denuncian-nuevos-despidos\\\/#primaryimage\",\"url\":\"https:\\\/\\\/noticiasmercedinas.com\\\/site\\\/wp-content\\\/uploads\\\/2018\\\/08\\\/notaposadas.jpg\",\"contentUrl\":\"https:\\\/\\\/noticiasmercedinas.com\\\/site\\\/wp-content\\\/uploads\\\/2018\\\/08\\\/notaposadas.jpg\",\"width\":512,\"height\":288},{\"@type\":\"BreadcrumbList\",\"@id\":\"https:\\\/\\\/noticiasmercedinas.com\\\/site\\\/2018\\\/08\\\/27\\\/apoyan-a-la-seccional-posadas-de-cicop-desde-donde-denuncian-nuevos-despidos\\\/#breadcrumb\",\"itemListElement\":[{\"@type\":\"ListItem\",\"position\":1,\"name\":\"Portada\",\"item\":\"https:\\\/\\\/noticiasmercedinas.com\\\/site\\\/\"},{\"@type\":\"ListItem\",\"position\":2,\"name\":\"Apoyan a la seccional Posadas de CICOP, desde donde denuncian nuevos despidos\"}]},{\"@type\":\"WebSite\",\"@id\":\"https:\\\/\\\/noticiasmercedinas.com\\\/site\\\/#website\",\"url\":\"https:\\\/\\\/noticiasmercedinas.com\\\/site\\\/\",\"name\":\"NOTICIASMERCEDINAS.COM\",\"description\":\"Mercedes, Buenos Aires, Argentina\",\"publisher\":{\"@id\":\"https:\\\/\\\/noticiasmercedinas.com\\\/site\\\/#organization\"},\"potentialAction\":[{\"@type\":\"SearchAction\",\"target\":{\"@type\":\"EntryPoint\",\"urlTemplate\":\"https:\\\/\\\/noticiasmercedinas.com\\\/site\\\/?s={search_term_string}\"},\"query-input\":{\"@type\":\"PropertyValueSpecification\",\"valueRequired\":true,\"valueName\":\"search_term_string\"}}],\"inLanguage\":\"es\"},{\"@type\":\"Organization\",\"@id\":\"https:\\\/\\\/noticiasmercedinas.com\\\/site\\\/#organization\",\"name\":\"NOTICIASMERCEDINAS.COM\",\"url\":\"https:\\\/\\\/noticiasmercedinas.com\\\/site\\\/\",\"logo\":{\"@type\":\"ImageObject\",\"inLanguage\":\"es\",\"@id\":\"https:\\\/\\\/noticiasmercedinas.com\\\/site\\\/#\\\/schema\\\/logo\\\/image\\\/\",\"url\":\"https:\\\/\\\/noticiasmercedinas.com\\\/site\\\/wp-content\\\/uploads\\\/2020\\\/06\\\/LOGO-512.jpg\",\"contentUrl\":\"https:\\\/\\\/noticiasmercedinas.com\\\/site\\\/wp-content\\\/uploads\\\/2020\\\/06\\\/LOGO-512.jpg\",\"width\":512,\"height\":512,\"caption\":\"NOTICIASMERCEDINAS.COM\"},\"image\":{\"@id\":\"https:\\\/\\\/noticiasmercedinas.com\\\/site\\\/#\\\/schema\\\/logo\\\/image\\\/\"},\"sameAs\":[\"https:\\\/\\\/www.facebook.com\\\/noticiasmercedinas\\\/\",\"https:\\\/\\\/x.com\\\/notmercedinas\",\"https:\\\/\\\/www.instagram.com\\\/noticiasmercedinas\\\/\"]},{\"@type\":\"Person\",\"@id\":\"https:\\\/\\\/noticiasmercedinas.com\\\/site\\\/#\\\/schema\\\/person\\\/d481a9696a5feaec13a60e2bbd991a6a\",\"name\":\"Cristian Falabella NOTICIASMERCEDINAS.COM\",\"image\":{\"@type\":\"ImageObject\",\"inLanguage\":\"es\",\"@id\":\"https:\\\/\\\/secure.gravatar.com\\\/avatar\\\/0dbbfc45970cc46bcd0e57766228574ff3511d6eed045b182f536f0f478c1f06?s=96&d=mm&r=g\",\"url\":\"https:\\\/\\\/secure.gravatar.com\\\/avatar\\\/0dbbfc45970cc46bcd0e57766228574ff3511d6eed045b182f536f0f478c1f06?s=96&d=mm&r=g\",\"contentUrl\":\"https:\\\/\\\/secure.gravatar.com\\\/avatar\\\/0dbbfc45970cc46bcd0e57766228574ff3511d6eed045b182f536f0f478c1f06?s=96&d=mm&r=g\",\"caption\":\"Cristian Falabella NOTICIASMERCEDINAS.COM\"},\"description\":\"Periodista, editor de Noticias Mercedinas. Pas\u00f3 por varias redacciones y emprendimientos de prensa, en distintos formatos y \u00e9pocas. Se especializ\u00f3 --y sigue haci\u00e9ndolo-- en comunicaci\u00f3n en la web y en junio de 2006 fund\u00f3 este diario digital.\",\"sameAs\":[\"https:\\\/\\\/noticiasmercedinas.com\",\"https:\\\/\\\/www.facebook.com\\\/cristian.falabella\",\"https:\\\/\\\/www.instagram.com\\\/noticiasmercedinas\\\/\",\"https:\\\/\\\/x.com\\\/https:\\\/\\\/twitter.com\\\/NOTMERCEDINAS\"],\"url\":\"https:\\\/\\\/noticiasmercedinas.com\\\/site\\\/author\\\/as000384\\\/\"}]}<\/script>\n<!-- \/ Yoast SEO plugin. -->","yoast_head_json":{"title":"Apoyan a la seccional Posadas de CICOP, desde donde denuncian nuevos despidos","robots":{"index":"index","follow":"follow","max-snippet":"max-snippet:-1","max-image-preview":"max-image-preview:large","max-video-preview":"max-video-preview:-1"},"canonical":"https:\/\/noticiasmercedinas.com\/site\/2018\/08\/27\/apoyan-a-la-seccional-posadas-de-cicop-desde-donde-denuncian-nuevos-despidos\/","og_locale":"es_ES","og_type":"article","og_title":"Apoyan a la seccional Posadas de CICOP, desde donde denuncian nuevos despidos","og_description":"Integrantes de la Asociaci\u00f3n de Profesionales del Hospital Blas Dubarry de Mercedes dieron a conocer el reclamo. Organizaciones desarrollar\u00e1n en los pr\u00f3ximos d\u00edas nuevas acciones por la reincorporaci\u00f3n de los cesantes. Desde la Asociaci\u00f3n de Profesionales del Hospital Blas Dubarry de Mercedes dieron a conocer el reclamo de la Seccional Posadas de CICOP, que denuncia [&hellip;]","og_url":"https:\/\/noticiasmercedinas.com\/site\/2018\/08\/27\/apoyan-a-la-seccional-posadas-de-cicop-desde-donde-denuncian-nuevos-despidos\/","og_site_name":"NOTICIASMERCEDINAS.COM","article_publisher":"https:\/\/www.facebook.com\/noticiasmercedinas\/","article_author":"https:\/\/www.facebook.com\/cristian.falabella","article_published_time":"2018-08-27T23:06:38+00:00","og_image":[{"width":512,"height":288,"url":"https:\/\/noticiasmercedinas.com\/site\/wp-content\/uploads\/2018\/08\/notaposadas.jpg","type":"image\/jpeg"}],"author":"Cristian Falabella NOTICIASMERCEDINAS.COM","twitter_card":"summary_large_image","twitter_creator":"@https:\/\/twitter.com\/NOTMERCEDINAS","twitter_site":"@notmercedinas","twitter_misc":{"Escrito por":"Cristian Falabella NOTICIASMERCEDINAS.COM","Tiempo de lectura":"2 minutos"},"schema":{"@context":"https:\/\/schema.org","@graph":[{"@type":"Article","@id":"https:\/\/noticiasmercedinas.com\/site\/2018\/08\/27\/apoyan-a-la-seccional-posadas-de-cicop-desde-donde-denuncian-nuevos-despidos\/#article","isPartOf":{"@id":"https:\/\/noticiasmercedinas.com\/site\/2018\/08\/27\/apoyan-a-la-seccional-posadas-de-cicop-desde-donde-denuncian-nuevos-despidos\/"},"author":{"name":"Cristian Falabella NOTICIASMERCEDINAS.COM","@id":"https:\/\/noticiasmercedinas.com\/site\/#\/schema\/person\/d481a9696a5feaec13a60e2bbd991a6a"},"headline":"Apoyan a la seccional Posadas de CICOP, desde donde denuncian nuevos despidos","datePublished":"2018-08-27T23:06:38+00:00","mainEntityOfPage":{"@id":"https:\/\/noticiasmercedinas.com\/site\/2018\/08\/27\/apoyan-a-la-seccional-posadas-de-cicop-desde-donde-denuncian-nuevos-despidos\/"},"wordCount":323,"commentCount":0,"publisher":{"@id":"https:\/\/noticiasmercedinas.com\/site\/#organization"},"image":{"@id":"https:\/\/noticiasmercedinas.com\/site\/2018\/08\/27\/apoyan-a-la-seccional-posadas-de-cicop-desde-donde-denuncian-nuevos-despidos\/#primaryimage"},"thumbnailUrl":"https:\/\/noticiasmercedinas.com\/site\/wp-content\/uploads\/2018\/08\/notaposadas.jpg","keywords":["Cicop","hospital","posadas"],"articleSection":["Sociedad"],"inLanguage":"es","potentialAction":[{"@type":"CommentAction","name":"Comment","target":["https:\/\/noticiasmercedinas.com\/site\/2018\/08\/27\/apoyan-a-la-seccional-posadas-de-cicop-desde-donde-denuncian-nuevos-despidos\/#respond"]}]},{"@type":"WebPage","@id":"https:\/\/noticiasmercedinas.com\/site\/2018\/08\/27\/apoyan-a-la-seccional-posadas-de-cicop-desde-donde-denuncian-nuevos-despidos\/","url":"https:\/\/noticiasmercedinas.com\/site\/2018\/08\/27\/apoyan-a-la-seccional-posadas-de-cicop-desde-donde-denuncian-nuevos-despidos\/","name":"Apoyan a la seccional Posadas de CICOP, desde donde denuncian nuevos despidos","isPartOf":{"@id":"https:\/\/noticiasmercedinas.com\/site\/#website"},"primaryImageOfPage":{"@id":"https:\/\/noticiasmercedinas.com\/site\/2018\/08\/27\/apoyan-a-la-seccional-posadas-de-cicop-desde-donde-denuncian-nuevos-despidos\/#primaryimage"},"image":{"@id":"https:\/\/noticiasmercedinas.com\/site\/2018\/08\/27\/apoyan-a-la-seccional-posadas-de-cicop-desde-donde-denuncian-nuevos-despidos\/#primaryimage"},"thumbnailUrl":"https:\/\/noticiasmercedinas.com\/site\/wp-content\/uploads\/2018\/08\/notaposadas.jpg","datePublished":"2018-08-27T23:06:38+00:00","breadcrumb":{"@id":"https:\/\/noticiasmercedinas.com\/site\/2018\/08\/27\/apoyan-a-la-seccional-posadas-de-cicop-desde-donde-denuncian-nuevos-despidos\/#breadcrumb"},"inLanguage":"es","potentialAction":[{"@type":"ReadAction","target":["https:\/\/noticiasmercedinas.com\/site\/2018\/08\/27\/apoyan-a-la-seccional-posadas-de-cicop-desde-donde-denuncian-nuevos-despidos\/"]}]},{"@type":"ImageObject","inLanguage":"es","@id":"https:\/\/noticiasmercedinas.com\/site\/2018\/08\/27\/apoyan-a-la-seccional-posadas-de-cicop-desde-donde-denuncian-nuevos-despidos\/#primaryimage","url":"https:\/\/noticiasmercedinas.com\/site\/wp-content\/uploads\/2018\/08\/notaposadas.jpg","contentUrl":"https:\/\/noticiasmercedinas.com\/site\/wp-content\/uploads\/2018\/08\/notaposadas.jpg","width":512,"height":288},{"@type":"BreadcrumbList","@id":"https:\/\/noticiasmercedinas.com\/site\/2018\/08\/27\/apoyan-a-la-seccional-posadas-de-cicop-desde-donde-denuncian-nuevos-despidos\/#breadcrumb","itemListElement":[{"@type":"ListItem","position":1,"name":"Portada","item":"https:\/\/noticiasmercedinas.com\/site\/"},{"@type":"ListItem","position":2,"name":"Apoyan a la seccional Posadas de CICOP, desde donde denuncian nuevos despidos"}]},{"@type":"WebSite","@id":"https:\/\/noticiasmercedinas.com\/site\/#website","url":"https:\/\/noticiasmercedinas.com\/site\/","name":"NOTICIASMERCEDINAS.COM","description":"Mercedes, Buenos Aires, Argentina","publisher":{"@id":"https:\/\/noticiasmercedinas.com\/site\/#organization"},"potentialAction":[{"@type":"SearchAction","target":{"@type":"EntryPoint","urlTemplate":"https:\/\/noticiasmercedinas.com\/site\/?s={search_term_string}"},"query-input":{"@type":"PropertyValueSpecification","valueRequired":true,"valueName":"search_term_string"}}],"inLanguage":"es"},{"@type":"Organization","@id":"https:\/\/noticiasmercedinas.com\/site\/#organization","name":"NOTICIASMERCEDINAS.COM","url":"https:\/\/noticiasmercedinas.com\/site\/","logo":{"@type":"ImageObject","inLanguage":"es","@id":"https:\/\/noticiasmercedinas.com\/site\/#\/schema\/logo\/image\/","url":"https:\/\/noticiasmercedinas.com\/site\/wp-content\/uploads\/2020\/06\/LOGO-512.jpg","contentUrl":"https:\/\/noticiasmercedinas.com\/site\/wp-content\/uploads\/2020\/06\/LOGO-512.jpg","width":512,"height":512,"caption":"NOTICIASMERCEDINAS.COM"},"image":{"@id":"https:\/\/noticiasmercedinas.com\/site\/#\/schema\/logo\/image\/"},"sameAs":["https:\/\/www.facebook.com\/noticiasmercedinas\/","https:\/\/x.com\/notmercedinas","https:\/\/www.instagram.com\/noticiasmercedinas\/"]},{"@type":"Person","@id":"https:\/\/noticiasmercedinas.com\/site\/#\/schema\/person\/d481a9696a5feaec13a60e2bbd991a6a","name":"Cristian Falabella NOTICIASMERCEDINAS.COM","image":{"@type":"ImageObject","inLanguage":"es","@id":"https:\/\/secure.gravatar.com\/avatar\/0dbbfc45970cc46bcd0e57766228574ff3511d6eed045b182f536f0f478c1f06?s=96&d=mm&r=g","url":"https:\/\/secure.gravatar.com\/avatar\/0dbbfc45970cc46bcd0e57766228574ff3511d6eed045b182f536f0f478c1f06?s=96&d=mm&r=g","contentUrl":"https:\/\/secure.gravatar.com\/avatar\/0dbbfc45970cc46bcd0e57766228574ff3511d6eed045b182f536f0f478c1f06?s=96&d=mm&r=g","caption":"Cristian Falabella NOTICIASMERCEDINAS.COM"},"description":"Periodista, editor de Noticias Mercedinas. Pas\u00f3 por varias redacciones y emprendimientos de prensa, en distintos formatos y \u00e9pocas. Se especializ\u00f3 --y sigue haci\u00e9ndolo-- en comunicaci\u00f3n en la web y en junio de 2006 fund\u00f3 este diario digital.","sameAs":["https:\/\/noticiasmercedinas.com","https:\/\/www.facebook.com\/cristian.falabella","https:\/\/www.instagram.com\/noticiasmercedinas\/","https:\/\/x.com\/https:\/\/twitter.com\/NOTMERCEDINAS"],"url":"https:\/\/noticiasmercedinas.com\/site\/author\/as000384\/"}]}},"amp_enabled":true,"_links":{"self":[{"href":"https:\/\/noticiasmercedinas.com\/site\/wp-json\/wp\/v2\/posts\/527","targetHints":{"allow":["GET"]}}],"collection":[{"href":"https:\/\/noticiasmercedinas.com\/site\/wp-json\/wp\/v2\/posts"}],"about":[{"href":"https:\/\/noticiasmercedinas.com\/site\/wp-json\/wp\/v2\/types\/post"}],"author":[{"embeddable":true,"href":"https:\/\/noticiasmercedinas.com\/site\/wp-json\/wp\/v2\/users\/2"}],"replies":[{"embeddable":true,"href":"https:\/\/noticiasmercedinas.com\/site\/wp-json\/wp\/v2\/comments?post=527"}],"version-history":[{"count":1,"href":"https:\/\/noticiasmercedinas.com\/site\/wp-json\/wp\/v2\/posts\/527\/revisions"}],"predecessor-version":[{"id":529,"href":"https:\/\/noticiasmercedinas.com\/site\/wp-json\/wp\/v2\/posts\/527\/revisions\/529"}],"wp:featuredmedia":[{"embeddable":true,"href":"https:\/\/noticiasmercedinas.com\/site\/wp-json\/wp\/v2\/media\/528"}],"wp:attachment":[{"href":"https:\/\/noticiasmercedinas.com\/site\/wp-json\/wp\/v2\/media?parent=527"}],"wp:term":[{"taxonomy":"category","embeddable":true,"href":"https:\/\/noticiasmercedinas.com\/site\/wp-json\/wp\/v2\/categories?post=527"},{"taxonomy":"post_tag","embeddable":true,"href":"https:\/\/noticiasmercedinas.com\/site\/wp-json\/wp\/v2\/tags?post=527"}],"curies":[{"name":"wp","href":"https:\/\/api.w.org\/{rel}","templated":true}]}}