{"id":52718,"date":"2020-09-08T22:20:11","date_gmt":"2020-09-09T01:20:11","guid":{"rendered":"https:\/\/noticiasmercedinas.com\/site\/?p=52718"},"modified":"2020-09-08T22:20:11","modified_gmt":"2020-09-09T01:20:11","slug":"nunca-mas-a-la-desestabilizacion-pide-la-mesa-sindical","status":"publish","type":"post","link":"https:\/\/noticiasmercedinas.com\/site\/2020\/09\/08\/nunca-mas-a-la-desestabilizacion-pide-la-mesa-sindical\/","title":{"rendered":"\u00abNunca m\u00e1s\u00bb a la desestabilizaci\u00f3n, pide la Mesa Sindical"},"content":{"rendered":"<p><img loading=\"lazy\" decoding=\"async\" class=\"alignnone size-full wp-image-52719\" src=\"https:\/\/noticiasmercedinas.com\/site\/wp-content\/uploads\/2020\/09\/axel.jpg\" alt=\"\" width=\"811\" height=\"442\" srcset=\"https:\/\/noticiasmercedinas.com\/site\/wp-content\/uploads\/2020\/09\/axel.jpg 811w, https:\/\/noticiasmercedinas.com\/site\/wp-content\/uploads\/2020\/09\/axel-300x164.jpg 300w, https:\/\/noticiasmercedinas.com\/site\/wp-content\/uploads\/2020\/09\/axel-768x419.jpg 768w, https:\/\/noticiasmercedinas.com\/site\/wp-content\/uploads\/2020\/09\/axel-640x349.jpg 640w, https:\/\/noticiasmercedinas.com\/site\/wp-content\/uploads\/2020\/09\/axel-681x371.jpg 681w\" sizes=\"auto, (max-width: 811px) 100vw, 811px\" \/><\/p>\n<p>\u00abRepudiamos en\u00e9rgicamente todo intento planificado de desestabilizaci\u00f3n, y en ese marco repudiamos la movilizaci\u00f3n de un sector minoritario de la Polic\u00eda Bonaerense contra la residencia particular del gobernador, en un claro mensaje intimidador, por tal motivo nos solidarizamos con \u00e9l y su familia\u00bb, destacaron desde la Mesa Sindical Mercedes.<\/p>\n<p>\u00abReconocemos justo el reclamo por un salario digno, al igual que la mejora de las condiciones salariales de todas y todos los trabajadores, pero recurrir a la violencia es repudiable, sobre todo cuando estamos hablando de fuerzas policiales\u00bb, dijeron.<\/p>\n<p>\u00abJam\u00e1s avalaremos cualquier intento de generar sensaciones desestabilizadoras, sobre todo en el contexto que nos encontramos, que cargan a\u00fan m\u00e1s a esos actos de una total canaller\u00eda. Desde ya, como lo expresamos en comunicados anteriores valoramos el esfuerzo realizado por parte de los trabajadores y trabajadoras esenciales, en ese mismo marco se encuentra las fuerzas de seguridad. Por lo que del mismo modo destacamos la pronta respuesta del gobernador de la provincia\u00bb, agregaron en el comunicado.<\/p>\n<p>\u00abAsimismo, recordamos que fue el gobierno de Macri y Vidal, quienes con un brutal ajuste bajaron los salarios y fomentaron las p\u00e9simas condiciones de trabajo en el Estado. Justamente son los mismos quienes se encargan de agitar los intentos de desestabilizaci\u00f3n al gobierno Nacional. Como siempre y hoy m\u00e1s que nunca, estamos alertas en defensa de la democracia y no vamos a permitir que se afecte la voluntad de todo un pa\u00eds expresada en las urnas\u00bb, concluyeron desde la Mesa Sindical Mercedes.<\/p>\n","protected":false},"excerpt":{"rendered":"<p>\u25a0 Gremios locales repudiamos la movilizaci\u00f3n \u00abde un sector minoritario de la Polic\u00eda Bonaerense\u00bb contra la residencia particular del gobernador Axel Kicillof<\/p>\n","protected":false},"author":16,"featured_media":52719,"comment_status":"open","ping_status":"open","sticky":false,"template":"","format":"standard","meta":{"footnotes":""},"categories":[16],"tags":[5297,1201],"class_list":["post-52718","post","type-post","status-publish","format-standard","has-post-thumbnail","hentry","category-politica","tag-axel-kicillof","tag-mesa-sindical-mercedes"],"yoast_head":"<!-- This site is optimized with the Yoast SEO plugin v27.4 - https:\/\/yoast.com\/product\/yoast-seo-wordpress\/ -->\n<title>&quot;Nunca m\u00e1s&quot; a la desestabilizaci\u00f3n, pide la Mesa Sindical<\/title>\n<meta name=\"robots\" content=\"index, follow, max-snippet:-1, max-image-preview:large, max-video-preview:-1\" \/>\n<link rel=\"canonical\" href=\"https:\/\/noticiasmercedinas.com\/site\/2020\/09\/08\/nunca-mas-a-la-desestabilizacion-pide-la-mesa-sindical\/\" \/>\n<meta property=\"og:locale\" content=\"es_ES\" \/>\n<meta property=\"og:type\" content=\"article\" \/>\n<meta property=\"og:title\" content=\"&quot;Nunca m\u00e1s&quot; a la desestabilizaci\u00f3n, pide la Mesa Sindical\" \/>\n<meta property=\"og:description\" content=\"\u25a0 Gremios locales repudiamos la movilizaci\u00f3n &quot;de un sector minoritario de la Polic\u00eda Bonaerense&quot; contra la residencia particular del gobernador Axel Kicillof\" \/>\n<meta property=\"og:url\" content=\"https:\/\/noticiasmercedinas.com\/site\/2020\/09\/08\/nunca-mas-a-la-desestabilizacion-pide-la-mesa-sindical\/\" \/>\n<meta property=\"og:site_name\" content=\"NOTICIASMERCEDINAS.COM\" \/>\n<meta property=\"article:publisher\" content=\"https:\/\/www.facebook.com\/noticiasmercedinas\/\" \/>\n<meta property=\"article:published_time\" content=\"2020-09-09T01:20:11+00:00\" \/>\n<meta property=\"og:image\" content=\"https:\/\/noticiasmercedinas.com\/site\/wp-content\/uploads\/2020\/09\/axel.jpg\" \/>\n\t<meta property=\"og:image:width\" content=\"811\" \/>\n\t<meta property=\"og:image:height\" content=\"442\" \/>\n\t<meta property=\"og:image:type\" content=\"image\/jpeg\" \/>\n<meta name=\"author\" content=\"NOTICIASMERCEDINAS.COM\" \/>\n<meta name=\"twitter:card\" content=\"summary_large_image\" \/>\n<meta name=\"twitter:creator\" content=\"@notmercedinas\" \/>\n<meta name=\"twitter:site\" content=\"@notmercedinas\" \/>\n<meta name=\"twitter:label1\" content=\"Escrito por\" \/>\n\t<meta name=\"twitter:data1\" content=\"NOTICIASMERCEDINAS.COM\" \/>\n\t<meta name=\"twitter:label2\" content=\"Tiempo de lectura\" \/>\n\t<meta name=\"twitter:data2\" content=\"1 minuto\" \/>\n<script type=\"application\/ld+json\" class=\"yoast-schema-graph\">{\"@context\":\"https:\\\/\\\/schema.org\",\"@graph\":[{\"@type\":\"Article\",\"@id\":\"https:\\\/\\\/noticiasmercedinas.com\\\/site\\\/2020\\\/09\\\/08\\\/nunca-mas-a-la-desestabilizacion-pide-la-mesa-sindical\\\/#article\",\"isPartOf\":{\"@id\":\"https:\\\/\\\/noticiasmercedinas.com\\\/site\\\/2020\\\/09\\\/08\\\/nunca-mas-a-la-desestabilizacion-pide-la-mesa-sindical\\\/\"},\"author\":{\"name\":\"NOTICIASMERCEDINAS.COM\",\"@id\":\"https:\\\/\\\/noticiasmercedinas.com\\\/site\\\/#\\\/schema\\\/person\\\/84b59c099c28ff2e8b77d4ceec5d8063\"},\"headline\":\"\u00abNunca m\u00e1s\u00bb a la desestabilizaci\u00f3n, pide la Mesa Sindical\",\"datePublished\":\"2020-09-09T01:20:11+00:00\",\"mainEntityOfPage\":{\"@id\":\"https:\\\/\\\/noticiasmercedinas.com\\\/site\\\/2020\\\/09\\\/08\\\/nunca-mas-a-la-desestabilizacion-pide-la-mesa-sindical\\\/\"},\"wordCount\":269,\"commentCount\":0,\"publisher\":{\"@id\":\"https:\\\/\\\/noticiasmercedinas.com\\\/site\\\/#organization\"},\"image\":{\"@id\":\"https:\\\/\\\/noticiasmercedinas.com\\\/site\\\/2020\\\/09\\\/08\\\/nunca-mas-a-la-desestabilizacion-pide-la-mesa-sindical\\\/#primaryimage\"},\"thumbnailUrl\":\"https:\\\/\\\/noticiasmercedinas.com\\\/site\\\/wp-content\\\/uploads\\\/2020\\\/09\\\/axel.jpg\",\"keywords\":[\"axel kicillof\",\"Mesa Sindical Mercedes\"],\"articleSection\":[\"Politica\"],\"inLanguage\":\"es\",\"potentialAction\":[{\"@type\":\"CommentAction\",\"name\":\"Comment\",\"target\":[\"https:\\\/\\\/noticiasmercedinas.com\\\/site\\\/2020\\\/09\\\/08\\\/nunca-mas-a-la-desestabilizacion-pide-la-mesa-sindical\\\/#respond\"]}]},{\"@type\":\"WebPage\",\"@id\":\"https:\\\/\\\/noticiasmercedinas.com\\\/site\\\/2020\\\/09\\\/08\\\/nunca-mas-a-la-desestabilizacion-pide-la-mesa-sindical\\\/\",\"url\":\"https:\\\/\\\/noticiasmercedinas.com\\\/site\\\/2020\\\/09\\\/08\\\/nunca-mas-a-la-desestabilizacion-pide-la-mesa-sindical\\\/\",\"name\":\"\\\"Nunca m\u00e1s\\\" a la desestabilizaci\u00f3n, pide la Mesa Sindical\",\"isPartOf\":{\"@id\":\"https:\\\/\\\/noticiasmercedinas.com\\\/site\\\/#website\"},\"primaryImageOfPage\":{\"@id\":\"https:\\\/\\\/noticiasmercedinas.com\\\/site\\\/2020\\\/09\\\/08\\\/nunca-mas-a-la-desestabilizacion-pide-la-mesa-sindical\\\/#primaryimage\"},\"image\":{\"@id\":\"https:\\\/\\\/noticiasmercedinas.com\\\/site\\\/2020\\\/09\\\/08\\\/nunca-mas-a-la-desestabilizacion-pide-la-mesa-sindical\\\/#primaryimage\"},\"thumbnailUrl\":\"https:\\\/\\\/noticiasmercedinas.com\\\/site\\\/wp-content\\\/uploads\\\/2020\\\/09\\\/axel.jpg\",\"datePublished\":\"2020-09-09T01:20:11+00:00\",\"breadcrumb\":{\"@id\":\"https:\\\/\\\/noticiasmercedinas.com\\\/site\\\/2020\\\/09\\\/08\\\/nunca-mas-a-la-desestabilizacion-pide-la-mesa-sindical\\\/#breadcrumb\"},\"inLanguage\":\"es\",\"potentialAction\":[{\"@type\":\"ReadAction\",\"target\":[\"https:\\\/\\\/noticiasmercedinas.com\\\/site\\\/2020\\\/09\\\/08\\\/nunca-mas-a-la-desestabilizacion-pide-la-mesa-sindical\\\/\"]}]},{\"@type\":\"ImageObject\",\"inLanguage\":\"es\",\"@id\":\"https:\\\/\\\/noticiasmercedinas.com\\\/site\\\/2020\\\/09\\\/08\\\/nunca-mas-a-la-desestabilizacion-pide-la-mesa-sindical\\\/#primaryimage\",\"url\":\"https:\\\/\\\/noticiasmercedinas.com\\\/site\\\/wp-content\\\/uploads\\\/2020\\\/09\\\/axel.jpg\",\"contentUrl\":\"https:\\\/\\\/noticiasmercedinas.com\\\/site\\\/wp-content\\\/uploads\\\/2020\\\/09\\\/axel.jpg\",\"width\":811,\"height\":442},{\"@type\":\"BreadcrumbList\",\"@id\":\"https:\\\/\\\/noticiasmercedinas.com\\\/site\\\/2020\\\/09\\\/08\\\/nunca-mas-a-la-desestabilizacion-pide-la-mesa-sindical\\\/#breadcrumb\",\"itemListElement\":[{\"@type\":\"ListItem\",\"position\":1,\"name\":\"Portada\",\"item\":\"https:\\\/\\\/noticiasmercedinas.com\\\/site\\\/\"},{\"@type\":\"ListItem\",\"position\":2,\"name\":\"\u00abNunca m\u00e1s\u00bb a la desestabilizaci\u00f3n, pide la Mesa Sindical\"}]},{\"@type\":\"WebSite\",\"@id\":\"https:\\\/\\\/noticiasmercedinas.com\\\/site\\\/#website\",\"url\":\"https:\\\/\\\/noticiasmercedinas.com\\\/site\\\/\",\"name\":\"NOTICIASMERCEDINAS.COM\",\"description\":\"Mercedes, Buenos Aires, Argentina\",\"publisher\":{\"@id\":\"https:\\\/\\\/noticiasmercedinas.com\\\/site\\\/#organization\"},\"potentialAction\":[{\"@type\":\"SearchAction\",\"target\":{\"@type\":\"EntryPoint\",\"urlTemplate\":\"https:\\\/\\\/noticiasmercedinas.com\\\/site\\\/?s={search_term_string}\"},\"query-input\":{\"@type\":\"PropertyValueSpecification\",\"valueRequired\":true,\"valueName\":\"search_term_string\"}}],\"inLanguage\":\"es\"},{\"@type\":\"Organization\",\"@id\":\"https:\\\/\\\/noticiasmercedinas.com\\\/site\\\/#organization\",\"name\":\"NOTICIASMERCEDINAS.COM\",\"url\":\"https:\\\/\\\/noticiasmercedinas.com\\\/site\\\/\",\"logo\":{\"@type\":\"ImageObject\",\"inLanguage\":\"es\",\"@id\":\"https:\\\/\\\/noticiasmercedinas.com\\\/site\\\/#\\\/schema\\\/logo\\\/image\\\/\",\"url\":\"https:\\\/\\\/noticiasmercedinas.com\\\/site\\\/wp-content\\\/uploads\\\/2020\\\/06\\\/LOGO-512.jpg\",\"contentUrl\":\"https:\\\/\\\/noticiasmercedinas.com\\\/site\\\/wp-content\\\/uploads\\\/2020\\\/06\\\/LOGO-512.jpg\",\"width\":512,\"height\":512,\"caption\":\"NOTICIASMERCEDINAS.COM\"},\"image\":{\"@id\":\"https:\\\/\\\/noticiasmercedinas.com\\\/site\\\/#\\\/schema\\\/logo\\\/image\\\/\"},\"sameAs\":[\"https:\\\/\\\/www.facebook.com\\\/noticiasmercedinas\\\/\",\"https:\\\/\\\/x.com\\\/notmercedinas\",\"https:\\\/\\\/www.instagram.com\\\/noticiasmercedinas\\\/\"]},{\"@type\":\"Person\",\"@id\":\"https:\\\/\\\/noticiasmercedinas.com\\\/site\\\/#\\\/schema\\\/person\\\/84b59c099c28ff2e8b77d4ceec5d8063\",\"name\":\"NOTICIASMERCEDINAS.COM\",\"image\":{\"@type\":\"ImageObject\",\"inLanguage\":\"es\",\"@id\":\"https:\\\/\\\/secure.gravatar.com\\\/avatar\\\/4dfbf16b4d17945bfb6341b2d19043457132fcf478a5ee04f42e959fd8f5df0a?s=96&d=mm&r=g\",\"url\":\"https:\\\/\\\/secure.gravatar.com\\\/avatar\\\/4dfbf16b4d17945bfb6341b2d19043457132fcf478a5ee04f42e959fd8f5df0a?s=96&d=mm&r=g\",\"contentUrl\":\"https:\\\/\\\/secure.gravatar.com\\\/avatar\\\/4dfbf16b4d17945bfb6341b2d19043457132fcf478a5ee04f42e959fd8f5df0a?s=96&d=mm&r=g\",\"caption\":\"NOTICIASMERCEDINAS.COM\"},\"url\":\"https:\\\/\\\/noticiasmercedinas.com\\\/site\\\/author\\\/anonimo\\\/\"}]}<\/script>\n<!-- \/ Yoast SEO plugin. -->","yoast_head_json":{"title":"\"Nunca m\u00e1s\" a la desestabilizaci\u00f3n, pide la Mesa Sindical","robots":{"index":"index","follow":"follow","max-snippet":"max-snippet:-1","max-image-preview":"max-image-preview:large","max-video-preview":"max-video-preview:-1"},"canonical":"https:\/\/noticiasmercedinas.com\/site\/2020\/09\/08\/nunca-mas-a-la-desestabilizacion-pide-la-mesa-sindical\/","og_locale":"es_ES","og_type":"article","og_title":"\"Nunca m\u00e1s\" a la desestabilizaci\u00f3n, pide la Mesa Sindical","og_description":"\u25a0 Gremios locales repudiamos la movilizaci\u00f3n \"de un sector minoritario de la Polic\u00eda Bonaerense\" contra la residencia particular del gobernador Axel Kicillof","og_url":"https:\/\/noticiasmercedinas.com\/site\/2020\/09\/08\/nunca-mas-a-la-desestabilizacion-pide-la-mesa-sindical\/","og_site_name":"NOTICIASMERCEDINAS.COM","article_publisher":"https:\/\/www.facebook.com\/noticiasmercedinas\/","article_published_time":"2020-09-09T01:20:11+00:00","og_image":[{"width":811,"height":442,"url":"https:\/\/noticiasmercedinas.com\/site\/wp-content\/uploads\/2020\/09\/axel.jpg","type":"image\/jpeg"}],"author":"NOTICIASMERCEDINAS.COM","twitter_card":"summary_large_image","twitter_creator":"@notmercedinas","twitter_site":"@notmercedinas","twitter_misc":{"Escrito por":"NOTICIASMERCEDINAS.COM","Tiempo de lectura":"1 minuto"},"schema":{"@context":"https:\/\/schema.org","@graph":[{"@type":"Article","@id":"https:\/\/noticiasmercedinas.com\/site\/2020\/09\/08\/nunca-mas-a-la-desestabilizacion-pide-la-mesa-sindical\/#article","isPartOf":{"@id":"https:\/\/noticiasmercedinas.com\/site\/2020\/09\/08\/nunca-mas-a-la-desestabilizacion-pide-la-mesa-sindical\/"},"author":{"name":"NOTICIASMERCEDINAS.COM","@id":"https:\/\/noticiasmercedinas.com\/site\/#\/schema\/person\/84b59c099c28ff2e8b77d4ceec5d8063"},"headline":"\u00abNunca m\u00e1s\u00bb a la desestabilizaci\u00f3n, pide la Mesa Sindical","datePublished":"2020-09-09T01:20:11+00:00","mainEntityOfPage":{"@id":"https:\/\/noticiasmercedinas.com\/site\/2020\/09\/08\/nunca-mas-a-la-desestabilizacion-pide-la-mesa-sindical\/"},"wordCount":269,"commentCount":0,"publisher":{"@id":"https:\/\/noticiasmercedinas.com\/site\/#organization"},"image":{"@id":"https:\/\/noticiasmercedinas.com\/site\/2020\/09\/08\/nunca-mas-a-la-desestabilizacion-pide-la-mesa-sindical\/#primaryimage"},"thumbnailUrl":"https:\/\/noticiasmercedinas.com\/site\/wp-content\/uploads\/2020\/09\/axel.jpg","keywords":["axel kicillof","Mesa Sindical Mercedes"],"articleSection":["Politica"],"inLanguage":"es","potentialAction":[{"@type":"CommentAction","name":"Comment","target":["https:\/\/noticiasmercedinas.com\/site\/2020\/09\/08\/nunca-mas-a-la-desestabilizacion-pide-la-mesa-sindical\/#respond"]}]},{"@type":"WebPage","@id":"https:\/\/noticiasmercedinas.com\/site\/2020\/09\/08\/nunca-mas-a-la-desestabilizacion-pide-la-mesa-sindical\/","url":"https:\/\/noticiasmercedinas.com\/site\/2020\/09\/08\/nunca-mas-a-la-desestabilizacion-pide-la-mesa-sindical\/","name":"\"Nunca m\u00e1s\" a la desestabilizaci\u00f3n, pide la Mesa Sindical","isPartOf":{"@id":"https:\/\/noticiasmercedinas.com\/site\/#website"},"primaryImageOfPage":{"@id":"https:\/\/noticiasmercedinas.com\/site\/2020\/09\/08\/nunca-mas-a-la-desestabilizacion-pide-la-mesa-sindical\/#primaryimage"},"image":{"@id":"https:\/\/noticiasmercedinas.com\/site\/2020\/09\/08\/nunca-mas-a-la-desestabilizacion-pide-la-mesa-sindical\/#primaryimage"},"thumbnailUrl":"https:\/\/noticiasmercedinas.com\/site\/wp-content\/uploads\/2020\/09\/axel.jpg","datePublished":"2020-09-09T01:20:11+00:00","breadcrumb":{"@id":"https:\/\/noticiasmercedinas.com\/site\/2020\/09\/08\/nunca-mas-a-la-desestabilizacion-pide-la-mesa-sindical\/#breadcrumb"},"inLanguage":"es","potentialAction":[{"@type":"ReadAction","target":["https:\/\/noticiasmercedinas.com\/site\/2020\/09\/08\/nunca-mas-a-la-desestabilizacion-pide-la-mesa-sindical\/"]}]},{"@type":"ImageObject","inLanguage":"es","@id":"https:\/\/noticiasmercedinas.com\/site\/2020\/09\/08\/nunca-mas-a-la-desestabilizacion-pide-la-mesa-sindical\/#primaryimage","url":"https:\/\/noticiasmercedinas.com\/site\/wp-content\/uploads\/2020\/09\/axel.jpg","contentUrl":"https:\/\/noticiasmercedinas.com\/site\/wp-content\/uploads\/2020\/09\/axel.jpg","width":811,"height":442},{"@type":"BreadcrumbList","@id":"https:\/\/noticiasmercedinas.com\/site\/2020\/09\/08\/nunca-mas-a-la-desestabilizacion-pide-la-mesa-sindical\/#breadcrumb","itemListElement":[{"@type":"ListItem","position":1,"name":"Portada","item":"https:\/\/noticiasmercedinas.com\/site\/"},{"@type":"ListItem","position":2,"name":"\u00abNunca m\u00e1s\u00bb a la desestabilizaci\u00f3n, pide la Mesa Sindical"}]},{"@type":"WebSite","@id":"https:\/\/noticiasmercedinas.com\/site\/#website","url":"https:\/\/noticiasmercedinas.com\/site\/","name":"NOTICIASMERCEDINAS.COM","description":"Mercedes, Buenos Aires, Argentina","publisher":{"@id":"https:\/\/noticiasmercedinas.com\/site\/#organization"},"potentialAction":[{"@type":"SearchAction","target":{"@type":"EntryPoint","urlTemplate":"https:\/\/noticiasmercedinas.com\/site\/?s={search_term_string}"},"query-input":{"@type":"PropertyValueSpecification","valueRequired":true,"valueName":"search_term_string"}}],"inLanguage":"es"},{"@type":"Organization","@id":"https:\/\/noticiasmercedinas.com\/site\/#organization","name":"NOTICIASMERCEDINAS.COM","url":"https:\/\/noticiasmercedinas.com\/site\/","logo":{"@type":"ImageObject","inLanguage":"es","@id":"https:\/\/noticiasmercedinas.com\/site\/#\/schema\/logo\/image\/","url":"https:\/\/noticiasmercedinas.com\/site\/wp-content\/uploads\/2020\/06\/LOGO-512.jpg","contentUrl":"https:\/\/noticiasmercedinas.com\/site\/wp-content\/uploads\/2020\/06\/LOGO-512.jpg","width":512,"height":512,"caption":"NOTICIASMERCEDINAS.COM"},"image":{"@id":"https:\/\/noticiasmercedinas.com\/site\/#\/schema\/logo\/image\/"},"sameAs":["https:\/\/www.facebook.com\/noticiasmercedinas\/","https:\/\/x.com\/notmercedinas","https:\/\/www.instagram.com\/noticiasmercedinas\/"]},{"@type":"Person","@id":"https:\/\/noticiasmercedinas.com\/site\/#\/schema\/person\/84b59c099c28ff2e8b77d4ceec5d8063","name":"NOTICIASMERCEDINAS.COM","image":{"@type":"ImageObject","inLanguage":"es","@id":"https:\/\/secure.gravatar.com\/avatar\/4dfbf16b4d17945bfb6341b2d19043457132fcf478a5ee04f42e959fd8f5df0a?s=96&d=mm&r=g","url":"https:\/\/secure.gravatar.com\/avatar\/4dfbf16b4d17945bfb6341b2d19043457132fcf478a5ee04f42e959fd8f5df0a?s=96&d=mm&r=g","contentUrl":"https:\/\/secure.gravatar.com\/avatar\/4dfbf16b4d17945bfb6341b2d19043457132fcf478a5ee04f42e959fd8f5df0a?s=96&d=mm&r=g","caption":"NOTICIASMERCEDINAS.COM"},"url":"https:\/\/noticiasmercedinas.com\/site\/author\/anonimo\/"}]}},"amp_enabled":true,"_links":{"self":[{"href":"https:\/\/noticiasmercedinas.com\/site\/wp-json\/wp\/v2\/posts\/52718","targetHints":{"allow":["GET"]}}],"collection":[{"href":"https:\/\/noticiasmercedinas.com\/site\/wp-json\/wp\/v2\/posts"}],"about":[{"href":"https:\/\/noticiasmercedinas.com\/site\/wp-json\/wp\/v2\/types\/post"}],"author":[{"embeddable":true,"href":"https:\/\/noticiasmercedinas.com\/site\/wp-json\/wp\/v2\/users\/16"}],"replies":[{"embeddable":true,"href":"https:\/\/noticiasmercedinas.com\/site\/wp-json\/wp\/v2\/comments?post=52718"}],"version-history":[{"count":1,"href":"https:\/\/noticiasmercedinas.com\/site\/wp-json\/wp\/v2\/posts\/52718\/revisions"}],"predecessor-version":[{"id":52720,"href":"https:\/\/noticiasmercedinas.com\/site\/wp-json\/wp\/v2\/posts\/52718\/revisions\/52720"}],"wp:featuredmedia":[{"embeddable":true,"href":"https:\/\/noticiasmercedinas.com\/site\/wp-json\/wp\/v2\/media\/52719"}],"wp:attachment":[{"href":"https:\/\/noticiasmercedinas.com\/site\/wp-json\/wp\/v2\/media?parent=52718"}],"wp:term":[{"taxonomy":"category","embeddable":true,"href":"https:\/\/noticiasmercedinas.com\/site\/wp-json\/wp\/v2\/categories?post=52718"},{"taxonomy":"post_tag","embeddable":true,"href":"https:\/\/noticiasmercedinas.com\/site\/wp-json\/wp\/v2\/tags?post=52718"}],"curies":[{"name":"wp","href":"https:\/\/api.w.org\/{rel}","templated":true}]}}