{"id":52873,"date":"2020-09-11T20:16:36","date_gmt":"2020-09-11T23:16:36","guid":{"rendered":"https:\/\/noticiasmercedinas.com\/site\/?p=52873"},"modified":"2020-09-11T20:16:36","modified_gmt":"2020-09-11T23:16:36","slug":"organizacion-panamericana-de-la-salud-nacion-y-municipio-por-el-honguito","status":"publish","type":"post","link":"https:\/\/noticiasmercedinas.com\/site\/2020\/09\/11\/organizacion-panamericana-de-la-salud-nacion-y-municipio-por-el-honguito\/","title":{"rendered":"Organizaci\u00f3n Panamericana de la Salud, Naci\u00f3n y Municipio, por \u201cEl Honguito\u201d"},"content":{"rendered":"<p><img loading=\"lazy\" decoding=\"async\" class=\"alignnone size-full wp-image-52874\" src=\"https:\/\/noticiasmercedinas.com\/site\/wp-content\/uploads\/2020\/09\/DSC08189.jpg\" alt=\"\" width=\"939\" height=\"626\" srcset=\"https:\/\/noticiasmercedinas.com\/site\/wp-content\/uploads\/2020\/09\/DSC08189.jpg 939w, https:\/\/noticiasmercedinas.com\/site\/wp-content\/uploads\/2020\/09\/DSC08189-300x200.jpg 300w, https:\/\/noticiasmercedinas.com\/site\/wp-content\/uploads\/2020\/09\/DSC08189-768x512.jpg 768w, https:\/\/noticiasmercedinas.com\/site\/wp-content\/uploads\/2020\/09\/DSC08189-640x427.jpg 640w, https:\/\/noticiasmercedinas.com\/site\/wp-content\/uploads\/2020\/09\/DSC08189-681x454.jpg 681w\" sizes=\"auto, (max-width: 939px) 100vw, 939px\" \/><\/p>\n<p>Desde el Municipio de Mercedes en un trabajo en conjunto con el Ministerio de Desarrollo de la Naci\u00f3n y la Organizaci\u00f3n Panamericana de la Salud realizaron una importante contribuci\u00f3n a la querida instituci\u00f3n \u00abEl Honguito\u00bb en tiempos de pandemia.<\/p>\n<p>De esta manera, este lugar tan emblem\u00e1tico de la ciudad recibi\u00f3 una importante donaci\u00f3n. Por otro lado, Mercedes pasa a ser parte de un proyecto que apunta a la Atenci\u00f3n Primaria de la Salud en cuanto a prevenci\u00f3n de la pandemia del coronavirus. \u201cGracias a la OPS por confiar en Mercedes y la gesti\u00f3n municipal\u201d, afirmaron en el encuentro.<\/p>\n<p>El intendente Juan Ignacio Ustarroz expres\u00f3: \u201cPara la ciudad de Mercedes realmente representa un orgullo muy grande que tanto un organismo internacional de salud, como as\u00ed tambi\u00e9n, el Estado Nacional hayan seleccionado a nuestra ciudad para poder llevar adelante una experiencia piloto vinculada a la atenci\u00f3n primaria de la salud en el marco de esta pandemia\u201d.<\/p>\n<p>\u201cVamos a ir al Honguito, que es una instituci\u00f3n muy querida por toda la comunidad de nuestra ciudad, representa un orgullo muy grande porque es sumar herramientas y actores para poder trabajar desde una perspectiva solidaria, con mucha unidad y pensando fundamentalmente, y sobre todas las cosas, en nuestro pueblo\u201d, dijo.<\/p>\n<p><img loading=\"lazy\" decoding=\"async\" class=\"alignnone size-full wp-image-52875\" src=\"https:\/\/noticiasmercedinas.com\/site\/wp-content\/uploads\/2020\/09\/DSC08227.jpg\" alt=\"\" width=\"939\" height=\"626\" srcset=\"https:\/\/noticiasmercedinas.com\/site\/wp-content\/uploads\/2020\/09\/DSC08227.jpg 939w, https:\/\/noticiasmercedinas.com\/site\/wp-content\/uploads\/2020\/09\/DSC08227-300x200.jpg 300w, https:\/\/noticiasmercedinas.com\/site\/wp-content\/uploads\/2020\/09\/DSC08227-768x512.jpg 768w, https:\/\/noticiasmercedinas.com\/site\/wp-content\/uploads\/2020\/09\/DSC08227-640x427.jpg 640w, https:\/\/noticiasmercedinas.com\/site\/wp-content\/uploads\/2020\/09\/DSC08227-681x454.jpg 681w\" sizes=\"auto, (max-width: 939px) 100vw, 939px\" \/><\/p>\n<p>\u201cEs muy importante que nuestra ciudad pueda generar las medidas de prevenci\u00f3n con respecto a la pandemia y a mejorar las condiciones de salud y la calidad de vida de nuestro pueblo\u201d, afirm\u00f3 el intendente Ustarroz<\/p>\n<p>En este sentido, Ustarroz apunt\u00f3: \u201cCreemos mucho en la funci\u00f3n y en el rol de las instituciones de la sociedad civil, en el trabajo articulado, planificado y pensado colectivamente. Esta es una nueva experiencia que se suma que redundara en un beneficio para toda la comunidad, por eso estamos muy contentos\u201d.<\/p>\n<p>La secretaria de Inclusi\u00f3n Social del Ministerio de Desarrollo Social, Laura Valeria Alonso, expres\u00f3: \u201cPara nosotros es una gran alegr\u00eda visitar Mercedes y ser recibidos por el intendente Ustarroz y todo su equipo. Hoy puntualmente, m\u00e1s all\u00e1 de todo el trabajo que venimos desarrollando en el marco de la pandemia en forma articulada entre la Naci\u00f3n, la Provincia y todos los municipios, venimos a generar una instancia de articulaci\u00f3n con la comunidad organizada para tratar de poder sumar un granito de arena a esa enorme red social que se est\u00e1 llevando a delante a partir de la pandemia en nuestro pa\u00eds. Y hoy, con el apoyo y la presencia de representantes de un organismo internacional que viene tambi\u00e9n a aportar recursos para poder seguir empoderando la tarea que viene desarrollando una organizaci\u00f3n tan emblem\u00e1tica para Mercedes como lo es El Honguito\u201d, as\u00ed que muy contentos en ese sentido\u201d.<\/p>\n<p>\u201cTambi\u00e9n nos ponemos en absoluta disposici\u00f3n para que junto con el intendente Ustarroz y todo su equipo podamos desarrollar y seguir profundizando una agenda de trabajo, vinculada no solamente a la asistencia alimentaria, sino tambi\u00e9n, dar el salto hacia lo productivo con nuevas l\u00edneas que hemos lanzado en la producci\u00f3n de alimentos y otras actividades que pueda efectuar esta comunidad m\u00e1s plenamente\u201d ahond\u00f3 Laura Valeria Alonso.<\/p>\n<p><img loading=\"lazy\" decoding=\"async\" class=\"alignnone size-full wp-image-52876\" src=\"https:\/\/noticiasmercedinas.com\/site\/wp-content\/uploads\/2020\/09\/DSC08187.jpg\" alt=\"\" width=\"939\" height=\"626\" srcset=\"https:\/\/noticiasmercedinas.com\/site\/wp-content\/uploads\/2020\/09\/DSC08187.jpg 939w, https:\/\/noticiasmercedinas.com\/site\/wp-content\/uploads\/2020\/09\/DSC08187-300x200.jpg 300w, https:\/\/noticiasmercedinas.com\/site\/wp-content\/uploads\/2020\/09\/DSC08187-768x512.jpg 768w, https:\/\/noticiasmercedinas.com\/site\/wp-content\/uploads\/2020\/09\/DSC08187-640x427.jpg 640w, https:\/\/noticiasmercedinas.com\/site\/wp-content\/uploads\/2020\/09\/DSC08187-681x454.jpg 681w\" sizes=\"auto, (max-width: 939px) 100vw, 939px\" \/><\/p>\n<p>Por su parte, Jorgelina Silva, secretaria de Desarrollo Social municipal cont\u00f3: \u201cTenemos la visita de la secretaria de Inclusi\u00f3n Social del Ministerio de Desarrollo Social y representantes del OPS quienes no vinieron a traer una gran noticia que es un apoyo institucional al Honguito. Hoy no pudieron estar presentes \u201cPocha\u201d Rudoni ni Cuca, fundadoras del Honguito porque son adultas mayores y decidimos cuidarlas. Esta instituci\u00f3n para nosotros es muy simb\u00f3lica porque muestra un poco el trabajo que venimos haciendo con toda la comunidad trabajando en conjunto\u201d.<\/p>\n<p>Conjuntamente, Silva record\u00f3 que \u201cen un momento El Honguito estuvo a punto de cerrar, el Municipio de Mercedes se hizo cargo de los gastos necesarios para poder seguir funcionando, y en este periodo de cuarentena, si bien no estuvieron recibiendo chicos, s\u00ed estuvieron entregando alimentos y recursos para las familias que integran El Honguito\u201d<\/p>\n<p>Javier Uribe Echeverry, de la Organizaci\u00f3n Panamericana de la Salud, quienes tambi\u00e9n vienen desarrollando un importante trabajo en este sentido, manifest\u00f3 su \u201cagradecimiento a la acogida que ha tenido el Municipio de Mercedes a esta experiencia piloto que se suma a otras cinco que se est\u00e1n desarrollando en la provincia, a fin de contribuir a partir de la participaci\u00f3n social en salud a la contenci\u00f3n de la pandemia\u201d y ahond\u00f3: \u201cB\u00e1sicamente quiero agradecer esta confianza y consideramos que esta puede ser una muy buena experiencia que nos permita tener un referente para poder expandir esta iniciativa con otras organizaciones de la sociedad civil\u201d.<\/p>\n<p><iframe loading=\"lazy\" title=\"OPS, Desarrollo Sociao de Naci\u00f3n y Municipio en trabajo en conjunto por \u201cEl Honguito\u201d\" width=\"640\" height=\"360\" src=\"https:\/\/www.youtube.com\/embed\/SNzq_u497i4?feature=oembed\" frameborder=\"0\" allow=\"accelerometer; autoplay; clipboard-write; encrypted-media; gyroscope; picture-in-picture; web-share\" referrerpolicy=\"strict-origin-when-cross-origin\" allowfullscreen><\/iframe><\/p>\n","protected":false},"excerpt":{"rendered":"<p>\u25a0 Eligieron la ciudad de Mercedes para llevar adelante una experiencia piloto vinculada a la atenci\u00f3n primaria de la salud en el marco de esta pandemia.<\/p>\n","protected":false},"author":16,"featured_media":52875,"comment_status":"open","ping_status":"open","sticky":false,"template":"","format":"standard","meta":{"footnotes":""},"categories":[3],"tags":[10178,44,2777,10179,71],"class_list":["post-52873","post","type-post","status-publish","format-standard","has-post-thumbnail","hentry","category-sociedad","tag-as","tag-desarrollo-social","tag-el-honguito","tag-ops","tag-salud"],"yoast_head":"<!-- This site is optimized with the Yoast SEO plugin v27.5 - https:\/\/yoast.com\/product\/yoast-seo-wordpress\/ -->\n<title>Organizaci\u00f3n Panamericana de la Salud, Naci\u00f3n y Municipio, por \u201cEl Honguito\u201d<\/title>\n<meta name=\"robots\" content=\"index, follow, max-snippet:-1, max-image-preview:large, max-video-preview:-1\" \/>\n<link rel=\"canonical\" href=\"https:\/\/noticiasmercedinas.com\/site\/2020\/09\/11\/organizacion-panamericana-de-la-salud-nacion-y-municipio-por-el-honguito\/\" \/>\n<meta property=\"og:locale\" content=\"es_ES\" \/>\n<meta property=\"og:type\" content=\"article\" \/>\n<meta property=\"og:title\" content=\"Organizaci\u00f3n Panamericana de la Salud, Naci\u00f3n y Municipio, por \u201cEl Honguito\u201d\" \/>\n<meta property=\"og:description\" content=\"\u25a0 Eligieron la ciudad de Mercedes para llevar adelante una experiencia piloto vinculada a la atenci\u00f3n primaria de la salud en el marco de esta pandemia.\" \/>\n<meta property=\"og:url\" content=\"https:\/\/noticiasmercedinas.com\/site\/2020\/09\/11\/organizacion-panamericana-de-la-salud-nacion-y-municipio-por-el-honguito\/\" \/>\n<meta property=\"og:site_name\" content=\"NOTICIASMERCEDINAS.COM\" \/>\n<meta property=\"article:publisher\" content=\"https:\/\/www.facebook.com\/noticiasmercedinas\/\" \/>\n<meta property=\"article:published_time\" content=\"2020-09-11T23:16:36+00:00\" \/>\n<meta property=\"og:image\" content=\"https:\/\/noticiasmercedinas.com\/site\/wp-content\/uploads\/2020\/09\/DSC08227.jpg\" \/>\n\t<meta property=\"og:image:width\" content=\"939\" \/>\n\t<meta property=\"og:image:height\" content=\"626\" \/>\n\t<meta property=\"og:image:type\" content=\"image\/jpeg\" \/>\n<meta name=\"author\" content=\"NOTICIASMERCEDINAS.COM\" \/>\n<meta name=\"twitter:card\" content=\"summary_large_image\" \/>\n<meta name=\"twitter:creator\" content=\"@notmercedinas\" \/>\n<meta name=\"twitter:site\" content=\"@notmercedinas\" \/>\n<meta name=\"twitter:label1\" content=\"Escrito por\" \/>\n\t<meta name=\"twitter:data1\" content=\"NOTICIASMERCEDINAS.COM\" \/>\n\t<meta name=\"twitter:label2\" content=\"Tiempo de lectura\" \/>\n\t<meta name=\"twitter:data2\" content=\"4 minutos\" \/>\n<script type=\"application\/ld+json\" class=\"yoast-schema-graph\">{\"@context\":\"https:\\\/\\\/schema.org\",\"@graph\":[{\"@type\":\"Article\",\"@id\":\"https:\\\/\\\/noticiasmercedinas.com\\\/site\\\/2020\\\/09\\\/11\\\/organizacion-panamericana-de-la-salud-nacion-y-municipio-por-el-honguito\\\/#article\",\"isPartOf\":{\"@id\":\"https:\\\/\\\/noticiasmercedinas.com\\\/site\\\/2020\\\/09\\\/11\\\/organizacion-panamericana-de-la-salud-nacion-y-municipio-por-el-honguito\\\/\"},\"author\":{\"name\":\"NOTICIASMERCEDINAS.COM\",\"@id\":\"https:\\\/\\\/noticiasmercedinas.com\\\/site\\\/#\\\/schema\\\/person\\\/84b59c099c28ff2e8b77d4ceec5d8063\"},\"headline\":\"Organizaci\u00f3n Panamericana de la Salud, Naci\u00f3n y Municipio, por \u201cEl Honguito\u201d\",\"datePublished\":\"2020-09-11T23:16:36+00:00\",\"mainEntityOfPage\":{\"@id\":\"https:\\\/\\\/noticiasmercedinas.com\\\/site\\\/2020\\\/09\\\/11\\\/organizacion-panamericana-de-la-salud-nacion-y-municipio-por-el-honguito\\\/\"},\"wordCount\":806,\"commentCount\":0,\"publisher\":{\"@id\":\"https:\\\/\\\/noticiasmercedinas.com\\\/site\\\/#organization\"},\"image\":{\"@id\":\"https:\\\/\\\/noticiasmercedinas.com\\\/site\\\/2020\\\/09\\\/11\\\/organizacion-panamericana-de-la-salud-nacion-y-municipio-por-el-honguito\\\/#primaryimage\"},\"thumbnailUrl\":\"https:\\\/\\\/noticiasmercedinas.com\\\/site\\\/wp-content\\\/uploads\\\/2020\\\/09\\\/DSC08227.jpg\",\"keywords\":[\"as\",\"desarrollo social\",\"el honguito\",\"ops\",\"salud\"],\"articleSection\":[\"Sociedad\"],\"inLanguage\":\"es\",\"potentialAction\":[{\"@type\":\"CommentAction\",\"name\":\"Comment\",\"target\":[\"https:\\\/\\\/noticiasmercedinas.com\\\/site\\\/2020\\\/09\\\/11\\\/organizacion-panamericana-de-la-salud-nacion-y-municipio-por-el-honguito\\\/#respond\"]}]},{\"@type\":\"WebPage\",\"@id\":\"https:\\\/\\\/noticiasmercedinas.com\\\/site\\\/2020\\\/09\\\/11\\\/organizacion-panamericana-de-la-salud-nacion-y-municipio-por-el-honguito\\\/\",\"url\":\"https:\\\/\\\/noticiasmercedinas.com\\\/site\\\/2020\\\/09\\\/11\\\/organizacion-panamericana-de-la-salud-nacion-y-municipio-por-el-honguito\\\/\",\"name\":\"Organizaci\u00f3n Panamericana de la Salud, Naci\u00f3n y Municipio, por \u201cEl Honguito\u201d\",\"isPartOf\":{\"@id\":\"https:\\\/\\\/noticiasmercedinas.com\\\/site\\\/#website\"},\"primaryImageOfPage\":{\"@id\":\"https:\\\/\\\/noticiasmercedinas.com\\\/site\\\/2020\\\/09\\\/11\\\/organizacion-panamericana-de-la-salud-nacion-y-municipio-por-el-honguito\\\/#primaryimage\"},\"image\":{\"@id\":\"https:\\\/\\\/noticiasmercedinas.com\\\/site\\\/2020\\\/09\\\/11\\\/organizacion-panamericana-de-la-salud-nacion-y-municipio-por-el-honguito\\\/#primaryimage\"},\"thumbnailUrl\":\"https:\\\/\\\/noticiasmercedinas.com\\\/site\\\/wp-content\\\/uploads\\\/2020\\\/09\\\/DSC08227.jpg\",\"datePublished\":\"2020-09-11T23:16:36+00:00\",\"breadcrumb\":{\"@id\":\"https:\\\/\\\/noticiasmercedinas.com\\\/site\\\/2020\\\/09\\\/11\\\/organizacion-panamericana-de-la-salud-nacion-y-municipio-por-el-honguito\\\/#breadcrumb\"},\"inLanguage\":\"es\",\"potentialAction\":[{\"@type\":\"ReadAction\",\"target\":[\"https:\\\/\\\/noticiasmercedinas.com\\\/site\\\/2020\\\/09\\\/11\\\/organizacion-panamericana-de-la-salud-nacion-y-municipio-por-el-honguito\\\/\"]}]},{\"@type\":\"ImageObject\",\"inLanguage\":\"es\",\"@id\":\"https:\\\/\\\/noticiasmercedinas.com\\\/site\\\/2020\\\/09\\\/11\\\/organizacion-panamericana-de-la-salud-nacion-y-municipio-por-el-honguito\\\/#primaryimage\",\"url\":\"https:\\\/\\\/noticiasmercedinas.com\\\/site\\\/wp-content\\\/uploads\\\/2020\\\/09\\\/DSC08227.jpg\",\"contentUrl\":\"https:\\\/\\\/noticiasmercedinas.com\\\/site\\\/wp-content\\\/uploads\\\/2020\\\/09\\\/DSC08227.jpg\",\"width\":939,\"height\":626},{\"@type\":\"BreadcrumbList\",\"@id\":\"https:\\\/\\\/noticiasmercedinas.com\\\/site\\\/2020\\\/09\\\/11\\\/organizacion-panamericana-de-la-salud-nacion-y-municipio-por-el-honguito\\\/#breadcrumb\",\"itemListElement\":[{\"@type\":\"ListItem\",\"position\":1,\"name\":\"Portada\",\"item\":\"https:\\\/\\\/noticiasmercedinas.com\\\/site\\\/\"},{\"@type\":\"ListItem\",\"position\":2,\"name\":\"Organizaci\u00f3n Panamericana de la Salud, Naci\u00f3n y Municipio, por \u201cEl Honguito\u201d\"}]},{\"@type\":\"WebSite\",\"@id\":\"https:\\\/\\\/noticiasmercedinas.com\\\/site\\\/#website\",\"url\":\"https:\\\/\\\/noticiasmercedinas.com\\\/site\\\/\",\"name\":\"NOTICIASMERCEDINAS.COM\",\"description\":\"Mercedes, Buenos Aires, Argentina\",\"publisher\":{\"@id\":\"https:\\\/\\\/noticiasmercedinas.com\\\/site\\\/#organization\"},\"potentialAction\":[{\"@type\":\"SearchAction\",\"target\":{\"@type\":\"EntryPoint\",\"urlTemplate\":\"https:\\\/\\\/noticiasmercedinas.com\\\/site\\\/?s={search_term_string}\"},\"query-input\":{\"@type\":\"PropertyValueSpecification\",\"valueRequired\":true,\"valueName\":\"search_term_string\"}}],\"inLanguage\":\"es\"},{\"@type\":\"Organization\",\"@id\":\"https:\\\/\\\/noticiasmercedinas.com\\\/site\\\/#organization\",\"name\":\"NOTICIASMERCEDINAS.COM\",\"url\":\"https:\\\/\\\/noticiasmercedinas.com\\\/site\\\/\",\"logo\":{\"@type\":\"ImageObject\",\"inLanguage\":\"es\",\"@id\":\"https:\\\/\\\/noticiasmercedinas.com\\\/site\\\/#\\\/schema\\\/logo\\\/image\\\/\",\"url\":\"https:\\\/\\\/noticiasmercedinas.com\\\/site\\\/wp-content\\\/uploads\\\/2020\\\/06\\\/LOGO-512.jpg\",\"contentUrl\":\"https:\\\/\\\/noticiasmercedinas.com\\\/site\\\/wp-content\\\/uploads\\\/2020\\\/06\\\/LOGO-512.jpg\",\"width\":512,\"height\":512,\"caption\":\"NOTICIASMERCEDINAS.COM\"},\"image\":{\"@id\":\"https:\\\/\\\/noticiasmercedinas.com\\\/site\\\/#\\\/schema\\\/logo\\\/image\\\/\"},\"sameAs\":[\"https:\\\/\\\/www.facebook.com\\\/noticiasmercedinas\\\/\",\"https:\\\/\\\/x.com\\\/notmercedinas\",\"https:\\\/\\\/www.instagram.com\\\/noticiasmercedinas\\\/\"]},{\"@type\":\"Person\",\"@id\":\"https:\\\/\\\/noticiasmercedinas.com\\\/site\\\/#\\\/schema\\\/person\\\/84b59c099c28ff2e8b77d4ceec5d8063\",\"name\":\"NOTICIASMERCEDINAS.COM\",\"image\":{\"@type\":\"ImageObject\",\"inLanguage\":\"es\",\"@id\":\"https:\\\/\\\/secure.gravatar.com\\\/avatar\\\/4dfbf16b4d17945bfb6341b2d19043457132fcf478a5ee04f42e959fd8f5df0a?s=96&d=mm&r=g\",\"url\":\"https:\\\/\\\/secure.gravatar.com\\\/avatar\\\/4dfbf16b4d17945bfb6341b2d19043457132fcf478a5ee04f42e959fd8f5df0a?s=96&d=mm&r=g\",\"contentUrl\":\"https:\\\/\\\/secure.gravatar.com\\\/avatar\\\/4dfbf16b4d17945bfb6341b2d19043457132fcf478a5ee04f42e959fd8f5df0a?s=96&d=mm&r=g\",\"caption\":\"NOTICIASMERCEDINAS.COM\"},\"url\":\"https:\\\/\\\/noticiasmercedinas.com\\\/site\\\/author\\\/anonimo\\\/\"}]}<\/script>\n<!-- \/ Yoast SEO plugin. -->","yoast_head_json":{"title":"Organizaci\u00f3n Panamericana de la Salud, Naci\u00f3n y Municipio, por \u201cEl Honguito\u201d","robots":{"index":"index","follow":"follow","max-snippet":"max-snippet:-1","max-image-preview":"max-image-preview:large","max-video-preview":"max-video-preview:-1"},"canonical":"https:\/\/noticiasmercedinas.com\/site\/2020\/09\/11\/organizacion-panamericana-de-la-salud-nacion-y-municipio-por-el-honguito\/","og_locale":"es_ES","og_type":"article","og_title":"Organizaci\u00f3n Panamericana de la Salud, Naci\u00f3n y Municipio, por \u201cEl Honguito\u201d","og_description":"\u25a0 Eligieron la ciudad de Mercedes para llevar adelante una experiencia piloto vinculada a la atenci\u00f3n primaria de la salud en el marco de esta pandemia.","og_url":"https:\/\/noticiasmercedinas.com\/site\/2020\/09\/11\/organizacion-panamericana-de-la-salud-nacion-y-municipio-por-el-honguito\/","og_site_name":"NOTICIASMERCEDINAS.COM","article_publisher":"https:\/\/www.facebook.com\/noticiasmercedinas\/","article_published_time":"2020-09-11T23:16:36+00:00","og_image":[{"width":939,"height":626,"url":"https:\/\/noticiasmercedinas.com\/site\/wp-content\/uploads\/2020\/09\/DSC08227.jpg","type":"image\/jpeg"}],"author":"NOTICIASMERCEDINAS.COM","twitter_card":"summary_large_image","twitter_creator":"@notmercedinas","twitter_site":"@notmercedinas","twitter_misc":{"Escrito por":"NOTICIASMERCEDINAS.COM","Tiempo de lectura":"4 minutos"},"schema":{"@context":"https:\/\/schema.org","@graph":[{"@type":"Article","@id":"https:\/\/noticiasmercedinas.com\/site\/2020\/09\/11\/organizacion-panamericana-de-la-salud-nacion-y-municipio-por-el-honguito\/#article","isPartOf":{"@id":"https:\/\/noticiasmercedinas.com\/site\/2020\/09\/11\/organizacion-panamericana-de-la-salud-nacion-y-municipio-por-el-honguito\/"},"author":{"name":"NOTICIASMERCEDINAS.COM","@id":"https:\/\/noticiasmercedinas.com\/site\/#\/schema\/person\/84b59c099c28ff2e8b77d4ceec5d8063"},"headline":"Organizaci\u00f3n Panamericana de la Salud, Naci\u00f3n y Municipio, por \u201cEl Honguito\u201d","datePublished":"2020-09-11T23:16:36+00:00","mainEntityOfPage":{"@id":"https:\/\/noticiasmercedinas.com\/site\/2020\/09\/11\/organizacion-panamericana-de-la-salud-nacion-y-municipio-por-el-honguito\/"},"wordCount":806,"commentCount":0,"publisher":{"@id":"https:\/\/noticiasmercedinas.com\/site\/#organization"},"image":{"@id":"https:\/\/noticiasmercedinas.com\/site\/2020\/09\/11\/organizacion-panamericana-de-la-salud-nacion-y-municipio-por-el-honguito\/#primaryimage"},"thumbnailUrl":"https:\/\/noticiasmercedinas.com\/site\/wp-content\/uploads\/2020\/09\/DSC08227.jpg","keywords":["as","desarrollo social","el honguito","ops","salud"],"articleSection":["Sociedad"],"inLanguage":"es","potentialAction":[{"@type":"CommentAction","name":"Comment","target":["https:\/\/noticiasmercedinas.com\/site\/2020\/09\/11\/organizacion-panamericana-de-la-salud-nacion-y-municipio-por-el-honguito\/#respond"]}]},{"@type":"WebPage","@id":"https:\/\/noticiasmercedinas.com\/site\/2020\/09\/11\/organizacion-panamericana-de-la-salud-nacion-y-municipio-por-el-honguito\/","url":"https:\/\/noticiasmercedinas.com\/site\/2020\/09\/11\/organizacion-panamericana-de-la-salud-nacion-y-municipio-por-el-honguito\/","name":"Organizaci\u00f3n Panamericana de la Salud, Naci\u00f3n y Municipio, por \u201cEl Honguito\u201d","isPartOf":{"@id":"https:\/\/noticiasmercedinas.com\/site\/#website"},"primaryImageOfPage":{"@id":"https:\/\/noticiasmercedinas.com\/site\/2020\/09\/11\/organizacion-panamericana-de-la-salud-nacion-y-municipio-por-el-honguito\/#primaryimage"},"image":{"@id":"https:\/\/noticiasmercedinas.com\/site\/2020\/09\/11\/organizacion-panamericana-de-la-salud-nacion-y-municipio-por-el-honguito\/#primaryimage"},"thumbnailUrl":"https:\/\/noticiasmercedinas.com\/site\/wp-content\/uploads\/2020\/09\/DSC08227.jpg","datePublished":"2020-09-11T23:16:36+00:00","breadcrumb":{"@id":"https:\/\/noticiasmercedinas.com\/site\/2020\/09\/11\/organizacion-panamericana-de-la-salud-nacion-y-municipio-por-el-honguito\/#breadcrumb"},"inLanguage":"es","potentialAction":[{"@type":"ReadAction","target":["https:\/\/noticiasmercedinas.com\/site\/2020\/09\/11\/organizacion-panamericana-de-la-salud-nacion-y-municipio-por-el-honguito\/"]}]},{"@type":"ImageObject","inLanguage":"es","@id":"https:\/\/noticiasmercedinas.com\/site\/2020\/09\/11\/organizacion-panamericana-de-la-salud-nacion-y-municipio-por-el-honguito\/#primaryimage","url":"https:\/\/noticiasmercedinas.com\/site\/wp-content\/uploads\/2020\/09\/DSC08227.jpg","contentUrl":"https:\/\/noticiasmercedinas.com\/site\/wp-content\/uploads\/2020\/09\/DSC08227.jpg","width":939,"height":626},{"@type":"BreadcrumbList","@id":"https:\/\/noticiasmercedinas.com\/site\/2020\/09\/11\/organizacion-panamericana-de-la-salud-nacion-y-municipio-por-el-honguito\/#breadcrumb","itemListElement":[{"@type":"ListItem","position":1,"name":"Portada","item":"https:\/\/noticiasmercedinas.com\/site\/"},{"@type":"ListItem","position":2,"name":"Organizaci\u00f3n Panamericana de la Salud, Naci\u00f3n y Municipio, por \u201cEl Honguito\u201d"}]},{"@type":"WebSite","@id":"https:\/\/noticiasmercedinas.com\/site\/#website","url":"https:\/\/noticiasmercedinas.com\/site\/","name":"NOTICIASMERCEDINAS.COM","description":"Mercedes, Buenos Aires, Argentina","publisher":{"@id":"https:\/\/noticiasmercedinas.com\/site\/#organization"},"potentialAction":[{"@type":"SearchAction","target":{"@type":"EntryPoint","urlTemplate":"https:\/\/noticiasmercedinas.com\/site\/?s={search_term_string}"},"query-input":{"@type":"PropertyValueSpecification","valueRequired":true,"valueName":"search_term_string"}}],"inLanguage":"es"},{"@type":"Organization","@id":"https:\/\/noticiasmercedinas.com\/site\/#organization","name":"NOTICIASMERCEDINAS.COM","url":"https:\/\/noticiasmercedinas.com\/site\/","logo":{"@type":"ImageObject","inLanguage":"es","@id":"https:\/\/noticiasmercedinas.com\/site\/#\/schema\/logo\/image\/","url":"https:\/\/noticiasmercedinas.com\/site\/wp-content\/uploads\/2020\/06\/LOGO-512.jpg","contentUrl":"https:\/\/noticiasmercedinas.com\/site\/wp-content\/uploads\/2020\/06\/LOGO-512.jpg","width":512,"height":512,"caption":"NOTICIASMERCEDINAS.COM"},"image":{"@id":"https:\/\/noticiasmercedinas.com\/site\/#\/schema\/logo\/image\/"},"sameAs":["https:\/\/www.facebook.com\/noticiasmercedinas\/","https:\/\/x.com\/notmercedinas","https:\/\/www.instagram.com\/noticiasmercedinas\/"]},{"@type":"Person","@id":"https:\/\/noticiasmercedinas.com\/site\/#\/schema\/person\/84b59c099c28ff2e8b77d4ceec5d8063","name":"NOTICIASMERCEDINAS.COM","image":{"@type":"ImageObject","inLanguage":"es","@id":"https:\/\/secure.gravatar.com\/avatar\/4dfbf16b4d17945bfb6341b2d19043457132fcf478a5ee04f42e959fd8f5df0a?s=96&d=mm&r=g","url":"https:\/\/secure.gravatar.com\/avatar\/4dfbf16b4d17945bfb6341b2d19043457132fcf478a5ee04f42e959fd8f5df0a?s=96&d=mm&r=g","contentUrl":"https:\/\/secure.gravatar.com\/avatar\/4dfbf16b4d17945bfb6341b2d19043457132fcf478a5ee04f42e959fd8f5df0a?s=96&d=mm&r=g","caption":"NOTICIASMERCEDINAS.COM"},"url":"https:\/\/noticiasmercedinas.com\/site\/author\/anonimo\/"}]}},"amp_enabled":true,"_links":{"self":[{"href":"https:\/\/noticiasmercedinas.com\/site\/wp-json\/wp\/v2\/posts\/52873","targetHints":{"allow":["GET"]}}],"collection":[{"href":"https:\/\/noticiasmercedinas.com\/site\/wp-json\/wp\/v2\/posts"}],"about":[{"href":"https:\/\/noticiasmercedinas.com\/site\/wp-json\/wp\/v2\/types\/post"}],"author":[{"embeddable":true,"href":"https:\/\/noticiasmercedinas.com\/site\/wp-json\/wp\/v2\/users\/16"}],"replies":[{"embeddable":true,"href":"https:\/\/noticiasmercedinas.com\/site\/wp-json\/wp\/v2\/comments?post=52873"}],"version-history":[{"count":1,"href":"https:\/\/noticiasmercedinas.com\/site\/wp-json\/wp\/v2\/posts\/52873\/revisions"}],"predecessor-version":[{"id":52877,"href":"https:\/\/noticiasmercedinas.com\/site\/wp-json\/wp\/v2\/posts\/52873\/revisions\/52877"}],"wp:featuredmedia":[{"embeddable":true,"href":"https:\/\/noticiasmercedinas.com\/site\/wp-json\/wp\/v2\/media\/52875"}],"wp:attachment":[{"href":"https:\/\/noticiasmercedinas.com\/site\/wp-json\/wp\/v2\/media?parent=52873"}],"wp:term":[{"taxonomy":"category","embeddable":true,"href":"https:\/\/noticiasmercedinas.com\/site\/wp-json\/wp\/v2\/categories?post=52873"},{"taxonomy":"post_tag","embeddable":true,"href":"https:\/\/noticiasmercedinas.com\/site\/wp-json\/wp\/v2\/tags?post=52873"}],"curies":[{"name":"wp","href":"https:\/\/api.w.org\/{rel}","templated":true}]}}