{"id":52887,"date":"2020-09-11T23:03:54","date_gmt":"2020-09-12T02:03:54","guid":{"rendered":"https:\/\/noticiasmercedinas.com\/site\/?p=52887"},"modified":"2020-09-11T23:03:54","modified_gmt":"2020-09-12T02:03:54","slug":"tratamos-de-dar-respuesta-a-cada-institucion-que-lo-requiere","status":"publish","type":"post","link":"https:\/\/noticiasmercedinas.com\/site\/2020\/09\/11\/tratamos-de-dar-respuesta-a-cada-institucion-que-lo-requiere\/","title":{"rendered":"\u00abTratamos de dar respuesta a cada instituci\u00f3n que lo requiere\u00bb"},"content":{"rendered":"<p><img loading=\"lazy\" decoding=\"async\" class=\"alignnone size-full wp-image-46256\" src=\"https:\/\/noticiasmercedinas.com\/site\/wp-content\/uploads\/2020\/06\/danielivaldis.jpg\" alt=\"\" width=\"1280\" height=\"897\" srcset=\"https:\/\/noticiasmercedinas.com\/site\/wp-content\/uploads\/2020\/06\/danielivaldis.jpg 1280w, https:\/\/noticiasmercedinas.com\/site\/wp-content\/uploads\/2020\/06\/danielivaldis-300x210.jpg 300w, https:\/\/noticiasmercedinas.com\/site\/wp-content\/uploads\/2020\/06\/danielivaldis-1024x718.jpg 1024w, https:\/\/noticiasmercedinas.com\/site\/wp-content\/uploads\/2020\/06\/danielivaldis-768x538.jpg 768w, https:\/\/noticiasmercedinas.com\/site\/wp-content\/uploads\/2020\/06\/danielivaldis-640x449.jpg 640w, https:\/\/noticiasmercedinas.com\/site\/wp-content\/uploads\/2020\/06\/danielivaldis-681x477.jpg 681w\" sizes=\"auto, (max-width: 1280px) 100vw, 1280px\" \/><\/p>\n<p>El consejero escolar <strong>Daniel Ivaldis<\/strong>, del Frente Juntos por el Cambio, remarc\u00f3 su compromiso con la labor que ejerce por la educaci\u00f3n desde el lugar que le toca, y en este D\u00eda del Maestro salud\u00f3 y felicit\u00f3 a todos los que le ponen el hombro con su trabajo a la \u201cnoble labor de formar\u201d, sobre todo en estos tiempos de pandemia.<\/p>\n<p>\u201cEs un d\u00eda del maestro muy particular y especial\u201d, se\u00f1al\u00f3 Ivaldis. \u201cYo estoy dejando las aulas y el contacto cercano con los alumnos, una tarea incre\u00edble que me ha tocado vivir y que me dej\u00f3 recuerdos imborrables\u201d, dijo.<\/p>\n<p>\u201cHoy la realidad es otra y como consejero escolar, que es lo que me toca desempe\u00f1ar, la terea es m\u00e1s que noble y no voy a dejar de agradecer nunca a la gente que me ha permitido estar en este lugar de trabajo con una tarea tan importante que es cambiar la realidad, en la manera que uno pueda, del sistema educativo en su conjunto. Modificar un poco la situaci\u00f3n que vive la escuela p\u00fablica en Mercedes\u201d, dijo el consejero.<\/p>\n<p>\u201cY en esa l\u00ednea de trabajo que venimos haciendo desde el 10 de diciembre con un Consejo Escolar muy activo, estamos tratando de dar respuestas a todos los pedidos que tenemos de las escuelas, para que les brindemos soluciones\u201d, indic\u00f3 y coment\u00f3 que en el d\u00eda de hoy, d\u00eda del maestro, tambi\u00e9n estuvieron trabajando.<\/p>\n<p>\u201cNos hicimos presente en los colegios y estuvimos en el Nacional tratando de dar soluci\u00f3n al problema de las calderas. Y agradezco al ingeniero Di Palma, que tan grata y desinteresadamente nos est\u00e1 acompa\u00f1ando, guiando y asesorando para encontrar soluci\u00f3n al problema. Agradecemos tambi\u00e9n a la arquitecta Susana Camele que nos ayuda\u201d, destac\u00f3 Ivaldis, para quien \u201cmejorar la calidad de vida de los alumnos es nuestro horizonte hoy\u201d.<\/p>\n<blockquote><p>El trabajo de conjunto es el que suma, el consenso, los acuerdos, son la forma que intento trabajar y manifestarme. De los acuerdos se crece, salen grandes cosas y estas se reflejan en una mejora en la calidad de vida en la escuela, para auxiliares, docentes, alumnos y toda la comunidad.<\/p><\/blockquote>\n<p>\u201cEstoy muy contento por esta tarea que llevamos adelante dando respuesta a la responsabilidad que la gente puso en m\u00ed para ocupar ese lugar. Creo que estamos en el buen camino tratando de dar respuesta a cada instituci\u00f3n que lo requiere. El trabajo de conjunto es el que suma, el consenso, los acuerdos, son la forma que intento trabajar y manifestarme. De los acuerdos se crece, salen grandes cosas y estas se reflejan en una mejora en la calidad de vida en la escuela, para auxiliares, docentes, alumnos y toda la comunidad. Si tomamos esta responsabilidad y la llevamos a cabo sin ego\u00edsmos, sin personalismos, se logran grandes cosas. Ese es mi punto de vista y trabajar\u00e9 para lograr eso, que es indispensable, sobre todo en estos tiempos que la tensi\u00f3n abunda y debemos encontrar entre todos un camino de reflexi\u00f3n y de consenso para la acci\u00f3n\u201d, concluy\u00f3 y agradeci\u00f3 \u201ca todo el conjunto de la clase trabajadora de la educaci\u00f3n\u201d ya que \u201ctodos sostenemos esta tarea tan noble de formar\u201d.<\/p>\n<p>\u201cEs un d\u00eda para reflexionar pero sin lugar a dudas el trabajo que se lleva adelante en esta pandemia hay que destacarlo\u201d, complet\u00f3 Ivaldis.<\/p>\n<p><img loading=\"lazy\" decoding=\"async\" class=\"alignnone size-full wp-image-52888\" src=\"https:\/\/noticiasmercedinas.com\/site\/wp-content\/uploads\/2020\/09\/092127d2-e8bf-4653-9e88-eaf1482a92cd.jpg\" alt=\"\" width=\"780\" height=\"1040\" srcset=\"https:\/\/noticiasmercedinas.com\/site\/wp-content\/uploads\/2020\/09\/092127d2-e8bf-4653-9e88-eaf1482a92cd.jpg 780w, https:\/\/noticiasmercedinas.com\/site\/wp-content\/uploads\/2020\/09\/092127d2-e8bf-4653-9e88-eaf1482a92cd-225x300.jpg 225w, https:\/\/noticiasmercedinas.com\/site\/wp-content\/uploads\/2020\/09\/092127d2-e8bf-4653-9e88-eaf1482a92cd-768x1024.jpg 768w, https:\/\/noticiasmercedinas.com\/site\/wp-content\/uploads\/2020\/09\/092127d2-e8bf-4653-9e88-eaf1482a92cd-640x853.jpg 640w, https:\/\/noticiasmercedinas.com\/site\/wp-content\/uploads\/2020\/09\/092127d2-e8bf-4653-9e88-eaf1482a92cd-681x908.jpg 681w\" sizes=\"auto, (max-width: 780px) 100vw, 780px\" \/><\/p>\n","protected":false},"excerpt":{"rendered":"<p>\u25a0 Daniel Ivaldis, de Juntos por el Cambio, remarc\u00f3 su compromiso con la labor que ejerce por la educaci\u00f3n como consejero. Agradeci\u00f3 a quienes trabajan en este contexto.<\/p>\n","protected":false},"author":2,"featured_media":46256,"comment_status":"open","ping_status":"open","sticky":false,"template":"","format":"standard","meta":{"footnotes":""},"categories":[16],"tags":[267,5431,38,5269],"class_list":["post-52887","post","type-post","status-publish","format-standard","has-post-thumbnail","hentry","category-politica","tag-consejo-escolar","tag-daniel-ivaldis","tag-educacion","tag-juntos-por-el-cambio"],"yoast_head":"<!-- This site is optimized with the Yoast SEO plugin v27.5 - https:\/\/yoast.com\/product\/yoast-seo-wordpress\/ -->\n<title>&quot;Tratamos de dar respuesta a cada instituci\u00f3n que lo requiere&quot;<\/title>\n<meta name=\"robots\" content=\"index, follow, max-snippet:-1, max-image-preview:large, max-video-preview:-1\" \/>\n<link rel=\"canonical\" href=\"https:\/\/noticiasmercedinas.com\/site\/2020\/09\/11\/tratamos-de-dar-respuesta-a-cada-institucion-que-lo-requiere\/\" \/>\n<meta property=\"og:locale\" content=\"es_ES\" \/>\n<meta property=\"og:type\" content=\"article\" \/>\n<meta property=\"og:title\" content=\"&quot;Tratamos de dar respuesta a cada instituci\u00f3n que lo requiere&quot;\" \/>\n<meta property=\"og:description\" content=\"\u25a0 Daniel Ivaldis, de Juntos por el Cambio, remarc\u00f3 su compromiso con la labor que ejerce por la educaci\u00f3n como consejero. Agradeci\u00f3 a quienes trabajan en este contexto.\" \/>\n<meta property=\"og:url\" content=\"https:\/\/noticiasmercedinas.com\/site\/2020\/09\/11\/tratamos-de-dar-respuesta-a-cada-institucion-que-lo-requiere\/\" \/>\n<meta property=\"og:site_name\" content=\"NOTICIASMERCEDINAS.COM\" \/>\n<meta property=\"article:publisher\" content=\"https:\/\/www.facebook.com\/noticiasmercedinas\/\" \/>\n<meta property=\"article:author\" content=\"https:\/\/www.facebook.com\/cristian.falabella\" \/>\n<meta property=\"article:published_time\" content=\"2020-09-12T02:03:54+00:00\" \/>\n<meta property=\"og:image\" content=\"https:\/\/noticiasmercedinas.com\/site\/wp-content\/uploads\/2020\/06\/danielivaldis.jpg\" \/>\n\t<meta property=\"og:image:width\" content=\"1280\" \/>\n\t<meta property=\"og:image:height\" content=\"897\" \/>\n\t<meta property=\"og:image:type\" content=\"image\/jpeg\" \/>\n<meta name=\"author\" content=\"Cristian Falabella NOTICIASMERCEDINAS.COM\" \/>\n<meta name=\"twitter:card\" content=\"summary_large_image\" \/>\n<meta name=\"twitter:creator\" content=\"@https:\/\/twitter.com\/NOTMERCEDINAS\" \/>\n<meta name=\"twitter:site\" content=\"@notmercedinas\" \/>\n<meta name=\"twitter:label1\" content=\"Escrito por\" \/>\n\t<meta name=\"twitter:data1\" content=\"Cristian Falabella NOTICIASMERCEDINAS.COM\" \/>\n\t<meta name=\"twitter:label2\" content=\"Tiempo de lectura\" \/>\n\t<meta name=\"twitter:data2\" content=\"3 minutos\" \/>\n<script type=\"application\/ld+json\" class=\"yoast-schema-graph\">{\"@context\":\"https:\\\/\\\/schema.org\",\"@graph\":[{\"@type\":\"Article\",\"@id\":\"https:\\\/\\\/noticiasmercedinas.com\\\/site\\\/2020\\\/09\\\/11\\\/tratamos-de-dar-respuesta-a-cada-institucion-que-lo-requiere\\\/#article\",\"isPartOf\":{\"@id\":\"https:\\\/\\\/noticiasmercedinas.com\\\/site\\\/2020\\\/09\\\/11\\\/tratamos-de-dar-respuesta-a-cada-institucion-que-lo-requiere\\\/\"},\"author\":{\"name\":\"Cristian Falabella NOTICIASMERCEDINAS.COM\",\"@id\":\"https:\\\/\\\/noticiasmercedinas.com\\\/site\\\/#\\\/schema\\\/person\\\/d481a9696a5feaec13a60e2bbd991a6a\"},\"headline\":\"\u00abTratamos de dar respuesta a cada instituci\u00f3n que lo requiere\u00bb\",\"datePublished\":\"2020-09-12T02:03:54+00:00\",\"mainEntityOfPage\":{\"@id\":\"https:\\\/\\\/noticiasmercedinas.com\\\/site\\\/2020\\\/09\\\/11\\\/tratamos-de-dar-respuesta-a-cada-institucion-que-lo-requiere\\\/\"},\"wordCount\":581,\"commentCount\":0,\"publisher\":{\"@id\":\"https:\\\/\\\/noticiasmercedinas.com\\\/site\\\/#organization\"},\"image\":{\"@id\":\"https:\\\/\\\/noticiasmercedinas.com\\\/site\\\/2020\\\/09\\\/11\\\/tratamos-de-dar-respuesta-a-cada-institucion-que-lo-requiere\\\/#primaryimage\"},\"thumbnailUrl\":\"https:\\\/\\\/noticiasmercedinas.com\\\/site\\\/wp-content\\\/uploads\\\/2020\\\/06\\\/danielivaldis.jpg\",\"keywords\":[\"consejo escolar\",\"Daniel Ivaldis\",\"educacion\",\"juntos por el cambio\"],\"articleSection\":[\"Politica\"],\"inLanguage\":\"es\",\"potentialAction\":[{\"@type\":\"CommentAction\",\"name\":\"Comment\",\"target\":[\"https:\\\/\\\/noticiasmercedinas.com\\\/site\\\/2020\\\/09\\\/11\\\/tratamos-de-dar-respuesta-a-cada-institucion-que-lo-requiere\\\/#respond\"]}]},{\"@type\":\"WebPage\",\"@id\":\"https:\\\/\\\/noticiasmercedinas.com\\\/site\\\/2020\\\/09\\\/11\\\/tratamos-de-dar-respuesta-a-cada-institucion-que-lo-requiere\\\/\",\"url\":\"https:\\\/\\\/noticiasmercedinas.com\\\/site\\\/2020\\\/09\\\/11\\\/tratamos-de-dar-respuesta-a-cada-institucion-que-lo-requiere\\\/\",\"name\":\"\\\"Tratamos de dar respuesta a cada instituci\u00f3n que lo requiere\\\"\",\"isPartOf\":{\"@id\":\"https:\\\/\\\/noticiasmercedinas.com\\\/site\\\/#website\"},\"primaryImageOfPage\":{\"@id\":\"https:\\\/\\\/noticiasmercedinas.com\\\/site\\\/2020\\\/09\\\/11\\\/tratamos-de-dar-respuesta-a-cada-institucion-que-lo-requiere\\\/#primaryimage\"},\"image\":{\"@id\":\"https:\\\/\\\/noticiasmercedinas.com\\\/site\\\/2020\\\/09\\\/11\\\/tratamos-de-dar-respuesta-a-cada-institucion-que-lo-requiere\\\/#primaryimage\"},\"thumbnailUrl\":\"https:\\\/\\\/noticiasmercedinas.com\\\/site\\\/wp-content\\\/uploads\\\/2020\\\/06\\\/danielivaldis.jpg\",\"datePublished\":\"2020-09-12T02:03:54+00:00\",\"breadcrumb\":{\"@id\":\"https:\\\/\\\/noticiasmercedinas.com\\\/site\\\/2020\\\/09\\\/11\\\/tratamos-de-dar-respuesta-a-cada-institucion-que-lo-requiere\\\/#breadcrumb\"},\"inLanguage\":\"es\",\"potentialAction\":[{\"@type\":\"ReadAction\",\"target\":[\"https:\\\/\\\/noticiasmercedinas.com\\\/site\\\/2020\\\/09\\\/11\\\/tratamos-de-dar-respuesta-a-cada-institucion-que-lo-requiere\\\/\"]}]},{\"@type\":\"ImageObject\",\"inLanguage\":\"es\",\"@id\":\"https:\\\/\\\/noticiasmercedinas.com\\\/site\\\/2020\\\/09\\\/11\\\/tratamos-de-dar-respuesta-a-cada-institucion-que-lo-requiere\\\/#primaryimage\",\"url\":\"https:\\\/\\\/noticiasmercedinas.com\\\/site\\\/wp-content\\\/uploads\\\/2020\\\/06\\\/danielivaldis.jpg\",\"contentUrl\":\"https:\\\/\\\/noticiasmercedinas.com\\\/site\\\/wp-content\\\/uploads\\\/2020\\\/06\\\/danielivaldis.jpg\",\"width\":1280,\"height\":897},{\"@type\":\"BreadcrumbList\",\"@id\":\"https:\\\/\\\/noticiasmercedinas.com\\\/site\\\/2020\\\/09\\\/11\\\/tratamos-de-dar-respuesta-a-cada-institucion-que-lo-requiere\\\/#breadcrumb\",\"itemListElement\":[{\"@type\":\"ListItem\",\"position\":1,\"name\":\"Portada\",\"item\":\"https:\\\/\\\/noticiasmercedinas.com\\\/site\\\/\"},{\"@type\":\"ListItem\",\"position\":2,\"name\":\"\u00abTratamos de dar respuesta a cada instituci\u00f3n que lo requiere\u00bb\"}]},{\"@type\":\"WebSite\",\"@id\":\"https:\\\/\\\/noticiasmercedinas.com\\\/site\\\/#website\",\"url\":\"https:\\\/\\\/noticiasmercedinas.com\\\/site\\\/\",\"name\":\"NOTICIASMERCEDINAS.COM\",\"description\":\"Mercedes, Buenos Aires, Argentina\",\"publisher\":{\"@id\":\"https:\\\/\\\/noticiasmercedinas.com\\\/site\\\/#organization\"},\"potentialAction\":[{\"@type\":\"SearchAction\",\"target\":{\"@type\":\"EntryPoint\",\"urlTemplate\":\"https:\\\/\\\/noticiasmercedinas.com\\\/site\\\/?s={search_term_string}\"},\"query-input\":{\"@type\":\"PropertyValueSpecification\",\"valueRequired\":true,\"valueName\":\"search_term_string\"}}],\"inLanguage\":\"es\"},{\"@type\":\"Organization\",\"@id\":\"https:\\\/\\\/noticiasmercedinas.com\\\/site\\\/#organization\",\"name\":\"NOTICIASMERCEDINAS.COM\",\"url\":\"https:\\\/\\\/noticiasmercedinas.com\\\/site\\\/\",\"logo\":{\"@type\":\"ImageObject\",\"inLanguage\":\"es\",\"@id\":\"https:\\\/\\\/noticiasmercedinas.com\\\/site\\\/#\\\/schema\\\/logo\\\/image\\\/\",\"url\":\"https:\\\/\\\/noticiasmercedinas.com\\\/site\\\/wp-content\\\/uploads\\\/2020\\\/06\\\/LOGO-512.jpg\",\"contentUrl\":\"https:\\\/\\\/noticiasmercedinas.com\\\/site\\\/wp-content\\\/uploads\\\/2020\\\/06\\\/LOGO-512.jpg\",\"width\":512,\"height\":512,\"caption\":\"NOTICIASMERCEDINAS.COM\"},\"image\":{\"@id\":\"https:\\\/\\\/noticiasmercedinas.com\\\/site\\\/#\\\/schema\\\/logo\\\/image\\\/\"},\"sameAs\":[\"https:\\\/\\\/www.facebook.com\\\/noticiasmercedinas\\\/\",\"https:\\\/\\\/x.com\\\/notmercedinas\",\"https:\\\/\\\/www.instagram.com\\\/noticiasmercedinas\\\/\"]},{\"@type\":\"Person\",\"@id\":\"https:\\\/\\\/noticiasmercedinas.com\\\/site\\\/#\\\/schema\\\/person\\\/d481a9696a5feaec13a60e2bbd991a6a\",\"name\":\"Cristian Falabella NOTICIASMERCEDINAS.COM\",\"image\":{\"@type\":\"ImageObject\",\"inLanguage\":\"es\",\"@id\":\"https:\\\/\\\/secure.gravatar.com\\\/avatar\\\/0dbbfc45970cc46bcd0e57766228574ff3511d6eed045b182f536f0f478c1f06?s=96&d=mm&r=g\",\"url\":\"https:\\\/\\\/secure.gravatar.com\\\/avatar\\\/0dbbfc45970cc46bcd0e57766228574ff3511d6eed045b182f536f0f478c1f06?s=96&d=mm&r=g\",\"contentUrl\":\"https:\\\/\\\/secure.gravatar.com\\\/avatar\\\/0dbbfc45970cc46bcd0e57766228574ff3511d6eed045b182f536f0f478c1f06?s=96&d=mm&r=g\",\"caption\":\"Cristian Falabella NOTICIASMERCEDINAS.COM\"},\"description\":\"Periodista, editor de Noticias Mercedinas. Pas\u00f3 por varias redacciones y emprendimientos de prensa, en distintos formatos y \u00e9pocas. Se especializ\u00f3 --y sigue haci\u00e9ndolo-- en comunicaci\u00f3n en la web y en junio de 2006 fund\u00f3 este diario digital.\",\"sameAs\":[\"https:\\\/\\\/noticiasmercedinas.com\",\"https:\\\/\\\/www.facebook.com\\\/cristian.falabella\",\"https:\\\/\\\/www.instagram.com\\\/noticiasmercedinas\\\/\",\"https:\\\/\\\/x.com\\\/https:\\\/\\\/twitter.com\\\/NOTMERCEDINAS\"],\"url\":\"https:\\\/\\\/noticiasmercedinas.com\\\/site\\\/author\\\/as000384\\\/\"}]}<\/script>\n<!-- \/ Yoast SEO plugin. -->","yoast_head_json":{"title":"\"Tratamos de dar respuesta a cada instituci\u00f3n que lo requiere\"","robots":{"index":"index","follow":"follow","max-snippet":"max-snippet:-1","max-image-preview":"max-image-preview:large","max-video-preview":"max-video-preview:-1"},"canonical":"https:\/\/noticiasmercedinas.com\/site\/2020\/09\/11\/tratamos-de-dar-respuesta-a-cada-institucion-que-lo-requiere\/","og_locale":"es_ES","og_type":"article","og_title":"\"Tratamos de dar respuesta a cada instituci\u00f3n que lo requiere\"","og_description":"\u25a0 Daniel Ivaldis, de Juntos por el Cambio, remarc\u00f3 su compromiso con la labor que ejerce por la educaci\u00f3n como consejero. Agradeci\u00f3 a quienes trabajan en este contexto.","og_url":"https:\/\/noticiasmercedinas.com\/site\/2020\/09\/11\/tratamos-de-dar-respuesta-a-cada-institucion-que-lo-requiere\/","og_site_name":"NOTICIASMERCEDINAS.COM","article_publisher":"https:\/\/www.facebook.com\/noticiasmercedinas\/","article_author":"https:\/\/www.facebook.com\/cristian.falabella","article_published_time":"2020-09-12T02:03:54+00:00","og_image":[{"width":1280,"height":897,"url":"https:\/\/noticiasmercedinas.com\/site\/wp-content\/uploads\/2020\/06\/danielivaldis.jpg","type":"image\/jpeg"}],"author":"Cristian Falabella NOTICIASMERCEDINAS.COM","twitter_card":"summary_large_image","twitter_creator":"@https:\/\/twitter.com\/NOTMERCEDINAS","twitter_site":"@notmercedinas","twitter_misc":{"Escrito por":"Cristian Falabella NOTICIASMERCEDINAS.COM","Tiempo de lectura":"3 minutos"},"schema":{"@context":"https:\/\/schema.org","@graph":[{"@type":"Article","@id":"https:\/\/noticiasmercedinas.com\/site\/2020\/09\/11\/tratamos-de-dar-respuesta-a-cada-institucion-que-lo-requiere\/#article","isPartOf":{"@id":"https:\/\/noticiasmercedinas.com\/site\/2020\/09\/11\/tratamos-de-dar-respuesta-a-cada-institucion-que-lo-requiere\/"},"author":{"name":"Cristian Falabella NOTICIASMERCEDINAS.COM","@id":"https:\/\/noticiasmercedinas.com\/site\/#\/schema\/person\/d481a9696a5feaec13a60e2bbd991a6a"},"headline":"\u00abTratamos de dar respuesta a cada instituci\u00f3n que lo requiere\u00bb","datePublished":"2020-09-12T02:03:54+00:00","mainEntityOfPage":{"@id":"https:\/\/noticiasmercedinas.com\/site\/2020\/09\/11\/tratamos-de-dar-respuesta-a-cada-institucion-que-lo-requiere\/"},"wordCount":581,"commentCount":0,"publisher":{"@id":"https:\/\/noticiasmercedinas.com\/site\/#organization"},"image":{"@id":"https:\/\/noticiasmercedinas.com\/site\/2020\/09\/11\/tratamos-de-dar-respuesta-a-cada-institucion-que-lo-requiere\/#primaryimage"},"thumbnailUrl":"https:\/\/noticiasmercedinas.com\/site\/wp-content\/uploads\/2020\/06\/danielivaldis.jpg","keywords":["consejo escolar","Daniel Ivaldis","educacion","juntos por el cambio"],"articleSection":["Politica"],"inLanguage":"es","potentialAction":[{"@type":"CommentAction","name":"Comment","target":["https:\/\/noticiasmercedinas.com\/site\/2020\/09\/11\/tratamos-de-dar-respuesta-a-cada-institucion-que-lo-requiere\/#respond"]}]},{"@type":"WebPage","@id":"https:\/\/noticiasmercedinas.com\/site\/2020\/09\/11\/tratamos-de-dar-respuesta-a-cada-institucion-que-lo-requiere\/","url":"https:\/\/noticiasmercedinas.com\/site\/2020\/09\/11\/tratamos-de-dar-respuesta-a-cada-institucion-que-lo-requiere\/","name":"\"Tratamos de dar respuesta a cada instituci\u00f3n que lo requiere\"","isPartOf":{"@id":"https:\/\/noticiasmercedinas.com\/site\/#website"},"primaryImageOfPage":{"@id":"https:\/\/noticiasmercedinas.com\/site\/2020\/09\/11\/tratamos-de-dar-respuesta-a-cada-institucion-que-lo-requiere\/#primaryimage"},"image":{"@id":"https:\/\/noticiasmercedinas.com\/site\/2020\/09\/11\/tratamos-de-dar-respuesta-a-cada-institucion-que-lo-requiere\/#primaryimage"},"thumbnailUrl":"https:\/\/noticiasmercedinas.com\/site\/wp-content\/uploads\/2020\/06\/danielivaldis.jpg","datePublished":"2020-09-12T02:03:54+00:00","breadcrumb":{"@id":"https:\/\/noticiasmercedinas.com\/site\/2020\/09\/11\/tratamos-de-dar-respuesta-a-cada-institucion-que-lo-requiere\/#breadcrumb"},"inLanguage":"es","potentialAction":[{"@type":"ReadAction","target":["https:\/\/noticiasmercedinas.com\/site\/2020\/09\/11\/tratamos-de-dar-respuesta-a-cada-institucion-que-lo-requiere\/"]}]},{"@type":"ImageObject","inLanguage":"es","@id":"https:\/\/noticiasmercedinas.com\/site\/2020\/09\/11\/tratamos-de-dar-respuesta-a-cada-institucion-que-lo-requiere\/#primaryimage","url":"https:\/\/noticiasmercedinas.com\/site\/wp-content\/uploads\/2020\/06\/danielivaldis.jpg","contentUrl":"https:\/\/noticiasmercedinas.com\/site\/wp-content\/uploads\/2020\/06\/danielivaldis.jpg","width":1280,"height":897},{"@type":"BreadcrumbList","@id":"https:\/\/noticiasmercedinas.com\/site\/2020\/09\/11\/tratamos-de-dar-respuesta-a-cada-institucion-que-lo-requiere\/#breadcrumb","itemListElement":[{"@type":"ListItem","position":1,"name":"Portada","item":"https:\/\/noticiasmercedinas.com\/site\/"},{"@type":"ListItem","position":2,"name":"\u00abTratamos de dar respuesta a cada instituci\u00f3n que lo requiere\u00bb"}]},{"@type":"WebSite","@id":"https:\/\/noticiasmercedinas.com\/site\/#website","url":"https:\/\/noticiasmercedinas.com\/site\/","name":"NOTICIASMERCEDINAS.COM","description":"Mercedes, Buenos Aires, Argentina","publisher":{"@id":"https:\/\/noticiasmercedinas.com\/site\/#organization"},"potentialAction":[{"@type":"SearchAction","target":{"@type":"EntryPoint","urlTemplate":"https:\/\/noticiasmercedinas.com\/site\/?s={search_term_string}"},"query-input":{"@type":"PropertyValueSpecification","valueRequired":true,"valueName":"search_term_string"}}],"inLanguage":"es"},{"@type":"Organization","@id":"https:\/\/noticiasmercedinas.com\/site\/#organization","name":"NOTICIASMERCEDINAS.COM","url":"https:\/\/noticiasmercedinas.com\/site\/","logo":{"@type":"ImageObject","inLanguage":"es","@id":"https:\/\/noticiasmercedinas.com\/site\/#\/schema\/logo\/image\/","url":"https:\/\/noticiasmercedinas.com\/site\/wp-content\/uploads\/2020\/06\/LOGO-512.jpg","contentUrl":"https:\/\/noticiasmercedinas.com\/site\/wp-content\/uploads\/2020\/06\/LOGO-512.jpg","width":512,"height":512,"caption":"NOTICIASMERCEDINAS.COM"},"image":{"@id":"https:\/\/noticiasmercedinas.com\/site\/#\/schema\/logo\/image\/"},"sameAs":["https:\/\/www.facebook.com\/noticiasmercedinas\/","https:\/\/x.com\/notmercedinas","https:\/\/www.instagram.com\/noticiasmercedinas\/"]},{"@type":"Person","@id":"https:\/\/noticiasmercedinas.com\/site\/#\/schema\/person\/d481a9696a5feaec13a60e2bbd991a6a","name":"Cristian Falabella NOTICIASMERCEDINAS.COM","image":{"@type":"ImageObject","inLanguage":"es","@id":"https:\/\/secure.gravatar.com\/avatar\/0dbbfc45970cc46bcd0e57766228574ff3511d6eed045b182f536f0f478c1f06?s=96&d=mm&r=g","url":"https:\/\/secure.gravatar.com\/avatar\/0dbbfc45970cc46bcd0e57766228574ff3511d6eed045b182f536f0f478c1f06?s=96&d=mm&r=g","contentUrl":"https:\/\/secure.gravatar.com\/avatar\/0dbbfc45970cc46bcd0e57766228574ff3511d6eed045b182f536f0f478c1f06?s=96&d=mm&r=g","caption":"Cristian Falabella NOTICIASMERCEDINAS.COM"},"description":"Periodista, editor de Noticias Mercedinas. Pas\u00f3 por varias redacciones y emprendimientos de prensa, en distintos formatos y \u00e9pocas. Se especializ\u00f3 --y sigue haci\u00e9ndolo-- en comunicaci\u00f3n en la web y en junio de 2006 fund\u00f3 este diario digital.","sameAs":["https:\/\/noticiasmercedinas.com","https:\/\/www.facebook.com\/cristian.falabella","https:\/\/www.instagram.com\/noticiasmercedinas\/","https:\/\/x.com\/https:\/\/twitter.com\/NOTMERCEDINAS"],"url":"https:\/\/noticiasmercedinas.com\/site\/author\/as000384\/"}]}},"amp_enabled":true,"_links":{"self":[{"href":"https:\/\/noticiasmercedinas.com\/site\/wp-json\/wp\/v2\/posts\/52887","targetHints":{"allow":["GET"]}}],"collection":[{"href":"https:\/\/noticiasmercedinas.com\/site\/wp-json\/wp\/v2\/posts"}],"about":[{"href":"https:\/\/noticiasmercedinas.com\/site\/wp-json\/wp\/v2\/types\/post"}],"author":[{"embeddable":true,"href":"https:\/\/noticiasmercedinas.com\/site\/wp-json\/wp\/v2\/users\/2"}],"replies":[{"embeddable":true,"href":"https:\/\/noticiasmercedinas.com\/site\/wp-json\/wp\/v2\/comments?post=52887"}],"version-history":[{"count":1,"href":"https:\/\/noticiasmercedinas.com\/site\/wp-json\/wp\/v2\/posts\/52887\/revisions"}],"predecessor-version":[{"id":52889,"href":"https:\/\/noticiasmercedinas.com\/site\/wp-json\/wp\/v2\/posts\/52887\/revisions\/52889"}],"wp:featuredmedia":[{"embeddable":true,"href":"https:\/\/noticiasmercedinas.com\/site\/wp-json\/wp\/v2\/media\/46256"}],"wp:attachment":[{"href":"https:\/\/noticiasmercedinas.com\/site\/wp-json\/wp\/v2\/media?parent=52887"}],"wp:term":[{"taxonomy":"category","embeddable":true,"href":"https:\/\/noticiasmercedinas.com\/site\/wp-json\/wp\/v2\/categories?post=52887"},{"taxonomy":"post_tag","embeddable":true,"href":"https:\/\/noticiasmercedinas.com\/site\/wp-json\/wp\/v2\/tags?post=52887"}],"curies":[{"name":"wp","href":"https:\/\/api.w.org\/{rel}","templated":true}]}}