{"id":52894,"date":"2020-09-12T09:06:00","date_gmt":"2020-09-12T12:06:00","guid":{"rendered":"https:\/\/noticiasmercedinas.com\/site\/?p=52894"},"modified":"2020-09-12T12:34:56","modified_gmt":"2020-09-12T15:34:56","slug":"analizan-la-reparacion-de-las-calderas-de-colegio-nacional","status":"publish","type":"post","link":"https:\/\/noticiasmercedinas.com\/site\/2020\/09\/12\/analizan-la-reparacion-de-las-calderas-de-colegio-nacional\/","title":{"rendered":"Analizan la reparaci\u00f3n de las calderas del Colegio Nacional"},"content":{"rendered":"<p><img loading=\"lazy\" decoding=\"async\" class=\"alignnone size-full wp-image-52898\" src=\"https:\/\/noticiasmercedinas.com\/site\/wp-content\/uploads\/2020\/09\/wp-15999170815741260186480-scaled.jpg\" alt=\"\" width=\"2560\" height=\"1443\" srcset=\"https:\/\/noticiasmercedinas.com\/site\/wp-content\/uploads\/2020\/09\/wp-15999170815741260186480-scaled.jpg 2560w, https:\/\/noticiasmercedinas.com\/site\/wp-content\/uploads\/2020\/09\/wp-15999170815741260186480-300x169.jpg 300w, https:\/\/noticiasmercedinas.com\/site\/wp-content\/uploads\/2020\/09\/wp-15999170815741260186480-1024x577.jpg 1024w, https:\/\/noticiasmercedinas.com\/site\/wp-content\/uploads\/2020\/09\/wp-15999170815741260186480-768x433.jpg 768w, https:\/\/noticiasmercedinas.com\/site\/wp-content\/uploads\/2020\/09\/wp-15999170815741260186480-1536x866.jpg 1536w, https:\/\/noticiasmercedinas.com\/site\/wp-content\/uploads\/2020\/09\/wp-15999170815741260186480-2048x1154.jpg 2048w, https:\/\/noticiasmercedinas.com\/site\/wp-content\/uploads\/2020\/09\/wp-15999170815741260186480-640x361.jpg 640w, https:\/\/noticiasmercedinas.com\/site\/wp-content\/uploads\/2020\/09\/wp-15999170815741260186480-1280x721.jpg 1280w, https:\/\/noticiasmercedinas.com\/site\/wp-content\/uploads\/2020\/09\/wp-15999170815741260186480-681x384.jpg 681w, https:\/\/noticiasmercedinas.com\/site\/wp-content\/uploads\/2020\/09\/wp-15999170815741260186480-1362x768.jpg 1362w\" sizes=\"auto, (max-width: 2560px) 100vw, 2560px\" \/><\/p>\n<p>Tal cual coment\u00f3 el consejero escolar <strong>Jos\u00e9 Luis Pisano<\/strong>, quien es presidente del organismo, \u00abde una buena vez y por muchos a\u00f1os\u00bb se pretende analizar a conciencia y resolver el problema existente en las calderas con que se calefacciona el edificio del ex Colegio Nacional.<\/p>\n<p>Es as\u00ed que este viernes se estuvo trabajando. \u00abHoy durante toda la ma\u00f1ana realizamos la primera etapa de an\u00e1lisis profundo sobre las calderas, motores, bombas y ca\u00f1er\u00eda de la calefacci\u00f3n del Colegio Nacional\u00bb, explic\u00f3 Pisano.<\/p>\n<p>\u00abJunto al Colegio de Ingenieros y la Direcci\u00f3n de Infraestructura Escolar de la DGCYE trabajamos para de una buena vez darle la soluci\u00f3n que los estudiantes, docentes y auxiliares vienen esperando hace a\u00f1os\u00bb, agreg\u00f3 el presidente del Consejo Escolar de Mercedes.<\/p>\n<p>\u00abYa avanzamos en recuperar una bomba junto a trabajadores de Servicios P\u00fablicos de la Municipalidad, y seguiremos analizando radiador por radiador. Ser\u00e1 un proceso largo pero seguro y aprovecharemos a full la suspensi\u00f3n de clases\u00bb, explic\u00f3 y aclar\u00f3 que en la semana entrante, adem\u00e1s, se realizar\u00e1 la licitaci\u00f3n de la obra de filtraciones en galer\u00edas y cielorraso por m\u00e1s de 300 mil pesos.<\/p>\n<p><img loading=\"lazy\" decoding=\"async\" class=\"alignnone wp-image-52893\" src=\"https:\/\/noticiasmercedinas.com\/site\/wp-content\/uploads\/2020\/09\/119204017_10221047350565921_1787573473634273031_o.jpg\" alt=\"\" width=\"640\" height=\"1419\" srcset=\"https:\/\/noticiasmercedinas.com\/site\/wp-content\/uploads\/2020\/09\/119204017_10221047350565921_1787573473634273031_o.jpg 433w, https:\/\/noticiasmercedinas.com\/site\/wp-content\/uploads\/2020\/09\/119204017_10221047350565921_1787573473634273031_o-135x300.jpg 135w\" sizes=\"auto, (max-width: 640px) 100vw, 640px\" \/><\/p>\n","protected":false},"excerpt":{"rendered":"<p>\u25a0 Junto al Colegio de Ingenieros y la Direcci\u00f3n de Infraestructura Escolar se intenta dar una soluci\u00f3n definitiva. El problema de la calefacci\u00f3n viene de a\u00f1os.<\/p>\n","protected":false},"author":2,"featured_media":52898,"comment_status":"open","ping_status":"open","sticky":false,"template":"","format":"standard","meta":{"footnotes":""},"categories":[3],"tags":[10181,612,267,38,268,36],"class_list":["post-52894","post","type-post","status-publish","format-standard","has-post-thumbnail","hentry","category-sociedad","tag-calderas","tag-colegio-nacional","tag-consejo-escolar","tag-educacion","tag-jose-luis-pisano","tag-obras"],"yoast_head":"<!-- This site is optimized with the Yoast SEO plugin v27.5 - https:\/\/yoast.com\/product\/yoast-seo-wordpress\/ -->\n<title>Analizan la reparaci\u00f3n de las calderas del Colegio Nacional<\/title>\n<meta name=\"robots\" content=\"index, follow, max-snippet:-1, max-image-preview:large, max-video-preview:-1\" \/>\n<link rel=\"canonical\" href=\"https:\/\/noticiasmercedinas.com\/site\/2020\/09\/12\/analizan-la-reparacion-de-las-calderas-de-colegio-nacional\/\" \/>\n<meta property=\"og:locale\" content=\"es_ES\" \/>\n<meta property=\"og:type\" content=\"article\" \/>\n<meta property=\"og:title\" content=\"Analizan la reparaci\u00f3n de las calderas del Colegio Nacional\" \/>\n<meta property=\"og:description\" content=\"\u25a0 Junto al Colegio de Ingenieros y la Direcci\u00f3n de Infraestructura Escolar se intenta dar una soluci\u00f3n definitiva. El problema de la calefacci\u00f3n viene de a\u00f1os.\" \/>\n<meta property=\"og:url\" content=\"https:\/\/noticiasmercedinas.com\/site\/2020\/09\/12\/analizan-la-reparacion-de-las-calderas-de-colegio-nacional\/\" \/>\n<meta property=\"og:site_name\" content=\"NOTICIASMERCEDINAS.COM\" \/>\n<meta property=\"article:publisher\" content=\"https:\/\/www.facebook.com\/noticiasmercedinas\/\" \/>\n<meta property=\"article:author\" content=\"https:\/\/www.facebook.com\/cristian.falabella\" \/>\n<meta property=\"article:published_time\" content=\"2020-09-12T12:06:00+00:00\" \/>\n<meta property=\"article:modified_time\" content=\"2020-09-12T15:34:56+00:00\" \/>\n<meta property=\"og:image\" content=\"https:\/\/noticiasmercedinas.com\/site\/wp-content\/uploads\/2020\/09\/wp-15999170815741260186480-scaled.jpg\" \/>\n\t<meta property=\"og:image:width\" content=\"2560\" \/>\n\t<meta property=\"og:image:height\" content=\"1443\" \/>\n\t<meta property=\"og:image:type\" content=\"image\/jpeg\" \/>\n<meta name=\"author\" content=\"Cristian Falabella NOTICIASMERCEDINAS.COM\" \/>\n<meta name=\"twitter:card\" content=\"summary_large_image\" \/>\n<meta name=\"twitter:creator\" content=\"@https:\/\/twitter.com\/NOTMERCEDINAS\" \/>\n<meta name=\"twitter:site\" content=\"@notmercedinas\" \/>\n<meta name=\"twitter:label1\" content=\"Escrito por\" \/>\n\t<meta name=\"twitter:data1\" content=\"Cristian Falabella NOTICIASMERCEDINAS.COM\" \/>\n\t<meta name=\"twitter:label2\" content=\"Tiempo de lectura\" \/>\n\t<meta name=\"twitter:data2\" content=\"1 minuto\" \/>\n<script type=\"application\/ld+json\" class=\"yoast-schema-graph\">{\"@context\":\"https:\\\/\\\/schema.org\",\"@graph\":[{\"@type\":\"Article\",\"@id\":\"https:\\\/\\\/noticiasmercedinas.com\\\/site\\\/2020\\\/09\\\/12\\\/analizan-la-reparacion-de-las-calderas-de-colegio-nacional\\\/#article\",\"isPartOf\":{\"@id\":\"https:\\\/\\\/noticiasmercedinas.com\\\/site\\\/2020\\\/09\\\/12\\\/analizan-la-reparacion-de-las-calderas-de-colegio-nacional\\\/\"},\"author\":{\"name\":\"Cristian Falabella NOTICIASMERCEDINAS.COM\",\"@id\":\"https:\\\/\\\/noticiasmercedinas.com\\\/site\\\/#\\\/schema\\\/person\\\/d481a9696a5feaec13a60e2bbd991a6a\"},\"headline\":\"Analizan la reparaci\u00f3n de las calderas del Colegio Nacional\",\"datePublished\":\"2020-09-12T12:06:00+00:00\",\"dateModified\":\"2020-09-12T15:34:56+00:00\",\"mainEntityOfPage\":{\"@id\":\"https:\\\/\\\/noticiasmercedinas.com\\\/site\\\/2020\\\/09\\\/12\\\/analizan-la-reparacion-de-las-calderas-de-colegio-nacional\\\/\"},\"wordCount\":208,\"commentCount\":0,\"publisher\":{\"@id\":\"https:\\\/\\\/noticiasmercedinas.com\\\/site\\\/#organization\"},\"image\":{\"@id\":\"https:\\\/\\\/noticiasmercedinas.com\\\/site\\\/2020\\\/09\\\/12\\\/analizan-la-reparacion-de-las-calderas-de-colegio-nacional\\\/#primaryimage\"},\"thumbnailUrl\":\"https:\\\/\\\/noticiasmercedinas.com\\\/site\\\/wp-content\\\/uploads\\\/2020\\\/09\\\/wp-15999170815741260186480-scaled.jpg\",\"keywords\":[\"calderas\",\"colegio nacional\",\"consejo escolar\",\"educacion\",\"jose luis pisano\",\"obras\"],\"articleSection\":[\"Sociedad\"],\"inLanguage\":\"es\",\"potentialAction\":[{\"@type\":\"CommentAction\",\"name\":\"Comment\",\"target\":[\"https:\\\/\\\/noticiasmercedinas.com\\\/site\\\/2020\\\/09\\\/12\\\/analizan-la-reparacion-de-las-calderas-de-colegio-nacional\\\/#respond\"]}]},{\"@type\":\"WebPage\",\"@id\":\"https:\\\/\\\/noticiasmercedinas.com\\\/site\\\/2020\\\/09\\\/12\\\/analizan-la-reparacion-de-las-calderas-de-colegio-nacional\\\/\",\"url\":\"https:\\\/\\\/noticiasmercedinas.com\\\/site\\\/2020\\\/09\\\/12\\\/analizan-la-reparacion-de-las-calderas-de-colegio-nacional\\\/\",\"name\":\"Analizan la reparaci\u00f3n de las calderas del Colegio Nacional\",\"isPartOf\":{\"@id\":\"https:\\\/\\\/noticiasmercedinas.com\\\/site\\\/#website\"},\"primaryImageOfPage\":{\"@id\":\"https:\\\/\\\/noticiasmercedinas.com\\\/site\\\/2020\\\/09\\\/12\\\/analizan-la-reparacion-de-las-calderas-de-colegio-nacional\\\/#primaryimage\"},\"image\":{\"@id\":\"https:\\\/\\\/noticiasmercedinas.com\\\/site\\\/2020\\\/09\\\/12\\\/analizan-la-reparacion-de-las-calderas-de-colegio-nacional\\\/#primaryimage\"},\"thumbnailUrl\":\"https:\\\/\\\/noticiasmercedinas.com\\\/site\\\/wp-content\\\/uploads\\\/2020\\\/09\\\/wp-15999170815741260186480-scaled.jpg\",\"datePublished\":\"2020-09-12T12:06:00+00:00\",\"dateModified\":\"2020-09-12T15:34:56+00:00\",\"breadcrumb\":{\"@id\":\"https:\\\/\\\/noticiasmercedinas.com\\\/site\\\/2020\\\/09\\\/12\\\/analizan-la-reparacion-de-las-calderas-de-colegio-nacional\\\/#breadcrumb\"},\"inLanguage\":\"es\",\"potentialAction\":[{\"@type\":\"ReadAction\",\"target\":[\"https:\\\/\\\/noticiasmercedinas.com\\\/site\\\/2020\\\/09\\\/12\\\/analizan-la-reparacion-de-las-calderas-de-colegio-nacional\\\/\"]}]},{\"@type\":\"ImageObject\",\"inLanguage\":\"es\",\"@id\":\"https:\\\/\\\/noticiasmercedinas.com\\\/site\\\/2020\\\/09\\\/12\\\/analizan-la-reparacion-de-las-calderas-de-colegio-nacional\\\/#primaryimage\",\"url\":\"https:\\\/\\\/noticiasmercedinas.com\\\/site\\\/wp-content\\\/uploads\\\/2020\\\/09\\\/wp-15999170815741260186480-scaled.jpg\",\"contentUrl\":\"https:\\\/\\\/noticiasmercedinas.com\\\/site\\\/wp-content\\\/uploads\\\/2020\\\/09\\\/wp-15999170815741260186480-scaled.jpg\",\"width\":2560,\"height\":1443},{\"@type\":\"BreadcrumbList\",\"@id\":\"https:\\\/\\\/noticiasmercedinas.com\\\/site\\\/2020\\\/09\\\/12\\\/analizan-la-reparacion-de-las-calderas-de-colegio-nacional\\\/#breadcrumb\",\"itemListElement\":[{\"@type\":\"ListItem\",\"position\":1,\"name\":\"Portada\",\"item\":\"https:\\\/\\\/noticiasmercedinas.com\\\/site\\\/\"},{\"@type\":\"ListItem\",\"position\":2,\"name\":\"Analizan la reparaci\u00f3n de las calderas del Colegio Nacional\"}]},{\"@type\":\"WebSite\",\"@id\":\"https:\\\/\\\/noticiasmercedinas.com\\\/site\\\/#website\",\"url\":\"https:\\\/\\\/noticiasmercedinas.com\\\/site\\\/\",\"name\":\"NOTICIASMERCEDINAS.COM\",\"description\":\"Mercedes, Buenos Aires, Argentina\",\"publisher\":{\"@id\":\"https:\\\/\\\/noticiasmercedinas.com\\\/site\\\/#organization\"},\"potentialAction\":[{\"@type\":\"SearchAction\",\"target\":{\"@type\":\"EntryPoint\",\"urlTemplate\":\"https:\\\/\\\/noticiasmercedinas.com\\\/site\\\/?s={search_term_string}\"},\"query-input\":{\"@type\":\"PropertyValueSpecification\",\"valueRequired\":true,\"valueName\":\"search_term_string\"}}],\"inLanguage\":\"es\"},{\"@type\":\"Organization\",\"@id\":\"https:\\\/\\\/noticiasmercedinas.com\\\/site\\\/#organization\",\"name\":\"NOTICIASMERCEDINAS.COM\",\"url\":\"https:\\\/\\\/noticiasmercedinas.com\\\/site\\\/\",\"logo\":{\"@type\":\"ImageObject\",\"inLanguage\":\"es\",\"@id\":\"https:\\\/\\\/noticiasmercedinas.com\\\/site\\\/#\\\/schema\\\/logo\\\/image\\\/\",\"url\":\"https:\\\/\\\/noticiasmercedinas.com\\\/site\\\/wp-content\\\/uploads\\\/2020\\\/06\\\/LOGO-512.jpg\",\"contentUrl\":\"https:\\\/\\\/noticiasmercedinas.com\\\/site\\\/wp-content\\\/uploads\\\/2020\\\/06\\\/LOGO-512.jpg\",\"width\":512,\"height\":512,\"caption\":\"NOTICIASMERCEDINAS.COM\"},\"image\":{\"@id\":\"https:\\\/\\\/noticiasmercedinas.com\\\/site\\\/#\\\/schema\\\/logo\\\/image\\\/\"},\"sameAs\":[\"https:\\\/\\\/www.facebook.com\\\/noticiasmercedinas\\\/\",\"https:\\\/\\\/x.com\\\/notmercedinas\",\"https:\\\/\\\/www.instagram.com\\\/noticiasmercedinas\\\/\"]},{\"@type\":\"Person\",\"@id\":\"https:\\\/\\\/noticiasmercedinas.com\\\/site\\\/#\\\/schema\\\/person\\\/d481a9696a5feaec13a60e2bbd991a6a\",\"name\":\"Cristian Falabella NOTICIASMERCEDINAS.COM\",\"image\":{\"@type\":\"ImageObject\",\"inLanguage\":\"es\",\"@id\":\"https:\\\/\\\/secure.gravatar.com\\\/avatar\\\/0dbbfc45970cc46bcd0e57766228574ff3511d6eed045b182f536f0f478c1f06?s=96&d=mm&r=g\",\"url\":\"https:\\\/\\\/secure.gravatar.com\\\/avatar\\\/0dbbfc45970cc46bcd0e57766228574ff3511d6eed045b182f536f0f478c1f06?s=96&d=mm&r=g\",\"contentUrl\":\"https:\\\/\\\/secure.gravatar.com\\\/avatar\\\/0dbbfc45970cc46bcd0e57766228574ff3511d6eed045b182f536f0f478c1f06?s=96&d=mm&r=g\",\"caption\":\"Cristian Falabella NOTICIASMERCEDINAS.COM\"},\"description\":\"Periodista, editor de Noticias Mercedinas. Pas\u00f3 por varias redacciones y emprendimientos de prensa, en distintos formatos y \u00e9pocas. Se especializ\u00f3 --y sigue haci\u00e9ndolo-- en comunicaci\u00f3n en la web y en junio de 2006 fund\u00f3 este diario digital.\",\"sameAs\":[\"https:\\\/\\\/noticiasmercedinas.com\",\"https:\\\/\\\/www.facebook.com\\\/cristian.falabella\",\"https:\\\/\\\/www.instagram.com\\\/noticiasmercedinas\\\/\",\"https:\\\/\\\/x.com\\\/https:\\\/\\\/twitter.com\\\/NOTMERCEDINAS\"],\"url\":\"https:\\\/\\\/noticiasmercedinas.com\\\/site\\\/author\\\/as000384\\\/\"}]}<\/script>\n<!-- \/ Yoast SEO plugin. -->","yoast_head_json":{"title":"Analizan la reparaci\u00f3n de las calderas del Colegio Nacional","robots":{"index":"index","follow":"follow","max-snippet":"max-snippet:-1","max-image-preview":"max-image-preview:large","max-video-preview":"max-video-preview:-1"},"canonical":"https:\/\/noticiasmercedinas.com\/site\/2020\/09\/12\/analizan-la-reparacion-de-las-calderas-de-colegio-nacional\/","og_locale":"es_ES","og_type":"article","og_title":"Analizan la reparaci\u00f3n de las calderas del Colegio Nacional","og_description":"\u25a0 Junto al Colegio de Ingenieros y la Direcci\u00f3n de Infraestructura Escolar se intenta dar una soluci\u00f3n definitiva. El problema de la calefacci\u00f3n viene de a\u00f1os.","og_url":"https:\/\/noticiasmercedinas.com\/site\/2020\/09\/12\/analizan-la-reparacion-de-las-calderas-de-colegio-nacional\/","og_site_name":"NOTICIASMERCEDINAS.COM","article_publisher":"https:\/\/www.facebook.com\/noticiasmercedinas\/","article_author":"https:\/\/www.facebook.com\/cristian.falabella","article_published_time":"2020-09-12T12:06:00+00:00","article_modified_time":"2020-09-12T15:34:56+00:00","og_image":[{"width":2560,"height":1443,"url":"https:\/\/noticiasmercedinas.com\/site\/wp-content\/uploads\/2020\/09\/wp-15999170815741260186480-scaled.jpg","type":"image\/jpeg"}],"author":"Cristian Falabella NOTICIASMERCEDINAS.COM","twitter_card":"summary_large_image","twitter_creator":"@https:\/\/twitter.com\/NOTMERCEDINAS","twitter_site":"@notmercedinas","twitter_misc":{"Escrito por":"Cristian Falabella NOTICIASMERCEDINAS.COM","Tiempo de lectura":"1 minuto"},"schema":{"@context":"https:\/\/schema.org","@graph":[{"@type":"Article","@id":"https:\/\/noticiasmercedinas.com\/site\/2020\/09\/12\/analizan-la-reparacion-de-las-calderas-de-colegio-nacional\/#article","isPartOf":{"@id":"https:\/\/noticiasmercedinas.com\/site\/2020\/09\/12\/analizan-la-reparacion-de-las-calderas-de-colegio-nacional\/"},"author":{"name":"Cristian Falabella NOTICIASMERCEDINAS.COM","@id":"https:\/\/noticiasmercedinas.com\/site\/#\/schema\/person\/d481a9696a5feaec13a60e2bbd991a6a"},"headline":"Analizan la reparaci\u00f3n de las calderas del Colegio Nacional","datePublished":"2020-09-12T12:06:00+00:00","dateModified":"2020-09-12T15:34:56+00:00","mainEntityOfPage":{"@id":"https:\/\/noticiasmercedinas.com\/site\/2020\/09\/12\/analizan-la-reparacion-de-las-calderas-de-colegio-nacional\/"},"wordCount":208,"commentCount":0,"publisher":{"@id":"https:\/\/noticiasmercedinas.com\/site\/#organization"},"image":{"@id":"https:\/\/noticiasmercedinas.com\/site\/2020\/09\/12\/analizan-la-reparacion-de-las-calderas-de-colegio-nacional\/#primaryimage"},"thumbnailUrl":"https:\/\/noticiasmercedinas.com\/site\/wp-content\/uploads\/2020\/09\/wp-15999170815741260186480-scaled.jpg","keywords":["calderas","colegio nacional","consejo escolar","educacion","jose luis pisano","obras"],"articleSection":["Sociedad"],"inLanguage":"es","potentialAction":[{"@type":"CommentAction","name":"Comment","target":["https:\/\/noticiasmercedinas.com\/site\/2020\/09\/12\/analizan-la-reparacion-de-las-calderas-de-colegio-nacional\/#respond"]}]},{"@type":"WebPage","@id":"https:\/\/noticiasmercedinas.com\/site\/2020\/09\/12\/analizan-la-reparacion-de-las-calderas-de-colegio-nacional\/","url":"https:\/\/noticiasmercedinas.com\/site\/2020\/09\/12\/analizan-la-reparacion-de-las-calderas-de-colegio-nacional\/","name":"Analizan la reparaci\u00f3n de las calderas del Colegio Nacional","isPartOf":{"@id":"https:\/\/noticiasmercedinas.com\/site\/#website"},"primaryImageOfPage":{"@id":"https:\/\/noticiasmercedinas.com\/site\/2020\/09\/12\/analizan-la-reparacion-de-las-calderas-de-colegio-nacional\/#primaryimage"},"image":{"@id":"https:\/\/noticiasmercedinas.com\/site\/2020\/09\/12\/analizan-la-reparacion-de-las-calderas-de-colegio-nacional\/#primaryimage"},"thumbnailUrl":"https:\/\/noticiasmercedinas.com\/site\/wp-content\/uploads\/2020\/09\/wp-15999170815741260186480-scaled.jpg","datePublished":"2020-09-12T12:06:00+00:00","dateModified":"2020-09-12T15:34:56+00:00","breadcrumb":{"@id":"https:\/\/noticiasmercedinas.com\/site\/2020\/09\/12\/analizan-la-reparacion-de-las-calderas-de-colegio-nacional\/#breadcrumb"},"inLanguage":"es","potentialAction":[{"@type":"ReadAction","target":["https:\/\/noticiasmercedinas.com\/site\/2020\/09\/12\/analizan-la-reparacion-de-las-calderas-de-colegio-nacional\/"]}]},{"@type":"ImageObject","inLanguage":"es","@id":"https:\/\/noticiasmercedinas.com\/site\/2020\/09\/12\/analizan-la-reparacion-de-las-calderas-de-colegio-nacional\/#primaryimage","url":"https:\/\/noticiasmercedinas.com\/site\/wp-content\/uploads\/2020\/09\/wp-15999170815741260186480-scaled.jpg","contentUrl":"https:\/\/noticiasmercedinas.com\/site\/wp-content\/uploads\/2020\/09\/wp-15999170815741260186480-scaled.jpg","width":2560,"height":1443},{"@type":"BreadcrumbList","@id":"https:\/\/noticiasmercedinas.com\/site\/2020\/09\/12\/analizan-la-reparacion-de-las-calderas-de-colegio-nacional\/#breadcrumb","itemListElement":[{"@type":"ListItem","position":1,"name":"Portada","item":"https:\/\/noticiasmercedinas.com\/site\/"},{"@type":"ListItem","position":2,"name":"Analizan la reparaci\u00f3n de las calderas del Colegio Nacional"}]},{"@type":"WebSite","@id":"https:\/\/noticiasmercedinas.com\/site\/#website","url":"https:\/\/noticiasmercedinas.com\/site\/","name":"NOTICIASMERCEDINAS.COM","description":"Mercedes, Buenos Aires, Argentina","publisher":{"@id":"https:\/\/noticiasmercedinas.com\/site\/#organization"},"potentialAction":[{"@type":"SearchAction","target":{"@type":"EntryPoint","urlTemplate":"https:\/\/noticiasmercedinas.com\/site\/?s={search_term_string}"},"query-input":{"@type":"PropertyValueSpecification","valueRequired":true,"valueName":"search_term_string"}}],"inLanguage":"es"},{"@type":"Organization","@id":"https:\/\/noticiasmercedinas.com\/site\/#organization","name":"NOTICIASMERCEDINAS.COM","url":"https:\/\/noticiasmercedinas.com\/site\/","logo":{"@type":"ImageObject","inLanguage":"es","@id":"https:\/\/noticiasmercedinas.com\/site\/#\/schema\/logo\/image\/","url":"https:\/\/noticiasmercedinas.com\/site\/wp-content\/uploads\/2020\/06\/LOGO-512.jpg","contentUrl":"https:\/\/noticiasmercedinas.com\/site\/wp-content\/uploads\/2020\/06\/LOGO-512.jpg","width":512,"height":512,"caption":"NOTICIASMERCEDINAS.COM"},"image":{"@id":"https:\/\/noticiasmercedinas.com\/site\/#\/schema\/logo\/image\/"},"sameAs":["https:\/\/www.facebook.com\/noticiasmercedinas\/","https:\/\/x.com\/notmercedinas","https:\/\/www.instagram.com\/noticiasmercedinas\/"]},{"@type":"Person","@id":"https:\/\/noticiasmercedinas.com\/site\/#\/schema\/person\/d481a9696a5feaec13a60e2bbd991a6a","name":"Cristian Falabella NOTICIASMERCEDINAS.COM","image":{"@type":"ImageObject","inLanguage":"es","@id":"https:\/\/secure.gravatar.com\/avatar\/0dbbfc45970cc46bcd0e57766228574ff3511d6eed045b182f536f0f478c1f06?s=96&d=mm&r=g","url":"https:\/\/secure.gravatar.com\/avatar\/0dbbfc45970cc46bcd0e57766228574ff3511d6eed045b182f536f0f478c1f06?s=96&d=mm&r=g","contentUrl":"https:\/\/secure.gravatar.com\/avatar\/0dbbfc45970cc46bcd0e57766228574ff3511d6eed045b182f536f0f478c1f06?s=96&d=mm&r=g","caption":"Cristian Falabella NOTICIASMERCEDINAS.COM"},"description":"Periodista, editor de Noticias Mercedinas. Pas\u00f3 por varias redacciones y emprendimientos de prensa, en distintos formatos y \u00e9pocas. Se especializ\u00f3 --y sigue haci\u00e9ndolo-- en comunicaci\u00f3n en la web y en junio de 2006 fund\u00f3 este diario digital.","sameAs":["https:\/\/noticiasmercedinas.com","https:\/\/www.facebook.com\/cristian.falabella","https:\/\/www.instagram.com\/noticiasmercedinas\/","https:\/\/x.com\/https:\/\/twitter.com\/NOTMERCEDINAS"],"url":"https:\/\/noticiasmercedinas.com\/site\/author\/as000384\/"}]}},"amp_enabled":true,"_links":{"self":[{"href":"https:\/\/noticiasmercedinas.com\/site\/wp-json\/wp\/v2\/posts\/52894","targetHints":{"allow":["GET"]}}],"collection":[{"href":"https:\/\/noticiasmercedinas.com\/site\/wp-json\/wp\/v2\/posts"}],"about":[{"href":"https:\/\/noticiasmercedinas.com\/site\/wp-json\/wp\/v2\/types\/post"}],"author":[{"embeddable":true,"href":"https:\/\/noticiasmercedinas.com\/site\/wp-json\/wp\/v2\/users\/2"}],"replies":[{"embeddable":true,"href":"https:\/\/noticiasmercedinas.com\/site\/wp-json\/wp\/v2\/comments?post=52894"}],"version-history":[{"count":3,"href":"https:\/\/noticiasmercedinas.com\/site\/wp-json\/wp\/v2\/posts\/52894\/revisions"}],"predecessor-version":[{"id":52905,"href":"https:\/\/noticiasmercedinas.com\/site\/wp-json\/wp\/v2\/posts\/52894\/revisions\/52905"}],"wp:featuredmedia":[{"embeddable":true,"href":"https:\/\/noticiasmercedinas.com\/site\/wp-json\/wp\/v2\/media\/52898"}],"wp:attachment":[{"href":"https:\/\/noticiasmercedinas.com\/site\/wp-json\/wp\/v2\/media?parent=52894"}],"wp:term":[{"taxonomy":"category","embeddable":true,"href":"https:\/\/noticiasmercedinas.com\/site\/wp-json\/wp\/v2\/categories?post=52894"},{"taxonomy":"post_tag","embeddable":true,"href":"https:\/\/noticiasmercedinas.com\/site\/wp-json\/wp\/v2\/tags?post=52894"}],"curies":[{"name":"wp","href":"https:\/\/api.w.org\/{rel}","templated":true}]}}