{"id":5298,"date":"2018-10-26T10:28:09","date_gmt":"2018-10-26T13:28:09","guid":{"rendered":"https:\/\/noticiasmercedinas.com\/site\/?p=5298"},"modified":"2018-10-26T10:28:09","modified_gmt":"2018-10-26T13:28:09","slug":"una-fecha-mas-para-todo-el-futbol-femenino-de-la-liga","status":"publish","type":"post","link":"https:\/\/noticiasmercedinas.com\/site\/2018\/10\/26\/una-fecha-mas-para-todo-el-futbol-femenino-de-la-liga\/","title":{"rendered":"Una fecha m\u00e1s para todo el f\u00fatbol femenino de la Liga"},"content":{"rendered":"<p>El s\u00e1bado 27 se jugar\u00e1 la Primera divisi\u00f3n en Olivera quedando libre Uni\u00f3n. Ya por las categor\u00edas juveniles todo se celebrar\u00e1 en el predio del Club Estudiantes.<strong><br \/>\n<img loading=\"lazy\" decoding=\"async\" class=\"alignnone size-full wp-image-5299\" src=\"https:\/\/noticiasmercedinas.com\/site\/wp-content\/uploads\/2018\/10\/ESTUDIANTES-SUB-12-1-768x576.jpg\" alt=\"\" width=\"650\" height=\"487\" srcset=\"https:\/\/noticiasmercedinas.com\/site\/wp-content\/uploads\/2018\/10\/ESTUDIANTES-SUB-12-1-768x576.jpg 650w, https:\/\/noticiasmercedinas.com\/site\/wp-content\/uploads\/2018\/10\/ESTUDIANTES-SUB-12-1-768x576-300x225.jpg 300w, https:\/\/noticiasmercedinas.com\/site\/wp-content\/uploads\/2018\/10\/ESTUDIANTES-SUB-12-1-768x576-80x60.jpg 80w, https:\/\/noticiasmercedinas.com\/site\/wp-content\/uploads\/2018\/10\/ESTUDIANTES-SUB-12-1-768x576-160x120.jpg 160w, https:\/\/noticiasmercedinas.com\/site\/wp-content\/uploads\/2018\/10\/ESTUDIANTES-SUB-12-1-768x576-100x75.jpg 100w, https:\/\/noticiasmercedinas.com\/site\/wp-content\/uploads\/2018\/10\/ESTUDIANTES-SUB-12-1-768x576-200x150.jpg 200w, https:\/\/noticiasmercedinas.com\/site\/wp-content\/uploads\/2018\/10\/ESTUDIANTES-SUB-12-1-768x576-180x135.jpg 180w, https:\/\/noticiasmercedinas.com\/site\/wp-content\/uploads\/2018\/10\/ESTUDIANTES-SUB-12-1-768x576-360x270.jpg 360w, https:\/\/noticiasmercedinas.com\/site\/wp-content\/uploads\/2018\/10\/ESTUDIANTES-SUB-12-1-768x576-238x178.jpg 238w, https:\/\/noticiasmercedinas.com\/site\/wp-content\/uploads\/2018\/10\/ESTUDIANTES-SUB-12-1-768x576-476x356.jpg 476w, https:\/\/noticiasmercedinas.com\/site\/wp-content\/uploads\/2018\/10\/ESTUDIANTES-SUB-12-1-768x576-640x480.jpg 640w\" sizes=\"auto, (max-width: 650px) 100vw, 650px\" \/><br \/>\nS\u00e1bado 27 de octubre<br \/>\nCancha: <\/strong>Alfa de Olivera.<br \/>\nA las 17 AMEFIP San Mart\u00edn vs. Estudiantes.<br \/>\nA las 18 Programa Envi\u00f3n vs. Comunicaciones.<br \/>\nA las 19 V\u00e9lez vs. Mercedes.<br \/>\nA las 20 Alfa vs. El Front\u00f3n.<\/p>\n<p><strong>Posiciones:<\/strong> 1\u00b0 El Front\u00f3n 10 puntos, 2\u00b0 V\u00e9lez y Club Mercedes 9, 4\u00b0 Estudiantes 5, 5\u00b0 Alfa 4, 6\u00b0 Envi\u00f3n, AMEFIP San Mart\u00edn y Uni\u00f3n 3, 9\u00b0 Comunicaciones 0 unidad.<\/p>\n<p><strong>Inferiores<br \/>\nDomingo 28 de octubre<br \/>\nCancha: <\/strong>Estudiantes.<\/p>\n<p>A las 11 SUB 12 Alfa vs. V\u00e9lez Sarsfield.<br \/>\nA las 12 SUB 12 Estudiantes vs. Comunicaciones.<br \/>\nA las 13 SUB 16 V\u00e9lez vs. Independiente (Capit\u00e1n Sarmiento).<br \/>\nA las 14 SUB 16 Estudiantes vs. Comunicaciones.<\/p>\n<p><strong>Sub 16:<\/strong> 1\u00b0 Defensores 10, 2\u00b0 Estudiantes 9, 3\u00b0 V\u00e9lez 8, 4\u00b0 Alfa e Independiente 7 y 6\u00b0 Comunicaciones 3 unidades.<\/p>\n<p><strong>Sub 12: <\/strong>1\u00b0 Alfa 12 puntos, 2\u00b0 V\u00e9lez 9, 3\u00b0 Comunicaciones 7 y 4\u00b0 Estudiantes 4 unidades.<\/p>\n","protected":false},"excerpt":{"rendered":"<p>El s\u00e1bado 27 se jugar\u00e1 la Primera divisi\u00f3n en Olivera quedando libre Uni\u00f3n. Ya por las categor\u00edas juveniles todo se celebrar\u00e1 en el predio del Club Estudiantes. S\u00e1bado 27 de octubre Cancha: Alfa de Olivera. A las 17 AMEFIP San Mart\u00edn vs. Estudiantes. A las 18 Programa Envi\u00f3n vs. Comunicaciones. A las 19 V\u00e9lez vs. [&hellip;]<\/p>\n","protected":false},"author":6,"featured_media":5299,"comment_status":"open","ping_status":"open","sticky":false,"template":"","format":"standard","meta":{"footnotes":""},"categories":[5],"tags":[751],"class_list":["post-5298","post","type-post","status-publish","format-standard","has-post-thumbnail","hentry","category-deportes","tag-futbol-femenino"],"yoast_head":"<!-- This site is optimized with the Yoast SEO plugin v27.5 - https:\/\/yoast.com\/product\/yoast-seo-wordpress\/ -->\n<title>Una fecha m\u00e1s para todo el f\u00fatbol femenino de la Liga<\/title>\n<meta name=\"robots\" content=\"index, follow, max-snippet:-1, max-image-preview:large, max-video-preview:-1\" \/>\n<link rel=\"canonical\" href=\"https:\/\/noticiasmercedinas.com\/site\/2018\/10\/26\/una-fecha-mas-para-todo-el-futbol-femenino-de-la-liga\/\" \/>\n<meta property=\"og:locale\" content=\"es_ES\" \/>\n<meta property=\"og:type\" content=\"article\" \/>\n<meta property=\"og:title\" content=\"Una fecha m\u00e1s para todo el f\u00fatbol femenino de la Liga\" \/>\n<meta property=\"og:description\" content=\"El s\u00e1bado 27 se jugar\u00e1 la Primera divisi\u00f3n en Olivera quedando libre Uni\u00f3n. Ya por las categor\u00edas juveniles todo se celebrar\u00e1 en el predio del Club Estudiantes. S\u00e1bado 27 de octubre Cancha: Alfa de Olivera. A las 17 AMEFIP San Mart\u00edn vs. Estudiantes. A las 18 Programa Envi\u00f3n vs. Comunicaciones. A las 19 V\u00e9lez vs. [&hellip;]\" \/>\n<meta property=\"og:url\" content=\"https:\/\/noticiasmercedinas.com\/site\/2018\/10\/26\/una-fecha-mas-para-todo-el-futbol-femenino-de-la-liga\/\" \/>\n<meta property=\"og:site_name\" content=\"NOTICIASMERCEDINAS.COM\" \/>\n<meta property=\"article:publisher\" content=\"https:\/\/www.facebook.com\/noticiasmercedinas\/\" \/>\n<meta property=\"article:published_time\" content=\"2018-10-26T13:28:09+00:00\" \/>\n<meta property=\"og:image\" content=\"https:\/\/noticiasmercedinas.com\/site\/wp-content\/uploads\/2018\/10\/ESTUDIANTES-SUB-12-1-768x576.jpg\" \/>\n\t<meta property=\"og:image:width\" content=\"650\" \/>\n\t<meta property=\"og:image:height\" content=\"487\" \/>\n\t<meta property=\"og:image:type\" content=\"image\/jpeg\" \/>\n<meta name=\"author\" content=\"Juan Dagnino NOTICIASMERCEDINAS.COM\" \/>\n<meta name=\"twitter:card\" content=\"summary_large_image\" \/>\n<meta name=\"twitter:creator\" content=\"@notmercedinas\" \/>\n<meta name=\"twitter:site\" content=\"@notmercedinas\" \/>\n<meta name=\"twitter:label1\" content=\"Escrito por\" \/>\n\t<meta name=\"twitter:data1\" content=\"Juan Dagnino NOTICIASMERCEDINAS.COM\" \/>\n\t<meta name=\"twitter:label2\" content=\"Tiempo de lectura\" \/>\n\t<meta name=\"twitter:data2\" content=\"1 minuto\" \/>\n<script type=\"application\/ld+json\" class=\"yoast-schema-graph\">{\"@context\":\"https:\\\/\\\/schema.org\",\"@graph\":[{\"@type\":\"Article\",\"@id\":\"https:\\\/\\\/noticiasmercedinas.com\\\/site\\\/2018\\\/10\\\/26\\\/una-fecha-mas-para-todo-el-futbol-femenino-de-la-liga\\\/#article\",\"isPartOf\":{\"@id\":\"https:\\\/\\\/noticiasmercedinas.com\\\/site\\\/2018\\\/10\\\/26\\\/una-fecha-mas-para-todo-el-futbol-femenino-de-la-liga\\\/\"},\"author\":{\"name\":\"Juan Dagnino NOTICIASMERCEDINAS.COM\",\"@id\":\"https:\\\/\\\/noticiasmercedinas.com\\\/site\\\/#\\\/schema\\\/person\\\/8f2f09d666ef40986eba4a5e6f2a06f9\"},\"headline\":\"Una fecha m\u00e1s para todo el f\u00fatbol femenino de la Liga\",\"datePublished\":\"2018-10-26T13:28:09+00:00\",\"mainEntityOfPage\":{\"@id\":\"https:\\\/\\\/noticiasmercedinas.com\\\/site\\\/2018\\\/10\\\/26\\\/una-fecha-mas-para-todo-el-futbol-femenino-de-la-liga\\\/\"},\"wordCount\":158,\"commentCount\":0,\"publisher\":{\"@id\":\"https:\\\/\\\/noticiasmercedinas.com\\\/site\\\/#organization\"},\"image\":{\"@id\":\"https:\\\/\\\/noticiasmercedinas.com\\\/site\\\/2018\\\/10\\\/26\\\/una-fecha-mas-para-todo-el-futbol-femenino-de-la-liga\\\/#primaryimage\"},\"thumbnailUrl\":\"https:\\\/\\\/noticiasmercedinas.com\\\/site\\\/wp-content\\\/uploads\\\/2018\\\/10\\\/ESTUDIANTES-SUB-12-1-768x576.jpg\",\"keywords\":[\"f\u00fatbol femenino\"],\"articleSection\":[\"Deportes\"],\"inLanguage\":\"es\",\"potentialAction\":[{\"@type\":\"CommentAction\",\"name\":\"Comment\",\"target\":[\"https:\\\/\\\/noticiasmercedinas.com\\\/site\\\/2018\\\/10\\\/26\\\/una-fecha-mas-para-todo-el-futbol-femenino-de-la-liga\\\/#respond\"]}]},{\"@type\":\"WebPage\",\"@id\":\"https:\\\/\\\/noticiasmercedinas.com\\\/site\\\/2018\\\/10\\\/26\\\/una-fecha-mas-para-todo-el-futbol-femenino-de-la-liga\\\/\",\"url\":\"https:\\\/\\\/noticiasmercedinas.com\\\/site\\\/2018\\\/10\\\/26\\\/una-fecha-mas-para-todo-el-futbol-femenino-de-la-liga\\\/\",\"name\":\"Una fecha m\u00e1s para todo el f\u00fatbol femenino de la Liga\",\"isPartOf\":{\"@id\":\"https:\\\/\\\/noticiasmercedinas.com\\\/site\\\/#website\"},\"primaryImageOfPage\":{\"@id\":\"https:\\\/\\\/noticiasmercedinas.com\\\/site\\\/2018\\\/10\\\/26\\\/una-fecha-mas-para-todo-el-futbol-femenino-de-la-liga\\\/#primaryimage\"},\"image\":{\"@id\":\"https:\\\/\\\/noticiasmercedinas.com\\\/site\\\/2018\\\/10\\\/26\\\/una-fecha-mas-para-todo-el-futbol-femenino-de-la-liga\\\/#primaryimage\"},\"thumbnailUrl\":\"https:\\\/\\\/noticiasmercedinas.com\\\/site\\\/wp-content\\\/uploads\\\/2018\\\/10\\\/ESTUDIANTES-SUB-12-1-768x576.jpg\",\"datePublished\":\"2018-10-26T13:28:09+00:00\",\"breadcrumb\":{\"@id\":\"https:\\\/\\\/noticiasmercedinas.com\\\/site\\\/2018\\\/10\\\/26\\\/una-fecha-mas-para-todo-el-futbol-femenino-de-la-liga\\\/#breadcrumb\"},\"inLanguage\":\"es\",\"potentialAction\":[{\"@type\":\"ReadAction\",\"target\":[\"https:\\\/\\\/noticiasmercedinas.com\\\/site\\\/2018\\\/10\\\/26\\\/una-fecha-mas-para-todo-el-futbol-femenino-de-la-liga\\\/\"]}]},{\"@type\":\"ImageObject\",\"inLanguage\":\"es\",\"@id\":\"https:\\\/\\\/noticiasmercedinas.com\\\/site\\\/2018\\\/10\\\/26\\\/una-fecha-mas-para-todo-el-futbol-femenino-de-la-liga\\\/#primaryimage\",\"url\":\"https:\\\/\\\/noticiasmercedinas.com\\\/site\\\/wp-content\\\/uploads\\\/2018\\\/10\\\/ESTUDIANTES-SUB-12-1-768x576.jpg\",\"contentUrl\":\"https:\\\/\\\/noticiasmercedinas.com\\\/site\\\/wp-content\\\/uploads\\\/2018\\\/10\\\/ESTUDIANTES-SUB-12-1-768x576.jpg\",\"width\":650,\"height\":487},{\"@type\":\"BreadcrumbList\",\"@id\":\"https:\\\/\\\/noticiasmercedinas.com\\\/site\\\/2018\\\/10\\\/26\\\/una-fecha-mas-para-todo-el-futbol-femenino-de-la-liga\\\/#breadcrumb\",\"itemListElement\":[{\"@type\":\"ListItem\",\"position\":1,\"name\":\"Portada\",\"item\":\"https:\\\/\\\/noticiasmercedinas.com\\\/site\\\/\"},{\"@type\":\"ListItem\",\"position\":2,\"name\":\"Una fecha m\u00e1s para todo el f\u00fatbol femenino de la Liga\"}]},{\"@type\":\"WebSite\",\"@id\":\"https:\\\/\\\/noticiasmercedinas.com\\\/site\\\/#website\",\"url\":\"https:\\\/\\\/noticiasmercedinas.com\\\/site\\\/\",\"name\":\"NOTICIASMERCEDINAS.COM\",\"description\":\"Mercedes, Buenos Aires, Argentina\",\"publisher\":{\"@id\":\"https:\\\/\\\/noticiasmercedinas.com\\\/site\\\/#organization\"},\"potentialAction\":[{\"@type\":\"SearchAction\",\"target\":{\"@type\":\"EntryPoint\",\"urlTemplate\":\"https:\\\/\\\/noticiasmercedinas.com\\\/site\\\/?s={search_term_string}\"},\"query-input\":{\"@type\":\"PropertyValueSpecification\",\"valueRequired\":true,\"valueName\":\"search_term_string\"}}],\"inLanguage\":\"es\"},{\"@type\":\"Organization\",\"@id\":\"https:\\\/\\\/noticiasmercedinas.com\\\/site\\\/#organization\",\"name\":\"NOTICIASMERCEDINAS.COM\",\"url\":\"https:\\\/\\\/noticiasmercedinas.com\\\/site\\\/\",\"logo\":{\"@type\":\"ImageObject\",\"inLanguage\":\"es\",\"@id\":\"https:\\\/\\\/noticiasmercedinas.com\\\/site\\\/#\\\/schema\\\/logo\\\/image\\\/\",\"url\":\"https:\\\/\\\/noticiasmercedinas.com\\\/site\\\/wp-content\\\/uploads\\\/2020\\\/06\\\/LOGO-512.jpg\",\"contentUrl\":\"https:\\\/\\\/noticiasmercedinas.com\\\/site\\\/wp-content\\\/uploads\\\/2020\\\/06\\\/LOGO-512.jpg\",\"width\":512,\"height\":512,\"caption\":\"NOTICIASMERCEDINAS.COM\"},\"image\":{\"@id\":\"https:\\\/\\\/noticiasmercedinas.com\\\/site\\\/#\\\/schema\\\/logo\\\/image\\\/\"},\"sameAs\":[\"https:\\\/\\\/www.facebook.com\\\/noticiasmercedinas\\\/\",\"https:\\\/\\\/x.com\\\/notmercedinas\",\"https:\\\/\\\/www.instagram.com\\\/noticiasmercedinas\\\/\"]},{\"@type\":\"Person\",\"@id\":\"https:\\\/\\\/noticiasmercedinas.com\\\/site\\\/#\\\/schema\\\/person\\\/8f2f09d666ef40986eba4a5e6f2a06f9\",\"name\":\"Juan Dagnino NOTICIASMERCEDINAS.COM\",\"image\":{\"@type\":\"ImageObject\",\"inLanguage\":\"es\",\"@id\":\"https:\\\/\\\/secure.gravatar.com\\\/avatar\\\/fc7059a769f5a3cae65fadb228a3e4accf3a64b4b2305020d0a27e6d5333c91b?s=96&d=mm&r=g\",\"url\":\"https:\\\/\\\/secure.gravatar.com\\\/avatar\\\/fc7059a769f5a3cae65fadb228a3e4accf3a64b4b2305020d0a27e6d5333c91b?s=96&d=mm&r=g\",\"contentUrl\":\"https:\\\/\\\/secure.gravatar.com\\\/avatar\\\/fc7059a769f5a3cae65fadb228a3e4accf3a64b4b2305020d0a27e6d5333c91b?s=96&d=mm&r=g\",\"caption\":\"Juan Dagnino NOTICIASMERCEDINAS.COM\"},\"url\":\"https:\\\/\\\/noticiasmercedinas.com\\\/site\\\/author\\\/juandagnino\\\/\"}]}<\/script>\n<!-- \/ Yoast SEO plugin. -->","yoast_head_json":{"title":"Una fecha m\u00e1s para todo el f\u00fatbol femenino de la Liga","robots":{"index":"index","follow":"follow","max-snippet":"max-snippet:-1","max-image-preview":"max-image-preview:large","max-video-preview":"max-video-preview:-1"},"canonical":"https:\/\/noticiasmercedinas.com\/site\/2018\/10\/26\/una-fecha-mas-para-todo-el-futbol-femenino-de-la-liga\/","og_locale":"es_ES","og_type":"article","og_title":"Una fecha m\u00e1s para todo el f\u00fatbol femenino de la Liga","og_description":"El s\u00e1bado 27 se jugar\u00e1 la Primera divisi\u00f3n en Olivera quedando libre Uni\u00f3n. Ya por las categor\u00edas juveniles todo se celebrar\u00e1 en el predio del Club Estudiantes. S\u00e1bado 27 de octubre Cancha: Alfa de Olivera. A las 17 AMEFIP San Mart\u00edn vs. Estudiantes. A las 18 Programa Envi\u00f3n vs. Comunicaciones. A las 19 V\u00e9lez vs. [&hellip;]","og_url":"https:\/\/noticiasmercedinas.com\/site\/2018\/10\/26\/una-fecha-mas-para-todo-el-futbol-femenino-de-la-liga\/","og_site_name":"NOTICIASMERCEDINAS.COM","article_publisher":"https:\/\/www.facebook.com\/noticiasmercedinas\/","article_published_time":"2018-10-26T13:28:09+00:00","og_image":[{"width":650,"height":487,"url":"https:\/\/noticiasmercedinas.com\/site\/wp-content\/uploads\/2018\/10\/ESTUDIANTES-SUB-12-1-768x576.jpg","type":"image\/jpeg"}],"author":"Juan Dagnino NOTICIASMERCEDINAS.COM","twitter_card":"summary_large_image","twitter_creator":"@notmercedinas","twitter_site":"@notmercedinas","twitter_misc":{"Escrito por":"Juan Dagnino NOTICIASMERCEDINAS.COM","Tiempo de lectura":"1 minuto"},"schema":{"@context":"https:\/\/schema.org","@graph":[{"@type":"Article","@id":"https:\/\/noticiasmercedinas.com\/site\/2018\/10\/26\/una-fecha-mas-para-todo-el-futbol-femenino-de-la-liga\/#article","isPartOf":{"@id":"https:\/\/noticiasmercedinas.com\/site\/2018\/10\/26\/una-fecha-mas-para-todo-el-futbol-femenino-de-la-liga\/"},"author":{"name":"Juan Dagnino NOTICIASMERCEDINAS.COM","@id":"https:\/\/noticiasmercedinas.com\/site\/#\/schema\/person\/8f2f09d666ef40986eba4a5e6f2a06f9"},"headline":"Una fecha m\u00e1s para todo el f\u00fatbol femenino de la Liga","datePublished":"2018-10-26T13:28:09+00:00","mainEntityOfPage":{"@id":"https:\/\/noticiasmercedinas.com\/site\/2018\/10\/26\/una-fecha-mas-para-todo-el-futbol-femenino-de-la-liga\/"},"wordCount":158,"commentCount":0,"publisher":{"@id":"https:\/\/noticiasmercedinas.com\/site\/#organization"},"image":{"@id":"https:\/\/noticiasmercedinas.com\/site\/2018\/10\/26\/una-fecha-mas-para-todo-el-futbol-femenino-de-la-liga\/#primaryimage"},"thumbnailUrl":"https:\/\/noticiasmercedinas.com\/site\/wp-content\/uploads\/2018\/10\/ESTUDIANTES-SUB-12-1-768x576.jpg","keywords":["f\u00fatbol femenino"],"articleSection":["Deportes"],"inLanguage":"es","potentialAction":[{"@type":"CommentAction","name":"Comment","target":["https:\/\/noticiasmercedinas.com\/site\/2018\/10\/26\/una-fecha-mas-para-todo-el-futbol-femenino-de-la-liga\/#respond"]}]},{"@type":"WebPage","@id":"https:\/\/noticiasmercedinas.com\/site\/2018\/10\/26\/una-fecha-mas-para-todo-el-futbol-femenino-de-la-liga\/","url":"https:\/\/noticiasmercedinas.com\/site\/2018\/10\/26\/una-fecha-mas-para-todo-el-futbol-femenino-de-la-liga\/","name":"Una fecha m\u00e1s para todo el f\u00fatbol femenino de la Liga","isPartOf":{"@id":"https:\/\/noticiasmercedinas.com\/site\/#website"},"primaryImageOfPage":{"@id":"https:\/\/noticiasmercedinas.com\/site\/2018\/10\/26\/una-fecha-mas-para-todo-el-futbol-femenino-de-la-liga\/#primaryimage"},"image":{"@id":"https:\/\/noticiasmercedinas.com\/site\/2018\/10\/26\/una-fecha-mas-para-todo-el-futbol-femenino-de-la-liga\/#primaryimage"},"thumbnailUrl":"https:\/\/noticiasmercedinas.com\/site\/wp-content\/uploads\/2018\/10\/ESTUDIANTES-SUB-12-1-768x576.jpg","datePublished":"2018-10-26T13:28:09+00:00","breadcrumb":{"@id":"https:\/\/noticiasmercedinas.com\/site\/2018\/10\/26\/una-fecha-mas-para-todo-el-futbol-femenino-de-la-liga\/#breadcrumb"},"inLanguage":"es","potentialAction":[{"@type":"ReadAction","target":["https:\/\/noticiasmercedinas.com\/site\/2018\/10\/26\/una-fecha-mas-para-todo-el-futbol-femenino-de-la-liga\/"]}]},{"@type":"ImageObject","inLanguage":"es","@id":"https:\/\/noticiasmercedinas.com\/site\/2018\/10\/26\/una-fecha-mas-para-todo-el-futbol-femenino-de-la-liga\/#primaryimage","url":"https:\/\/noticiasmercedinas.com\/site\/wp-content\/uploads\/2018\/10\/ESTUDIANTES-SUB-12-1-768x576.jpg","contentUrl":"https:\/\/noticiasmercedinas.com\/site\/wp-content\/uploads\/2018\/10\/ESTUDIANTES-SUB-12-1-768x576.jpg","width":650,"height":487},{"@type":"BreadcrumbList","@id":"https:\/\/noticiasmercedinas.com\/site\/2018\/10\/26\/una-fecha-mas-para-todo-el-futbol-femenino-de-la-liga\/#breadcrumb","itemListElement":[{"@type":"ListItem","position":1,"name":"Portada","item":"https:\/\/noticiasmercedinas.com\/site\/"},{"@type":"ListItem","position":2,"name":"Una fecha m\u00e1s para todo el f\u00fatbol femenino de la Liga"}]},{"@type":"WebSite","@id":"https:\/\/noticiasmercedinas.com\/site\/#website","url":"https:\/\/noticiasmercedinas.com\/site\/","name":"NOTICIASMERCEDINAS.COM","description":"Mercedes, Buenos Aires, Argentina","publisher":{"@id":"https:\/\/noticiasmercedinas.com\/site\/#organization"},"potentialAction":[{"@type":"SearchAction","target":{"@type":"EntryPoint","urlTemplate":"https:\/\/noticiasmercedinas.com\/site\/?s={search_term_string}"},"query-input":{"@type":"PropertyValueSpecification","valueRequired":true,"valueName":"search_term_string"}}],"inLanguage":"es"},{"@type":"Organization","@id":"https:\/\/noticiasmercedinas.com\/site\/#organization","name":"NOTICIASMERCEDINAS.COM","url":"https:\/\/noticiasmercedinas.com\/site\/","logo":{"@type":"ImageObject","inLanguage":"es","@id":"https:\/\/noticiasmercedinas.com\/site\/#\/schema\/logo\/image\/","url":"https:\/\/noticiasmercedinas.com\/site\/wp-content\/uploads\/2020\/06\/LOGO-512.jpg","contentUrl":"https:\/\/noticiasmercedinas.com\/site\/wp-content\/uploads\/2020\/06\/LOGO-512.jpg","width":512,"height":512,"caption":"NOTICIASMERCEDINAS.COM"},"image":{"@id":"https:\/\/noticiasmercedinas.com\/site\/#\/schema\/logo\/image\/"},"sameAs":["https:\/\/www.facebook.com\/noticiasmercedinas\/","https:\/\/x.com\/notmercedinas","https:\/\/www.instagram.com\/noticiasmercedinas\/"]},{"@type":"Person","@id":"https:\/\/noticiasmercedinas.com\/site\/#\/schema\/person\/8f2f09d666ef40986eba4a5e6f2a06f9","name":"Juan Dagnino NOTICIASMERCEDINAS.COM","image":{"@type":"ImageObject","inLanguage":"es","@id":"https:\/\/secure.gravatar.com\/avatar\/fc7059a769f5a3cae65fadb228a3e4accf3a64b4b2305020d0a27e6d5333c91b?s=96&d=mm&r=g","url":"https:\/\/secure.gravatar.com\/avatar\/fc7059a769f5a3cae65fadb228a3e4accf3a64b4b2305020d0a27e6d5333c91b?s=96&d=mm&r=g","contentUrl":"https:\/\/secure.gravatar.com\/avatar\/fc7059a769f5a3cae65fadb228a3e4accf3a64b4b2305020d0a27e6d5333c91b?s=96&d=mm&r=g","caption":"Juan Dagnino NOTICIASMERCEDINAS.COM"},"url":"https:\/\/noticiasmercedinas.com\/site\/author\/juandagnino\/"}]}},"amp_enabled":true,"_links":{"self":[{"href":"https:\/\/noticiasmercedinas.com\/site\/wp-json\/wp\/v2\/posts\/5298","targetHints":{"allow":["GET"]}}],"collection":[{"href":"https:\/\/noticiasmercedinas.com\/site\/wp-json\/wp\/v2\/posts"}],"about":[{"href":"https:\/\/noticiasmercedinas.com\/site\/wp-json\/wp\/v2\/types\/post"}],"author":[{"embeddable":true,"href":"https:\/\/noticiasmercedinas.com\/site\/wp-json\/wp\/v2\/users\/6"}],"replies":[{"embeddable":true,"href":"https:\/\/noticiasmercedinas.com\/site\/wp-json\/wp\/v2\/comments?post=5298"}],"version-history":[{"count":1,"href":"https:\/\/noticiasmercedinas.com\/site\/wp-json\/wp\/v2\/posts\/5298\/revisions"}],"predecessor-version":[{"id":5300,"href":"https:\/\/noticiasmercedinas.com\/site\/wp-json\/wp\/v2\/posts\/5298\/revisions\/5300"}],"wp:featuredmedia":[{"embeddable":true,"href":"https:\/\/noticiasmercedinas.com\/site\/wp-json\/wp\/v2\/media\/5299"}],"wp:attachment":[{"href":"https:\/\/noticiasmercedinas.com\/site\/wp-json\/wp\/v2\/media?parent=5298"}],"wp:term":[{"taxonomy":"category","embeddable":true,"href":"https:\/\/noticiasmercedinas.com\/site\/wp-json\/wp\/v2\/categories?post=5298"},{"taxonomy":"post_tag","embeddable":true,"href":"https:\/\/noticiasmercedinas.com\/site\/wp-json\/wp\/v2\/tags?post=5298"}],"curies":[{"name":"wp","href":"https:\/\/api.w.org\/{rel}","templated":true}]}}