{"id":53112,"date":"2020-09-16T09:42:39","date_gmt":"2020-09-16T12:42:39","guid":{"rendered":"https:\/\/noticiasmercedinas.com\/site\/?p=53112"},"modified":"2020-09-16T09:42:39","modified_gmt":"2020-09-16T12:42:39","slug":"junto-al-ministro-larroque-se-firmo-importante-convenio","status":"publish","type":"post","link":"https:\/\/noticiasmercedinas.com\/site\/2020\/09\/16\/junto-al-ministro-larroque-se-firmo-importante-convenio\/","title":{"rendered":"Junto al ministro Larroque se firm\u00f3 importante convenio"},"content":{"rendered":"<p><img loading=\"lazy\" decoding=\"async\" class=\"alignnone size-full wp-image-53113\" src=\"https:\/\/noticiasmercedinas.com\/site\/wp-content\/uploads\/2020\/09\/VisitaLarroqueSJA_2276.jpg\" alt=\"\" width=\"1400\" height=\"933\" srcset=\"https:\/\/noticiasmercedinas.com\/site\/wp-content\/uploads\/2020\/09\/VisitaLarroqueSJA_2276.jpg 1400w, https:\/\/noticiasmercedinas.com\/site\/wp-content\/uploads\/2020\/09\/VisitaLarroqueSJA_2276-300x200.jpg 300w, https:\/\/noticiasmercedinas.com\/site\/wp-content\/uploads\/2020\/09\/VisitaLarroqueSJA_2276-1024x682.jpg 1024w, https:\/\/noticiasmercedinas.com\/site\/wp-content\/uploads\/2020\/09\/VisitaLarroqueSJA_2276-768x512.jpg 768w, https:\/\/noticiasmercedinas.com\/site\/wp-content\/uploads\/2020\/09\/VisitaLarroqueSJA_2276-640x427.jpg 640w, https:\/\/noticiasmercedinas.com\/site\/wp-content\/uploads\/2020\/09\/VisitaLarroqueSJA_2276-1280x853.jpg 1280w, https:\/\/noticiasmercedinas.com\/site\/wp-content\/uploads\/2020\/09\/VisitaLarroqueSJA_2276-681x454.jpg 681w, https:\/\/noticiasmercedinas.com\/site\/wp-content\/uploads\/2020\/09\/VisitaLarroqueSJA_2276-1362x908.jpg 1362w\" sizes=\"auto, (max-width: 1400px) 100vw, 1400px\" \/><\/p>\n<p>El Municipio de Mercedes junto al Ministerio de Desarrollo de la Comunidad de la provincia de Buenos Aires firmaron, este martes, un convenio en el cual se estipula la realizaci\u00f3n de 400 mejoras habitacionales y la creaci\u00f3n de un SUM.<\/p>\n<p>\u201cPara nosotros es un orgullo y una alegr\u00eda enorme recibir al Ministro <strong>Andr\u00e9s Larroque<\/strong> y agradecer que en este contexto tan dif\u00edcil donde el Estado est\u00e1 mermado en cuanto a cantidad de trabajadores y trabajadoras, no hace m\u00e1s de 10 d\u00edas lo fuimos a ver al Ministro y a su equipo y hoy de manera r\u00e1pida, veloz, con un gran compromiso y con mucha capacidad de gesti\u00f3n est\u00e1n en nuestra ciudad acercando dos recursos que son muy importantes\u201d, afirm\u00f3 el intendente Juan Ignacio Ustarroz.<\/p>\n<p>Estuvieron presentes el intendente Juan Ignacio Ustarroz, el Ministro de Desarrollo de la Comunidad de la provincia de Buenos Aires, Andr\u00e9s Larroque, el subsecretario de Asuntos Municipales bonaerense, Santiago R\u00e9vora, la secretaria de Desarrollo Social del municipio, Jorgelina Silva, la directora de ni\u00f1ez, Gabriela Olivella, el responsable del CDR Nicol\u00e1s Zeballos y la secretaria de Gobierno, Clara Zunino. Y desde la provincia Estaban Santiago Fidanza, Director de Atenci\u00f3n Inmediata, Bruno Bozzano, director de Seguridad Alimentaria, Julia Perrigne, sub secretaria de Pol\u00edticas Sociales y Ezequiel M\u00e9ndez, jefe de Gabinete de la cartera bonaerense.<\/p>\n<p>\u201cEn lo que tiene que ver con las ayudas habitacionales, nosotros las vamos a circunscribir al programa Primeros Mil D\u00edas, y la construcci\u00f3n del sal\u00f3n de usos m\u00faltiples que vamos a hacer con el apoyo tambi\u00e9n del Gobierno de la provincia, donde ambas acciones nos parecen muy importantes\u201d valor\u00f3 Ustarroz. \u201dA pesar de la crisis que se vive en el pa\u00eds poder, en concreto, firmar estos dos convenios que suscriben y generan recursos para el pueblo de Mercedes es claramente un avance enorme\u201d, dijo.<\/p>\n<p>A su vez, el intendente Ustarroz subray\u00f3 lo hecho hasta el momento por el Ministerio. \u201cEn estos tiempos de pandemia, cuando hemos requerido y solicitado alimento para poder abastecer a los diferentes comedores y merenderos de nuestra ciudad, siempre hemos tenido una respuesta r\u00e1pida que denota compromiso y una gran sensibilidad para con las necesidades de nuestro pueblo\u201d, dijo y destac\u00f3 que \u201csi a esto le sumamos lo que venimos haciendo desde el Municipio de Mercedes vamos a tener una intervenci\u00f3n mucho m\u00e1s robusta en beneficio de los mercedinos\u201d.<\/p>\n<p>\u201cYa estamos trabajando en la pos pandemia, esto que hoy se firma es poder generar m\u00e1s recursos hacia el interior de nuestro pueblo, apelar a una comunidad que se organiza en funci\u00f3n de valores, la solidaridad y como eje principal la inclusi\u00f3n. Y desde ah\u00ed, codo a codo, entre la comunidad el Estado Provincial y Nacional vamos a dar la batalla para poder avanzar\u201d, asegur\u00f3 el intendente Juan Ignacio Ustarroz.<\/p>\n<blockquote><p>\u00abA pesar de todo, siempre ha sido y ser\u00e1 siempre nuestra vocaci\u00f3n siempre estar presente, para poder resolver, identificar, diagnosticar y resolver todos los problemas m\u00e1s acuciantes que tiene el conjunto de nuestra sociedad y que la sociedad sea parte de esas soluciones\u201d, dijo Larroque.<\/p><\/blockquote>\n<p>El Ministro de Desarrollo de la Comunidad de la provincia de Buenos Aires, Andr\u00e9s Larroque, declar\u00f3: \u201cPara m\u00ed estar en Mercedes es como estar en mi casa, mi familia es oriunda por parte de padre de Mercedes, donde m\u00e1s all\u00e1 de eso nos une una relaci\u00f3n de toda la vida con el intendente Ustarroz, con Eduardo De Pedro, con Santiago R\u00e9vora y con muchos compa\u00f1eros de la ciudad\u201d.<\/p>\n<p>\u201cNosotros entendemos que el Estado debe estar presente, m\u00e1s en este tiempo donde las cosas se complican a\u00fan m\u00e1s, porque recibimos un pa\u00eds y una provincia en una situaci\u00f3n muy compleja en materia econ\u00f3mica y sobre eso vino la pandemia, pero a pesar de todo, siempre ha sido y ser\u00e1 siempre nuestra vocaci\u00f3n siempre estar presente, para poder resolver, identificar, diagnosticar y resolver todos los problemas m\u00e1s acuciantes que tiene el conjunto de nuestra sociedad y que la sociedad sea parte de esas soluciones\u201d, agreg\u00f3.<\/p>\n<p>\u201cEs un gusto poder estar aqu\u00ed, poder acercar estas ayudas para mejoras habitacionales y la posibilidad de la construcci\u00f3n de un sum\u201d apunt\u00f3 Larroque y enfatiz\u00f3 que \u201csiempre queremos hacer un poco m\u00e1s y resolver m\u00e1s cosas, pero de a poquito vamos acercando algunas soluciones que entendemos van a servir a la comunidad de Mercedes\u201d.<\/p>\n<p>La secretaria de Desarrollo Social del municipio, Jorgelina Silva, expres\u00f3: \u201cSentimos el acompa\u00f1amiento desde el d\u00eda uno del ministro Larroque como de sus equipos en este contexto tan complejo. Y hoy con importantes noticias, estamos agradecidos y muy contentos\u201d.<\/p>\n","protected":false},"excerpt":{"rendered":"<p>\u25a0 Es para la realizaci\u00f3n de 400 mejoras habitacionales y la creaci\u00f3n de un SUM. Ustarroz destac\u00f3 \u00abgran compromiso\u00bb y \u00abcapacidad de gesti\u00f3n\u00bb de Andr\u00e9s Larroque<\/p>\n","protected":false},"author":16,"featured_media":53113,"comment_status":"open","ping_status":"open","sticky":false,"template":"","format":"standard","meta":{"footnotes":""},"categories":[16],"tags":[6022,266,23,36,142,10201,544],"class_list":["post-53112","post","type-post","status-publish","format-standard","has-post-thumbnail","hentry","category-politica","tag-andres-larroque","tag-juan-ignacio-ustarroz","tag-mercedes","tag-obras","tag-provincia","tag-sum","tag-viviendas"],"yoast_head":"<!-- This site is optimized with the Yoast SEO plugin v27.5 - https:\/\/yoast.com\/product\/yoast-seo-wordpress\/ -->\n<title>Junto al ministro Larroque se firm\u00f3 importante convenio<\/title>\n<meta name=\"robots\" content=\"index, follow, max-snippet:-1, max-image-preview:large, max-video-preview:-1\" \/>\n<link rel=\"canonical\" href=\"https:\/\/noticiasmercedinas.com\/site\/2020\/09\/16\/junto-al-ministro-larroque-se-firmo-importante-convenio\/\" \/>\n<meta property=\"og:locale\" content=\"es_ES\" \/>\n<meta property=\"og:type\" content=\"article\" \/>\n<meta property=\"og:title\" content=\"Junto al ministro Larroque se firm\u00f3 importante convenio\" \/>\n<meta property=\"og:description\" content=\"\u25a0 Es para la realizaci\u00f3n de 400 mejoras habitacionales y la creaci\u00f3n de un SUM. Ustarroz destac\u00f3 &quot;gran compromiso&quot; y &quot;capacidad de gesti\u00f3n&quot; de Andr\u00e9s Larroque\" \/>\n<meta property=\"og:url\" content=\"https:\/\/noticiasmercedinas.com\/site\/2020\/09\/16\/junto-al-ministro-larroque-se-firmo-importante-convenio\/\" \/>\n<meta property=\"og:site_name\" content=\"NOTICIASMERCEDINAS.COM\" \/>\n<meta property=\"article:publisher\" content=\"https:\/\/www.facebook.com\/noticiasmercedinas\/\" \/>\n<meta property=\"article:published_time\" content=\"2020-09-16T12:42:39+00:00\" \/>\n<meta property=\"og:image\" content=\"https:\/\/noticiasmercedinas.com\/site\/wp-content\/uploads\/2020\/09\/VisitaLarroqueSJA_2276.jpg\" \/>\n\t<meta property=\"og:image:width\" content=\"1400\" \/>\n\t<meta property=\"og:image:height\" content=\"933\" \/>\n\t<meta property=\"og:image:type\" content=\"image\/jpeg\" \/>\n<meta name=\"author\" content=\"NOTICIASMERCEDINAS.COM\" \/>\n<meta name=\"twitter:card\" content=\"summary_large_image\" \/>\n<meta name=\"twitter:creator\" content=\"@notmercedinas\" \/>\n<meta name=\"twitter:site\" content=\"@notmercedinas\" \/>\n<meta name=\"twitter:label1\" content=\"Escrito por\" \/>\n\t<meta name=\"twitter:data1\" content=\"NOTICIASMERCEDINAS.COM\" \/>\n\t<meta name=\"twitter:label2\" content=\"Tiempo de lectura\" \/>\n\t<meta name=\"twitter:data2\" content=\"4 minutos\" \/>\n<script type=\"application\/ld+json\" class=\"yoast-schema-graph\">{\"@context\":\"https:\\\/\\\/schema.org\",\"@graph\":[{\"@type\":\"Article\",\"@id\":\"https:\\\/\\\/noticiasmercedinas.com\\\/site\\\/2020\\\/09\\\/16\\\/junto-al-ministro-larroque-se-firmo-importante-convenio\\\/#article\",\"isPartOf\":{\"@id\":\"https:\\\/\\\/noticiasmercedinas.com\\\/site\\\/2020\\\/09\\\/16\\\/junto-al-ministro-larroque-se-firmo-importante-convenio\\\/\"},\"author\":{\"name\":\"NOTICIASMERCEDINAS.COM\",\"@id\":\"https:\\\/\\\/noticiasmercedinas.com\\\/site\\\/#\\\/schema\\\/person\\\/84b59c099c28ff2e8b77d4ceec5d8063\"},\"headline\":\"Junto al ministro Larroque se firm\u00f3 importante convenio\",\"datePublished\":\"2020-09-16T12:42:39+00:00\",\"mainEntityOfPage\":{\"@id\":\"https:\\\/\\\/noticiasmercedinas.com\\\/site\\\/2020\\\/09\\\/16\\\/junto-al-ministro-larroque-se-firmo-importante-convenio\\\/\"},\"wordCount\":806,\"commentCount\":0,\"publisher\":{\"@id\":\"https:\\\/\\\/noticiasmercedinas.com\\\/site\\\/#organization\"},\"image\":{\"@id\":\"https:\\\/\\\/noticiasmercedinas.com\\\/site\\\/2020\\\/09\\\/16\\\/junto-al-ministro-larroque-se-firmo-importante-convenio\\\/#primaryimage\"},\"thumbnailUrl\":\"https:\\\/\\\/noticiasmercedinas.com\\\/site\\\/wp-content\\\/uploads\\\/2020\\\/09\\\/VisitaLarroqueSJA_2276.jpg\",\"keywords\":[\"Andr\u00e9s Larroque\",\"juan ignacio ustarroz\",\"mercedes\",\"obras\",\"provincia\",\"sum\",\"viviendas\"],\"articleSection\":[\"Politica\"],\"inLanguage\":\"es\",\"potentialAction\":[{\"@type\":\"CommentAction\",\"name\":\"Comment\",\"target\":[\"https:\\\/\\\/noticiasmercedinas.com\\\/site\\\/2020\\\/09\\\/16\\\/junto-al-ministro-larroque-se-firmo-importante-convenio\\\/#respond\"]}]},{\"@type\":\"WebPage\",\"@id\":\"https:\\\/\\\/noticiasmercedinas.com\\\/site\\\/2020\\\/09\\\/16\\\/junto-al-ministro-larroque-se-firmo-importante-convenio\\\/\",\"url\":\"https:\\\/\\\/noticiasmercedinas.com\\\/site\\\/2020\\\/09\\\/16\\\/junto-al-ministro-larroque-se-firmo-importante-convenio\\\/\",\"name\":\"Junto al ministro Larroque se firm\u00f3 importante convenio\",\"isPartOf\":{\"@id\":\"https:\\\/\\\/noticiasmercedinas.com\\\/site\\\/#website\"},\"primaryImageOfPage\":{\"@id\":\"https:\\\/\\\/noticiasmercedinas.com\\\/site\\\/2020\\\/09\\\/16\\\/junto-al-ministro-larroque-se-firmo-importante-convenio\\\/#primaryimage\"},\"image\":{\"@id\":\"https:\\\/\\\/noticiasmercedinas.com\\\/site\\\/2020\\\/09\\\/16\\\/junto-al-ministro-larroque-se-firmo-importante-convenio\\\/#primaryimage\"},\"thumbnailUrl\":\"https:\\\/\\\/noticiasmercedinas.com\\\/site\\\/wp-content\\\/uploads\\\/2020\\\/09\\\/VisitaLarroqueSJA_2276.jpg\",\"datePublished\":\"2020-09-16T12:42:39+00:00\",\"breadcrumb\":{\"@id\":\"https:\\\/\\\/noticiasmercedinas.com\\\/site\\\/2020\\\/09\\\/16\\\/junto-al-ministro-larroque-se-firmo-importante-convenio\\\/#breadcrumb\"},\"inLanguage\":\"es\",\"potentialAction\":[{\"@type\":\"ReadAction\",\"target\":[\"https:\\\/\\\/noticiasmercedinas.com\\\/site\\\/2020\\\/09\\\/16\\\/junto-al-ministro-larroque-se-firmo-importante-convenio\\\/\"]}]},{\"@type\":\"ImageObject\",\"inLanguage\":\"es\",\"@id\":\"https:\\\/\\\/noticiasmercedinas.com\\\/site\\\/2020\\\/09\\\/16\\\/junto-al-ministro-larroque-se-firmo-importante-convenio\\\/#primaryimage\",\"url\":\"https:\\\/\\\/noticiasmercedinas.com\\\/site\\\/wp-content\\\/uploads\\\/2020\\\/09\\\/VisitaLarroqueSJA_2276.jpg\",\"contentUrl\":\"https:\\\/\\\/noticiasmercedinas.com\\\/site\\\/wp-content\\\/uploads\\\/2020\\\/09\\\/VisitaLarroqueSJA_2276.jpg\",\"width\":1400,\"height\":933},{\"@type\":\"BreadcrumbList\",\"@id\":\"https:\\\/\\\/noticiasmercedinas.com\\\/site\\\/2020\\\/09\\\/16\\\/junto-al-ministro-larroque-se-firmo-importante-convenio\\\/#breadcrumb\",\"itemListElement\":[{\"@type\":\"ListItem\",\"position\":1,\"name\":\"Portada\",\"item\":\"https:\\\/\\\/noticiasmercedinas.com\\\/site\\\/\"},{\"@type\":\"ListItem\",\"position\":2,\"name\":\"Junto al ministro Larroque se firm\u00f3 importante convenio\"}]},{\"@type\":\"WebSite\",\"@id\":\"https:\\\/\\\/noticiasmercedinas.com\\\/site\\\/#website\",\"url\":\"https:\\\/\\\/noticiasmercedinas.com\\\/site\\\/\",\"name\":\"NOTICIASMERCEDINAS.COM\",\"description\":\"Mercedes, Buenos Aires, Argentina\",\"publisher\":{\"@id\":\"https:\\\/\\\/noticiasmercedinas.com\\\/site\\\/#organization\"},\"potentialAction\":[{\"@type\":\"SearchAction\",\"target\":{\"@type\":\"EntryPoint\",\"urlTemplate\":\"https:\\\/\\\/noticiasmercedinas.com\\\/site\\\/?s={search_term_string}\"},\"query-input\":{\"@type\":\"PropertyValueSpecification\",\"valueRequired\":true,\"valueName\":\"search_term_string\"}}],\"inLanguage\":\"es\"},{\"@type\":\"Organization\",\"@id\":\"https:\\\/\\\/noticiasmercedinas.com\\\/site\\\/#organization\",\"name\":\"NOTICIASMERCEDINAS.COM\",\"url\":\"https:\\\/\\\/noticiasmercedinas.com\\\/site\\\/\",\"logo\":{\"@type\":\"ImageObject\",\"inLanguage\":\"es\",\"@id\":\"https:\\\/\\\/noticiasmercedinas.com\\\/site\\\/#\\\/schema\\\/logo\\\/image\\\/\",\"url\":\"https:\\\/\\\/noticiasmercedinas.com\\\/site\\\/wp-content\\\/uploads\\\/2020\\\/06\\\/LOGO-512.jpg\",\"contentUrl\":\"https:\\\/\\\/noticiasmercedinas.com\\\/site\\\/wp-content\\\/uploads\\\/2020\\\/06\\\/LOGO-512.jpg\",\"width\":512,\"height\":512,\"caption\":\"NOTICIASMERCEDINAS.COM\"},\"image\":{\"@id\":\"https:\\\/\\\/noticiasmercedinas.com\\\/site\\\/#\\\/schema\\\/logo\\\/image\\\/\"},\"sameAs\":[\"https:\\\/\\\/www.facebook.com\\\/noticiasmercedinas\\\/\",\"https:\\\/\\\/x.com\\\/notmercedinas\",\"https:\\\/\\\/www.instagram.com\\\/noticiasmercedinas\\\/\"]},{\"@type\":\"Person\",\"@id\":\"https:\\\/\\\/noticiasmercedinas.com\\\/site\\\/#\\\/schema\\\/person\\\/84b59c099c28ff2e8b77d4ceec5d8063\",\"name\":\"NOTICIASMERCEDINAS.COM\",\"image\":{\"@type\":\"ImageObject\",\"inLanguage\":\"es\",\"@id\":\"https:\\\/\\\/secure.gravatar.com\\\/avatar\\\/4dfbf16b4d17945bfb6341b2d19043457132fcf478a5ee04f42e959fd8f5df0a?s=96&d=mm&r=g\",\"url\":\"https:\\\/\\\/secure.gravatar.com\\\/avatar\\\/4dfbf16b4d17945bfb6341b2d19043457132fcf478a5ee04f42e959fd8f5df0a?s=96&d=mm&r=g\",\"contentUrl\":\"https:\\\/\\\/secure.gravatar.com\\\/avatar\\\/4dfbf16b4d17945bfb6341b2d19043457132fcf478a5ee04f42e959fd8f5df0a?s=96&d=mm&r=g\",\"caption\":\"NOTICIASMERCEDINAS.COM\"},\"url\":\"https:\\\/\\\/noticiasmercedinas.com\\\/site\\\/author\\\/anonimo\\\/\"}]}<\/script>\n<!-- \/ Yoast SEO plugin. -->","yoast_head_json":{"title":"Junto al ministro Larroque se firm\u00f3 importante convenio","robots":{"index":"index","follow":"follow","max-snippet":"max-snippet:-1","max-image-preview":"max-image-preview:large","max-video-preview":"max-video-preview:-1"},"canonical":"https:\/\/noticiasmercedinas.com\/site\/2020\/09\/16\/junto-al-ministro-larroque-se-firmo-importante-convenio\/","og_locale":"es_ES","og_type":"article","og_title":"Junto al ministro Larroque se firm\u00f3 importante convenio","og_description":"\u25a0 Es para la realizaci\u00f3n de 400 mejoras habitacionales y la creaci\u00f3n de un SUM. Ustarroz destac\u00f3 \"gran compromiso\" y \"capacidad de gesti\u00f3n\" de Andr\u00e9s Larroque","og_url":"https:\/\/noticiasmercedinas.com\/site\/2020\/09\/16\/junto-al-ministro-larroque-se-firmo-importante-convenio\/","og_site_name":"NOTICIASMERCEDINAS.COM","article_publisher":"https:\/\/www.facebook.com\/noticiasmercedinas\/","article_published_time":"2020-09-16T12:42:39+00:00","og_image":[{"width":1400,"height":933,"url":"https:\/\/noticiasmercedinas.com\/site\/wp-content\/uploads\/2020\/09\/VisitaLarroqueSJA_2276.jpg","type":"image\/jpeg"}],"author":"NOTICIASMERCEDINAS.COM","twitter_card":"summary_large_image","twitter_creator":"@notmercedinas","twitter_site":"@notmercedinas","twitter_misc":{"Escrito por":"NOTICIASMERCEDINAS.COM","Tiempo de lectura":"4 minutos"},"schema":{"@context":"https:\/\/schema.org","@graph":[{"@type":"Article","@id":"https:\/\/noticiasmercedinas.com\/site\/2020\/09\/16\/junto-al-ministro-larroque-se-firmo-importante-convenio\/#article","isPartOf":{"@id":"https:\/\/noticiasmercedinas.com\/site\/2020\/09\/16\/junto-al-ministro-larroque-se-firmo-importante-convenio\/"},"author":{"name":"NOTICIASMERCEDINAS.COM","@id":"https:\/\/noticiasmercedinas.com\/site\/#\/schema\/person\/84b59c099c28ff2e8b77d4ceec5d8063"},"headline":"Junto al ministro Larroque se firm\u00f3 importante convenio","datePublished":"2020-09-16T12:42:39+00:00","mainEntityOfPage":{"@id":"https:\/\/noticiasmercedinas.com\/site\/2020\/09\/16\/junto-al-ministro-larroque-se-firmo-importante-convenio\/"},"wordCount":806,"commentCount":0,"publisher":{"@id":"https:\/\/noticiasmercedinas.com\/site\/#organization"},"image":{"@id":"https:\/\/noticiasmercedinas.com\/site\/2020\/09\/16\/junto-al-ministro-larroque-se-firmo-importante-convenio\/#primaryimage"},"thumbnailUrl":"https:\/\/noticiasmercedinas.com\/site\/wp-content\/uploads\/2020\/09\/VisitaLarroqueSJA_2276.jpg","keywords":["Andr\u00e9s Larroque","juan ignacio ustarroz","mercedes","obras","provincia","sum","viviendas"],"articleSection":["Politica"],"inLanguage":"es","potentialAction":[{"@type":"CommentAction","name":"Comment","target":["https:\/\/noticiasmercedinas.com\/site\/2020\/09\/16\/junto-al-ministro-larroque-se-firmo-importante-convenio\/#respond"]}]},{"@type":"WebPage","@id":"https:\/\/noticiasmercedinas.com\/site\/2020\/09\/16\/junto-al-ministro-larroque-se-firmo-importante-convenio\/","url":"https:\/\/noticiasmercedinas.com\/site\/2020\/09\/16\/junto-al-ministro-larroque-se-firmo-importante-convenio\/","name":"Junto al ministro Larroque se firm\u00f3 importante convenio","isPartOf":{"@id":"https:\/\/noticiasmercedinas.com\/site\/#website"},"primaryImageOfPage":{"@id":"https:\/\/noticiasmercedinas.com\/site\/2020\/09\/16\/junto-al-ministro-larroque-se-firmo-importante-convenio\/#primaryimage"},"image":{"@id":"https:\/\/noticiasmercedinas.com\/site\/2020\/09\/16\/junto-al-ministro-larroque-se-firmo-importante-convenio\/#primaryimage"},"thumbnailUrl":"https:\/\/noticiasmercedinas.com\/site\/wp-content\/uploads\/2020\/09\/VisitaLarroqueSJA_2276.jpg","datePublished":"2020-09-16T12:42:39+00:00","breadcrumb":{"@id":"https:\/\/noticiasmercedinas.com\/site\/2020\/09\/16\/junto-al-ministro-larroque-se-firmo-importante-convenio\/#breadcrumb"},"inLanguage":"es","potentialAction":[{"@type":"ReadAction","target":["https:\/\/noticiasmercedinas.com\/site\/2020\/09\/16\/junto-al-ministro-larroque-se-firmo-importante-convenio\/"]}]},{"@type":"ImageObject","inLanguage":"es","@id":"https:\/\/noticiasmercedinas.com\/site\/2020\/09\/16\/junto-al-ministro-larroque-se-firmo-importante-convenio\/#primaryimage","url":"https:\/\/noticiasmercedinas.com\/site\/wp-content\/uploads\/2020\/09\/VisitaLarroqueSJA_2276.jpg","contentUrl":"https:\/\/noticiasmercedinas.com\/site\/wp-content\/uploads\/2020\/09\/VisitaLarroqueSJA_2276.jpg","width":1400,"height":933},{"@type":"BreadcrumbList","@id":"https:\/\/noticiasmercedinas.com\/site\/2020\/09\/16\/junto-al-ministro-larroque-se-firmo-importante-convenio\/#breadcrumb","itemListElement":[{"@type":"ListItem","position":1,"name":"Portada","item":"https:\/\/noticiasmercedinas.com\/site\/"},{"@type":"ListItem","position":2,"name":"Junto al ministro Larroque se firm\u00f3 importante convenio"}]},{"@type":"WebSite","@id":"https:\/\/noticiasmercedinas.com\/site\/#website","url":"https:\/\/noticiasmercedinas.com\/site\/","name":"NOTICIASMERCEDINAS.COM","description":"Mercedes, Buenos Aires, Argentina","publisher":{"@id":"https:\/\/noticiasmercedinas.com\/site\/#organization"},"potentialAction":[{"@type":"SearchAction","target":{"@type":"EntryPoint","urlTemplate":"https:\/\/noticiasmercedinas.com\/site\/?s={search_term_string}"},"query-input":{"@type":"PropertyValueSpecification","valueRequired":true,"valueName":"search_term_string"}}],"inLanguage":"es"},{"@type":"Organization","@id":"https:\/\/noticiasmercedinas.com\/site\/#organization","name":"NOTICIASMERCEDINAS.COM","url":"https:\/\/noticiasmercedinas.com\/site\/","logo":{"@type":"ImageObject","inLanguage":"es","@id":"https:\/\/noticiasmercedinas.com\/site\/#\/schema\/logo\/image\/","url":"https:\/\/noticiasmercedinas.com\/site\/wp-content\/uploads\/2020\/06\/LOGO-512.jpg","contentUrl":"https:\/\/noticiasmercedinas.com\/site\/wp-content\/uploads\/2020\/06\/LOGO-512.jpg","width":512,"height":512,"caption":"NOTICIASMERCEDINAS.COM"},"image":{"@id":"https:\/\/noticiasmercedinas.com\/site\/#\/schema\/logo\/image\/"},"sameAs":["https:\/\/www.facebook.com\/noticiasmercedinas\/","https:\/\/x.com\/notmercedinas","https:\/\/www.instagram.com\/noticiasmercedinas\/"]},{"@type":"Person","@id":"https:\/\/noticiasmercedinas.com\/site\/#\/schema\/person\/84b59c099c28ff2e8b77d4ceec5d8063","name":"NOTICIASMERCEDINAS.COM","image":{"@type":"ImageObject","inLanguage":"es","@id":"https:\/\/secure.gravatar.com\/avatar\/4dfbf16b4d17945bfb6341b2d19043457132fcf478a5ee04f42e959fd8f5df0a?s=96&d=mm&r=g","url":"https:\/\/secure.gravatar.com\/avatar\/4dfbf16b4d17945bfb6341b2d19043457132fcf478a5ee04f42e959fd8f5df0a?s=96&d=mm&r=g","contentUrl":"https:\/\/secure.gravatar.com\/avatar\/4dfbf16b4d17945bfb6341b2d19043457132fcf478a5ee04f42e959fd8f5df0a?s=96&d=mm&r=g","caption":"NOTICIASMERCEDINAS.COM"},"url":"https:\/\/noticiasmercedinas.com\/site\/author\/anonimo\/"}]}},"amp_enabled":true,"_links":{"self":[{"href":"https:\/\/noticiasmercedinas.com\/site\/wp-json\/wp\/v2\/posts\/53112","targetHints":{"allow":["GET"]}}],"collection":[{"href":"https:\/\/noticiasmercedinas.com\/site\/wp-json\/wp\/v2\/posts"}],"about":[{"href":"https:\/\/noticiasmercedinas.com\/site\/wp-json\/wp\/v2\/types\/post"}],"author":[{"embeddable":true,"href":"https:\/\/noticiasmercedinas.com\/site\/wp-json\/wp\/v2\/users\/16"}],"replies":[{"embeddable":true,"href":"https:\/\/noticiasmercedinas.com\/site\/wp-json\/wp\/v2\/comments?post=53112"}],"version-history":[{"count":1,"href":"https:\/\/noticiasmercedinas.com\/site\/wp-json\/wp\/v2\/posts\/53112\/revisions"}],"predecessor-version":[{"id":53114,"href":"https:\/\/noticiasmercedinas.com\/site\/wp-json\/wp\/v2\/posts\/53112\/revisions\/53114"}],"wp:featuredmedia":[{"embeddable":true,"href":"https:\/\/noticiasmercedinas.com\/site\/wp-json\/wp\/v2\/media\/53113"}],"wp:attachment":[{"href":"https:\/\/noticiasmercedinas.com\/site\/wp-json\/wp\/v2\/media?parent=53112"}],"wp:term":[{"taxonomy":"category","embeddable":true,"href":"https:\/\/noticiasmercedinas.com\/site\/wp-json\/wp\/v2\/categories?post=53112"},{"taxonomy":"post_tag","embeddable":true,"href":"https:\/\/noticiasmercedinas.com\/site\/wp-json\/wp\/v2\/tags?post=53112"}],"curies":[{"name":"wp","href":"https:\/\/api.w.org\/{rel}","templated":true}]}}