{"id":53534,"date":"2020-09-22T10:58:46","date_gmt":"2020-09-22T13:58:46","guid":{"rendered":"https:\/\/noticiasmercedinas.com\/site\/?p=53534"},"modified":"2020-09-22T10:58:46","modified_gmt":"2020-09-22T13:58:46","slug":"juntan-envases-fitosanitarios-en-jornada-itinerante","status":"publish","type":"post","link":"https:\/\/noticiasmercedinas.com\/site\/2020\/09\/22\/juntan-envases-fitosanitarios-en-jornada-itinerante\/","title":{"rendered":"Juntan envases fitosanitarios en jornada itinerante"},"content":{"rendered":"<p><img loading=\"lazy\" decoding=\"async\" class=\"alignnone size-full wp-image-53535\" src=\"https:\/\/noticiasmercedinas.com\/site\/wp-content\/uploads\/2020\/09\/Campana-Itinerante-Mercedes-F1.jpg\" alt=\"\" width=\"1024\" height=\"768\" srcset=\"https:\/\/noticiasmercedinas.com\/site\/wp-content\/uploads\/2020\/09\/Campana-Itinerante-Mercedes-F1.jpg 1024w, https:\/\/noticiasmercedinas.com\/site\/wp-content\/uploads\/2020\/09\/Campana-Itinerante-Mercedes-F1-300x225.jpg 300w, https:\/\/noticiasmercedinas.com\/site\/wp-content\/uploads\/2020\/09\/Campana-Itinerante-Mercedes-F1-768x576.jpg 768w, https:\/\/noticiasmercedinas.com\/site\/wp-content\/uploads\/2020\/09\/Campana-Itinerante-Mercedes-F1-80x60.jpg 80w, https:\/\/noticiasmercedinas.com\/site\/wp-content\/uploads\/2020\/09\/Campana-Itinerante-Mercedes-F1-160x120.jpg 160w, https:\/\/noticiasmercedinas.com\/site\/wp-content\/uploads\/2020\/09\/Campana-Itinerante-Mercedes-F1-100x75.jpg 100w, https:\/\/noticiasmercedinas.com\/site\/wp-content\/uploads\/2020\/09\/Campana-Itinerante-Mercedes-F1-200x150.jpg 200w, https:\/\/noticiasmercedinas.com\/site\/wp-content\/uploads\/2020\/09\/Campana-Itinerante-Mercedes-F1-180x135.jpg 180w, https:\/\/noticiasmercedinas.com\/site\/wp-content\/uploads\/2020\/09\/Campana-Itinerante-Mercedes-F1-360x270.jpg 360w, https:\/\/noticiasmercedinas.com\/site\/wp-content\/uploads\/2020\/09\/Campana-Itinerante-Mercedes-F1-238x178.jpg 238w, https:\/\/noticiasmercedinas.com\/site\/wp-content\/uploads\/2020\/09\/Campana-Itinerante-Mercedes-F1-476x356.jpg 476w, https:\/\/noticiasmercedinas.com\/site\/wp-content\/uploads\/2020\/09\/Campana-Itinerante-Mercedes-F1-1022x768.jpg 1022w, https:\/\/noticiasmercedinas.com\/site\/wp-content\/uploads\/2020\/09\/Campana-Itinerante-Mercedes-F1-640x480.jpg 640w, https:\/\/noticiasmercedinas.com\/site\/wp-content\/uploads\/2020\/09\/Campana-Itinerante-Mercedes-F1-681x511.jpg 681w\" sizes=\"auto, (max-width: 1024px) 100vw, 1024px\" \/><\/p>\n<p>La producci\u00f3n agropecuaria es una de las actividades econ\u00f3micas principales del partido de Mercedes. Son muchas las familias que obtienen un ingreso asociado al trabajo en un establecimiento productivo rural. Sin embargo, pese a tratarse de una importante fuente de trabajo, el desempe\u00f1o de los productores agropecuarios, as\u00ed como toda la estructura de servicios y comercios que gira alrededor de esta actividad, suele pasar desapercibida para la mayor\u00eda de los habitantes de la ciudad.<\/p>\n<p>El partido de Mercedes, se caracteriza por una producci\u00f3n agropecuaria de tipo mixta. Existen campos dedicados exclusivamente a la cr\u00eda de ganado bovino para consumo o bien de razas para la producci\u00f3n lechera, criaderos de cerdos y los asociados a la avicultura. En cuanto a la siembra de cultivos se presentan de dos tipos: producciones intensivas, en donde podemos encontrar especialidades como arom\u00e1ticas, frutales, horticultura, y las denominadas extensivas desarrolladas en campos de grandes extensiones donde se cultivan cereales y oleaginosas.<\/p>\n<p>Se estima que en Mercedes de las 100.000 hect\u00e1reas del partido, entre 25.000 y 30.000 son destinadas a la agricultura extensiva. Los productores agropecuarios que se encuentran dedicados a los cultivos de soja, ma\u00edz, trigo, cebada o sorgo deben realizar importantes inversiones en tecnolog\u00eda debido a que el clima a veces no es desfavorable, o bien, pueden aparecer enfermedades en las plantas o insectos que destruyen los cultivos.<\/p>\n<p>Para disminuir el riesgo de perderlo todo, existen t\u00e9cnicas de prevenci\u00f3n y tratamiento de malezas, plagas emergentes y enfermedades foliares. Estas se realizan aplicando en los cultivos productos fitosanitarios, tambi\u00e9n denominados agroqu\u00edmicos.<\/p>\n<p>Las agronom\u00edas son los \u00fanicos comercios habilitados para el expendio de productos fitosanitarios. Se puede comparar, en alguna medida, a las agronom\u00edas con las farmacias que tenemos en la ciudad, debido a que se trata de comercios autorizados por el Estado para vender productos formulados por laboratorios, bajo la supervisi\u00f3n de profesionales matriculados.<\/p>\n<p><strong>\u00bfC\u00f3mo se utilizan los fitosanitarios y qu\u00e9 sucede con los envases vac\u00edos?<\/strong><br \/>\nLos productores agropecuarios deben utilizar los fitosanitarios siguiendo las indicaciones que figuran en los r\u00f3tulos. En el procedimiento intervienen asesores t\u00e9cnicos que trabajan en los campos. Tambi\u00e9n se da la situaci\u00f3n que muchos productores tienen formaci\u00f3n universitaria, siendo la profesi\u00f3n de Ingeniero Agr\u00f3nomo la m\u00e1s com\u00fan entre los hombres y mujeres de la actividad.<\/p>\n<p>Los avances en materia de aplicaciones se han ido perfeccionando, al punto tal, que existen una serie de recomendaciones para disminuir al m\u00e1ximo el riesgo de accidentes y el uso inadecuado de los productos, estos procedimientos se denominan Buenas Pr\u00e1cticas Agr\u00edcolas (BPA).<\/p>\n<p>Luego de ser utilizados, los envases vac\u00edos de fitosanitarios eran acopiados en los propios campos o vendidos a personas que los incorporaban al circuito de reciclado. Sin embargo en todo el pa\u00eds, se dieron situaciones no deseadas y mal vista en las comunidades cuando en bald\u00edos se hallaron arrojados estos residuos.<\/p>\n<p>Estas situaciones fueron puestas en debate y el Congreso de la Naci\u00f3n logr\u00f3 sancionar una de las leyes m\u00e1s avanzadas en materia de protecci\u00f3n del medio ambiente del pa\u00eds en toda su historia, la Ley Nacional 27.279 de Gesti\u00f3n de Envases Vac\u00edos de Fitosanitarios.<\/p>\n<p>La Ley 27.279 establece que el Estado nacional, provincial y municipal, la industria formuladora, los distribuidores de agroinsumos y los productores agropecuarios deben comprometerse a crear y sostener un sistema nacional de recuperaci\u00f3n de envases vac\u00edos de fitosanitarios para favorecer su reciclado o disposici\u00f3n final.<\/p>\n<p>A partir de esta Ley se form\u00f3 la Asociaci\u00f3n Campo Limpio, la cual tiene como funci\u00f3n garantizar la puesta en funcionamiento de Centros de Almacenamiento Transitorio (CAT) en diferentes puntos estrat\u00e9gicos del territorio nacional. En la provincia de Buenos Aires ya hay 12 CAT habilitados y se aguarda la apertura de nuevos pr\u00f3ximamente.<\/p>\n<p><strong>Campa\u00f1as itinerantes en toda la provincia<\/strong><br \/>\nDado que el sistema de CAT habilitados aun no se ha completado en su totalidad, se han dise\u00f1ado campa\u00f1as de recolecci\u00f3n itinerantes, en las cuales se coordina el arribo de unidades de transporte de gran capacidad de carga y se convoca a los productores a una jornada para que entreguen los envases que ten\u00edan acopiados en sus campos.<\/p>\n<p>En Mercedes la empresa Mersagro, dedicada al acopio de cereales y la comercializaci\u00f3n de insumos agropecuarios, tom\u00f3 la iniciativa de convocar a los productores locales a devolver sus envases vac\u00edos en una jornada exitosa que super\u00f3 las expectativas de los organizadores luego de recuperarse 7.200 envases. Para despachar la carga a un operador reciclador se tuvieron que destinar cuatro camiones. El apoyo de la Asociaci\u00f3n Campo Limpio fue clave para facilitar la log\u00edstica y la C\u00e1mara de Distribuidores de Agroqu\u00edmicos, Semillas y Afines Bonaerense (CEDASABA), brind\u00f3 su capacidad de gesti\u00f3n y experiencia en este tipo de acciones de coordinaci\u00f3n entre los actores locales. En tanto, la Asociaci\u00f3n de Ingenieros Agr\u00f3nomos de Mercedes (AIAM), el Municipio y la Sociedad Rural de Mercedes colaboraron con la difusi\u00f3n de la campa\u00f1a.<\/p>\n<p>El Ing. Agr. Bernando Fertig, director ejecutivo de la firma Mersagro, destac\u00f3 el uso de tecnolog\u00edas cada vez m\u00e1s avanzadas y el compromiso de los productores locales: \u201cLa tendencia a nivel nacional apunta a la utilizaci\u00f3n de productos m\u00e1s amigables con el medio ambiente, por esa raz\u00f3n, los laboratorios desarrollan tecnolog\u00edas con foco en la eficiencia y la sustentabilidad, a la vez que existen implementos agr\u00edcolas que tienen un grado de precisi\u00f3n incre\u00edble para realizar aplicaciones\u201d.<\/p>\n<p>\u201cCreo que la buena respuesta que hemos tenido con esta campa\u00f1a itinerante de recuperaci\u00f3n de envases vac\u00edos, no s\u00f3lo responde al hecho de cumplir con la Ley, sino porque en los productores se percibe un cambio cultural y generacional, que va de la mano de modelos productivos de vanguardia, la adopci\u00f3n de tecnolog\u00eda de punta y mayor conciencia sobre trabajar considerando las buenas pr\u00e1cticas agr\u00edcolas\u201d, concluy\u00f3 Fertig.<\/p>\n<p><img loading=\"lazy\" decoding=\"async\" class=\"alignnone size-full wp-image-53536\" src=\"https:\/\/noticiasmercedinas.com\/site\/wp-content\/uploads\/2020\/09\/Campana-Itinerante-Mercedes-F2.jpg\" alt=\"\" width=\"904\" height=\"537\" srcset=\"https:\/\/noticiasmercedinas.com\/site\/wp-content\/uploads\/2020\/09\/Campana-Itinerante-Mercedes-F2.jpg 904w, https:\/\/noticiasmercedinas.com\/site\/wp-content\/uploads\/2020\/09\/Campana-Itinerante-Mercedes-F2-300x178.jpg 300w, https:\/\/noticiasmercedinas.com\/site\/wp-content\/uploads\/2020\/09\/Campana-Itinerante-Mercedes-F2-768x456.jpg 768w, https:\/\/noticiasmercedinas.com\/site\/wp-content\/uploads\/2020\/09\/Campana-Itinerante-Mercedes-F2-640x380.jpg 640w, https:\/\/noticiasmercedinas.com\/site\/wp-content\/uploads\/2020\/09\/Campana-Itinerante-Mercedes-F2-681x405.jpg 681w\" sizes=\"auto, (max-width: 904px) 100vw, 904px\" \/><\/p>\n","protected":false},"excerpt":{"rendered":"<p>\u25a0\u00a0La empresa Mersagro, la Asociaci\u00f3n Campo Limpio y la C\u00e1mara CEDASABA organizaron una campa\u00f1a itinerante en Mercedes. Logran juntar m\u00e1s de 7.000 unidades.<\/p>\n","protected":false},"author":16,"featured_media":53535,"comment_status":"open","ping_status":"open","sticky":false,"template":"","format":"standard","meta":{"footnotes":""},"categories":[5754],"tags":[3314,10249,7322,10248],"class_list":["post-53534","post","type-post","status-publish","format-standard","has-post-thumbnail","hentry","category-medio-ambiente","tag-agroquimicos","tag-envases","tag-fitosanitarios","tag-mersagro"],"yoast_head":"<!-- This site is optimized with the Yoast SEO plugin v27.4 - https:\/\/yoast.com\/product\/yoast-seo-wordpress\/ -->\n<title>Juntan envases fitosanitarios en jornada itinerante<\/title>\n<meta name=\"robots\" content=\"index, follow, max-snippet:-1, max-image-preview:large, max-video-preview:-1\" \/>\n<link rel=\"canonical\" href=\"https:\/\/noticiasmercedinas.com\/site\/2020\/09\/22\/juntan-envases-fitosanitarios-en-jornada-itinerante\/\" \/>\n<meta property=\"og:locale\" content=\"es_ES\" \/>\n<meta property=\"og:type\" content=\"article\" \/>\n<meta property=\"og:title\" content=\"Juntan envases fitosanitarios en jornada itinerante\" \/>\n<meta property=\"og:description\" content=\"\u25a0\u00a0La empresa Mersagro, la Asociaci\u00f3n Campo Limpio y la C\u00e1mara CEDASABA organizaron una campa\u00f1a itinerante en Mercedes. Logran juntar m\u00e1s de 7.000 unidades.\" \/>\n<meta property=\"og:url\" content=\"https:\/\/noticiasmercedinas.com\/site\/2020\/09\/22\/juntan-envases-fitosanitarios-en-jornada-itinerante\/\" \/>\n<meta property=\"og:site_name\" content=\"NOTICIASMERCEDINAS.COM\" \/>\n<meta property=\"article:publisher\" content=\"https:\/\/www.facebook.com\/noticiasmercedinas\/\" \/>\n<meta property=\"article:published_time\" content=\"2020-09-22T13:58:46+00:00\" \/>\n<meta property=\"og:image\" content=\"https:\/\/noticiasmercedinas.com\/site\/wp-content\/uploads\/2020\/09\/Campana-Itinerante-Mercedes-F1.jpg\" \/>\n\t<meta property=\"og:image:width\" content=\"1024\" \/>\n\t<meta property=\"og:image:height\" content=\"768\" \/>\n\t<meta property=\"og:image:type\" content=\"image\/jpeg\" \/>\n<meta name=\"author\" content=\"NOTICIASMERCEDINAS.COM\" \/>\n<meta name=\"twitter:card\" content=\"summary_large_image\" \/>\n<meta name=\"twitter:creator\" content=\"@notmercedinas\" \/>\n<meta name=\"twitter:site\" content=\"@notmercedinas\" \/>\n<meta name=\"twitter:label1\" content=\"Escrito por\" \/>\n\t<meta name=\"twitter:data1\" content=\"NOTICIASMERCEDINAS.COM\" \/>\n\t<meta name=\"twitter:label2\" content=\"Tiempo de lectura\" \/>\n\t<meta name=\"twitter:data2\" content=\"5 minutos\" \/>\n<script type=\"application\/ld+json\" class=\"yoast-schema-graph\">{\"@context\":\"https:\\\/\\\/schema.org\",\"@graph\":[{\"@type\":\"Article\",\"@id\":\"https:\\\/\\\/noticiasmercedinas.com\\\/site\\\/2020\\\/09\\\/22\\\/juntan-envases-fitosanitarios-en-jornada-itinerante\\\/#article\",\"isPartOf\":{\"@id\":\"https:\\\/\\\/noticiasmercedinas.com\\\/site\\\/2020\\\/09\\\/22\\\/juntan-envases-fitosanitarios-en-jornada-itinerante\\\/\"},\"author\":{\"name\":\"NOTICIASMERCEDINAS.COM\",\"@id\":\"https:\\\/\\\/noticiasmercedinas.com\\\/site\\\/#\\\/schema\\\/person\\\/84b59c099c28ff2e8b77d4ceec5d8063\"},\"headline\":\"Juntan envases fitosanitarios en jornada itinerante\",\"datePublished\":\"2020-09-22T13:58:46+00:00\",\"mainEntityOfPage\":{\"@id\":\"https:\\\/\\\/noticiasmercedinas.com\\\/site\\\/2020\\\/09\\\/22\\\/juntan-envases-fitosanitarios-en-jornada-itinerante\\\/\"},\"wordCount\":1025,\"commentCount\":0,\"publisher\":{\"@id\":\"https:\\\/\\\/noticiasmercedinas.com\\\/site\\\/#organization\"},\"image\":{\"@id\":\"https:\\\/\\\/noticiasmercedinas.com\\\/site\\\/2020\\\/09\\\/22\\\/juntan-envases-fitosanitarios-en-jornada-itinerante\\\/#primaryimage\"},\"thumbnailUrl\":\"https:\\\/\\\/noticiasmercedinas.com\\\/site\\\/wp-content\\\/uploads\\\/2020\\\/09\\\/Campana-Itinerante-Mercedes-F1.jpg\",\"keywords\":[\"Agroqu\u00edmicos\",\"envases\",\"fitosanitarios\",\"mersagro\"],\"articleSection\":[\"Ambiente\"],\"inLanguage\":\"es\",\"potentialAction\":[{\"@type\":\"CommentAction\",\"name\":\"Comment\",\"target\":[\"https:\\\/\\\/noticiasmercedinas.com\\\/site\\\/2020\\\/09\\\/22\\\/juntan-envases-fitosanitarios-en-jornada-itinerante\\\/#respond\"]}]},{\"@type\":\"WebPage\",\"@id\":\"https:\\\/\\\/noticiasmercedinas.com\\\/site\\\/2020\\\/09\\\/22\\\/juntan-envases-fitosanitarios-en-jornada-itinerante\\\/\",\"url\":\"https:\\\/\\\/noticiasmercedinas.com\\\/site\\\/2020\\\/09\\\/22\\\/juntan-envases-fitosanitarios-en-jornada-itinerante\\\/\",\"name\":\"Juntan envases fitosanitarios en jornada itinerante\",\"isPartOf\":{\"@id\":\"https:\\\/\\\/noticiasmercedinas.com\\\/site\\\/#website\"},\"primaryImageOfPage\":{\"@id\":\"https:\\\/\\\/noticiasmercedinas.com\\\/site\\\/2020\\\/09\\\/22\\\/juntan-envases-fitosanitarios-en-jornada-itinerante\\\/#primaryimage\"},\"image\":{\"@id\":\"https:\\\/\\\/noticiasmercedinas.com\\\/site\\\/2020\\\/09\\\/22\\\/juntan-envases-fitosanitarios-en-jornada-itinerante\\\/#primaryimage\"},\"thumbnailUrl\":\"https:\\\/\\\/noticiasmercedinas.com\\\/site\\\/wp-content\\\/uploads\\\/2020\\\/09\\\/Campana-Itinerante-Mercedes-F1.jpg\",\"datePublished\":\"2020-09-22T13:58:46+00:00\",\"breadcrumb\":{\"@id\":\"https:\\\/\\\/noticiasmercedinas.com\\\/site\\\/2020\\\/09\\\/22\\\/juntan-envases-fitosanitarios-en-jornada-itinerante\\\/#breadcrumb\"},\"inLanguage\":\"es\",\"potentialAction\":[{\"@type\":\"ReadAction\",\"target\":[\"https:\\\/\\\/noticiasmercedinas.com\\\/site\\\/2020\\\/09\\\/22\\\/juntan-envases-fitosanitarios-en-jornada-itinerante\\\/\"]}]},{\"@type\":\"ImageObject\",\"inLanguage\":\"es\",\"@id\":\"https:\\\/\\\/noticiasmercedinas.com\\\/site\\\/2020\\\/09\\\/22\\\/juntan-envases-fitosanitarios-en-jornada-itinerante\\\/#primaryimage\",\"url\":\"https:\\\/\\\/noticiasmercedinas.com\\\/site\\\/wp-content\\\/uploads\\\/2020\\\/09\\\/Campana-Itinerante-Mercedes-F1.jpg\",\"contentUrl\":\"https:\\\/\\\/noticiasmercedinas.com\\\/site\\\/wp-content\\\/uploads\\\/2020\\\/09\\\/Campana-Itinerante-Mercedes-F1.jpg\",\"width\":1024,\"height\":768},{\"@type\":\"BreadcrumbList\",\"@id\":\"https:\\\/\\\/noticiasmercedinas.com\\\/site\\\/2020\\\/09\\\/22\\\/juntan-envases-fitosanitarios-en-jornada-itinerante\\\/#breadcrumb\",\"itemListElement\":[{\"@type\":\"ListItem\",\"position\":1,\"name\":\"Portada\",\"item\":\"https:\\\/\\\/noticiasmercedinas.com\\\/site\\\/\"},{\"@type\":\"ListItem\",\"position\":2,\"name\":\"Juntan envases fitosanitarios en jornada itinerante\"}]},{\"@type\":\"WebSite\",\"@id\":\"https:\\\/\\\/noticiasmercedinas.com\\\/site\\\/#website\",\"url\":\"https:\\\/\\\/noticiasmercedinas.com\\\/site\\\/\",\"name\":\"NOTICIASMERCEDINAS.COM\",\"description\":\"Mercedes, Buenos Aires, Argentina\",\"publisher\":{\"@id\":\"https:\\\/\\\/noticiasmercedinas.com\\\/site\\\/#organization\"},\"potentialAction\":[{\"@type\":\"SearchAction\",\"target\":{\"@type\":\"EntryPoint\",\"urlTemplate\":\"https:\\\/\\\/noticiasmercedinas.com\\\/site\\\/?s={search_term_string}\"},\"query-input\":{\"@type\":\"PropertyValueSpecification\",\"valueRequired\":true,\"valueName\":\"search_term_string\"}}],\"inLanguage\":\"es\"},{\"@type\":\"Organization\",\"@id\":\"https:\\\/\\\/noticiasmercedinas.com\\\/site\\\/#organization\",\"name\":\"NOTICIASMERCEDINAS.COM\",\"url\":\"https:\\\/\\\/noticiasmercedinas.com\\\/site\\\/\",\"logo\":{\"@type\":\"ImageObject\",\"inLanguage\":\"es\",\"@id\":\"https:\\\/\\\/noticiasmercedinas.com\\\/site\\\/#\\\/schema\\\/logo\\\/image\\\/\",\"url\":\"https:\\\/\\\/noticiasmercedinas.com\\\/site\\\/wp-content\\\/uploads\\\/2020\\\/06\\\/LOGO-512.jpg\",\"contentUrl\":\"https:\\\/\\\/noticiasmercedinas.com\\\/site\\\/wp-content\\\/uploads\\\/2020\\\/06\\\/LOGO-512.jpg\",\"width\":512,\"height\":512,\"caption\":\"NOTICIASMERCEDINAS.COM\"},\"image\":{\"@id\":\"https:\\\/\\\/noticiasmercedinas.com\\\/site\\\/#\\\/schema\\\/logo\\\/image\\\/\"},\"sameAs\":[\"https:\\\/\\\/www.facebook.com\\\/noticiasmercedinas\\\/\",\"https:\\\/\\\/x.com\\\/notmercedinas\",\"https:\\\/\\\/www.instagram.com\\\/noticiasmercedinas\\\/\"]},{\"@type\":\"Person\",\"@id\":\"https:\\\/\\\/noticiasmercedinas.com\\\/site\\\/#\\\/schema\\\/person\\\/84b59c099c28ff2e8b77d4ceec5d8063\",\"name\":\"NOTICIASMERCEDINAS.COM\",\"image\":{\"@type\":\"ImageObject\",\"inLanguage\":\"es\",\"@id\":\"https:\\\/\\\/secure.gravatar.com\\\/avatar\\\/4dfbf16b4d17945bfb6341b2d19043457132fcf478a5ee04f42e959fd8f5df0a?s=96&d=mm&r=g\",\"url\":\"https:\\\/\\\/secure.gravatar.com\\\/avatar\\\/4dfbf16b4d17945bfb6341b2d19043457132fcf478a5ee04f42e959fd8f5df0a?s=96&d=mm&r=g\",\"contentUrl\":\"https:\\\/\\\/secure.gravatar.com\\\/avatar\\\/4dfbf16b4d17945bfb6341b2d19043457132fcf478a5ee04f42e959fd8f5df0a?s=96&d=mm&r=g\",\"caption\":\"NOTICIASMERCEDINAS.COM\"},\"url\":\"https:\\\/\\\/noticiasmercedinas.com\\\/site\\\/author\\\/anonimo\\\/\"}]}<\/script>\n<!-- \/ Yoast SEO plugin. -->","yoast_head_json":{"title":"Juntan envases fitosanitarios en jornada itinerante","robots":{"index":"index","follow":"follow","max-snippet":"max-snippet:-1","max-image-preview":"max-image-preview:large","max-video-preview":"max-video-preview:-1"},"canonical":"https:\/\/noticiasmercedinas.com\/site\/2020\/09\/22\/juntan-envases-fitosanitarios-en-jornada-itinerante\/","og_locale":"es_ES","og_type":"article","og_title":"Juntan envases fitosanitarios en jornada itinerante","og_description":"\u25a0\u00a0La empresa Mersagro, la Asociaci\u00f3n Campo Limpio y la C\u00e1mara CEDASABA organizaron una campa\u00f1a itinerante en Mercedes. Logran juntar m\u00e1s de 7.000 unidades.","og_url":"https:\/\/noticiasmercedinas.com\/site\/2020\/09\/22\/juntan-envases-fitosanitarios-en-jornada-itinerante\/","og_site_name":"NOTICIASMERCEDINAS.COM","article_publisher":"https:\/\/www.facebook.com\/noticiasmercedinas\/","article_published_time":"2020-09-22T13:58:46+00:00","og_image":[{"width":1024,"height":768,"url":"https:\/\/noticiasmercedinas.com\/site\/wp-content\/uploads\/2020\/09\/Campana-Itinerante-Mercedes-F1.jpg","type":"image\/jpeg"}],"author":"NOTICIASMERCEDINAS.COM","twitter_card":"summary_large_image","twitter_creator":"@notmercedinas","twitter_site":"@notmercedinas","twitter_misc":{"Escrito por":"NOTICIASMERCEDINAS.COM","Tiempo de lectura":"5 minutos"},"schema":{"@context":"https:\/\/schema.org","@graph":[{"@type":"Article","@id":"https:\/\/noticiasmercedinas.com\/site\/2020\/09\/22\/juntan-envases-fitosanitarios-en-jornada-itinerante\/#article","isPartOf":{"@id":"https:\/\/noticiasmercedinas.com\/site\/2020\/09\/22\/juntan-envases-fitosanitarios-en-jornada-itinerante\/"},"author":{"name":"NOTICIASMERCEDINAS.COM","@id":"https:\/\/noticiasmercedinas.com\/site\/#\/schema\/person\/84b59c099c28ff2e8b77d4ceec5d8063"},"headline":"Juntan envases fitosanitarios en jornada itinerante","datePublished":"2020-09-22T13:58:46+00:00","mainEntityOfPage":{"@id":"https:\/\/noticiasmercedinas.com\/site\/2020\/09\/22\/juntan-envases-fitosanitarios-en-jornada-itinerante\/"},"wordCount":1025,"commentCount":0,"publisher":{"@id":"https:\/\/noticiasmercedinas.com\/site\/#organization"},"image":{"@id":"https:\/\/noticiasmercedinas.com\/site\/2020\/09\/22\/juntan-envases-fitosanitarios-en-jornada-itinerante\/#primaryimage"},"thumbnailUrl":"https:\/\/noticiasmercedinas.com\/site\/wp-content\/uploads\/2020\/09\/Campana-Itinerante-Mercedes-F1.jpg","keywords":["Agroqu\u00edmicos","envases","fitosanitarios","mersagro"],"articleSection":["Ambiente"],"inLanguage":"es","potentialAction":[{"@type":"CommentAction","name":"Comment","target":["https:\/\/noticiasmercedinas.com\/site\/2020\/09\/22\/juntan-envases-fitosanitarios-en-jornada-itinerante\/#respond"]}]},{"@type":"WebPage","@id":"https:\/\/noticiasmercedinas.com\/site\/2020\/09\/22\/juntan-envases-fitosanitarios-en-jornada-itinerante\/","url":"https:\/\/noticiasmercedinas.com\/site\/2020\/09\/22\/juntan-envases-fitosanitarios-en-jornada-itinerante\/","name":"Juntan envases fitosanitarios en jornada itinerante","isPartOf":{"@id":"https:\/\/noticiasmercedinas.com\/site\/#website"},"primaryImageOfPage":{"@id":"https:\/\/noticiasmercedinas.com\/site\/2020\/09\/22\/juntan-envases-fitosanitarios-en-jornada-itinerante\/#primaryimage"},"image":{"@id":"https:\/\/noticiasmercedinas.com\/site\/2020\/09\/22\/juntan-envases-fitosanitarios-en-jornada-itinerante\/#primaryimage"},"thumbnailUrl":"https:\/\/noticiasmercedinas.com\/site\/wp-content\/uploads\/2020\/09\/Campana-Itinerante-Mercedes-F1.jpg","datePublished":"2020-09-22T13:58:46+00:00","breadcrumb":{"@id":"https:\/\/noticiasmercedinas.com\/site\/2020\/09\/22\/juntan-envases-fitosanitarios-en-jornada-itinerante\/#breadcrumb"},"inLanguage":"es","potentialAction":[{"@type":"ReadAction","target":["https:\/\/noticiasmercedinas.com\/site\/2020\/09\/22\/juntan-envases-fitosanitarios-en-jornada-itinerante\/"]}]},{"@type":"ImageObject","inLanguage":"es","@id":"https:\/\/noticiasmercedinas.com\/site\/2020\/09\/22\/juntan-envases-fitosanitarios-en-jornada-itinerante\/#primaryimage","url":"https:\/\/noticiasmercedinas.com\/site\/wp-content\/uploads\/2020\/09\/Campana-Itinerante-Mercedes-F1.jpg","contentUrl":"https:\/\/noticiasmercedinas.com\/site\/wp-content\/uploads\/2020\/09\/Campana-Itinerante-Mercedes-F1.jpg","width":1024,"height":768},{"@type":"BreadcrumbList","@id":"https:\/\/noticiasmercedinas.com\/site\/2020\/09\/22\/juntan-envases-fitosanitarios-en-jornada-itinerante\/#breadcrumb","itemListElement":[{"@type":"ListItem","position":1,"name":"Portada","item":"https:\/\/noticiasmercedinas.com\/site\/"},{"@type":"ListItem","position":2,"name":"Juntan envases fitosanitarios en jornada itinerante"}]},{"@type":"WebSite","@id":"https:\/\/noticiasmercedinas.com\/site\/#website","url":"https:\/\/noticiasmercedinas.com\/site\/","name":"NOTICIASMERCEDINAS.COM","description":"Mercedes, Buenos Aires, Argentina","publisher":{"@id":"https:\/\/noticiasmercedinas.com\/site\/#organization"},"potentialAction":[{"@type":"SearchAction","target":{"@type":"EntryPoint","urlTemplate":"https:\/\/noticiasmercedinas.com\/site\/?s={search_term_string}"},"query-input":{"@type":"PropertyValueSpecification","valueRequired":true,"valueName":"search_term_string"}}],"inLanguage":"es"},{"@type":"Organization","@id":"https:\/\/noticiasmercedinas.com\/site\/#organization","name":"NOTICIASMERCEDINAS.COM","url":"https:\/\/noticiasmercedinas.com\/site\/","logo":{"@type":"ImageObject","inLanguage":"es","@id":"https:\/\/noticiasmercedinas.com\/site\/#\/schema\/logo\/image\/","url":"https:\/\/noticiasmercedinas.com\/site\/wp-content\/uploads\/2020\/06\/LOGO-512.jpg","contentUrl":"https:\/\/noticiasmercedinas.com\/site\/wp-content\/uploads\/2020\/06\/LOGO-512.jpg","width":512,"height":512,"caption":"NOTICIASMERCEDINAS.COM"},"image":{"@id":"https:\/\/noticiasmercedinas.com\/site\/#\/schema\/logo\/image\/"},"sameAs":["https:\/\/www.facebook.com\/noticiasmercedinas\/","https:\/\/x.com\/notmercedinas","https:\/\/www.instagram.com\/noticiasmercedinas\/"]},{"@type":"Person","@id":"https:\/\/noticiasmercedinas.com\/site\/#\/schema\/person\/84b59c099c28ff2e8b77d4ceec5d8063","name":"NOTICIASMERCEDINAS.COM","image":{"@type":"ImageObject","inLanguage":"es","@id":"https:\/\/secure.gravatar.com\/avatar\/4dfbf16b4d17945bfb6341b2d19043457132fcf478a5ee04f42e959fd8f5df0a?s=96&d=mm&r=g","url":"https:\/\/secure.gravatar.com\/avatar\/4dfbf16b4d17945bfb6341b2d19043457132fcf478a5ee04f42e959fd8f5df0a?s=96&d=mm&r=g","contentUrl":"https:\/\/secure.gravatar.com\/avatar\/4dfbf16b4d17945bfb6341b2d19043457132fcf478a5ee04f42e959fd8f5df0a?s=96&d=mm&r=g","caption":"NOTICIASMERCEDINAS.COM"},"url":"https:\/\/noticiasmercedinas.com\/site\/author\/anonimo\/"}]}},"amp_enabled":true,"_links":{"self":[{"href":"https:\/\/noticiasmercedinas.com\/site\/wp-json\/wp\/v2\/posts\/53534","targetHints":{"allow":["GET"]}}],"collection":[{"href":"https:\/\/noticiasmercedinas.com\/site\/wp-json\/wp\/v2\/posts"}],"about":[{"href":"https:\/\/noticiasmercedinas.com\/site\/wp-json\/wp\/v2\/types\/post"}],"author":[{"embeddable":true,"href":"https:\/\/noticiasmercedinas.com\/site\/wp-json\/wp\/v2\/users\/16"}],"replies":[{"embeddable":true,"href":"https:\/\/noticiasmercedinas.com\/site\/wp-json\/wp\/v2\/comments?post=53534"}],"version-history":[{"count":1,"href":"https:\/\/noticiasmercedinas.com\/site\/wp-json\/wp\/v2\/posts\/53534\/revisions"}],"predecessor-version":[{"id":53537,"href":"https:\/\/noticiasmercedinas.com\/site\/wp-json\/wp\/v2\/posts\/53534\/revisions\/53537"}],"wp:featuredmedia":[{"embeddable":true,"href":"https:\/\/noticiasmercedinas.com\/site\/wp-json\/wp\/v2\/media\/53535"}],"wp:attachment":[{"href":"https:\/\/noticiasmercedinas.com\/site\/wp-json\/wp\/v2\/media?parent=53534"}],"wp:term":[{"taxonomy":"category","embeddable":true,"href":"https:\/\/noticiasmercedinas.com\/site\/wp-json\/wp\/v2\/categories?post=53534"},{"taxonomy":"post_tag","embeddable":true,"href":"https:\/\/noticiasmercedinas.com\/site\/wp-json\/wp\/v2\/tags?post=53534"}],"curies":[{"name":"wp","href":"https:\/\/api.w.org\/{rel}","templated":true}]}}