{"id":5375,"date":"2018-10-27T09:24:25","date_gmt":"2018-10-27T12:24:25","guid":{"rendered":"https:\/\/noticiasmercedinas.com\/site\/?p=5375"},"modified":"2018-10-27T09:24:25","modified_gmt":"2018-10-27T12:24:25","slug":"cem-y-produccion-municipal-hicieron-relevamiento-de-comercios-y-empresas-locales","status":"publish","type":"post","link":"https:\/\/noticiasmercedinas.com\/site\/2018\/10\/27\/cem-y-produccion-municipal-hicieron-relevamiento-de-comercios-y-empresas-locales\/","title":{"rendered":"CEM y Producci\u00f3n Municipal hicieron relevamiento de comercios y empresas locales"},"content":{"rendered":"<p><strong>Unos 3200 comercios, emprendimientos e industrias fueron relevados para actualizar los datos de la C\u00e1mara Econ\u00f3mica y el \u00e1rea de producci\u00f3n municipal. El trabajo lo realizaron en la CEM estudiantes de la UNLu que realizan pasant\u00edas en el Municipio.<\/strong><\/p>\n<p><img loading=\"lazy\" decoding=\"async\" class=\"alignnone size-large wp-image-5376\" src=\"https:\/\/noticiasmercedinas.com\/site\/wp-content\/uploads\/2018\/10\/2018-relevamiento-1-1024x683.jpg\" alt=\"\" width=\"640\" height=\"427\" srcset=\"https:\/\/noticiasmercedinas.com\/site\/wp-content\/uploads\/2018\/10\/2018-relevamiento-1.jpg 1024w, https:\/\/noticiasmercedinas.com\/site\/wp-content\/uploads\/2018\/10\/2018-relevamiento-1-300x200.jpg 300w, https:\/\/noticiasmercedinas.com\/site\/wp-content\/uploads\/2018\/10\/2018-relevamiento-1-768x512.jpg 768w, https:\/\/noticiasmercedinas.com\/site\/wp-content\/uploads\/2018\/10\/2018-relevamiento-1-640x427.jpg 640w, https:\/\/noticiasmercedinas.com\/site\/wp-content\/uploads\/2018\/10\/2018-relevamiento-1-681x454.jpg 681w, https:\/\/noticiasmercedinas.com\/site\/wp-content\/uploads\/2018\/10\/2018-relevamiento-1-1022x683.jpg 1022w\" sizes=\"auto, (max-width: 640px) 100vw, 640px\" \/><\/p>\n<p>Con el objetivo de actualizar datos de comercios, empresas y emprendimientos locales, la C\u00e1mara Econ\u00f3mica y el Municipio de Mercedes trabajaron en conjunto para hacer un relevamiento en el partido de Mercedes. La tarea fue realizada por dos pasantes de la Universidad de Luj\u00e1n de la Carrera de Comercio Internacional que cumplen sus jornadas en la sede de la CEM a ra\u00edz del convenio que la comuna tiene con la casa de altos estudios.<\/p>\n<p>El Director de Producci\u00f3n Marcelo Den\u00e1pole y el Gerente de la C\u00e1mara Econ\u00f3mica Mercedina Ariel Pietrucha junto a los dos estudiantes (pasantes de la UNLu, rentados), Mar\u00eda Clara Molina y Agust\u00edn Aguirre, explicaron que el relevamiento aporta datos actualizados para desarrollar pol\u00edticas estrat\u00e9gicas en el \u00e1rea de producci\u00f3n y el comercio exterior. Los estudiantes son los responsables de hacer el relevamiento de 3200 emprendimientos entre comercios, PyMEs, e industrias.<\/p>\n<p>\u201cCon la C\u00e1mara Econ\u00f3mica ve\u00edamos que necesit\u00e1bamos una actualizaci\u00f3n de los datos locales. Los estudiantes conocen de Comercio y nos ayudaron con ese relevamiento entre cruzando los datos de la C\u00e1mara y de la Municipalidad. Estos datos nos permiten, desde Planeamiento, hacer una geolocalizaci\u00f3n de los emprendimientos de Mercedes y hacer acciones m\u00e1s completas\u201d, explic\u00f3 el Ing. Den\u00e1pole.<\/p>\n<p>A lo que Pietrucha agreg\u00f3 que el relevamiento permitir\u00e1 a nuevos inversores a conocer los rubros y sectores que est\u00e1n \u201ccubiertos\u201d en la ciudad. \u201cNos da la pauta de los sectores comerciales e industriales que tienen alg\u00fan d\u00e9ficit de alg\u00fan rubro espec\u00edfico. As\u00ed tambi\u00e9n lograr que no se superpongan, perjudicando a lo que ya est\u00e1n. La base formada es muy grande, sin embargo falta relevar algunos m\u00e1s\u201d, dijo el Gerente de la CEM.<\/p>\n<p>El relevamiento realizado por los estudiantes de la UNLu desde el mes de mayo es sobre 3200 comercios, emprendimientos e industrias arrog\u00f3 que el 71% de la base de datos corresponde a comercios, un 9% a industrias, un 5% a empresas de servicios y por \u00faltimo, el 15% corresponde a aquellos rubros no tenidos en cuenta en las anteriores como talleres, criaderos y dep\u00f3sitos. En base a su especializaci\u00f3n, Mar\u00eda Clara Molina y Agust\u00edn Aguirre analizaron cu\u00e1ntas de esas empresas e industrias exportan o tienen posibilidades de exportar, habida cuenta de la instalaci\u00f3n del dep\u00f3sito fiscal de AFIP. Relevaron doce empresas que en la actualidad exportan sus productos desde Mercedes. Un n\u00famero bajo que buscan incrementar desde la CEM y el Municipio con encuentros como el sucedido el mes pasado con la C\u00e1mara de Maldonado, Uruguay.<\/p>\n<p>\u201cCon el informe que nos entregaron los pasantes, desde Producci\u00f3n vamos a comparar lo que tenemos con el fin de contactarlos y darle capacitaci\u00f3n desde el Municipio y ofrecerles los servicios de la oficina de empleo\u201d, dijo Den\u00e1pole. \u201cPor nuestra parte, la C\u00e1mara ofrece el contacto con otras C\u00e1maras, como ya lo hicimos con la Uruguay, para incentivar y brindar herramientas para la exportaci\u00f3n\u201d, agreg\u00f3 Pietrucha.<\/p>\n<p>El trabajo conjunto entre la C\u00e1mara Econ\u00f3mica, la Municipalidad de Mercedes y el \u00e1rea de pasant\u00eda de la UNLu facilita la posibilidad de pol\u00edticas p\u00fablicas futuras adem\u00e1s de incentivar al sector privado a crecer en materia laboral y comercial e interactuar con otros sectores econ\u00f3micos de la comunidad, as\u00ed como con el sector acad\u00e9mico universitario.<\/p>\n<p><img loading=\"lazy\" decoding=\"async\" class=\"alignnone size-full wp-image-5377\" src=\"https:\/\/noticiasmercedinas.com\/site\/wp-content\/uploads\/2018\/10\/2018-relevamiento-2.jpg\" alt=\"\" width=\"750\" height=\"500\" srcset=\"https:\/\/noticiasmercedinas.com\/site\/wp-content\/uploads\/2018\/10\/2018-relevamiento-2.jpg 750w, https:\/\/noticiasmercedinas.com\/site\/wp-content\/uploads\/2018\/10\/2018-relevamiento-2-300x200.jpg 300w, https:\/\/noticiasmercedinas.com\/site\/wp-content\/uploads\/2018\/10\/2018-relevamiento-2-640x427.jpg 640w, https:\/\/noticiasmercedinas.com\/site\/wp-content\/uploads\/2018\/10\/2018-relevamiento-2-681x454.jpg 681w\" sizes=\"auto, (max-width: 750px) 100vw, 750px\" \/><\/p>\n","protected":false},"excerpt":{"rendered":"<p>Unos 3200 comercios, emprendimientos e industrias fueron relevados para actualizar los datos de la C\u00e1mara Econ\u00f3mica y el \u00e1rea de producci\u00f3n municipal. El trabajo lo realizaron en la CEM estudiantes de la UNLu que realizan pasant\u00edas en el Municipio. Con el objetivo de actualizar datos de comercios, empresas y emprendimientos locales, la C\u00e1mara Econ\u00f3mica y [&hellip;]<\/p>\n","protected":false},"author":2,"featured_media":5377,"comment_status":"open","ping_status":"open","sticky":false,"template":"","format":"standard","meta":{"footnotes":""},"categories":[3],"tags":[405,1738,1739,32],"class_list":["post-5375","post","type-post","status-publish","format-standard","has-post-thumbnail","hentry","category-sociedad","tag-ariel-pietrucha","tag-camara-economica","tag-marcelo-denapole","tag-produccion"],"yoast_head":"<!-- This site is optimized with the Yoast SEO plugin v27.5 - https:\/\/yoast.com\/product\/yoast-seo-wordpress\/ -->\n<title>CEM y Producci\u00f3n Municipal hicieron relevamiento de comercios y empresas locales<\/title>\n<meta name=\"robots\" content=\"index, follow, max-snippet:-1, max-image-preview:large, max-video-preview:-1\" \/>\n<link rel=\"canonical\" href=\"https:\/\/noticiasmercedinas.com\/site\/2018\/10\/27\/cem-y-produccion-municipal-hicieron-relevamiento-de-comercios-y-empresas-locales\/\" \/>\n<meta property=\"og:locale\" content=\"es_ES\" \/>\n<meta property=\"og:type\" content=\"article\" \/>\n<meta property=\"og:title\" content=\"CEM y Producci\u00f3n Municipal hicieron relevamiento de comercios y empresas locales\" \/>\n<meta property=\"og:description\" content=\"Unos 3200 comercios, emprendimientos e industrias fueron relevados para actualizar los datos de la C\u00e1mara Econ\u00f3mica y el \u00e1rea de producci\u00f3n municipal. El trabajo lo realizaron en la CEM estudiantes de la UNLu que realizan pasant\u00edas en el Municipio. Con el objetivo de actualizar datos de comercios, empresas y emprendimientos locales, la C\u00e1mara Econ\u00f3mica y [&hellip;]\" \/>\n<meta property=\"og:url\" content=\"https:\/\/noticiasmercedinas.com\/site\/2018\/10\/27\/cem-y-produccion-municipal-hicieron-relevamiento-de-comercios-y-empresas-locales\/\" \/>\n<meta property=\"og:site_name\" content=\"NOTICIASMERCEDINAS.COM\" \/>\n<meta property=\"article:publisher\" content=\"https:\/\/www.facebook.com\/noticiasmercedinas\/\" \/>\n<meta property=\"article:author\" content=\"https:\/\/www.facebook.com\/cristian.falabella\" \/>\n<meta property=\"article:published_time\" content=\"2018-10-27T12:24:25+00:00\" \/>\n<meta property=\"og:image\" content=\"https:\/\/noticiasmercedinas.com\/site\/wp-content\/uploads\/2018\/10\/2018-relevamiento-2.jpg\" \/>\n\t<meta property=\"og:image:width\" content=\"750\" \/>\n\t<meta property=\"og:image:height\" content=\"500\" \/>\n\t<meta property=\"og:image:type\" content=\"image\/jpeg\" \/>\n<meta name=\"author\" content=\"Cristian Falabella NOTICIASMERCEDINAS.COM\" \/>\n<meta name=\"twitter:card\" content=\"summary_large_image\" \/>\n<meta name=\"twitter:creator\" content=\"@https:\/\/twitter.com\/NOTMERCEDINAS\" \/>\n<meta name=\"twitter:site\" content=\"@notmercedinas\" \/>\n<meta name=\"twitter:label1\" content=\"Escrito por\" \/>\n\t<meta name=\"twitter:data1\" content=\"Cristian Falabella NOTICIASMERCEDINAS.COM\" \/>\n\t<meta name=\"twitter:label2\" content=\"Tiempo de lectura\" \/>\n\t<meta name=\"twitter:data2\" content=\"3 minutos\" \/>\n<script type=\"application\/ld+json\" class=\"yoast-schema-graph\">{\"@context\":\"https:\\\/\\\/schema.org\",\"@graph\":[{\"@type\":\"Article\",\"@id\":\"https:\\\/\\\/noticiasmercedinas.com\\\/site\\\/2018\\\/10\\\/27\\\/cem-y-produccion-municipal-hicieron-relevamiento-de-comercios-y-empresas-locales\\\/#article\",\"isPartOf\":{\"@id\":\"https:\\\/\\\/noticiasmercedinas.com\\\/site\\\/2018\\\/10\\\/27\\\/cem-y-produccion-municipal-hicieron-relevamiento-de-comercios-y-empresas-locales\\\/\"},\"author\":{\"name\":\"Cristian Falabella NOTICIASMERCEDINAS.COM\",\"@id\":\"https:\\\/\\\/noticiasmercedinas.com\\\/site\\\/#\\\/schema\\\/person\\\/d481a9696a5feaec13a60e2bbd991a6a\"},\"headline\":\"CEM y Producci\u00f3n Municipal hicieron relevamiento de comercios y empresas locales\",\"datePublished\":\"2018-10-27T12:24:25+00:00\",\"mainEntityOfPage\":{\"@id\":\"https:\\\/\\\/noticiasmercedinas.com\\\/site\\\/2018\\\/10\\\/27\\\/cem-y-produccion-municipal-hicieron-relevamiento-de-comercios-y-empresas-locales\\\/\"},\"wordCount\":632,\"commentCount\":0,\"publisher\":{\"@id\":\"https:\\\/\\\/noticiasmercedinas.com\\\/site\\\/#organization\"},\"image\":{\"@id\":\"https:\\\/\\\/noticiasmercedinas.com\\\/site\\\/2018\\\/10\\\/27\\\/cem-y-produccion-municipal-hicieron-relevamiento-de-comercios-y-empresas-locales\\\/#primaryimage\"},\"thumbnailUrl\":\"https:\\\/\\\/noticiasmercedinas.com\\\/site\\\/wp-content\\\/uploads\\\/2018\\\/10\\\/2018-relevamiento-2.jpg\",\"keywords\":[\"ariel pietrucha\",\"camara economica\",\"marcelo denapole\",\"produccion\"],\"articleSection\":[\"Sociedad\"],\"inLanguage\":\"es\",\"potentialAction\":[{\"@type\":\"CommentAction\",\"name\":\"Comment\",\"target\":[\"https:\\\/\\\/noticiasmercedinas.com\\\/site\\\/2018\\\/10\\\/27\\\/cem-y-produccion-municipal-hicieron-relevamiento-de-comercios-y-empresas-locales\\\/#respond\"]}]},{\"@type\":\"WebPage\",\"@id\":\"https:\\\/\\\/noticiasmercedinas.com\\\/site\\\/2018\\\/10\\\/27\\\/cem-y-produccion-municipal-hicieron-relevamiento-de-comercios-y-empresas-locales\\\/\",\"url\":\"https:\\\/\\\/noticiasmercedinas.com\\\/site\\\/2018\\\/10\\\/27\\\/cem-y-produccion-municipal-hicieron-relevamiento-de-comercios-y-empresas-locales\\\/\",\"name\":\"CEM y Producci\u00f3n Municipal hicieron relevamiento de comercios y empresas locales\",\"isPartOf\":{\"@id\":\"https:\\\/\\\/noticiasmercedinas.com\\\/site\\\/#website\"},\"primaryImageOfPage\":{\"@id\":\"https:\\\/\\\/noticiasmercedinas.com\\\/site\\\/2018\\\/10\\\/27\\\/cem-y-produccion-municipal-hicieron-relevamiento-de-comercios-y-empresas-locales\\\/#primaryimage\"},\"image\":{\"@id\":\"https:\\\/\\\/noticiasmercedinas.com\\\/site\\\/2018\\\/10\\\/27\\\/cem-y-produccion-municipal-hicieron-relevamiento-de-comercios-y-empresas-locales\\\/#primaryimage\"},\"thumbnailUrl\":\"https:\\\/\\\/noticiasmercedinas.com\\\/site\\\/wp-content\\\/uploads\\\/2018\\\/10\\\/2018-relevamiento-2.jpg\",\"datePublished\":\"2018-10-27T12:24:25+00:00\",\"breadcrumb\":{\"@id\":\"https:\\\/\\\/noticiasmercedinas.com\\\/site\\\/2018\\\/10\\\/27\\\/cem-y-produccion-municipal-hicieron-relevamiento-de-comercios-y-empresas-locales\\\/#breadcrumb\"},\"inLanguage\":\"es\",\"potentialAction\":[{\"@type\":\"ReadAction\",\"target\":[\"https:\\\/\\\/noticiasmercedinas.com\\\/site\\\/2018\\\/10\\\/27\\\/cem-y-produccion-municipal-hicieron-relevamiento-de-comercios-y-empresas-locales\\\/\"]}]},{\"@type\":\"ImageObject\",\"inLanguage\":\"es\",\"@id\":\"https:\\\/\\\/noticiasmercedinas.com\\\/site\\\/2018\\\/10\\\/27\\\/cem-y-produccion-municipal-hicieron-relevamiento-de-comercios-y-empresas-locales\\\/#primaryimage\",\"url\":\"https:\\\/\\\/noticiasmercedinas.com\\\/site\\\/wp-content\\\/uploads\\\/2018\\\/10\\\/2018-relevamiento-2.jpg\",\"contentUrl\":\"https:\\\/\\\/noticiasmercedinas.com\\\/site\\\/wp-content\\\/uploads\\\/2018\\\/10\\\/2018-relevamiento-2.jpg\",\"width\":750,\"height\":500},{\"@type\":\"BreadcrumbList\",\"@id\":\"https:\\\/\\\/noticiasmercedinas.com\\\/site\\\/2018\\\/10\\\/27\\\/cem-y-produccion-municipal-hicieron-relevamiento-de-comercios-y-empresas-locales\\\/#breadcrumb\",\"itemListElement\":[{\"@type\":\"ListItem\",\"position\":1,\"name\":\"Portada\",\"item\":\"https:\\\/\\\/noticiasmercedinas.com\\\/site\\\/\"},{\"@type\":\"ListItem\",\"position\":2,\"name\":\"CEM y Producci\u00f3n Municipal hicieron relevamiento de comercios y empresas locales\"}]},{\"@type\":\"WebSite\",\"@id\":\"https:\\\/\\\/noticiasmercedinas.com\\\/site\\\/#website\",\"url\":\"https:\\\/\\\/noticiasmercedinas.com\\\/site\\\/\",\"name\":\"NOTICIASMERCEDINAS.COM\",\"description\":\"Mercedes, Buenos Aires, Argentina\",\"publisher\":{\"@id\":\"https:\\\/\\\/noticiasmercedinas.com\\\/site\\\/#organization\"},\"potentialAction\":[{\"@type\":\"SearchAction\",\"target\":{\"@type\":\"EntryPoint\",\"urlTemplate\":\"https:\\\/\\\/noticiasmercedinas.com\\\/site\\\/?s={search_term_string}\"},\"query-input\":{\"@type\":\"PropertyValueSpecification\",\"valueRequired\":true,\"valueName\":\"search_term_string\"}}],\"inLanguage\":\"es\"},{\"@type\":\"Organization\",\"@id\":\"https:\\\/\\\/noticiasmercedinas.com\\\/site\\\/#organization\",\"name\":\"NOTICIASMERCEDINAS.COM\",\"url\":\"https:\\\/\\\/noticiasmercedinas.com\\\/site\\\/\",\"logo\":{\"@type\":\"ImageObject\",\"inLanguage\":\"es\",\"@id\":\"https:\\\/\\\/noticiasmercedinas.com\\\/site\\\/#\\\/schema\\\/logo\\\/image\\\/\",\"url\":\"https:\\\/\\\/noticiasmercedinas.com\\\/site\\\/wp-content\\\/uploads\\\/2020\\\/06\\\/LOGO-512.jpg\",\"contentUrl\":\"https:\\\/\\\/noticiasmercedinas.com\\\/site\\\/wp-content\\\/uploads\\\/2020\\\/06\\\/LOGO-512.jpg\",\"width\":512,\"height\":512,\"caption\":\"NOTICIASMERCEDINAS.COM\"},\"image\":{\"@id\":\"https:\\\/\\\/noticiasmercedinas.com\\\/site\\\/#\\\/schema\\\/logo\\\/image\\\/\"},\"sameAs\":[\"https:\\\/\\\/www.facebook.com\\\/noticiasmercedinas\\\/\",\"https:\\\/\\\/x.com\\\/notmercedinas\",\"https:\\\/\\\/www.instagram.com\\\/noticiasmercedinas\\\/\"]},{\"@type\":\"Person\",\"@id\":\"https:\\\/\\\/noticiasmercedinas.com\\\/site\\\/#\\\/schema\\\/person\\\/d481a9696a5feaec13a60e2bbd991a6a\",\"name\":\"Cristian Falabella NOTICIASMERCEDINAS.COM\",\"image\":{\"@type\":\"ImageObject\",\"inLanguage\":\"es\",\"@id\":\"https:\\\/\\\/secure.gravatar.com\\\/avatar\\\/0dbbfc45970cc46bcd0e57766228574ff3511d6eed045b182f536f0f478c1f06?s=96&d=mm&r=g\",\"url\":\"https:\\\/\\\/secure.gravatar.com\\\/avatar\\\/0dbbfc45970cc46bcd0e57766228574ff3511d6eed045b182f536f0f478c1f06?s=96&d=mm&r=g\",\"contentUrl\":\"https:\\\/\\\/secure.gravatar.com\\\/avatar\\\/0dbbfc45970cc46bcd0e57766228574ff3511d6eed045b182f536f0f478c1f06?s=96&d=mm&r=g\",\"caption\":\"Cristian Falabella NOTICIASMERCEDINAS.COM\"},\"description\":\"Periodista, editor de Noticias Mercedinas. Pas\u00f3 por varias redacciones y emprendimientos de prensa, en distintos formatos y \u00e9pocas. Se especializ\u00f3 --y sigue haci\u00e9ndolo-- en comunicaci\u00f3n en la web y en junio de 2006 fund\u00f3 este diario digital.\",\"sameAs\":[\"https:\\\/\\\/noticiasmercedinas.com\",\"https:\\\/\\\/www.facebook.com\\\/cristian.falabella\",\"https:\\\/\\\/www.instagram.com\\\/noticiasmercedinas\\\/\",\"https:\\\/\\\/x.com\\\/https:\\\/\\\/twitter.com\\\/NOTMERCEDINAS\"],\"url\":\"https:\\\/\\\/noticiasmercedinas.com\\\/site\\\/author\\\/as000384\\\/\"}]}<\/script>\n<!-- \/ Yoast SEO plugin. -->","yoast_head_json":{"title":"CEM y Producci\u00f3n Municipal hicieron relevamiento de comercios y empresas locales","robots":{"index":"index","follow":"follow","max-snippet":"max-snippet:-1","max-image-preview":"max-image-preview:large","max-video-preview":"max-video-preview:-1"},"canonical":"https:\/\/noticiasmercedinas.com\/site\/2018\/10\/27\/cem-y-produccion-municipal-hicieron-relevamiento-de-comercios-y-empresas-locales\/","og_locale":"es_ES","og_type":"article","og_title":"CEM y Producci\u00f3n Municipal hicieron relevamiento de comercios y empresas locales","og_description":"Unos 3200 comercios, emprendimientos e industrias fueron relevados para actualizar los datos de la C\u00e1mara Econ\u00f3mica y el \u00e1rea de producci\u00f3n municipal. El trabajo lo realizaron en la CEM estudiantes de la UNLu que realizan pasant\u00edas en el Municipio. Con el objetivo de actualizar datos de comercios, empresas y emprendimientos locales, la C\u00e1mara Econ\u00f3mica y [&hellip;]","og_url":"https:\/\/noticiasmercedinas.com\/site\/2018\/10\/27\/cem-y-produccion-municipal-hicieron-relevamiento-de-comercios-y-empresas-locales\/","og_site_name":"NOTICIASMERCEDINAS.COM","article_publisher":"https:\/\/www.facebook.com\/noticiasmercedinas\/","article_author":"https:\/\/www.facebook.com\/cristian.falabella","article_published_time":"2018-10-27T12:24:25+00:00","og_image":[{"width":750,"height":500,"url":"https:\/\/noticiasmercedinas.com\/site\/wp-content\/uploads\/2018\/10\/2018-relevamiento-2.jpg","type":"image\/jpeg"}],"author":"Cristian Falabella NOTICIASMERCEDINAS.COM","twitter_card":"summary_large_image","twitter_creator":"@https:\/\/twitter.com\/NOTMERCEDINAS","twitter_site":"@notmercedinas","twitter_misc":{"Escrito por":"Cristian Falabella NOTICIASMERCEDINAS.COM","Tiempo de lectura":"3 minutos"},"schema":{"@context":"https:\/\/schema.org","@graph":[{"@type":"Article","@id":"https:\/\/noticiasmercedinas.com\/site\/2018\/10\/27\/cem-y-produccion-municipal-hicieron-relevamiento-de-comercios-y-empresas-locales\/#article","isPartOf":{"@id":"https:\/\/noticiasmercedinas.com\/site\/2018\/10\/27\/cem-y-produccion-municipal-hicieron-relevamiento-de-comercios-y-empresas-locales\/"},"author":{"name":"Cristian Falabella NOTICIASMERCEDINAS.COM","@id":"https:\/\/noticiasmercedinas.com\/site\/#\/schema\/person\/d481a9696a5feaec13a60e2bbd991a6a"},"headline":"CEM y Producci\u00f3n Municipal hicieron relevamiento de comercios y empresas locales","datePublished":"2018-10-27T12:24:25+00:00","mainEntityOfPage":{"@id":"https:\/\/noticiasmercedinas.com\/site\/2018\/10\/27\/cem-y-produccion-municipal-hicieron-relevamiento-de-comercios-y-empresas-locales\/"},"wordCount":632,"commentCount":0,"publisher":{"@id":"https:\/\/noticiasmercedinas.com\/site\/#organization"},"image":{"@id":"https:\/\/noticiasmercedinas.com\/site\/2018\/10\/27\/cem-y-produccion-municipal-hicieron-relevamiento-de-comercios-y-empresas-locales\/#primaryimage"},"thumbnailUrl":"https:\/\/noticiasmercedinas.com\/site\/wp-content\/uploads\/2018\/10\/2018-relevamiento-2.jpg","keywords":["ariel pietrucha","camara economica","marcelo denapole","produccion"],"articleSection":["Sociedad"],"inLanguage":"es","potentialAction":[{"@type":"CommentAction","name":"Comment","target":["https:\/\/noticiasmercedinas.com\/site\/2018\/10\/27\/cem-y-produccion-municipal-hicieron-relevamiento-de-comercios-y-empresas-locales\/#respond"]}]},{"@type":"WebPage","@id":"https:\/\/noticiasmercedinas.com\/site\/2018\/10\/27\/cem-y-produccion-municipal-hicieron-relevamiento-de-comercios-y-empresas-locales\/","url":"https:\/\/noticiasmercedinas.com\/site\/2018\/10\/27\/cem-y-produccion-municipal-hicieron-relevamiento-de-comercios-y-empresas-locales\/","name":"CEM y Producci\u00f3n Municipal hicieron relevamiento de comercios y empresas locales","isPartOf":{"@id":"https:\/\/noticiasmercedinas.com\/site\/#website"},"primaryImageOfPage":{"@id":"https:\/\/noticiasmercedinas.com\/site\/2018\/10\/27\/cem-y-produccion-municipal-hicieron-relevamiento-de-comercios-y-empresas-locales\/#primaryimage"},"image":{"@id":"https:\/\/noticiasmercedinas.com\/site\/2018\/10\/27\/cem-y-produccion-municipal-hicieron-relevamiento-de-comercios-y-empresas-locales\/#primaryimage"},"thumbnailUrl":"https:\/\/noticiasmercedinas.com\/site\/wp-content\/uploads\/2018\/10\/2018-relevamiento-2.jpg","datePublished":"2018-10-27T12:24:25+00:00","breadcrumb":{"@id":"https:\/\/noticiasmercedinas.com\/site\/2018\/10\/27\/cem-y-produccion-municipal-hicieron-relevamiento-de-comercios-y-empresas-locales\/#breadcrumb"},"inLanguage":"es","potentialAction":[{"@type":"ReadAction","target":["https:\/\/noticiasmercedinas.com\/site\/2018\/10\/27\/cem-y-produccion-municipal-hicieron-relevamiento-de-comercios-y-empresas-locales\/"]}]},{"@type":"ImageObject","inLanguage":"es","@id":"https:\/\/noticiasmercedinas.com\/site\/2018\/10\/27\/cem-y-produccion-municipal-hicieron-relevamiento-de-comercios-y-empresas-locales\/#primaryimage","url":"https:\/\/noticiasmercedinas.com\/site\/wp-content\/uploads\/2018\/10\/2018-relevamiento-2.jpg","contentUrl":"https:\/\/noticiasmercedinas.com\/site\/wp-content\/uploads\/2018\/10\/2018-relevamiento-2.jpg","width":750,"height":500},{"@type":"BreadcrumbList","@id":"https:\/\/noticiasmercedinas.com\/site\/2018\/10\/27\/cem-y-produccion-municipal-hicieron-relevamiento-de-comercios-y-empresas-locales\/#breadcrumb","itemListElement":[{"@type":"ListItem","position":1,"name":"Portada","item":"https:\/\/noticiasmercedinas.com\/site\/"},{"@type":"ListItem","position":2,"name":"CEM y Producci\u00f3n Municipal hicieron relevamiento de comercios y empresas locales"}]},{"@type":"WebSite","@id":"https:\/\/noticiasmercedinas.com\/site\/#website","url":"https:\/\/noticiasmercedinas.com\/site\/","name":"NOTICIASMERCEDINAS.COM","description":"Mercedes, Buenos Aires, Argentina","publisher":{"@id":"https:\/\/noticiasmercedinas.com\/site\/#organization"},"potentialAction":[{"@type":"SearchAction","target":{"@type":"EntryPoint","urlTemplate":"https:\/\/noticiasmercedinas.com\/site\/?s={search_term_string}"},"query-input":{"@type":"PropertyValueSpecification","valueRequired":true,"valueName":"search_term_string"}}],"inLanguage":"es"},{"@type":"Organization","@id":"https:\/\/noticiasmercedinas.com\/site\/#organization","name":"NOTICIASMERCEDINAS.COM","url":"https:\/\/noticiasmercedinas.com\/site\/","logo":{"@type":"ImageObject","inLanguage":"es","@id":"https:\/\/noticiasmercedinas.com\/site\/#\/schema\/logo\/image\/","url":"https:\/\/noticiasmercedinas.com\/site\/wp-content\/uploads\/2020\/06\/LOGO-512.jpg","contentUrl":"https:\/\/noticiasmercedinas.com\/site\/wp-content\/uploads\/2020\/06\/LOGO-512.jpg","width":512,"height":512,"caption":"NOTICIASMERCEDINAS.COM"},"image":{"@id":"https:\/\/noticiasmercedinas.com\/site\/#\/schema\/logo\/image\/"},"sameAs":["https:\/\/www.facebook.com\/noticiasmercedinas\/","https:\/\/x.com\/notmercedinas","https:\/\/www.instagram.com\/noticiasmercedinas\/"]},{"@type":"Person","@id":"https:\/\/noticiasmercedinas.com\/site\/#\/schema\/person\/d481a9696a5feaec13a60e2bbd991a6a","name":"Cristian Falabella NOTICIASMERCEDINAS.COM","image":{"@type":"ImageObject","inLanguage":"es","@id":"https:\/\/secure.gravatar.com\/avatar\/0dbbfc45970cc46bcd0e57766228574ff3511d6eed045b182f536f0f478c1f06?s=96&d=mm&r=g","url":"https:\/\/secure.gravatar.com\/avatar\/0dbbfc45970cc46bcd0e57766228574ff3511d6eed045b182f536f0f478c1f06?s=96&d=mm&r=g","contentUrl":"https:\/\/secure.gravatar.com\/avatar\/0dbbfc45970cc46bcd0e57766228574ff3511d6eed045b182f536f0f478c1f06?s=96&d=mm&r=g","caption":"Cristian Falabella NOTICIASMERCEDINAS.COM"},"description":"Periodista, editor de Noticias Mercedinas. Pas\u00f3 por varias redacciones y emprendimientos de prensa, en distintos formatos y \u00e9pocas. Se especializ\u00f3 --y sigue haci\u00e9ndolo-- en comunicaci\u00f3n en la web y en junio de 2006 fund\u00f3 este diario digital.","sameAs":["https:\/\/noticiasmercedinas.com","https:\/\/www.facebook.com\/cristian.falabella","https:\/\/www.instagram.com\/noticiasmercedinas\/","https:\/\/x.com\/https:\/\/twitter.com\/NOTMERCEDINAS"],"url":"https:\/\/noticiasmercedinas.com\/site\/author\/as000384\/"}]}},"amp_enabled":true,"_links":{"self":[{"href":"https:\/\/noticiasmercedinas.com\/site\/wp-json\/wp\/v2\/posts\/5375","targetHints":{"allow":["GET"]}}],"collection":[{"href":"https:\/\/noticiasmercedinas.com\/site\/wp-json\/wp\/v2\/posts"}],"about":[{"href":"https:\/\/noticiasmercedinas.com\/site\/wp-json\/wp\/v2\/types\/post"}],"author":[{"embeddable":true,"href":"https:\/\/noticiasmercedinas.com\/site\/wp-json\/wp\/v2\/users\/2"}],"replies":[{"embeddable":true,"href":"https:\/\/noticiasmercedinas.com\/site\/wp-json\/wp\/v2\/comments?post=5375"}],"version-history":[{"count":1,"href":"https:\/\/noticiasmercedinas.com\/site\/wp-json\/wp\/v2\/posts\/5375\/revisions"}],"predecessor-version":[{"id":5378,"href":"https:\/\/noticiasmercedinas.com\/site\/wp-json\/wp\/v2\/posts\/5375\/revisions\/5378"}],"wp:featuredmedia":[{"embeddable":true,"href":"https:\/\/noticiasmercedinas.com\/site\/wp-json\/wp\/v2\/media\/5377"}],"wp:attachment":[{"href":"https:\/\/noticiasmercedinas.com\/site\/wp-json\/wp\/v2\/media?parent=5375"}],"wp:term":[{"taxonomy":"category","embeddable":true,"href":"https:\/\/noticiasmercedinas.com\/site\/wp-json\/wp\/v2\/categories?post=5375"},{"taxonomy":"post_tag","embeddable":true,"href":"https:\/\/noticiasmercedinas.com\/site\/wp-json\/wp\/v2\/tags?post=5375"}],"curies":[{"name":"wp","href":"https:\/\/api.w.org\/{rel}","templated":true}]}}