{"id":5390,"date":"2018-10-27T10:30:55","date_gmt":"2018-10-27T13:30:55","guid":{"rendered":"https:\/\/noticiasmercedinas.com\/site\/?p=5390"},"modified":"2018-10-27T10:30:55","modified_gmt":"2018-10-27T13:30:55","slug":"solidaridad-con-familia-que-perdio-todo-en-un-incendio","status":"publish","type":"post","link":"https:\/\/noticiasmercedinas.com\/site\/2018\/10\/27\/solidaridad-con-familia-que-perdio-todo-en-un-incendio\/","title":{"rendered":"Solidaridad con familia que perdi\u00f3 todo en un incendio"},"content":{"rendered":"<p><strong>Las llamas destruyeron por completo una vivienda de Villa Industrial Oeste, en la que vive un matrimonio junto a dos hijos. Organizan una rifa para comprar materiales de construcci\u00f3n.<\/strong><\/p>\n<p><a href=\"https:\/\/noticiasmercedinas.com\/site\/wp-content\/uploads\/2018\/10\/incendio.png\"><img loading=\"lazy\" decoding=\"async\" class=\"alignnone size-full wp-image-5391\" src=\"https:\/\/noticiasmercedinas.com\/site\/wp-content\/uploads\/2018\/10\/incendio.png\" alt=\"\" width=\"640\" height=\"500\" srcset=\"https:\/\/noticiasmercedinas.com\/site\/wp-content\/uploads\/2018\/10\/incendio.png 640w, https:\/\/noticiasmercedinas.com\/site\/wp-content\/uploads\/2018\/10\/incendio-300x234.png 300w, https:\/\/noticiasmercedinas.com\/site\/wp-content\/uploads\/2018\/10\/incendio-511x400.png 511w\" sizes=\"auto, (max-width: 640px) 100vw, 640px\" \/><\/a><\/p>\n<p>Una familia de Villa Industrial Oeste que perdi\u00f3 su vivienda y todas sus pertenencias en un incendio ocurrido el s\u00e1bado 13 necesita de la solidaridad de los mercedinos para poder reconstruir su casa.<\/p>\n<p>David P\u00e9rez y su esposa Mar\u00eda Jos\u00e9 Pucheta viven en calle 39 entre 102 y 108 junto a dos de sus hijos, un joven de 15 a\u00f1os \u2013que estaba presente cuando se inici\u00f3 el fuego y pudo salvarse de las llamas- y una ni\u00f1a de ocho.<\/p>\n<p>Tras el siniestro recibieron ayuda del Municipio y de vecinos y amigos, en especial vestimenta y mobiliario, y ahora se est\u00e1n organizando para contar con los materiales de construcci\u00f3n necesarios para levantar de nuevo su hogar.<\/p>\n<p>Para ello, familiares informaron a NOTICIASMERCEDINAS.COM que organizan una rifa en la que el s\u00e1bado 3 de noviembre se sortear\u00e1 una comida fr\u00eda para cuatro personas que incluye entrada y postre, con un valor de 100 pesos. Los interesados en colaborar pueden comunicarse al 2324678870 con Milagros P\u00e9rez.<\/p>\n<p><a href=\"https:\/\/noticiasmercedinas.com\/site\/wp-content\/uploads\/2018\/10\/incendio2.png\"><img loading=\"lazy\" decoding=\"async\" class=\"alignnone size-full wp-image-5392\" src=\"https:\/\/noticiasmercedinas.com\/site\/wp-content\/uploads\/2018\/10\/incendio2.png\" alt=\"\" width=\"640\" height=\"500\" srcset=\"https:\/\/noticiasmercedinas.com\/site\/wp-content\/uploads\/2018\/10\/incendio2.png 640w, https:\/\/noticiasmercedinas.com\/site\/wp-content\/uploads\/2018\/10\/incendio2-300x234.png 300w, https:\/\/noticiasmercedinas.com\/site\/wp-content\/uploads\/2018\/10\/incendio2-511x400.png 511w\" sizes=\"auto, (max-width: 640px) 100vw, 640px\" \/><\/a><\/p>\n<p>&nbsp;<\/p>\n","protected":false},"excerpt":{"rendered":"<p>Las llamas destruyeron por completo una vivienda de Villa Industrial Oeste, en la que vive un matrimonio junto a dos hijos. Organizan una rifa para comprar materiales de construcci\u00f3n. Una familia de Villa Industrial Oeste que perdi\u00f3 su vivienda y todas sus pertenencias en un incendio ocurrido el s\u00e1bado 13 necesita de la solidaridad de [&hellip;]<\/p>\n","protected":false},"author":3,"featured_media":5391,"comment_status":"open","ping_status":"open","sticky":false,"template":"","format":"standard","meta":{"footnotes":""},"categories":[3],"tags":[1746,81],"class_list":["post-5390","post","type-post","status-publish","format-standard","has-post-thumbnail","hentry","category-sociedad","tag-incendio","tag-solidaridad"],"yoast_head":"<!-- This site is optimized with the Yoast SEO plugin v27.4 - https:\/\/yoast.com\/product\/yoast-seo-wordpress\/ -->\n<title>Solidaridad con familia que perdi\u00f3 todo en un incendio<\/title>\n<meta name=\"robots\" content=\"index, follow, max-snippet:-1, max-image-preview:large, max-video-preview:-1\" \/>\n<link rel=\"canonical\" href=\"https:\/\/noticiasmercedinas.com\/site\/2018\/10\/27\/solidaridad-con-familia-que-perdio-todo-en-un-incendio\/\" \/>\n<meta property=\"og:locale\" content=\"es_ES\" \/>\n<meta property=\"og:type\" content=\"article\" \/>\n<meta property=\"og:title\" content=\"Solidaridad con familia que perdi\u00f3 todo en un incendio\" \/>\n<meta property=\"og:description\" content=\"Las llamas destruyeron por completo una vivienda de Villa Industrial Oeste, en la que vive un matrimonio junto a dos hijos. Organizan una rifa para comprar materiales de construcci\u00f3n. Una familia de Villa Industrial Oeste que perdi\u00f3 su vivienda y todas sus pertenencias en un incendio ocurrido el s\u00e1bado 13 necesita de la solidaridad de [&hellip;]\" \/>\n<meta property=\"og:url\" content=\"https:\/\/noticiasmercedinas.com\/site\/2018\/10\/27\/solidaridad-con-familia-que-perdio-todo-en-un-incendio\/\" \/>\n<meta property=\"og:site_name\" content=\"NOTICIASMERCEDINAS.COM\" \/>\n<meta property=\"article:publisher\" content=\"https:\/\/www.facebook.com\/noticiasmercedinas\/\" \/>\n<meta property=\"article:published_time\" content=\"2018-10-27T13:30:55+00:00\" \/>\n<meta property=\"og:image\" content=\"https:\/\/noticiasmercedinas.com\/site\/wp-content\/uploads\/2018\/10\/incendio.png\" \/>\n\t<meta property=\"og:image:width\" content=\"640\" \/>\n\t<meta property=\"og:image:height\" content=\"500\" \/>\n\t<meta property=\"og:image:type\" content=\"image\/png\" \/>\n<meta name=\"author\" content=\"Adrian Terrizzano NOTICIASMERCEDINAS.COM\" \/>\n<meta name=\"twitter:card\" content=\"summary_large_image\" \/>\n<meta name=\"twitter:creator\" content=\"@https:\/\/twitter.com\/AdrianTerri\" \/>\n<meta name=\"twitter:site\" content=\"@notmercedinas\" \/>\n<meta name=\"twitter:label1\" content=\"Escrito por\" \/>\n\t<meta name=\"twitter:data1\" content=\"Adrian Terrizzano NOTICIASMERCEDINAS.COM\" \/>\n\t<meta name=\"twitter:label2\" content=\"Tiempo de lectura\" \/>\n\t<meta name=\"twitter:data2\" content=\"1 minuto\" \/>\n<script type=\"application\/ld+json\" class=\"yoast-schema-graph\">{\"@context\":\"https:\\\/\\\/schema.org\",\"@graph\":[{\"@type\":\"Article\",\"@id\":\"https:\\\/\\\/noticiasmercedinas.com\\\/site\\\/2018\\\/10\\\/27\\\/solidaridad-con-familia-que-perdio-todo-en-un-incendio\\\/#article\",\"isPartOf\":{\"@id\":\"https:\\\/\\\/noticiasmercedinas.com\\\/site\\\/2018\\\/10\\\/27\\\/solidaridad-con-familia-que-perdio-todo-en-un-incendio\\\/\"},\"author\":{\"name\":\"Adrian Terrizzano NOTICIASMERCEDINAS.COM\",\"@id\":\"https:\\\/\\\/noticiasmercedinas.com\\\/site\\\/#\\\/schema\\\/person\\\/45cbccca776c0c5524a6d2a8f1b04acd\"},\"headline\":\"Solidaridad con familia que perdi\u00f3 todo en un incendio\",\"datePublished\":\"2018-10-27T13:30:55+00:00\",\"mainEntityOfPage\":{\"@id\":\"https:\\\/\\\/noticiasmercedinas.com\\\/site\\\/2018\\\/10\\\/27\\\/solidaridad-con-familia-que-perdio-todo-en-un-incendio\\\/\"},\"wordCount\":206,\"commentCount\":0,\"publisher\":{\"@id\":\"https:\\\/\\\/noticiasmercedinas.com\\\/site\\\/#organization\"},\"image\":{\"@id\":\"https:\\\/\\\/noticiasmercedinas.com\\\/site\\\/2018\\\/10\\\/27\\\/solidaridad-con-familia-que-perdio-todo-en-un-incendio\\\/#primaryimage\"},\"thumbnailUrl\":\"https:\\\/\\\/noticiasmercedinas.com\\\/site\\\/wp-content\\\/uploads\\\/2018\\\/10\\\/incendio.png\",\"keywords\":[\"incendio\",\"solidaridad\"],\"articleSection\":[\"Sociedad\"],\"inLanguage\":\"es\",\"potentialAction\":[{\"@type\":\"CommentAction\",\"name\":\"Comment\",\"target\":[\"https:\\\/\\\/noticiasmercedinas.com\\\/site\\\/2018\\\/10\\\/27\\\/solidaridad-con-familia-que-perdio-todo-en-un-incendio\\\/#respond\"]}]},{\"@type\":\"WebPage\",\"@id\":\"https:\\\/\\\/noticiasmercedinas.com\\\/site\\\/2018\\\/10\\\/27\\\/solidaridad-con-familia-que-perdio-todo-en-un-incendio\\\/\",\"url\":\"https:\\\/\\\/noticiasmercedinas.com\\\/site\\\/2018\\\/10\\\/27\\\/solidaridad-con-familia-que-perdio-todo-en-un-incendio\\\/\",\"name\":\"Solidaridad con familia que perdi\u00f3 todo en un incendio\",\"isPartOf\":{\"@id\":\"https:\\\/\\\/noticiasmercedinas.com\\\/site\\\/#website\"},\"primaryImageOfPage\":{\"@id\":\"https:\\\/\\\/noticiasmercedinas.com\\\/site\\\/2018\\\/10\\\/27\\\/solidaridad-con-familia-que-perdio-todo-en-un-incendio\\\/#primaryimage\"},\"image\":{\"@id\":\"https:\\\/\\\/noticiasmercedinas.com\\\/site\\\/2018\\\/10\\\/27\\\/solidaridad-con-familia-que-perdio-todo-en-un-incendio\\\/#primaryimage\"},\"thumbnailUrl\":\"https:\\\/\\\/noticiasmercedinas.com\\\/site\\\/wp-content\\\/uploads\\\/2018\\\/10\\\/incendio.png\",\"datePublished\":\"2018-10-27T13:30:55+00:00\",\"breadcrumb\":{\"@id\":\"https:\\\/\\\/noticiasmercedinas.com\\\/site\\\/2018\\\/10\\\/27\\\/solidaridad-con-familia-que-perdio-todo-en-un-incendio\\\/#breadcrumb\"},\"inLanguage\":\"es\",\"potentialAction\":[{\"@type\":\"ReadAction\",\"target\":[\"https:\\\/\\\/noticiasmercedinas.com\\\/site\\\/2018\\\/10\\\/27\\\/solidaridad-con-familia-que-perdio-todo-en-un-incendio\\\/\"]}]},{\"@type\":\"ImageObject\",\"inLanguage\":\"es\",\"@id\":\"https:\\\/\\\/noticiasmercedinas.com\\\/site\\\/2018\\\/10\\\/27\\\/solidaridad-con-familia-que-perdio-todo-en-un-incendio\\\/#primaryimage\",\"url\":\"https:\\\/\\\/noticiasmercedinas.com\\\/site\\\/wp-content\\\/uploads\\\/2018\\\/10\\\/incendio.png\",\"contentUrl\":\"https:\\\/\\\/noticiasmercedinas.com\\\/site\\\/wp-content\\\/uploads\\\/2018\\\/10\\\/incendio.png\",\"width\":640,\"height\":500},{\"@type\":\"BreadcrumbList\",\"@id\":\"https:\\\/\\\/noticiasmercedinas.com\\\/site\\\/2018\\\/10\\\/27\\\/solidaridad-con-familia-que-perdio-todo-en-un-incendio\\\/#breadcrumb\",\"itemListElement\":[{\"@type\":\"ListItem\",\"position\":1,\"name\":\"Portada\",\"item\":\"https:\\\/\\\/noticiasmercedinas.com\\\/site\\\/\"},{\"@type\":\"ListItem\",\"position\":2,\"name\":\"Solidaridad con familia que perdi\u00f3 todo en un incendio\"}]},{\"@type\":\"WebSite\",\"@id\":\"https:\\\/\\\/noticiasmercedinas.com\\\/site\\\/#website\",\"url\":\"https:\\\/\\\/noticiasmercedinas.com\\\/site\\\/\",\"name\":\"NOTICIASMERCEDINAS.COM\",\"description\":\"Mercedes, Buenos Aires, Argentina\",\"publisher\":{\"@id\":\"https:\\\/\\\/noticiasmercedinas.com\\\/site\\\/#organization\"},\"potentialAction\":[{\"@type\":\"SearchAction\",\"target\":{\"@type\":\"EntryPoint\",\"urlTemplate\":\"https:\\\/\\\/noticiasmercedinas.com\\\/site\\\/?s={search_term_string}\"},\"query-input\":{\"@type\":\"PropertyValueSpecification\",\"valueRequired\":true,\"valueName\":\"search_term_string\"}}],\"inLanguage\":\"es\"},{\"@type\":\"Organization\",\"@id\":\"https:\\\/\\\/noticiasmercedinas.com\\\/site\\\/#organization\",\"name\":\"NOTICIASMERCEDINAS.COM\",\"url\":\"https:\\\/\\\/noticiasmercedinas.com\\\/site\\\/\",\"logo\":{\"@type\":\"ImageObject\",\"inLanguage\":\"es\",\"@id\":\"https:\\\/\\\/noticiasmercedinas.com\\\/site\\\/#\\\/schema\\\/logo\\\/image\\\/\",\"url\":\"https:\\\/\\\/noticiasmercedinas.com\\\/site\\\/wp-content\\\/uploads\\\/2020\\\/06\\\/LOGO-512.jpg\",\"contentUrl\":\"https:\\\/\\\/noticiasmercedinas.com\\\/site\\\/wp-content\\\/uploads\\\/2020\\\/06\\\/LOGO-512.jpg\",\"width\":512,\"height\":512,\"caption\":\"NOTICIASMERCEDINAS.COM\"},\"image\":{\"@id\":\"https:\\\/\\\/noticiasmercedinas.com\\\/site\\\/#\\\/schema\\\/logo\\\/image\\\/\"},\"sameAs\":[\"https:\\\/\\\/www.facebook.com\\\/noticiasmercedinas\\\/\",\"https:\\\/\\\/x.com\\\/notmercedinas\",\"https:\\\/\\\/www.instagram.com\\\/noticiasmercedinas\\\/\"]},{\"@type\":\"Person\",\"@id\":\"https:\\\/\\\/noticiasmercedinas.com\\\/site\\\/#\\\/schema\\\/person\\\/45cbccca776c0c5524a6d2a8f1b04acd\",\"name\":\"Adrian Terrizzano NOTICIASMERCEDINAS.COM\",\"image\":{\"@type\":\"ImageObject\",\"inLanguage\":\"es\",\"@id\":\"https:\\\/\\\/secure.gravatar.com\\\/avatar\\\/9bfd6dcfcf5cc28d74f7cefd9e87a6220d73f42949c5456b2b67674334db8bee?s=96&d=mm&r=g\",\"url\":\"https:\\\/\\\/secure.gravatar.com\\\/avatar\\\/9bfd6dcfcf5cc28d74f7cefd9e87a6220d73f42949c5456b2b67674334db8bee?s=96&d=mm&r=g\",\"contentUrl\":\"https:\\\/\\\/secure.gravatar.com\\\/avatar\\\/9bfd6dcfcf5cc28d74f7cefd9e87a6220d73f42949c5456b2b67674334db8bee?s=96&d=mm&r=g\",\"caption\":\"Adrian Terrizzano NOTICIASMERCEDINAS.COM\"},\"description\":\"Periodista experimentado. Aprendi\u00f3 el oficio en medios gr\u00e1ficos y digitales, comerciales, institucionales y comunitarios, radio y televisi\u00f3n. Actualmente en Noticias Mercedinas, Radio L\u00edder de Luj\u00e1n y Centro de Producci\u00f3n Audiovisual UNLu.\",\"sameAs\":[\"https:\\\/\\\/www.linkedin.com\\\/in\\\/adri\u00e1n-terrizzano-53795630\\\/\",\"https:\\\/\\\/x.com\\\/https:\\\/\\\/twitter.com\\\/AdrianTerri\"],\"url\":\"https:\\\/\\\/noticiasmercedinas.com\\\/site\\\/author\\\/adrian-terrizzano\\\/\"}]}<\/script>\n<!-- \/ Yoast SEO plugin. -->","yoast_head_json":{"title":"Solidaridad con familia que perdi\u00f3 todo en un incendio","robots":{"index":"index","follow":"follow","max-snippet":"max-snippet:-1","max-image-preview":"max-image-preview:large","max-video-preview":"max-video-preview:-1"},"canonical":"https:\/\/noticiasmercedinas.com\/site\/2018\/10\/27\/solidaridad-con-familia-que-perdio-todo-en-un-incendio\/","og_locale":"es_ES","og_type":"article","og_title":"Solidaridad con familia que perdi\u00f3 todo en un incendio","og_description":"Las llamas destruyeron por completo una vivienda de Villa Industrial Oeste, en la que vive un matrimonio junto a dos hijos. Organizan una rifa para comprar materiales de construcci\u00f3n. Una familia de Villa Industrial Oeste que perdi\u00f3 su vivienda y todas sus pertenencias en un incendio ocurrido el s\u00e1bado 13 necesita de la solidaridad de [&hellip;]","og_url":"https:\/\/noticiasmercedinas.com\/site\/2018\/10\/27\/solidaridad-con-familia-que-perdio-todo-en-un-incendio\/","og_site_name":"NOTICIASMERCEDINAS.COM","article_publisher":"https:\/\/www.facebook.com\/noticiasmercedinas\/","article_published_time":"2018-10-27T13:30:55+00:00","og_image":[{"width":640,"height":500,"url":"https:\/\/noticiasmercedinas.com\/site\/wp-content\/uploads\/2018\/10\/incendio.png","type":"image\/png"}],"author":"Adrian Terrizzano NOTICIASMERCEDINAS.COM","twitter_card":"summary_large_image","twitter_creator":"@https:\/\/twitter.com\/AdrianTerri","twitter_site":"@notmercedinas","twitter_misc":{"Escrito por":"Adrian Terrizzano NOTICIASMERCEDINAS.COM","Tiempo de lectura":"1 minuto"},"schema":{"@context":"https:\/\/schema.org","@graph":[{"@type":"Article","@id":"https:\/\/noticiasmercedinas.com\/site\/2018\/10\/27\/solidaridad-con-familia-que-perdio-todo-en-un-incendio\/#article","isPartOf":{"@id":"https:\/\/noticiasmercedinas.com\/site\/2018\/10\/27\/solidaridad-con-familia-que-perdio-todo-en-un-incendio\/"},"author":{"name":"Adrian Terrizzano NOTICIASMERCEDINAS.COM","@id":"https:\/\/noticiasmercedinas.com\/site\/#\/schema\/person\/45cbccca776c0c5524a6d2a8f1b04acd"},"headline":"Solidaridad con familia que perdi\u00f3 todo en un incendio","datePublished":"2018-10-27T13:30:55+00:00","mainEntityOfPage":{"@id":"https:\/\/noticiasmercedinas.com\/site\/2018\/10\/27\/solidaridad-con-familia-que-perdio-todo-en-un-incendio\/"},"wordCount":206,"commentCount":0,"publisher":{"@id":"https:\/\/noticiasmercedinas.com\/site\/#organization"},"image":{"@id":"https:\/\/noticiasmercedinas.com\/site\/2018\/10\/27\/solidaridad-con-familia-que-perdio-todo-en-un-incendio\/#primaryimage"},"thumbnailUrl":"https:\/\/noticiasmercedinas.com\/site\/wp-content\/uploads\/2018\/10\/incendio.png","keywords":["incendio","solidaridad"],"articleSection":["Sociedad"],"inLanguage":"es","potentialAction":[{"@type":"CommentAction","name":"Comment","target":["https:\/\/noticiasmercedinas.com\/site\/2018\/10\/27\/solidaridad-con-familia-que-perdio-todo-en-un-incendio\/#respond"]}]},{"@type":"WebPage","@id":"https:\/\/noticiasmercedinas.com\/site\/2018\/10\/27\/solidaridad-con-familia-que-perdio-todo-en-un-incendio\/","url":"https:\/\/noticiasmercedinas.com\/site\/2018\/10\/27\/solidaridad-con-familia-que-perdio-todo-en-un-incendio\/","name":"Solidaridad con familia que perdi\u00f3 todo en un incendio","isPartOf":{"@id":"https:\/\/noticiasmercedinas.com\/site\/#website"},"primaryImageOfPage":{"@id":"https:\/\/noticiasmercedinas.com\/site\/2018\/10\/27\/solidaridad-con-familia-que-perdio-todo-en-un-incendio\/#primaryimage"},"image":{"@id":"https:\/\/noticiasmercedinas.com\/site\/2018\/10\/27\/solidaridad-con-familia-que-perdio-todo-en-un-incendio\/#primaryimage"},"thumbnailUrl":"https:\/\/noticiasmercedinas.com\/site\/wp-content\/uploads\/2018\/10\/incendio.png","datePublished":"2018-10-27T13:30:55+00:00","breadcrumb":{"@id":"https:\/\/noticiasmercedinas.com\/site\/2018\/10\/27\/solidaridad-con-familia-que-perdio-todo-en-un-incendio\/#breadcrumb"},"inLanguage":"es","potentialAction":[{"@type":"ReadAction","target":["https:\/\/noticiasmercedinas.com\/site\/2018\/10\/27\/solidaridad-con-familia-que-perdio-todo-en-un-incendio\/"]}]},{"@type":"ImageObject","inLanguage":"es","@id":"https:\/\/noticiasmercedinas.com\/site\/2018\/10\/27\/solidaridad-con-familia-que-perdio-todo-en-un-incendio\/#primaryimage","url":"https:\/\/noticiasmercedinas.com\/site\/wp-content\/uploads\/2018\/10\/incendio.png","contentUrl":"https:\/\/noticiasmercedinas.com\/site\/wp-content\/uploads\/2018\/10\/incendio.png","width":640,"height":500},{"@type":"BreadcrumbList","@id":"https:\/\/noticiasmercedinas.com\/site\/2018\/10\/27\/solidaridad-con-familia-que-perdio-todo-en-un-incendio\/#breadcrumb","itemListElement":[{"@type":"ListItem","position":1,"name":"Portada","item":"https:\/\/noticiasmercedinas.com\/site\/"},{"@type":"ListItem","position":2,"name":"Solidaridad con familia que perdi\u00f3 todo en un incendio"}]},{"@type":"WebSite","@id":"https:\/\/noticiasmercedinas.com\/site\/#website","url":"https:\/\/noticiasmercedinas.com\/site\/","name":"NOTICIASMERCEDINAS.COM","description":"Mercedes, Buenos Aires, Argentina","publisher":{"@id":"https:\/\/noticiasmercedinas.com\/site\/#organization"},"potentialAction":[{"@type":"SearchAction","target":{"@type":"EntryPoint","urlTemplate":"https:\/\/noticiasmercedinas.com\/site\/?s={search_term_string}"},"query-input":{"@type":"PropertyValueSpecification","valueRequired":true,"valueName":"search_term_string"}}],"inLanguage":"es"},{"@type":"Organization","@id":"https:\/\/noticiasmercedinas.com\/site\/#organization","name":"NOTICIASMERCEDINAS.COM","url":"https:\/\/noticiasmercedinas.com\/site\/","logo":{"@type":"ImageObject","inLanguage":"es","@id":"https:\/\/noticiasmercedinas.com\/site\/#\/schema\/logo\/image\/","url":"https:\/\/noticiasmercedinas.com\/site\/wp-content\/uploads\/2020\/06\/LOGO-512.jpg","contentUrl":"https:\/\/noticiasmercedinas.com\/site\/wp-content\/uploads\/2020\/06\/LOGO-512.jpg","width":512,"height":512,"caption":"NOTICIASMERCEDINAS.COM"},"image":{"@id":"https:\/\/noticiasmercedinas.com\/site\/#\/schema\/logo\/image\/"},"sameAs":["https:\/\/www.facebook.com\/noticiasmercedinas\/","https:\/\/x.com\/notmercedinas","https:\/\/www.instagram.com\/noticiasmercedinas\/"]},{"@type":"Person","@id":"https:\/\/noticiasmercedinas.com\/site\/#\/schema\/person\/45cbccca776c0c5524a6d2a8f1b04acd","name":"Adrian Terrizzano NOTICIASMERCEDINAS.COM","image":{"@type":"ImageObject","inLanguage":"es","@id":"https:\/\/secure.gravatar.com\/avatar\/9bfd6dcfcf5cc28d74f7cefd9e87a6220d73f42949c5456b2b67674334db8bee?s=96&d=mm&r=g","url":"https:\/\/secure.gravatar.com\/avatar\/9bfd6dcfcf5cc28d74f7cefd9e87a6220d73f42949c5456b2b67674334db8bee?s=96&d=mm&r=g","contentUrl":"https:\/\/secure.gravatar.com\/avatar\/9bfd6dcfcf5cc28d74f7cefd9e87a6220d73f42949c5456b2b67674334db8bee?s=96&d=mm&r=g","caption":"Adrian Terrizzano NOTICIASMERCEDINAS.COM"},"description":"Periodista experimentado. Aprendi\u00f3 el oficio en medios gr\u00e1ficos y digitales, comerciales, institucionales y comunitarios, radio y televisi\u00f3n. Actualmente en Noticias Mercedinas, Radio L\u00edder de Luj\u00e1n y Centro de Producci\u00f3n Audiovisual UNLu.","sameAs":["https:\/\/www.linkedin.com\/in\/adri\u00e1n-terrizzano-53795630\/","https:\/\/x.com\/https:\/\/twitter.com\/AdrianTerri"],"url":"https:\/\/noticiasmercedinas.com\/site\/author\/adrian-terrizzano\/"}]}},"amp_enabled":true,"_links":{"self":[{"href":"https:\/\/noticiasmercedinas.com\/site\/wp-json\/wp\/v2\/posts\/5390","targetHints":{"allow":["GET"]}}],"collection":[{"href":"https:\/\/noticiasmercedinas.com\/site\/wp-json\/wp\/v2\/posts"}],"about":[{"href":"https:\/\/noticiasmercedinas.com\/site\/wp-json\/wp\/v2\/types\/post"}],"author":[{"embeddable":true,"href":"https:\/\/noticiasmercedinas.com\/site\/wp-json\/wp\/v2\/users\/3"}],"replies":[{"embeddable":true,"href":"https:\/\/noticiasmercedinas.com\/site\/wp-json\/wp\/v2\/comments?post=5390"}],"version-history":[{"count":1,"href":"https:\/\/noticiasmercedinas.com\/site\/wp-json\/wp\/v2\/posts\/5390\/revisions"}],"predecessor-version":[{"id":5393,"href":"https:\/\/noticiasmercedinas.com\/site\/wp-json\/wp\/v2\/posts\/5390\/revisions\/5393"}],"wp:featuredmedia":[{"embeddable":true,"href":"https:\/\/noticiasmercedinas.com\/site\/wp-json\/wp\/v2\/media\/5391"}],"wp:attachment":[{"href":"https:\/\/noticiasmercedinas.com\/site\/wp-json\/wp\/v2\/media?parent=5390"}],"wp:term":[{"taxonomy":"category","embeddable":true,"href":"https:\/\/noticiasmercedinas.com\/site\/wp-json\/wp\/v2\/categories?post=5390"},{"taxonomy":"post_tag","embeddable":true,"href":"https:\/\/noticiasmercedinas.com\/site\/wp-json\/wp\/v2\/tags?post=5390"}],"curies":[{"name":"wp","href":"https:\/\/api.w.org\/{rel}","templated":true}]}}