{"id":53987,"date":"2020-09-30T18:09:29","date_gmt":"2020-09-30T21:09:29","guid":{"rendered":"https:\/\/noticiasmercedinas.com\/site\/?p=53987"},"modified":"2020-09-30T20:14:54","modified_gmt":"2020-09-30T23:14:54","slug":"julio-maldonado-destaca-abordajes-conjuntos-de-problematicas-mentales","status":"publish","type":"post","link":"https:\/\/noticiasmercedinas.com\/site\/2020\/09\/30\/julio-maldonado-destaca-abordajes-conjuntos-de-problematicas-mentales\/","title":{"rendered":"Julio Maldonado destaca abordajes conjuntos de problem\u00e1ticas mentales"},"content":{"rendered":"<p><img loading=\"lazy\" decoding=\"async\" class=\"alignnone size-full wp-image-53989\" src=\"https:\/\/noticiasmercedinas.com\/site\/wp-content\/uploads\/2020\/09\/juliomaldona1.jpg\" alt=\"\" width=\"1280\" height=\"853\" srcset=\"https:\/\/noticiasmercedinas.com\/site\/wp-content\/uploads\/2020\/09\/juliomaldona1.jpg 1280w, https:\/\/noticiasmercedinas.com\/site\/wp-content\/uploads\/2020\/09\/juliomaldona1-300x200.jpg 300w, https:\/\/noticiasmercedinas.com\/site\/wp-content\/uploads\/2020\/09\/juliomaldona1-1024x682.jpg 1024w, https:\/\/noticiasmercedinas.com\/site\/wp-content\/uploads\/2020\/09\/juliomaldona1-768x512.jpg 768w, https:\/\/noticiasmercedinas.com\/site\/wp-content\/uploads\/2020\/09\/juliomaldona1-640x427.jpg 640w, https:\/\/noticiasmercedinas.com\/site\/wp-content\/uploads\/2020\/09\/juliomaldona1-681x454.jpg 681w\" sizes=\"auto, (max-width: 1280px) 100vw, 1280px\" \/><\/p>\n<p>El coordinador regional de Salud Mental y Consumos Problem\u00e1ticos, <strong>Julio Maldonado<\/strong>, fue parte de una importante reuni\u00f3n con la Subsecretaria <strong>Julieta Calmels<\/strong> y el Director Provincial de Salud Mental, <strong>Mariano Rey<\/strong>, para evaluar la situaci\u00f3n de la Regi\u00f3n Sanitaria X y los avances realizados en cada ciudad junto a <strong>Carolina Di N\u00e1poli<\/strong>.<\/p>\n<p>\u201cAnalizamos las articulaciones con los efectores de la comunidad que garanticen intervenciones enmarcadas en la integralidad, la interdisciplina y un Estado presente en todos sus niveles\u201d, dijo la licenciada en Trabajo Social Carolina Di N\u00e1poli, quien es Directora de Regi\u00f3n Sanitaria X.<\/p>\n<p>\u201cEsto es parte del trabajo que venimos haciendo en conjunto con la Regi\u00f3n Sanitaria a cargo de la licenciada Di N\u00e1poli. Nosotros como Subsecretar\u00eda de Salud Mental y yo como coordinador, venimos haciendo un abordaje en conjunto que tiene que ver con los CVPA y los servicios de salud mental en Hospitales\u201d, explic\u00f3 Julio Maldonado, coordinador regional de Salud Mental.<\/p>\n<p><img loading=\"lazy\" decoding=\"async\" class=\"alignnone size-full wp-image-53988\" src=\"https:\/\/noticiasmercedinas.com\/site\/wp-content\/uploads\/2020\/09\/juliomaldona.jpg\" alt=\"\" width=\"1280\" height=\"853\" srcset=\"https:\/\/noticiasmercedinas.com\/site\/wp-content\/uploads\/2020\/09\/juliomaldona.jpg 1280w, https:\/\/noticiasmercedinas.com\/site\/wp-content\/uploads\/2020\/09\/juliomaldona-300x200.jpg 300w, https:\/\/noticiasmercedinas.com\/site\/wp-content\/uploads\/2020\/09\/juliomaldona-1024x682.jpg 1024w, https:\/\/noticiasmercedinas.com\/site\/wp-content\/uploads\/2020\/09\/juliomaldona-768x512.jpg 768w, https:\/\/noticiasmercedinas.com\/site\/wp-content\/uploads\/2020\/09\/juliomaldona-640x427.jpg 640w, https:\/\/noticiasmercedinas.com\/site\/wp-content\/uploads\/2020\/09\/juliomaldona-681x454.jpg 681w\" sizes=\"auto, (max-width: 1280px) 100vw, 1280px\" \/><\/p>\n<p>\u201cVenimos trabajando con distintos organismos del orden provincial, nacional o municipales, en el marco de la Ley de Salud Mental\u201d, agreg\u00f3. \u201cAyer trabajamos con Mariano Rey, la subsecretaria Julieta Calmels y analizamos la regi\u00f3n, el trabajo interdisciplinario que se hace en los CPA y lo que se est\u00e1 logrando que es sumar los servicios de salud mental en hospitales que no los ten\u00edan\u201d, dijo y remarc\u00f3 que adem\u00e1s est\u00e1n acompa\u00f1ando en el marco de la epidemia de Covid-19 en la \u201cque tan necesaria es la presencia del Estado con la salud mental\u201d: \u201cEl trabajo es interesante, arduo y en equipo\u201d, dijo el mercedino Maldonado.<\/p>\n<p>Luego se reuni\u00f3 en la subsecretaria de Derechos Humanos de la provincia para trabajar el \u00e1rea de Salud Mental e insertar la pol\u00edtica de Derechos Humanos en este \u00e1rea y en los Consumos Problem\u00e1ticos. \u201cNos reunimos con la Directora Provincial de Programas para el Desarrollo Socio Comunitario en Derechos Humanos, <strong>Marina Vega<\/strong>, y con la Directora de Coordinaci\u00f3n de Programas Especiales, <strong>Mar\u00eda Soledad Grizia<\/strong>\u201d, detall\u00f3 Maldonado.<\/p>\n<p><img loading=\"lazy\" decoding=\"async\" class=\"alignnone size-full wp-image-53990\" src=\"https:\/\/noticiasmercedinas.com\/site\/wp-content\/uploads\/2020\/09\/maldona.jpg\" alt=\"\" width=\"1280\" height=\"853\" srcset=\"https:\/\/noticiasmercedinas.com\/site\/wp-content\/uploads\/2020\/09\/maldona.jpg 1280w, https:\/\/noticiasmercedinas.com\/site\/wp-content\/uploads\/2020\/09\/maldona-300x200.jpg 300w, https:\/\/noticiasmercedinas.com\/site\/wp-content\/uploads\/2020\/09\/maldona-1024x682.jpg 1024w, https:\/\/noticiasmercedinas.com\/site\/wp-content\/uploads\/2020\/09\/maldona-768x512.jpg 768w, https:\/\/noticiasmercedinas.com\/site\/wp-content\/uploads\/2020\/09\/maldona-640x427.jpg 640w, https:\/\/noticiasmercedinas.com\/site\/wp-content\/uploads\/2020\/09\/maldona-681x454.jpg 681w\" sizes=\"auto, (max-width: 1280px) 100vw, 1280px\" \/><\/p>\n","protected":false},"excerpt":{"rendered":"<p>\u25a0\u00a0El coordinador regional de Salud Mental fue parte de an\u00e1lisis de la situaci\u00f3n del trabajo del \u00e1rea en pandemia. Suman servicios de salud mental en hospitales que no los ten\u00edan.<\/p>\n","protected":false},"author":2,"featured_media":53989,"comment_status":"open","ping_status":"open","sticky":false,"template":"","format":"standard","meta":{"footnotes":""},"categories":[3],"tags":[10092,10316,8553,10314,10317,10315,10318,1190],"class_list":["post-53987","post","type-post","status-publish","format-standard","has-post-thumbnail","hentry","category-sociedad","tag-carolina-di-napoli","tag-julieta-calmels","tag-julio-maldonado","tag-maria-soledad-grizia","tag-mariano-rey","tag-marina-vega","tag-region-sanitaria-x","tag-salud-mental"],"yoast_head":"<!-- This site is optimized with the Yoast SEO plugin v27.4 - https:\/\/yoast.com\/product\/yoast-seo-wordpress\/ -->\n<title>Julio Maldonado destaca abordajes conjuntos de problem\u00e1ticas mentales<\/title>\n<meta name=\"robots\" content=\"index, follow, max-snippet:-1, max-image-preview:large, max-video-preview:-1\" \/>\n<link rel=\"canonical\" href=\"https:\/\/noticiasmercedinas.com\/site\/2020\/09\/30\/julio-maldonado-destaca-abordajes-conjuntos-de-problematicas-mentales\/\" \/>\n<meta property=\"og:locale\" content=\"es_ES\" \/>\n<meta property=\"og:type\" content=\"article\" \/>\n<meta property=\"og:title\" content=\"Julio Maldonado destaca abordajes conjuntos de problem\u00e1ticas mentales\" \/>\n<meta property=\"og:description\" content=\"\u25a0\u00a0El coordinador regional de Salud Mental fue parte de an\u00e1lisis de la situaci\u00f3n del trabajo del \u00e1rea en pandemia. Suman servicios de salud mental en hospitales que no los ten\u00edan.\" \/>\n<meta property=\"og:url\" content=\"https:\/\/noticiasmercedinas.com\/site\/2020\/09\/30\/julio-maldonado-destaca-abordajes-conjuntos-de-problematicas-mentales\/\" \/>\n<meta property=\"og:site_name\" content=\"NOTICIASMERCEDINAS.COM\" \/>\n<meta property=\"article:publisher\" content=\"https:\/\/www.facebook.com\/noticiasmercedinas\/\" \/>\n<meta property=\"article:author\" content=\"https:\/\/www.facebook.com\/cristian.falabella\" \/>\n<meta property=\"article:published_time\" content=\"2020-09-30T21:09:29+00:00\" \/>\n<meta property=\"article:modified_time\" content=\"2020-09-30T23:14:54+00:00\" \/>\n<meta property=\"og:image\" content=\"https:\/\/noticiasmercedinas.com\/site\/wp-content\/uploads\/2020\/09\/juliomaldona1.jpg\" \/>\n\t<meta property=\"og:image:width\" content=\"1280\" \/>\n\t<meta property=\"og:image:height\" content=\"853\" \/>\n\t<meta property=\"og:image:type\" content=\"image\/jpeg\" \/>\n<meta name=\"author\" content=\"Cristian Falabella NOTICIASMERCEDINAS.COM\" \/>\n<meta name=\"twitter:card\" content=\"summary_large_image\" \/>\n<meta name=\"twitter:creator\" content=\"@https:\/\/twitter.com\/NOTMERCEDINAS\" \/>\n<meta name=\"twitter:site\" content=\"@notmercedinas\" \/>\n<meta name=\"twitter:label1\" content=\"Escrito por\" \/>\n\t<meta name=\"twitter:data1\" content=\"Cristian Falabella NOTICIASMERCEDINAS.COM\" \/>\n\t<meta name=\"twitter:label2\" content=\"Tiempo de lectura\" \/>\n\t<meta name=\"twitter:data2\" content=\"2 minutos\" \/>\n<script type=\"application\/ld+json\" class=\"yoast-schema-graph\">{\"@context\":\"https:\\\/\\\/schema.org\",\"@graph\":[{\"@type\":\"Article\",\"@id\":\"https:\\\/\\\/noticiasmercedinas.com\\\/site\\\/2020\\\/09\\\/30\\\/julio-maldonado-destaca-abordajes-conjuntos-de-problematicas-mentales\\\/#article\",\"isPartOf\":{\"@id\":\"https:\\\/\\\/noticiasmercedinas.com\\\/site\\\/2020\\\/09\\\/30\\\/julio-maldonado-destaca-abordajes-conjuntos-de-problematicas-mentales\\\/\"},\"author\":{\"name\":\"Cristian Falabella NOTICIASMERCEDINAS.COM\",\"@id\":\"https:\\\/\\\/noticiasmercedinas.com\\\/site\\\/#\\\/schema\\\/person\\\/d481a9696a5feaec13a60e2bbd991a6a\"},\"headline\":\"Julio Maldonado destaca abordajes conjuntos de problem\u00e1ticas mentales\",\"datePublished\":\"2020-09-30T21:09:29+00:00\",\"dateModified\":\"2020-09-30T23:14:54+00:00\",\"mainEntityOfPage\":{\"@id\":\"https:\\\/\\\/noticiasmercedinas.com\\\/site\\\/2020\\\/09\\\/30\\\/julio-maldonado-destaca-abordajes-conjuntos-de-problematicas-mentales\\\/\"},\"wordCount\":352,\"commentCount\":0,\"publisher\":{\"@id\":\"https:\\\/\\\/noticiasmercedinas.com\\\/site\\\/#organization\"},\"image\":{\"@id\":\"https:\\\/\\\/noticiasmercedinas.com\\\/site\\\/2020\\\/09\\\/30\\\/julio-maldonado-destaca-abordajes-conjuntos-de-problematicas-mentales\\\/#primaryimage\"},\"thumbnailUrl\":\"https:\\\/\\\/noticiasmercedinas.com\\\/site\\\/wp-content\\\/uploads\\\/2020\\\/09\\\/juliomaldona1.jpg\",\"keywords\":[\"Carolina Di Napoli\",\"julieta calmels\",\"Julio Maldonado\",\"Mar\u00eda Soledad Grizia\",\"Mariano Rey\",\"Marina Vega\",\"Regi\u00f3n Sanitaria X\",\"salud mental\"],\"articleSection\":[\"Sociedad\"],\"inLanguage\":\"es\",\"potentialAction\":[{\"@type\":\"CommentAction\",\"name\":\"Comment\",\"target\":[\"https:\\\/\\\/noticiasmercedinas.com\\\/site\\\/2020\\\/09\\\/30\\\/julio-maldonado-destaca-abordajes-conjuntos-de-problematicas-mentales\\\/#respond\"]}]},{\"@type\":\"WebPage\",\"@id\":\"https:\\\/\\\/noticiasmercedinas.com\\\/site\\\/2020\\\/09\\\/30\\\/julio-maldonado-destaca-abordajes-conjuntos-de-problematicas-mentales\\\/\",\"url\":\"https:\\\/\\\/noticiasmercedinas.com\\\/site\\\/2020\\\/09\\\/30\\\/julio-maldonado-destaca-abordajes-conjuntos-de-problematicas-mentales\\\/\",\"name\":\"Julio Maldonado destaca abordajes conjuntos de problem\u00e1ticas mentales\",\"isPartOf\":{\"@id\":\"https:\\\/\\\/noticiasmercedinas.com\\\/site\\\/#website\"},\"primaryImageOfPage\":{\"@id\":\"https:\\\/\\\/noticiasmercedinas.com\\\/site\\\/2020\\\/09\\\/30\\\/julio-maldonado-destaca-abordajes-conjuntos-de-problematicas-mentales\\\/#primaryimage\"},\"image\":{\"@id\":\"https:\\\/\\\/noticiasmercedinas.com\\\/site\\\/2020\\\/09\\\/30\\\/julio-maldonado-destaca-abordajes-conjuntos-de-problematicas-mentales\\\/#primaryimage\"},\"thumbnailUrl\":\"https:\\\/\\\/noticiasmercedinas.com\\\/site\\\/wp-content\\\/uploads\\\/2020\\\/09\\\/juliomaldona1.jpg\",\"datePublished\":\"2020-09-30T21:09:29+00:00\",\"dateModified\":\"2020-09-30T23:14:54+00:00\",\"breadcrumb\":{\"@id\":\"https:\\\/\\\/noticiasmercedinas.com\\\/site\\\/2020\\\/09\\\/30\\\/julio-maldonado-destaca-abordajes-conjuntos-de-problematicas-mentales\\\/#breadcrumb\"},\"inLanguage\":\"es\",\"potentialAction\":[{\"@type\":\"ReadAction\",\"target\":[\"https:\\\/\\\/noticiasmercedinas.com\\\/site\\\/2020\\\/09\\\/30\\\/julio-maldonado-destaca-abordajes-conjuntos-de-problematicas-mentales\\\/\"]}]},{\"@type\":\"ImageObject\",\"inLanguage\":\"es\",\"@id\":\"https:\\\/\\\/noticiasmercedinas.com\\\/site\\\/2020\\\/09\\\/30\\\/julio-maldonado-destaca-abordajes-conjuntos-de-problematicas-mentales\\\/#primaryimage\",\"url\":\"https:\\\/\\\/noticiasmercedinas.com\\\/site\\\/wp-content\\\/uploads\\\/2020\\\/09\\\/juliomaldona1.jpg\",\"contentUrl\":\"https:\\\/\\\/noticiasmercedinas.com\\\/site\\\/wp-content\\\/uploads\\\/2020\\\/09\\\/juliomaldona1.jpg\",\"width\":1280,\"height\":853},{\"@type\":\"BreadcrumbList\",\"@id\":\"https:\\\/\\\/noticiasmercedinas.com\\\/site\\\/2020\\\/09\\\/30\\\/julio-maldonado-destaca-abordajes-conjuntos-de-problematicas-mentales\\\/#breadcrumb\",\"itemListElement\":[{\"@type\":\"ListItem\",\"position\":1,\"name\":\"Portada\",\"item\":\"https:\\\/\\\/noticiasmercedinas.com\\\/site\\\/\"},{\"@type\":\"ListItem\",\"position\":2,\"name\":\"Julio Maldonado destaca abordajes conjuntos de problem\u00e1ticas mentales\"}]},{\"@type\":\"WebSite\",\"@id\":\"https:\\\/\\\/noticiasmercedinas.com\\\/site\\\/#website\",\"url\":\"https:\\\/\\\/noticiasmercedinas.com\\\/site\\\/\",\"name\":\"NOTICIASMERCEDINAS.COM\",\"description\":\"Mercedes, Buenos Aires, Argentina\",\"publisher\":{\"@id\":\"https:\\\/\\\/noticiasmercedinas.com\\\/site\\\/#organization\"},\"potentialAction\":[{\"@type\":\"SearchAction\",\"target\":{\"@type\":\"EntryPoint\",\"urlTemplate\":\"https:\\\/\\\/noticiasmercedinas.com\\\/site\\\/?s={search_term_string}\"},\"query-input\":{\"@type\":\"PropertyValueSpecification\",\"valueRequired\":true,\"valueName\":\"search_term_string\"}}],\"inLanguage\":\"es\"},{\"@type\":\"Organization\",\"@id\":\"https:\\\/\\\/noticiasmercedinas.com\\\/site\\\/#organization\",\"name\":\"NOTICIASMERCEDINAS.COM\",\"url\":\"https:\\\/\\\/noticiasmercedinas.com\\\/site\\\/\",\"logo\":{\"@type\":\"ImageObject\",\"inLanguage\":\"es\",\"@id\":\"https:\\\/\\\/noticiasmercedinas.com\\\/site\\\/#\\\/schema\\\/logo\\\/image\\\/\",\"url\":\"https:\\\/\\\/noticiasmercedinas.com\\\/site\\\/wp-content\\\/uploads\\\/2020\\\/06\\\/LOGO-512.jpg\",\"contentUrl\":\"https:\\\/\\\/noticiasmercedinas.com\\\/site\\\/wp-content\\\/uploads\\\/2020\\\/06\\\/LOGO-512.jpg\",\"width\":512,\"height\":512,\"caption\":\"NOTICIASMERCEDINAS.COM\"},\"image\":{\"@id\":\"https:\\\/\\\/noticiasmercedinas.com\\\/site\\\/#\\\/schema\\\/logo\\\/image\\\/\"},\"sameAs\":[\"https:\\\/\\\/www.facebook.com\\\/noticiasmercedinas\\\/\",\"https:\\\/\\\/x.com\\\/notmercedinas\",\"https:\\\/\\\/www.instagram.com\\\/noticiasmercedinas\\\/\"]},{\"@type\":\"Person\",\"@id\":\"https:\\\/\\\/noticiasmercedinas.com\\\/site\\\/#\\\/schema\\\/person\\\/d481a9696a5feaec13a60e2bbd991a6a\",\"name\":\"Cristian Falabella NOTICIASMERCEDINAS.COM\",\"image\":{\"@type\":\"ImageObject\",\"inLanguage\":\"es\",\"@id\":\"https:\\\/\\\/secure.gravatar.com\\\/avatar\\\/0dbbfc45970cc46bcd0e57766228574ff3511d6eed045b182f536f0f478c1f06?s=96&d=mm&r=g\",\"url\":\"https:\\\/\\\/secure.gravatar.com\\\/avatar\\\/0dbbfc45970cc46bcd0e57766228574ff3511d6eed045b182f536f0f478c1f06?s=96&d=mm&r=g\",\"contentUrl\":\"https:\\\/\\\/secure.gravatar.com\\\/avatar\\\/0dbbfc45970cc46bcd0e57766228574ff3511d6eed045b182f536f0f478c1f06?s=96&d=mm&r=g\",\"caption\":\"Cristian Falabella NOTICIASMERCEDINAS.COM\"},\"description\":\"Periodista, editor de Noticias Mercedinas. Pas\u00f3 por varias redacciones y emprendimientos de prensa, en distintos formatos y \u00e9pocas. Se especializ\u00f3 --y sigue haci\u00e9ndolo-- en comunicaci\u00f3n en la web y en junio de 2006 fund\u00f3 este diario digital.\",\"sameAs\":[\"https:\\\/\\\/noticiasmercedinas.com\",\"https:\\\/\\\/www.facebook.com\\\/cristian.falabella\",\"https:\\\/\\\/www.instagram.com\\\/noticiasmercedinas\\\/\",\"https:\\\/\\\/x.com\\\/https:\\\/\\\/twitter.com\\\/NOTMERCEDINAS\"],\"url\":\"https:\\\/\\\/noticiasmercedinas.com\\\/site\\\/author\\\/as000384\\\/\"}]}<\/script>\n<!-- \/ Yoast SEO plugin. -->","yoast_head_json":{"title":"Julio Maldonado destaca abordajes conjuntos de problem\u00e1ticas mentales","robots":{"index":"index","follow":"follow","max-snippet":"max-snippet:-1","max-image-preview":"max-image-preview:large","max-video-preview":"max-video-preview:-1"},"canonical":"https:\/\/noticiasmercedinas.com\/site\/2020\/09\/30\/julio-maldonado-destaca-abordajes-conjuntos-de-problematicas-mentales\/","og_locale":"es_ES","og_type":"article","og_title":"Julio Maldonado destaca abordajes conjuntos de problem\u00e1ticas mentales","og_description":"\u25a0\u00a0El coordinador regional de Salud Mental fue parte de an\u00e1lisis de la situaci\u00f3n del trabajo del \u00e1rea en pandemia. Suman servicios de salud mental en hospitales que no los ten\u00edan.","og_url":"https:\/\/noticiasmercedinas.com\/site\/2020\/09\/30\/julio-maldonado-destaca-abordajes-conjuntos-de-problematicas-mentales\/","og_site_name":"NOTICIASMERCEDINAS.COM","article_publisher":"https:\/\/www.facebook.com\/noticiasmercedinas\/","article_author":"https:\/\/www.facebook.com\/cristian.falabella","article_published_time":"2020-09-30T21:09:29+00:00","article_modified_time":"2020-09-30T23:14:54+00:00","og_image":[{"width":1280,"height":853,"url":"https:\/\/noticiasmercedinas.com\/site\/wp-content\/uploads\/2020\/09\/juliomaldona1.jpg","type":"image\/jpeg"}],"author":"Cristian Falabella NOTICIASMERCEDINAS.COM","twitter_card":"summary_large_image","twitter_creator":"@https:\/\/twitter.com\/NOTMERCEDINAS","twitter_site":"@notmercedinas","twitter_misc":{"Escrito por":"Cristian Falabella NOTICIASMERCEDINAS.COM","Tiempo de lectura":"2 minutos"},"schema":{"@context":"https:\/\/schema.org","@graph":[{"@type":"Article","@id":"https:\/\/noticiasmercedinas.com\/site\/2020\/09\/30\/julio-maldonado-destaca-abordajes-conjuntos-de-problematicas-mentales\/#article","isPartOf":{"@id":"https:\/\/noticiasmercedinas.com\/site\/2020\/09\/30\/julio-maldonado-destaca-abordajes-conjuntos-de-problematicas-mentales\/"},"author":{"name":"Cristian Falabella NOTICIASMERCEDINAS.COM","@id":"https:\/\/noticiasmercedinas.com\/site\/#\/schema\/person\/d481a9696a5feaec13a60e2bbd991a6a"},"headline":"Julio Maldonado destaca abordajes conjuntos de problem\u00e1ticas mentales","datePublished":"2020-09-30T21:09:29+00:00","dateModified":"2020-09-30T23:14:54+00:00","mainEntityOfPage":{"@id":"https:\/\/noticiasmercedinas.com\/site\/2020\/09\/30\/julio-maldonado-destaca-abordajes-conjuntos-de-problematicas-mentales\/"},"wordCount":352,"commentCount":0,"publisher":{"@id":"https:\/\/noticiasmercedinas.com\/site\/#organization"},"image":{"@id":"https:\/\/noticiasmercedinas.com\/site\/2020\/09\/30\/julio-maldonado-destaca-abordajes-conjuntos-de-problematicas-mentales\/#primaryimage"},"thumbnailUrl":"https:\/\/noticiasmercedinas.com\/site\/wp-content\/uploads\/2020\/09\/juliomaldona1.jpg","keywords":["Carolina Di Napoli","julieta calmels","Julio Maldonado","Mar\u00eda Soledad Grizia","Mariano Rey","Marina Vega","Regi\u00f3n Sanitaria X","salud mental"],"articleSection":["Sociedad"],"inLanguage":"es","potentialAction":[{"@type":"CommentAction","name":"Comment","target":["https:\/\/noticiasmercedinas.com\/site\/2020\/09\/30\/julio-maldonado-destaca-abordajes-conjuntos-de-problematicas-mentales\/#respond"]}]},{"@type":"WebPage","@id":"https:\/\/noticiasmercedinas.com\/site\/2020\/09\/30\/julio-maldonado-destaca-abordajes-conjuntos-de-problematicas-mentales\/","url":"https:\/\/noticiasmercedinas.com\/site\/2020\/09\/30\/julio-maldonado-destaca-abordajes-conjuntos-de-problematicas-mentales\/","name":"Julio Maldonado destaca abordajes conjuntos de problem\u00e1ticas mentales","isPartOf":{"@id":"https:\/\/noticiasmercedinas.com\/site\/#website"},"primaryImageOfPage":{"@id":"https:\/\/noticiasmercedinas.com\/site\/2020\/09\/30\/julio-maldonado-destaca-abordajes-conjuntos-de-problematicas-mentales\/#primaryimage"},"image":{"@id":"https:\/\/noticiasmercedinas.com\/site\/2020\/09\/30\/julio-maldonado-destaca-abordajes-conjuntos-de-problematicas-mentales\/#primaryimage"},"thumbnailUrl":"https:\/\/noticiasmercedinas.com\/site\/wp-content\/uploads\/2020\/09\/juliomaldona1.jpg","datePublished":"2020-09-30T21:09:29+00:00","dateModified":"2020-09-30T23:14:54+00:00","breadcrumb":{"@id":"https:\/\/noticiasmercedinas.com\/site\/2020\/09\/30\/julio-maldonado-destaca-abordajes-conjuntos-de-problematicas-mentales\/#breadcrumb"},"inLanguage":"es","potentialAction":[{"@type":"ReadAction","target":["https:\/\/noticiasmercedinas.com\/site\/2020\/09\/30\/julio-maldonado-destaca-abordajes-conjuntos-de-problematicas-mentales\/"]}]},{"@type":"ImageObject","inLanguage":"es","@id":"https:\/\/noticiasmercedinas.com\/site\/2020\/09\/30\/julio-maldonado-destaca-abordajes-conjuntos-de-problematicas-mentales\/#primaryimage","url":"https:\/\/noticiasmercedinas.com\/site\/wp-content\/uploads\/2020\/09\/juliomaldona1.jpg","contentUrl":"https:\/\/noticiasmercedinas.com\/site\/wp-content\/uploads\/2020\/09\/juliomaldona1.jpg","width":1280,"height":853},{"@type":"BreadcrumbList","@id":"https:\/\/noticiasmercedinas.com\/site\/2020\/09\/30\/julio-maldonado-destaca-abordajes-conjuntos-de-problematicas-mentales\/#breadcrumb","itemListElement":[{"@type":"ListItem","position":1,"name":"Portada","item":"https:\/\/noticiasmercedinas.com\/site\/"},{"@type":"ListItem","position":2,"name":"Julio Maldonado destaca abordajes conjuntos de problem\u00e1ticas mentales"}]},{"@type":"WebSite","@id":"https:\/\/noticiasmercedinas.com\/site\/#website","url":"https:\/\/noticiasmercedinas.com\/site\/","name":"NOTICIASMERCEDINAS.COM","description":"Mercedes, Buenos Aires, Argentina","publisher":{"@id":"https:\/\/noticiasmercedinas.com\/site\/#organization"},"potentialAction":[{"@type":"SearchAction","target":{"@type":"EntryPoint","urlTemplate":"https:\/\/noticiasmercedinas.com\/site\/?s={search_term_string}"},"query-input":{"@type":"PropertyValueSpecification","valueRequired":true,"valueName":"search_term_string"}}],"inLanguage":"es"},{"@type":"Organization","@id":"https:\/\/noticiasmercedinas.com\/site\/#organization","name":"NOTICIASMERCEDINAS.COM","url":"https:\/\/noticiasmercedinas.com\/site\/","logo":{"@type":"ImageObject","inLanguage":"es","@id":"https:\/\/noticiasmercedinas.com\/site\/#\/schema\/logo\/image\/","url":"https:\/\/noticiasmercedinas.com\/site\/wp-content\/uploads\/2020\/06\/LOGO-512.jpg","contentUrl":"https:\/\/noticiasmercedinas.com\/site\/wp-content\/uploads\/2020\/06\/LOGO-512.jpg","width":512,"height":512,"caption":"NOTICIASMERCEDINAS.COM"},"image":{"@id":"https:\/\/noticiasmercedinas.com\/site\/#\/schema\/logo\/image\/"},"sameAs":["https:\/\/www.facebook.com\/noticiasmercedinas\/","https:\/\/x.com\/notmercedinas","https:\/\/www.instagram.com\/noticiasmercedinas\/"]},{"@type":"Person","@id":"https:\/\/noticiasmercedinas.com\/site\/#\/schema\/person\/d481a9696a5feaec13a60e2bbd991a6a","name":"Cristian Falabella NOTICIASMERCEDINAS.COM","image":{"@type":"ImageObject","inLanguage":"es","@id":"https:\/\/secure.gravatar.com\/avatar\/0dbbfc45970cc46bcd0e57766228574ff3511d6eed045b182f536f0f478c1f06?s=96&d=mm&r=g","url":"https:\/\/secure.gravatar.com\/avatar\/0dbbfc45970cc46bcd0e57766228574ff3511d6eed045b182f536f0f478c1f06?s=96&d=mm&r=g","contentUrl":"https:\/\/secure.gravatar.com\/avatar\/0dbbfc45970cc46bcd0e57766228574ff3511d6eed045b182f536f0f478c1f06?s=96&d=mm&r=g","caption":"Cristian Falabella NOTICIASMERCEDINAS.COM"},"description":"Periodista, editor de Noticias Mercedinas. Pas\u00f3 por varias redacciones y emprendimientos de prensa, en distintos formatos y \u00e9pocas. Se especializ\u00f3 --y sigue haci\u00e9ndolo-- en comunicaci\u00f3n en la web y en junio de 2006 fund\u00f3 este diario digital.","sameAs":["https:\/\/noticiasmercedinas.com","https:\/\/www.facebook.com\/cristian.falabella","https:\/\/www.instagram.com\/noticiasmercedinas\/","https:\/\/x.com\/https:\/\/twitter.com\/NOTMERCEDINAS"],"url":"https:\/\/noticiasmercedinas.com\/site\/author\/as000384\/"}]}},"amp_enabled":true,"_links":{"self":[{"href":"https:\/\/noticiasmercedinas.com\/site\/wp-json\/wp\/v2\/posts\/53987","targetHints":{"allow":["GET"]}}],"collection":[{"href":"https:\/\/noticiasmercedinas.com\/site\/wp-json\/wp\/v2\/posts"}],"about":[{"href":"https:\/\/noticiasmercedinas.com\/site\/wp-json\/wp\/v2\/types\/post"}],"author":[{"embeddable":true,"href":"https:\/\/noticiasmercedinas.com\/site\/wp-json\/wp\/v2\/users\/2"}],"replies":[{"embeddable":true,"href":"https:\/\/noticiasmercedinas.com\/site\/wp-json\/wp\/v2\/comments?post=53987"}],"version-history":[{"count":2,"href":"https:\/\/noticiasmercedinas.com\/site\/wp-json\/wp\/v2\/posts\/53987\/revisions"}],"predecessor-version":[{"id":54001,"href":"https:\/\/noticiasmercedinas.com\/site\/wp-json\/wp\/v2\/posts\/53987\/revisions\/54001"}],"wp:featuredmedia":[{"embeddable":true,"href":"https:\/\/noticiasmercedinas.com\/site\/wp-json\/wp\/v2\/media\/53989"}],"wp:attachment":[{"href":"https:\/\/noticiasmercedinas.com\/site\/wp-json\/wp\/v2\/media?parent=53987"}],"wp:term":[{"taxonomy":"category","embeddable":true,"href":"https:\/\/noticiasmercedinas.com\/site\/wp-json\/wp\/v2\/categories?post=53987"},{"taxonomy":"post_tag","embeddable":true,"href":"https:\/\/noticiasmercedinas.com\/site\/wp-json\/wp\/v2\/tags?post=53987"}],"curies":[{"name":"wp","href":"https:\/\/api.w.org\/{rel}","templated":true}]}}