{"id":54317,"date":"2020-10-06T16:17:11","date_gmt":"2020-10-06T19:17:11","guid":{"rendered":"https:\/\/noticiasmercedinas.com\/site\/?p=54317"},"modified":"2020-10-06T16:17:24","modified_gmt":"2020-10-06T19:17:24","slug":"se-construiran-viviendas-sustentables","status":"publish","type":"post","link":"https:\/\/noticiasmercedinas.com\/site\/2020\/10\/06\/se-construiran-viviendas-sustentables\/","title":{"rendered":"Se construir\u00e1n viviendas sustentables"},"content":{"rendered":"<p><img loading=\"lazy\" decoding=\"async\" class=\"alignnone size-full wp-image-54318\" src=\"https:\/\/noticiasmercedinas.com\/site\/wp-content\/uploads\/2020\/10\/DSC08747.jpg\" alt=\"\" width=\"939\" height=\"626\" srcset=\"https:\/\/noticiasmercedinas.com\/site\/wp-content\/uploads\/2020\/10\/DSC08747.jpg 939w, https:\/\/noticiasmercedinas.com\/site\/wp-content\/uploads\/2020\/10\/DSC08747-300x200.jpg 300w, https:\/\/noticiasmercedinas.com\/site\/wp-content\/uploads\/2020\/10\/DSC08747-768x512.jpg 768w, https:\/\/noticiasmercedinas.com\/site\/wp-content\/uploads\/2020\/10\/DSC08747-640x427.jpg 640w, https:\/\/noticiasmercedinas.com\/site\/wp-content\/uploads\/2020\/10\/DSC08747-681x454.jpg 681w\" sizes=\"auto, (max-width: 939px) 100vw, 939px\" \/><\/p>\n<p>Se firm\u00f3 un convenio con la Fundaci\u00f3n FOVISSE para implementar proyecto de viviendas sustentables.<\/p>\n<p>El Municipio de Mercedes firm\u00f3 un convenio con la Fundaci\u00f3n FOVISEE que se sumar\u00e1 al programa de mejoras habitacionales e infraestructura que viene llevando adelante la Secretar\u00eda de Desarrollo social. Buscar\u00e1 aplicar el modelo de gesti\u00f3n y trabajo que promocionan sobre \u201cviviendas sustentables y justas\u201d<\/p>\n<p>El intendente Juan Ignacio Ustarroz le dio la bienvenida al Licenciado Nicol\u00e1s Maggio, presidente de la fundaci\u00f3n FOVISEE y agradeci\u00f3 la firma del convenio. \u201cPara nosotros como municipio es muy importante poder articular con una Fundaci\u00f3n con trayectoria, un vasto conocimiento y con una filosof\u00eda que compartimos, viviendas justas y sustentables\u201d, dijo.<\/p>\n<blockquote><p>\u00abEste nuevo aporte va en consonancia de la mejora en estos sentidos, buscando el cuidado de los vecinos. Y, adem\u00e1s, tener una pol\u00edtica que cuide el ambiente, la energ\u00eda y el bolsillo de la gente\u00bb, dijo Ustarroz<\/p><\/blockquote>\n<p>El intendente Ustarroz destac\u00f3 que \u201choy en d\u00eda a trav\u00e9s del \u00e1rea de Desarrollo Social se viene realizando una fuerte inversi\u00f3n y un acompa\u00f1amiento a muchas familias para todo lo que conlleva las mejoras habitacionales\u201d y se\u00f1al\u00f3 que \u201ctenemos problemas, como son los incendios, que muchas veces tienen que ver con sistemas muy deficitarios energ\u00e9ticos de electricidad en las viviendas y este nuevo aporte va en consonancia de la mejora en estos sentidos, buscando el cuidado de los vecinos. Y, adem\u00e1s, tener una pol\u00edtica que cuide el ambiente, la energ\u00eda y el bolsillo de la gente\u201d.<\/p>\n<p>\u201cCuando aparecen propuestas como esta, donde un grupo de gente con experiencia, ofrece ese saber hacer y conocimiento a un Municipio, para nosotros es realmente muy importante porque nos da un salto de calidad en las intervenciones que hacemos todos los d\u00edas y evidentemente esto redundar\u00e1 en un claro beneficio para la ciudad\u201d asegur\u00f3 Ustarroz y subray\u00f3 que \u201clo m\u00e1s importante es poder generar este conocimiento tambi\u00e9n desde lo local, en una primera etapa de acompa\u00f1amiento y seguimiento, para despu\u00e9s generar esta pol\u00edtica desde nuestra ciudad para que de ahora en m\u00e1s podamos, en nuestras intervenciones, hacerlas sobre la base de nuevos preceptos y formas que beneficien a la comunidad\u201d.<\/p>\n<p>Nicol\u00e1s Maggio, presidente de la fundaci\u00f3n FOVISEE, expres\u00f3:\u201cVenimos a acompa\u00f1ar a un Municipio de Mercedes que tiene pol\u00edticas de vivienda muy activas, y lo que aportamos desde la fundaci\u00f3n es una mirada, propuestas y tecnolog\u00eda que buscan hacer a la vivienda m\u00e1s sustentable\u201d y a\u00f1adi\u00f3 que \u201cen esta etapa vamos a trabajar en mejoramientos, pol\u00edticas p\u00fablicas que tienen un impacto enorme porque mejora la salud, la seguridad y la calidad de vida de las familias. Sumado a un mejor presupuesto, ya que se ahorra energ\u00eda, como as\u00ed tambi\u00e9n se contribuye al cuidado del medio ambiente\u201d.<\/p>\n<p>\u201cA su vez el mejoramiento genera trabajo y todo lo que se necesita para llevarlo adelante -mano de obra y materiales- se adquiere localmente, por lo que entendemos que el mejoramiento es una pol\u00edtica p\u00fablica de mucha potencia\u201d, apunt\u00f3 Maggio y manifest\u00f3 que \u201cen este caso la perspectiva de hacer un diagn\u00f3stico del nivel de sustentabilidad de cada hogar, con un foco muy fuerte en la salud, eso es lo que vamos a aportar en este programa. Vamos a mejorar 30 casas y vamos a llegar a 100 con un programa de prevenci\u00f3n de intoxicaciones por mon\u00f3xido de carbono\u201d.<\/p>\n<p>Jorgelina Silva, secretaria de Desarrollo Social, manifest\u00f3 que \u201cFOVISEE nos ayudar\u00e1 a dar un salto de calidad a nuestros programas de mejoras habitacionales que venimos ejecutando durante esta gesti\u00f3n -y antes tambi\u00e9n- que ya ha asistido con elementos de construcci\u00f3n a m\u00e1s de 1.000 familias en Mercedes\u201d, y agreg\u00f3 que \u201cen los \u00faltimos a\u00f1os hemos focalizado en el programa Primeros Mil D\u00edas y en las familias con alguna problem\u00e1tica de salud, y esta colaboraci\u00f3n nos permitir\u00e1 realizar viviendas m\u00e1s eficiente energ\u00e9ticamente y m\u00e1s saludables\u201d.<\/p>\n<p>\u201cVamos a estar haciendo una primera experiencia en 30 viviendas que vamos a seleccionar en Mercedes y sobre todo se conformar\u00e1 un equipo de trabajo que luego nos servir\u00e1n de experiencia y consulta para seguir con otro grupo de viviendas\u201d asegur\u00f3 Silva.<\/p>\n<p><iframe loading=\"lazy\" title=\"Firma de acuerdo de colaboraci\u00f3n entre Municipalidad de Mercedes  y Funadci\u00f3n FOVISEE\" width=\"640\" height=\"360\" src=\"https:\/\/www.youtube.com\/embed\/w0bwP_hsKog?feature=oembed\" frameborder=\"0\" allow=\"accelerometer; autoplay; clipboard-write; encrypted-media; gyroscope; picture-in-picture; web-share\" referrerpolicy=\"strict-origin-when-cross-origin\" allowfullscreen><\/iframe><\/p>\n<p>&nbsp;<\/p>\n","protected":false},"excerpt":{"rendered":"<p>\u25a0 Se firm\u00f3 un convenio con la Fundaci\u00f3n FOVISSE para implementar proyecto. Se llevar\u00e1 adelante una primera experiencia en 30 viviendas.<\/p>\n","protected":false},"author":16,"featured_media":54318,"comment_status":"open","ping_status":"open","sticky":false,"template":"","format":"standard","meta":{"footnotes":""},"categories":[5754],"tags":[44,10349,23,10348,544],"class_list":["post-54317","post","type-post","status-publish","format-standard","has-post-thumbnail","hentry","category-medio-ambiente","tag-desarrollo-social","tag-fundacion-fovisse","tag-mercedes","tag-sustentables","tag-viviendas"],"yoast_head":"<!-- This site is optimized with the Yoast SEO plugin v27.5 - https:\/\/yoast.com\/product\/yoast-seo-wordpress\/ -->\n<title>Se construir\u00e1n viviendas sustentables<\/title>\n<meta name=\"robots\" content=\"index, follow, max-snippet:-1, max-image-preview:large, max-video-preview:-1\" \/>\n<link rel=\"canonical\" href=\"https:\/\/noticiasmercedinas.com\/site\/2020\/10\/06\/se-construiran-viviendas-sustentables\/\" \/>\n<meta property=\"og:locale\" content=\"es_ES\" \/>\n<meta property=\"og:type\" content=\"article\" \/>\n<meta property=\"og:title\" content=\"Se construir\u00e1n viviendas sustentables\" \/>\n<meta property=\"og:description\" content=\"\u25a0 Se firm\u00f3 un convenio con la Fundaci\u00f3n FOVISSE para implementar proyecto. Se llevar\u00e1 adelante una primera experiencia en 30 viviendas.\" \/>\n<meta property=\"og:url\" content=\"https:\/\/noticiasmercedinas.com\/site\/2020\/10\/06\/se-construiran-viviendas-sustentables\/\" \/>\n<meta property=\"og:site_name\" content=\"NOTICIASMERCEDINAS.COM\" \/>\n<meta property=\"article:publisher\" content=\"https:\/\/www.facebook.com\/noticiasmercedinas\/\" \/>\n<meta property=\"article:published_time\" content=\"2020-10-06T19:17:11+00:00\" \/>\n<meta property=\"article:modified_time\" content=\"2020-10-06T19:17:24+00:00\" \/>\n<meta property=\"og:image\" content=\"https:\/\/noticiasmercedinas.com\/site\/wp-content\/uploads\/2020\/10\/DSC08747.jpg\" \/>\n\t<meta property=\"og:image:width\" content=\"939\" \/>\n\t<meta property=\"og:image:height\" content=\"626\" \/>\n\t<meta property=\"og:image:type\" content=\"image\/jpeg\" \/>\n<meta name=\"author\" content=\"NOTICIASMERCEDINAS.COM\" \/>\n<meta name=\"twitter:card\" content=\"summary_large_image\" \/>\n<meta name=\"twitter:creator\" content=\"@notmercedinas\" \/>\n<meta name=\"twitter:site\" content=\"@notmercedinas\" \/>\n<meta name=\"twitter:label1\" content=\"Escrito por\" \/>\n\t<meta name=\"twitter:data1\" content=\"NOTICIASMERCEDINAS.COM\" \/>\n\t<meta name=\"twitter:label2\" content=\"Tiempo de lectura\" \/>\n\t<meta name=\"twitter:data2\" content=\"4 minutos\" \/>\n<script type=\"application\/ld+json\" class=\"yoast-schema-graph\">{\"@context\":\"https:\\\/\\\/schema.org\",\"@graph\":[{\"@type\":\"Article\",\"@id\":\"https:\\\/\\\/noticiasmercedinas.com\\\/site\\\/2020\\\/10\\\/06\\\/se-construiran-viviendas-sustentables\\\/#article\",\"isPartOf\":{\"@id\":\"https:\\\/\\\/noticiasmercedinas.com\\\/site\\\/2020\\\/10\\\/06\\\/se-construiran-viviendas-sustentables\\\/\"},\"author\":{\"name\":\"NOTICIASMERCEDINAS.COM\",\"@id\":\"https:\\\/\\\/noticiasmercedinas.com\\\/site\\\/#\\\/schema\\\/person\\\/84b59c099c28ff2e8b77d4ceec5d8063\"},\"headline\":\"Se construir\u00e1n viviendas sustentables\",\"datePublished\":\"2020-10-06T19:17:11+00:00\",\"dateModified\":\"2020-10-06T19:17:24+00:00\",\"mainEntityOfPage\":{\"@id\":\"https:\\\/\\\/noticiasmercedinas.com\\\/site\\\/2020\\\/10\\\/06\\\/se-construiran-viviendas-sustentables\\\/\"},\"wordCount\":739,\"commentCount\":0,\"publisher\":{\"@id\":\"https:\\\/\\\/noticiasmercedinas.com\\\/site\\\/#organization\"},\"image\":{\"@id\":\"https:\\\/\\\/noticiasmercedinas.com\\\/site\\\/2020\\\/10\\\/06\\\/se-construiran-viviendas-sustentables\\\/#primaryimage\"},\"thumbnailUrl\":\"https:\\\/\\\/noticiasmercedinas.com\\\/site\\\/wp-content\\\/uploads\\\/2020\\\/10\\\/DSC08747.jpg\",\"keywords\":[\"desarrollo social\",\"Fundaci\u00f3n FOVISSE\",\"mercedes\",\"sustentables\",\"viviendas\"],\"articleSection\":[\"Ambiente\"],\"inLanguage\":\"es\",\"potentialAction\":[{\"@type\":\"CommentAction\",\"name\":\"Comment\",\"target\":[\"https:\\\/\\\/noticiasmercedinas.com\\\/site\\\/2020\\\/10\\\/06\\\/se-construiran-viviendas-sustentables\\\/#respond\"]}]},{\"@type\":\"WebPage\",\"@id\":\"https:\\\/\\\/noticiasmercedinas.com\\\/site\\\/2020\\\/10\\\/06\\\/se-construiran-viviendas-sustentables\\\/\",\"url\":\"https:\\\/\\\/noticiasmercedinas.com\\\/site\\\/2020\\\/10\\\/06\\\/se-construiran-viviendas-sustentables\\\/\",\"name\":\"Se construir\u00e1n viviendas sustentables\",\"isPartOf\":{\"@id\":\"https:\\\/\\\/noticiasmercedinas.com\\\/site\\\/#website\"},\"primaryImageOfPage\":{\"@id\":\"https:\\\/\\\/noticiasmercedinas.com\\\/site\\\/2020\\\/10\\\/06\\\/se-construiran-viviendas-sustentables\\\/#primaryimage\"},\"image\":{\"@id\":\"https:\\\/\\\/noticiasmercedinas.com\\\/site\\\/2020\\\/10\\\/06\\\/se-construiran-viviendas-sustentables\\\/#primaryimage\"},\"thumbnailUrl\":\"https:\\\/\\\/noticiasmercedinas.com\\\/site\\\/wp-content\\\/uploads\\\/2020\\\/10\\\/DSC08747.jpg\",\"datePublished\":\"2020-10-06T19:17:11+00:00\",\"dateModified\":\"2020-10-06T19:17:24+00:00\",\"breadcrumb\":{\"@id\":\"https:\\\/\\\/noticiasmercedinas.com\\\/site\\\/2020\\\/10\\\/06\\\/se-construiran-viviendas-sustentables\\\/#breadcrumb\"},\"inLanguage\":\"es\",\"potentialAction\":[{\"@type\":\"ReadAction\",\"target\":[\"https:\\\/\\\/noticiasmercedinas.com\\\/site\\\/2020\\\/10\\\/06\\\/se-construiran-viviendas-sustentables\\\/\"]}]},{\"@type\":\"ImageObject\",\"inLanguage\":\"es\",\"@id\":\"https:\\\/\\\/noticiasmercedinas.com\\\/site\\\/2020\\\/10\\\/06\\\/se-construiran-viviendas-sustentables\\\/#primaryimage\",\"url\":\"https:\\\/\\\/noticiasmercedinas.com\\\/site\\\/wp-content\\\/uploads\\\/2020\\\/10\\\/DSC08747.jpg\",\"contentUrl\":\"https:\\\/\\\/noticiasmercedinas.com\\\/site\\\/wp-content\\\/uploads\\\/2020\\\/10\\\/DSC08747.jpg\",\"width\":939,\"height\":626},{\"@type\":\"BreadcrumbList\",\"@id\":\"https:\\\/\\\/noticiasmercedinas.com\\\/site\\\/2020\\\/10\\\/06\\\/se-construiran-viviendas-sustentables\\\/#breadcrumb\",\"itemListElement\":[{\"@type\":\"ListItem\",\"position\":1,\"name\":\"Portada\",\"item\":\"https:\\\/\\\/noticiasmercedinas.com\\\/site\\\/\"},{\"@type\":\"ListItem\",\"position\":2,\"name\":\"Se construir\u00e1n viviendas sustentables\"}]},{\"@type\":\"WebSite\",\"@id\":\"https:\\\/\\\/noticiasmercedinas.com\\\/site\\\/#website\",\"url\":\"https:\\\/\\\/noticiasmercedinas.com\\\/site\\\/\",\"name\":\"NOTICIASMERCEDINAS.COM\",\"description\":\"Mercedes, Buenos Aires, Argentina\",\"publisher\":{\"@id\":\"https:\\\/\\\/noticiasmercedinas.com\\\/site\\\/#organization\"},\"potentialAction\":[{\"@type\":\"SearchAction\",\"target\":{\"@type\":\"EntryPoint\",\"urlTemplate\":\"https:\\\/\\\/noticiasmercedinas.com\\\/site\\\/?s={search_term_string}\"},\"query-input\":{\"@type\":\"PropertyValueSpecification\",\"valueRequired\":true,\"valueName\":\"search_term_string\"}}],\"inLanguage\":\"es\"},{\"@type\":\"Organization\",\"@id\":\"https:\\\/\\\/noticiasmercedinas.com\\\/site\\\/#organization\",\"name\":\"NOTICIASMERCEDINAS.COM\",\"url\":\"https:\\\/\\\/noticiasmercedinas.com\\\/site\\\/\",\"logo\":{\"@type\":\"ImageObject\",\"inLanguage\":\"es\",\"@id\":\"https:\\\/\\\/noticiasmercedinas.com\\\/site\\\/#\\\/schema\\\/logo\\\/image\\\/\",\"url\":\"https:\\\/\\\/noticiasmercedinas.com\\\/site\\\/wp-content\\\/uploads\\\/2020\\\/06\\\/LOGO-512.jpg\",\"contentUrl\":\"https:\\\/\\\/noticiasmercedinas.com\\\/site\\\/wp-content\\\/uploads\\\/2020\\\/06\\\/LOGO-512.jpg\",\"width\":512,\"height\":512,\"caption\":\"NOTICIASMERCEDINAS.COM\"},\"image\":{\"@id\":\"https:\\\/\\\/noticiasmercedinas.com\\\/site\\\/#\\\/schema\\\/logo\\\/image\\\/\"},\"sameAs\":[\"https:\\\/\\\/www.facebook.com\\\/noticiasmercedinas\\\/\",\"https:\\\/\\\/x.com\\\/notmercedinas\",\"https:\\\/\\\/www.instagram.com\\\/noticiasmercedinas\\\/\"]},{\"@type\":\"Person\",\"@id\":\"https:\\\/\\\/noticiasmercedinas.com\\\/site\\\/#\\\/schema\\\/person\\\/84b59c099c28ff2e8b77d4ceec5d8063\",\"name\":\"NOTICIASMERCEDINAS.COM\",\"image\":{\"@type\":\"ImageObject\",\"inLanguage\":\"es\",\"@id\":\"https:\\\/\\\/secure.gravatar.com\\\/avatar\\\/4dfbf16b4d17945bfb6341b2d19043457132fcf478a5ee04f42e959fd8f5df0a?s=96&d=mm&r=g\",\"url\":\"https:\\\/\\\/secure.gravatar.com\\\/avatar\\\/4dfbf16b4d17945bfb6341b2d19043457132fcf478a5ee04f42e959fd8f5df0a?s=96&d=mm&r=g\",\"contentUrl\":\"https:\\\/\\\/secure.gravatar.com\\\/avatar\\\/4dfbf16b4d17945bfb6341b2d19043457132fcf478a5ee04f42e959fd8f5df0a?s=96&d=mm&r=g\",\"caption\":\"NOTICIASMERCEDINAS.COM\"},\"url\":\"https:\\\/\\\/noticiasmercedinas.com\\\/site\\\/author\\\/anonimo\\\/\"}]}<\/script>\n<!-- \/ Yoast SEO plugin. -->","yoast_head_json":{"title":"Se construir\u00e1n viviendas sustentables","robots":{"index":"index","follow":"follow","max-snippet":"max-snippet:-1","max-image-preview":"max-image-preview:large","max-video-preview":"max-video-preview:-1"},"canonical":"https:\/\/noticiasmercedinas.com\/site\/2020\/10\/06\/se-construiran-viviendas-sustentables\/","og_locale":"es_ES","og_type":"article","og_title":"Se construir\u00e1n viviendas sustentables","og_description":"\u25a0 Se firm\u00f3 un convenio con la Fundaci\u00f3n FOVISSE para implementar proyecto. Se llevar\u00e1 adelante una primera experiencia en 30 viviendas.","og_url":"https:\/\/noticiasmercedinas.com\/site\/2020\/10\/06\/se-construiran-viviendas-sustentables\/","og_site_name":"NOTICIASMERCEDINAS.COM","article_publisher":"https:\/\/www.facebook.com\/noticiasmercedinas\/","article_published_time":"2020-10-06T19:17:11+00:00","article_modified_time":"2020-10-06T19:17:24+00:00","og_image":[{"width":939,"height":626,"url":"https:\/\/noticiasmercedinas.com\/site\/wp-content\/uploads\/2020\/10\/DSC08747.jpg","type":"image\/jpeg"}],"author":"NOTICIASMERCEDINAS.COM","twitter_card":"summary_large_image","twitter_creator":"@notmercedinas","twitter_site":"@notmercedinas","twitter_misc":{"Escrito por":"NOTICIASMERCEDINAS.COM","Tiempo de lectura":"4 minutos"},"schema":{"@context":"https:\/\/schema.org","@graph":[{"@type":"Article","@id":"https:\/\/noticiasmercedinas.com\/site\/2020\/10\/06\/se-construiran-viviendas-sustentables\/#article","isPartOf":{"@id":"https:\/\/noticiasmercedinas.com\/site\/2020\/10\/06\/se-construiran-viviendas-sustentables\/"},"author":{"name":"NOTICIASMERCEDINAS.COM","@id":"https:\/\/noticiasmercedinas.com\/site\/#\/schema\/person\/84b59c099c28ff2e8b77d4ceec5d8063"},"headline":"Se construir\u00e1n viviendas sustentables","datePublished":"2020-10-06T19:17:11+00:00","dateModified":"2020-10-06T19:17:24+00:00","mainEntityOfPage":{"@id":"https:\/\/noticiasmercedinas.com\/site\/2020\/10\/06\/se-construiran-viviendas-sustentables\/"},"wordCount":739,"commentCount":0,"publisher":{"@id":"https:\/\/noticiasmercedinas.com\/site\/#organization"},"image":{"@id":"https:\/\/noticiasmercedinas.com\/site\/2020\/10\/06\/se-construiran-viviendas-sustentables\/#primaryimage"},"thumbnailUrl":"https:\/\/noticiasmercedinas.com\/site\/wp-content\/uploads\/2020\/10\/DSC08747.jpg","keywords":["desarrollo social","Fundaci\u00f3n FOVISSE","mercedes","sustentables","viviendas"],"articleSection":["Ambiente"],"inLanguage":"es","potentialAction":[{"@type":"CommentAction","name":"Comment","target":["https:\/\/noticiasmercedinas.com\/site\/2020\/10\/06\/se-construiran-viviendas-sustentables\/#respond"]}]},{"@type":"WebPage","@id":"https:\/\/noticiasmercedinas.com\/site\/2020\/10\/06\/se-construiran-viviendas-sustentables\/","url":"https:\/\/noticiasmercedinas.com\/site\/2020\/10\/06\/se-construiran-viviendas-sustentables\/","name":"Se construir\u00e1n viviendas sustentables","isPartOf":{"@id":"https:\/\/noticiasmercedinas.com\/site\/#website"},"primaryImageOfPage":{"@id":"https:\/\/noticiasmercedinas.com\/site\/2020\/10\/06\/se-construiran-viviendas-sustentables\/#primaryimage"},"image":{"@id":"https:\/\/noticiasmercedinas.com\/site\/2020\/10\/06\/se-construiran-viviendas-sustentables\/#primaryimage"},"thumbnailUrl":"https:\/\/noticiasmercedinas.com\/site\/wp-content\/uploads\/2020\/10\/DSC08747.jpg","datePublished":"2020-10-06T19:17:11+00:00","dateModified":"2020-10-06T19:17:24+00:00","breadcrumb":{"@id":"https:\/\/noticiasmercedinas.com\/site\/2020\/10\/06\/se-construiran-viviendas-sustentables\/#breadcrumb"},"inLanguage":"es","potentialAction":[{"@type":"ReadAction","target":["https:\/\/noticiasmercedinas.com\/site\/2020\/10\/06\/se-construiran-viviendas-sustentables\/"]}]},{"@type":"ImageObject","inLanguage":"es","@id":"https:\/\/noticiasmercedinas.com\/site\/2020\/10\/06\/se-construiran-viviendas-sustentables\/#primaryimage","url":"https:\/\/noticiasmercedinas.com\/site\/wp-content\/uploads\/2020\/10\/DSC08747.jpg","contentUrl":"https:\/\/noticiasmercedinas.com\/site\/wp-content\/uploads\/2020\/10\/DSC08747.jpg","width":939,"height":626},{"@type":"BreadcrumbList","@id":"https:\/\/noticiasmercedinas.com\/site\/2020\/10\/06\/se-construiran-viviendas-sustentables\/#breadcrumb","itemListElement":[{"@type":"ListItem","position":1,"name":"Portada","item":"https:\/\/noticiasmercedinas.com\/site\/"},{"@type":"ListItem","position":2,"name":"Se construir\u00e1n viviendas sustentables"}]},{"@type":"WebSite","@id":"https:\/\/noticiasmercedinas.com\/site\/#website","url":"https:\/\/noticiasmercedinas.com\/site\/","name":"NOTICIASMERCEDINAS.COM","description":"Mercedes, Buenos Aires, Argentina","publisher":{"@id":"https:\/\/noticiasmercedinas.com\/site\/#organization"},"potentialAction":[{"@type":"SearchAction","target":{"@type":"EntryPoint","urlTemplate":"https:\/\/noticiasmercedinas.com\/site\/?s={search_term_string}"},"query-input":{"@type":"PropertyValueSpecification","valueRequired":true,"valueName":"search_term_string"}}],"inLanguage":"es"},{"@type":"Organization","@id":"https:\/\/noticiasmercedinas.com\/site\/#organization","name":"NOTICIASMERCEDINAS.COM","url":"https:\/\/noticiasmercedinas.com\/site\/","logo":{"@type":"ImageObject","inLanguage":"es","@id":"https:\/\/noticiasmercedinas.com\/site\/#\/schema\/logo\/image\/","url":"https:\/\/noticiasmercedinas.com\/site\/wp-content\/uploads\/2020\/06\/LOGO-512.jpg","contentUrl":"https:\/\/noticiasmercedinas.com\/site\/wp-content\/uploads\/2020\/06\/LOGO-512.jpg","width":512,"height":512,"caption":"NOTICIASMERCEDINAS.COM"},"image":{"@id":"https:\/\/noticiasmercedinas.com\/site\/#\/schema\/logo\/image\/"},"sameAs":["https:\/\/www.facebook.com\/noticiasmercedinas\/","https:\/\/x.com\/notmercedinas","https:\/\/www.instagram.com\/noticiasmercedinas\/"]},{"@type":"Person","@id":"https:\/\/noticiasmercedinas.com\/site\/#\/schema\/person\/84b59c099c28ff2e8b77d4ceec5d8063","name":"NOTICIASMERCEDINAS.COM","image":{"@type":"ImageObject","inLanguage":"es","@id":"https:\/\/secure.gravatar.com\/avatar\/4dfbf16b4d17945bfb6341b2d19043457132fcf478a5ee04f42e959fd8f5df0a?s=96&d=mm&r=g","url":"https:\/\/secure.gravatar.com\/avatar\/4dfbf16b4d17945bfb6341b2d19043457132fcf478a5ee04f42e959fd8f5df0a?s=96&d=mm&r=g","contentUrl":"https:\/\/secure.gravatar.com\/avatar\/4dfbf16b4d17945bfb6341b2d19043457132fcf478a5ee04f42e959fd8f5df0a?s=96&d=mm&r=g","caption":"NOTICIASMERCEDINAS.COM"},"url":"https:\/\/noticiasmercedinas.com\/site\/author\/anonimo\/"}]}},"amp_enabled":true,"_links":{"self":[{"href":"https:\/\/noticiasmercedinas.com\/site\/wp-json\/wp\/v2\/posts\/54317","targetHints":{"allow":["GET"]}}],"collection":[{"href":"https:\/\/noticiasmercedinas.com\/site\/wp-json\/wp\/v2\/posts"}],"about":[{"href":"https:\/\/noticiasmercedinas.com\/site\/wp-json\/wp\/v2\/types\/post"}],"author":[{"embeddable":true,"href":"https:\/\/noticiasmercedinas.com\/site\/wp-json\/wp\/v2\/users\/16"}],"replies":[{"embeddable":true,"href":"https:\/\/noticiasmercedinas.com\/site\/wp-json\/wp\/v2\/comments?post=54317"}],"version-history":[{"count":1,"href":"https:\/\/noticiasmercedinas.com\/site\/wp-json\/wp\/v2\/posts\/54317\/revisions"}],"predecessor-version":[{"id":54319,"href":"https:\/\/noticiasmercedinas.com\/site\/wp-json\/wp\/v2\/posts\/54317\/revisions\/54319"}],"wp:featuredmedia":[{"embeddable":true,"href":"https:\/\/noticiasmercedinas.com\/site\/wp-json\/wp\/v2\/media\/54318"}],"wp:attachment":[{"href":"https:\/\/noticiasmercedinas.com\/site\/wp-json\/wp\/v2\/media?parent=54317"}],"wp:term":[{"taxonomy":"category","embeddable":true,"href":"https:\/\/noticiasmercedinas.com\/site\/wp-json\/wp\/v2\/categories?post=54317"},{"taxonomy":"post_tag","embeddable":true,"href":"https:\/\/noticiasmercedinas.com\/site\/wp-json\/wp\/v2\/tags?post=54317"}],"curies":[{"name":"wp","href":"https:\/\/api.w.org\/{rel}","templated":true}]}}