{"id":54342,"date":"2020-10-06T20:18:20","date_gmt":"2020-10-06T23:18:20","guid":{"rendered":"https:\/\/noticiasmercedinas.com\/site\/?p=54342"},"modified":"2020-10-06T20:20:51","modified_gmt":"2020-10-06T23:20:51","slug":"vidrieras-en-instagram-invitan-a-inscribirse-en-capacitacion-virtual","status":"publish","type":"post","link":"https:\/\/noticiasmercedinas.com\/site\/2020\/10\/06\/vidrieras-en-instagram-invitan-a-inscribirse-en-capacitacion-virtual\/","title":{"rendered":"Vidrieras en Instagram: invitan a inscribirse en capacitaci\u00f3n virtual"},"content":{"rendered":"<p><img loading=\"lazy\" decoding=\"async\" class=\"alignnone size-full wp-image-54343\" src=\"https:\/\/noticiasmercedinas.com\/site\/wp-content\/uploads\/2020\/10\/c6034dd2-6701-4ba1-8ce4-10be72f724e5.jpg\" alt=\"\" width=\"1080\" height=\"1080\" srcset=\"https:\/\/noticiasmercedinas.com\/site\/wp-content\/uploads\/2020\/10\/c6034dd2-6701-4ba1-8ce4-10be72f724e5.jpg 1080w, https:\/\/noticiasmercedinas.com\/site\/wp-content\/uploads\/2020\/10\/c6034dd2-6701-4ba1-8ce4-10be72f724e5-300x300.jpg 300w, https:\/\/noticiasmercedinas.com\/site\/wp-content\/uploads\/2020\/10\/c6034dd2-6701-4ba1-8ce4-10be72f724e5-1024x1024.jpg 1024w, https:\/\/noticiasmercedinas.com\/site\/wp-content\/uploads\/2020\/10\/c6034dd2-6701-4ba1-8ce4-10be72f724e5-150x150.jpg 150w, https:\/\/noticiasmercedinas.com\/site\/wp-content\/uploads\/2020\/10\/c6034dd2-6701-4ba1-8ce4-10be72f724e5-768x768.jpg 768w, https:\/\/noticiasmercedinas.com\/site\/wp-content\/uploads\/2020\/10\/c6034dd2-6701-4ba1-8ce4-10be72f724e5-640x640.jpg 640w, https:\/\/noticiasmercedinas.com\/site\/wp-content\/uploads\/2020\/10\/c6034dd2-6701-4ba1-8ce4-10be72f724e5-681x681.jpg 681w\" sizes=\"auto, (max-width: 1080px) 100vw, 1080px\" \/><\/p>\n<p>Desde la C\u00e1mara Econ\u00f3mica Mercedina invitan este mi\u00e9rcoles 7 de octubre, a las 14 horas, a una importante capacitaci\u00f3n virtual sobre venta en redes sociales.<\/p>\n<p>La CEM y la Subcomisi\u00f3n de Mujeres invitan a una capacitaci\u00f3n para comercios de venta digital. La misma estar\u00e1 a cargo de Cecilia Motolo y Eliana Motolo de Mujeres que Emprenden (@mujeresqueemprenden).<\/p>\n<p>Seg\u00fan se inform\u00f3, la propuesta brindar\u00e1 \u201cHerramientas de dise\u00f1o visual para el armado de vidrieras digitales en Instagram\u201d<\/p>\n<p>Dar\u00e1n conceptos esenciales para el armado de una cuenta de Instagram comercial pensada para generar una mejor conexi\u00f3n con su audiencia y potenciales clientes.<\/p>\n<p>Inscripciones:<strong><span style=\"color: #000080;\"><a style=\"color: #000080;\" href=\"https:\/\/www.eventbrite.com.ar\/e\/herramientas-de-diseno-visual-para-el-armado-de-vidrieras-digitales-tickets-123332022399\" target=\"_blank\" rel=\"noopener noreferrer\"> https:\/\/www.eventbrite.com.ar\/e\/herramientas-de-diseno-visual-para-el-armado-de-vidrieras-digitales-tickets-123332022399<\/a><\/span><\/strong><\/p>\n","protected":false},"excerpt":{"rendered":"<p>\u00ad\u25a0 La propuesta brindar\u00e1 \u201cHerramientas de dise\u00f1o visual para el armado de vidrieras digitales en Instagram\u201d. Ser\u00e1 este mi\u00e9rcoles 7 de octubre, a las 14 horas,<\/p>\n","protected":false},"author":16,"featured_media":54343,"comment_status":"open","ping_status":"open","sticky":false,"template":"","format":"standard","meta":{"footnotes":""},"categories":[74],"tags":[361,313,377,4931,10353],"class_list":["post-54342","post","type-post","status-publish","format-standard","has-post-thumbnail","hentry","category-emprendimientos","tag-camara-economica-mercedina","tag-capacitacion","tag-cem","tag-instagram","tag-mujeres-que-emprenden"],"yoast_head":"<!-- This site is optimized with the Yoast SEO plugin v27.4 - https:\/\/yoast.com\/product\/yoast-seo-wordpress\/ -->\n<title>Vidrieras en Instagram: invitan a inscribirse en capacitaci\u00f3n virtual<\/title>\n<meta name=\"robots\" content=\"index, follow, max-snippet:-1, max-image-preview:large, max-video-preview:-1\" \/>\n<link rel=\"canonical\" href=\"https:\/\/noticiasmercedinas.com\/site\/2020\/10\/06\/vidrieras-en-instagram-invitan-a-inscribirse-en-capacitacion-virtual\/\" \/>\n<meta property=\"og:locale\" content=\"es_ES\" \/>\n<meta property=\"og:type\" content=\"article\" \/>\n<meta property=\"og:title\" content=\"Vidrieras en Instagram: invitan a inscribirse en capacitaci\u00f3n virtual\" \/>\n<meta property=\"og:description\" content=\"\u00ad\u25a0 La propuesta brindar\u00e1 \u201cHerramientas de dise\u00f1o visual para el armado de vidrieras digitales en Instagram\u201d. Ser\u00e1 este mi\u00e9rcoles 7 de octubre, a las 14 horas,\" \/>\n<meta property=\"og:url\" content=\"https:\/\/noticiasmercedinas.com\/site\/2020\/10\/06\/vidrieras-en-instagram-invitan-a-inscribirse-en-capacitacion-virtual\/\" \/>\n<meta property=\"og:site_name\" content=\"NOTICIASMERCEDINAS.COM\" \/>\n<meta property=\"article:publisher\" content=\"https:\/\/www.facebook.com\/noticiasmercedinas\/\" \/>\n<meta property=\"article:published_time\" content=\"2020-10-06T23:18:20+00:00\" \/>\n<meta property=\"article:modified_time\" content=\"2020-10-06T23:20:51+00:00\" \/>\n<meta property=\"og:image\" content=\"https:\/\/noticiasmercedinas.com\/site\/wp-content\/uploads\/2020\/10\/c6034dd2-6701-4ba1-8ce4-10be72f724e5.jpg\" \/>\n\t<meta property=\"og:image:width\" content=\"1080\" \/>\n\t<meta property=\"og:image:height\" content=\"1080\" \/>\n\t<meta property=\"og:image:type\" content=\"image\/jpeg\" \/>\n<meta name=\"author\" content=\"NOTICIASMERCEDINAS.COM\" \/>\n<meta name=\"twitter:card\" content=\"summary_large_image\" \/>\n<meta name=\"twitter:creator\" content=\"@notmercedinas\" \/>\n<meta name=\"twitter:site\" content=\"@notmercedinas\" \/>\n<meta name=\"twitter:label1\" content=\"Escrito por\" \/>\n\t<meta name=\"twitter:data1\" content=\"NOTICIASMERCEDINAS.COM\" \/>\n\t<meta name=\"twitter:label2\" content=\"Tiempo de lectura\" \/>\n\t<meta name=\"twitter:data2\" content=\"1 minuto\" \/>\n<script type=\"application\/ld+json\" class=\"yoast-schema-graph\">{\"@context\":\"https:\\\/\\\/schema.org\",\"@graph\":[{\"@type\":\"Article\",\"@id\":\"https:\\\/\\\/noticiasmercedinas.com\\\/site\\\/2020\\\/10\\\/06\\\/vidrieras-en-instagram-invitan-a-inscribirse-en-capacitacion-virtual\\\/#article\",\"isPartOf\":{\"@id\":\"https:\\\/\\\/noticiasmercedinas.com\\\/site\\\/2020\\\/10\\\/06\\\/vidrieras-en-instagram-invitan-a-inscribirse-en-capacitacion-virtual\\\/\"},\"author\":{\"name\":\"NOTICIASMERCEDINAS.COM\",\"@id\":\"https:\\\/\\\/noticiasmercedinas.com\\\/site\\\/#\\\/schema\\\/person\\\/84b59c099c28ff2e8b77d4ceec5d8063\"},\"headline\":\"Vidrieras en Instagram: invitan a inscribirse en capacitaci\u00f3n virtual\",\"datePublished\":\"2020-10-06T23:18:20+00:00\",\"dateModified\":\"2020-10-06T23:20:51+00:00\",\"mainEntityOfPage\":{\"@id\":\"https:\\\/\\\/noticiasmercedinas.com\\\/site\\\/2020\\\/10\\\/06\\\/vidrieras-en-instagram-invitan-a-inscribirse-en-capacitacion-virtual\\\/\"},\"wordCount\":125,\"commentCount\":0,\"publisher\":{\"@id\":\"https:\\\/\\\/noticiasmercedinas.com\\\/site\\\/#organization\"},\"image\":{\"@id\":\"https:\\\/\\\/noticiasmercedinas.com\\\/site\\\/2020\\\/10\\\/06\\\/vidrieras-en-instagram-invitan-a-inscribirse-en-capacitacion-virtual\\\/#primaryimage\"},\"thumbnailUrl\":\"https:\\\/\\\/noticiasmercedinas.com\\\/site\\\/wp-content\\\/uploads\\\/2020\\\/10\\\/c6034dd2-6701-4ba1-8ce4-10be72f724e5.jpg\",\"keywords\":[\"camara economica mercedina\",\"capacitaci\u00f3n\",\"cem\",\"Instagram\",\"mujeres que emprenden\"],\"articleSection\":[\"Emprendimientos\"],\"inLanguage\":\"es\",\"potentialAction\":[{\"@type\":\"CommentAction\",\"name\":\"Comment\",\"target\":[\"https:\\\/\\\/noticiasmercedinas.com\\\/site\\\/2020\\\/10\\\/06\\\/vidrieras-en-instagram-invitan-a-inscribirse-en-capacitacion-virtual\\\/#respond\"]}]},{\"@type\":\"WebPage\",\"@id\":\"https:\\\/\\\/noticiasmercedinas.com\\\/site\\\/2020\\\/10\\\/06\\\/vidrieras-en-instagram-invitan-a-inscribirse-en-capacitacion-virtual\\\/\",\"url\":\"https:\\\/\\\/noticiasmercedinas.com\\\/site\\\/2020\\\/10\\\/06\\\/vidrieras-en-instagram-invitan-a-inscribirse-en-capacitacion-virtual\\\/\",\"name\":\"Vidrieras en Instagram: invitan a inscribirse en capacitaci\u00f3n virtual\",\"isPartOf\":{\"@id\":\"https:\\\/\\\/noticiasmercedinas.com\\\/site\\\/#website\"},\"primaryImageOfPage\":{\"@id\":\"https:\\\/\\\/noticiasmercedinas.com\\\/site\\\/2020\\\/10\\\/06\\\/vidrieras-en-instagram-invitan-a-inscribirse-en-capacitacion-virtual\\\/#primaryimage\"},\"image\":{\"@id\":\"https:\\\/\\\/noticiasmercedinas.com\\\/site\\\/2020\\\/10\\\/06\\\/vidrieras-en-instagram-invitan-a-inscribirse-en-capacitacion-virtual\\\/#primaryimage\"},\"thumbnailUrl\":\"https:\\\/\\\/noticiasmercedinas.com\\\/site\\\/wp-content\\\/uploads\\\/2020\\\/10\\\/c6034dd2-6701-4ba1-8ce4-10be72f724e5.jpg\",\"datePublished\":\"2020-10-06T23:18:20+00:00\",\"dateModified\":\"2020-10-06T23:20:51+00:00\",\"breadcrumb\":{\"@id\":\"https:\\\/\\\/noticiasmercedinas.com\\\/site\\\/2020\\\/10\\\/06\\\/vidrieras-en-instagram-invitan-a-inscribirse-en-capacitacion-virtual\\\/#breadcrumb\"},\"inLanguage\":\"es\",\"potentialAction\":[{\"@type\":\"ReadAction\",\"target\":[\"https:\\\/\\\/noticiasmercedinas.com\\\/site\\\/2020\\\/10\\\/06\\\/vidrieras-en-instagram-invitan-a-inscribirse-en-capacitacion-virtual\\\/\"]}]},{\"@type\":\"ImageObject\",\"inLanguage\":\"es\",\"@id\":\"https:\\\/\\\/noticiasmercedinas.com\\\/site\\\/2020\\\/10\\\/06\\\/vidrieras-en-instagram-invitan-a-inscribirse-en-capacitacion-virtual\\\/#primaryimage\",\"url\":\"https:\\\/\\\/noticiasmercedinas.com\\\/site\\\/wp-content\\\/uploads\\\/2020\\\/10\\\/c6034dd2-6701-4ba1-8ce4-10be72f724e5.jpg\",\"contentUrl\":\"https:\\\/\\\/noticiasmercedinas.com\\\/site\\\/wp-content\\\/uploads\\\/2020\\\/10\\\/c6034dd2-6701-4ba1-8ce4-10be72f724e5.jpg\",\"width\":1080,\"height\":1080},{\"@type\":\"BreadcrumbList\",\"@id\":\"https:\\\/\\\/noticiasmercedinas.com\\\/site\\\/2020\\\/10\\\/06\\\/vidrieras-en-instagram-invitan-a-inscribirse-en-capacitacion-virtual\\\/#breadcrumb\",\"itemListElement\":[{\"@type\":\"ListItem\",\"position\":1,\"name\":\"Portada\",\"item\":\"https:\\\/\\\/noticiasmercedinas.com\\\/site\\\/\"},{\"@type\":\"ListItem\",\"position\":2,\"name\":\"Vidrieras en Instagram: invitan a inscribirse en capacitaci\u00f3n virtual\"}]},{\"@type\":\"WebSite\",\"@id\":\"https:\\\/\\\/noticiasmercedinas.com\\\/site\\\/#website\",\"url\":\"https:\\\/\\\/noticiasmercedinas.com\\\/site\\\/\",\"name\":\"NOTICIASMERCEDINAS.COM\",\"description\":\"Mercedes, Buenos Aires, Argentina\",\"publisher\":{\"@id\":\"https:\\\/\\\/noticiasmercedinas.com\\\/site\\\/#organization\"},\"potentialAction\":[{\"@type\":\"SearchAction\",\"target\":{\"@type\":\"EntryPoint\",\"urlTemplate\":\"https:\\\/\\\/noticiasmercedinas.com\\\/site\\\/?s={search_term_string}\"},\"query-input\":{\"@type\":\"PropertyValueSpecification\",\"valueRequired\":true,\"valueName\":\"search_term_string\"}}],\"inLanguage\":\"es\"},{\"@type\":\"Organization\",\"@id\":\"https:\\\/\\\/noticiasmercedinas.com\\\/site\\\/#organization\",\"name\":\"NOTICIASMERCEDINAS.COM\",\"url\":\"https:\\\/\\\/noticiasmercedinas.com\\\/site\\\/\",\"logo\":{\"@type\":\"ImageObject\",\"inLanguage\":\"es\",\"@id\":\"https:\\\/\\\/noticiasmercedinas.com\\\/site\\\/#\\\/schema\\\/logo\\\/image\\\/\",\"url\":\"https:\\\/\\\/noticiasmercedinas.com\\\/site\\\/wp-content\\\/uploads\\\/2020\\\/06\\\/LOGO-512.jpg\",\"contentUrl\":\"https:\\\/\\\/noticiasmercedinas.com\\\/site\\\/wp-content\\\/uploads\\\/2020\\\/06\\\/LOGO-512.jpg\",\"width\":512,\"height\":512,\"caption\":\"NOTICIASMERCEDINAS.COM\"},\"image\":{\"@id\":\"https:\\\/\\\/noticiasmercedinas.com\\\/site\\\/#\\\/schema\\\/logo\\\/image\\\/\"},\"sameAs\":[\"https:\\\/\\\/www.facebook.com\\\/noticiasmercedinas\\\/\",\"https:\\\/\\\/x.com\\\/notmercedinas\",\"https:\\\/\\\/www.instagram.com\\\/noticiasmercedinas\\\/\"]},{\"@type\":\"Person\",\"@id\":\"https:\\\/\\\/noticiasmercedinas.com\\\/site\\\/#\\\/schema\\\/person\\\/84b59c099c28ff2e8b77d4ceec5d8063\",\"name\":\"NOTICIASMERCEDINAS.COM\",\"image\":{\"@type\":\"ImageObject\",\"inLanguage\":\"es\",\"@id\":\"https:\\\/\\\/secure.gravatar.com\\\/avatar\\\/4dfbf16b4d17945bfb6341b2d19043457132fcf478a5ee04f42e959fd8f5df0a?s=96&d=mm&r=g\",\"url\":\"https:\\\/\\\/secure.gravatar.com\\\/avatar\\\/4dfbf16b4d17945bfb6341b2d19043457132fcf478a5ee04f42e959fd8f5df0a?s=96&d=mm&r=g\",\"contentUrl\":\"https:\\\/\\\/secure.gravatar.com\\\/avatar\\\/4dfbf16b4d17945bfb6341b2d19043457132fcf478a5ee04f42e959fd8f5df0a?s=96&d=mm&r=g\",\"caption\":\"NOTICIASMERCEDINAS.COM\"},\"url\":\"https:\\\/\\\/noticiasmercedinas.com\\\/site\\\/author\\\/anonimo\\\/\"}]}<\/script>\n<!-- \/ Yoast SEO plugin. -->","yoast_head_json":{"title":"Vidrieras en Instagram: invitan a inscribirse en capacitaci\u00f3n virtual","robots":{"index":"index","follow":"follow","max-snippet":"max-snippet:-1","max-image-preview":"max-image-preview:large","max-video-preview":"max-video-preview:-1"},"canonical":"https:\/\/noticiasmercedinas.com\/site\/2020\/10\/06\/vidrieras-en-instagram-invitan-a-inscribirse-en-capacitacion-virtual\/","og_locale":"es_ES","og_type":"article","og_title":"Vidrieras en Instagram: invitan a inscribirse en capacitaci\u00f3n virtual","og_description":"\u00ad\u25a0 La propuesta brindar\u00e1 \u201cHerramientas de dise\u00f1o visual para el armado de vidrieras digitales en Instagram\u201d. Ser\u00e1 este mi\u00e9rcoles 7 de octubre, a las 14 horas,","og_url":"https:\/\/noticiasmercedinas.com\/site\/2020\/10\/06\/vidrieras-en-instagram-invitan-a-inscribirse-en-capacitacion-virtual\/","og_site_name":"NOTICIASMERCEDINAS.COM","article_publisher":"https:\/\/www.facebook.com\/noticiasmercedinas\/","article_published_time":"2020-10-06T23:18:20+00:00","article_modified_time":"2020-10-06T23:20:51+00:00","og_image":[{"width":1080,"height":1080,"url":"https:\/\/noticiasmercedinas.com\/site\/wp-content\/uploads\/2020\/10\/c6034dd2-6701-4ba1-8ce4-10be72f724e5.jpg","type":"image\/jpeg"}],"author":"NOTICIASMERCEDINAS.COM","twitter_card":"summary_large_image","twitter_creator":"@notmercedinas","twitter_site":"@notmercedinas","twitter_misc":{"Escrito por":"NOTICIASMERCEDINAS.COM","Tiempo de lectura":"1 minuto"},"schema":{"@context":"https:\/\/schema.org","@graph":[{"@type":"Article","@id":"https:\/\/noticiasmercedinas.com\/site\/2020\/10\/06\/vidrieras-en-instagram-invitan-a-inscribirse-en-capacitacion-virtual\/#article","isPartOf":{"@id":"https:\/\/noticiasmercedinas.com\/site\/2020\/10\/06\/vidrieras-en-instagram-invitan-a-inscribirse-en-capacitacion-virtual\/"},"author":{"name":"NOTICIASMERCEDINAS.COM","@id":"https:\/\/noticiasmercedinas.com\/site\/#\/schema\/person\/84b59c099c28ff2e8b77d4ceec5d8063"},"headline":"Vidrieras en Instagram: invitan a inscribirse en capacitaci\u00f3n virtual","datePublished":"2020-10-06T23:18:20+00:00","dateModified":"2020-10-06T23:20:51+00:00","mainEntityOfPage":{"@id":"https:\/\/noticiasmercedinas.com\/site\/2020\/10\/06\/vidrieras-en-instagram-invitan-a-inscribirse-en-capacitacion-virtual\/"},"wordCount":125,"commentCount":0,"publisher":{"@id":"https:\/\/noticiasmercedinas.com\/site\/#organization"},"image":{"@id":"https:\/\/noticiasmercedinas.com\/site\/2020\/10\/06\/vidrieras-en-instagram-invitan-a-inscribirse-en-capacitacion-virtual\/#primaryimage"},"thumbnailUrl":"https:\/\/noticiasmercedinas.com\/site\/wp-content\/uploads\/2020\/10\/c6034dd2-6701-4ba1-8ce4-10be72f724e5.jpg","keywords":["camara economica mercedina","capacitaci\u00f3n","cem","Instagram","mujeres que emprenden"],"articleSection":["Emprendimientos"],"inLanguage":"es","potentialAction":[{"@type":"CommentAction","name":"Comment","target":["https:\/\/noticiasmercedinas.com\/site\/2020\/10\/06\/vidrieras-en-instagram-invitan-a-inscribirse-en-capacitacion-virtual\/#respond"]}]},{"@type":"WebPage","@id":"https:\/\/noticiasmercedinas.com\/site\/2020\/10\/06\/vidrieras-en-instagram-invitan-a-inscribirse-en-capacitacion-virtual\/","url":"https:\/\/noticiasmercedinas.com\/site\/2020\/10\/06\/vidrieras-en-instagram-invitan-a-inscribirse-en-capacitacion-virtual\/","name":"Vidrieras en Instagram: invitan a inscribirse en capacitaci\u00f3n virtual","isPartOf":{"@id":"https:\/\/noticiasmercedinas.com\/site\/#website"},"primaryImageOfPage":{"@id":"https:\/\/noticiasmercedinas.com\/site\/2020\/10\/06\/vidrieras-en-instagram-invitan-a-inscribirse-en-capacitacion-virtual\/#primaryimage"},"image":{"@id":"https:\/\/noticiasmercedinas.com\/site\/2020\/10\/06\/vidrieras-en-instagram-invitan-a-inscribirse-en-capacitacion-virtual\/#primaryimage"},"thumbnailUrl":"https:\/\/noticiasmercedinas.com\/site\/wp-content\/uploads\/2020\/10\/c6034dd2-6701-4ba1-8ce4-10be72f724e5.jpg","datePublished":"2020-10-06T23:18:20+00:00","dateModified":"2020-10-06T23:20:51+00:00","breadcrumb":{"@id":"https:\/\/noticiasmercedinas.com\/site\/2020\/10\/06\/vidrieras-en-instagram-invitan-a-inscribirse-en-capacitacion-virtual\/#breadcrumb"},"inLanguage":"es","potentialAction":[{"@type":"ReadAction","target":["https:\/\/noticiasmercedinas.com\/site\/2020\/10\/06\/vidrieras-en-instagram-invitan-a-inscribirse-en-capacitacion-virtual\/"]}]},{"@type":"ImageObject","inLanguage":"es","@id":"https:\/\/noticiasmercedinas.com\/site\/2020\/10\/06\/vidrieras-en-instagram-invitan-a-inscribirse-en-capacitacion-virtual\/#primaryimage","url":"https:\/\/noticiasmercedinas.com\/site\/wp-content\/uploads\/2020\/10\/c6034dd2-6701-4ba1-8ce4-10be72f724e5.jpg","contentUrl":"https:\/\/noticiasmercedinas.com\/site\/wp-content\/uploads\/2020\/10\/c6034dd2-6701-4ba1-8ce4-10be72f724e5.jpg","width":1080,"height":1080},{"@type":"BreadcrumbList","@id":"https:\/\/noticiasmercedinas.com\/site\/2020\/10\/06\/vidrieras-en-instagram-invitan-a-inscribirse-en-capacitacion-virtual\/#breadcrumb","itemListElement":[{"@type":"ListItem","position":1,"name":"Portada","item":"https:\/\/noticiasmercedinas.com\/site\/"},{"@type":"ListItem","position":2,"name":"Vidrieras en Instagram: invitan a inscribirse en capacitaci\u00f3n virtual"}]},{"@type":"WebSite","@id":"https:\/\/noticiasmercedinas.com\/site\/#website","url":"https:\/\/noticiasmercedinas.com\/site\/","name":"NOTICIASMERCEDINAS.COM","description":"Mercedes, Buenos Aires, Argentina","publisher":{"@id":"https:\/\/noticiasmercedinas.com\/site\/#organization"},"potentialAction":[{"@type":"SearchAction","target":{"@type":"EntryPoint","urlTemplate":"https:\/\/noticiasmercedinas.com\/site\/?s={search_term_string}"},"query-input":{"@type":"PropertyValueSpecification","valueRequired":true,"valueName":"search_term_string"}}],"inLanguage":"es"},{"@type":"Organization","@id":"https:\/\/noticiasmercedinas.com\/site\/#organization","name":"NOTICIASMERCEDINAS.COM","url":"https:\/\/noticiasmercedinas.com\/site\/","logo":{"@type":"ImageObject","inLanguage":"es","@id":"https:\/\/noticiasmercedinas.com\/site\/#\/schema\/logo\/image\/","url":"https:\/\/noticiasmercedinas.com\/site\/wp-content\/uploads\/2020\/06\/LOGO-512.jpg","contentUrl":"https:\/\/noticiasmercedinas.com\/site\/wp-content\/uploads\/2020\/06\/LOGO-512.jpg","width":512,"height":512,"caption":"NOTICIASMERCEDINAS.COM"},"image":{"@id":"https:\/\/noticiasmercedinas.com\/site\/#\/schema\/logo\/image\/"},"sameAs":["https:\/\/www.facebook.com\/noticiasmercedinas\/","https:\/\/x.com\/notmercedinas","https:\/\/www.instagram.com\/noticiasmercedinas\/"]},{"@type":"Person","@id":"https:\/\/noticiasmercedinas.com\/site\/#\/schema\/person\/84b59c099c28ff2e8b77d4ceec5d8063","name":"NOTICIASMERCEDINAS.COM","image":{"@type":"ImageObject","inLanguage":"es","@id":"https:\/\/secure.gravatar.com\/avatar\/4dfbf16b4d17945bfb6341b2d19043457132fcf478a5ee04f42e959fd8f5df0a?s=96&d=mm&r=g","url":"https:\/\/secure.gravatar.com\/avatar\/4dfbf16b4d17945bfb6341b2d19043457132fcf478a5ee04f42e959fd8f5df0a?s=96&d=mm&r=g","contentUrl":"https:\/\/secure.gravatar.com\/avatar\/4dfbf16b4d17945bfb6341b2d19043457132fcf478a5ee04f42e959fd8f5df0a?s=96&d=mm&r=g","caption":"NOTICIASMERCEDINAS.COM"},"url":"https:\/\/noticiasmercedinas.com\/site\/author\/anonimo\/"}]}},"amp_enabled":true,"_links":{"self":[{"href":"https:\/\/noticiasmercedinas.com\/site\/wp-json\/wp\/v2\/posts\/54342","targetHints":{"allow":["GET"]}}],"collection":[{"href":"https:\/\/noticiasmercedinas.com\/site\/wp-json\/wp\/v2\/posts"}],"about":[{"href":"https:\/\/noticiasmercedinas.com\/site\/wp-json\/wp\/v2\/types\/post"}],"author":[{"embeddable":true,"href":"https:\/\/noticiasmercedinas.com\/site\/wp-json\/wp\/v2\/users\/16"}],"replies":[{"embeddable":true,"href":"https:\/\/noticiasmercedinas.com\/site\/wp-json\/wp\/v2\/comments?post=54342"}],"version-history":[{"count":1,"href":"https:\/\/noticiasmercedinas.com\/site\/wp-json\/wp\/v2\/posts\/54342\/revisions"}],"predecessor-version":[{"id":54344,"href":"https:\/\/noticiasmercedinas.com\/site\/wp-json\/wp\/v2\/posts\/54342\/revisions\/54344"}],"wp:featuredmedia":[{"embeddable":true,"href":"https:\/\/noticiasmercedinas.com\/site\/wp-json\/wp\/v2\/media\/54343"}],"wp:attachment":[{"href":"https:\/\/noticiasmercedinas.com\/site\/wp-json\/wp\/v2\/media?parent=54342"}],"wp:term":[{"taxonomy":"category","embeddable":true,"href":"https:\/\/noticiasmercedinas.com\/site\/wp-json\/wp\/v2\/categories?post=54342"},{"taxonomy":"post_tag","embeddable":true,"href":"https:\/\/noticiasmercedinas.com\/site\/wp-json\/wp\/v2\/tags?post=54342"}],"curies":[{"name":"wp","href":"https:\/\/api.w.org\/{rel}","templated":true}]}}