{"id":54679,"date":"2020-10-13T12:25:11","date_gmt":"2020-10-13T15:25:11","guid":{"rendered":"https:\/\/noticiasmercedinas.com\/site\/?p=54679"},"modified":"2020-10-13T12:25:11","modified_gmt":"2020-10-13T15:25:11","slug":"de-pedro-condeno-convocatoria-a-protestar-frente-al-domicilio-de-cristina-kirchner","status":"publish","type":"post","link":"https:\/\/noticiasmercedinas.com\/site\/2020\/10\/13\/de-pedro-condeno-convocatoria-a-protestar-frente-al-domicilio-de-cristina-kirchner\/","title":{"rendered":"De Pedro conden\u00f3 convocatoria a protestar frente al domicilio de Cristina Kirchner"},"content":{"rendered":"<p><img loading=\"lazy\" decoding=\"async\" class=\"alignnone size-full wp-image-49608\" src=\"https:\/\/noticiasmercedinas.com\/site\/wp-content\/uploads\/2020\/07\/depedro.jpg\" alt=\"\" width=\"640\" height=\"407\" srcset=\"https:\/\/noticiasmercedinas.com\/site\/wp-content\/uploads\/2020\/07\/depedro.jpg 640w, https:\/\/noticiasmercedinas.com\/site\/wp-content\/uploads\/2020\/07\/depedro-300x191.jpg 300w\" sizes=\"auto, (max-width: 640px) 100vw, 640px\" \/><\/p>\n<p>El ministro de Interior,<strong> Eduardo \u00abWado\u00bb De Pedro<\/strong>, cuestion\u00f3 este lunes la inclusi\u00f3n del domicilio de la vicepresidenta Cristina Fern\u00e1ndez de Kirchner entre los puntos de convocatoria de la protesta opositora para esa tarde.<\/p>\n<p>Eduardo De Pedro advirti\u00f3 que defender la Rep\u00fablica no es el objetivo de los sectores de la oposici\u00f3n que convocan a la marcha porque \u00abno respetan las instituciones\u00bb e incentivan llevar su protesta a las puertas del domicilio de la vicepresidenta Cristina Fern\u00e1ndez de Kirchner.<\/p>\n<p>\u00abEl macrismo y Clar\u00edn convocan a una marcha frente al domicilio particular de la vicepresidenta @CFKArgentina. Es muy claro que no defienden la Rep\u00fablica ni respetan las instituciones, son los profetas del odio\u00bb, escribi\u00f3 De Pedro en su cuenta de la red social Twitter.<\/p>\n","protected":false},"excerpt":{"rendered":"<p>El ministro del Interior cuestion\u00f3 la inclusi\u00f3n del domicilio de la vicepresidenta entre los puntos de convocatoria de la protesta opositora de este lunes por la tarde.<\/p>\n","protected":false},"author":16,"featured_media":49608,"comment_status":"open","ping_status":"open","sticky":false,"template":"","format":"standard","meta":{"footnotes":""},"categories":[16],"tags":[324,2657,3046],"class_list":["post-54679","post","type-post","status-publish","format-standard","has-post-thumbnail","hentry","category-politica","tag-eduardo-de-pedro","tag-marcha","tag-wado"],"yoast_head":"<!-- This site is optimized with the Yoast SEO plugin v27.4 - https:\/\/yoast.com\/product\/yoast-seo-wordpress\/ -->\n<title>De Pedro conden\u00f3 convocatoria a protestar frente al domicilio de Cristina Kirchner<\/title>\n<meta name=\"robots\" content=\"index, follow, max-snippet:-1, max-image-preview:large, max-video-preview:-1\" \/>\n<link rel=\"canonical\" href=\"https:\/\/noticiasmercedinas.com\/site\/2020\/10\/13\/de-pedro-condeno-convocatoria-a-protestar-frente-al-domicilio-de-cristina-kirchner\/\" \/>\n<meta property=\"og:locale\" content=\"es_ES\" \/>\n<meta property=\"og:type\" content=\"article\" \/>\n<meta property=\"og:title\" content=\"De Pedro conden\u00f3 convocatoria a protestar frente al domicilio de Cristina Kirchner\" \/>\n<meta property=\"og:description\" content=\"El ministro del Interior cuestion\u00f3 la inclusi\u00f3n del domicilio de la vicepresidenta entre los puntos de convocatoria de la protesta opositora de este lunes por la tarde.\" \/>\n<meta property=\"og:url\" content=\"https:\/\/noticiasmercedinas.com\/site\/2020\/10\/13\/de-pedro-condeno-convocatoria-a-protestar-frente-al-domicilio-de-cristina-kirchner\/\" \/>\n<meta property=\"og:site_name\" content=\"NOTICIASMERCEDINAS.COM\" \/>\n<meta property=\"article:publisher\" content=\"https:\/\/www.facebook.com\/noticiasmercedinas\/\" \/>\n<meta property=\"article:published_time\" content=\"2020-10-13T15:25:11+00:00\" \/>\n<meta property=\"og:image\" content=\"https:\/\/noticiasmercedinas.com\/site\/wp-content\/uploads\/2020\/07\/depedro.jpg\" \/>\n\t<meta property=\"og:image:width\" content=\"640\" \/>\n\t<meta property=\"og:image:height\" content=\"407\" \/>\n\t<meta property=\"og:image:type\" content=\"image\/jpeg\" \/>\n<meta name=\"author\" content=\"NOTICIASMERCEDINAS.COM\" \/>\n<meta name=\"twitter:card\" content=\"summary_large_image\" \/>\n<meta name=\"twitter:creator\" content=\"@notmercedinas\" \/>\n<meta name=\"twitter:site\" content=\"@notmercedinas\" \/>\n<meta name=\"twitter:label1\" content=\"Escrito por\" \/>\n\t<meta name=\"twitter:data1\" content=\"NOTICIASMERCEDINAS.COM\" \/>\n\t<meta name=\"twitter:label2\" content=\"Tiempo de lectura\" \/>\n\t<meta name=\"twitter:data2\" content=\"1 minuto\" \/>\n<script type=\"application\/ld+json\" class=\"yoast-schema-graph\">{\"@context\":\"https:\\\/\\\/schema.org\",\"@graph\":[{\"@type\":\"Article\",\"@id\":\"https:\\\/\\\/noticiasmercedinas.com\\\/site\\\/2020\\\/10\\\/13\\\/de-pedro-condeno-convocatoria-a-protestar-frente-al-domicilio-de-cristina-kirchner\\\/#article\",\"isPartOf\":{\"@id\":\"https:\\\/\\\/noticiasmercedinas.com\\\/site\\\/2020\\\/10\\\/13\\\/de-pedro-condeno-convocatoria-a-protestar-frente-al-domicilio-de-cristina-kirchner\\\/\"},\"author\":{\"name\":\"NOTICIASMERCEDINAS.COM\",\"@id\":\"https:\\\/\\\/noticiasmercedinas.com\\\/site\\\/#\\\/schema\\\/person\\\/84b59c099c28ff2e8b77d4ceec5d8063\"},\"headline\":\"De Pedro conden\u00f3 convocatoria a protestar frente al domicilio de Cristina Kirchner\",\"datePublished\":\"2020-10-13T15:25:11+00:00\",\"mainEntityOfPage\":{\"@id\":\"https:\\\/\\\/noticiasmercedinas.com\\\/site\\\/2020\\\/10\\\/13\\\/de-pedro-condeno-convocatoria-a-protestar-frente-al-domicilio-de-cristina-kirchner\\\/\"},\"wordCount\":142,\"commentCount\":0,\"publisher\":{\"@id\":\"https:\\\/\\\/noticiasmercedinas.com\\\/site\\\/#organization\"},\"image\":{\"@id\":\"https:\\\/\\\/noticiasmercedinas.com\\\/site\\\/2020\\\/10\\\/13\\\/de-pedro-condeno-convocatoria-a-protestar-frente-al-domicilio-de-cristina-kirchner\\\/#primaryimage\"},\"thumbnailUrl\":\"https:\\\/\\\/noticiasmercedinas.com\\\/site\\\/wp-content\\\/uploads\\\/2020\\\/07\\\/depedro.jpg\",\"keywords\":[\"eduardo de pedro\",\"marcha\",\"wado\"],\"articleSection\":[\"Politica\"],\"inLanguage\":\"es\",\"potentialAction\":[{\"@type\":\"CommentAction\",\"name\":\"Comment\",\"target\":[\"https:\\\/\\\/noticiasmercedinas.com\\\/site\\\/2020\\\/10\\\/13\\\/de-pedro-condeno-convocatoria-a-protestar-frente-al-domicilio-de-cristina-kirchner\\\/#respond\"]}]},{\"@type\":\"WebPage\",\"@id\":\"https:\\\/\\\/noticiasmercedinas.com\\\/site\\\/2020\\\/10\\\/13\\\/de-pedro-condeno-convocatoria-a-protestar-frente-al-domicilio-de-cristina-kirchner\\\/\",\"url\":\"https:\\\/\\\/noticiasmercedinas.com\\\/site\\\/2020\\\/10\\\/13\\\/de-pedro-condeno-convocatoria-a-protestar-frente-al-domicilio-de-cristina-kirchner\\\/\",\"name\":\"De Pedro conden\u00f3 convocatoria a protestar frente al domicilio de Cristina Kirchner\",\"isPartOf\":{\"@id\":\"https:\\\/\\\/noticiasmercedinas.com\\\/site\\\/#website\"},\"primaryImageOfPage\":{\"@id\":\"https:\\\/\\\/noticiasmercedinas.com\\\/site\\\/2020\\\/10\\\/13\\\/de-pedro-condeno-convocatoria-a-protestar-frente-al-domicilio-de-cristina-kirchner\\\/#primaryimage\"},\"image\":{\"@id\":\"https:\\\/\\\/noticiasmercedinas.com\\\/site\\\/2020\\\/10\\\/13\\\/de-pedro-condeno-convocatoria-a-protestar-frente-al-domicilio-de-cristina-kirchner\\\/#primaryimage\"},\"thumbnailUrl\":\"https:\\\/\\\/noticiasmercedinas.com\\\/site\\\/wp-content\\\/uploads\\\/2020\\\/07\\\/depedro.jpg\",\"datePublished\":\"2020-10-13T15:25:11+00:00\",\"breadcrumb\":{\"@id\":\"https:\\\/\\\/noticiasmercedinas.com\\\/site\\\/2020\\\/10\\\/13\\\/de-pedro-condeno-convocatoria-a-protestar-frente-al-domicilio-de-cristina-kirchner\\\/#breadcrumb\"},\"inLanguage\":\"es\",\"potentialAction\":[{\"@type\":\"ReadAction\",\"target\":[\"https:\\\/\\\/noticiasmercedinas.com\\\/site\\\/2020\\\/10\\\/13\\\/de-pedro-condeno-convocatoria-a-protestar-frente-al-domicilio-de-cristina-kirchner\\\/\"]}]},{\"@type\":\"ImageObject\",\"inLanguage\":\"es\",\"@id\":\"https:\\\/\\\/noticiasmercedinas.com\\\/site\\\/2020\\\/10\\\/13\\\/de-pedro-condeno-convocatoria-a-protestar-frente-al-domicilio-de-cristina-kirchner\\\/#primaryimage\",\"url\":\"https:\\\/\\\/noticiasmercedinas.com\\\/site\\\/wp-content\\\/uploads\\\/2020\\\/07\\\/depedro.jpg\",\"contentUrl\":\"https:\\\/\\\/noticiasmercedinas.com\\\/site\\\/wp-content\\\/uploads\\\/2020\\\/07\\\/depedro.jpg\",\"width\":640,\"height\":407},{\"@type\":\"BreadcrumbList\",\"@id\":\"https:\\\/\\\/noticiasmercedinas.com\\\/site\\\/2020\\\/10\\\/13\\\/de-pedro-condeno-convocatoria-a-protestar-frente-al-domicilio-de-cristina-kirchner\\\/#breadcrumb\",\"itemListElement\":[{\"@type\":\"ListItem\",\"position\":1,\"name\":\"Portada\",\"item\":\"https:\\\/\\\/noticiasmercedinas.com\\\/site\\\/\"},{\"@type\":\"ListItem\",\"position\":2,\"name\":\"De Pedro conden\u00f3 convocatoria a protestar frente al domicilio de Cristina Kirchner\"}]},{\"@type\":\"WebSite\",\"@id\":\"https:\\\/\\\/noticiasmercedinas.com\\\/site\\\/#website\",\"url\":\"https:\\\/\\\/noticiasmercedinas.com\\\/site\\\/\",\"name\":\"NOTICIASMERCEDINAS.COM\",\"description\":\"Mercedes, Buenos Aires, Argentina\",\"publisher\":{\"@id\":\"https:\\\/\\\/noticiasmercedinas.com\\\/site\\\/#organization\"},\"potentialAction\":[{\"@type\":\"SearchAction\",\"target\":{\"@type\":\"EntryPoint\",\"urlTemplate\":\"https:\\\/\\\/noticiasmercedinas.com\\\/site\\\/?s={search_term_string}\"},\"query-input\":{\"@type\":\"PropertyValueSpecification\",\"valueRequired\":true,\"valueName\":\"search_term_string\"}}],\"inLanguage\":\"es\"},{\"@type\":\"Organization\",\"@id\":\"https:\\\/\\\/noticiasmercedinas.com\\\/site\\\/#organization\",\"name\":\"NOTICIASMERCEDINAS.COM\",\"url\":\"https:\\\/\\\/noticiasmercedinas.com\\\/site\\\/\",\"logo\":{\"@type\":\"ImageObject\",\"inLanguage\":\"es\",\"@id\":\"https:\\\/\\\/noticiasmercedinas.com\\\/site\\\/#\\\/schema\\\/logo\\\/image\\\/\",\"url\":\"https:\\\/\\\/noticiasmercedinas.com\\\/site\\\/wp-content\\\/uploads\\\/2020\\\/06\\\/LOGO-512.jpg\",\"contentUrl\":\"https:\\\/\\\/noticiasmercedinas.com\\\/site\\\/wp-content\\\/uploads\\\/2020\\\/06\\\/LOGO-512.jpg\",\"width\":512,\"height\":512,\"caption\":\"NOTICIASMERCEDINAS.COM\"},\"image\":{\"@id\":\"https:\\\/\\\/noticiasmercedinas.com\\\/site\\\/#\\\/schema\\\/logo\\\/image\\\/\"},\"sameAs\":[\"https:\\\/\\\/www.facebook.com\\\/noticiasmercedinas\\\/\",\"https:\\\/\\\/x.com\\\/notmercedinas\",\"https:\\\/\\\/www.instagram.com\\\/noticiasmercedinas\\\/\"]},{\"@type\":\"Person\",\"@id\":\"https:\\\/\\\/noticiasmercedinas.com\\\/site\\\/#\\\/schema\\\/person\\\/84b59c099c28ff2e8b77d4ceec5d8063\",\"name\":\"NOTICIASMERCEDINAS.COM\",\"image\":{\"@type\":\"ImageObject\",\"inLanguage\":\"es\",\"@id\":\"https:\\\/\\\/secure.gravatar.com\\\/avatar\\\/4dfbf16b4d17945bfb6341b2d19043457132fcf478a5ee04f42e959fd8f5df0a?s=96&d=mm&r=g\",\"url\":\"https:\\\/\\\/secure.gravatar.com\\\/avatar\\\/4dfbf16b4d17945bfb6341b2d19043457132fcf478a5ee04f42e959fd8f5df0a?s=96&d=mm&r=g\",\"contentUrl\":\"https:\\\/\\\/secure.gravatar.com\\\/avatar\\\/4dfbf16b4d17945bfb6341b2d19043457132fcf478a5ee04f42e959fd8f5df0a?s=96&d=mm&r=g\",\"caption\":\"NOTICIASMERCEDINAS.COM\"},\"url\":\"https:\\\/\\\/noticiasmercedinas.com\\\/site\\\/author\\\/anonimo\\\/\"}]}<\/script>\n<!-- \/ Yoast SEO plugin. -->","yoast_head_json":{"title":"De Pedro conden\u00f3 convocatoria a protestar frente al domicilio de Cristina Kirchner","robots":{"index":"index","follow":"follow","max-snippet":"max-snippet:-1","max-image-preview":"max-image-preview:large","max-video-preview":"max-video-preview:-1"},"canonical":"https:\/\/noticiasmercedinas.com\/site\/2020\/10\/13\/de-pedro-condeno-convocatoria-a-protestar-frente-al-domicilio-de-cristina-kirchner\/","og_locale":"es_ES","og_type":"article","og_title":"De Pedro conden\u00f3 convocatoria a protestar frente al domicilio de Cristina Kirchner","og_description":"El ministro del Interior cuestion\u00f3 la inclusi\u00f3n del domicilio de la vicepresidenta entre los puntos de convocatoria de la protesta opositora de este lunes por la tarde.","og_url":"https:\/\/noticiasmercedinas.com\/site\/2020\/10\/13\/de-pedro-condeno-convocatoria-a-protestar-frente-al-domicilio-de-cristina-kirchner\/","og_site_name":"NOTICIASMERCEDINAS.COM","article_publisher":"https:\/\/www.facebook.com\/noticiasmercedinas\/","article_published_time":"2020-10-13T15:25:11+00:00","og_image":[{"width":640,"height":407,"url":"https:\/\/noticiasmercedinas.com\/site\/wp-content\/uploads\/2020\/07\/depedro.jpg","type":"image\/jpeg"}],"author":"NOTICIASMERCEDINAS.COM","twitter_card":"summary_large_image","twitter_creator":"@notmercedinas","twitter_site":"@notmercedinas","twitter_misc":{"Escrito por":"NOTICIASMERCEDINAS.COM","Tiempo de lectura":"1 minuto"},"schema":{"@context":"https:\/\/schema.org","@graph":[{"@type":"Article","@id":"https:\/\/noticiasmercedinas.com\/site\/2020\/10\/13\/de-pedro-condeno-convocatoria-a-protestar-frente-al-domicilio-de-cristina-kirchner\/#article","isPartOf":{"@id":"https:\/\/noticiasmercedinas.com\/site\/2020\/10\/13\/de-pedro-condeno-convocatoria-a-protestar-frente-al-domicilio-de-cristina-kirchner\/"},"author":{"name":"NOTICIASMERCEDINAS.COM","@id":"https:\/\/noticiasmercedinas.com\/site\/#\/schema\/person\/84b59c099c28ff2e8b77d4ceec5d8063"},"headline":"De Pedro conden\u00f3 convocatoria a protestar frente al domicilio de Cristina Kirchner","datePublished":"2020-10-13T15:25:11+00:00","mainEntityOfPage":{"@id":"https:\/\/noticiasmercedinas.com\/site\/2020\/10\/13\/de-pedro-condeno-convocatoria-a-protestar-frente-al-domicilio-de-cristina-kirchner\/"},"wordCount":142,"commentCount":0,"publisher":{"@id":"https:\/\/noticiasmercedinas.com\/site\/#organization"},"image":{"@id":"https:\/\/noticiasmercedinas.com\/site\/2020\/10\/13\/de-pedro-condeno-convocatoria-a-protestar-frente-al-domicilio-de-cristina-kirchner\/#primaryimage"},"thumbnailUrl":"https:\/\/noticiasmercedinas.com\/site\/wp-content\/uploads\/2020\/07\/depedro.jpg","keywords":["eduardo de pedro","marcha","wado"],"articleSection":["Politica"],"inLanguage":"es","potentialAction":[{"@type":"CommentAction","name":"Comment","target":["https:\/\/noticiasmercedinas.com\/site\/2020\/10\/13\/de-pedro-condeno-convocatoria-a-protestar-frente-al-domicilio-de-cristina-kirchner\/#respond"]}]},{"@type":"WebPage","@id":"https:\/\/noticiasmercedinas.com\/site\/2020\/10\/13\/de-pedro-condeno-convocatoria-a-protestar-frente-al-domicilio-de-cristina-kirchner\/","url":"https:\/\/noticiasmercedinas.com\/site\/2020\/10\/13\/de-pedro-condeno-convocatoria-a-protestar-frente-al-domicilio-de-cristina-kirchner\/","name":"De Pedro conden\u00f3 convocatoria a protestar frente al domicilio de Cristina Kirchner","isPartOf":{"@id":"https:\/\/noticiasmercedinas.com\/site\/#website"},"primaryImageOfPage":{"@id":"https:\/\/noticiasmercedinas.com\/site\/2020\/10\/13\/de-pedro-condeno-convocatoria-a-protestar-frente-al-domicilio-de-cristina-kirchner\/#primaryimage"},"image":{"@id":"https:\/\/noticiasmercedinas.com\/site\/2020\/10\/13\/de-pedro-condeno-convocatoria-a-protestar-frente-al-domicilio-de-cristina-kirchner\/#primaryimage"},"thumbnailUrl":"https:\/\/noticiasmercedinas.com\/site\/wp-content\/uploads\/2020\/07\/depedro.jpg","datePublished":"2020-10-13T15:25:11+00:00","breadcrumb":{"@id":"https:\/\/noticiasmercedinas.com\/site\/2020\/10\/13\/de-pedro-condeno-convocatoria-a-protestar-frente-al-domicilio-de-cristina-kirchner\/#breadcrumb"},"inLanguage":"es","potentialAction":[{"@type":"ReadAction","target":["https:\/\/noticiasmercedinas.com\/site\/2020\/10\/13\/de-pedro-condeno-convocatoria-a-protestar-frente-al-domicilio-de-cristina-kirchner\/"]}]},{"@type":"ImageObject","inLanguage":"es","@id":"https:\/\/noticiasmercedinas.com\/site\/2020\/10\/13\/de-pedro-condeno-convocatoria-a-protestar-frente-al-domicilio-de-cristina-kirchner\/#primaryimage","url":"https:\/\/noticiasmercedinas.com\/site\/wp-content\/uploads\/2020\/07\/depedro.jpg","contentUrl":"https:\/\/noticiasmercedinas.com\/site\/wp-content\/uploads\/2020\/07\/depedro.jpg","width":640,"height":407},{"@type":"BreadcrumbList","@id":"https:\/\/noticiasmercedinas.com\/site\/2020\/10\/13\/de-pedro-condeno-convocatoria-a-protestar-frente-al-domicilio-de-cristina-kirchner\/#breadcrumb","itemListElement":[{"@type":"ListItem","position":1,"name":"Portada","item":"https:\/\/noticiasmercedinas.com\/site\/"},{"@type":"ListItem","position":2,"name":"De Pedro conden\u00f3 convocatoria a protestar frente al domicilio de Cristina Kirchner"}]},{"@type":"WebSite","@id":"https:\/\/noticiasmercedinas.com\/site\/#website","url":"https:\/\/noticiasmercedinas.com\/site\/","name":"NOTICIASMERCEDINAS.COM","description":"Mercedes, Buenos Aires, Argentina","publisher":{"@id":"https:\/\/noticiasmercedinas.com\/site\/#organization"},"potentialAction":[{"@type":"SearchAction","target":{"@type":"EntryPoint","urlTemplate":"https:\/\/noticiasmercedinas.com\/site\/?s={search_term_string}"},"query-input":{"@type":"PropertyValueSpecification","valueRequired":true,"valueName":"search_term_string"}}],"inLanguage":"es"},{"@type":"Organization","@id":"https:\/\/noticiasmercedinas.com\/site\/#organization","name":"NOTICIASMERCEDINAS.COM","url":"https:\/\/noticiasmercedinas.com\/site\/","logo":{"@type":"ImageObject","inLanguage":"es","@id":"https:\/\/noticiasmercedinas.com\/site\/#\/schema\/logo\/image\/","url":"https:\/\/noticiasmercedinas.com\/site\/wp-content\/uploads\/2020\/06\/LOGO-512.jpg","contentUrl":"https:\/\/noticiasmercedinas.com\/site\/wp-content\/uploads\/2020\/06\/LOGO-512.jpg","width":512,"height":512,"caption":"NOTICIASMERCEDINAS.COM"},"image":{"@id":"https:\/\/noticiasmercedinas.com\/site\/#\/schema\/logo\/image\/"},"sameAs":["https:\/\/www.facebook.com\/noticiasmercedinas\/","https:\/\/x.com\/notmercedinas","https:\/\/www.instagram.com\/noticiasmercedinas\/"]},{"@type":"Person","@id":"https:\/\/noticiasmercedinas.com\/site\/#\/schema\/person\/84b59c099c28ff2e8b77d4ceec5d8063","name":"NOTICIASMERCEDINAS.COM","image":{"@type":"ImageObject","inLanguage":"es","@id":"https:\/\/secure.gravatar.com\/avatar\/4dfbf16b4d17945bfb6341b2d19043457132fcf478a5ee04f42e959fd8f5df0a?s=96&d=mm&r=g","url":"https:\/\/secure.gravatar.com\/avatar\/4dfbf16b4d17945bfb6341b2d19043457132fcf478a5ee04f42e959fd8f5df0a?s=96&d=mm&r=g","contentUrl":"https:\/\/secure.gravatar.com\/avatar\/4dfbf16b4d17945bfb6341b2d19043457132fcf478a5ee04f42e959fd8f5df0a?s=96&d=mm&r=g","caption":"NOTICIASMERCEDINAS.COM"},"url":"https:\/\/noticiasmercedinas.com\/site\/author\/anonimo\/"}]}},"amp_enabled":true,"_links":{"self":[{"href":"https:\/\/noticiasmercedinas.com\/site\/wp-json\/wp\/v2\/posts\/54679","targetHints":{"allow":["GET"]}}],"collection":[{"href":"https:\/\/noticiasmercedinas.com\/site\/wp-json\/wp\/v2\/posts"}],"about":[{"href":"https:\/\/noticiasmercedinas.com\/site\/wp-json\/wp\/v2\/types\/post"}],"author":[{"embeddable":true,"href":"https:\/\/noticiasmercedinas.com\/site\/wp-json\/wp\/v2\/users\/16"}],"replies":[{"embeddable":true,"href":"https:\/\/noticiasmercedinas.com\/site\/wp-json\/wp\/v2\/comments?post=54679"}],"version-history":[{"count":1,"href":"https:\/\/noticiasmercedinas.com\/site\/wp-json\/wp\/v2\/posts\/54679\/revisions"}],"predecessor-version":[{"id":54680,"href":"https:\/\/noticiasmercedinas.com\/site\/wp-json\/wp\/v2\/posts\/54679\/revisions\/54680"}],"wp:featuredmedia":[{"embeddable":true,"href":"https:\/\/noticiasmercedinas.com\/site\/wp-json\/wp\/v2\/media\/49608"}],"wp:attachment":[{"href":"https:\/\/noticiasmercedinas.com\/site\/wp-json\/wp\/v2\/media?parent=54679"}],"wp:term":[{"taxonomy":"category","embeddable":true,"href":"https:\/\/noticiasmercedinas.com\/site\/wp-json\/wp\/v2\/categories?post=54679"},{"taxonomy":"post_tag","embeddable":true,"href":"https:\/\/noticiasmercedinas.com\/site\/wp-json\/wp\/v2\/tags?post=54679"}],"curies":[{"name":"wp","href":"https:\/\/api.w.org\/{rel}","templated":true}]}}