{"id":54825,"date":"2020-10-15T19:31:37","date_gmt":"2020-10-15T22:31:37","guid":{"rendered":"https:\/\/noticiasmercedinas.com\/site\/?p=54825"},"modified":"2020-10-15T19:31:37","modified_gmt":"2020-10-15T22:31:37","slug":"kicillof-desconoce-el-valioso-aporte-del-same-en-la-lucha-contra-el-covid-19","status":"publish","type":"post","link":"https:\/\/noticiasmercedinas.com\/site\/2020\/10\/15\/kicillof-desconoce-el-valioso-aporte-del-same-en-la-lucha-contra-el-covid-19\/","title":{"rendered":"\u201cKicillof desconoce el valioso aporte del SAME en la lucha contra el Covid-19\u201d"},"content":{"rendered":"<p><img loading=\"lazy\" decoding=\"async\" class=\"alignnone size-full wp-image-46418\" src=\"https:\/\/noticiasmercedinas.com\/site\/wp-content\/uploads\/2020\/06\/Costa.jpg\" alt=\"\" width=\"640\" height=\"414\" srcset=\"https:\/\/noticiasmercedinas.com\/site\/wp-content\/uploads\/2020\/06\/Costa.jpg 640w, https:\/\/noticiasmercedinas.com\/site\/wp-content\/uploads\/2020\/06\/Costa-300x194.jpg 300w, https:\/\/noticiasmercedinas.com\/site\/wp-content\/uploads\/2020\/06\/Costa-600x388.jpg 600w, https:\/\/noticiasmercedinas.com\/site\/wp-content\/uploads\/2020\/06\/Costa-341x220.jpg 341w\" sizes=\"auto, (max-width: 640px) 100vw, 640px\" \/><\/p>\n<p>\u201cLa falta de memoria en un dirigente es peligrosa porque lo lleva a no aprender de los errores. Deber\u00eda reconocer el estado de abandono estructural que generaron en la Provincia despu\u00e9s de a\u00f1os y a\u00f1os de gobierno del partido que form\u00f3 y forma parte\u201d, remarc\u00f3 <strong>Roberto Costa<\/strong> sobre <strong>Axel Kicillof<\/strong> y agreg\u00f3: \u201cLo m\u00e1s preocupante es que a 10 meses de gesti\u00f3n, este gobierno solo tiene dos pol\u00edtica implementadas: el sistem\u00e1tico intento de opacar la gesti\u00f3n de Vidal y la extensi\u00f3n de la cuarentena sin una planificaci\u00f3n clara\u201d.<\/p>\n<p>\u201cCon Vidal se puso en marcha el Plan Integral de Guardias, implementamos el sistema Triage que prioriza las urgencias, remodelamos y ampliamos las salas de espera y sumamos tecnolog\u00eda. Adem\u00e1s, renovamos los shock rooms donde se estabiliza a los pacientes m\u00e1s cr\u00edticos\u201d, detall\u00f3 Costa e indic\u00f3: \u201cTrabajamos en las 58 guardias provinciales y terminamos las mejoras en 55. Gracias a esto, 4 millones de vecinos reciben una atenci\u00f3n de calidad\u201d.<\/p>\n<p>\u201cMe apena que Kicillof desconozca el valioso aporte del SAME en la lucha contra el Covid-19, ese fue un logro enorme para nuestra Provincia. Su omisi\u00f3n es preocupante sobre todo en un contexto donde el Estado deber\u00eda reconocer la labor de todos los trabajadores de la salud\u201d, concluy\u00f3 Costa.<\/p>\n","protected":false},"excerpt":{"rendered":"<p>\u25a0 El titular del Bloque de Senadores de Juntos por el Cambio, Roberto Costa, contest\u00f3 a los comentarios vertidos por el gobernador, quien hab\u00eda referido que Mar\u00eda Eugenia Vidal \u201chab\u00eda abandonado al sistema de salud\u201d.<\/p>\n","protected":false},"author":16,"featured_media":46418,"comment_status":"open","ping_status":"open","sticky":false,"template":"","format":"standard","meta":{"footnotes":""},"categories":[7919],"tags":[5297,4298],"class_list":["post-54825","post","type-post","status-publish","format-standard","has-post-thumbnail","hentry","category-provinciales","tag-axel-kicillof","tag-roberto-costa"],"yoast_head":"<!-- This site is optimized with the Yoast SEO plugin v27.5 - https:\/\/yoast.com\/product\/yoast-seo-wordpress\/ -->\n<title>\u201cKicillof desconoce el valioso aporte del SAME en la lucha contra el Covid-19\u201d<\/title>\n<meta name=\"robots\" content=\"index, follow, max-snippet:-1, max-image-preview:large, max-video-preview:-1\" \/>\n<link rel=\"canonical\" href=\"https:\/\/noticiasmercedinas.com\/site\/2020\/10\/15\/kicillof-desconoce-el-valioso-aporte-del-same-en-la-lucha-contra-el-covid-19\/\" \/>\n<meta property=\"og:locale\" content=\"es_ES\" \/>\n<meta property=\"og:type\" content=\"article\" \/>\n<meta property=\"og:title\" content=\"\u201cKicillof desconoce el valioso aporte del SAME en la lucha contra el Covid-19\u201d\" \/>\n<meta property=\"og:description\" content=\"\u25a0 El titular del Bloque de Senadores de Juntos por el Cambio, Roberto Costa, contest\u00f3 a los comentarios vertidos por el gobernador, quien hab\u00eda referido que Mar\u00eda Eugenia Vidal \u201chab\u00eda abandonado al sistema de salud\u201d.\" \/>\n<meta property=\"og:url\" content=\"https:\/\/noticiasmercedinas.com\/site\/2020\/10\/15\/kicillof-desconoce-el-valioso-aporte-del-same-en-la-lucha-contra-el-covid-19\/\" \/>\n<meta property=\"og:site_name\" content=\"NOTICIASMERCEDINAS.COM\" \/>\n<meta property=\"article:publisher\" content=\"https:\/\/www.facebook.com\/noticiasmercedinas\/\" \/>\n<meta property=\"article:published_time\" content=\"2020-10-15T22:31:37+00:00\" \/>\n<meta property=\"og:image\" content=\"https:\/\/noticiasmercedinas.com\/site\/wp-content\/uploads\/2020\/06\/Costa.jpg\" \/>\n\t<meta property=\"og:image:width\" content=\"640\" \/>\n\t<meta property=\"og:image:height\" content=\"414\" \/>\n\t<meta property=\"og:image:type\" content=\"image\/jpeg\" \/>\n<meta name=\"author\" content=\"NOTICIASMERCEDINAS.COM\" \/>\n<meta name=\"twitter:card\" content=\"summary_large_image\" \/>\n<meta name=\"twitter:creator\" content=\"@notmercedinas\" \/>\n<meta name=\"twitter:site\" content=\"@notmercedinas\" \/>\n<meta name=\"twitter:label1\" content=\"Escrito por\" \/>\n\t<meta name=\"twitter:data1\" content=\"NOTICIASMERCEDINAS.COM\" \/>\n\t<meta name=\"twitter:label2\" content=\"Tiempo de lectura\" \/>\n\t<meta name=\"twitter:data2\" content=\"1 minuto\" \/>\n<script type=\"application\/ld+json\" class=\"yoast-schema-graph\">{\"@context\":\"https:\\\/\\\/schema.org\",\"@graph\":[{\"@type\":\"Article\",\"@id\":\"https:\\\/\\\/noticiasmercedinas.com\\\/site\\\/2020\\\/10\\\/15\\\/kicillof-desconoce-el-valioso-aporte-del-same-en-la-lucha-contra-el-covid-19\\\/#article\",\"isPartOf\":{\"@id\":\"https:\\\/\\\/noticiasmercedinas.com\\\/site\\\/2020\\\/10\\\/15\\\/kicillof-desconoce-el-valioso-aporte-del-same-en-la-lucha-contra-el-covid-19\\\/\"},\"author\":{\"name\":\"NOTICIASMERCEDINAS.COM\",\"@id\":\"https:\\\/\\\/noticiasmercedinas.com\\\/site\\\/#\\\/schema\\\/person\\\/84b59c099c28ff2e8b77d4ceec5d8063\"},\"headline\":\"\u201cKicillof desconoce el valioso aporte del SAME en la lucha contra el Covid-19\u201d\",\"datePublished\":\"2020-10-15T22:31:37+00:00\",\"mainEntityOfPage\":{\"@id\":\"https:\\\/\\\/noticiasmercedinas.com\\\/site\\\/2020\\\/10\\\/15\\\/kicillof-desconoce-el-valioso-aporte-del-same-en-la-lucha-contra-el-covid-19\\\/\"},\"wordCount\":234,\"commentCount\":0,\"publisher\":{\"@id\":\"https:\\\/\\\/noticiasmercedinas.com\\\/site\\\/#organization\"},\"image\":{\"@id\":\"https:\\\/\\\/noticiasmercedinas.com\\\/site\\\/2020\\\/10\\\/15\\\/kicillof-desconoce-el-valioso-aporte-del-same-en-la-lucha-contra-el-covid-19\\\/#primaryimage\"},\"thumbnailUrl\":\"https:\\\/\\\/noticiasmercedinas.com\\\/site\\\/wp-content\\\/uploads\\\/2020\\\/06\\\/Costa.jpg\",\"keywords\":[\"axel kicillof\",\"roberto costa\"],\"articleSection\":[\"Provinciales\"],\"inLanguage\":\"es\",\"potentialAction\":[{\"@type\":\"CommentAction\",\"name\":\"Comment\",\"target\":[\"https:\\\/\\\/noticiasmercedinas.com\\\/site\\\/2020\\\/10\\\/15\\\/kicillof-desconoce-el-valioso-aporte-del-same-en-la-lucha-contra-el-covid-19\\\/#respond\"]}]},{\"@type\":\"WebPage\",\"@id\":\"https:\\\/\\\/noticiasmercedinas.com\\\/site\\\/2020\\\/10\\\/15\\\/kicillof-desconoce-el-valioso-aporte-del-same-en-la-lucha-contra-el-covid-19\\\/\",\"url\":\"https:\\\/\\\/noticiasmercedinas.com\\\/site\\\/2020\\\/10\\\/15\\\/kicillof-desconoce-el-valioso-aporte-del-same-en-la-lucha-contra-el-covid-19\\\/\",\"name\":\"\u201cKicillof desconoce el valioso aporte del SAME en la lucha contra el Covid-19\u201d\",\"isPartOf\":{\"@id\":\"https:\\\/\\\/noticiasmercedinas.com\\\/site\\\/#website\"},\"primaryImageOfPage\":{\"@id\":\"https:\\\/\\\/noticiasmercedinas.com\\\/site\\\/2020\\\/10\\\/15\\\/kicillof-desconoce-el-valioso-aporte-del-same-en-la-lucha-contra-el-covid-19\\\/#primaryimage\"},\"image\":{\"@id\":\"https:\\\/\\\/noticiasmercedinas.com\\\/site\\\/2020\\\/10\\\/15\\\/kicillof-desconoce-el-valioso-aporte-del-same-en-la-lucha-contra-el-covid-19\\\/#primaryimage\"},\"thumbnailUrl\":\"https:\\\/\\\/noticiasmercedinas.com\\\/site\\\/wp-content\\\/uploads\\\/2020\\\/06\\\/Costa.jpg\",\"datePublished\":\"2020-10-15T22:31:37+00:00\",\"breadcrumb\":{\"@id\":\"https:\\\/\\\/noticiasmercedinas.com\\\/site\\\/2020\\\/10\\\/15\\\/kicillof-desconoce-el-valioso-aporte-del-same-en-la-lucha-contra-el-covid-19\\\/#breadcrumb\"},\"inLanguage\":\"es\",\"potentialAction\":[{\"@type\":\"ReadAction\",\"target\":[\"https:\\\/\\\/noticiasmercedinas.com\\\/site\\\/2020\\\/10\\\/15\\\/kicillof-desconoce-el-valioso-aporte-del-same-en-la-lucha-contra-el-covid-19\\\/\"]}]},{\"@type\":\"ImageObject\",\"inLanguage\":\"es\",\"@id\":\"https:\\\/\\\/noticiasmercedinas.com\\\/site\\\/2020\\\/10\\\/15\\\/kicillof-desconoce-el-valioso-aporte-del-same-en-la-lucha-contra-el-covid-19\\\/#primaryimage\",\"url\":\"https:\\\/\\\/noticiasmercedinas.com\\\/site\\\/wp-content\\\/uploads\\\/2020\\\/06\\\/Costa.jpg\",\"contentUrl\":\"https:\\\/\\\/noticiasmercedinas.com\\\/site\\\/wp-content\\\/uploads\\\/2020\\\/06\\\/Costa.jpg\",\"width\":640,\"height\":414},{\"@type\":\"BreadcrumbList\",\"@id\":\"https:\\\/\\\/noticiasmercedinas.com\\\/site\\\/2020\\\/10\\\/15\\\/kicillof-desconoce-el-valioso-aporte-del-same-en-la-lucha-contra-el-covid-19\\\/#breadcrumb\",\"itemListElement\":[{\"@type\":\"ListItem\",\"position\":1,\"name\":\"Portada\",\"item\":\"https:\\\/\\\/noticiasmercedinas.com\\\/site\\\/\"},{\"@type\":\"ListItem\",\"position\":2,\"name\":\"\u201cKicillof desconoce el valioso aporte del SAME en la lucha contra el Covid-19\u201d\"}]},{\"@type\":\"WebSite\",\"@id\":\"https:\\\/\\\/noticiasmercedinas.com\\\/site\\\/#website\",\"url\":\"https:\\\/\\\/noticiasmercedinas.com\\\/site\\\/\",\"name\":\"NOTICIASMERCEDINAS.COM\",\"description\":\"Mercedes, Buenos Aires, Argentina\",\"publisher\":{\"@id\":\"https:\\\/\\\/noticiasmercedinas.com\\\/site\\\/#organization\"},\"potentialAction\":[{\"@type\":\"SearchAction\",\"target\":{\"@type\":\"EntryPoint\",\"urlTemplate\":\"https:\\\/\\\/noticiasmercedinas.com\\\/site\\\/?s={search_term_string}\"},\"query-input\":{\"@type\":\"PropertyValueSpecification\",\"valueRequired\":true,\"valueName\":\"search_term_string\"}}],\"inLanguage\":\"es\"},{\"@type\":\"Organization\",\"@id\":\"https:\\\/\\\/noticiasmercedinas.com\\\/site\\\/#organization\",\"name\":\"NOTICIASMERCEDINAS.COM\",\"url\":\"https:\\\/\\\/noticiasmercedinas.com\\\/site\\\/\",\"logo\":{\"@type\":\"ImageObject\",\"inLanguage\":\"es\",\"@id\":\"https:\\\/\\\/noticiasmercedinas.com\\\/site\\\/#\\\/schema\\\/logo\\\/image\\\/\",\"url\":\"https:\\\/\\\/noticiasmercedinas.com\\\/site\\\/wp-content\\\/uploads\\\/2020\\\/06\\\/LOGO-512.jpg\",\"contentUrl\":\"https:\\\/\\\/noticiasmercedinas.com\\\/site\\\/wp-content\\\/uploads\\\/2020\\\/06\\\/LOGO-512.jpg\",\"width\":512,\"height\":512,\"caption\":\"NOTICIASMERCEDINAS.COM\"},\"image\":{\"@id\":\"https:\\\/\\\/noticiasmercedinas.com\\\/site\\\/#\\\/schema\\\/logo\\\/image\\\/\"},\"sameAs\":[\"https:\\\/\\\/www.facebook.com\\\/noticiasmercedinas\\\/\",\"https:\\\/\\\/x.com\\\/notmercedinas\",\"https:\\\/\\\/www.instagram.com\\\/noticiasmercedinas\\\/\"]},{\"@type\":\"Person\",\"@id\":\"https:\\\/\\\/noticiasmercedinas.com\\\/site\\\/#\\\/schema\\\/person\\\/84b59c099c28ff2e8b77d4ceec5d8063\",\"name\":\"NOTICIASMERCEDINAS.COM\",\"image\":{\"@type\":\"ImageObject\",\"inLanguage\":\"es\",\"@id\":\"https:\\\/\\\/secure.gravatar.com\\\/avatar\\\/4dfbf16b4d17945bfb6341b2d19043457132fcf478a5ee04f42e959fd8f5df0a?s=96&d=mm&r=g\",\"url\":\"https:\\\/\\\/secure.gravatar.com\\\/avatar\\\/4dfbf16b4d17945bfb6341b2d19043457132fcf478a5ee04f42e959fd8f5df0a?s=96&d=mm&r=g\",\"contentUrl\":\"https:\\\/\\\/secure.gravatar.com\\\/avatar\\\/4dfbf16b4d17945bfb6341b2d19043457132fcf478a5ee04f42e959fd8f5df0a?s=96&d=mm&r=g\",\"caption\":\"NOTICIASMERCEDINAS.COM\"},\"url\":\"https:\\\/\\\/noticiasmercedinas.com\\\/site\\\/author\\\/anonimo\\\/\"}]}<\/script>\n<!-- \/ Yoast SEO plugin. -->","yoast_head_json":{"title":"\u201cKicillof desconoce el valioso aporte del SAME en la lucha contra el Covid-19\u201d","robots":{"index":"index","follow":"follow","max-snippet":"max-snippet:-1","max-image-preview":"max-image-preview:large","max-video-preview":"max-video-preview:-1"},"canonical":"https:\/\/noticiasmercedinas.com\/site\/2020\/10\/15\/kicillof-desconoce-el-valioso-aporte-del-same-en-la-lucha-contra-el-covid-19\/","og_locale":"es_ES","og_type":"article","og_title":"\u201cKicillof desconoce el valioso aporte del SAME en la lucha contra el Covid-19\u201d","og_description":"\u25a0 El titular del Bloque de Senadores de Juntos por el Cambio, Roberto Costa, contest\u00f3 a los comentarios vertidos por el gobernador, quien hab\u00eda referido que Mar\u00eda Eugenia Vidal \u201chab\u00eda abandonado al sistema de salud\u201d.","og_url":"https:\/\/noticiasmercedinas.com\/site\/2020\/10\/15\/kicillof-desconoce-el-valioso-aporte-del-same-en-la-lucha-contra-el-covid-19\/","og_site_name":"NOTICIASMERCEDINAS.COM","article_publisher":"https:\/\/www.facebook.com\/noticiasmercedinas\/","article_published_time":"2020-10-15T22:31:37+00:00","og_image":[{"width":640,"height":414,"url":"https:\/\/noticiasmercedinas.com\/site\/wp-content\/uploads\/2020\/06\/Costa.jpg","type":"image\/jpeg"}],"author":"NOTICIASMERCEDINAS.COM","twitter_card":"summary_large_image","twitter_creator":"@notmercedinas","twitter_site":"@notmercedinas","twitter_misc":{"Escrito por":"NOTICIASMERCEDINAS.COM","Tiempo de lectura":"1 minuto"},"schema":{"@context":"https:\/\/schema.org","@graph":[{"@type":"Article","@id":"https:\/\/noticiasmercedinas.com\/site\/2020\/10\/15\/kicillof-desconoce-el-valioso-aporte-del-same-en-la-lucha-contra-el-covid-19\/#article","isPartOf":{"@id":"https:\/\/noticiasmercedinas.com\/site\/2020\/10\/15\/kicillof-desconoce-el-valioso-aporte-del-same-en-la-lucha-contra-el-covid-19\/"},"author":{"name":"NOTICIASMERCEDINAS.COM","@id":"https:\/\/noticiasmercedinas.com\/site\/#\/schema\/person\/84b59c099c28ff2e8b77d4ceec5d8063"},"headline":"\u201cKicillof desconoce el valioso aporte del SAME en la lucha contra el Covid-19\u201d","datePublished":"2020-10-15T22:31:37+00:00","mainEntityOfPage":{"@id":"https:\/\/noticiasmercedinas.com\/site\/2020\/10\/15\/kicillof-desconoce-el-valioso-aporte-del-same-en-la-lucha-contra-el-covid-19\/"},"wordCount":234,"commentCount":0,"publisher":{"@id":"https:\/\/noticiasmercedinas.com\/site\/#organization"},"image":{"@id":"https:\/\/noticiasmercedinas.com\/site\/2020\/10\/15\/kicillof-desconoce-el-valioso-aporte-del-same-en-la-lucha-contra-el-covid-19\/#primaryimage"},"thumbnailUrl":"https:\/\/noticiasmercedinas.com\/site\/wp-content\/uploads\/2020\/06\/Costa.jpg","keywords":["axel kicillof","roberto costa"],"articleSection":["Provinciales"],"inLanguage":"es","potentialAction":[{"@type":"CommentAction","name":"Comment","target":["https:\/\/noticiasmercedinas.com\/site\/2020\/10\/15\/kicillof-desconoce-el-valioso-aporte-del-same-en-la-lucha-contra-el-covid-19\/#respond"]}]},{"@type":"WebPage","@id":"https:\/\/noticiasmercedinas.com\/site\/2020\/10\/15\/kicillof-desconoce-el-valioso-aporte-del-same-en-la-lucha-contra-el-covid-19\/","url":"https:\/\/noticiasmercedinas.com\/site\/2020\/10\/15\/kicillof-desconoce-el-valioso-aporte-del-same-en-la-lucha-contra-el-covid-19\/","name":"\u201cKicillof desconoce el valioso aporte del SAME en la lucha contra el Covid-19\u201d","isPartOf":{"@id":"https:\/\/noticiasmercedinas.com\/site\/#website"},"primaryImageOfPage":{"@id":"https:\/\/noticiasmercedinas.com\/site\/2020\/10\/15\/kicillof-desconoce-el-valioso-aporte-del-same-en-la-lucha-contra-el-covid-19\/#primaryimage"},"image":{"@id":"https:\/\/noticiasmercedinas.com\/site\/2020\/10\/15\/kicillof-desconoce-el-valioso-aporte-del-same-en-la-lucha-contra-el-covid-19\/#primaryimage"},"thumbnailUrl":"https:\/\/noticiasmercedinas.com\/site\/wp-content\/uploads\/2020\/06\/Costa.jpg","datePublished":"2020-10-15T22:31:37+00:00","breadcrumb":{"@id":"https:\/\/noticiasmercedinas.com\/site\/2020\/10\/15\/kicillof-desconoce-el-valioso-aporte-del-same-en-la-lucha-contra-el-covid-19\/#breadcrumb"},"inLanguage":"es","potentialAction":[{"@type":"ReadAction","target":["https:\/\/noticiasmercedinas.com\/site\/2020\/10\/15\/kicillof-desconoce-el-valioso-aporte-del-same-en-la-lucha-contra-el-covid-19\/"]}]},{"@type":"ImageObject","inLanguage":"es","@id":"https:\/\/noticiasmercedinas.com\/site\/2020\/10\/15\/kicillof-desconoce-el-valioso-aporte-del-same-en-la-lucha-contra-el-covid-19\/#primaryimage","url":"https:\/\/noticiasmercedinas.com\/site\/wp-content\/uploads\/2020\/06\/Costa.jpg","contentUrl":"https:\/\/noticiasmercedinas.com\/site\/wp-content\/uploads\/2020\/06\/Costa.jpg","width":640,"height":414},{"@type":"BreadcrumbList","@id":"https:\/\/noticiasmercedinas.com\/site\/2020\/10\/15\/kicillof-desconoce-el-valioso-aporte-del-same-en-la-lucha-contra-el-covid-19\/#breadcrumb","itemListElement":[{"@type":"ListItem","position":1,"name":"Portada","item":"https:\/\/noticiasmercedinas.com\/site\/"},{"@type":"ListItem","position":2,"name":"\u201cKicillof desconoce el valioso aporte del SAME en la lucha contra el Covid-19\u201d"}]},{"@type":"WebSite","@id":"https:\/\/noticiasmercedinas.com\/site\/#website","url":"https:\/\/noticiasmercedinas.com\/site\/","name":"NOTICIASMERCEDINAS.COM","description":"Mercedes, Buenos Aires, Argentina","publisher":{"@id":"https:\/\/noticiasmercedinas.com\/site\/#organization"},"potentialAction":[{"@type":"SearchAction","target":{"@type":"EntryPoint","urlTemplate":"https:\/\/noticiasmercedinas.com\/site\/?s={search_term_string}"},"query-input":{"@type":"PropertyValueSpecification","valueRequired":true,"valueName":"search_term_string"}}],"inLanguage":"es"},{"@type":"Organization","@id":"https:\/\/noticiasmercedinas.com\/site\/#organization","name":"NOTICIASMERCEDINAS.COM","url":"https:\/\/noticiasmercedinas.com\/site\/","logo":{"@type":"ImageObject","inLanguage":"es","@id":"https:\/\/noticiasmercedinas.com\/site\/#\/schema\/logo\/image\/","url":"https:\/\/noticiasmercedinas.com\/site\/wp-content\/uploads\/2020\/06\/LOGO-512.jpg","contentUrl":"https:\/\/noticiasmercedinas.com\/site\/wp-content\/uploads\/2020\/06\/LOGO-512.jpg","width":512,"height":512,"caption":"NOTICIASMERCEDINAS.COM"},"image":{"@id":"https:\/\/noticiasmercedinas.com\/site\/#\/schema\/logo\/image\/"},"sameAs":["https:\/\/www.facebook.com\/noticiasmercedinas\/","https:\/\/x.com\/notmercedinas","https:\/\/www.instagram.com\/noticiasmercedinas\/"]},{"@type":"Person","@id":"https:\/\/noticiasmercedinas.com\/site\/#\/schema\/person\/84b59c099c28ff2e8b77d4ceec5d8063","name":"NOTICIASMERCEDINAS.COM","image":{"@type":"ImageObject","inLanguage":"es","@id":"https:\/\/secure.gravatar.com\/avatar\/4dfbf16b4d17945bfb6341b2d19043457132fcf478a5ee04f42e959fd8f5df0a?s=96&d=mm&r=g","url":"https:\/\/secure.gravatar.com\/avatar\/4dfbf16b4d17945bfb6341b2d19043457132fcf478a5ee04f42e959fd8f5df0a?s=96&d=mm&r=g","contentUrl":"https:\/\/secure.gravatar.com\/avatar\/4dfbf16b4d17945bfb6341b2d19043457132fcf478a5ee04f42e959fd8f5df0a?s=96&d=mm&r=g","caption":"NOTICIASMERCEDINAS.COM"},"url":"https:\/\/noticiasmercedinas.com\/site\/author\/anonimo\/"}]}},"amp_enabled":true,"_links":{"self":[{"href":"https:\/\/noticiasmercedinas.com\/site\/wp-json\/wp\/v2\/posts\/54825","targetHints":{"allow":["GET"]}}],"collection":[{"href":"https:\/\/noticiasmercedinas.com\/site\/wp-json\/wp\/v2\/posts"}],"about":[{"href":"https:\/\/noticiasmercedinas.com\/site\/wp-json\/wp\/v2\/types\/post"}],"author":[{"embeddable":true,"href":"https:\/\/noticiasmercedinas.com\/site\/wp-json\/wp\/v2\/users\/16"}],"replies":[{"embeddable":true,"href":"https:\/\/noticiasmercedinas.com\/site\/wp-json\/wp\/v2\/comments?post=54825"}],"version-history":[{"count":1,"href":"https:\/\/noticiasmercedinas.com\/site\/wp-json\/wp\/v2\/posts\/54825\/revisions"}],"predecessor-version":[{"id":54828,"href":"https:\/\/noticiasmercedinas.com\/site\/wp-json\/wp\/v2\/posts\/54825\/revisions\/54828"}],"wp:featuredmedia":[{"embeddable":true,"href":"https:\/\/noticiasmercedinas.com\/site\/wp-json\/wp\/v2\/media\/46418"}],"wp:attachment":[{"href":"https:\/\/noticiasmercedinas.com\/site\/wp-json\/wp\/v2\/media?parent=54825"}],"wp:term":[{"taxonomy":"category","embeddable":true,"href":"https:\/\/noticiasmercedinas.com\/site\/wp-json\/wp\/v2\/categories?post=54825"},{"taxonomy":"post_tag","embeddable":true,"href":"https:\/\/noticiasmercedinas.com\/site\/wp-json\/wp\/v2\/tags?post=54825"}],"curies":[{"name":"wp","href":"https:\/\/api.w.org\/{rel}","templated":true}]}}