{"id":55018,"date":"2020-10-19T19:16:12","date_gmt":"2020-10-19T22:16:12","guid":{"rendered":"https:\/\/noticiasmercedinas.com\/site\/?p=55018"},"modified":"2020-11-04T18:59:12","modified_gmt":"2020-11-04T21:59:12","slug":"vamos-a-destinar-tierra-ociosa-a-la-produccion-de-alimentos","status":"publish","type":"post","link":"https:\/\/noticiasmercedinas.com\/site\/2020\/10\/19\/vamos-a-destinar-tierra-ociosa-a-la-produccion-de-alimentos\/","title":{"rendered":"\u201cVamos a destinar tierra ociosa a la producci\u00f3n de alimentos\u201d"},"content":{"rendered":"<p><img loading=\"lazy\" decoding=\"async\" class=\"alignnone size-large wp-image-55020\" src=\"https:\/\/noticiasmercedinas.com\/site\/wp-content\/uploads\/2020\/10\/DSC_0006.jpg\" alt=\"\" width=\"640\" height=\"404\" srcset=\"https:\/\/noticiasmercedinas.com\/site\/wp-content\/uploads\/2020\/10\/DSC_0006.jpg 640w, https:\/\/noticiasmercedinas.com\/site\/wp-content\/uploads\/2020\/10\/DSC_0006-300x189.jpg 300w\" sizes=\"auto, (max-width: 640px) 100vw, 640px\" \/><\/p>\n<p>En el marco de las planificaciones estrat\u00e9gicas la responsable de Desarrollo Social, licenciada <strong>Jorgelina Silva<\/strong>, afirm\u00f3 que \u201centendemos que es parte de la planificaci\u00f3n de la ciudad, la calidad alimentaria, la generaci\u00f3n de trabajo y el arraigo, algo sumamente importante para las localidades del interior\u201d, y en ese sentido coment\u00f3 que \u201cas\u00ed como en los planes de zonificaci\u00f3n prev\u00e9n espacios de recreaci\u00f3n y aire libre debemos como sociedad empezar a plantearnos tener \u00e1reas destinados a las producciones alimentarias b\u00e1sicas\u201d.<\/p>\n<p>Desde hace tiempo el oficialismo viene trabajando en \u00e1mbitos multisectoriales. Esta no es una excepci\u00f3n. \u201cEs parte de la planificaci\u00f3n estrat\u00e9gica que venimos desde hace tiempo poniendo en pr\u00e1ctica para determinadas medidas que impactan en la vida de los mercedinos\u201d, afirm\u00f3 Silva y coment\u00f3 que \u201cpodemos verlo en la Mesa de Tierras, en el Comit\u00e9 de Crisis, en la tarea del Centro de Estudios Municipales, en las propuestas de campa\u00f1as limpias\u201d: \u201cTenemos muchos ejemplos de trabajo mancomunado con instituciones, partidos pol\u00edticos, referentes sociales y \u00e1reas de gesti\u00f3n, consultado acad\u00e9micos, a quienes en la pr\u00e1ctica tienen experiencias, es decir, aquello que nutre de manera eficiente y eficaz, dando amplitud a las ideas y proyectos\u201d, sostuvo.<\/p>\n<p>Desde el \u00e1rea de Desarrollo Social, pero tambi\u00e9n desde otros espacios, se viene observando y destacando la necesidad de empezar a pensar una sociedad que no s\u00f3lo reglamente en t\u00e9rminos de urbanizaci\u00f3n, de edificaci\u00f3n y crecimiento con concentraci\u00f3n social, sino que es fundamental pensar en la producci\u00f3n agr\u00edcola: \u201cEso dar\u00eda beneficios por distintos puntos de vista. Eleva la producci\u00f3n de calidad desde el productor al consumidor, reduce los precios dada la eliminaci\u00f3n de log\u00edsticas e intermediarios, genera trabajo para vecinos y vecinas, crea arraigo, promueve el uso racional de la tierra y cuando se trata de un privado que no la tiene en uso evita las tomas o intentos de usurpaci\u00f3n, porque necesitamos que en las tierras se produzcan alimentos adem\u00e1s de urbanizarlas, debemos debatirlo en serio como sociedad, porque es algo que nos involucra a todos los sectores, pensar qu\u00e9 ciudad queremos, si ambientalmente sustentable y productiva o que sea un conglomerado urbano como tantos otros\u201d, afirm\u00f3 la funcionaria.<\/p>\n<p>\u201cTenemos una excelente acci\u00f3n con el Mercado Sustentable, una experiencia muy interesante donde los productores est\u00e1n yendo directo al consumidor, que son nuestros vecinos y vecinas, sosteniendo el trabajo y la planificaci\u00f3n familiar en su alrededor, pero ahora debemos dar un pasito m\u00e1s. Ampliar el horizonte. Pensar en qu\u00e9 ciudad queremos. Evaluar en profundidad la posibilidad que la tierra se convierta en productora de valor agregado, en utilidad social y para eso debemos unidos trabajarlo, legislarlo, planificarlo y, por qu\u00e9 no, tambi\u00e9n so\u00f1arlo\u201d, destac\u00f3 la responsable del \u00e1rea social de la comuna.<\/p>\n<p>M\u00e1s adelante rescat\u00f3 un convenio muy valioso con la Uni\u00f3n de Trabajadores de la Tierra: \u201cCon ellos compramos verdura agroecol\u00f3gica a un precio justo, exponiendo la transparencia y calidad de actuar de manera directa con los productores y quienes a su vez benefician a los barrios con cada uno de los feriazos donde ellos, que son mercedinos, nos brindan una experiencia muy rica\u201d, explic\u00f3.<\/p>\n<p><img loading=\"lazy\" decoding=\"async\" class=\"alignnone wp-image-55019\" src=\"https:\/\/noticiasmercedinas.com\/site\/wp-content\/uploads\/2020\/10\/unnamed-4.jpg\" alt=\"\" width=\"640\" height=\"374\" srcset=\"https:\/\/noticiasmercedinas.com\/site\/wp-content\/uploads\/2020\/10\/unnamed-4.jpg 512w, https:\/\/noticiasmercedinas.com\/site\/wp-content\/uploads\/2020\/10\/unnamed-4-300x175.jpg 300w\" sizes=\"auto, (max-width: 640px) 100vw, 640px\" \/><\/p>\n","protected":false},"excerpt":{"rendered":"<p>\u25a0 Lo asegur\u00f3 la directora de Desarrollo Social, Jorgelina Silva. Creen que a la hora de legislar y reglamentar es que es \u201cfundamental pensar en la producci\u00f3n agr\u00edcola\u201d<\/p>\n","protected":false},"author":16,"featured_media":55020,"comment_status":"open","ping_status":"open","sticky":false,"template":"","format":"standard","meta":{"footnotes":""},"categories":[16],"tags":[3213,44,709,1034],"class_list":["post-55018","post","type-post","status-publish","format-standard","has-post-thumbnail","hentry","category-politica","tag-alimentos","tag-desarrollo-social","tag-jorgelina-silva","tag-tierra"],"yoast_head":"<!-- This site is optimized with the Yoast SEO plugin v27.5 - https:\/\/yoast.com\/product\/yoast-seo-wordpress\/ -->\n<title>\u201cVamos a destinar tierra ociosa a la producci\u00f3n de alimentos\u201d<\/title>\n<meta name=\"robots\" content=\"index, follow, max-snippet:-1, max-image-preview:large, max-video-preview:-1\" \/>\n<link rel=\"canonical\" href=\"https:\/\/noticiasmercedinas.com\/site\/2020\/10\/19\/vamos-a-destinar-tierra-ociosa-a-la-produccion-de-alimentos\/\" \/>\n<meta property=\"og:locale\" content=\"es_ES\" \/>\n<meta property=\"og:type\" content=\"article\" \/>\n<meta property=\"og:title\" content=\"\u201cVamos a destinar tierra ociosa a la producci\u00f3n de alimentos\u201d\" \/>\n<meta property=\"og:description\" content=\"\u25a0 Lo asegur\u00f3 la directora de Desarrollo Social, Jorgelina Silva. Creen que a la hora de legislar y reglamentar es que es \u201cfundamental pensar en la producci\u00f3n agr\u00edcola\u201d\" \/>\n<meta property=\"og:url\" content=\"https:\/\/noticiasmercedinas.com\/site\/2020\/10\/19\/vamos-a-destinar-tierra-ociosa-a-la-produccion-de-alimentos\/\" \/>\n<meta property=\"og:site_name\" content=\"NOTICIASMERCEDINAS.COM\" \/>\n<meta property=\"article:publisher\" content=\"https:\/\/www.facebook.com\/noticiasmercedinas\/\" \/>\n<meta property=\"article:published_time\" content=\"2020-10-19T22:16:12+00:00\" \/>\n<meta property=\"article:modified_time\" content=\"2020-11-04T21:59:12+00:00\" \/>\n<meta property=\"og:image\" content=\"https:\/\/noticiasmercedinas.com\/site\/wp-content\/uploads\/2020\/10\/DSC_0006.jpg\" \/>\n\t<meta property=\"og:image:width\" content=\"640\" \/>\n\t<meta property=\"og:image:height\" content=\"404\" \/>\n\t<meta property=\"og:image:type\" content=\"image\/jpeg\" \/>\n<meta name=\"author\" content=\"NOTICIASMERCEDINAS.COM\" \/>\n<meta name=\"twitter:card\" content=\"summary_large_image\" \/>\n<meta name=\"twitter:creator\" content=\"@notmercedinas\" \/>\n<meta name=\"twitter:site\" content=\"@notmercedinas\" \/>\n<meta name=\"twitter:label1\" content=\"Escrito por\" \/>\n\t<meta name=\"twitter:data1\" content=\"NOTICIASMERCEDINAS.COM\" \/>\n\t<meta name=\"twitter:label2\" content=\"Tiempo de lectura\" \/>\n\t<meta name=\"twitter:data2\" content=\"3 minutos\" \/>\n<script type=\"application\/ld+json\" class=\"yoast-schema-graph\">{\"@context\":\"https:\\\/\\\/schema.org\",\"@graph\":[{\"@type\":\"Article\",\"@id\":\"https:\\\/\\\/noticiasmercedinas.com\\\/site\\\/2020\\\/10\\\/19\\\/vamos-a-destinar-tierra-ociosa-a-la-produccion-de-alimentos\\\/#article\",\"isPartOf\":{\"@id\":\"https:\\\/\\\/noticiasmercedinas.com\\\/site\\\/2020\\\/10\\\/19\\\/vamos-a-destinar-tierra-ociosa-a-la-produccion-de-alimentos\\\/\"},\"author\":{\"name\":\"NOTICIASMERCEDINAS.COM\",\"@id\":\"https:\\\/\\\/noticiasmercedinas.com\\\/site\\\/#\\\/schema\\\/person\\\/84b59c099c28ff2e8b77d4ceec5d8063\"},\"headline\":\"\u201cVamos a destinar tierra ociosa a la producci\u00f3n de alimentos\u201d\",\"datePublished\":\"2020-10-19T22:16:12+00:00\",\"dateModified\":\"2020-11-04T21:59:12+00:00\",\"mainEntityOfPage\":{\"@id\":\"https:\\\/\\\/noticiasmercedinas.com\\\/site\\\/2020\\\/10\\\/19\\\/vamos-a-destinar-tierra-ociosa-a-la-produccion-de-alimentos\\\/\"},\"wordCount\":559,\"commentCount\":0,\"publisher\":{\"@id\":\"https:\\\/\\\/noticiasmercedinas.com\\\/site\\\/#organization\"},\"image\":{\"@id\":\"https:\\\/\\\/noticiasmercedinas.com\\\/site\\\/2020\\\/10\\\/19\\\/vamos-a-destinar-tierra-ociosa-a-la-produccion-de-alimentos\\\/#primaryimage\"},\"thumbnailUrl\":\"https:\\\/\\\/noticiasmercedinas.com\\\/site\\\/wp-content\\\/uploads\\\/2020\\\/10\\\/DSC_0006.jpg\",\"keywords\":[\"alimentos\",\"desarrollo social\",\"jorgelina silva\",\"tierra\"],\"articleSection\":[\"Politica\"],\"inLanguage\":\"es\",\"potentialAction\":[{\"@type\":\"CommentAction\",\"name\":\"Comment\",\"target\":[\"https:\\\/\\\/noticiasmercedinas.com\\\/site\\\/2020\\\/10\\\/19\\\/vamos-a-destinar-tierra-ociosa-a-la-produccion-de-alimentos\\\/#respond\"]}]},{\"@type\":\"WebPage\",\"@id\":\"https:\\\/\\\/noticiasmercedinas.com\\\/site\\\/2020\\\/10\\\/19\\\/vamos-a-destinar-tierra-ociosa-a-la-produccion-de-alimentos\\\/\",\"url\":\"https:\\\/\\\/noticiasmercedinas.com\\\/site\\\/2020\\\/10\\\/19\\\/vamos-a-destinar-tierra-ociosa-a-la-produccion-de-alimentos\\\/\",\"name\":\"\u201cVamos a destinar tierra ociosa a la producci\u00f3n de alimentos\u201d\",\"isPartOf\":{\"@id\":\"https:\\\/\\\/noticiasmercedinas.com\\\/site\\\/#website\"},\"primaryImageOfPage\":{\"@id\":\"https:\\\/\\\/noticiasmercedinas.com\\\/site\\\/2020\\\/10\\\/19\\\/vamos-a-destinar-tierra-ociosa-a-la-produccion-de-alimentos\\\/#primaryimage\"},\"image\":{\"@id\":\"https:\\\/\\\/noticiasmercedinas.com\\\/site\\\/2020\\\/10\\\/19\\\/vamos-a-destinar-tierra-ociosa-a-la-produccion-de-alimentos\\\/#primaryimage\"},\"thumbnailUrl\":\"https:\\\/\\\/noticiasmercedinas.com\\\/site\\\/wp-content\\\/uploads\\\/2020\\\/10\\\/DSC_0006.jpg\",\"datePublished\":\"2020-10-19T22:16:12+00:00\",\"dateModified\":\"2020-11-04T21:59:12+00:00\",\"breadcrumb\":{\"@id\":\"https:\\\/\\\/noticiasmercedinas.com\\\/site\\\/2020\\\/10\\\/19\\\/vamos-a-destinar-tierra-ociosa-a-la-produccion-de-alimentos\\\/#breadcrumb\"},\"inLanguage\":\"es\",\"potentialAction\":[{\"@type\":\"ReadAction\",\"target\":[\"https:\\\/\\\/noticiasmercedinas.com\\\/site\\\/2020\\\/10\\\/19\\\/vamos-a-destinar-tierra-ociosa-a-la-produccion-de-alimentos\\\/\"]}]},{\"@type\":\"ImageObject\",\"inLanguage\":\"es\",\"@id\":\"https:\\\/\\\/noticiasmercedinas.com\\\/site\\\/2020\\\/10\\\/19\\\/vamos-a-destinar-tierra-ociosa-a-la-produccion-de-alimentos\\\/#primaryimage\",\"url\":\"https:\\\/\\\/noticiasmercedinas.com\\\/site\\\/wp-content\\\/uploads\\\/2020\\\/10\\\/DSC_0006.jpg\",\"contentUrl\":\"https:\\\/\\\/noticiasmercedinas.com\\\/site\\\/wp-content\\\/uploads\\\/2020\\\/10\\\/DSC_0006.jpg\",\"width\":640,\"height\":404},{\"@type\":\"BreadcrumbList\",\"@id\":\"https:\\\/\\\/noticiasmercedinas.com\\\/site\\\/2020\\\/10\\\/19\\\/vamos-a-destinar-tierra-ociosa-a-la-produccion-de-alimentos\\\/#breadcrumb\",\"itemListElement\":[{\"@type\":\"ListItem\",\"position\":1,\"name\":\"Portada\",\"item\":\"https:\\\/\\\/noticiasmercedinas.com\\\/site\\\/\"},{\"@type\":\"ListItem\",\"position\":2,\"name\":\"\u201cVamos a destinar tierra ociosa a la producci\u00f3n de alimentos\u201d\"}]},{\"@type\":\"WebSite\",\"@id\":\"https:\\\/\\\/noticiasmercedinas.com\\\/site\\\/#website\",\"url\":\"https:\\\/\\\/noticiasmercedinas.com\\\/site\\\/\",\"name\":\"NOTICIASMERCEDINAS.COM\",\"description\":\"Mercedes, Buenos Aires, Argentina\",\"publisher\":{\"@id\":\"https:\\\/\\\/noticiasmercedinas.com\\\/site\\\/#organization\"},\"potentialAction\":[{\"@type\":\"SearchAction\",\"target\":{\"@type\":\"EntryPoint\",\"urlTemplate\":\"https:\\\/\\\/noticiasmercedinas.com\\\/site\\\/?s={search_term_string}\"},\"query-input\":{\"@type\":\"PropertyValueSpecification\",\"valueRequired\":true,\"valueName\":\"search_term_string\"}}],\"inLanguage\":\"es\"},{\"@type\":\"Organization\",\"@id\":\"https:\\\/\\\/noticiasmercedinas.com\\\/site\\\/#organization\",\"name\":\"NOTICIASMERCEDINAS.COM\",\"url\":\"https:\\\/\\\/noticiasmercedinas.com\\\/site\\\/\",\"logo\":{\"@type\":\"ImageObject\",\"inLanguage\":\"es\",\"@id\":\"https:\\\/\\\/noticiasmercedinas.com\\\/site\\\/#\\\/schema\\\/logo\\\/image\\\/\",\"url\":\"https:\\\/\\\/noticiasmercedinas.com\\\/site\\\/wp-content\\\/uploads\\\/2020\\\/06\\\/LOGO-512.jpg\",\"contentUrl\":\"https:\\\/\\\/noticiasmercedinas.com\\\/site\\\/wp-content\\\/uploads\\\/2020\\\/06\\\/LOGO-512.jpg\",\"width\":512,\"height\":512,\"caption\":\"NOTICIASMERCEDINAS.COM\"},\"image\":{\"@id\":\"https:\\\/\\\/noticiasmercedinas.com\\\/site\\\/#\\\/schema\\\/logo\\\/image\\\/\"},\"sameAs\":[\"https:\\\/\\\/www.facebook.com\\\/noticiasmercedinas\\\/\",\"https:\\\/\\\/x.com\\\/notmercedinas\",\"https:\\\/\\\/www.instagram.com\\\/noticiasmercedinas\\\/\"]},{\"@type\":\"Person\",\"@id\":\"https:\\\/\\\/noticiasmercedinas.com\\\/site\\\/#\\\/schema\\\/person\\\/84b59c099c28ff2e8b77d4ceec5d8063\",\"name\":\"NOTICIASMERCEDINAS.COM\",\"image\":{\"@type\":\"ImageObject\",\"inLanguage\":\"es\",\"@id\":\"https:\\\/\\\/secure.gravatar.com\\\/avatar\\\/4dfbf16b4d17945bfb6341b2d19043457132fcf478a5ee04f42e959fd8f5df0a?s=96&d=mm&r=g\",\"url\":\"https:\\\/\\\/secure.gravatar.com\\\/avatar\\\/4dfbf16b4d17945bfb6341b2d19043457132fcf478a5ee04f42e959fd8f5df0a?s=96&d=mm&r=g\",\"contentUrl\":\"https:\\\/\\\/secure.gravatar.com\\\/avatar\\\/4dfbf16b4d17945bfb6341b2d19043457132fcf478a5ee04f42e959fd8f5df0a?s=96&d=mm&r=g\",\"caption\":\"NOTICIASMERCEDINAS.COM\"},\"url\":\"https:\\\/\\\/noticiasmercedinas.com\\\/site\\\/author\\\/anonimo\\\/\"}]}<\/script>\n<!-- \/ Yoast SEO plugin. -->","yoast_head_json":{"title":"\u201cVamos a destinar tierra ociosa a la producci\u00f3n de alimentos\u201d","robots":{"index":"index","follow":"follow","max-snippet":"max-snippet:-1","max-image-preview":"max-image-preview:large","max-video-preview":"max-video-preview:-1"},"canonical":"https:\/\/noticiasmercedinas.com\/site\/2020\/10\/19\/vamos-a-destinar-tierra-ociosa-a-la-produccion-de-alimentos\/","og_locale":"es_ES","og_type":"article","og_title":"\u201cVamos a destinar tierra ociosa a la producci\u00f3n de alimentos\u201d","og_description":"\u25a0 Lo asegur\u00f3 la directora de Desarrollo Social, Jorgelina Silva. Creen que a la hora de legislar y reglamentar es que es \u201cfundamental pensar en la producci\u00f3n agr\u00edcola\u201d","og_url":"https:\/\/noticiasmercedinas.com\/site\/2020\/10\/19\/vamos-a-destinar-tierra-ociosa-a-la-produccion-de-alimentos\/","og_site_name":"NOTICIASMERCEDINAS.COM","article_publisher":"https:\/\/www.facebook.com\/noticiasmercedinas\/","article_published_time":"2020-10-19T22:16:12+00:00","article_modified_time":"2020-11-04T21:59:12+00:00","og_image":[{"width":640,"height":404,"url":"https:\/\/noticiasmercedinas.com\/site\/wp-content\/uploads\/2020\/10\/DSC_0006.jpg","type":"image\/jpeg"}],"author":"NOTICIASMERCEDINAS.COM","twitter_card":"summary_large_image","twitter_creator":"@notmercedinas","twitter_site":"@notmercedinas","twitter_misc":{"Escrito por":"NOTICIASMERCEDINAS.COM","Tiempo de lectura":"3 minutos"},"schema":{"@context":"https:\/\/schema.org","@graph":[{"@type":"Article","@id":"https:\/\/noticiasmercedinas.com\/site\/2020\/10\/19\/vamos-a-destinar-tierra-ociosa-a-la-produccion-de-alimentos\/#article","isPartOf":{"@id":"https:\/\/noticiasmercedinas.com\/site\/2020\/10\/19\/vamos-a-destinar-tierra-ociosa-a-la-produccion-de-alimentos\/"},"author":{"name":"NOTICIASMERCEDINAS.COM","@id":"https:\/\/noticiasmercedinas.com\/site\/#\/schema\/person\/84b59c099c28ff2e8b77d4ceec5d8063"},"headline":"\u201cVamos a destinar tierra ociosa a la producci\u00f3n de alimentos\u201d","datePublished":"2020-10-19T22:16:12+00:00","dateModified":"2020-11-04T21:59:12+00:00","mainEntityOfPage":{"@id":"https:\/\/noticiasmercedinas.com\/site\/2020\/10\/19\/vamos-a-destinar-tierra-ociosa-a-la-produccion-de-alimentos\/"},"wordCount":559,"commentCount":0,"publisher":{"@id":"https:\/\/noticiasmercedinas.com\/site\/#organization"},"image":{"@id":"https:\/\/noticiasmercedinas.com\/site\/2020\/10\/19\/vamos-a-destinar-tierra-ociosa-a-la-produccion-de-alimentos\/#primaryimage"},"thumbnailUrl":"https:\/\/noticiasmercedinas.com\/site\/wp-content\/uploads\/2020\/10\/DSC_0006.jpg","keywords":["alimentos","desarrollo social","jorgelina silva","tierra"],"articleSection":["Politica"],"inLanguage":"es","potentialAction":[{"@type":"CommentAction","name":"Comment","target":["https:\/\/noticiasmercedinas.com\/site\/2020\/10\/19\/vamos-a-destinar-tierra-ociosa-a-la-produccion-de-alimentos\/#respond"]}]},{"@type":"WebPage","@id":"https:\/\/noticiasmercedinas.com\/site\/2020\/10\/19\/vamos-a-destinar-tierra-ociosa-a-la-produccion-de-alimentos\/","url":"https:\/\/noticiasmercedinas.com\/site\/2020\/10\/19\/vamos-a-destinar-tierra-ociosa-a-la-produccion-de-alimentos\/","name":"\u201cVamos a destinar tierra ociosa a la producci\u00f3n de alimentos\u201d","isPartOf":{"@id":"https:\/\/noticiasmercedinas.com\/site\/#website"},"primaryImageOfPage":{"@id":"https:\/\/noticiasmercedinas.com\/site\/2020\/10\/19\/vamos-a-destinar-tierra-ociosa-a-la-produccion-de-alimentos\/#primaryimage"},"image":{"@id":"https:\/\/noticiasmercedinas.com\/site\/2020\/10\/19\/vamos-a-destinar-tierra-ociosa-a-la-produccion-de-alimentos\/#primaryimage"},"thumbnailUrl":"https:\/\/noticiasmercedinas.com\/site\/wp-content\/uploads\/2020\/10\/DSC_0006.jpg","datePublished":"2020-10-19T22:16:12+00:00","dateModified":"2020-11-04T21:59:12+00:00","breadcrumb":{"@id":"https:\/\/noticiasmercedinas.com\/site\/2020\/10\/19\/vamos-a-destinar-tierra-ociosa-a-la-produccion-de-alimentos\/#breadcrumb"},"inLanguage":"es","potentialAction":[{"@type":"ReadAction","target":["https:\/\/noticiasmercedinas.com\/site\/2020\/10\/19\/vamos-a-destinar-tierra-ociosa-a-la-produccion-de-alimentos\/"]}]},{"@type":"ImageObject","inLanguage":"es","@id":"https:\/\/noticiasmercedinas.com\/site\/2020\/10\/19\/vamos-a-destinar-tierra-ociosa-a-la-produccion-de-alimentos\/#primaryimage","url":"https:\/\/noticiasmercedinas.com\/site\/wp-content\/uploads\/2020\/10\/DSC_0006.jpg","contentUrl":"https:\/\/noticiasmercedinas.com\/site\/wp-content\/uploads\/2020\/10\/DSC_0006.jpg","width":640,"height":404},{"@type":"BreadcrumbList","@id":"https:\/\/noticiasmercedinas.com\/site\/2020\/10\/19\/vamos-a-destinar-tierra-ociosa-a-la-produccion-de-alimentos\/#breadcrumb","itemListElement":[{"@type":"ListItem","position":1,"name":"Portada","item":"https:\/\/noticiasmercedinas.com\/site\/"},{"@type":"ListItem","position":2,"name":"\u201cVamos a destinar tierra ociosa a la producci\u00f3n de alimentos\u201d"}]},{"@type":"WebSite","@id":"https:\/\/noticiasmercedinas.com\/site\/#website","url":"https:\/\/noticiasmercedinas.com\/site\/","name":"NOTICIASMERCEDINAS.COM","description":"Mercedes, Buenos Aires, Argentina","publisher":{"@id":"https:\/\/noticiasmercedinas.com\/site\/#organization"},"potentialAction":[{"@type":"SearchAction","target":{"@type":"EntryPoint","urlTemplate":"https:\/\/noticiasmercedinas.com\/site\/?s={search_term_string}"},"query-input":{"@type":"PropertyValueSpecification","valueRequired":true,"valueName":"search_term_string"}}],"inLanguage":"es"},{"@type":"Organization","@id":"https:\/\/noticiasmercedinas.com\/site\/#organization","name":"NOTICIASMERCEDINAS.COM","url":"https:\/\/noticiasmercedinas.com\/site\/","logo":{"@type":"ImageObject","inLanguage":"es","@id":"https:\/\/noticiasmercedinas.com\/site\/#\/schema\/logo\/image\/","url":"https:\/\/noticiasmercedinas.com\/site\/wp-content\/uploads\/2020\/06\/LOGO-512.jpg","contentUrl":"https:\/\/noticiasmercedinas.com\/site\/wp-content\/uploads\/2020\/06\/LOGO-512.jpg","width":512,"height":512,"caption":"NOTICIASMERCEDINAS.COM"},"image":{"@id":"https:\/\/noticiasmercedinas.com\/site\/#\/schema\/logo\/image\/"},"sameAs":["https:\/\/www.facebook.com\/noticiasmercedinas\/","https:\/\/x.com\/notmercedinas","https:\/\/www.instagram.com\/noticiasmercedinas\/"]},{"@type":"Person","@id":"https:\/\/noticiasmercedinas.com\/site\/#\/schema\/person\/84b59c099c28ff2e8b77d4ceec5d8063","name":"NOTICIASMERCEDINAS.COM","image":{"@type":"ImageObject","inLanguage":"es","@id":"https:\/\/secure.gravatar.com\/avatar\/4dfbf16b4d17945bfb6341b2d19043457132fcf478a5ee04f42e959fd8f5df0a?s=96&d=mm&r=g","url":"https:\/\/secure.gravatar.com\/avatar\/4dfbf16b4d17945bfb6341b2d19043457132fcf478a5ee04f42e959fd8f5df0a?s=96&d=mm&r=g","contentUrl":"https:\/\/secure.gravatar.com\/avatar\/4dfbf16b4d17945bfb6341b2d19043457132fcf478a5ee04f42e959fd8f5df0a?s=96&d=mm&r=g","caption":"NOTICIASMERCEDINAS.COM"},"url":"https:\/\/noticiasmercedinas.com\/site\/author\/anonimo\/"}]}},"amp_enabled":true,"_links":{"self":[{"href":"https:\/\/noticiasmercedinas.com\/site\/wp-json\/wp\/v2\/posts\/55018","targetHints":{"allow":["GET"]}}],"collection":[{"href":"https:\/\/noticiasmercedinas.com\/site\/wp-json\/wp\/v2\/posts"}],"about":[{"href":"https:\/\/noticiasmercedinas.com\/site\/wp-json\/wp\/v2\/types\/post"}],"author":[{"embeddable":true,"href":"https:\/\/noticiasmercedinas.com\/site\/wp-json\/wp\/v2\/users\/16"}],"replies":[{"embeddable":true,"href":"https:\/\/noticiasmercedinas.com\/site\/wp-json\/wp\/v2\/comments?post=55018"}],"version-history":[{"count":2,"href":"https:\/\/noticiasmercedinas.com\/site\/wp-json\/wp\/v2\/posts\/55018\/revisions"}],"predecessor-version":[{"id":55941,"href":"https:\/\/noticiasmercedinas.com\/site\/wp-json\/wp\/v2\/posts\/55018\/revisions\/55941"}],"wp:featuredmedia":[{"embeddable":true,"href":"https:\/\/noticiasmercedinas.com\/site\/wp-json\/wp\/v2\/media\/55020"}],"wp:attachment":[{"href":"https:\/\/noticiasmercedinas.com\/site\/wp-json\/wp\/v2\/media?parent=55018"}],"wp:term":[{"taxonomy":"category","embeddable":true,"href":"https:\/\/noticiasmercedinas.com\/site\/wp-json\/wp\/v2\/categories?post=55018"},{"taxonomy":"post_tag","embeddable":true,"href":"https:\/\/noticiasmercedinas.com\/site\/wp-json\/wp\/v2\/tags?post=55018"}],"curies":[{"name":"wp","href":"https:\/\/api.w.org\/{rel}","templated":true}]}}