{"id":55111,"date":"2020-10-22T09:03:05","date_gmt":"2020-10-22T12:03:05","guid":{"rendered":"https:\/\/noticiasmercedinas.com\/site\/?p=55111"},"modified":"2020-10-22T09:02:39","modified_gmt":"2020-10-22T12:02:39","slug":"impulsan-en-el-concejo-proyecto-de-colonia-agroecologica","status":"publish","type":"post","link":"https:\/\/noticiasmercedinas.com\/site\/2020\/10\/22\/impulsan-en-el-concejo-proyecto-de-colonia-agroecologica\/","title":{"rendered":"Impulsan en el Concejo proyecto de colonia agroecol\u00f3gica"},"content":{"rendered":"<p><img loading=\"lazy\" decoding=\"async\" class=\"alignnone wp-image-55110 size-full\" src=\"https:\/\/noticiasmercedinas.com\/site\/wp-content\/uploads\/2020\/10\/wp-1603281704646-1746640276.jpg\" width=\"939\" height=\"626\" srcset=\"https:\/\/noticiasmercedinas.com\/site\/wp-content\/uploads\/2020\/10\/wp-1603281704646-1746640276.jpg 939w, https:\/\/noticiasmercedinas.com\/site\/wp-content\/uploads\/2020\/10\/wp-1603281704646-1746640276-300x200.jpg 300w, https:\/\/noticiasmercedinas.com\/site\/wp-content\/uploads\/2020\/10\/wp-1603281704646-1746640276-768x512.jpg 768w, https:\/\/noticiasmercedinas.com\/site\/wp-content\/uploads\/2020\/10\/wp-1603281704646-1746640276-640x427.jpg 640w, https:\/\/noticiasmercedinas.com\/site\/wp-content\/uploads\/2020\/10\/wp-1603281704646-1746640276-681x454.jpg 681w\" sizes=\"auto, (max-width: 939px) 100vw, 939px\" \/><\/p>\n<p>Este martes se present\u00f3 en comisi\u00f3n ampliada del Honorable Concejo Deliberante un proyecto de Colonia Agroecol\u00f3gica para producir alimentos en tierras en desuso y para ser comercializados en la ciudad, y una parte de ellos destinados a los comedores locales.<\/p>\n<p>La secretaria de Desarrollo Social Municipal, <strong>Jorgelina Silva<\/strong>, junto a la directora de Tierras <strong>Valeria Ilarraz<\/strong> y el coordinador de Agricultura Familiar y Agroecolog\u00eda <strong>Mario Alday<\/strong> presentaron el proyecto ante el Legislativo.<\/p>\n<p>Participaron ediles de las distintas fuerzas que lo integran.<\/p>\n<p>La secretaria de Desarrollo Social, Jorgelina Silva, manifest\u00f3: \u201cEstoy muy contenta, tuvimos una reuni\u00f3n de comisi\u00f3n ampliada con todos los ediles del Honorable Concejo Deliberante de nuestra ciudad, donde pudimos expresar el proyecto de Colonia Agroecol\u00f3gica para poder producir alimentos en espacios en desuso\u201d, y agreg\u00f3: \u201cEn principio comenzar\u00edamos trabajando en conjunto con la UTT (Uni\u00f3n de Trabajadores de la Tierra) con quienes ya venimos trabajando desde hace tres a\u00f1os en la entrega de bolsones de verduras agroecol\u00f3gicas que ellos producen, pero este proyecto busca ir camino a la soberan\u00eda alimentaria empezando por producir verduras agroecol\u00f3gicas en diferentes espacios y con la comunidad\u201d.<\/p>\n<blockquote><p>El proyecto sienta las bases para que estas colonias agroecol\u00f3gicas les permitan a los vecinos, en un futuro no muy lejano, acceder con mayor facilidad a alimentos saludables sin intermediario y a bajo costo.<\/p><\/blockquote>\n<p>\u201cLo importante es destacar que los integrantes de la UTT tienen pr\u00e1cticas agroecol\u00f3gicas que implican un trabajo m\u00e1s sacrificado sobre la tierra y que conlleva m\u00e1s paciencia, ya que hay que esperar el tiempo natural para poder cosechar y as\u00ed comercializar una verdura m\u00e1s sana y saludable\u201d, se\u00f1al\u00f3 Silva y cont\u00f3: \u201cEn las tierras seleccionadas para este comienzo van a trabajar tres familias y producir alimentos en seis hect\u00e1reas, lo cual nos dar\u00eda un beneficio, ya que el 10 por ciento de esa producci\u00f3n mensual se donar\u00eda a la Secretar\u00eda de Desarrollo Social Municipal, por lo cual ser\u00eda un ahorro para el municipio\u201d.<\/p>\n<p>En este sentido, Silva apunt\u00f3: \u201cPresentamos el proyecto de la UTT, la dominialidad de las tierras, el porqu\u00e9 de producir, cu\u00e1nto nos dar\u00eda la inversi\u00f3n econ\u00f3mica, etc\u00e9tera\u00bb y agradeci\u00f3 \u201cla disponibilidad de los concejales y esperamos que este proyecto comience pronto y podamos avanzar hacia la soberan\u00eda alimentaria\u201d.<\/p>\n<p>M\u00e1s all\u00e1 de representar un beneficio a la econom\u00eda municipal, sienta las bases para que estas colonias agroecol\u00f3gicas les permitan a los vecinos, en un futuro no muy lejano, acceder con mayor facilidad a alimentos saludables sin intermediario y a bajo costo.<\/p>\n","protected":false},"excerpt":{"rendered":"<p>\u25a0 Se present\u00f3 en comisi\u00f3n un proyecto de Colonia Agroecol\u00f3gica para producir alimentos en tierras en desuso y para ser comercializados y distribuidos en comedores<\/p>\n","protected":false},"author":2,"featured_media":55110,"comment_status":"open","ping_status":"open","sticky":false,"template":"","format":"standard","meta":{"footnotes":""},"categories":[16],"tags":[2238,44],"class_list":["post-55111","post","type-post","status-publish","format-standard","has-post-thumbnail","hentry","category-politica","tag-agroecologia","tag-desarrollo-social"],"yoast_head":"<!-- This site is optimized with the Yoast SEO plugin v27.5 - https:\/\/yoast.com\/product\/yoast-seo-wordpress\/ -->\n<title>Impulsan en el Concejo proyecto de colonia agroecol\u00f3gica<\/title>\n<meta name=\"robots\" content=\"index, follow, max-snippet:-1, max-image-preview:large, max-video-preview:-1\" \/>\n<link rel=\"canonical\" href=\"https:\/\/noticiasmercedinas.com\/site\/2020\/10\/22\/impulsan-en-el-concejo-proyecto-de-colonia-agroecologica\/\" \/>\n<meta property=\"og:locale\" content=\"es_ES\" \/>\n<meta property=\"og:type\" content=\"article\" \/>\n<meta property=\"og:title\" content=\"Impulsan en el Concejo proyecto de colonia agroecol\u00f3gica\" \/>\n<meta property=\"og:description\" content=\"\u25a0 Se present\u00f3 en comisi\u00f3n un proyecto de Colonia Agroecol\u00f3gica para producir alimentos en tierras en desuso y para ser comercializados y distribuidos en comedores\" \/>\n<meta property=\"og:url\" content=\"https:\/\/noticiasmercedinas.com\/site\/2020\/10\/22\/impulsan-en-el-concejo-proyecto-de-colonia-agroecologica\/\" \/>\n<meta property=\"og:site_name\" content=\"NOTICIASMERCEDINAS.COM\" \/>\n<meta property=\"article:publisher\" content=\"https:\/\/www.facebook.com\/noticiasmercedinas\/\" \/>\n<meta property=\"article:author\" content=\"https:\/\/www.facebook.com\/cristian.falabella\" \/>\n<meta property=\"article:published_time\" content=\"2020-10-22T12:03:05+00:00\" \/>\n<meta property=\"og:image\" content=\"https:\/\/noticiasmercedinas.com\/site\/wp-content\/uploads\/2020\/10\/wp-1603281704646-1746640276.jpg\" \/>\n\t<meta property=\"og:image:width\" content=\"939\" \/>\n\t<meta property=\"og:image:height\" content=\"626\" \/>\n\t<meta property=\"og:image:type\" content=\"image\/jpeg\" \/>\n<meta name=\"author\" content=\"Cristian Falabella NOTICIASMERCEDINAS.COM\" \/>\n<meta name=\"twitter:card\" content=\"summary_large_image\" \/>\n<meta name=\"twitter:creator\" content=\"@https:\/\/twitter.com\/NOTMERCEDINAS\" \/>\n<meta name=\"twitter:site\" content=\"@notmercedinas\" \/>\n<meta name=\"twitter:label1\" content=\"Escrito por\" \/>\n\t<meta name=\"twitter:data1\" content=\"Cristian Falabella NOTICIASMERCEDINAS.COM\" \/>\n\t<meta name=\"twitter:label2\" content=\"Tiempo de lectura\" \/>\n\t<meta name=\"twitter:data2\" content=\"2 minutos\" \/>\n<script type=\"application\/ld+json\" class=\"yoast-schema-graph\">{\"@context\":\"https:\\\/\\\/schema.org\",\"@graph\":[{\"@type\":\"Article\",\"@id\":\"https:\\\/\\\/noticiasmercedinas.com\\\/site\\\/2020\\\/10\\\/22\\\/impulsan-en-el-concejo-proyecto-de-colonia-agroecologica\\\/#article\",\"isPartOf\":{\"@id\":\"https:\\\/\\\/noticiasmercedinas.com\\\/site\\\/2020\\\/10\\\/22\\\/impulsan-en-el-concejo-proyecto-de-colonia-agroecologica\\\/\"},\"author\":{\"name\":\"Cristian Falabella NOTICIASMERCEDINAS.COM\",\"@id\":\"https:\\\/\\\/noticiasmercedinas.com\\\/site\\\/#\\\/schema\\\/person\\\/d481a9696a5feaec13a60e2bbd991a6a\"},\"headline\":\"Impulsan en el Concejo proyecto de colonia agroecol\u00f3gica\",\"datePublished\":\"2020-10-22T12:03:05+00:00\",\"mainEntityOfPage\":{\"@id\":\"https:\\\/\\\/noticiasmercedinas.com\\\/site\\\/2020\\\/10\\\/22\\\/impulsan-en-el-concejo-proyecto-de-colonia-agroecologica\\\/\"},\"wordCount\":453,\"commentCount\":0,\"publisher\":{\"@id\":\"https:\\\/\\\/noticiasmercedinas.com\\\/site\\\/#organization\"},\"image\":{\"@id\":\"https:\\\/\\\/noticiasmercedinas.com\\\/site\\\/2020\\\/10\\\/22\\\/impulsan-en-el-concejo-proyecto-de-colonia-agroecologica\\\/#primaryimage\"},\"thumbnailUrl\":\"https:\\\/\\\/noticiasmercedinas.com\\\/site\\\/wp-content\\\/uploads\\\/2020\\\/10\\\/wp-1603281704646-1746640276.jpg\",\"keywords\":[\"agroecologia\",\"desarrollo social\"],\"articleSection\":[\"Politica\"],\"inLanguage\":\"es\",\"potentialAction\":[{\"@type\":\"CommentAction\",\"name\":\"Comment\",\"target\":[\"https:\\\/\\\/noticiasmercedinas.com\\\/site\\\/2020\\\/10\\\/22\\\/impulsan-en-el-concejo-proyecto-de-colonia-agroecologica\\\/#respond\"]}]},{\"@type\":\"WebPage\",\"@id\":\"https:\\\/\\\/noticiasmercedinas.com\\\/site\\\/2020\\\/10\\\/22\\\/impulsan-en-el-concejo-proyecto-de-colonia-agroecologica\\\/\",\"url\":\"https:\\\/\\\/noticiasmercedinas.com\\\/site\\\/2020\\\/10\\\/22\\\/impulsan-en-el-concejo-proyecto-de-colonia-agroecologica\\\/\",\"name\":\"Impulsan en el Concejo proyecto de colonia agroecol\u00f3gica\",\"isPartOf\":{\"@id\":\"https:\\\/\\\/noticiasmercedinas.com\\\/site\\\/#website\"},\"primaryImageOfPage\":{\"@id\":\"https:\\\/\\\/noticiasmercedinas.com\\\/site\\\/2020\\\/10\\\/22\\\/impulsan-en-el-concejo-proyecto-de-colonia-agroecologica\\\/#primaryimage\"},\"image\":{\"@id\":\"https:\\\/\\\/noticiasmercedinas.com\\\/site\\\/2020\\\/10\\\/22\\\/impulsan-en-el-concejo-proyecto-de-colonia-agroecologica\\\/#primaryimage\"},\"thumbnailUrl\":\"https:\\\/\\\/noticiasmercedinas.com\\\/site\\\/wp-content\\\/uploads\\\/2020\\\/10\\\/wp-1603281704646-1746640276.jpg\",\"datePublished\":\"2020-10-22T12:03:05+00:00\",\"breadcrumb\":{\"@id\":\"https:\\\/\\\/noticiasmercedinas.com\\\/site\\\/2020\\\/10\\\/22\\\/impulsan-en-el-concejo-proyecto-de-colonia-agroecologica\\\/#breadcrumb\"},\"inLanguage\":\"es\",\"potentialAction\":[{\"@type\":\"ReadAction\",\"target\":[\"https:\\\/\\\/noticiasmercedinas.com\\\/site\\\/2020\\\/10\\\/22\\\/impulsan-en-el-concejo-proyecto-de-colonia-agroecologica\\\/\"]}]},{\"@type\":\"ImageObject\",\"inLanguage\":\"es\",\"@id\":\"https:\\\/\\\/noticiasmercedinas.com\\\/site\\\/2020\\\/10\\\/22\\\/impulsan-en-el-concejo-proyecto-de-colonia-agroecologica\\\/#primaryimage\",\"url\":\"https:\\\/\\\/noticiasmercedinas.com\\\/site\\\/wp-content\\\/uploads\\\/2020\\\/10\\\/wp-1603281704646-1746640276.jpg\",\"contentUrl\":\"https:\\\/\\\/noticiasmercedinas.com\\\/site\\\/wp-content\\\/uploads\\\/2020\\\/10\\\/wp-1603281704646-1746640276.jpg\",\"width\":939,\"height\":626},{\"@type\":\"BreadcrumbList\",\"@id\":\"https:\\\/\\\/noticiasmercedinas.com\\\/site\\\/2020\\\/10\\\/22\\\/impulsan-en-el-concejo-proyecto-de-colonia-agroecologica\\\/#breadcrumb\",\"itemListElement\":[{\"@type\":\"ListItem\",\"position\":1,\"name\":\"Portada\",\"item\":\"https:\\\/\\\/noticiasmercedinas.com\\\/site\\\/\"},{\"@type\":\"ListItem\",\"position\":2,\"name\":\"Impulsan en el Concejo proyecto de colonia agroecol\u00f3gica\"}]},{\"@type\":\"WebSite\",\"@id\":\"https:\\\/\\\/noticiasmercedinas.com\\\/site\\\/#website\",\"url\":\"https:\\\/\\\/noticiasmercedinas.com\\\/site\\\/\",\"name\":\"NOTICIASMERCEDINAS.COM\",\"description\":\"Mercedes, Buenos Aires, Argentina\",\"publisher\":{\"@id\":\"https:\\\/\\\/noticiasmercedinas.com\\\/site\\\/#organization\"},\"potentialAction\":[{\"@type\":\"SearchAction\",\"target\":{\"@type\":\"EntryPoint\",\"urlTemplate\":\"https:\\\/\\\/noticiasmercedinas.com\\\/site\\\/?s={search_term_string}\"},\"query-input\":{\"@type\":\"PropertyValueSpecification\",\"valueRequired\":true,\"valueName\":\"search_term_string\"}}],\"inLanguage\":\"es\"},{\"@type\":\"Organization\",\"@id\":\"https:\\\/\\\/noticiasmercedinas.com\\\/site\\\/#organization\",\"name\":\"NOTICIASMERCEDINAS.COM\",\"url\":\"https:\\\/\\\/noticiasmercedinas.com\\\/site\\\/\",\"logo\":{\"@type\":\"ImageObject\",\"inLanguage\":\"es\",\"@id\":\"https:\\\/\\\/noticiasmercedinas.com\\\/site\\\/#\\\/schema\\\/logo\\\/image\\\/\",\"url\":\"https:\\\/\\\/noticiasmercedinas.com\\\/site\\\/wp-content\\\/uploads\\\/2020\\\/06\\\/LOGO-512.jpg\",\"contentUrl\":\"https:\\\/\\\/noticiasmercedinas.com\\\/site\\\/wp-content\\\/uploads\\\/2020\\\/06\\\/LOGO-512.jpg\",\"width\":512,\"height\":512,\"caption\":\"NOTICIASMERCEDINAS.COM\"},\"image\":{\"@id\":\"https:\\\/\\\/noticiasmercedinas.com\\\/site\\\/#\\\/schema\\\/logo\\\/image\\\/\"},\"sameAs\":[\"https:\\\/\\\/www.facebook.com\\\/noticiasmercedinas\\\/\",\"https:\\\/\\\/x.com\\\/notmercedinas\",\"https:\\\/\\\/www.instagram.com\\\/noticiasmercedinas\\\/\"]},{\"@type\":\"Person\",\"@id\":\"https:\\\/\\\/noticiasmercedinas.com\\\/site\\\/#\\\/schema\\\/person\\\/d481a9696a5feaec13a60e2bbd991a6a\",\"name\":\"Cristian Falabella NOTICIASMERCEDINAS.COM\",\"image\":{\"@type\":\"ImageObject\",\"inLanguage\":\"es\",\"@id\":\"https:\\\/\\\/secure.gravatar.com\\\/avatar\\\/0dbbfc45970cc46bcd0e57766228574ff3511d6eed045b182f536f0f478c1f06?s=96&d=mm&r=g\",\"url\":\"https:\\\/\\\/secure.gravatar.com\\\/avatar\\\/0dbbfc45970cc46bcd0e57766228574ff3511d6eed045b182f536f0f478c1f06?s=96&d=mm&r=g\",\"contentUrl\":\"https:\\\/\\\/secure.gravatar.com\\\/avatar\\\/0dbbfc45970cc46bcd0e57766228574ff3511d6eed045b182f536f0f478c1f06?s=96&d=mm&r=g\",\"caption\":\"Cristian Falabella NOTICIASMERCEDINAS.COM\"},\"description\":\"Periodista, editor de Noticias Mercedinas. Pas\u00f3 por varias redacciones y emprendimientos de prensa, en distintos formatos y \u00e9pocas. Se especializ\u00f3 --y sigue haci\u00e9ndolo-- en comunicaci\u00f3n en la web y en junio de 2006 fund\u00f3 este diario digital.\",\"sameAs\":[\"https:\\\/\\\/noticiasmercedinas.com\",\"https:\\\/\\\/www.facebook.com\\\/cristian.falabella\",\"https:\\\/\\\/www.instagram.com\\\/noticiasmercedinas\\\/\",\"https:\\\/\\\/x.com\\\/https:\\\/\\\/twitter.com\\\/NOTMERCEDINAS\"],\"url\":\"https:\\\/\\\/noticiasmercedinas.com\\\/site\\\/author\\\/as000384\\\/\"}]}<\/script>\n<!-- \/ Yoast SEO plugin. -->","yoast_head_json":{"title":"Impulsan en el Concejo proyecto de colonia agroecol\u00f3gica","robots":{"index":"index","follow":"follow","max-snippet":"max-snippet:-1","max-image-preview":"max-image-preview:large","max-video-preview":"max-video-preview:-1"},"canonical":"https:\/\/noticiasmercedinas.com\/site\/2020\/10\/22\/impulsan-en-el-concejo-proyecto-de-colonia-agroecologica\/","og_locale":"es_ES","og_type":"article","og_title":"Impulsan en el Concejo proyecto de colonia agroecol\u00f3gica","og_description":"\u25a0 Se present\u00f3 en comisi\u00f3n un proyecto de Colonia Agroecol\u00f3gica para producir alimentos en tierras en desuso y para ser comercializados y distribuidos en comedores","og_url":"https:\/\/noticiasmercedinas.com\/site\/2020\/10\/22\/impulsan-en-el-concejo-proyecto-de-colonia-agroecologica\/","og_site_name":"NOTICIASMERCEDINAS.COM","article_publisher":"https:\/\/www.facebook.com\/noticiasmercedinas\/","article_author":"https:\/\/www.facebook.com\/cristian.falabella","article_published_time":"2020-10-22T12:03:05+00:00","og_image":[{"width":939,"height":626,"url":"https:\/\/noticiasmercedinas.com\/site\/wp-content\/uploads\/2020\/10\/wp-1603281704646-1746640276.jpg","type":"image\/jpeg"}],"author":"Cristian Falabella NOTICIASMERCEDINAS.COM","twitter_card":"summary_large_image","twitter_creator":"@https:\/\/twitter.com\/NOTMERCEDINAS","twitter_site":"@notmercedinas","twitter_misc":{"Escrito por":"Cristian Falabella NOTICIASMERCEDINAS.COM","Tiempo de lectura":"2 minutos"},"schema":{"@context":"https:\/\/schema.org","@graph":[{"@type":"Article","@id":"https:\/\/noticiasmercedinas.com\/site\/2020\/10\/22\/impulsan-en-el-concejo-proyecto-de-colonia-agroecologica\/#article","isPartOf":{"@id":"https:\/\/noticiasmercedinas.com\/site\/2020\/10\/22\/impulsan-en-el-concejo-proyecto-de-colonia-agroecologica\/"},"author":{"name":"Cristian Falabella NOTICIASMERCEDINAS.COM","@id":"https:\/\/noticiasmercedinas.com\/site\/#\/schema\/person\/d481a9696a5feaec13a60e2bbd991a6a"},"headline":"Impulsan en el Concejo proyecto de colonia agroecol\u00f3gica","datePublished":"2020-10-22T12:03:05+00:00","mainEntityOfPage":{"@id":"https:\/\/noticiasmercedinas.com\/site\/2020\/10\/22\/impulsan-en-el-concejo-proyecto-de-colonia-agroecologica\/"},"wordCount":453,"commentCount":0,"publisher":{"@id":"https:\/\/noticiasmercedinas.com\/site\/#organization"},"image":{"@id":"https:\/\/noticiasmercedinas.com\/site\/2020\/10\/22\/impulsan-en-el-concejo-proyecto-de-colonia-agroecologica\/#primaryimage"},"thumbnailUrl":"https:\/\/noticiasmercedinas.com\/site\/wp-content\/uploads\/2020\/10\/wp-1603281704646-1746640276.jpg","keywords":["agroecologia","desarrollo social"],"articleSection":["Politica"],"inLanguage":"es","potentialAction":[{"@type":"CommentAction","name":"Comment","target":["https:\/\/noticiasmercedinas.com\/site\/2020\/10\/22\/impulsan-en-el-concejo-proyecto-de-colonia-agroecologica\/#respond"]}]},{"@type":"WebPage","@id":"https:\/\/noticiasmercedinas.com\/site\/2020\/10\/22\/impulsan-en-el-concejo-proyecto-de-colonia-agroecologica\/","url":"https:\/\/noticiasmercedinas.com\/site\/2020\/10\/22\/impulsan-en-el-concejo-proyecto-de-colonia-agroecologica\/","name":"Impulsan en el Concejo proyecto de colonia agroecol\u00f3gica","isPartOf":{"@id":"https:\/\/noticiasmercedinas.com\/site\/#website"},"primaryImageOfPage":{"@id":"https:\/\/noticiasmercedinas.com\/site\/2020\/10\/22\/impulsan-en-el-concejo-proyecto-de-colonia-agroecologica\/#primaryimage"},"image":{"@id":"https:\/\/noticiasmercedinas.com\/site\/2020\/10\/22\/impulsan-en-el-concejo-proyecto-de-colonia-agroecologica\/#primaryimage"},"thumbnailUrl":"https:\/\/noticiasmercedinas.com\/site\/wp-content\/uploads\/2020\/10\/wp-1603281704646-1746640276.jpg","datePublished":"2020-10-22T12:03:05+00:00","breadcrumb":{"@id":"https:\/\/noticiasmercedinas.com\/site\/2020\/10\/22\/impulsan-en-el-concejo-proyecto-de-colonia-agroecologica\/#breadcrumb"},"inLanguage":"es","potentialAction":[{"@type":"ReadAction","target":["https:\/\/noticiasmercedinas.com\/site\/2020\/10\/22\/impulsan-en-el-concejo-proyecto-de-colonia-agroecologica\/"]}]},{"@type":"ImageObject","inLanguage":"es","@id":"https:\/\/noticiasmercedinas.com\/site\/2020\/10\/22\/impulsan-en-el-concejo-proyecto-de-colonia-agroecologica\/#primaryimage","url":"https:\/\/noticiasmercedinas.com\/site\/wp-content\/uploads\/2020\/10\/wp-1603281704646-1746640276.jpg","contentUrl":"https:\/\/noticiasmercedinas.com\/site\/wp-content\/uploads\/2020\/10\/wp-1603281704646-1746640276.jpg","width":939,"height":626},{"@type":"BreadcrumbList","@id":"https:\/\/noticiasmercedinas.com\/site\/2020\/10\/22\/impulsan-en-el-concejo-proyecto-de-colonia-agroecologica\/#breadcrumb","itemListElement":[{"@type":"ListItem","position":1,"name":"Portada","item":"https:\/\/noticiasmercedinas.com\/site\/"},{"@type":"ListItem","position":2,"name":"Impulsan en el Concejo proyecto de colonia agroecol\u00f3gica"}]},{"@type":"WebSite","@id":"https:\/\/noticiasmercedinas.com\/site\/#website","url":"https:\/\/noticiasmercedinas.com\/site\/","name":"NOTICIASMERCEDINAS.COM","description":"Mercedes, Buenos Aires, Argentina","publisher":{"@id":"https:\/\/noticiasmercedinas.com\/site\/#organization"},"potentialAction":[{"@type":"SearchAction","target":{"@type":"EntryPoint","urlTemplate":"https:\/\/noticiasmercedinas.com\/site\/?s={search_term_string}"},"query-input":{"@type":"PropertyValueSpecification","valueRequired":true,"valueName":"search_term_string"}}],"inLanguage":"es"},{"@type":"Organization","@id":"https:\/\/noticiasmercedinas.com\/site\/#organization","name":"NOTICIASMERCEDINAS.COM","url":"https:\/\/noticiasmercedinas.com\/site\/","logo":{"@type":"ImageObject","inLanguage":"es","@id":"https:\/\/noticiasmercedinas.com\/site\/#\/schema\/logo\/image\/","url":"https:\/\/noticiasmercedinas.com\/site\/wp-content\/uploads\/2020\/06\/LOGO-512.jpg","contentUrl":"https:\/\/noticiasmercedinas.com\/site\/wp-content\/uploads\/2020\/06\/LOGO-512.jpg","width":512,"height":512,"caption":"NOTICIASMERCEDINAS.COM"},"image":{"@id":"https:\/\/noticiasmercedinas.com\/site\/#\/schema\/logo\/image\/"},"sameAs":["https:\/\/www.facebook.com\/noticiasmercedinas\/","https:\/\/x.com\/notmercedinas","https:\/\/www.instagram.com\/noticiasmercedinas\/"]},{"@type":"Person","@id":"https:\/\/noticiasmercedinas.com\/site\/#\/schema\/person\/d481a9696a5feaec13a60e2bbd991a6a","name":"Cristian Falabella NOTICIASMERCEDINAS.COM","image":{"@type":"ImageObject","inLanguage":"es","@id":"https:\/\/secure.gravatar.com\/avatar\/0dbbfc45970cc46bcd0e57766228574ff3511d6eed045b182f536f0f478c1f06?s=96&d=mm&r=g","url":"https:\/\/secure.gravatar.com\/avatar\/0dbbfc45970cc46bcd0e57766228574ff3511d6eed045b182f536f0f478c1f06?s=96&d=mm&r=g","contentUrl":"https:\/\/secure.gravatar.com\/avatar\/0dbbfc45970cc46bcd0e57766228574ff3511d6eed045b182f536f0f478c1f06?s=96&d=mm&r=g","caption":"Cristian Falabella NOTICIASMERCEDINAS.COM"},"description":"Periodista, editor de Noticias Mercedinas. Pas\u00f3 por varias redacciones y emprendimientos de prensa, en distintos formatos y \u00e9pocas. Se especializ\u00f3 --y sigue haci\u00e9ndolo-- en comunicaci\u00f3n en la web y en junio de 2006 fund\u00f3 este diario digital.","sameAs":["https:\/\/noticiasmercedinas.com","https:\/\/www.facebook.com\/cristian.falabella","https:\/\/www.instagram.com\/noticiasmercedinas\/","https:\/\/x.com\/https:\/\/twitter.com\/NOTMERCEDINAS"],"url":"https:\/\/noticiasmercedinas.com\/site\/author\/as000384\/"}]}},"amp_enabled":true,"_links":{"self":[{"href":"https:\/\/noticiasmercedinas.com\/site\/wp-json\/wp\/v2\/posts\/55111","targetHints":{"allow":["GET"]}}],"collection":[{"href":"https:\/\/noticiasmercedinas.com\/site\/wp-json\/wp\/v2\/posts"}],"about":[{"href":"https:\/\/noticiasmercedinas.com\/site\/wp-json\/wp\/v2\/types\/post"}],"author":[{"embeddable":true,"href":"https:\/\/noticiasmercedinas.com\/site\/wp-json\/wp\/v2\/users\/2"}],"replies":[{"embeddable":true,"href":"https:\/\/noticiasmercedinas.com\/site\/wp-json\/wp\/v2\/comments?post=55111"}],"version-history":[{"count":1,"href":"https:\/\/noticiasmercedinas.com\/site\/wp-json\/wp\/v2\/posts\/55111\/revisions"}],"predecessor-version":[{"id":55168,"href":"https:\/\/noticiasmercedinas.com\/site\/wp-json\/wp\/v2\/posts\/55111\/revisions\/55168"}],"wp:featuredmedia":[{"embeddable":true,"href":"https:\/\/noticiasmercedinas.com\/site\/wp-json\/wp\/v2\/media\/55110"}],"wp:attachment":[{"href":"https:\/\/noticiasmercedinas.com\/site\/wp-json\/wp\/v2\/media?parent=55111"}],"wp:term":[{"taxonomy":"category","embeddable":true,"href":"https:\/\/noticiasmercedinas.com\/site\/wp-json\/wp\/v2\/categories?post=55111"},{"taxonomy":"post_tag","embeddable":true,"href":"https:\/\/noticiasmercedinas.com\/site\/wp-json\/wp\/v2\/tags?post=55111"}],"curies":[{"name":"wp","href":"https:\/\/api.w.org\/{rel}","templated":true}]}}