{"id":55122,"date":"2020-10-21T11:02:36","date_gmt":"2020-10-21T14:02:36","guid":{"rendered":"https:\/\/noticiasmercedinas.com\/site\/?p=55122"},"modified":"2020-10-21T11:02:36","modified_gmt":"2020-10-21T14:02:36","slug":"musicos-locales-tendran-difusion-en-radio-digital-horacio-guarany","status":"publish","type":"post","link":"https:\/\/noticiasmercedinas.com\/site\/2020\/10\/21\/musicos-locales-tendran-difusion-en-radio-digital-horacio-guarany\/","title":{"rendered":"M\u00fasicos locales tendr\u00e1n difusi\u00f3n en radio digital Horacio Guarany"},"content":{"rendered":"<figure id=\"attachment_55123\" aria-describedby=\"caption-attachment-55123\" style=\"width: 640px\" class=\"wp-caption alignnone\"><img loading=\"lazy\" decoding=\"async\" class=\"wp-image-55123 size-full\" src=\"https:\/\/noticiasmercedinas.com\/site\/wp-content\/uploads\/2020\/10\/titosanguinetti.jpg\" alt=\"\" width=\"640\" height=\"328\" srcset=\"https:\/\/noticiasmercedinas.com\/site\/wp-content\/uploads\/2020\/10\/titosanguinetti.jpg 640w, https:\/\/noticiasmercedinas.com\/site\/wp-content\/uploads\/2020\/10\/titosanguinetti-300x154.jpg 300w\" sizes=\"auto, (max-width: 640px) 100vw, 640px\" \/><figcaption id=\"caption-attachment-55123\" class=\"wp-caption-text\">Osvaldo \u00abTito\u00bb Sanguinetti<\/figcaption><\/figure>\n<p>Este viernes a las 22 horas, en la <span style=\"color: #000080;\"><strong><a style=\"color: #000080;\" href=\"https:\/\/radiohoracioguarany.com.ar\/\">radio digital Horacio Guarany<\/a><\/strong><\/span>, gracias al compositor Charly Vera que conduce un programa en esa emisora, cuatro m\u00fasicos locales como son <strong>Virginia Altube, Tito Sanguinetti, Rulo Godar y Mart\u00edn Soler<\/strong>, tendr\u00e1n amplia difusi\u00f3n.<\/p>\n<p>Vera vive en Mercedes desde hace poco tiempo y plantea desde su programa <strong>\u201cLa m\u00fasica y sus protagonistas\u201d<\/strong> por Radio Horacio Guarany un especial que se emitir\u00e1 este viernes al que denomin\u00f3 <strong>\u201cMi ciudad y sus artistas\u201d<\/strong>.<\/p>\n<blockquote><p>\u201cA Mercedes la considero ya mi ciudad, porque me ha recibido muy bien y todos tienen muy buena disposici\u00f3n conmigo\u201d, indic\u00f3 Vera<\/p><\/blockquote>\n<p>\u201cTengo este programa desde que se inici\u00f3 la radio, en el mes de junio\u201d, explic\u00f3 consultado por NOTICIAS MERCEDINAS. \u201cLa emisora tiene un alcance nacional con participantes famosos, que tienen su lugar. Yo soy un compositor de m\u00fasica al que le interesa la difusi\u00f3n y me han ofrecido tener tambi\u00e9n un lugar por lo que hago mi programa los lunes de 21 a 22 horas\u201d, agreg\u00f3 Vera, quien hace poco vive en Mercedes y al tomar contacto con los m\u00fasicos y artistas tuvo esta iniciativa de difundir a los m\u00fasicos locales.<\/p>\n<figure id=\"attachment_28177\" aria-describedby=\"caption-attachment-28177\" style=\"width: 956px\" class=\"wp-caption alignnone\"><img loading=\"lazy\" decoding=\"async\" class=\"wp-image-28177 size-full\" src=\"https:\/\/noticiasmercedinas.com\/site\/wp-content\/uploads\/2019\/09\/virginia_altube.jpg\" alt=\"\" width=\"956\" height=\"627\" srcset=\"https:\/\/noticiasmercedinas.com\/site\/wp-content\/uploads\/2019\/09\/virginia_altube.jpg 956w, https:\/\/noticiasmercedinas.com\/site\/wp-content\/uploads\/2019\/09\/virginia_altube-300x197.jpg 300w, https:\/\/noticiasmercedinas.com\/site\/wp-content\/uploads\/2019\/09\/virginia_altube-768x504.jpg 768w, https:\/\/noticiasmercedinas.com\/site\/wp-content\/uploads\/2019\/09\/virginia_altube-640x420.jpg 640w, https:\/\/noticiasmercedinas.com\/site\/wp-content\/uploads\/2019\/09\/virginia_altube-681x447.jpg 681w\" sizes=\"auto, (max-width: 956px) 100vw, 956px\" \/><figcaption id=\"caption-attachment-28177\" class=\"wp-caption-text\">Virginia Altube<\/figcaption><\/figure>\n<p>\u201cA Mercedes la considero ya mi ciudad, porque me ha recibido muy bien y todos tienen muy buena disposici\u00f3n conmigo\u201d, indic\u00f3.<\/p>\n<p>La selecci\u00f3n de m\u00fasicos de distinta \u00edndole, reconoce, fue arbitraria y corri\u00f3 por su cuenta, como un inicio en esta propuesta de difundir local. \u201cLos escuch\u00e9 a todos y me parece que cada uno tiene mucho para aportar. Son 4 artistas que me gustan de la ciudad, s\u00e9 que hay muchos m\u00e1s y espero tener oportunidad de seguir con otros programas especiales similares\u201d, expuso Vera e inform\u00f3 que este viernes se podr\u00e1 tener la m\u00fasica y la palabra de Virginia Altube, Tito Sanguinetti, Rulo Godar y Mart\u00edn Soler.<\/p>\n<p>Para escuchar el programa, clic aqu\u00ed: <span style=\"color: #000080;\"><strong><a style=\"color: #000080;\" href=\"https:\/\/radiohoracioguarany.com.ar\/\">radio digital Horacio Guarany<\/a><\/strong><\/span><\/p>\n","protected":false},"excerpt":{"rendered":"<p>\u25a0 Este viernes a las 22 horas programa especial con Virginia Altube, Tito Sanguinetti, Rulo Godar y Mart\u00edn Soler. \u201cMi ciudad y sus artistas\u201d, conducido por Charly Vera, recientemente afincado en la ciudad.<\/p>\n","protected":false},"author":2,"featured_media":55123,"comment_status":"open","ping_status":"open","sticky":false,"template":"","format":"standard","meta":{"footnotes":""},"categories":[4210],"tags":[10452,7853,554,10451,3802,8929,164],"class_list":["post-55122","post","type-post","status-publish","format-standard","has-post-thumbnail","hentry","category-medios","tag-charly-vera","tag-martin-soler","tag-radio","tag-radio-horacio-guarany","tag-rulo-godar","tag-tito-sanguinetti","tag-virginia-altube"],"yoast_head":"<!-- This site is optimized with the Yoast SEO plugin v27.4 - https:\/\/yoast.com\/product\/yoast-seo-wordpress\/ -->\n<title>M\u00fasicos locales tendr\u00e1n difusi\u00f3n en radio digital Horacio Guarany<\/title>\n<meta name=\"robots\" content=\"index, follow, max-snippet:-1, max-image-preview:large, max-video-preview:-1\" \/>\n<link rel=\"canonical\" href=\"https:\/\/noticiasmercedinas.com\/site\/2020\/10\/21\/musicos-locales-tendran-difusion-en-radio-digital-horacio-guarany\/\" \/>\n<meta property=\"og:locale\" content=\"es_ES\" \/>\n<meta property=\"og:type\" content=\"article\" \/>\n<meta property=\"og:title\" content=\"M\u00fasicos locales tendr\u00e1n difusi\u00f3n en radio digital Horacio Guarany\" \/>\n<meta property=\"og:description\" content=\"\u25a0 Este viernes a las 22 horas programa especial con Virginia Altube, Tito Sanguinetti, Rulo Godar y Mart\u00edn Soler. \u201cMi ciudad y sus artistas\u201d, conducido por Charly Vera, recientemente afincado en la ciudad.\" \/>\n<meta property=\"og:url\" content=\"https:\/\/noticiasmercedinas.com\/site\/2020\/10\/21\/musicos-locales-tendran-difusion-en-radio-digital-horacio-guarany\/\" \/>\n<meta property=\"og:site_name\" content=\"NOTICIASMERCEDINAS.COM\" \/>\n<meta property=\"article:publisher\" content=\"https:\/\/www.facebook.com\/noticiasmercedinas\/\" \/>\n<meta property=\"article:author\" content=\"https:\/\/www.facebook.com\/cristian.falabella\" \/>\n<meta property=\"article:published_time\" content=\"2020-10-21T14:02:36+00:00\" \/>\n<meta property=\"og:image\" content=\"https:\/\/noticiasmercedinas.com\/site\/wp-content\/uploads\/2020\/10\/titosanguinetti.jpg\" \/>\n\t<meta property=\"og:image:width\" content=\"640\" \/>\n\t<meta property=\"og:image:height\" content=\"328\" \/>\n\t<meta property=\"og:image:type\" content=\"image\/jpeg\" \/>\n<meta name=\"author\" content=\"Cristian Falabella NOTICIASMERCEDINAS.COM\" \/>\n<meta name=\"twitter:card\" content=\"summary_large_image\" \/>\n<meta name=\"twitter:creator\" content=\"@https:\/\/twitter.com\/NOTMERCEDINAS\" \/>\n<meta name=\"twitter:site\" content=\"@notmercedinas\" \/>\n<meta name=\"twitter:label1\" content=\"Escrito por\" \/>\n\t<meta name=\"twitter:data1\" content=\"Cristian Falabella NOTICIASMERCEDINAS.COM\" \/>\n\t<meta name=\"twitter:label2\" content=\"Tiempo de lectura\" \/>\n\t<meta name=\"twitter:data2\" content=\"2 minutos\" \/>\n<script type=\"application\/ld+json\" class=\"yoast-schema-graph\">{\"@context\":\"https:\\\/\\\/schema.org\",\"@graph\":[{\"@type\":\"Article\",\"@id\":\"https:\\\/\\\/noticiasmercedinas.com\\\/site\\\/2020\\\/10\\\/21\\\/musicos-locales-tendran-difusion-en-radio-digital-horacio-guarany\\\/#article\",\"isPartOf\":{\"@id\":\"https:\\\/\\\/noticiasmercedinas.com\\\/site\\\/2020\\\/10\\\/21\\\/musicos-locales-tendran-difusion-en-radio-digital-horacio-guarany\\\/\"},\"author\":{\"name\":\"Cristian Falabella NOTICIASMERCEDINAS.COM\",\"@id\":\"https:\\\/\\\/noticiasmercedinas.com\\\/site\\\/#\\\/schema\\\/person\\\/d481a9696a5feaec13a60e2bbd991a6a\"},\"headline\":\"M\u00fasicos locales tendr\u00e1n difusi\u00f3n en radio digital Horacio Guarany\",\"datePublished\":\"2020-10-21T14:02:36+00:00\",\"mainEntityOfPage\":{\"@id\":\"https:\\\/\\\/noticiasmercedinas.com\\\/site\\\/2020\\\/10\\\/21\\\/musicos-locales-tendran-difusion-en-radio-digital-horacio-guarany\\\/\"},\"wordCount\":354,\"commentCount\":0,\"publisher\":{\"@id\":\"https:\\\/\\\/noticiasmercedinas.com\\\/site\\\/#organization\"},\"image\":{\"@id\":\"https:\\\/\\\/noticiasmercedinas.com\\\/site\\\/2020\\\/10\\\/21\\\/musicos-locales-tendran-difusion-en-radio-digital-horacio-guarany\\\/#primaryimage\"},\"thumbnailUrl\":\"https:\\\/\\\/noticiasmercedinas.com\\\/site\\\/wp-content\\\/uploads\\\/2020\\\/10\\\/titosanguinetti.jpg\",\"keywords\":[\"charly vera\",\"Mart\u00edn Soler\",\"radio\",\"radio horacio guarany\",\"Rulo Godar\",\"tito sanguinetti\",\"virginia altube\"],\"articleSection\":[\"Medios\"],\"inLanguage\":\"es\",\"potentialAction\":[{\"@type\":\"CommentAction\",\"name\":\"Comment\",\"target\":[\"https:\\\/\\\/noticiasmercedinas.com\\\/site\\\/2020\\\/10\\\/21\\\/musicos-locales-tendran-difusion-en-radio-digital-horacio-guarany\\\/#respond\"]}]},{\"@type\":\"WebPage\",\"@id\":\"https:\\\/\\\/noticiasmercedinas.com\\\/site\\\/2020\\\/10\\\/21\\\/musicos-locales-tendran-difusion-en-radio-digital-horacio-guarany\\\/\",\"url\":\"https:\\\/\\\/noticiasmercedinas.com\\\/site\\\/2020\\\/10\\\/21\\\/musicos-locales-tendran-difusion-en-radio-digital-horacio-guarany\\\/\",\"name\":\"M\u00fasicos locales tendr\u00e1n difusi\u00f3n en radio digital Horacio Guarany\",\"isPartOf\":{\"@id\":\"https:\\\/\\\/noticiasmercedinas.com\\\/site\\\/#website\"},\"primaryImageOfPage\":{\"@id\":\"https:\\\/\\\/noticiasmercedinas.com\\\/site\\\/2020\\\/10\\\/21\\\/musicos-locales-tendran-difusion-en-radio-digital-horacio-guarany\\\/#primaryimage\"},\"image\":{\"@id\":\"https:\\\/\\\/noticiasmercedinas.com\\\/site\\\/2020\\\/10\\\/21\\\/musicos-locales-tendran-difusion-en-radio-digital-horacio-guarany\\\/#primaryimage\"},\"thumbnailUrl\":\"https:\\\/\\\/noticiasmercedinas.com\\\/site\\\/wp-content\\\/uploads\\\/2020\\\/10\\\/titosanguinetti.jpg\",\"datePublished\":\"2020-10-21T14:02:36+00:00\",\"breadcrumb\":{\"@id\":\"https:\\\/\\\/noticiasmercedinas.com\\\/site\\\/2020\\\/10\\\/21\\\/musicos-locales-tendran-difusion-en-radio-digital-horacio-guarany\\\/#breadcrumb\"},\"inLanguage\":\"es\",\"potentialAction\":[{\"@type\":\"ReadAction\",\"target\":[\"https:\\\/\\\/noticiasmercedinas.com\\\/site\\\/2020\\\/10\\\/21\\\/musicos-locales-tendran-difusion-en-radio-digital-horacio-guarany\\\/\"]}]},{\"@type\":\"ImageObject\",\"inLanguage\":\"es\",\"@id\":\"https:\\\/\\\/noticiasmercedinas.com\\\/site\\\/2020\\\/10\\\/21\\\/musicos-locales-tendran-difusion-en-radio-digital-horacio-guarany\\\/#primaryimage\",\"url\":\"https:\\\/\\\/noticiasmercedinas.com\\\/site\\\/wp-content\\\/uploads\\\/2020\\\/10\\\/titosanguinetti.jpg\",\"contentUrl\":\"https:\\\/\\\/noticiasmercedinas.com\\\/site\\\/wp-content\\\/uploads\\\/2020\\\/10\\\/titosanguinetti.jpg\",\"width\":640,\"height\":328},{\"@type\":\"BreadcrumbList\",\"@id\":\"https:\\\/\\\/noticiasmercedinas.com\\\/site\\\/2020\\\/10\\\/21\\\/musicos-locales-tendran-difusion-en-radio-digital-horacio-guarany\\\/#breadcrumb\",\"itemListElement\":[{\"@type\":\"ListItem\",\"position\":1,\"name\":\"Portada\",\"item\":\"https:\\\/\\\/noticiasmercedinas.com\\\/site\\\/\"},{\"@type\":\"ListItem\",\"position\":2,\"name\":\"M\u00fasicos locales tendr\u00e1n difusi\u00f3n en radio digital Horacio Guarany\"}]},{\"@type\":\"WebSite\",\"@id\":\"https:\\\/\\\/noticiasmercedinas.com\\\/site\\\/#website\",\"url\":\"https:\\\/\\\/noticiasmercedinas.com\\\/site\\\/\",\"name\":\"NOTICIASMERCEDINAS.COM\",\"description\":\"Mercedes, Buenos Aires, Argentina\",\"publisher\":{\"@id\":\"https:\\\/\\\/noticiasmercedinas.com\\\/site\\\/#organization\"},\"potentialAction\":[{\"@type\":\"SearchAction\",\"target\":{\"@type\":\"EntryPoint\",\"urlTemplate\":\"https:\\\/\\\/noticiasmercedinas.com\\\/site\\\/?s={search_term_string}\"},\"query-input\":{\"@type\":\"PropertyValueSpecification\",\"valueRequired\":true,\"valueName\":\"search_term_string\"}}],\"inLanguage\":\"es\"},{\"@type\":\"Organization\",\"@id\":\"https:\\\/\\\/noticiasmercedinas.com\\\/site\\\/#organization\",\"name\":\"NOTICIASMERCEDINAS.COM\",\"url\":\"https:\\\/\\\/noticiasmercedinas.com\\\/site\\\/\",\"logo\":{\"@type\":\"ImageObject\",\"inLanguage\":\"es\",\"@id\":\"https:\\\/\\\/noticiasmercedinas.com\\\/site\\\/#\\\/schema\\\/logo\\\/image\\\/\",\"url\":\"https:\\\/\\\/noticiasmercedinas.com\\\/site\\\/wp-content\\\/uploads\\\/2020\\\/06\\\/LOGO-512.jpg\",\"contentUrl\":\"https:\\\/\\\/noticiasmercedinas.com\\\/site\\\/wp-content\\\/uploads\\\/2020\\\/06\\\/LOGO-512.jpg\",\"width\":512,\"height\":512,\"caption\":\"NOTICIASMERCEDINAS.COM\"},\"image\":{\"@id\":\"https:\\\/\\\/noticiasmercedinas.com\\\/site\\\/#\\\/schema\\\/logo\\\/image\\\/\"},\"sameAs\":[\"https:\\\/\\\/www.facebook.com\\\/noticiasmercedinas\\\/\",\"https:\\\/\\\/x.com\\\/notmercedinas\",\"https:\\\/\\\/www.instagram.com\\\/noticiasmercedinas\\\/\"]},{\"@type\":\"Person\",\"@id\":\"https:\\\/\\\/noticiasmercedinas.com\\\/site\\\/#\\\/schema\\\/person\\\/d481a9696a5feaec13a60e2bbd991a6a\",\"name\":\"Cristian Falabella NOTICIASMERCEDINAS.COM\",\"image\":{\"@type\":\"ImageObject\",\"inLanguage\":\"es\",\"@id\":\"https:\\\/\\\/secure.gravatar.com\\\/avatar\\\/0dbbfc45970cc46bcd0e57766228574ff3511d6eed045b182f536f0f478c1f06?s=96&d=mm&r=g\",\"url\":\"https:\\\/\\\/secure.gravatar.com\\\/avatar\\\/0dbbfc45970cc46bcd0e57766228574ff3511d6eed045b182f536f0f478c1f06?s=96&d=mm&r=g\",\"contentUrl\":\"https:\\\/\\\/secure.gravatar.com\\\/avatar\\\/0dbbfc45970cc46bcd0e57766228574ff3511d6eed045b182f536f0f478c1f06?s=96&d=mm&r=g\",\"caption\":\"Cristian Falabella NOTICIASMERCEDINAS.COM\"},\"description\":\"Periodista, editor de Noticias Mercedinas. Pas\u00f3 por varias redacciones y emprendimientos de prensa, en distintos formatos y \u00e9pocas. Se especializ\u00f3 --y sigue haci\u00e9ndolo-- en comunicaci\u00f3n en la web y en junio de 2006 fund\u00f3 este diario digital.\",\"sameAs\":[\"https:\\\/\\\/noticiasmercedinas.com\",\"https:\\\/\\\/www.facebook.com\\\/cristian.falabella\",\"https:\\\/\\\/www.instagram.com\\\/noticiasmercedinas\\\/\",\"https:\\\/\\\/x.com\\\/https:\\\/\\\/twitter.com\\\/NOTMERCEDINAS\"],\"url\":\"https:\\\/\\\/noticiasmercedinas.com\\\/site\\\/author\\\/as000384\\\/\"}]}<\/script>\n<!-- \/ Yoast SEO plugin. -->","yoast_head_json":{"title":"M\u00fasicos locales tendr\u00e1n difusi\u00f3n en radio digital Horacio Guarany","robots":{"index":"index","follow":"follow","max-snippet":"max-snippet:-1","max-image-preview":"max-image-preview:large","max-video-preview":"max-video-preview:-1"},"canonical":"https:\/\/noticiasmercedinas.com\/site\/2020\/10\/21\/musicos-locales-tendran-difusion-en-radio-digital-horacio-guarany\/","og_locale":"es_ES","og_type":"article","og_title":"M\u00fasicos locales tendr\u00e1n difusi\u00f3n en radio digital Horacio Guarany","og_description":"\u25a0 Este viernes a las 22 horas programa especial con Virginia Altube, Tito Sanguinetti, Rulo Godar y Mart\u00edn Soler. \u201cMi ciudad y sus artistas\u201d, conducido por Charly Vera, recientemente afincado en la ciudad.","og_url":"https:\/\/noticiasmercedinas.com\/site\/2020\/10\/21\/musicos-locales-tendran-difusion-en-radio-digital-horacio-guarany\/","og_site_name":"NOTICIASMERCEDINAS.COM","article_publisher":"https:\/\/www.facebook.com\/noticiasmercedinas\/","article_author":"https:\/\/www.facebook.com\/cristian.falabella","article_published_time":"2020-10-21T14:02:36+00:00","og_image":[{"width":640,"height":328,"url":"https:\/\/noticiasmercedinas.com\/site\/wp-content\/uploads\/2020\/10\/titosanguinetti.jpg","type":"image\/jpeg"}],"author":"Cristian Falabella NOTICIASMERCEDINAS.COM","twitter_card":"summary_large_image","twitter_creator":"@https:\/\/twitter.com\/NOTMERCEDINAS","twitter_site":"@notmercedinas","twitter_misc":{"Escrito por":"Cristian Falabella NOTICIASMERCEDINAS.COM","Tiempo de lectura":"2 minutos"},"schema":{"@context":"https:\/\/schema.org","@graph":[{"@type":"Article","@id":"https:\/\/noticiasmercedinas.com\/site\/2020\/10\/21\/musicos-locales-tendran-difusion-en-radio-digital-horacio-guarany\/#article","isPartOf":{"@id":"https:\/\/noticiasmercedinas.com\/site\/2020\/10\/21\/musicos-locales-tendran-difusion-en-radio-digital-horacio-guarany\/"},"author":{"name":"Cristian Falabella NOTICIASMERCEDINAS.COM","@id":"https:\/\/noticiasmercedinas.com\/site\/#\/schema\/person\/d481a9696a5feaec13a60e2bbd991a6a"},"headline":"M\u00fasicos locales tendr\u00e1n difusi\u00f3n en radio digital Horacio Guarany","datePublished":"2020-10-21T14:02:36+00:00","mainEntityOfPage":{"@id":"https:\/\/noticiasmercedinas.com\/site\/2020\/10\/21\/musicos-locales-tendran-difusion-en-radio-digital-horacio-guarany\/"},"wordCount":354,"commentCount":0,"publisher":{"@id":"https:\/\/noticiasmercedinas.com\/site\/#organization"},"image":{"@id":"https:\/\/noticiasmercedinas.com\/site\/2020\/10\/21\/musicos-locales-tendran-difusion-en-radio-digital-horacio-guarany\/#primaryimage"},"thumbnailUrl":"https:\/\/noticiasmercedinas.com\/site\/wp-content\/uploads\/2020\/10\/titosanguinetti.jpg","keywords":["charly vera","Mart\u00edn Soler","radio","radio horacio guarany","Rulo Godar","tito sanguinetti","virginia altube"],"articleSection":["Medios"],"inLanguage":"es","potentialAction":[{"@type":"CommentAction","name":"Comment","target":["https:\/\/noticiasmercedinas.com\/site\/2020\/10\/21\/musicos-locales-tendran-difusion-en-radio-digital-horacio-guarany\/#respond"]}]},{"@type":"WebPage","@id":"https:\/\/noticiasmercedinas.com\/site\/2020\/10\/21\/musicos-locales-tendran-difusion-en-radio-digital-horacio-guarany\/","url":"https:\/\/noticiasmercedinas.com\/site\/2020\/10\/21\/musicos-locales-tendran-difusion-en-radio-digital-horacio-guarany\/","name":"M\u00fasicos locales tendr\u00e1n difusi\u00f3n en radio digital Horacio Guarany","isPartOf":{"@id":"https:\/\/noticiasmercedinas.com\/site\/#website"},"primaryImageOfPage":{"@id":"https:\/\/noticiasmercedinas.com\/site\/2020\/10\/21\/musicos-locales-tendran-difusion-en-radio-digital-horacio-guarany\/#primaryimage"},"image":{"@id":"https:\/\/noticiasmercedinas.com\/site\/2020\/10\/21\/musicos-locales-tendran-difusion-en-radio-digital-horacio-guarany\/#primaryimage"},"thumbnailUrl":"https:\/\/noticiasmercedinas.com\/site\/wp-content\/uploads\/2020\/10\/titosanguinetti.jpg","datePublished":"2020-10-21T14:02:36+00:00","breadcrumb":{"@id":"https:\/\/noticiasmercedinas.com\/site\/2020\/10\/21\/musicos-locales-tendran-difusion-en-radio-digital-horacio-guarany\/#breadcrumb"},"inLanguage":"es","potentialAction":[{"@type":"ReadAction","target":["https:\/\/noticiasmercedinas.com\/site\/2020\/10\/21\/musicos-locales-tendran-difusion-en-radio-digital-horacio-guarany\/"]}]},{"@type":"ImageObject","inLanguage":"es","@id":"https:\/\/noticiasmercedinas.com\/site\/2020\/10\/21\/musicos-locales-tendran-difusion-en-radio-digital-horacio-guarany\/#primaryimage","url":"https:\/\/noticiasmercedinas.com\/site\/wp-content\/uploads\/2020\/10\/titosanguinetti.jpg","contentUrl":"https:\/\/noticiasmercedinas.com\/site\/wp-content\/uploads\/2020\/10\/titosanguinetti.jpg","width":640,"height":328},{"@type":"BreadcrumbList","@id":"https:\/\/noticiasmercedinas.com\/site\/2020\/10\/21\/musicos-locales-tendran-difusion-en-radio-digital-horacio-guarany\/#breadcrumb","itemListElement":[{"@type":"ListItem","position":1,"name":"Portada","item":"https:\/\/noticiasmercedinas.com\/site\/"},{"@type":"ListItem","position":2,"name":"M\u00fasicos locales tendr\u00e1n difusi\u00f3n en radio digital Horacio Guarany"}]},{"@type":"WebSite","@id":"https:\/\/noticiasmercedinas.com\/site\/#website","url":"https:\/\/noticiasmercedinas.com\/site\/","name":"NOTICIASMERCEDINAS.COM","description":"Mercedes, Buenos Aires, Argentina","publisher":{"@id":"https:\/\/noticiasmercedinas.com\/site\/#organization"},"potentialAction":[{"@type":"SearchAction","target":{"@type":"EntryPoint","urlTemplate":"https:\/\/noticiasmercedinas.com\/site\/?s={search_term_string}"},"query-input":{"@type":"PropertyValueSpecification","valueRequired":true,"valueName":"search_term_string"}}],"inLanguage":"es"},{"@type":"Organization","@id":"https:\/\/noticiasmercedinas.com\/site\/#organization","name":"NOTICIASMERCEDINAS.COM","url":"https:\/\/noticiasmercedinas.com\/site\/","logo":{"@type":"ImageObject","inLanguage":"es","@id":"https:\/\/noticiasmercedinas.com\/site\/#\/schema\/logo\/image\/","url":"https:\/\/noticiasmercedinas.com\/site\/wp-content\/uploads\/2020\/06\/LOGO-512.jpg","contentUrl":"https:\/\/noticiasmercedinas.com\/site\/wp-content\/uploads\/2020\/06\/LOGO-512.jpg","width":512,"height":512,"caption":"NOTICIASMERCEDINAS.COM"},"image":{"@id":"https:\/\/noticiasmercedinas.com\/site\/#\/schema\/logo\/image\/"},"sameAs":["https:\/\/www.facebook.com\/noticiasmercedinas\/","https:\/\/x.com\/notmercedinas","https:\/\/www.instagram.com\/noticiasmercedinas\/"]},{"@type":"Person","@id":"https:\/\/noticiasmercedinas.com\/site\/#\/schema\/person\/d481a9696a5feaec13a60e2bbd991a6a","name":"Cristian Falabella NOTICIASMERCEDINAS.COM","image":{"@type":"ImageObject","inLanguage":"es","@id":"https:\/\/secure.gravatar.com\/avatar\/0dbbfc45970cc46bcd0e57766228574ff3511d6eed045b182f536f0f478c1f06?s=96&d=mm&r=g","url":"https:\/\/secure.gravatar.com\/avatar\/0dbbfc45970cc46bcd0e57766228574ff3511d6eed045b182f536f0f478c1f06?s=96&d=mm&r=g","contentUrl":"https:\/\/secure.gravatar.com\/avatar\/0dbbfc45970cc46bcd0e57766228574ff3511d6eed045b182f536f0f478c1f06?s=96&d=mm&r=g","caption":"Cristian Falabella NOTICIASMERCEDINAS.COM"},"description":"Periodista, editor de Noticias Mercedinas. Pas\u00f3 por varias redacciones y emprendimientos de prensa, en distintos formatos y \u00e9pocas. Se especializ\u00f3 --y sigue haci\u00e9ndolo-- en comunicaci\u00f3n en la web y en junio de 2006 fund\u00f3 este diario digital.","sameAs":["https:\/\/noticiasmercedinas.com","https:\/\/www.facebook.com\/cristian.falabella","https:\/\/www.instagram.com\/noticiasmercedinas\/","https:\/\/x.com\/https:\/\/twitter.com\/NOTMERCEDINAS"],"url":"https:\/\/noticiasmercedinas.com\/site\/author\/as000384\/"}]}},"amp_enabled":true,"_links":{"self":[{"href":"https:\/\/noticiasmercedinas.com\/site\/wp-json\/wp\/v2\/posts\/55122","targetHints":{"allow":["GET"]}}],"collection":[{"href":"https:\/\/noticiasmercedinas.com\/site\/wp-json\/wp\/v2\/posts"}],"about":[{"href":"https:\/\/noticiasmercedinas.com\/site\/wp-json\/wp\/v2\/types\/post"}],"author":[{"embeddable":true,"href":"https:\/\/noticiasmercedinas.com\/site\/wp-json\/wp\/v2\/users\/2"}],"replies":[{"embeddable":true,"href":"https:\/\/noticiasmercedinas.com\/site\/wp-json\/wp\/v2\/comments?post=55122"}],"version-history":[{"count":1,"href":"https:\/\/noticiasmercedinas.com\/site\/wp-json\/wp\/v2\/posts\/55122\/revisions"}],"predecessor-version":[{"id":55124,"href":"https:\/\/noticiasmercedinas.com\/site\/wp-json\/wp\/v2\/posts\/55122\/revisions\/55124"}],"wp:featuredmedia":[{"embeddable":true,"href":"https:\/\/noticiasmercedinas.com\/site\/wp-json\/wp\/v2\/media\/55123"}],"wp:attachment":[{"href":"https:\/\/noticiasmercedinas.com\/site\/wp-json\/wp\/v2\/media?parent=55122"}],"wp:term":[{"taxonomy":"category","embeddable":true,"href":"https:\/\/noticiasmercedinas.com\/site\/wp-json\/wp\/v2\/categories?post=55122"},{"taxonomy":"post_tag","embeddable":true,"href":"https:\/\/noticiasmercedinas.com\/site\/wp-json\/wp\/v2\/tags?post=55122"}],"curies":[{"name":"wp","href":"https:\/\/api.w.org\/{rel}","templated":true}]}}