{"id":55178,"date":"2020-10-22T14:33:48","date_gmt":"2020-10-22T17:33:48","guid":{"rendered":"https:\/\/noticiasmercedinas.com\/site\/?p=55178"},"modified":"2020-10-22T14:38:29","modified_gmt":"2020-10-22T17:38:29","slug":"la-identidad-es-el-eje-de-nuestra-vida","status":"publish","type":"post","link":"https:\/\/noticiasmercedinas.com\/site\/2020\/10\/22\/la-identidad-es-el-eje-de-nuestra-vida\/","title":{"rendered":"La Identidad es el eje de nuestra vida"},"content":{"rendered":"<p><img loading=\"lazy\" decoding=\"async\" class=\"alignnone size-full wp-image-55179\" src=\"https:\/\/noticiasmercedinas.com\/site\/wp-content\/uploads\/2020\/10\/122331887_4525468807494571_2318960789240880620_o.jpg\" alt=\"\" width=\"640\" height=\"485\" srcset=\"https:\/\/noticiasmercedinas.com\/site\/wp-content\/uploads\/2020\/10\/122331887_4525468807494571_2318960789240880620_o.jpg 640w, https:\/\/noticiasmercedinas.com\/site\/wp-content\/uploads\/2020\/10\/122331887_4525468807494571_2318960789240880620_o-300x227.jpg 300w, https:\/\/noticiasmercedinas.com\/site\/wp-content\/uploads\/2020\/10\/122331887_4525468807494571_2318960789240880620_o-80x60.jpg 80w, https:\/\/noticiasmercedinas.com\/site\/wp-content\/uploads\/2020\/10\/122331887_4525468807494571_2318960789240880620_o-160x120.jpg 160w, https:\/\/noticiasmercedinas.com\/site\/wp-content\/uploads\/2020\/10\/122331887_4525468807494571_2318960789240880620_o-100x75.jpg 100w, https:\/\/noticiasmercedinas.com\/site\/wp-content\/uploads\/2020\/10\/122331887_4525468807494571_2318960789240880620_o-180x135.jpg 180w\" sizes=\"auto, (max-width: 640px) 100vw, 640px\" \/><\/p>\n<p><strong><em>Por Virginia Altube<\/em><\/strong><\/p>\n<p>Hoy, D\u00eda del derecho a la Identidad, y lo quiero sentir desde una historia, desde la emoci\u00f3n, que es \u00faltimamente en lo que m\u00e1s conf\u00edo, de mi misma.<\/p>\n<p>Esta imagen, para m\u00ed resume una historia, muchas historias: Mar\u00eda Eugenia estuvo desaparecida, apropiada por un represor durante ocho a\u00f1os, y fue restituida en octubre de 1985, por la lucha, la b\u00fasqueda incansable de Las Abuelas, y de Ana, su madre, mujer entera como pocas, y de Oscar, su padre.<\/p>\n<p>El a\u00f1o anterior hab\u00eda sido restituido su hermanito Felipe.<\/p>\n<p>La otra ni\u00f1a de la foto es Magdalena&#8230; Aferrada fuertemente a su mano, Euge entr\u00f3 por primera vez a su nueva escuela, a pocos d\u00edas de su restituci\u00f3n, las dos en la plenitud de su inocencia, buscando una infancia luminosa.<\/p>\n<p>Cuando Euge y Felipe pusieron un pi\u00e9 en su hogar, sus nombres anteriores se esfumaron, como por arte de magia, como por arte de vida y de justicia. Una familia los esperaba.<\/p>\n<blockquote><p>Fueron las Abuelas de Plaza de Mayo (y me viene fuerte la imagen de Chicha Mariani) quienes con su entereza, su lucha, su \u00e9tica pusieron en la calle esta reinvindicaci\u00f3n del derecho a la identidad, a trav\u00e9s de su b\u00fasqueda llena de coraje, atravesando cualquier muro que se interpusiera.<\/p><\/blockquote>\n<p>Esos ni\u00f1os y ni\u00f1as, despu\u00e9s j\u00f3venes, ahora adultos y adultas, siempre fueron buscados, esperados, deseados, hubo y habr\u00e1 el nido c\u00e1lido, latente, el propio, el \u00fanico para ellos.<\/p>\n<p>Fueron las Abuelas de Plaza de Mayo (y me viene fuerte la imagen de Chicha Mariani) quienes con su entereza, su lucha, su \u00e9tica pusieron en la calle esta reinvindicaci\u00f3n del derecho a la identidad, a trav\u00e9s de su b\u00fasqueda llena de coraje, atravesando cualquier muro que se interpusiera. Por eso, y tambi\u00e9n desde la emoci\u00f3n, me duelen los discursos oportunistas, ambiguos, y m\u00e1s a\u00fan los discursos violentos, de los que defienden sus propios privilegios.<\/p>\n<p>La Identidad es el eje de nuestra vida, de nuestro devenir, cuando eso est\u00e1 fuerte nadie ni nada nos para. Por eso, pienso, digo, es ah\u00ed donde el poder global ha apuntado, para debilitarnos en lo individual y lo colectivo, proponernos la hibridez, como a los pollos: sin sabor, sin tonicidad, licuables&#8230;<\/p>\n<p>Pero hoy, amigos y amigas, cumpas, me quedo con esta imagen, porque me da una dulce esperanza, y ah\u00ed siento que todo vale, vali\u00f3, la pena&#8230;<\/p>\n<hr \/>\n<p><em>* Virginia Altube es docente jubilada y cantante, integrante de la Comisi\u00f3n de Familiares y Amigos de Asesinados y Desaparecidos por la DictAdura<\/em><\/p>\n","protected":false},"excerpt":{"rendered":"<p>Por Virginia Altube Hoy, D\u00eda del derecho a la Identidad, y lo quiero sentir desde una historia, desde la emoci\u00f3n, que es \u00faltimamente en lo que m\u00e1s conf\u00edo, de mi misma. Esta imagen, para m\u00ed resume una historia, muchas historias: Mar\u00eda Eugenia estuvo desaparecida, apropiada por un represor durante ocho a\u00f1os, y fue restituida en [&hellip;]<\/p>\n","protected":false},"author":16,"featured_media":55179,"comment_status":"open","ping_status":"open","sticky":false,"template":"","format":"standard","meta":{"footnotes":""},"categories":[8],"tags":[4369,6430,699,164],"class_list":["post-55178","post","type-post","status-publish","format-standard","has-post-thumbnail","hentry","category-opinion","tag-abuelas-de-plaza-de-mayo","tag-identidad","tag-memoria","tag-virginia-altube"],"yoast_head":"<!-- This site is optimized with the Yoast SEO plugin v27.5 - https:\/\/yoast.com\/product\/yoast-seo-wordpress\/ -->\n<title>La Identidad es el eje de nuestra vida<\/title>\n<meta name=\"robots\" content=\"index, follow, max-snippet:-1, max-image-preview:large, max-video-preview:-1\" \/>\n<link rel=\"canonical\" href=\"https:\/\/noticiasmercedinas.com\/site\/2020\/10\/22\/la-identidad-es-el-eje-de-nuestra-vida\/\" \/>\n<meta property=\"og:locale\" content=\"es_ES\" \/>\n<meta property=\"og:type\" content=\"article\" \/>\n<meta property=\"og:title\" content=\"La Identidad es el eje de nuestra vida\" \/>\n<meta property=\"og:description\" content=\"Por Virginia Altube Hoy, D\u00eda del derecho a la Identidad, y lo quiero sentir desde una historia, desde la emoci\u00f3n, que es \u00faltimamente en lo que m\u00e1s conf\u00edo, de mi misma. Esta imagen, para m\u00ed resume una historia, muchas historias: Mar\u00eda Eugenia estuvo desaparecida, apropiada por un represor durante ocho a\u00f1os, y fue restituida en [&hellip;]\" \/>\n<meta property=\"og:url\" content=\"https:\/\/noticiasmercedinas.com\/site\/2020\/10\/22\/la-identidad-es-el-eje-de-nuestra-vida\/\" \/>\n<meta property=\"og:site_name\" content=\"NOTICIASMERCEDINAS.COM\" \/>\n<meta property=\"article:publisher\" content=\"https:\/\/www.facebook.com\/noticiasmercedinas\/\" \/>\n<meta property=\"article:published_time\" content=\"2020-10-22T17:33:48+00:00\" \/>\n<meta property=\"article:modified_time\" content=\"2020-10-22T17:38:29+00:00\" \/>\n<meta property=\"og:image\" content=\"https:\/\/noticiasmercedinas.com\/site\/wp-content\/uploads\/2020\/10\/122331887_4525468807494571_2318960789240880620_o.jpg\" \/>\n\t<meta property=\"og:image:width\" content=\"640\" \/>\n\t<meta property=\"og:image:height\" content=\"485\" \/>\n\t<meta property=\"og:image:type\" content=\"image\/jpeg\" \/>\n<meta name=\"author\" content=\"NOTICIASMERCEDINAS.COM\" \/>\n<meta name=\"twitter:card\" content=\"summary_large_image\" \/>\n<meta name=\"twitter:creator\" content=\"@notmercedinas\" \/>\n<meta name=\"twitter:site\" content=\"@notmercedinas\" \/>\n<meta name=\"twitter:label1\" content=\"Escrito por\" \/>\n\t<meta name=\"twitter:data1\" content=\"NOTICIASMERCEDINAS.COM\" \/>\n\t<meta name=\"twitter:label2\" content=\"Tiempo de lectura\" \/>\n\t<meta name=\"twitter:data2\" content=\"2 minutos\" \/>\n<script type=\"application\/ld+json\" class=\"yoast-schema-graph\">{\"@context\":\"https:\\\/\\\/schema.org\",\"@graph\":[{\"@type\":\"Article\",\"@id\":\"https:\\\/\\\/noticiasmercedinas.com\\\/site\\\/2020\\\/10\\\/22\\\/la-identidad-es-el-eje-de-nuestra-vida\\\/#article\",\"isPartOf\":{\"@id\":\"https:\\\/\\\/noticiasmercedinas.com\\\/site\\\/2020\\\/10\\\/22\\\/la-identidad-es-el-eje-de-nuestra-vida\\\/\"},\"author\":{\"name\":\"NOTICIASMERCEDINAS.COM\",\"@id\":\"https:\\\/\\\/noticiasmercedinas.com\\\/site\\\/#\\\/schema\\\/person\\\/84b59c099c28ff2e8b77d4ceec5d8063\"},\"headline\":\"La Identidad es el eje de nuestra vida\",\"datePublished\":\"2020-10-22T17:33:48+00:00\",\"dateModified\":\"2020-10-22T17:38:29+00:00\",\"mainEntityOfPage\":{\"@id\":\"https:\\\/\\\/noticiasmercedinas.com\\\/site\\\/2020\\\/10\\\/22\\\/la-identidad-es-el-eje-de-nuestra-vida\\\/\"},\"wordCount\":449,\"commentCount\":0,\"publisher\":{\"@id\":\"https:\\\/\\\/noticiasmercedinas.com\\\/site\\\/#organization\"},\"image\":{\"@id\":\"https:\\\/\\\/noticiasmercedinas.com\\\/site\\\/2020\\\/10\\\/22\\\/la-identidad-es-el-eje-de-nuestra-vida\\\/#primaryimage\"},\"thumbnailUrl\":\"https:\\\/\\\/noticiasmercedinas.com\\\/site\\\/wp-content\\\/uploads\\\/2020\\\/10\\\/122331887_4525468807494571_2318960789240880620_o.jpg\",\"keywords\":[\"abuelas de plaza de mayo\",\"identidad\",\"memoria\",\"virginia altube\"],\"articleSection\":[\"Opinion\"],\"inLanguage\":\"es\",\"potentialAction\":[{\"@type\":\"CommentAction\",\"name\":\"Comment\",\"target\":[\"https:\\\/\\\/noticiasmercedinas.com\\\/site\\\/2020\\\/10\\\/22\\\/la-identidad-es-el-eje-de-nuestra-vida\\\/#respond\"]}]},{\"@type\":\"WebPage\",\"@id\":\"https:\\\/\\\/noticiasmercedinas.com\\\/site\\\/2020\\\/10\\\/22\\\/la-identidad-es-el-eje-de-nuestra-vida\\\/\",\"url\":\"https:\\\/\\\/noticiasmercedinas.com\\\/site\\\/2020\\\/10\\\/22\\\/la-identidad-es-el-eje-de-nuestra-vida\\\/\",\"name\":\"La Identidad es el eje de nuestra vida\",\"isPartOf\":{\"@id\":\"https:\\\/\\\/noticiasmercedinas.com\\\/site\\\/#website\"},\"primaryImageOfPage\":{\"@id\":\"https:\\\/\\\/noticiasmercedinas.com\\\/site\\\/2020\\\/10\\\/22\\\/la-identidad-es-el-eje-de-nuestra-vida\\\/#primaryimage\"},\"image\":{\"@id\":\"https:\\\/\\\/noticiasmercedinas.com\\\/site\\\/2020\\\/10\\\/22\\\/la-identidad-es-el-eje-de-nuestra-vida\\\/#primaryimage\"},\"thumbnailUrl\":\"https:\\\/\\\/noticiasmercedinas.com\\\/site\\\/wp-content\\\/uploads\\\/2020\\\/10\\\/122331887_4525468807494571_2318960789240880620_o.jpg\",\"datePublished\":\"2020-10-22T17:33:48+00:00\",\"dateModified\":\"2020-10-22T17:38:29+00:00\",\"breadcrumb\":{\"@id\":\"https:\\\/\\\/noticiasmercedinas.com\\\/site\\\/2020\\\/10\\\/22\\\/la-identidad-es-el-eje-de-nuestra-vida\\\/#breadcrumb\"},\"inLanguage\":\"es\",\"potentialAction\":[{\"@type\":\"ReadAction\",\"target\":[\"https:\\\/\\\/noticiasmercedinas.com\\\/site\\\/2020\\\/10\\\/22\\\/la-identidad-es-el-eje-de-nuestra-vida\\\/\"]}]},{\"@type\":\"ImageObject\",\"inLanguage\":\"es\",\"@id\":\"https:\\\/\\\/noticiasmercedinas.com\\\/site\\\/2020\\\/10\\\/22\\\/la-identidad-es-el-eje-de-nuestra-vida\\\/#primaryimage\",\"url\":\"https:\\\/\\\/noticiasmercedinas.com\\\/site\\\/wp-content\\\/uploads\\\/2020\\\/10\\\/122331887_4525468807494571_2318960789240880620_o.jpg\",\"contentUrl\":\"https:\\\/\\\/noticiasmercedinas.com\\\/site\\\/wp-content\\\/uploads\\\/2020\\\/10\\\/122331887_4525468807494571_2318960789240880620_o.jpg\",\"width\":640,\"height\":485},{\"@type\":\"BreadcrumbList\",\"@id\":\"https:\\\/\\\/noticiasmercedinas.com\\\/site\\\/2020\\\/10\\\/22\\\/la-identidad-es-el-eje-de-nuestra-vida\\\/#breadcrumb\",\"itemListElement\":[{\"@type\":\"ListItem\",\"position\":1,\"name\":\"Portada\",\"item\":\"https:\\\/\\\/noticiasmercedinas.com\\\/site\\\/\"},{\"@type\":\"ListItem\",\"position\":2,\"name\":\"La Identidad es el eje de nuestra vida\"}]},{\"@type\":\"WebSite\",\"@id\":\"https:\\\/\\\/noticiasmercedinas.com\\\/site\\\/#website\",\"url\":\"https:\\\/\\\/noticiasmercedinas.com\\\/site\\\/\",\"name\":\"NOTICIASMERCEDINAS.COM\",\"description\":\"Mercedes, Buenos Aires, Argentina\",\"publisher\":{\"@id\":\"https:\\\/\\\/noticiasmercedinas.com\\\/site\\\/#organization\"},\"potentialAction\":[{\"@type\":\"SearchAction\",\"target\":{\"@type\":\"EntryPoint\",\"urlTemplate\":\"https:\\\/\\\/noticiasmercedinas.com\\\/site\\\/?s={search_term_string}\"},\"query-input\":{\"@type\":\"PropertyValueSpecification\",\"valueRequired\":true,\"valueName\":\"search_term_string\"}}],\"inLanguage\":\"es\"},{\"@type\":\"Organization\",\"@id\":\"https:\\\/\\\/noticiasmercedinas.com\\\/site\\\/#organization\",\"name\":\"NOTICIASMERCEDINAS.COM\",\"url\":\"https:\\\/\\\/noticiasmercedinas.com\\\/site\\\/\",\"logo\":{\"@type\":\"ImageObject\",\"inLanguage\":\"es\",\"@id\":\"https:\\\/\\\/noticiasmercedinas.com\\\/site\\\/#\\\/schema\\\/logo\\\/image\\\/\",\"url\":\"https:\\\/\\\/noticiasmercedinas.com\\\/site\\\/wp-content\\\/uploads\\\/2020\\\/06\\\/LOGO-512.jpg\",\"contentUrl\":\"https:\\\/\\\/noticiasmercedinas.com\\\/site\\\/wp-content\\\/uploads\\\/2020\\\/06\\\/LOGO-512.jpg\",\"width\":512,\"height\":512,\"caption\":\"NOTICIASMERCEDINAS.COM\"},\"image\":{\"@id\":\"https:\\\/\\\/noticiasmercedinas.com\\\/site\\\/#\\\/schema\\\/logo\\\/image\\\/\"},\"sameAs\":[\"https:\\\/\\\/www.facebook.com\\\/noticiasmercedinas\\\/\",\"https:\\\/\\\/x.com\\\/notmercedinas\",\"https:\\\/\\\/www.instagram.com\\\/noticiasmercedinas\\\/\"]},{\"@type\":\"Person\",\"@id\":\"https:\\\/\\\/noticiasmercedinas.com\\\/site\\\/#\\\/schema\\\/person\\\/84b59c099c28ff2e8b77d4ceec5d8063\",\"name\":\"NOTICIASMERCEDINAS.COM\",\"image\":{\"@type\":\"ImageObject\",\"inLanguage\":\"es\",\"@id\":\"https:\\\/\\\/secure.gravatar.com\\\/avatar\\\/4dfbf16b4d17945bfb6341b2d19043457132fcf478a5ee04f42e959fd8f5df0a?s=96&d=mm&r=g\",\"url\":\"https:\\\/\\\/secure.gravatar.com\\\/avatar\\\/4dfbf16b4d17945bfb6341b2d19043457132fcf478a5ee04f42e959fd8f5df0a?s=96&d=mm&r=g\",\"contentUrl\":\"https:\\\/\\\/secure.gravatar.com\\\/avatar\\\/4dfbf16b4d17945bfb6341b2d19043457132fcf478a5ee04f42e959fd8f5df0a?s=96&d=mm&r=g\",\"caption\":\"NOTICIASMERCEDINAS.COM\"},\"url\":\"https:\\\/\\\/noticiasmercedinas.com\\\/site\\\/author\\\/anonimo\\\/\"}]}<\/script>\n<!-- \/ Yoast SEO plugin. -->","yoast_head_json":{"title":"La Identidad es el eje de nuestra vida","robots":{"index":"index","follow":"follow","max-snippet":"max-snippet:-1","max-image-preview":"max-image-preview:large","max-video-preview":"max-video-preview:-1"},"canonical":"https:\/\/noticiasmercedinas.com\/site\/2020\/10\/22\/la-identidad-es-el-eje-de-nuestra-vida\/","og_locale":"es_ES","og_type":"article","og_title":"La Identidad es el eje de nuestra vida","og_description":"Por Virginia Altube Hoy, D\u00eda del derecho a la Identidad, y lo quiero sentir desde una historia, desde la emoci\u00f3n, que es \u00faltimamente en lo que m\u00e1s conf\u00edo, de mi misma. Esta imagen, para m\u00ed resume una historia, muchas historias: Mar\u00eda Eugenia estuvo desaparecida, apropiada por un represor durante ocho a\u00f1os, y fue restituida en [&hellip;]","og_url":"https:\/\/noticiasmercedinas.com\/site\/2020\/10\/22\/la-identidad-es-el-eje-de-nuestra-vida\/","og_site_name":"NOTICIASMERCEDINAS.COM","article_publisher":"https:\/\/www.facebook.com\/noticiasmercedinas\/","article_published_time":"2020-10-22T17:33:48+00:00","article_modified_time":"2020-10-22T17:38:29+00:00","og_image":[{"width":640,"height":485,"url":"https:\/\/noticiasmercedinas.com\/site\/wp-content\/uploads\/2020\/10\/122331887_4525468807494571_2318960789240880620_o.jpg","type":"image\/jpeg"}],"author":"NOTICIASMERCEDINAS.COM","twitter_card":"summary_large_image","twitter_creator":"@notmercedinas","twitter_site":"@notmercedinas","twitter_misc":{"Escrito por":"NOTICIASMERCEDINAS.COM","Tiempo de lectura":"2 minutos"},"schema":{"@context":"https:\/\/schema.org","@graph":[{"@type":"Article","@id":"https:\/\/noticiasmercedinas.com\/site\/2020\/10\/22\/la-identidad-es-el-eje-de-nuestra-vida\/#article","isPartOf":{"@id":"https:\/\/noticiasmercedinas.com\/site\/2020\/10\/22\/la-identidad-es-el-eje-de-nuestra-vida\/"},"author":{"name":"NOTICIASMERCEDINAS.COM","@id":"https:\/\/noticiasmercedinas.com\/site\/#\/schema\/person\/84b59c099c28ff2e8b77d4ceec5d8063"},"headline":"La Identidad es el eje de nuestra vida","datePublished":"2020-10-22T17:33:48+00:00","dateModified":"2020-10-22T17:38:29+00:00","mainEntityOfPage":{"@id":"https:\/\/noticiasmercedinas.com\/site\/2020\/10\/22\/la-identidad-es-el-eje-de-nuestra-vida\/"},"wordCount":449,"commentCount":0,"publisher":{"@id":"https:\/\/noticiasmercedinas.com\/site\/#organization"},"image":{"@id":"https:\/\/noticiasmercedinas.com\/site\/2020\/10\/22\/la-identidad-es-el-eje-de-nuestra-vida\/#primaryimage"},"thumbnailUrl":"https:\/\/noticiasmercedinas.com\/site\/wp-content\/uploads\/2020\/10\/122331887_4525468807494571_2318960789240880620_o.jpg","keywords":["abuelas de plaza de mayo","identidad","memoria","virginia altube"],"articleSection":["Opinion"],"inLanguage":"es","potentialAction":[{"@type":"CommentAction","name":"Comment","target":["https:\/\/noticiasmercedinas.com\/site\/2020\/10\/22\/la-identidad-es-el-eje-de-nuestra-vida\/#respond"]}]},{"@type":"WebPage","@id":"https:\/\/noticiasmercedinas.com\/site\/2020\/10\/22\/la-identidad-es-el-eje-de-nuestra-vida\/","url":"https:\/\/noticiasmercedinas.com\/site\/2020\/10\/22\/la-identidad-es-el-eje-de-nuestra-vida\/","name":"La Identidad es el eje de nuestra vida","isPartOf":{"@id":"https:\/\/noticiasmercedinas.com\/site\/#website"},"primaryImageOfPage":{"@id":"https:\/\/noticiasmercedinas.com\/site\/2020\/10\/22\/la-identidad-es-el-eje-de-nuestra-vida\/#primaryimage"},"image":{"@id":"https:\/\/noticiasmercedinas.com\/site\/2020\/10\/22\/la-identidad-es-el-eje-de-nuestra-vida\/#primaryimage"},"thumbnailUrl":"https:\/\/noticiasmercedinas.com\/site\/wp-content\/uploads\/2020\/10\/122331887_4525468807494571_2318960789240880620_o.jpg","datePublished":"2020-10-22T17:33:48+00:00","dateModified":"2020-10-22T17:38:29+00:00","breadcrumb":{"@id":"https:\/\/noticiasmercedinas.com\/site\/2020\/10\/22\/la-identidad-es-el-eje-de-nuestra-vida\/#breadcrumb"},"inLanguage":"es","potentialAction":[{"@type":"ReadAction","target":["https:\/\/noticiasmercedinas.com\/site\/2020\/10\/22\/la-identidad-es-el-eje-de-nuestra-vida\/"]}]},{"@type":"ImageObject","inLanguage":"es","@id":"https:\/\/noticiasmercedinas.com\/site\/2020\/10\/22\/la-identidad-es-el-eje-de-nuestra-vida\/#primaryimage","url":"https:\/\/noticiasmercedinas.com\/site\/wp-content\/uploads\/2020\/10\/122331887_4525468807494571_2318960789240880620_o.jpg","contentUrl":"https:\/\/noticiasmercedinas.com\/site\/wp-content\/uploads\/2020\/10\/122331887_4525468807494571_2318960789240880620_o.jpg","width":640,"height":485},{"@type":"BreadcrumbList","@id":"https:\/\/noticiasmercedinas.com\/site\/2020\/10\/22\/la-identidad-es-el-eje-de-nuestra-vida\/#breadcrumb","itemListElement":[{"@type":"ListItem","position":1,"name":"Portada","item":"https:\/\/noticiasmercedinas.com\/site\/"},{"@type":"ListItem","position":2,"name":"La Identidad es el eje de nuestra vida"}]},{"@type":"WebSite","@id":"https:\/\/noticiasmercedinas.com\/site\/#website","url":"https:\/\/noticiasmercedinas.com\/site\/","name":"NOTICIASMERCEDINAS.COM","description":"Mercedes, Buenos Aires, Argentina","publisher":{"@id":"https:\/\/noticiasmercedinas.com\/site\/#organization"},"potentialAction":[{"@type":"SearchAction","target":{"@type":"EntryPoint","urlTemplate":"https:\/\/noticiasmercedinas.com\/site\/?s={search_term_string}"},"query-input":{"@type":"PropertyValueSpecification","valueRequired":true,"valueName":"search_term_string"}}],"inLanguage":"es"},{"@type":"Organization","@id":"https:\/\/noticiasmercedinas.com\/site\/#organization","name":"NOTICIASMERCEDINAS.COM","url":"https:\/\/noticiasmercedinas.com\/site\/","logo":{"@type":"ImageObject","inLanguage":"es","@id":"https:\/\/noticiasmercedinas.com\/site\/#\/schema\/logo\/image\/","url":"https:\/\/noticiasmercedinas.com\/site\/wp-content\/uploads\/2020\/06\/LOGO-512.jpg","contentUrl":"https:\/\/noticiasmercedinas.com\/site\/wp-content\/uploads\/2020\/06\/LOGO-512.jpg","width":512,"height":512,"caption":"NOTICIASMERCEDINAS.COM"},"image":{"@id":"https:\/\/noticiasmercedinas.com\/site\/#\/schema\/logo\/image\/"},"sameAs":["https:\/\/www.facebook.com\/noticiasmercedinas\/","https:\/\/x.com\/notmercedinas","https:\/\/www.instagram.com\/noticiasmercedinas\/"]},{"@type":"Person","@id":"https:\/\/noticiasmercedinas.com\/site\/#\/schema\/person\/84b59c099c28ff2e8b77d4ceec5d8063","name":"NOTICIASMERCEDINAS.COM","image":{"@type":"ImageObject","inLanguage":"es","@id":"https:\/\/secure.gravatar.com\/avatar\/4dfbf16b4d17945bfb6341b2d19043457132fcf478a5ee04f42e959fd8f5df0a?s=96&d=mm&r=g","url":"https:\/\/secure.gravatar.com\/avatar\/4dfbf16b4d17945bfb6341b2d19043457132fcf478a5ee04f42e959fd8f5df0a?s=96&d=mm&r=g","contentUrl":"https:\/\/secure.gravatar.com\/avatar\/4dfbf16b4d17945bfb6341b2d19043457132fcf478a5ee04f42e959fd8f5df0a?s=96&d=mm&r=g","caption":"NOTICIASMERCEDINAS.COM"},"url":"https:\/\/noticiasmercedinas.com\/site\/author\/anonimo\/"}]}},"amp_enabled":true,"_links":{"self":[{"href":"https:\/\/noticiasmercedinas.com\/site\/wp-json\/wp\/v2\/posts\/55178","targetHints":{"allow":["GET"]}}],"collection":[{"href":"https:\/\/noticiasmercedinas.com\/site\/wp-json\/wp\/v2\/posts"}],"about":[{"href":"https:\/\/noticiasmercedinas.com\/site\/wp-json\/wp\/v2\/types\/post"}],"author":[{"embeddable":true,"href":"https:\/\/noticiasmercedinas.com\/site\/wp-json\/wp\/v2\/users\/16"}],"replies":[{"embeddable":true,"href":"https:\/\/noticiasmercedinas.com\/site\/wp-json\/wp\/v2\/comments?post=55178"}],"version-history":[{"count":2,"href":"https:\/\/noticiasmercedinas.com\/site\/wp-json\/wp\/v2\/posts\/55178\/revisions"}],"predecessor-version":[{"id":55181,"href":"https:\/\/noticiasmercedinas.com\/site\/wp-json\/wp\/v2\/posts\/55178\/revisions\/55181"}],"wp:featuredmedia":[{"embeddable":true,"href":"https:\/\/noticiasmercedinas.com\/site\/wp-json\/wp\/v2\/media\/55179"}],"wp:attachment":[{"href":"https:\/\/noticiasmercedinas.com\/site\/wp-json\/wp\/v2\/media?parent=55178"}],"wp:term":[{"taxonomy":"category","embeddable":true,"href":"https:\/\/noticiasmercedinas.com\/site\/wp-json\/wp\/v2\/categories?post=55178"},{"taxonomy":"post_tag","embeddable":true,"href":"https:\/\/noticiasmercedinas.com\/site\/wp-json\/wp\/v2\/tags?post=55178"}],"curies":[{"name":"wp","href":"https:\/\/api.w.org\/{rel}","templated":true}]}}