{"id":55288,"date":"2020-10-25T10:39:14","date_gmt":"2020-10-25T13:39:14","guid":{"rendered":"https:\/\/noticiasmercedinas.com\/site\/?p=55288"},"modified":"2020-10-25T10:39:14","modified_gmt":"2020-10-25T13:39:14","slug":"el-porvenir-cumple-75-anos","status":"publish","type":"post","link":"https:\/\/noticiasmercedinas.com\/site\/2020\/10\/25\/el-porvenir-cumple-75-anos\/","title":{"rendered":"El Porvenir cumple 75 a\u00f1os"},"content":{"rendered":"<p><img loading=\"lazy\" decoding=\"async\" class=\"alignnone size-full wp-image-55289\" src=\"https:\/\/noticiasmercedinas.com\/site\/wp-content\/uploads\/2020\/10\/porvenir.png\" alt=\"\" width=\"640\" height=\"386\" \/><br \/>\n75 a\u00f1os atr\u00e1s, un 25 de octubre de 1945, el Club El Porvenir comenzaba a tomar vida en calle 36 entre 11 y 13. Si bien en sus reuniones preliminares la idea fue llamarlo Banfield, quien fue el primer presidente de El Porvenir, Juan Defelipe, destac\u00f3 que ante la gran cantidad de chicos el nombre ten\u00eda que ser El Porvenir, que finalmente fue lo que se instaur\u00f3. Fue entonces que esa barriada comenz\u00f3 a sentirse identificada teniendo otros presidentes como Garibotti y Carlos Antes.<\/p>\n<p>Pero la llegada desde Dock Sud de Ernesto Sartirana, para instalar una carnicer\u00eda en el barrio, le dio un gran impulso a la instituci\u00f3n. Con el acompa\u00f1amiento de Isidro \u201cGallego\u201d Rodr\u00edguez no s\u00f3lo hubo obras, el deporte represent\u00f3 a El Porvenir, d\u00e1ndose la afiliaci\u00f3n a la Liga Mercedina de F\u00fatbol en 1954 para tomar parte sin pausa hasta 1959. El regreso ser\u00eda en 1974 hasta 1980 con futbolistas como los hermanos Mu\u00f1os que ven\u00edan desde Olivera, Luis Ballesteros, Armando Despalanques, Jorge Defelipe, Juan Defelipe (DT), el \u201cNegro\u201d Elizeyri como DT de Inferiores en \u00e9pocas donde jugaban en Ateneo y entrenaban en 15 y 42.<\/p>\n<p>Las comisiones supieron tener tambi\u00e9n en todos estos a\u00f1os a Luis Elizeyri, Pedro L\u00f3pez, Jos\u00e9 Alfino, Carlos Calzetta, Eduardo Vola y A. Pacheco. En tiempos m\u00e1s cercanos Rodolfo Su\u00e1rez, Gerardo \u201cPiky\u201d Caballero, Miguel Chiapuzzo, Oscar Naipauer, Antonio Bartolomeo, Jorge Barcos, Antonio C\u00e1ceres, Hugo Carranza, Carlos Larroque, Angel Che, Francisco Villalva y Francisco Secco.<\/p>\n<p>Aunque El Porvenir no s\u00f3lo ha sido f\u00fatbol, la instalaci\u00f3n de una biblioteca favoreci\u00f3 a la barriada y a los chicos que llegaban para realizar consultas en medio de sus estudios. La presencia en los carnavales de la mano de \u201cChiche\u201d Noriega y su comparsa paseaban los colores verde y rojo por las calles de la ciudad. El crecimiento de la sede ha sido tambi\u00e9n algo de destacar, con Ernesto Sartirana como el puntal que adem\u00e1s no tuvo reparos en sumar jugadores que ven\u00edan desde Buenos Aires.<\/p>\n<p>La bochas, el deporte de los amigos, en tiempos donde la cantina estaba a cargo \u201cPelusa\u201d Maggiolo se incorporan a la Asociaci\u00f3n Mercedina, con recordados boch\u00f3filos: Monsalvo, Arcadio Videla, Oliva, \u201cSapo\u201d Delgiudice y otros tantos. En el club de la 36 el fallecimiento del presidente Dar\u00edo Caballero (estuvo 2011-18) dej\u00f3 un espacio dif\u00edcil de llenar, alguien que la barrida lo quer\u00eda y mucho m\u00e1s los boch\u00f3filos. Hoy representan al club Luciano Soula, Luis Guevara, Sebasti\u00e1n Maggiolo, Carlos Rodr\u00edguez entre otros. La actividad, como todo el deporte, est\u00e1 detenida desde marzo y aguarda por el permiso para retornar.<\/p>\n\r\n                <style type=\"text\/css\">\r\n                    \r\n                    #td_uid_1_69ef29eff1803  .td-doubleSlider-2 .td-item1 {\r\n                        background: url(https:\/\/noticiasmercedinas.com\/site\/wp-content\/uploads\/2020\/10\/club-160x120.jpg) 0 0 no-repeat;\r\n                    }\r\n                    #td_uid_1_69ef29eff1803  .td-doubleSlider-2 .td-item2 {\r\n                        background: url(https:\/\/noticiasmercedinas.com\/site\/wp-content\/uploads\/2020\/10\/Derecha-a-isquierda-Sebastian-magiaolo-Luciano-soulas-Carlos-Rodriguez-y-Luiz-guebara-160x120.jpg) 0 0 no-repeat;\r\n                    }\r\n                    #td_uid_1_69ef29eff1803  .td-doubleSlider-2 .td-item3 {\r\n                        background: url(https:\/\/noticiasmercedinas.com\/site\/wp-content\/uploads\/2020\/10\/porvenir-1-160x120.png) 0 0 no-repeat;\r\n                    }\r\n                    #td_uid_1_69ef29eff1803  .td-doubleSlider-2 .td-item4 {\r\n                        background: url(https:\/\/noticiasmercedinas.com\/site\/wp-content\/uploads\/2020\/10\/Rodriguez-dario-Caballero-Luiz-lanegrase-y-Jorge-mismo-apellido-160x120.jpg) 0 0 no-repeat;\r\n                    }\r\n                <\/style>\r\n\r\n                <div id=\"td_uid_1_69ef29eff1803\" class=\"td-gallery td-slide-on-2-columns\">\r\n                    <div class=\"post_td_gallery\">\r\n                        <div class=\"td-gallery-slide-top\">\r\n                           <div class=\"td-gallery-title\">El Porvenir<\/div>\r\n\r\n                            <div class=\"td-gallery-controls-wrapper\">\r\n                                <div class=\"td-gallery-slide-count\"><span class=\"td-gallery-slide-item-focus\">1<\/span> de 4<\/div>\r\n                                <div class=\"td-gallery-slide-prev-next-but\">\r\n                                    <i class = \"td-icon-left doubleSliderPrevButton\"><\/i>\r\n                                    <i class = \"td-icon-right doubleSliderNextButton\"><\/i>\r\n                                <\/div>\r\n                            <\/div>\r\n                        <\/div>\r\n\r\n                        <div class = \"td-doubleSlider-1 \">\r\n                            <div class = \"td-slider\">\r\n                                \r\n                    <div class = \"td-slide-item td-item1\">\r\n                        <figure class=\"td-slide-galery-figure td-slide-popup-gallery\">\r\n                            <a class=\"slide-gallery-image-link\" href=\"https:\/\/noticiasmercedinas.com\/site\/wp-content\/uploads\/2020\/10\/club.jpg\" title=\"club\"  data-caption=\"\"  data-description=\"\">\r\n                                <img decoding=\"async\" src=\"https:\/\/noticiasmercedinas.com\/site\/wp-content\/uploads\/2020\/10\/club.jpg\" srcset=\"https:\/\/noticiasmercedinas.com\/site\/wp-content\/uploads\/2020\/10\/club.jpg 581w, https:\/\/noticiasmercedinas.com\/site\/wp-content\/uploads\/2020\/10\/club-292x300.jpg 292w\" sizes=\"(max-width: 581px) 100vw, 581px\" alt=\"\">\r\n                            <\/a>\r\n                            \r\n                        <\/figure>\r\n                    <\/div>\r\n                    <div class = \"td-slide-item td-item2\">\r\n                        <figure class=\"td-slide-galery-figure td-slide-popup-gallery\">\r\n                            <a class=\"slide-gallery-image-link\" href=\"https:\/\/noticiasmercedinas.com\/site\/wp-content\/uploads\/2020\/10\/Derecha-a-isquierda-Sebastian-magiaolo-Luciano-soulas-Carlos-Rodriguez-y-Luiz-guebara.jpg\" title=\"Derecha a isquierda Sebasti\u00e1n magiaolo , Luciano soulas , Carlos Rodr\u00edguez y Luiz g\u00fcebara\"  data-caption=\"\"  data-description=\"\">\r\n                                <img decoding=\"async\" src=\"https:\/\/noticiasmercedinas.com\/site\/wp-content\/uploads\/2020\/10\/Derecha-a-isquierda-Sebastian-magiaolo-Luciano-soulas-Carlos-Rodriguez-y-Luiz-guebara.jpg\" srcset=\"https:\/\/noticiasmercedinas.com\/site\/wp-content\/uploads\/2020\/10\/Derecha-a-isquierda-Sebastian-magiaolo-Luciano-soulas-Carlos-Rodriguez-y-Luiz-guebara.jpg 824w, https:\/\/noticiasmercedinas.com\/site\/wp-content\/uploads\/2020\/10\/Derecha-a-isquierda-Sebastian-magiaolo-Luciano-soulas-Carlos-Rodriguez-y-Luiz-guebara-300x200.jpg 300w, https:\/\/noticiasmercedinas.com\/site\/wp-content\/uploads\/2020\/10\/Derecha-a-isquierda-Sebastian-magiaolo-Luciano-soulas-Carlos-Rodriguez-y-Luiz-guebara-768x512.jpg 768w, https:\/\/noticiasmercedinas.com\/site\/wp-content\/uploads\/2020\/10\/Derecha-a-isquierda-Sebastian-magiaolo-Luciano-soulas-Carlos-Rodriguez-y-Luiz-guebara-640x426.jpg 640w, https:\/\/noticiasmercedinas.com\/site\/wp-content\/uploads\/2020\/10\/Derecha-a-isquierda-Sebastian-magiaolo-Luciano-soulas-Carlos-Rodriguez-y-Luiz-guebara-681x454.jpg 681w\" sizes=\"(max-width: 824px) 100vw, 824px\" alt=\"\">\r\n                            <\/a>\r\n                            \r\n                        <\/figure>\r\n                    <\/div>\r\n                    <div class = \"td-slide-item td-item3\">\r\n                        <figure class=\"td-slide-galery-figure td-slide-popup-gallery\">\r\n                            <a class=\"slide-gallery-image-link\" href=\"https:\/\/noticiasmercedinas.com\/site\/wp-content\/uploads\/2020\/10\/porvenir-1.png\" title=\"porvenir\"  data-caption=\"\"  data-description=\"\">\r\n                                <img decoding=\"async\" src=\"https:\/\/noticiasmercedinas.com\/site\/wp-content\/uploads\/2020\/10\/porvenir-1.png\" srcset=\"https:\/\/noticiasmercedinas.com\/site\/wp-content\/uploads\/2020\/10\/porvenir-1.png 640w, https:\/\/noticiasmercedinas.com\/site\/wp-content\/uploads\/2020\/10\/porvenir-1-300x181.png 300w\" sizes=\"(max-width: 640px) 100vw, 640px\" alt=\"\">\r\n                            <\/a>\r\n                            \r\n                        <\/figure>\r\n                    <\/div>\r\n                    <div class = \"td-slide-item td-item4\">\r\n                        <figure class=\"td-slide-galery-figure td-slide-popup-gallery\">\r\n                            <a class=\"slide-gallery-image-link\" href=\"https:\/\/noticiasmercedinas.com\/site\/wp-content\/uploads\/2020\/10\/Rodriguez-dario-Caballero-Luiz-lanegrase-y-Jorge-mismo-apellido.jpg\" title=\"Rodriguez , dario Caballero , Luiz lanegrase y Jorge mismo apellido\"  data-caption=\"\"  data-description=\"\">\r\n                                <img decoding=\"async\" src=\"https:\/\/noticiasmercedinas.com\/site\/wp-content\/uploads\/2020\/10\/Rodriguez-dario-Caballero-Luiz-lanegrase-y-Jorge-mismo-apellido.jpg\" srcset=\"https:\/\/noticiasmercedinas.com\/site\/wp-content\/uploads\/2020\/10\/Rodriguez-dario-Caballero-Luiz-lanegrase-y-Jorge-mismo-apellido.jpg 1032w, https:\/\/noticiasmercedinas.com\/site\/wp-content\/uploads\/2020\/10\/Rodriguez-dario-Caballero-Luiz-lanegrase-y-Jorge-mismo-apellido-300x180.jpg 300w, https:\/\/noticiasmercedinas.com\/site\/wp-content\/uploads\/2020\/10\/Rodriguez-dario-Caballero-Luiz-lanegrase-y-Jorge-mismo-apellido-1024x615.jpg 1024w, https:\/\/noticiasmercedinas.com\/site\/wp-content\/uploads\/2020\/10\/Rodriguez-dario-Caballero-Luiz-lanegrase-y-Jorge-mismo-apellido-768x461.jpg 768w, https:\/\/noticiasmercedinas.com\/site\/wp-content\/uploads\/2020\/10\/Rodriguez-dario-Caballero-Luiz-lanegrase-y-Jorge-mismo-apellido-640x384.jpg 640w, https:\/\/noticiasmercedinas.com\/site\/wp-content\/uploads\/2020\/10\/Rodriguez-dario-Caballero-Luiz-lanegrase-y-Jorge-mismo-apellido-681x409.jpg 681w\" sizes=\"(max-width: 1032px) 100vw, 1032px\" alt=\"\">\r\n                            <\/a>\r\n                            \r\n                        <\/figure>\r\n                    <\/div>\r\n                            <\/div>\r\n                        <\/div>\r\n\r\n                        <div class = \"td-doubleSlider-2\">\r\n                            <div class = \"td-slider\">\r\n                                \r\n                    <div class = \"td-button td-item1\">\r\n                        <div class = \"td-border\"><\/div>\r\n                    <\/div>\r\n                    <div class = \"td-button td-item2\">\r\n                        <div class = \"td-border\"><\/div>\r\n                    <\/div>\r\n                    <div class = \"td-button td-item3\">\r\n                        <div class = \"td-border\"><\/div>\r\n                    <\/div>\r\n                    <div class = \"td-button td-item4\">\r\n                        <div class = \"td-border\"><\/div>\r\n                    <\/div>\r\n                            <\/div>\r\n                        <\/div>\r\n\r\n                    <\/div>\r\n\r\n                <\/div>\r\n                \n","protected":false},"excerpt":{"rendered":"<p>\u25a0 El club de la 36 entre 11 y 13 se forj\u00f3 en medio del impulso de vecinos. Supo jugar en la Liga Mercedina de F\u00fatbol y actualmente es parte de la AMB.  Hubo distintas \u00e9pocas que dejaron su recuerdo.<\/p>\n","protected":false},"author":6,"featured_media":0,"comment_status":"open","ping_status":"open","sticky":false,"template":"","format":"standard","meta":{"footnotes":""},"categories":[5],"tags":[10499],"class_list":["post-55288","post","type-post","status-publish","format-standard","hentry","category-deportes","tag-el-porvenir"],"yoast_head":"<!-- This site is optimized with the Yoast SEO plugin v27.4 - https:\/\/yoast.com\/product\/yoast-seo-wordpress\/ -->\n<title>El Porvenir cumple 75 a\u00f1os<\/title>\n<meta name=\"robots\" content=\"index, follow, max-snippet:-1, max-image-preview:large, max-video-preview:-1\" \/>\n<link rel=\"canonical\" href=\"https:\/\/noticiasmercedinas.com\/site\/2020\/10\/25\/el-porvenir-cumple-75-anos\/\" \/>\n<meta property=\"og:locale\" content=\"es_ES\" \/>\n<meta property=\"og:type\" content=\"article\" \/>\n<meta property=\"og:title\" content=\"El Porvenir cumple 75 a\u00f1os\" \/>\n<meta property=\"og:description\" content=\"\u25a0 El club de la 36 entre 11 y 13 se forj\u00f3 en medio del impulso de vecinos. Supo jugar en la Liga Mercedina de F\u00fatbol y actualmente es parte de la AMB. Hubo distintas \u00e9pocas que dejaron su recuerdo.\" \/>\n<meta property=\"og:url\" content=\"https:\/\/noticiasmercedinas.com\/site\/2020\/10\/25\/el-porvenir-cumple-75-anos\/\" \/>\n<meta property=\"og:site_name\" content=\"NOTICIASMERCEDINAS.COM\" \/>\n<meta property=\"article:publisher\" content=\"https:\/\/www.facebook.com\/noticiasmercedinas\/\" \/>\n<meta property=\"article:published_time\" content=\"2020-10-25T13:39:14+00:00\" \/>\n<meta property=\"og:image\" content=\"https:\/\/noticiasmercedinas.com\/site\/wp-content\/uploads\/2020\/10\/club.jpg\" \/>\n<meta name=\"author\" content=\"Juan Dagnino NOTICIASMERCEDINAS.COM\" \/>\n<meta name=\"twitter:card\" content=\"summary_large_image\" \/>\n<meta name=\"twitter:creator\" content=\"@notmercedinas\" \/>\n<meta name=\"twitter:site\" content=\"@notmercedinas\" \/>\n<meta name=\"twitter:label1\" content=\"Escrito por\" \/>\n\t<meta name=\"twitter:data1\" content=\"Juan Dagnino NOTICIASMERCEDINAS.COM\" \/>\n\t<meta name=\"twitter:label2\" content=\"Tiempo de lectura\" \/>\n\t<meta name=\"twitter:data2\" content=\"2 minutos\" \/>\n<script type=\"application\/ld+json\" class=\"yoast-schema-graph\">{\"@context\":\"https:\\\/\\\/schema.org\",\"@graph\":[{\"@type\":\"Article\",\"@id\":\"https:\\\/\\\/noticiasmercedinas.com\\\/site\\\/2020\\\/10\\\/25\\\/el-porvenir-cumple-75-anos\\\/#article\",\"isPartOf\":{\"@id\":\"https:\\\/\\\/noticiasmercedinas.com\\\/site\\\/2020\\\/10\\\/25\\\/el-porvenir-cumple-75-anos\\\/\"},\"author\":{\"name\":\"Juan Dagnino NOTICIASMERCEDINAS.COM\",\"@id\":\"https:\\\/\\\/noticiasmercedinas.com\\\/site\\\/#\\\/schema\\\/person\\\/8f2f09d666ef40986eba4a5e6f2a06f9\"},\"headline\":\"El Porvenir cumple 75 a\u00f1os\",\"datePublished\":\"2020-10-25T13:39:14+00:00\",\"mainEntityOfPage\":{\"@id\":\"https:\\\/\\\/noticiasmercedinas.com\\\/site\\\/2020\\\/10\\\/25\\\/el-porvenir-cumple-75-anos\\\/\"},\"wordCount\":467,\"commentCount\":0,\"publisher\":{\"@id\":\"https:\\\/\\\/noticiasmercedinas.com\\\/site\\\/#organization\"},\"image\":{\"@id\":\"https:\\\/\\\/noticiasmercedinas.com\\\/site\\\/2020\\\/10\\\/25\\\/el-porvenir-cumple-75-anos\\\/#primaryimage\"},\"thumbnailUrl\":\"https:\\\/\\\/noticiasmercedinas.com\\\/site\\\/wp-content\\\/uploads\\\/2020\\\/10\\\/porvenir.png\",\"keywords\":[\"El Porvenir\"],\"articleSection\":[\"Deportes\"],\"inLanguage\":\"es\",\"potentialAction\":[{\"@type\":\"CommentAction\",\"name\":\"Comment\",\"target\":[\"https:\\\/\\\/noticiasmercedinas.com\\\/site\\\/2020\\\/10\\\/25\\\/el-porvenir-cumple-75-anos\\\/#respond\"]}]},{\"@type\":\"WebPage\",\"@id\":\"https:\\\/\\\/noticiasmercedinas.com\\\/site\\\/2020\\\/10\\\/25\\\/el-porvenir-cumple-75-anos\\\/\",\"url\":\"https:\\\/\\\/noticiasmercedinas.com\\\/site\\\/2020\\\/10\\\/25\\\/el-porvenir-cumple-75-anos\\\/\",\"name\":\"El Porvenir cumple 75 a\u00f1os\",\"isPartOf\":{\"@id\":\"https:\\\/\\\/noticiasmercedinas.com\\\/site\\\/#website\"},\"primaryImageOfPage\":{\"@id\":\"https:\\\/\\\/noticiasmercedinas.com\\\/site\\\/2020\\\/10\\\/25\\\/el-porvenir-cumple-75-anos\\\/#primaryimage\"},\"image\":{\"@id\":\"https:\\\/\\\/noticiasmercedinas.com\\\/site\\\/2020\\\/10\\\/25\\\/el-porvenir-cumple-75-anos\\\/#primaryimage\"},\"thumbnailUrl\":\"https:\\\/\\\/noticiasmercedinas.com\\\/site\\\/wp-content\\\/uploads\\\/2020\\\/10\\\/porvenir.png\",\"datePublished\":\"2020-10-25T13:39:14+00:00\",\"breadcrumb\":{\"@id\":\"https:\\\/\\\/noticiasmercedinas.com\\\/site\\\/2020\\\/10\\\/25\\\/el-porvenir-cumple-75-anos\\\/#breadcrumb\"},\"inLanguage\":\"es\",\"potentialAction\":[{\"@type\":\"ReadAction\",\"target\":[\"https:\\\/\\\/noticiasmercedinas.com\\\/site\\\/2020\\\/10\\\/25\\\/el-porvenir-cumple-75-anos\\\/\"]}]},{\"@type\":\"ImageObject\",\"inLanguage\":\"es\",\"@id\":\"https:\\\/\\\/noticiasmercedinas.com\\\/site\\\/2020\\\/10\\\/25\\\/el-porvenir-cumple-75-anos\\\/#primaryimage\",\"url\":\"\",\"contentUrl\":\"\"},{\"@type\":\"BreadcrumbList\",\"@id\":\"https:\\\/\\\/noticiasmercedinas.com\\\/site\\\/2020\\\/10\\\/25\\\/el-porvenir-cumple-75-anos\\\/#breadcrumb\",\"itemListElement\":[{\"@type\":\"ListItem\",\"position\":1,\"name\":\"Portada\",\"item\":\"https:\\\/\\\/noticiasmercedinas.com\\\/site\\\/\"},{\"@type\":\"ListItem\",\"position\":2,\"name\":\"El Porvenir cumple 75 a\u00f1os\"}]},{\"@type\":\"WebSite\",\"@id\":\"https:\\\/\\\/noticiasmercedinas.com\\\/site\\\/#website\",\"url\":\"https:\\\/\\\/noticiasmercedinas.com\\\/site\\\/\",\"name\":\"NOTICIASMERCEDINAS.COM\",\"description\":\"Mercedes, Buenos Aires, Argentina\",\"publisher\":{\"@id\":\"https:\\\/\\\/noticiasmercedinas.com\\\/site\\\/#organization\"},\"potentialAction\":[{\"@type\":\"SearchAction\",\"target\":{\"@type\":\"EntryPoint\",\"urlTemplate\":\"https:\\\/\\\/noticiasmercedinas.com\\\/site\\\/?s={search_term_string}\"},\"query-input\":{\"@type\":\"PropertyValueSpecification\",\"valueRequired\":true,\"valueName\":\"search_term_string\"}}],\"inLanguage\":\"es\"},{\"@type\":\"Organization\",\"@id\":\"https:\\\/\\\/noticiasmercedinas.com\\\/site\\\/#organization\",\"name\":\"NOTICIASMERCEDINAS.COM\",\"url\":\"https:\\\/\\\/noticiasmercedinas.com\\\/site\\\/\",\"logo\":{\"@type\":\"ImageObject\",\"inLanguage\":\"es\",\"@id\":\"https:\\\/\\\/noticiasmercedinas.com\\\/site\\\/#\\\/schema\\\/logo\\\/image\\\/\",\"url\":\"https:\\\/\\\/noticiasmercedinas.com\\\/site\\\/wp-content\\\/uploads\\\/2020\\\/06\\\/LOGO-512.jpg\",\"contentUrl\":\"https:\\\/\\\/noticiasmercedinas.com\\\/site\\\/wp-content\\\/uploads\\\/2020\\\/06\\\/LOGO-512.jpg\",\"width\":512,\"height\":512,\"caption\":\"NOTICIASMERCEDINAS.COM\"},\"image\":{\"@id\":\"https:\\\/\\\/noticiasmercedinas.com\\\/site\\\/#\\\/schema\\\/logo\\\/image\\\/\"},\"sameAs\":[\"https:\\\/\\\/www.facebook.com\\\/noticiasmercedinas\\\/\",\"https:\\\/\\\/x.com\\\/notmercedinas\",\"https:\\\/\\\/www.instagram.com\\\/noticiasmercedinas\\\/\"]},{\"@type\":\"Person\",\"@id\":\"https:\\\/\\\/noticiasmercedinas.com\\\/site\\\/#\\\/schema\\\/person\\\/8f2f09d666ef40986eba4a5e6f2a06f9\",\"name\":\"Juan Dagnino NOTICIASMERCEDINAS.COM\",\"image\":{\"@type\":\"ImageObject\",\"inLanguage\":\"es\",\"@id\":\"https:\\\/\\\/secure.gravatar.com\\\/avatar\\\/fc7059a769f5a3cae65fadb228a3e4accf3a64b4b2305020d0a27e6d5333c91b?s=96&d=mm&r=g\",\"url\":\"https:\\\/\\\/secure.gravatar.com\\\/avatar\\\/fc7059a769f5a3cae65fadb228a3e4accf3a64b4b2305020d0a27e6d5333c91b?s=96&d=mm&r=g\",\"contentUrl\":\"https:\\\/\\\/secure.gravatar.com\\\/avatar\\\/fc7059a769f5a3cae65fadb228a3e4accf3a64b4b2305020d0a27e6d5333c91b?s=96&d=mm&r=g\",\"caption\":\"Juan Dagnino NOTICIASMERCEDINAS.COM\"},\"url\":\"https:\\\/\\\/noticiasmercedinas.com\\\/site\\\/author\\\/juandagnino\\\/\"}]}<\/script>\n<!-- \/ Yoast SEO plugin. -->","yoast_head_json":{"title":"El Porvenir cumple 75 a\u00f1os","robots":{"index":"index","follow":"follow","max-snippet":"max-snippet:-1","max-image-preview":"max-image-preview:large","max-video-preview":"max-video-preview:-1"},"canonical":"https:\/\/noticiasmercedinas.com\/site\/2020\/10\/25\/el-porvenir-cumple-75-anos\/","og_locale":"es_ES","og_type":"article","og_title":"El Porvenir cumple 75 a\u00f1os","og_description":"\u25a0 El club de la 36 entre 11 y 13 se forj\u00f3 en medio del impulso de vecinos. Supo jugar en la Liga Mercedina de F\u00fatbol y actualmente es parte de la AMB. Hubo distintas \u00e9pocas que dejaron su recuerdo.","og_url":"https:\/\/noticiasmercedinas.com\/site\/2020\/10\/25\/el-porvenir-cumple-75-anos\/","og_site_name":"NOTICIASMERCEDINAS.COM","article_publisher":"https:\/\/www.facebook.com\/noticiasmercedinas\/","article_published_time":"2020-10-25T13:39:14+00:00","og_image":[{"url":"https:\/\/noticiasmercedinas.com\/site\/wp-content\/uploads\/2020\/10\/club.jpg","type":"","width":"","height":""}],"author":"Juan Dagnino NOTICIASMERCEDINAS.COM","twitter_card":"summary_large_image","twitter_creator":"@notmercedinas","twitter_site":"@notmercedinas","twitter_misc":{"Escrito por":"Juan Dagnino NOTICIASMERCEDINAS.COM","Tiempo de lectura":"2 minutos"},"schema":{"@context":"https:\/\/schema.org","@graph":[{"@type":"Article","@id":"https:\/\/noticiasmercedinas.com\/site\/2020\/10\/25\/el-porvenir-cumple-75-anos\/#article","isPartOf":{"@id":"https:\/\/noticiasmercedinas.com\/site\/2020\/10\/25\/el-porvenir-cumple-75-anos\/"},"author":{"name":"Juan Dagnino NOTICIASMERCEDINAS.COM","@id":"https:\/\/noticiasmercedinas.com\/site\/#\/schema\/person\/8f2f09d666ef40986eba4a5e6f2a06f9"},"headline":"El Porvenir cumple 75 a\u00f1os","datePublished":"2020-10-25T13:39:14+00:00","mainEntityOfPage":{"@id":"https:\/\/noticiasmercedinas.com\/site\/2020\/10\/25\/el-porvenir-cumple-75-anos\/"},"wordCount":467,"commentCount":0,"publisher":{"@id":"https:\/\/noticiasmercedinas.com\/site\/#organization"},"image":{"@id":"https:\/\/noticiasmercedinas.com\/site\/2020\/10\/25\/el-porvenir-cumple-75-anos\/#primaryimage"},"thumbnailUrl":"https:\/\/noticiasmercedinas.com\/site\/wp-content\/uploads\/2020\/10\/porvenir.png","keywords":["El Porvenir"],"articleSection":["Deportes"],"inLanguage":"es","potentialAction":[{"@type":"CommentAction","name":"Comment","target":["https:\/\/noticiasmercedinas.com\/site\/2020\/10\/25\/el-porvenir-cumple-75-anos\/#respond"]}]},{"@type":"WebPage","@id":"https:\/\/noticiasmercedinas.com\/site\/2020\/10\/25\/el-porvenir-cumple-75-anos\/","url":"https:\/\/noticiasmercedinas.com\/site\/2020\/10\/25\/el-porvenir-cumple-75-anos\/","name":"El Porvenir cumple 75 a\u00f1os","isPartOf":{"@id":"https:\/\/noticiasmercedinas.com\/site\/#website"},"primaryImageOfPage":{"@id":"https:\/\/noticiasmercedinas.com\/site\/2020\/10\/25\/el-porvenir-cumple-75-anos\/#primaryimage"},"image":{"@id":"https:\/\/noticiasmercedinas.com\/site\/2020\/10\/25\/el-porvenir-cumple-75-anos\/#primaryimage"},"thumbnailUrl":"https:\/\/noticiasmercedinas.com\/site\/wp-content\/uploads\/2020\/10\/porvenir.png","datePublished":"2020-10-25T13:39:14+00:00","breadcrumb":{"@id":"https:\/\/noticiasmercedinas.com\/site\/2020\/10\/25\/el-porvenir-cumple-75-anos\/#breadcrumb"},"inLanguage":"es","potentialAction":[{"@type":"ReadAction","target":["https:\/\/noticiasmercedinas.com\/site\/2020\/10\/25\/el-porvenir-cumple-75-anos\/"]}]},{"@type":"ImageObject","inLanguage":"es","@id":"https:\/\/noticiasmercedinas.com\/site\/2020\/10\/25\/el-porvenir-cumple-75-anos\/#primaryimage","url":"","contentUrl":""},{"@type":"BreadcrumbList","@id":"https:\/\/noticiasmercedinas.com\/site\/2020\/10\/25\/el-porvenir-cumple-75-anos\/#breadcrumb","itemListElement":[{"@type":"ListItem","position":1,"name":"Portada","item":"https:\/\/noticiasmercedinas.com\/site\/"},{"@type":"ListItem","position":2,"name":"El Porvenir cumple 75 a\u00f1os"}]},{"@type":"WebSite","@id":"https:\/\/noticiasmercedinas.com\/site\/#website","url":"https:\/\/noticiasmercedinas.com\/site\/","name":"NOTICIASMERCEDINAS.COM","description":"Mercedes, Buenos Aires, Argentina","publisher":{"@id":"https:\/\/noticiasmercedinas.com\/site\/#organization"},"potentialAction":[{"@type":"SearchAction","target":{"@type":"EntryPoint","urlTemplate":"https:\/\/noticiasmercedinas.com\/site\/?s={search_term_string}"},"query-input":{"@type":"PropertyValueSpecification","valueRequired":true,"valueName":"search_term_string"}}],"inLanguage":"es"},{"@type":"Organization","@id":"https:\/\/noticiasmercedinas.com\/site\/#organization","name":"NOTICIASMERCEDINAS.COM","url":"https:\/\/noticiasmercedinas.com\/site\/","logo":{"@type":"ImageObject","inLanguage":"es","@id":"https:\/\/noticiasmercedinas.com\/site\/#\/schema\/logo\/image\/","url":"https:\/\/noticiasmercedinas.com\/site\/wp-content\/uploads\/2020\/06\/LOGO-512.jpg","contentUrl":"https:\/\/noticiasmercedinas.com\/site\/wp-content\/uploads\/2020\/06\/LOGO-512.jpg","width":512,"height":512,"caption":"NOTICIASMERCEDINAS.COM"},"image":{"@id":"https:\/\/noticiasmercedinas.com\/site\/#\/schema\/logo\/image\/"},"sameAs":["https:\/\/www.facebook.com\/noticiasmercedinas\/","https:\/\/x.com\/notmercedinas","https:\/\/www.instagram.com\/noticiasmercedinas\/"]},{"@type":"Person","@id":"https:\/\/noticiasmercedinas.com\/site\/#\/schema\/person\/8f2f09d666ef40986eba4a5e6f2a06f9","name":"Juan Dagnino NOTICIASMERCEDINAS.COM","image":{"@type":"ImageObject","inLanguage":"es","@id":"https:\/\/secure.gravatar.com\/avatar\/fc7059a769f5a3cae65fadb228a3e4accf3a64b4b2305020d0a27e6d5333c91b?s=96&d=mm&r=g","url":"https:\/\/secure.gravatar.com\/avatar\/fc7059a769f5a3cae65fadb228a3e4accf3a64b4b2305020d0a27e6d5333c91b?s=96&d=mm&r=g","contentUrl":"https:\/\/secure.gravatar.com\/avatar\/fc7059a769f5a3cae65fadb228a3e4accf3a64b4b2305020d0a27e6d5333c91b?s=96&d=mm&r=g","caption":"Juan Dagnino NOTICIASMERCEDINAS.COM"},"url":"https:\/\/noticiasmercedinas.com\/site\/author\/juandagnino\/"}]}},"amp_enabled":true,"_links":{"self":[{"href":"https:\/\/noticiasmercedinas.com\/site\/wp-json\/wp\/v2\/posts\/55288","targetHints":{"allow":["GET"]}}],"collection":[{"href":"https:\/\/noticiasmercedinas.com\/site\/wp-json\/wp\/v2\/posts"}],"about":[{"href":"https:\/\/noticiasmercedinas.com\/site\/wp-json\/wp\/v2\/types\/post"}],"author":[{"embeddable":true,"href":"https:\/\/noticiasmercedinas.com\/site\/wp-json\/wp\/v2\/users\/6"}],"replies":[{"embeddable":true,"href":"https:\/\/noticiasmercedinas.com\/site\/wp-json\/wp\/v2\/comments?post=55288"}],"version-history":[{"count":1,"href":"https:\/\/noticiasmercedinas.com\/site\/wp-json\/wp\/v2\/posts\/55288\/revisions"}],"predecessor-version":[{"id":55294,"href":"https:\/\/noticiasmercedinas.com\/site\/wp-json\/wp\/v2\/posts\/55288\/revisions\/55294"}],"wp:attachment":[{"href":"https:\/\/noticiasmercedinas.com\/site\/wp-json\/wp\/v2\/media?parent=55288"}],"wp:term":[{"taxonomy":"category","embeddable":true,"href":"https:\/\/noticiasmercedinas.com\/site\/wp-json\/wp\/v2\/categories?post=55288"},{"taxonomy":"post_tag","embeddable":true,"href":"https:\/\/noticiasmercedinas.com\/site\/wp-json\/wp\/v2\/tags?post=55288"}],"curies":[{"name":"wp","href":"https:\/\/api.w.org\/{rel}","templated":true}]}}