{"id":55300,"date":"2020-10-25T14:02:30","date_gmt":"2020-10-25T17:02:30","guid":{"rendered":"https:\/\/noticiasmercedinas.com\/site\/?p=55300"},"modified":"2020-10-25T18:01:48","modified_gmt":"2020-10-25T21:01:48","slug":"profugo-hace-dos-anos-cayo-yendo-a-la-iglesia","status":"publish","type":"post","link":"https:\/\/noticiasmercedinas.com\/site\/2020\/10\/25\/profugo-hace-dos-anos-cayo-yendo-a-la-iglesia\/","title":{"rendered":"Pr\u00f3fugo hace dos a\u00f1os cay\u00f3 yendo a la iglesia"},"content":{"rendered":"<p><a href=\"https:\/\/noticiasmercedinas.com\/site\/wp-content\/uploads\/2020\/10\/clavero_detenido_pixelada.jpg\"><img loading=\"lazy\" decoding=\"async\" class=\"alignnone size-full wp-image-55301\" src=\"https:\/\/noticiasmercedinas.com\/site\/wp-content\/uploads\/2020\/10\/clavero_detenido_pixelada.jpg\" alt=\"\" width=\"640\" height=\"461\" srcset=\"https:\/\/noticiasmercedinas.com\/site\/wp-content\/uploads\/2020\/10\/clavero_detenido_pixelada.jpg 640w, https:\/\/noticiasmercedinas.com\/site\/wp-content\/uploads\/2020\/10\/clavero_detenido_pixelada-300x216.jpg 300w\" sizes=\"auto, (max-width: 640px) 100vw, 640px\" \/><\/a><\/p>\n<p>Personal del Destacamento Gowland junto a efectivos de la Subdelegaci\u00f3n Departamental de Investigaciones de Luj\u00e1n detuvieron ayer en Mercedes a un sujeto imputado por lesiones y amenazas hacia su ex esposa y del abuso sexual de una hija menor de edad de la mujer.<\/p>\n<p>La detenci\u00f3n se concret\u00f3 a las 18 horas del s\u00e1bado cuando el hombre, de 27 a\u00f1os de edad, pr\u00f3fugo desde hacia dos a\u00f1os, caminaba por calle 26 y 53 y fue sorprendido por los agentes que sosten\u00edan un discreto operativo de vigilancia.<\/p>\n<p>Al ser informado de la orden de detenci\u00f3n, el sujeto intent\u00f3 huir pero fue atrapado a los pocos metros. Vest\u00eda traje con chaleco porque se dirig\u00eda al templo evang\u00e9lico ubicado en calle 26 y 61, informaron fuentes policiales a Noticias Mercedinas.<\/p>\n<blockquote><p>Al ser informado de la orden de detenci\u00f3n intent\u00f3 huir pero fue atrapado a los pocos metros.<\/p><\/blockquote>\n<p>Aunque investigadores del caso aseguraron a este medio que el acusado es pastor de esa Iglesia, autoridades religiosas del Ministerio negaron que esa persona cuente con certificado, diploma o carnet pastoral de ese Culto. \u201cEs un fiel m\u00e1s\u201d, enfatizaron.<\/p>\n<p>El detenido era intensamente buscado desde que se libr\u00f3 su orden de captura por hechos de violencia contra su ex y en septiembre de 2019 se hab\u00edan allanado tres viviendas de familiares, en inmediaciones de calle 111 y 14, en su b\u00fasqueda.<\/p>\n<p>Ma\u00f1ana lunes prestar\u00e1 declaraci\u00f3n indagatoria en la UFI N\u00ba 6, en la que se unificar\u00e1n las causas por lesiones leves agravadas por el v\u00ednculo y por violencia de g\u00e9nero, amenazas simples y amenazas agravadas por el uso de arma blanca y abuso sexual agravado, informaron fuentes judiciales.<\/p>\n","protected":false},"excerpt":{"rendered":"<p>\u25a0 Ten\u00eda orden de captura por violencia de g\u00e9nero hacia su ex esposa y una imputaci\u00f3n por abuso sexual. Lo detuvieron ayer cuando caminaba hacia un templo evang\u00e9lico.<\/p>\n","protected":false},"author":16,"featured_media":55301,"comment_status":"open","ping_status":"open","sticky":false,"template":"","format":"standard","meta":{"footnotes":""},"categories":[7],"tags":[3013,4232,4659,10377,10501],"class_list":["post-55300","post","type-post","status-publish","format-standard","has-post-thumbnail","hentry","category-policiales","tag-abuso-sexual","tag-amenazas","tag-destacamento-gowland","tag-lesiones","tag-subdelegacion-departamental-de-investigaciones-de-lujan"],"yoast_head":"<!-- This site is optimized with the Yoast SEO plugin v27.5 - https:\/\/yoast.com\/product\/yoast-seo-wordpress\/ -->\n<title>Pr\u00f3fugo hace dos a\u00f1os cay\u00f3 yendo a la iglesia<\/title>\n<meta name=\"robots\" content=\"index, follow, max-snippet:-1, max-image-preview:large, max-video-preview:-1\" \/>\n<link rel=\"canonical\" href=\"https:\/\/noticiasmercedinas.com\/site\/2020\/10\/25\/profugo-hace-dos-anos-cayo-yendo-a-la-iglesia\/\" \/>\n<meta property=\"og:locale\" content=\"es_ES\" \/>\n<meta property=\"og:type\" content=\"article\" \/>\n<meta property=\"og:title\" content=\"Pr\u00f3fugo hace dos a\u00f1os cay\u00f3 yendo a la iglesia\" \/>\n<meta property=\"og:description\" content=\"\u25a0 Ten\u00eda orden de captura por violencia de g\u00e9nero hacia su ex esposa y una imputaci\u00f3n por abuso sexual. Lo detuvieron ayer cuando caminaba hacia un templo evang\u00e9lico.\" \/>\n<meta property=\"og:url\" content=\"https:\/\/noticiasmercedinas.com\/site\/2020\/10\/25\/profugo-hace-dos-anos-cayo-yendo-a-la-iglesia\/\" \/>\n<meta property=\"og:site_name\" content=\"NOTICIASMERCEDINAS.COM\" \/>\n<meta property=\"article:publisher\" content=\"https:\/\/www.facebook.com\/noticiasmercedinas\/\" \/>\n<meta property=\"article:published_time\" content=\"2020-10-25T17:02:30+00:00\" \/>\n<meta property=\"article:modified_time\" content=\"2020-10-25T21:01:48+00:00\" \/>\n<meta property=\"og:image\" content=\"https:\/\/noticiasmercedinas.com\/site\/wp-content\/uploads\/2020\/10\/clavero_detenido_pixelada.jpg\" \/>\n\t<meta property=\"og:image:width\" content=\"640\" \/>\n\t<meta property=\"og:image:height\" content=\"461\" \/>\n\t<meta property=\"og:image:type\" content=\"image\/jpeg\" \/>\n<meta name=\"author\" content=\"NOTICIASMERCEDINAS.COM\" \/>\n<meta name=\"twitter:card\" content=\"summary_large_image\" \/>\n<meta name=\"twitter:creator\" content=\"@notmercedinas\" \/>\n<meta name=\"twitter:site\" content=\"@notmercedinas\" \/>\n<meta name=\"twitter:label1\" content=\"Escrito por\" \/>\n\t<meta name=\"twitter:data1\" content=\"NOTICIASMERCEDINAS.COM\" \/>\n\t<meta name=\"twitter:label2\" content=\"Tiempo de lectura\" \/>\n\t<meta name=\"twitter:data2\" content=\"1 minuto\" \/>\n<script type=\"application\/ld+json\" class=\"yoast-schema-graph\">{\"@context\":\"https:\\\/\\\/schema.org\",\"@graph\":[{\"@type\":\"Article\",\"@id\":\"https:\\\/\\\/noticiasmercedinas.com\\\/site\\\/2020\\\/10\\\/25\\\/profugo-hace-dos-anos-cayo-yendo-a-la-iglesia\\\/#article\",\"isPartOf\":{\"@id\":\"https:\\\/\\\/noticiasmercedinas.com\\\/site\\\/2020\\\/10\\\/25\\\/profugo-hace-dos-anos-cayo-yendo-a-la-iglesia\\\/\"},\"author\":{\"name\":\"NOTICIASMERCEDINAS.COM\",\"@id\":\"https:\\\/\\\/noticiasmercedinas.com\\\/site\\\/#\\\/schema\\\/person\\\/84b59c099c28ff2e8b77d4ceec5d8063\"},\"headline\":\"Pr\u00f3fugo hace dos a\u00f1os cay\u00f3 yendo a la iglesia\",\"datePublished\":\"2020-10-25T17:02:30+00:00\",\"dateModified\":\"2020-10-25T21:01:48+00:00\",\"mainEntityOfPage\":{\"@id\":\"https:\\\/\\\/noticiasmercedinas.com\\\/site\\\/2020\\\/10\\\/25\\\/profugo-hace-dos-anos-cayo-yendo-a-la-iglesia\\\/\"},\"wordCount\":294,\"commentCount\":0,\"publisher\":{\"@id\":\"https:\\\/\\\/noticiasmercedinas.com\\\/site\\\/#organization\"},\"image\":{\"@id\":\"https:\\\/\\\/noticiasmercedinas.com\\\/site\\\/2020\\\/10\\\/25\\\/profugo-hace-dos-anos-cayo-yendo-a-la-iglesia\\\/#primaryimage\"},\"thumbnailUrl\":\"https:\\\/\\\/noticiasmercedinas.com\\\/site\\\/wp-content\\\/uploads\\\/2020\\\/10\\\/clavero_detenido_pixelada.jpg\",\"keywords\":[\"Abuso sexual\",\"Amenazas\",\"Destacamento Gowland\",\"Lesiones\",\"Subdelegaci\u00f3n Departamental de Investigaciones de Luj\u00e1n\"],\"articleSection\":[\"Seguridad\"],\"inLanguage\":\"es\",\"potentialAction\":[{\"@type\":\"CommentAction\",\"name\":\"Comment\",\"target\":[\"https:\\\/\\\/noticiasmercedinas.com\\\/site\\\/2020\\\/10\\\/25\\\/profugo-hace-dos-anos-cayo-yendo-a-la-iglesia\\\/#respond\"]}]},{\"@type\":\"WebPage\",\"@id\":\"https:\\\/\\\/noticiasmercedinas.com\\\/site\\\/2020\\\/10\\\/25\\\/profugo-hace-dos-anos-cayo-yendo-a-la-iglesia\\\/\",\"url\":\"https:\\\/\\\/noticiasmercedinas.com\\\/site\\\/2020\\\/10\\\/25\\\/profugo-hace-dos-anos-cayo-yendo-a-la-iglesia\\\/\",\"name\":\"Pr\u00f3fugo hace dos a\u00f1os cay\u00f3 yendo a la iglesia\",\"isPartOf\":{\"@id\":\"https:\\\/\\\/noticiasmercedinas.com\\\/site\\\/#website\"},\"primaryImageOfPage\":{\"@id\":\"https:\\\/\\\/noticiasmercedinas.com\\\/site\\\/2020\\\/10\\\/25\\\/profugo-hace-dos-anos-cayo-yendo-a-la-iglesia\\\/#primaryimage\"},\"image\":{\"@id\":\"https:\\\/\\\/noticiasmercedinas.com\\\/site\\\/2020\\\/10\\\/25\\\/profugo-hace-dos-anos-cayo-yendo-a-la-iglesia\\\/#primaryimage\"},\"thumbnailUrl\":\"https:\\\/\\\/noticiasmercedinas.com\\\/site\\\/wp-content\\\/uploads\\\/2020\\\/10\\\/clavero_detenido_pixelada.jpg\",\"datePublished\":\"2020-10-25T17:02:30+00:00\",\"dateModified\":\"2020-10-25T21:01:48+00:00\",\"breadcrumb\":{\"@id\":\"https:\\\/\\\/noticiasmercedinas.com\\\/site\\\/2020\\\/10\\\/25\\\/profugo-hace-dos-anos-cayo-yendo-a-la-iglesia\\\/#breadcrumb\"},\"inLanguage\":\"es\",\"potentialAction\":[{\"@type\":\"ReadAction\",\"target\":[\"https:\\\/\\\/noticiasmercedinas.com\\\/site\\\/2020\\\/10\\\/25\\\/profugo-hace-dos-anos-cayo-yendo-a-la-iglesia\\\/\"]}]},{\"@type\":\"ImageObject\",\"inLanguage\":\"es\",\"@id\":\"https:\\\/\\\/noticiasmercedinas.com\\\/site\\\/2020\\\/10\\\/25\\\/profugo-hace-dos-anos-cayo-yendo-a-la-iglesia\\\/#primaryimage\",\"url\":\"https:\\\/\\\/noticiasmercedinas.com\\\/site\\\/wp-content\\\/uploads\\\/2020\\\/10\\\/clavero_detenido_pixelada.jpg\",\"contentUrl\":\"https:\\\/\\\/noticiasmercedinas.com\\\/site\\\/wp-content\\\/uploads\\\/2020\\\/10\\\/clavero_detenido_pixelada.jpg\",\"width\":640,\"height\":461},{\"@type\":\"BreadcrumbList\",\"@id\":\"https:\\\/\\\/noticiasmercedinas.com\\\/site\\\/2020\\\/10\\\/25\\\/profugo-hace-dos-anos-cayo-yendo-a-la-iglesia\\\/#breadcrumb\",\"itemListElement\":[{\"@type\":\"ListItem\",\"position\":1,\"name\":\"Portada\",\"item\":\"https:\\\/\\\/noticiasmercedinas.com\\\/site\\\/\"},{\"@type\":\"ListItem\",\"position\":2,\"name\":\"Pr\u00f3fugo hace dos a\u00f1os cay\u00f3 yendo a la iglesia\"}]},{\"@type\":\"WebSite\",\"@id\":\"https:\\\/\\\/noticiasmercedinas.com\\\/site\\\/#website\",\"url\":\"https:\\\/\\\/noticiasmercedinas.com\\\/site\\\/\",\"name\":\"NOTICIASMERCEDINAS.COM\",\"description\":\"Mercedes, Buenos Aires, Argentina\",\"publisher\":{\"@id\":\"https:\\\/\\\/noticiasmercedinas.com\\\/site\\\/#organization\"},\"potentialAction\":[{\"@type\":\"SearchAction\",\"target\":{\"@type\":\"EntryPoint\",\"urlTemplate\":\"https:\\\/\\\/noticiasmercedinas.com\\\/site\\\/?s={search_term_string}\"},\"query-input\":{\"@type\":\"PropertyValueSpecification\",\"valueRequired\":true,\"valueName\":\"search_term_string\"}}],\"inLanguage\":\"es\"},{\"@type\":\"Organization\",\"@id\":\"https:\\\/\\\/noticiasmercedinas.com\\\/site\\\/#organization\",\"name\":\"NOTICIASMERCEDINAS.COM\",\"url\":\"https:\\\/\\\/noticiasmercedinas.com\\\/site\\\/\",\"logo\":{\"@type\":\"ImageObject\",\"inLanguage\":\"es\",\"@id\":\"https:\\\/\\\/noticiasmercedinas.com\\\/site\\\/#\\\/schema\\\/logo\\\/image\\\/\",\"url\":\"https:\\\/\\\/noticiasmercedinas.com\\\/site\\\/wp-content\\\/uploads\\\/2020\\\/06\\\/LOGO-512.jpg\",\"contentUrl\":\"https:\\\/\\\/noticiasmercedinas.com\\\/site\\\/wp-content\\\/uploads\\\/2020\\\/06\\\/LOGO-512.jpg\",\"width\":512,\"height\":512,\"caption\":\"NOTICIASMERCEDINAS.COM\"},\"image\":{\"@id\":\"https:\\\/\\\/noticiasmercedinas.com\\\/site\\\/#\\\/schema\\\/logo\\\/image\\\/\"},\"sameAs\":[\"https:\\\/\\\/www.facebook.com\\\/noticiasmercedinas\\\/\",\"https:\\\/\\\/x.com\\\/notmercedinas\",\"https:\\\/\\\/www.instagram.com\\\/noticiasmercedinas\\\/\"]},{\"@type\":\"Person\",\"@id\":\"https:\\\/\\\/noticiasmercedinas.com\\\/site\\\/#\\\/schema\\\/person\\\/84b59c099c28ff2e8b77d4ceec5d8063\",\"name\":\"NOTICIASMERCEDINAS.COM\",\"image\":{\"@type\":\"ImageObject\",\"inLanguage\":\"es\",\"@id\":\"https:\\\/\\\/secure.gravatar.com\\\/avatar\\\/4dfbf16b4d17945bfb6341b2d19043457132fcf478a5ee04f42e959fd8f5df0a?s=96&d=mm&r=g\",\"url\":\"https:\\\/\\\/secure.gravatar.com\\\/avatar\\\/4dfbf16b4d17945bfb6341b2d19043457132fcf478a5ee04f42e959fd8f5df0a?s=96&d=mm&r=g\",\"contentUrl\":\"https:\\\/\\\/secure.gravatar.com\\\/avatar\\\/4dfbf16b4d17945bfb6341b2d19043457132fcf478a5ee04f42e959fd8f5df0a?s=96&d=mm&r=g\",\"caption\":\"NOTICIASMERCEDINAS.COM\"},\"url\":\"https:\\\/\\\/noticiasmercedinas.com\\\/site\\\/author\\\/anonimo\\\/\"}]}<\/script>\n<!-- \/ Yoast SEO plugin. -->","yoast_head_json":{"title":"Pr\u00f3fugo hace dos a\u00f1os cay\u00f3 yendo a la iglesia","robots":{"index":"index","follow":"follow","max-snippet":"max-snippet:-1","max-image-preview":"max-image-preview:large","max-video-preview":"max-video-preview:-1"},"canonical":"https:\/\/noticiasmercedinas.com\/site\/2020\/10\/25\/profugo-hace-dos-anos-cayo-yendo-a-la-iglesia\/","og_locale":"es_ES","og_type":"article","og_title":"Pr\u00f3fugo hace dos a\u00f1os cay\u00f3 yendo a la iglesia","og_description":"\u25a0 Ten\u00eda orden de captura por violencia de g\u00e9nero hacia su ex esposa y una imputaci\u00f3n por abuso sexual. Lo detuvieron ayer cuando caminaba hacia un templo evang\u00e9lico.","og_url":"https:\/\/noticiasmercedinas.com\/site\/2020\/10\/25\/profugo-hace-dos-anos-cayo-yendo-a-la-iglesia\/","og_site_name":"NOTICIASMERCEDINAS.COM","article_publisher":"https:\/\/www.facebook.com\/noticiasmercedinas\/","article_published_time":"2020-10-25T17:02:30+00:00","article_modified_time":"2020-10-25T21:01:48+00:00","og_image":[{"width":640,"height":461,"url":"https:\/\/noticiasmercedinas.com\/site\/wp-content\/uploads\/2020\/10\/clavero_detenido_pixelada.jpg","type":"image\/jpeg"}],"author":"NOTICIASMERCEDINAS.COM","twitter_card":"summary_large_image","twitter_creator":"@notmercedinas","twitter_site":"@notmercedinas","twitter_misc":{"Escrito por":"NOTICIASMERCEDINAS.COM","Tiempo de lectura":"1 minuto"},"schema":{"@context":"https:\/\/schema.org","@graph":[{"@type":"Article","@id":"https:\/\/noticiasmercedinas.com\/site\/2020\/10\/25\/profugo-hace-dos-anos-cayo-yendo-a-la-iglesia\/#article","isPartOf":{"@id":"https:\/\/noticiasmercedinas.com\/site\/2020\/10\/25\/profugo-hace-dos-anos-cayo-yendo-a-la-iglesia\/"},"author":{"name":"NOTICIASMERCEDINAS.COM","@id":"https:\/\/noticiasmercedinas.com\/site\/#\/schema\/person\/84b59c099c28ff2e8b77d4ceec5d8063"},"headline":"Pr\u00f3fugo hace dos a\u00f1os cay\u00f3 yendo a la iglesia","datePublished":"2020-10-25T17:02:30+00:00","dateModified":"2020-10-25T21:01:48+00:00","mainEntityOfPage":{"@id":"https:\/\/noticiasmercedinas.com\/site\/2020\/10\/25\/profugo-hace-dos-anos-cayo-yendo-a-la-iglesia\/"},"wordCount":294,"commentCount":0,"publisher":{"@id":"https:\/\/noticiasmercedinas.com\/site\/#organization"},"image":{"@id":"https:\/\/noticiasmercedinas.com\/site\/2020\/10\/25\/profugo-hace-dos-anos-cayo-yendo-a-la-iglesia\/#primaryimage"},"thumbnailUrl":"https:\/\/noticiasmercedinas.com\/site\/wp-content\/uploads\/2020\/10\/clavero_detenido_pixelada.jpg","keywords":["Abuso sexual","Amenazas","Destacamento Gowland","Lesiones","Subdelegaci\u00f3n Departamental de Investigaciones de Luj\u00e1n"],"articleSection":["Seguridad"],"inLanguage":"es","potentialAction":[{"@type":"CommentAction","name":"Comment","target":["https:\/\/noticiasmercedinas.com\/site\/2020\/10\/25\/profugo-hace-dos-anos-cayo-yendo-a-la-iglesia\/#respond"]}]},{"@type":"WebPage","@id":"https:\/\/noticiasmercedinas.com\/site\/2020\/10\/25\/profugo-hace-dos-anos-cayo-yendo-a-la-iglesia\/","url":"https:\/\/noticiasmercedinas.com\/site\/2020\/10\/25\/profugo-hace-dos-anos-cayo-yendo-a-la-iglesia\/","name":"Pr\u00f3fugo hace dos a\u00f1os cay\u00f3 yendo a la iglesia","isPartOf":{"@id":"https:\/\/noticiasmercedinas.com\/site\/#website"},"primaryImageOfPage":{"@id":"https:\/\/noticiasmercedinas.com\/site\/2020\/10\/25\/profugo-hace-dos-anos-cayo-yendo-a-la-iglesia\/#primaryimage"},"image":{"@id":"https:\/\/noticiasmercedinas.com\/site\/2020\/10\/25\/profugo-hace-dos-anos-cayo-yendo-a-la-iglesia\/#primaryimage"},"thumbnailUrl":"https:\/\/noticiasmercedinas.com\/site\/wp-content\/uploads\/2020\/10\/clavero_detenido_pixelada.jpg","datePublished":"2020-10-25T17:02:30+00:00","dateModified":"2020-10-25T21:01:48+00:00","breadcrumb":{"@id":"https:\/\/noticiasmercedinas.com\/site\/2020\/10\/25\/profugo-hace-dos-anos-cayo-yendo-a-la-iglesia\/#breadcrumb"},"inLanguage":"es","potentialAction":[{"@type":"ReadAction","target":["https:\/\/noticiasmercedinas.com\/site\/2020\/10\/25\/profugo-hace-dos-anos-cayo-yendo-a-la-iglesia\/"]}]},{"@type":"ImageObject","inLanguage":"es","@id":"https:\/\/noticiasmercedinas.com\/site\/2020\/10\/25\/profugo-hace-dos-anos-cayo-yendo-a-la-iglesia\/#primaryimage","url":"https:\/\/noticiasmercedinas.com\/site\/wp-content\/uploads\/2020\/10\/clavero_detenido_pixelada.jpg","contentUrl":"https:\/\/noticiasmercedinas.com\/site\/wp-content\/uploads\/2020\/10\/clavero_detenido_pixelada.jpg","width":640,"height":461},{"@type":"BreadcrumbList","@id":"https:\/\/noticiasmercedinas.com\/site\/2020\/10\/25\/profugo-hace-dos-anos-cayo-yendo-a-la-iglesia\/#breadcrumb","itemListElement":[{"@type":"ListItem","position":1,"name":"Portada","item":"https:\/\/noticiasmercedinas.com\/site\/"},{"@type":"ListItem","position":2,"name":"Pr\u00f3fugo hace dos a\u00f1os cay\u00f3 yendo a la iglesia"}]},{"@type":"WebSite","@id":"https:\/\/noticiasmercedinas.com\/site\/#website","url":"https:\/\/noticiasmercedinas.com\/site\/","name":"NOTICIASMERCEDINAS.COM","description":"Mercedes, Buenos Aires, Argentina","publisher":{"@id":"https:\/\/noticiasmercedinas.com\/site\/#organization"},"potentialAction":[{"@type":"SearchAction","target":{"@type":"EntryPoint","urlTemplate":"https:\/\/noticiasmercedinas.com\/site\/?s={search_term_string}"},"query-input":{"@type":"PropertyValueSpecification","valueRequired":true,"valueName":"search_term_string"}}],"inLanguage":"es"},{"@type":"Organization","@id":"https:\/\/noticiasmercedinas.com\/site\/#organization","name":"NOTICIASMERCEDINAS.COM","url":"https:\/\/noticiasmercedinas.com\/site\/","logo":{"@type":"ImageObject","inLanguage":"es","@id":"https:\/\/noticiasmercedinas.com\/site\/#\/schema\/logo\/image\/","url":"https:\/\/noticiasmercedinas.com\/site\/wp-content\/uploads\/2020\/06\/LOGO-512.jpg","contentUrl":"https:\/\/noticiasmercedinas.com\/site\/wp-content\/uploads\/2020\/06\/LOGO-512.jpg","width":512,"height":512,"caption":"NOTICIASMERCEDINAS.COM"},"image":{"@id":"https:\/\/noticiasmercedinas.com\/site\/#\/schema\/logo\/image\/"},"sameAs":["https:\/\/www.facebook.com\/noticiasmercedinas\/","https:\/\/x.com\/notmercedinas","https:\/\/www.instagram.com\/noticiasmercedinas\/"]},{"@type":"Person","@id":"https:\/\/noticiasmercedinas.com\/site\/#\/schema\/person\/84b59c099c28ff2e8b77d4ceec5d8063","name":"NOTICIASMERCEDINAS.COM","image":{"@type":"ImageObject","inLanguage":"es","@id":"https:\/\/secure.gravatar.com\/avatar\/4dfbf16b4d17945bfb6341b2d19043457132fcf478a5ee04f42e959fd8f5df0a?s=96&d=mm&r=g","url":"https:\/\/secure.gravatar.com\/avatar\/4dfbf16b4d17945bfb6341b2d19043457132fcf478a5ee04f42e959fd8f5df0a?s=96&d=mm&r=g","contentUrl":"https:\/\/secure.gravatar.com\/avatar\/4dfbf16b4d17945bfb6341b2d19043457132fcf478a5ee04f42e959fd8f5df0a?s=96&d=mm&r=g","caption":"NOTICIASMERCEDINAS.COM"},"url":"https:\/\/noticiasmercedinas.com\/site\/author\/anonimo\/"}]}},"amp_enabled":true,"_links":{"self":[{"href":"https:\/\/noticiasmercedinas.com\/site\/wp-json\/wp\/v2\/posts\/55300","targetHints":{"allow":["GET"]}}],"collection":[{"href":"https:\/\/noticiasmercedinas.com\/site\/wp-json\/wp\/v2\/posts"}],"about":[{"href":"https:\/\/noticiasmercedinas.com\/site\/wp-json\/wp\/v2\/types\/post"}],"author":[{"embeddable":true,"href":"https:\/\/noticiasmercedinas.com\/site\/wp-json\/wp\/v2\/users\/16"}],"replies":[{"embeddable":true,"href":"https:\/\/noticiasmercedinas.com\/site\/wp-json\/wp\/v2\/comments?post=55300"}],"version-history":[{"count":4,"href":"https:\/\/noticiasmercedinas.com\/site\/wp-json\/wp\/v2\/posts\/55300\/revisions"}],"predecessor-version":[{"id":55305,"href":"https:\/\/noticiasmercedinas.com\/site\/wp-json\/wp\/v2\/posts\/55300\/revisions\/55305"}],"wp:featuredmedia":[{"embeddable":true,"href":"https:\/\/noticiasmercedinas.com\/site\/wp-json\/wp\/v2\/media\/55301"}],"wp:attachment":[{"href":"https:\/\/noticiasmercedinas.com\/site\/wp-json\/wp\/v2\/media?parent=55300"}],"wp:term":[{"taxonomy":"category","embeddable":true,"href":"https:\/\/noticiasmercedinas.com\/site\/wp-json\/wp\/v2\/categories?post=55300"},{"taxonomy":"post_tag","embeddable":true,"href":"https:\/\/noticiasmercedinas.com\/site\/wp-json\/wp\/v2\/tags?post=55300"}],"curies":[{"name":"wp","href":"https:\/\/api.w.org\/{rel}","templated":true}]}}