{"id":5554,"date":"2018-10-29T18:03:45","date_gmt":"2018-10-29T21:03:45","guid":{"rendered":"https:\/\/noticiasmercedinas.com\/site\/?p=5554"},"modified":"2018-10-29T18:03:45","modified_gmt":"2018-10-29T21:03:45","slug":"mariano-fuaz-premiado-en-concurso-fotografico-por-la-igualdad","status":"publish","type":"post","link":"https:\/\/noticiasmercedinas.com\/site\/2018\/10\/29\/mariano-fuaz-premiado-en-concurso-fotografico-por-la-igualdad\/","title":{"rendered":"Mariano Fuaz, premiado en concurso fotogr\u00e1fico por la igualdad"},"content":{"rendered":"<figure id=\"attachment_5555\" aria-describedby=\"caption-attachment-5555\" style=\"width: 640px\" class=\"wp-caption alignnone\"><img loading=\"lazy\" decoding=\"async\" class=\"wp-image-5555\" src=\"https:\/\/noticiasmercedinas.com\/site\/wp-content\/uploads\/2018\/10\/0c87fd39-50cd-4b93-a858-de2deac42e2b.jpg\" alt=\"\" width=\"640\" height=\"895\" srcset=\"https:\/\/noticiasmercedinas.com\/site\/wp-content\/uploads\/2018\/10\/0c87fd39-50cd-4b93-a858-de2deac42e2b.jpg 429w, https:\/\/noticiasmercedinas.com\/site\/wp-content\/uploads\/2018\/10\/0c87fd39-50cd-4b93-a858-de2deac42e2b-215x300.jpg 215w\" sizes=\"auto, (max-width: 640px) 100vw, 640px\" \/><figcaption id=\"caption-attachment-5555\" class=\"wp-caption-text\">Foto premiada de Mariano Fuaz<\/figcaption><\/figure>\n<p>El fot\u00f3grafo <strong>Mariano Fuaz<\/strong> obtuvo un nuevo galard\u00f3n con uno de sus trabajos, esta vez en el Colegio de Magistrados y Funcionarios del Departamento Judicial Mercedes, que har\u00e1 la inauguraci\u00f3n y entrega de premios del Primer Concurso de fotograf\u00eda con la tem\u00e1tica \u201cHagamos foco por la igualdad\u201d. La apertura ser\u00e1 en la sede del Colegio, el venidero d\u00eda 1 de noviembre de 2018 a la hora 12.<\/p>\n<p>El primer premio adjudicado lo obtuvo la obra \u201cLa hija del padre\u201d de Luis Mariano Fuaz, Primera Menci\u00f3n \u201cF\u00fatbol en Fuerte Apache\u201d de Victoria Cappanera y Segunda Menci\u00f3n \u201cAEQUALIS\u201d de Nora Evelina Zunino.<\/p>\n<p>El Jurado estuvo integrado por Constanza Niscolovos, Valeria Bellusci y Ezequiel Torres.<\/p>\n<p>Asimismo la obra premiada y las menciones participar\u00e1n en la muestra organizada por la \u201cComisi\u00f3n de Pol\u00edtica de Genero y Acceso a Justicia\u201d del Senado de la Provincia de Buenos Aires a partir del 22 de noviembre.<\/p>\n<p>La muestra estar\u00e1 abierta al p\u00fablico de lunes a viernes en la sede del colegio, sito en calle 26 N\u00ba 775 en el horario de 8 a 14 horas<\/p>\n","protected":false},"excerpt":{"rendered":"<p>El fot\u00f3grafo Mariano Fuaz obtuvo un nuevo galard\u00f3n con uno de sus trabajos, esta vez en el Colegio de Magistrados y Funcionarios del Departamento Judicial Mercedes, que har\u00e1 la inauguraci\u00f3n y entrega de premios del Primer Concurso de fotograf\u00eda con la tem\u00e1tica \u201cHagamos foco por la igualdad\u201d. La apertura ser\u00e1 en la sede del Colegio, [&hellip;]<\/p>\n","protected":false},"author":2,"featured_media":5555,"comment_status":"open","ping_status":"open","sticky":false,"template":"","format":"standard","meta":{"footnotes":""},"categories":[4],"tags":[1546,558,1777],"class_list":["post-5554","post","type-post","status-publish","format-standard","has-post-thumbnail","hentry","category-cultura","tag-colegio-de-magistrados-y-funcionarios","tag-fotografia","tag-mariano-fuaz"],"yoast_head":"<!-- This site is optimized with the Yoast SEO plugin v27.5 - https:\/\/yoast.com\/product\/yoast-seo-wordpress\/ -->\n<title>Mariano Fuaz, premiado en concurso fotogr\u00e1fico por la igualdad<\/title>\n<meta name=\"robots\" content=\"index, follow, max-snippet:-1, max-image-preview:large, max-video-preview:-1\" \/>\n<link rel=\"canonical\" href=\"https:\/\/noticiasmercedinas.com\/site\/2018\/10\/29\/mariano-fuaz-premiado-en-concurso-fotografico-por-la-igualdad\/\" \/>\n<meta property=\"og:locale\" content=\"es_ES\" \/>\n<meta property=\"og:type\" content=\"article\" \/>\n<meta property=\"og:title\" content=\"Mariano Fuaz, premiado en concurso fotogr\u00e1fico por la igualdad\" \/>\n<meta property=\"og:description\" content=\"El fot\u00f3grafo Mariano Fuaz obtuvo un nuevo galard\u00f3n con uno de sus trabajos, esta vez en el Colegio de Magistrados y Funcionarios del Departamento Judicial Mercedes, que har\u00e1 la inauguraci\u00f3n y entrega de premios del Primer Concurso de fotograf\u00eda con la tem\u00e1tica \u201cHagamos foco por la igualdad\u201d. La apertura ser\u00e1 en la sede del Colegio, [&hellip;]\" \/>\n<meta property=\"og:url\" content=\"https:\/\/noticiasmercedinas.com\/site\/2018\/10\/29\/mariano-fuaz-premiado-en-concurso-fotografico-por-la-igualdad\/\" \/>\n<meta property=\"og:site_name\" content=\"NOTICIASMERCEDINAS.COM\" \/>\n<meta property=\"article:publisher\" content=\"https:\/\/www.facebook.com\/noticiasmercedinas\/\" \/>\n<meta property=\"article:author\" content=\"https:\/\/www.facebook.com\/cristian.falabella\" \/>\n<meta property=\"article:published_time\" content=\"2018-10-29T21:03:45+00:00\" \/>\n<meta property=\"og:image\" content=\"https:\/\/noticiasmercedinas.com\/site\/wp-content\/uploads\/2018\/10\/0c87fd39-50cd-4b93-a858-de2deac42e2b.jpg\" \/>\n\t<meta property=\"og:image:width\" content=\"429\" \/>\n\t<meta property=\"og:image:height\" content=\"600\" \/>\n\t<meta property=\"og:image:type\" content=\"image\/jpeg\" \/>\n<meta name=\"author\" content=\"Cristian Falabella NOTICIASMERCEDINAS.COM\" \/>\n<meta name=\"twitter:card\" content=\"summary_large_image\" \/>\n<meta name=\"twitter:creator\" content=\"@https:\/\/twitter.com\/NOTMERCEDINAS\" \/>\n<meta name=\"twitter:site\" content=\"@notmercedinas\" \/>\n<meta name=\"twitter:label1\" content=\"Escrito por\" \/>\n\t<meta name=\"twitter:data1\" content=\"Cristian Falabella NOTICIASMERCEDINAS.COM\" \/>\n\t<meta name=\"twitter:label2\" content=\"Tiempo de lectura\" \/>\n\t<meta name=\"twitter:data2\" content=\"1 minuto\" \/>\n<script type=\"application\/ld+json\" class=\"yoast-schema-graph\">{\"@context\":\"https:\\\/\\\/schema.org\",\"@graph\":[{\"@type\":\"Article\",\"@id\":\"https:\\\/\\\/noticiasmercedinas.com\\\/site\\\/2018\\\/10\\\/29\\\/mariano-fuaz-premiado-en-concurso-fotografico-por-la-igualdad\\\/#article\",\"isPartOf\":{\"@id\":\"https:\\\/\\\/noticiasmercedinas.com\\\/site\\\/2018\\\/10\\\/29\\\/mariano-fuaz-premiado-en-concurso-fotografico-por-la-igualdad\\\/\"},\"author\":{\"name\":\"Cristian Falabella NOTICIASMERCEDINAS.COM\",\"@id\":\"https:\\\/\\\/noticiasmercedinas.com\\\/site\\\/#\\\/schema\\\/person\\\/d481a9696a5feaec13a60e2bbd991a6a\"},\"headline\":\"Mariano Fuaz, premiado en concurso fotogr\u00e1fico por la igualdad\",\"datePublished\":\"2018-10-29T21:03:45+00:00\",\"mainEntityOfPage\":{\"@id\":\"https:\\\/\\\/noticiasmercedinas.com\\\/site\\\/2018\\\/10\\\/29\\\/mariano-fuaz-premiado-en-concurso-fotografico-por-la-igualdad\\\/\"},\"wordCount\":205,\"commentCount\":0,\"publisher\":{\"@id\":\"https:\\\/\\\/noticiasmercedinas.com\\\/site\\\/#organization\"},\"image\":{\"@id\":\"https:\\\/\\\/noticiasmercedinas.com\\\/site\\\/2018\\\/10\\\/29\\\/mariano-fuaz-premiado-en-concurso-fotografico-por-la-igualdad\\\/#primaryimage\"},\"thumbnailUrl\":\"https:\\\/\\\/noticiasmercedinas.com\\\/site\\\/wp-content\\\/uploads\\\/2018\\\/10\\\/0c87fd39-50cd-4b93-a858-de2deac42e2b.jpg\",\"keywords\":[\"Colegio de Magistrados y Funcionarios\",\"fotografia\",\"mariano fuaz\"],\"articleSection\":[\"Cultura\"],\"inLanguage\":\"es\",\"potentialAction\":[{\"@type\":\"CommentAction\",\"name\":\"Comment\",\"target\":[\"https:\\\/\\\/noticiasmercedinas.com\\\/site\\\/2018\\\/10\\\/29\\\/mariano-fuaz-premiado-en-concurso-fotografico-por-la-igualdad\\\/#respond\"]}]},{\"@type\":\"WebPage\",\"@id\":\"https:\\\/\\\/noticiasmercedinas.com\\\/site\\\/2018\\\/10\\\/29\\\/mariano-fuaz-premiado-en-concurso-fotografico-por-la-igualdad\\\/\",\"url\":\"https:\\\/\\\/noticiasmercedinas.com\\\/site\\\/2018\\\/10\\\/29\\\/mariano-fuaz-premiado-en-concurso-fotografico-por-la-igualdad\\\/\",\"name\":\"Mariano Fuaz, premiado en concurso fotogr\u00e1fico por la igualdad\",\"isPartOf\":{\"@id\":\"https:\\\/\\\/noticiasmercedinas.com\\\/site\\\/#website\"},\"primaryImageOfPage\":{\"@id\":\"https:\\\/\\\/noticiasmercedinas.com\\\/site\\\/2018\\\/10\\\/29\\\/mariano-fuaz-premiado-en-concurso-fotografico-por-la-igualdad\\\/#primaryimage\"},\"image\":{\"@id\":\"https:\\\/\\\/noticiasmercedinas.com\\\/site\\\/2018\\\/10\\\/29\\\/mariano-fuaz-premiado-en-concurso-fotografico-por-la-igualdad\\\/#primaryimage\"},\"thumbnailUrl\":\"https:\\\/\\\/noticiasmercedinas.com\\\/site\\\/wp-content\\\/uploads\\\/2018\\\/10\\\/0c87fd39-50cd-4b93-a858-de2deac42e2b.jpg\",\"datePublished\":\"2018-10-29T21:03:45+00:00\",\"breadcrumb\":{\"@id\":\"https:\\\/\\\/noticiasmercedinas.com\\\/site\\\/2018\\\/10\\\/29\\\/mariano-fuaz-premiado-en-concurso-fotografico-por-la-igualdad\\\/#breadcrumb\"},\"inLanguage\":\"es\",\"potentialAction\":[{\"@type\":\"ReadAction\",\"target\":[\"https:\\\/\\\/noticiasmercedinas.com\\\/site\\\/2018\\\/10\\\/29\\\/mariano-fuaz-premiado-en-concurso-fotografico-por-la-igualdad\\\/\"]}]},{\"@type\":\"ImageObject\",\"inLanguage\":\"es\",\"@id\":\"https:\\\/\\\/noticiasmercedinas.com\\\/site\\\/2018\\\/10\\\/29\\\/mariano-fuaz-premiado-en-concurso-fotografico-por-la-igualdad\\\/#primaryimage\",\"url\":\"https:\\\/\\\/noticiasmercedinas.com\\\/site\\\/wp-content\\\/uploads\\\/2018\\\/10\\\/0c87fd39-50cd-4b93-a858-de2deac42e2b.jpg\",\"contentUrl\":\"https:\\\/\\\/noticiasmercedinas.com\\\/site\\\/wp-content\\\/uploads\\\/2018\\\/10\\\/0c87fd39-50cd-4b93-a858-de2deac42e2b.jpg\",\"width\":429,\"height\":600},{\"@type\":\"BreadcrumbList\",\"@id\":\"https:\\\/\\\/noticiasmercedinas.com\\\/site\\\/2018\\\/10\\\/29\\\/mariano-fuaz-premiado-en-concurso-fotografico-por-la-igualdad\\\/#breadcrumb\",\"itemListElement\":[{\"@type\":\"ListItem\",\"position\":1,\"name\":\"Portada\",\"item\":\"https:\\\/\\\/noticiasmercedinas.com\\\/site\\\/\"},{\"@type\":\"ListItem\",\"position\":2,\"name\":\"Mariano Fuaz, premiado en concurso fotogr\u00e1fico por la igualdad\"}]},{\"@type\":\"WebSite\",\"@id\":\"https:\\\/\\\/noticiasmercedinas.com\\\/site\\\/#website\",\"url\":\"https:\\\/\\\/noticiasmercedinas.com\\\/site\\\/\",\"name\":\"NOTICIASMERCEDINAS.COM\",\"description\":\"Mercedes, Buenos Aires, Argentina\",\"publisher\":{\"@id\":\"https:\\\/\\\/noticiasmercedinas.com\\\/site\\\/#organization\"},\"potentialAction\":[{\"@type\":\"SearchAction\",\"target\":{\"@type\":\"EntryPoint\",\"urlTemplate\":\"https:\\\/\\\/noticiasmercedinas.com\\\/site\\\/?s={search_term_string}\"},\"query-input\":{\"@type\":\"PropertyValueSpecification\",\"valueRequired\":true,\"valueName\":\"search_term_string\"}}],\"inLanguage\":\"es\"},{\"@type\":\"Organization\",\"@id\":\"https:\\\/\\\/noticiasmercedinas.com\\\/site\\\/#organization\",\"name\":\"NOTICIASMERCEDINAS.COM\",\"url\":\"https:\\\/\\\/noticiasmercedinas.com\\\/site\\\/\",\"logo\":{\"@type\":\"ImageObject\",\"inLanguage\":\"es\",\"@id\":\"https:\\\/\\\/noticiasmercedinas.com\\\/site\\\/#\\\/schema\\\/logo\\\/image\\\/\",\"url\":\"https:\\\/\\\/noticiasmercedinas.com\\\/site\\\/wp-content\\\/uploads\\\/2020\\\/06\\\/LOGO-512.jpg\",\"contentUrl\":\"https:\\\/\\\/noticiasmercedinas.com\\\/site\\\/wp-content\\\/uploads\\\/2020\\\/06\\\/LOGO-512.jpg\",\"width\":512,\"height\":512,\"caption\":\"NOTICIASMERCEDINAS.COM\"},\"image\":{\"@id\":\"https:\\\/\\\/noticiasmercedinas.com\\\/site\\\/#\\\/schema\\\/logo\\\/image\\\/\"},\"sameAs\":[\"https:\\\/\\\/www.facebook.com\\\/noticiasmercedinas\\\/\",\"https:\\\/\\\/x.com\\\/notmercedinas\",\"https:\\\/\\\/www.instagram.com\\\/noticiasmercedinas\\\/\"]},{\"@type\":\"Person\",\"@id\":\"https:\\\/\\\/noticiasmercedinas.com\\\/site\\\/#\\\/schema\\\/person\\\/d481a9696a5feaec13a60e2bbd991a6a\",\"name\":\"Cristian Falabella NOTICIASMERCEDINAS.COM\",\"image\":{\"@type\":\"ImageObject\",\"inLanguage\":\"es\",\"@id\":\"https:\\\/\\\/secure.gravatar.com\\\/avatar\\\/0dbbfc45970cc46bcd0e57766228574ff3511d6eed045b182f536f0f478c1f06?s=96&d=mm&r=g\",\"url\":\"https:\\\/\\\/secure.gravatar.com\\\/avatar\\\/0dbbfc45970cc46bcd0e57766228574ff3511d6eed045b182f536f0f478c1f06?s=96&d=mm&r=g\",\"contentUrl\":\"https:\\\/\\\/secure.gravatar.com\\\/avatar\\\/0dbbfc45970cc46bcd0e57766228574ff3511d6eed045b182f536f0f478c1f06?s=96&d=mm&r=g\",\"caption\":\"Cristian Falabella NOTICIASMERCEDINAS.COM\"},\"description\":\"Periodista, editor de Noticias Mercedinas. Pas\u00f3 por varias redacciones y emprendimientos de prensa, en distintos formatos y \u00e9pocas. Se especializ\u00f3 --y sigue haci\u00e9ndolo-- en comunicaci\u00f3n en la web y en junio de 2006 fund\u00f3 este diario digital.\",\"sameAs\":[\"https:\\\/\\\/noticiasmercedinas.com\",\"https:\\\/\\\/www.facebook.com\\\/cristian.falabella\",\"https:\\\/\\\/www.instagram.com\\\/noticiasmercedinas\\\/\",\"https:\\\/\\\/x.com\\\/https:\\\/\\\/twitter.com\\\/NOTMERCEDINAS\"],\"url\":\"https:\\\/\\\/noticiasmercedinas.com\\\/site\\\/author\\\/as000384\\\/\"}]}<\/script>\n<!-- \/ Yoast SEO plugin. -->","yoast_head_json":{"title":"Mariano Fuaz, premiado en concurso fotogr\u00e1fico por la igualdad","robots":{"index":"index","follow":"follow","max-snippet":"max-snippet:-1","max-image-preview":"max-image-preview:large","max-video-preview":"max-video-preview:-1"},"canonical":"https:\/\/noticiasmercedinas.com\/site\/2018\/10\/29\/mariano-fuaz-premiado-en-concurso-fotografico-por-la-igualdad\/","og_locale":"es_ES","og_type":"article","og_title":"Mariano Fuaz, premiado en concurso fotogr\u00e1fico por la igualdad","og_description":"El fot\u00f3grafo Mariano Fuaz obtuvo un nuevo galard\u00f3n con uno de sus trabajos, esta vez en el Colegio de Magistrados y Funcionarios del Departamento Judicial Mercedes, que har\u00e1 la inauguraci\u00f3n y entrega de premios del Primer Concurso de fotograf\u00eda con la tem\u00e1tica \u201cHagamos foco por la igualdad\u201d. La apertura ser\u00e1 en la sede del Colegio, [&hellip;]","og_url":"https:\/\/noticiasmercedinas.com\/site\/2018\/10\/29\/mariano-fuaz-premiado-en-concurso-fotografico-por-la-igualdad\/","og_site_name":"NOTICIASMERCEDINAS.COM","article_publisher":"https:\/\/www.facebook.com\/noticiasmercedinas\/","article_author":"https:\/\/www.facebook.com\/cristian.falabella","article_published_time":"2018-10-29T21:03:45+00:00","og_image":[{"width":429,"height":600,"url":"https:\/\/noticiasmercedinas.com\/site\/wp-content\/uploads\/2018\/10\/0c87fd39-50cd-4b93-a858-de2deac42e2b.jpg","type":"image\/jpeg"}],"author":"Cristian Falabella NOTICIASMERCEDINAS.COM","twitter_card":"summary_large_image","twitter_creator":"@https:\/\/twitter.com\/NOTMERCEDINAS","twitter_site":"@notmercedinas","twitter_misc":{"Escrito por":"Cristian Falabella NOTICIASMERCEDINAS.COM","Tiempo de lectura":"1 minuto"},"schema":{"@context":"https:\/\/schema.org","@graph":[{"@type":"Article","@id":"https:\/\/noticiasmercedinas.com\/site\/2018\/10\/29\/mariano-fuaz-premiado-en-concurso-fotografico-por-la-igualdad\/#article","isPartOf":{"@id":"https:\/\/noticiasmercedinas.com\/site\/2018\/10\/29\/mariano-fuaz-premiado-en-concurso-fotografico-por-la-igualdad\/"},"author":{"name":"Cristian Falabella NOTICIASMERCEDINAS.COM","@id":"https:\/\/noticiasmercedinas.com\/site\/#\/schema\/person\/d481a9696a5feaec13a60e2bbd991a6a"},"headline":"Mariano Fuaz, premiado en concurso fotogr\u00e1fico por la igualdad","datePublished":"2018-10-29T21:03:45+00:00","mainEntityOfPage":{"@id":"https:\/\/noticiasmercedinas.com\/site\/2018\/10\/29\/mariano-fuaz-premiado-en-concurso-fotografico-por-la-igualdad\/"},"wordCount":205,"commentCount":0,"publisher":{"@id":"https:\/\/noticiasmercedinas.com\/site\/#organization"},"image":{"@id":"https:\/\/noticiasmercedinas.com\/site\/2018\/10\/29\/mariano-fuaz-premiado-en-concurso-fotografico-por-la-igualdad\/#primaryimage"},"thumbnailUrl":"https:\/\/noticiasmercedinas.com\/site\/wp-content\/uploads\/2018\/10\/0c87fd39-50cd-4b93-a858-de2deac42e2b.jpg","keywords":["Colegio de Magistrados y Funcionarios","fotografia","mariano fuaz"],"articleSection":["Cultura"],"inLanguage":"es","potentialAction":[{"@type":"CommentAction","name":"Comment","target":["https:\/\/noticiasmercedinas.com\/site\/2018\/10\/29\/mariano-fuaz-premiado-en-concurso-fotografico-por-la-igualdad\/#respond"]}]},{"@type":"WebPage","@id":"https:\/\/noticiasmercedinas.com\/site\/2018\/10\/29\/mariano-fuaz-premiado-en-concurso-fotografico-por-la-igualdad\/","url":"https:\/\/noticiasmercedinas.com\/site\/2018\/10\/29\/mariano-fuaz-premiado-en-concurso-fotografico-por-la-igualdad\/","name":"Mariano Fuaz, premiado en concurso fotogr\u00e1fico por la igualdad","isPartOf":{"@id":"https:\/\/noticiasmercedinas.com\/site\/#website"},"primaryImageOfPage":{"@id":"https:\/\/noticiasmercedinas.com\/site\/2018\/10\/29\/mariano-fuaz-premiado-en-concurso-fotografico-por-la-igualdad\/#primaryimage"},"image":{"@id":"https:\/\/noticiasmercedinas.com\/site\/2018\/10\/29\/mariano-fuaz-premiado-en-concurso-fotografico-por-la-igualdad\/#primaryimage"},"thumbnailUrl":"https:\/\/noticiasmercedinas.com\/site\/wp-content\/uploads\/2018\/10\/0c87fd39-50cd-4b93-a858-de2deac42e2b.jpg","datePublished":"2018-10-29T21:03:45+00:00","breadcrumb":{"@id":"https:\/\/noticiasmercedinas.com\/site\/2018\/10\/29\/mariano-fuaz-premiado-en-concurso-fotografico-por-la-igualdad\/#breadcrumb"},"inLanguage":"es","potentialAction":[{"@type":"ReadAction","target":["https:\/\/noticiasmercedinas.com\/site\/2018\/10\/29\/mariano-fuaz-premiado-en-concurso-fotografico-por-la-igualdad\/"]}]},{"@type":"ImageObject","inLanguage":"es","@id":"https:\/\/noticiasmercedinas.com\/site\/2018\/10\/29\/mariano-fuaz-premiado-en-concurso-fotografico-por-la-igualdad\/#primaryimage","url":"https:\/\/noticiasmercedinas.com\/site\/wp-content\/uploads\/2018\/10\/0c87fd39-50cd-4b93-a858-de2deac42e2b.jpg","contentUrl":"https:\/\/noticiasmercedinas.com\/site\/wp-content\/uploads\/2018\/10\/0c87fd39-50cd-4b93-a858-de2deac42e2b.jpg","width":429,"height":600},{"@type":"BreadcrumbList","@id":"https:\/\/noticiasmercedinas.com\/site\/2018\/10\/29\/mariano-fuaz-premiado-en-concurso-fotografico-por-la-igualdad\/#breadcrumb","itemListElement":[{"@type":"ListItem","position":1,"name":"Portada","item":"https:\/\/noticiasmercedinas.com\/site\/"},{"@type":"ListItem","position":2,"name":"Mariano Fuaz, premiado en concurso fotogr\u00e1fico por la igualdad"}]},{"@type":"WebSite","@id":"https:\/\/noticiasmercedinas.com\/site\/#website","url":"https:\/\/noticiasmercedinas.com\/site\/","name":"NOTICIASMERCEDINAS.COM","description":"Mercedes, Buenos Aires, Argentina","publisher":{"@id":"https:\/\/noticiasmercedinas.com\/site\/#organization"},"potentialAction":[{"@type":"SearchAction","target":{"@type":"EntryPoint","urlTemplate":"https:\/\/noticiasmercedinas.com\/site\/?s={search_term_string}"},"query-input":{"@type":"PropertyValueSpecification","valueRequired":true,"valueName":"search_term_string"}}],"inLanguage":"es"},{"@type":"Organization","@id":"https:\/\/noticiasmercedinas.com\/site\/#organization","name":"NOTICIASMERCEDINAS.COM","url":"https:\/\/noticiasmercedinas.com\/site\/","logo":{"@type":"ImageObject","inLanguage":"es","@id":"https:\/\/noticiasmercedinas.com\/site\/#\/schema\/logo\/image\/","url":"https:\/\/noticiasmercedinas.com\/site\/wp-content\/uploads\/2020\/06\/LOGO-512.jpg","contentUrl":"https:\/\/noticiasmercedinas.com\/site\/wp-content\/uploads\/2020\/06\/LOGO-512.jpg","width":512,"height":512,"caption":"NOTICIASMERCEDINAS.COM"},"image":{"@id":"https:\/\/noticiasmercedinas.com\/site\/#\/schema\/logo\/image\/"},"sameAs":["https:\/\/www.facebook.com\/noticiasmercedinas\/","https:\/\/x.com\/notmercedinas","https:\/\/www.instagram.com\/noticiasmercedinas\/"]},{"@type":"Person","@id":"https:\/\/noticiasmercedinas.com\/site\/#\/schema\/person\/d481a9696a5feaec13a60e2bbd991a6a","name":"Cristian Falabella NOTICIASMERCEDINAS.COM","image":{"@type":"ImageObject","inLanguage":"es","@id":"https:\/\/secure.gravatar.com\/avatar\/0dbbfc45970cc46bcd0e57766228574ff3511d6eed045b182f536f0f478c1f06?s=96&d=mm&r=g","url":"https:\/\/secure.gravatar.com\/avatar\/0dbbfc45970cc46bcd0e57766228574ff3511d6eed045b182f536f0f478c1f06?s=96&d=mm&r=g","contentUrl":"https:\/\/secure.gravatar.com\/avatar\/0dbbfc45970cc46bcd0e57766228574ff3511d6eed045b182f536f0f478c1f06?s=96&d=mm&r=g","caption":"Cristian Falabella NOTICIASMERCEDINAS.COM"},"description":"Periodista, editor de Noticias Mercedinas. Pas\u00f3 por varias redacciones y emprendimientos de prensa, en distintos formatos y \u00e9pocas. Se especializ\u00f3 --y sigue haci\u00e9ndolo-- en comunicaci\u00f3n en la web y en junio de 2006 fund\u00f3 este diario digital.","sameAs":["https:\/\/noticiasmercedinas.com","https:\/\/www.facebook.com\/cristian.falabella","https:\/\/www.instagram.com\/noticiasmercedinas\/","https:\/\/x.com\/https:\/\/twitter.com\/NOTMERCEDINAS"],"url":"https:\/\/noticiasmercedinas.com\/site\/author\/as000384\/"}]}},"amp_enabled":true,"_links":{"self":[{"href":"https:\/\/noticiasmercedinas.com\/site\/wp-json\/wp\/v2\/posts\/5554","targetHints":{"allow":["GET"]}}],"collection":[{"href":"https:\/\/noticiasmercedinas.com\/site\/wp-json\/wp\/v2\/posts"}],"about":[{"href":"https:\/\/noticiasmercedinas.com\/site\/wp-json\/wp\/v2\/types\/post"}],"author":[{"embeddable":true,"href":"https:\/\/noticiasmercedinas.com\/site\/wp-json\/wp\/v2\/users\/2"}],"replies":[{"embeddable":true,"href":"https:\/\/noticiasmercedinas.com\/site\/wp-json\/wp\/v2\/comments?post=5554"}],"version-history":[{"count":1,"href":"https:\/\/noticiasmercedinas.com\/site\/wp-json\/wp\/v2\/posts\/5554\/revisions"}],"predecessor-version":[{"id":5556,"href":"https:\/\/noticiasmercedinas.com\/site\/wp-json\/wp\/v2\/posts\/5554\/revisions\/5556"}],"wp:featuredmedia":[{"embeddable":true,"href":"https:\/\/noticiasmercedinas.com\/site\/wp-json\/wp\/v2\/media\/5555"}],"wp:attachment":[{"href":"https:\/\/noticiasmercedinas.com\/site\/wp-json\/wp\/v2\/media?parent=5554"}],"wp:term":[{"taxonomy":"category","embeddable":true,"href":"https:\/\/noticiasmercedinas.com\/site\/wp-json\/wp\/v2\/categories?post=5554"},{"taxonomy":"post_tag","embeddable":true,"href":"https:\/\/noticiasmercedinas.com\/site\/wp-json\/wp\/v2\/tags?post=5554"}],"curies":[{"name":"wp","href":"https:\/\/api.w.org\/{rel}","templated":true}]}}