{"id":55623,"date":"2020-10-30T08:25:46","date_gmt":"2020-10-30T11:25:46","guid":{"rendered":"https:\/\/noticiasmercedinas.com\/site\/?p=55623"},"modified":"2020-10-30T08:25:17","modified_gmt":"2020-10-30T11:25:17","slug":"ustarroz-encabezo-foros-de-planificacion-estrategica","status":"publish","type":"post","link":"https:\/\/noticiasmercedinas.com\/site\/2020\/10\/30\/ustarroz-encabezo-foros-de-planificacion-estrategica\/","title":{"rendered":"Ustarroz encabez\u00f3 Foros de Planificaci\u00f3n Estrat\u00e9gica"},"content":{"rendered":"<p><img loading=\"lazy\" decoding=\"async\" class=\"alignnone wp-image-55620 size-full\" src=\"https:\/\/noticiasmercedinas.com\/site\/wp-content\/uploads\/2020\/10\/wp-1604056135414.jpg\" width=\"1113\" height=\"626\" srcset=\"https:\/\/noticiasmercedinas.com\/site\/wp-content\/uploads\/2020\/10\/wp-1604056135414.jpg 1113w, https:\/\/noticiasmercedinas.com\/site\/wp-content\/uploads\/2020\/10\/wp-1604056135414-300x169.jpg 300w, https:\/\/noticiasmercedinas.com\/site\/wp-content\/uploads\/2020\/10\/wp-1604056135414-1024x576.jpg 1024w, https:\/\/noticiasmercedinas.com\/site\/wp-content\/uploads\/2020\/10\/wp-1604056135414-768x432.jpg 768w, https:\/\/noticiasmercedinas.com\/site\/wp-content\/uploads\/2020\/10\/wp-1604056135414-640x360.jpg 640w, https:\/\/noticiasmercedinas.com\/site\/wp-content\/uploads\/2020\/10\/wp-1604056135414-681x383.jpg 681w\" sizes=\"auto, (max-width: 1113px) 100vw, 1113px\" \/><\/p>\n<p>\u201cQueremos unirnos en la planificaci\u00f3n\u201d, expres\u00f3 el intendente Juan Ustarroz al relanzar los Foros de Planificaci\u00f3n Estrat\u00e9gica.<\/p>\n<p>El jefe comunal tambi\u00e9n destac\u00f3 que \u201cdebemos unirnos en lo importante, para intervenir en el presente, pensando en el futuro\u201d ante un nutrido auditorio que se congreg\u00f3 en el lanzamiento de los Foros, con el objetivo de avanzar en propuestas concretas, construir acciones, dispositivos y soluciones para la comunidad de Mercedes, trabajando con todos los sectores de la ciudad.<\/p>\n<p>Participaron Avelino Zurro, Secretario de Asuntos Municipales del Ministerio del Interior, Juan Duarte, Director Nacional de Acceso al Suelo y Formalizaciones del Ministerio de Vivienda y Lu\u00eds Baer del Ministerio de Infraestructura del a Unidad de Planificaci\u00f3n Estat\u00e9gica bonaerense, adem\u00e1s de funcionarios, instituciones, clubes, colegios de profesionales, representaciones empresariales, ong\u00b4s, espacios ambientales, el subsecretario de Asuntos Municipales de la provincia, Santiago R\u00e9vora y el Diputado Mat\u00edas Molle, entre distintas \u00e1reas de gobierno local.<\/p>\n<p>El intendente Juan Ignacio Ustarroz, en primer lugar, salud\u00f3 a todos los presentes y manifest\u00f3: \u201cHoy la invitaci\u00f3n es a relanzar los foros de planificaci\u00f3n estrat\u00e9gica, nosotros desde que asumimos lo hicimos con una consigna clara que es escuchar, planificar y hacer, y en ese sentido, en el a\u00f1o 2016, comenzamos con los foros de diagn\u00f3stico participativo, se han realizado decretos para paralizar la construcci\u00f3n de edificios, se pidi\u00f3 y se logr\u00f3 realizar un diagn\u00f3stico de un plan integral de agua y cloacas en la ciudad, etc\u00e9tera\u201d y apunt\u00f3 que \u201cen simult\u00e1neo ten\u00edamos que ir recomponiendo y reconstruyendo el Estado Municipal para generar mejores servicios a la par de ir pensando la ciudad que todos queremos y so\u00f1amos\u201d.<\/p>\n<blockquote><p>\u201cEn la actualidad tenemos un claro acompa\u00f1amiento por parte del Estado Nacional y Provincial, que nos va a permitir so\u00f1ar y planificar con m\u00e1s recursos y poder hacer realidad esos sue\u00f1os\u201d, destac\u00f3 el intendente<\/p><\/blockquote>\n<p>\u201cEn la actualidad tenemos un claro acompa\u00f1amiento por parte del Estado Nacional y Provincial, que nos va a permitir so\u00f1ar y planificar con m\u00e1s recursos y poder hacer realidad esos sue\u00f1os\u201d, destac\u00f3 el intendente Ustarroz y agreg\u00f3: \u201cCreo que, en pol\u00edtica, fundamentalmente lo que define es la acci\u00f3n, la capacidad de realizaci\u00f3n de esos sue\u00f1os y esas utop\u00edas que todos tenemos desde el lugar que nos toque transitar la realidad\u201d.<\/p>\n<p>Asimismo, Ustarroz se\u00f1al\u00f3 que \u201ccon respecto a la metodolog\u00eda, nosotros tambi\u00e9n nos valemos de los objetivos de desarrollo sostenible de Naciones Unidas, creo que son consensos en el mundo que sirven tambi\u00e9n, para traerlos a nuestra ciudad y poder pensar, dise\u00f1ar y trabajar sobre la base de esos principios. Hay una idea fuerza que es central, que son las ciudades y comunidades sustentables y sobre la base de este eje fuimos planteado diferentes puntos de trabajo en cuanto a la metodolog\u00eda\u201d.<\/p>\n<p>En este sentido, el intendente Ustarroz indic\u00f3 que \u201cel primer eje es Equidad Territorial, el segundo es Ciudad Inclusiva (la ni\u00f1ez como prioridad), el tercer eje es Ambiente (inmobiliario urbano sustentable) y el cuarto eje el Desarrollo Econ\u00f3mico y como matriz -tambi\u00e9n- la gobernanza y fortalecimiento institucional. Y como metas concretas, el nuevo C\u00f3digo Urbano Territorial, el Nuevo C\u00f3digo de Edificaci\u00f3n, claramente, con la participaci\u00f3n comunitaria\u201d<\/p>\n<p>\u201cM\u00e1s all\u00e1 de los enunciados, los principios son que si no hay consenso ni acuerdo, no hay capacidad real de transformaci\u00f3n y hacer. Y en ese sentido, creo que hay algo que es bisagra, que es la pandemia. Esta tiene consecuencias directas, no solamente sobre la salud, sino tambi\u00e9n sobre la econom\u00eda, las relaciones sociales, el presente y el futuro de la humanidad\u201d subray\u00f3 el intendente Ustarroz y apunt\u00f3 que \u201cesta realidad nos impone ser claros, concretos, honestos, constructivos, de cara al presente y al futuro\u201d.<\/p>\n<p>\u201cEsto requiere pensar el aqu\u00ed y el ahora, pero claramente con una visi\u00f3n de futuro. Por eso tambi\u00e9n, vamos a invitar a construir las bases para un plan Quinquenal, que est\u00e9 justamente pensado en t\u00e9rminos de trascender una gesti\u00f3n municipal y que pueda contribuir a sentar bases m\u00e1s s\u00f3lidas en t\u00e9rminos de gesti\u00f3n y por sobre todas las cosas en t\u00e9rminos de pol\u00edticas p\u00fablicas, las gestiones pasamos, pero las pol\u00edticas p\u00fablicas quedan\u201d, dijo luego.<\/p>\n<blockquote><p>\u201cSomos conscientes de que los logros, fueron, son y ser\u00e1n producto de una comunidad solidaria, trabajadora y que se une en la adversidad\u201d.<\/p><\/blockquote>\n<p>\u201cY estas deben ser producto del consenso y la participaci\u00f3n de esta unidad en la diversidad que debemos fomentar\u201d argument\u00f3 Ustarroz y dijo que \u201csomos conscientes de que los logros, fueron, son y ser\u00e1n producto de una comunidad solidaria, trabajadora y que se une en la adversidad\u201d.<\/p>\n<p>Y al finalizar, el intendente de la ciudad apunt\u00f3 que \u201cla \u00fanica forma que vamos a encontrar para transitar y salir de esta crisis ser\u00e1 con trabajo y unidad. Son tiempos bisagras, donde todos debemos comprometernos mucho m\u00e1s con nuestra ciudad y saber que somos capaces como comunidad de generar una ciudad mejor en un contexto adverso, pero en una crisis que tambi\u00e9n, abre muchas oportunidades\u201d.<\/p>\n<p>Por su parte, Avelino Zurro, secretario de Asuntos Municipales del Ministerio del Interior de la Presidencia de la Naci\u00f3n, expres\u00f3 que \u201csi hay un aprendizaje que nos deja la pandemia es el rol que debe tener el Estado, los actores de la sociedad, las entidades intermedias, la pol\u00edtica, las fuerzas pol\u00edticas, las agrupaciones sociales, me parece que de aqu\u00ed en m\u00e1s hay muchas cuestiones que tienen que ver con todo esto, que casi no se van a poner en discusi\u00f3n, sino que se van a perfeccionar\u201d.<\/p>\n<p>\u201cSin dudas un \u00e1mbito de este tipo vuelve a poner sobre eje ese rol que debe tener el municipio en la planificaci\u00f3n urbana y territorial. Y cu\u00e1l es rol de este lado, del Estado Nacional, y sin dudas es potenciar esas herramientas, esas decisiones y estos \u00e1mbitos para que cada una de esas pol\u00edticas p\u00fablicas que se dise\u00f1an a nivel local, sirvan para generar el desarrollo de la comunidad y mejorar la calidad de vida de cada uno de los vecinos, mismas que desde el Estado Nacional debemos potenciarlas, no de manera homog\u00e9nea, sino de manera particular a cada necesidad\u201d, indic\u00f3 Zurro.<\/p>\n<p>Por \u00faltimo, Zurro ratific\u00f3 que \u201cese lema de gesti\u00f3n que es escuchar, planificar y hacer, es sin dudas, en un \u00e1mbito como este, se est\u00e1 poniendo en pr\u00e1ctica para el desarrollo local con inclusi\u00f3n, as\u00ed que felicitar a toda la comunidad, al intendente Ustarroz y a todo el equipo municipal que est\u00e1n llevando adelante este \u00e1mbito\u201d.<\/p>\n<p>El Director Nacional de Pol\u00edticas de Suelo del Ministerio de Desarrollo Territorial y H\u00e1bitat, el Lic. Juan Duarte, celebr\u00f3 \u201cla continuidad de los foros y avanzar en un proceso de construcci\u00f3n de la ciudad de Mercedes del futuro con la participaci\u00f3n de la comunidad, lo cual entiendo, es un paso fundamental\u201d y recalc\u00f3 que \u201cpor el lugar que hoy me toca, que es estar a cargo de la pol\u00edtica nacional de Suelo y trabajar junto al Procrear, cuando uno ve la realidad de los distintos municipios, ah\u00ed tambi\u00e9n toma m\u00e1s dimensi\u00f3n de todos los avances que el Municipio de Mercedes ha realizado en materia de pol\u00edtica de suelo y planificaci\u00f3n\u201d.<\/p>\n<p>Asimismo, Duarte valor\u00f3 las pol\u00edticas p\u00fablicas desarrolladas por el Municipio de Mercedes: \u201cEl inicio, a partir de contar con andamiaje y herramientas concretas, es bien importante, en el marco, tambi\u00e9n del relanzamiento del Procrear que vuelve a entregar cr\u00e9ditos para construir, obviamente, posiciona a los municipios que han tenido pol\u00edticas de suelo durante todo este tiempo, en una situaci\u00f3n avanzada\u201d y cont\u00f3 \u201cnosotros venimos trabajando diferentes ejes, entre los cuales destacamos el Programa de Capacitaci\u00f3n y Asistencia T\u00e9cnica, que acompa\u00f1a y apoya a aquellos municipios que quieran encarar procesos de planificaci\u00f3n territorial y pol\u00edticas de suelo, apoyarlos con herramientas, con recursos materiales y humanos\u201d.<\/p>\n<p>\u201cDesde ya nuestro compromiso de participar y aportar desde nuestro lugar con nuestro equipo a todo este proceso\u201d afirm\u00f3 el Director Nacional de Pol\u00edticas de Suelo del Ministerio de Desarrollo Territorial y H\u00e1bitat, Juan Duarte.<\/p>\n<p>Tambi\u00e9n tomaron la palabra Juan Cruz Mend\u00eda desde el \u00e1rea de Ambiente, la arquitecta Luc\u00eda R\u00edos, directora de Planeamiento Urbano y Ordenamiento Territorial y el sub secretario de Obras P\u00fablicas arquitecto Miguel Brady.<\/p>\n<p>En los pr\u00f3ximos d\u00edas se ir\u00e1n informando las fechas de los foros que ser\u00e1n: Equidad territorial, ciudad inclusiva, ambiente y movilidad urbana sustentable, desarrollo econ\u00f3mico, gobernanza y fortalecimiento institucional y sobre los cuales habr\u00e1 un espacio dedicado especialmente en la p\u00e1gina de la secretar\u00eda de gobierno a cargo de Clara Zunino. All\u00ed tambi\u00e9n los interesados ya pueden inscribirse o solicitar informaci\u00f3n. El sitio es <strong><a target=\"_blank\" rel=\"noopener noreferrer\" href=\"http:\/\/gobierno.mercedes.gob.ar\">gobierno.mercedes.gob.ar<\/a><\/strong><\/p>\n<p><img loading=\"lazy\" decoding=\"async\" class=\"alignnone wp-image-55621 size-full\" src=\"https:\/\/noticiasmercedinas.com\/site\/wp-content\/uploads\/2020\/10\/wp-1604056135421.jpg\" width=\"1112\" height=\"626\" srcset=\"https:\/\/noticiasmercedinas.com\/site\/wp-content\/uploads\/2020\/10\/wp-1604056135421.jpg 1112w, https:\/\/noticiasmercedinas.com\/site\/wp-content\/uploads\/2020\/10\/wp-1604056135421-300x169.jpg 300w, https:\/\/noticiasmercedinas.com\/site\/wp-content\/uploads\/2020\/10\/wp-1604056135421-1024x576.jpg 1024w, https:\/\/noticiasmercedinas.com\/site\/wp-content\/uploads\/2020\/10\/wp-1604056135421-768x432.jpg 768w, https:\/\/noticiasmercedinas.com\/site\/wp-content\/uploads\/2020\/10\/wp-1604056135421-640x360.jpg 640w, https:\/\/noticiasmercedinas.com\/site\/wp-content\/uploads\/2020\/10\/wp-1604056135421-681x383.jpg 681w\" sizes=\"auto, (max-width: 1112px) 100vw, 1112px\" \/><\/p>\n<p><img loading=\"lazy\" decoding=\"async\" class=\"alignnone wp-image-55622 size-full\" src=\"https:\/\/noticiasmercedinas.com\/site\/wp-content\/uploads\/2020\/10\/wp-1604056135424.jpg\" width=\"1113\" height=\"626\" srcset=\"https:\/\/noticiasmercedinas.com\/site\/wp-content\/uploads\/2020\/10\/wp-1604056135424.jpg 1113w, https:\/\/noticiasmercedinas.com\/site\/wp-content\/uploads\/2020\/10\/wp-1604056135424-300x169.jpg 300w, https:\/\/noticiasmercedinas.com\/site\/wp-content\/uploads\/2020\/10\/wp-1604056135424-1024x576.jpg 1024w, https:\/\/noticiasmercedinas.com\/site\/wp-content\/uploads\/2020\/10\/wp-1604056135424-768x432.jpg 768w, https:\/\/noticiasmercedinas.com\/site\/wp-content\/uploads\/2020\/10\/wp-1604056135424-640x360.jpg 640w, https:\/\/noticiasmercedinas.com\/site\/wp-content\/uploads\/2020\/10\/wp-1604056135424-681x383.jpg 681w\" sizes=\"auto, (max-width: 1113px) 100vw, 1113px\" \/><\/p>\n","protected":false},"excerpt":{"rendered":"<p>\u25a0 Hubo un concurrido relanzamiento de las iniciativas que est\u00e1n abiertas a la participaci\u00f3n ciudadana. \u201cDebemos unirnos en lo importante, para intervenir en el presente, pensando en el futuro\u201d , dijo el intendente <\/p>\n","protected":false},"author":2,"featured_media":55622,"comment_status":"open","ping_status":"open","sticky":false,"template":"","format":"standard","meta":{"footnotes":""},"categories":[16],"tags":[6520,10557,10555,266,10556,6725,2669,10554,1344],"class_list":["post-55623","post","type-post","status-publish","format-standard","has-post-thumbnail","hentry","category-politica","tag-asuntos-municipales","tag-foros-estrategicos","tag-juan-duarte","tag-juan-ignacio-ustarroz","tag-matias-molle","tag-ordenamiento-territorial","tag-santiago-revora","tag-suelo","tag-vivienda"],"yoast_head":"<!-- This site is optimized with the Yoast SEO plugin v27.4 - https:\/\/yoast.com\/product\/yoast-seo-wordpress\/ -->\n<title>Ustarroz encabez\u00f3 Foros de Planificaci\u00f3n Estrat\u00e9gica<\/title>\n<meta name=\"robots\" content=\"index, follow, max-snippet:-1, max-image-preview:large, max-video-preview:-1\" \/>\n<link rel=\"canonical\" href=\"https:\/\/noticiasmercedinas.com\/site\/2020\/10\/30\/ustarroz-encabezo-foros-de-planificacion-estrategica\/\" \/>\n<meta property=\"og:locale\" content=\"es_ES\" \/>\n<meta property=\"og:type\" content=\"article\" \/>\n<meta property=\"og:title\" content=\"Ustarroz encabez\u00f3 Foros de Planificaci\u00f3n Estrat\u00e9gica\" \/>\n<meta property=\"og:description\" content=\"\u25a0 Hubo un concurrido relanzamiento de las iniciativas que est\u00e1n abiertas a la participaci\u00f3n ciudadana. \u201cDebemos unirnos en lo importante, para intervenir en el presente, pensando en el futuro\u201d , dijo el intendente\" \/>\n<meta property=\"og:url\" content=\"https:\/\/noticiasmercedinas.com\/site\/2020\/10\/30\/ustarroz-encabezo-foros-de-planificacion-estrategica\/\" \/>\n<meta property=\"og:site_name\" content=\"NOTICIASMERCEDINAS.COM\" \/>\n<meta property=\"article:publisher\" content=\"https:\/\/www.facebook.com\/noticiasmercedinas\/\" \/>\n<meta property=\"article:author\" content=\"https:\/\/www.facebook.com\/cristian.falabella\" \/>\n<meta property=\"article:published_time\" content=\"2020-10-30T11:25:46+00:00\" \/>\n<meta property=\"og:image\" content=\"https:\/\/noticiasmercedinas.com\/site\/wp-content\/uploads\/2020\/10\/wp-1604056135424.jpg\" \/>\n\t<meta property=\"og:image:width\" content=\"1113\" \/>\n\t<meta property=\"og:image:height\" content=\"626\" \/>\n\t<meta property=\"og:image:type\" content=\"image\/jpeg\" \/>\n<meta name=\"author\" content=\"Cristian Falabella NOTICIASMERCEDINAS.COM\" \/>\n<meta name=\"twitter:card\" content=\"summary_large_image\" \/>\n<meta name=\"twitter:creator\" content=\"@https:\/\/twitter.com\/NOTMERCEDINAS\" \/>\n<meta name=\"twitter:site\" content=\"@notmercedinas\" \/>\n<meta name=\"twitter:label1\" content=\"Escrito por\" \/>\n\t<meta name=\"twitter:data1\" content=\"Cristian Falabella NOTICIASMERCEDINAS.COM\" \/>\n\t<meta name=\"twitter:label2\" content=\"Tiempo de lectura\" \/>\n\t<meta name=\"twitter:data2\" content=\"8 minutos\" \/>\n<script type=\"application\/ld+json\" class=\"yoast-schema-graph\">{\"@context\":\"https:\\\/\\\/schema.org\",\"@graph\":[{\"@type\":\"Article\",\"@id\":\"https:\\\/\\\/noticiasmercedinas.com\\\/site\\\/2020\\\/10\\\/30\\\/ustarroz-encabezo-foros-de-planificacion-estrategica\\\/#article\",\"isPartOf\":{\"@id\":\"https:\\\/\\\/noticiasmercedinas.com\\\/site\\\/2020\\\/10\\\/30\\\/ustarroz-encabezo-foros-de-planificacion-estrategica\\\/\"},\"author\":{\"name\":\"Cristian Falabella NOTICIASMERCEDINAS.COM\",\"@id\":\"https:\\\/\\\/noticiasmercedinas.com\\\/site\\\/#\\\/schema\\\/person\\\/d481a9696a5feaec13a60e2bbd991a6a\"},\"headline\":\"Ustarroz encabez\u00f3 Foros de Planificaci\u00f3n Estrat\u00e9gica\",\"datePublished\":\"2020-10-30T11:25:46+00:00\",\"mainEntityOfPage\":{\"@id\":\"https:\\\/\\\/noticiasmercedinas.com\\\/site\\\/2020\\\/10\\\/30\\\/ustarroz-encabezo-foros-de-planificacion-estrategica\\\/\"},\"wordCount\":1537,\"commentCount\":0,\"publisher\":{\"@id\":\"https:\\\/\\\/noticiasmercedinas.com\\\/site\\\/#organization\"},\"image\":{\"@id\":\"https:\\\/\\\/noticiasmercedinas.com\\\/site\\\/2020\\\/10\\\/30\\\/ustarroz-encabezo-foros-de-planificacion-estrategica\\\/#primaryimage\"},\"thumbnailUrl\":\"https:\\\/\\\/noticiasmercedinas.com\\\/site\\\/wp-content\\\/uploads\\\/2020\\\/10\\\/wp-1604056135424.jpg\",\"keywords\":[\"asuntos municipales\",\"foros estrat\u00e9gicos\",\"Juan Duarte\",\"juan ignacio ustarroz\",\"matias molle\",\"Ordenamiento Territorial\",\"Santiago R\u00e9vora\",\"suelo\",\"vivienda\"],\"articleSection\":[\"Politica\"],\"inLanguage\":\"es\",\"potentialAction\":[{\"@type\":\"CommentAction\",\"name\":\"Comment\",\"target\":[\"https:\\\/\\\/noticiasmercedinas.com\\\/site\\\/2020\\\/10\\\/30\\\/ustarroz-encabezo-foros-de-planificacion-estrategica\\\/#respond\"]}]},{\"@type\":\"WebPage\",\"@id\":\"https:\\\/\\\/noticiasmercedinas.com\\\/site\\\/2020\\\/10\\\/30\\\/ustarroz-encabezo-foros-de-planificacion-estrategica\\\/\",\"url\":\"https:\\\/\\\/noticiasmercedinas.com\\\/site\\\/2020\\\/10\\\/30\\\/ustarroz-encabezo-foros-de-planificacion-estrategica\\\/\",\"name\":\"Ustarroz encabez\u00f3 Foros de Planificaci\u00f3n Estrat\u00e9gica\",\"isPartOf\":{\"@id\":\"https:\\\/\\\/noticiasmercedinas.com\\\/site\\\/#website\"},\"primaryImageOfPage\":{\"@id\":\"https:\\\/\\\/noticiasmercedinas.com\\\/site\\\/2020\\\/10\\\/30\\\/ustarroz-encabezo-foros-de-planificacion-estrategica\\\/#primaryimage\"},\"image\":{\"@id\":\"https:\\\/\\\/noticiasmercedinas.com\\\/site\\\/2020\\\/10\\\/30\\\/ustarroz-encabezo-foros-de-planificacion-estrategica\\\/#primaryimage\"},\"thumbnailUrl\":\"https:\\\/\\\/noticiasmercedinas.com\\\/site\\\/wp-content\\\/uploads\\\/2020\\\/10\\\/wp-1604056135424.jpg\",\"datePublished\":\"2020-10-30T11:25:46+00:00\",\"breadcrumb\":{\"@id\":\"https:\\\/\\\/noticiasmercedinas.com\\\/site\\\/2020\\\/10\\\/30\\\/ustarroz-encabezo-foros-de-planificacion-estrategica\\\/#breadcrumb\"},\"inLanguage\":\"es\",\"potentialAction\":[{\"@type\":\"ReadAction\",\"target\":[\"https:\\\/\\\/noticiasmercedinas.com\\\/site\\\/2020\\\/10\\\/30\\\/ustarroz-encabezo-foros-de-planificacion-estrategica\\\/\"]}]},{\"@type\":\"ImageObject\",\"inLanguage\":\"es\",\"@id\":\"https:\\\/\\\/noticiasmercedinas.com\\\/site\\\/2020\\\/10\\\/30\\\/ustarroz-encabezo-foros-de-planificacion-estrategica\\\/#primaryimage\",\"url\":\"https:\\\/\\\/noticiasmercedinas.com\\\/site\\\/wp-content\\\/uploads\\\/2020\\\/10\\\/wp-1604056135424.jpg\",\"contentUrl\":\"https:\\\/\\\/noticiasmercedinas.com\\\/site\\\/wp-content\\\/uploads\\\/2020\\\/10\\\/wp-1604056135424.jpg\",\"width\":1113,\"height\":626},{\"@type\":\"BreadcrumbList\",\"@id\":\"https:\\\/\\\/noticiasmercedinas.com\\\/site\\\/2020\\\/10\\\/30\\\/ustarroz-encabezo-foros-de-planificacion-estrategica\\\/#breadcrumb\",\"itemListElement\":[{\"@type\":\"ListItem\",\"position\":1,\"name\":\"Portada\",\"item\":\"https:\\\/\\\/noticiasmercedinas.com\\\/site\\\/\"},{\"@type\":\"ListItem\",\"position\":2,\"name\":\"Ustarroz encabez\u00f3 Foros de Planificaci\u00f3n Estrat\u00e9gica\"}]},{\"@type\":\"WebSite\",\"@id\":\"https:\\\/\\\/noticiasmercedinas.com\\\/site\\\/#website\",\"url\":\"https:\\\/\\\/noticiasmercedinas.com\\\/site\\\/\",\"name\":\"NOTICIASMERCEDINAS.COM\",\"description\":\"Mercedes, Buenos Aires, Argentina\",\"publisher\":{\"@id\":\"https:\\\/\\\/noticiasmercedinas.com\\\/site\\\/#organization\"},\"potentialAction\":[{\"@type\":\"SearchAction\",\"target\":{\"@type\":\"EntryPoint\",\"urlTemplate\":\"https:\\\/\\\/noticiasmercedinas.com\\\/site\\\/?s={search_term_string}\"},\"query-input\":{\"@type\":\"PropertyValueSpecification\",\"valueRequired\":true,\"valueName\":\"search_term_string\"}}],\"inLanguage\":\"es\"},{\"@type\":\"Organization\",\"@id\":\"https:\\\/\\\/noticiasmercedinas.com\\\/site\\\/#organization\",\"name\":\"NOTICIASMERCEDINAS.COM\",\"url\":\"https:\\\/\\\/noticiasmercedinas.com\\\/site\\\/\",\"logo\":{\"@type\":\"ImageObject\",\"inLanguage\":\"es\",\"@id\":\"https:\\\/\\\/noticiasmercedinas.com\\\/site\\\/#\\\/schema\\\/logo\\\/image\\\/\",\"url\":\"https:\\\/\\\/noticiasmercedinas.com\\\/site\\\/wp-content\\\/uploads\\\/2020\\\/06\\\/LOGO-512.jpg\",\"contentUrl\":\"https:\\\/\\\/noticiasmercedinas.com\\\/site\\\/wp-content\\\/uploads\\\/2020\\\/06\\\/LOGO-512.jpg\",\"width\":512,\"height\":512,\"caption\":\"NOTICIASMERCEDINAS.COM\"},\"image\":{\"@id\":\"https:\\\/\\\/noticiasmercedinas.com\\\/site\\\/#\\\/schema\\\/logo\\\/image\\\/\"},\"sameAs\":[\"https:\\\/\\\/www.facebook.com\\\/noticiasmercedinas\\\/\",\"https:\\\/\\\/x.com\\\/notmercedinas\",\"https:\\\/\\\/www.instagram.com\\\/noticiasmercedinas\\\/\"]},{\"@type\":\"Person\",\"@id\":\"https:\\\/\\\/noticiasmercedinas.com\\\/site\\\/#\\\/schema\\\/person\\\/d481a9696a5feaec13a60e2bbd991a6a\",\"name\":\"Cristian Falabella NOTICIASMERCEDINAS.COM\",\"image\":{\"@type\":\"ImageObject\",\"inLanguage\":\"es\",\"@id\":\"https:\\\/\\\/secure.gravatar.com\\\/avatar\\\/0dbbfc45970cc46bcd0e57766228574ff3511d6eed045b182f536f0f478c1f06?s=96&d=mm&r=g\",\"url\":\"https:\\\/\\\/secure.gravatar.com\\\/avatar\\\/0dbbfc45970cc46bcd0e57766228574ff3511d6eed045b182f536f0f478c1f06?s=96&d=mm&r=g\",\"contentUrl\":\"https:\\\/\\\/secure.gravatar.com\\\/avatar\\\/0dbbfc45970cc46bcd0e57766228574ff3511d6eed045b182f536f0f478c1f06?s=96&d=mm&r=g\",\"caption\":\"Cristian Falabella NOTICIASMERCEDINAS.COM\"},\"description\":\"Periodista, editor de Noticias Mercedinas. Pas\u00f3 por varias redacciones y emprendimientos de prensa, en distintos formatos y \u00e9pocas. Se especializ\u00f3 --y sigue haci\u00e9ndolo-- en comunicaci\u00f3n en la web y en junio de 2006 fund\u00f3 este diario digital.\",\"sameAs\":[\"https:\\\/\\\/noticiasmercedinas.com\",\"https:\\\/\\\/www.facebook.com\\\/cristian.falabella\",\"https:\\\/\\\/www.instagram.com\\\/noticiasmercedinas\\\/\",\"https:\\\/\\\/x.com\\\/https:\\\/\\\/twitter.com\\\/NOTMERCEDINAS\"],\"url\":\"https:\\\/\\\/noticiasmercedinas.com\\\/site\\\/author\\\/as000384\\\/\"}]}<\/script>\n<!-- \/ Yoast SEO plugin. -->","yoast_head_json":{"title":"Ustarroz encabez\u00f3 Foros de Planificaci\u00f3n Estrat\u00e9gica","robots":{"index":"index","follow":"follow","max-snippet":"max-snippet:-1","max-image-preview":"max-image-preview:large","max-video-preview":"max-video-preview:-1"},"canonical":"https:\/\/noticiasmercedinas.com\/site\/2020\/10\/30\/ustarroz-encabezo-foros-de-planificacion-estrategica\/","og_locale":"es_ES","og_type":"article","og_title":"Ustarroz encabez\u00f3 Foros de Planificaci\u00f3n Estrat\u00e9gica","og_description":"\u25a0 Hubo un concurrido relanzamiento de las iniciativas que est\u00e1n abiertas a la participaci\u00f3n ciudadana. \u201cDebemos unirnos en lo importante, para intervenir en el presente, pensando en el futuro\u201d , dijo el intendente","og_url":"https:\/\/noticiasmercedinas.com\/site\/2020\/10\/30\/ustarroz-encabezo-foros-de-planificacion-estrategica\/","og_site_name":"NOTICIASMERCEDINAS.COM","article_publisher":"https:\/\/www.facebook.com\/noticiasmercedinas\/","article_author":"https:\/\/www.facebook.com\/cristian.falabella","article_published_time":"2020-10-30T11:25:46+00:00","og_image":[{"width":1113,"height":626,"url":"https:\/\/noticiasmercedinas.com\/site\/wp-content\/uploads\/2020\/10\/wp-1604056135424.jpg","type":"image\/jpeg"}],"author":"Cristian Falabella NOTICIASMERCEDINAS.COM","twitter_card":"summary_large_image","twitter_creator":"@https:\/\/twitter.com\/NOTMERCEDINAS","twitter_site":"@notmercedinas","twitter_misc":{"Escrito por":"Cristian Falabella NOTICIASMERCEDINAS.COM","Tiempo de lectura":"8 minutos"},"schema":{"@context":"https:\/\/schema.org","@graph":[{"@type":"Article","@id":"https:\/\/noticiasmercedinas.com\/site\/2020\/10\/30\/ustarroz-encabezo-foros-de-planificacion-estrategica\/#article","isPartOf":{"@id":"https:\/\/noticiasmercedinas.com\/site\/2020\/10\/30\/ustarroz-encabezo-foros-de-planificacion-estrategica\/"},"author":{"name":"Cristian Falabella NOTICIASMERCEDINAS.COM","@id":"https:\/\/noticiasmercedinas.com\/site\/#\/schema\/person\/d481a9696a5feaec13a60e2bbd991a6a"},"headline":"Ustarroz encabez\u00f3 Foros de Planificaci\u00f3n Estrat\u00e9gica","datePublished":"2020-10-30T11:25:46+00:00","mainEntityOfPage":{"@id":"https:\/\/noticiasmercedinas.com\/site\/2020\/10\/30\/ustarroz-encabezo-foros-de-planificacion-estrategica\/"},"wordCount":1537,"commentCount":0,"publisher":{"@id":"https:\/\/noticiasmercedinas.com\/site\/#organization"},"image":{"@id":"https:\/\/noticiasmercedinas.com\/site\/2020\/10\/30\/ustarroz-encabezo-foros-de-planificacion-estrategica\/#primaryimage"},"thumbnailUrl":"https:\/\/noticiasmercedinas.com\/site\/wp-content\/uploads\/2020\/10\/wp-1604056135424.jpg","keywords":["asuntos municipales","foros estrat\u00e9gicos","Juan Duarte","juan ignacio ustarroz","matias molle","Ordenamiento Territorial","Santiago R\u00e9vora","suelo","vivienda"],"articleSection":["Politica"],"inLanguage":"es","potentialAction":[{"@type":"CommentAction","name":"Comment","target":["https:\/\/noticiasmercedinas.com\/site\/2020\/10\/30\/ustarroz-encabezo-foros-de-planificacion-estrategica\/#respond"]}]},{"@type":"WebPage","@id":"https:\/\/noticiasmercedinas.com\/site\/2020\/10\/30\/ustarroz-encabezo-foros-de-planificacion-estrategica\/","url":"https:\/\/noticiasmercedinas.com\/site\/2020\/10\/30\/ustarroz-encabezo-foros-de-planificacion-estrategica\/","name":"Ustarroz encabez\u00f3 Foros de Planificaci\u00f3n Estrat\u00e9gica","isPartOf":{"@id":"https:\/\/noticiasmercedinas.com\/site\/#website"},"primaryImageOfPage":{"@id":"https:\/\/noticiasmercedinas.com\/site\/2020\/10\/30\/ustarroz-encabezo-foros-de-planificacion-estrategica\/#primaryimage"},"image":{"@id":"https:\/\/noticiasmercedinas.com\/site\/2020\/10\/30\/ustarroz-encabezo-foros-de-planificacion-estrategica\/#primaryimage"},"thumbnailUrl":"https:\/\/noticiasmercedinas.com\/site\/wp-content\/uploads\/2020\/10\/wp-1604056135424.jpg","datePublished":"2020-10-30T11:25:46+00:00","breadcrumb":{"@id":"https:\/\/noticiasmercedinas.com\/site\/2020\/10\/30\/ustarroz-encabezo-foros-de-planificacion-estrategica\/#breadcrumb"},"inLanguage":"es","potentialAction":[{"@type":"ReadAction","target":["https:\/\/noticiasmercedinas.com\/site\/2020\/10\/30\/ustarroz-encabezo-foros-de-planificacion-estrategica\/"]}]},{"@type":"ImageObject","inLanguage":"es","@id":"https:\/\/noticiasmercedinas.com\/site\/2020\/10\/30\/ustarroz-encabezo-foros-de-planificacion-estrategica\/#primaryimage","url":"https:\/\/noticiasmercedinas.com\/site\/wp-content\/uploads\/2020\/10\/wp-1604056135424.jpg","contentUrl":"https:\/\/noticiasmercedinas.com\/site\/wp-content\/uploads\/2020\/10\/wp-1604056135424.jpg","width":1113,"height":626},{"@type":"BreadcrumbList","@id":"https:\/\/noticiasmercedinas.com\/site\/2020\/10\/30\/ustarroz-encabezo-foros-de-planificacion-estrategica\/#breadcrumb","itemListElement":[{"@type":"ListItem","position":1,"name":"Portada","item":"https:\/\/noticiasmercedinas.com\/site\/"},{"@type":"ListItem","position":2,"name":"Ustarroz encabez\u00f3 Foros de Planificaci\u00f3n Estrat\u00e9gica"}]},{"@type":"WebSite","@id":"https:\/\/noticiasmercedinas.com\/site\/#website","url":"https:\/\/noticiasmercedinas.com\/site\/","name":"NOTICIASMERCEDINAS.COM","description":"Mercedes, Buenos Aires, Argentina","publisher":{"@id":"https:\/\/noticiasmercedinas.com\/site\/#organization"},"potentialAction":[{"@type":"SearchAction","target":{"@type":"EntryPoint","urlTemplate":"https:\/\/noticiasmercedinas.com\/site\/?s={search_term_string}"},"query-input":{"@type":"PropertyValueSpecification","valueRequired":true,"valueName":"search_term_string"}}],"inLanguage":"es"},{"@type":"Organization","@id":"https:\/\/noticiasmercedinas.com\/site\/#organization","name":"NOTICIASMERCEDINAS.COM","url":"https:\/\/noticiasmercedinas.com\/site\/","logo":{"@type":"ImageObject","inLanguage":"es","@id":"https:\/\/noticiasmercedinas.com\/site\/#\/schema\/logo\/image\/","url":"https:\/\/noticiasmercedinas.com\/site\/wp-content\/uploads\/2020\/06\/LOGO-512.jpg","contentUrl":"https:\/\/noticiasmercedinas.com\/site\/wp-content\/uploads\/2020\/06\/LOGO-512.jpg","width":512,"height":512,"caption":"NOTICIASMERCEDINAS.COM"},"image":{"@id":"https:\/\/noticiasmercedinas.com\/site\/#\/schema\/logo\/image\/"},"sameAs":["https:\/\/www.facebook.com\/noticiasmercedinas\/","https:\/\/x.com\/notmercedinas","https:\/\/www.instagram.com\/noticiasmercedinas\/"]},{"@type":"Person","@id":"https:\/\/noticiasmercedinas.com\/site\/#\/schema\/person\/d481a9696a5feaec13a60e2bbd991a6a","name":"Cristian Falabella NOTICIASMERCEDINAS.COM","image":{"@type":"ImageObject","inLanguage":"es","@id":"https:\/\/secure.gravatar.com\/avatar\/0dbbfc45970cc46bcd0e57766228574ff3511d6eed045b182f536f0f478c1f06?s=96&d=mm&r=g","url":"https:\/\/secure.gravatar.com\/avatar\/0dbbfc45970cc46bcd0e57766228574ff3511d6eed045b182f536f0f478c1f06?s=96&d=mm&r=g","contentUrl":"https:\/\/secure.gravatar.com\/avatar\/0dbbfc45970cc46bcd0e57766228574ff3511d6eed045b182f536f0f478c1f06?s=96&d=mm&r=g","caption":"Cristian Falabella NOTICIASMERCEDINAS.COM"},"description":"Periodista, editor de Noticias Mercedinas. Pas\u00f3 por varias redacciones y emprendimientos de prensa, en distintos formatos y \u00e9pocas. Se especializ\u00f3 --y sigue haci\u00e9ndolo-- en comunicaci\u00f3n en la web y en junio de 2006 fund\u00f3 este diario digital.","sameAs":["https:\/\/noticiasmercedinas.com","https:\/\/www.facebook.com\/cristian.falabella","https:\/\/www.instagram.com\/noticiasmercedinas\/","https:\/\/x.com\/https:\/\/twitter.com\/NOTMERCEDINAS"],"url":"https:\/\/noticiasmercedinas.com\/site\/author\/as000384\/"}]}},"amp_enabled":true,"_links":{"self":[{"href":"https:\/\/noticiasmercedinas.com\/site\/wp-json\/wp\/v2\/posts\/55623","targetHints":{"allow":["GET"]}}],"collection":[{"href":"https:\/\/noticiasmercedinas.com\/site\/wp-json\/wp\/v2\/posts"}],"about":[{"href":"https:\/\/noticiasmercedinas.com\/site\/wp-json\/wp\/v2\/types\/post"}],"author":[{"embeddable":true,"href":"https:\/\/noticiasmercedinas.com\/site\/wp-json\/wp\/v2\/users\/2"}],"replies":[{"embeddable":true,"href":"https:\/\/noticiasmercedinas.com\/site\/wp-json\/wp\/v2\/comments?post=55623"}],"version-history":[{"count":2,"href":"https:\/\/noticiasmercedinas.com\/site\/wp-json\/wp\/v2\/posts\/55623\/revisions"}],"predecessor-version":[{"id":55625,"href":"https:\/\/noticiasmercedinas.com\/site\/wp-json\/wp\/v2\/posts\/55623\/revisions\/55625"}],"wp:featuredmedia":[{"embeddable":true,"href":"https:\/\/noticiasmercedinas.com\/site\/wp-json\/wp\/v2\/media\/55622"}],"wp:attachment":[{"href":"https:\/\/noticiasmercedinas.com\/site\/wp-json\/wp\/v2\/media?parent=55623"}],"wp:term":[{"taxonomy":"category","embeddable":true,"href":"https:\/\/noticiasmercedinas.com\/site\/wp-json\/wp\/v2\/categories?post=55623"},{"taxonomy":"post_tag","embeddable":true,"href":"https:\/\/noticiasmercedinas.com\/site\/wp-json\/wp\/v2\/tags?post=55623"}],"curies":[{"name":"wp","href":"https:\/\/api.w.org\/{rel}","templated":true}]}}