{"id":55668,"date":"2020-10-30T21:13:40","date_gmt":"2020-10-31T00:13:40","guid":{"rendered":"https:\/\/noticiasmercedinas.com\/site\/?p=55668"},"modified":"2020-10-30T21:54:36","modified_gmt":"2020-10-31T00:54:36","slug":"el-comicio-del-83-y-el-legado-de-alfonsin","status":"publish","type":"post","link":"https:\/\/noticiasmercedinas.com\/site\/2020\/10\/30\/el-comicio-del-83-y-el-legado-de-alfonsin\/","title":{"rendered":"El comicio del 83 y el legado de Alfons\u00edn"},"content":{"rendered":"<p><img loading=\"lazy\" decoding=\"async\" class=\"alignnone wp-image-55669\" src=\"https:\/\/noticiasmercedinas.com\/site\/wp-content\/uploads\/2020\/10\/ElnYyrVWoAAZoij.png\" alt=\"\" width=\"640\" height=\"457\" srcset=\"https:\/\/noticiasmercedinas.com\/site\/wp-content\/uploads\/2020\/10\/ElnYyrVWoAAZoij.png 450w, https:\/\/noticiasmercedinas.com\/site\/wp-content\/uploads\/2020\/10\/ElnYyrVWoAAZoij-300x214.png 300w\" sizes=\"auto, (max-width: 640px) 100vw, 640px\" \/><\/p>\n<p><strong><em>Por Ariel Dulevich Uzal<\/em><\/strong><\/p>\n<p>La gesta de Ra\u00fal Alfons\u00edn exhibe a trav\u00e9s de una mirada retrospectiva diversos perfiles que se concatenan, con la significaci\u00f3n del aniversario que hoy celebramos, rememorando el acto comicial y el categ\u00f3rico pronunciamiento del pueblo, consagrando Presidente de la Rep\u00fablica al candidato que convirti\u00f3 en credo laico, el Pre\u00e1mbulo de la Constituci\u00f3n Nacional y que en ejercicio del honroso mandato, sent\u00f3 las bases de una etapa en nuestro devenir institucional, que dejando atr\u00e1s la d\u00e9cada de facto que sepult\u00f3 la voluntad del pueblo; instal\u00f3 las condiciones del no retorno al oprobioso pasado, con tal talento y determinaci\u00f3n; que los principios democr\u00e1ticos cuya gesti\u00f3n reivindic\u00f3; no volver\u00edan a ser cuestionados, ni devaluados, ni proscriptos.<\/p>\n<p>En dicho contexto, las valientes actitudes que asumi\u00f3, las lecciones c\u00edvicas de su pr\u00e9dica fundada y convincente, y las in\u00e9ditas resoluciones de gobierno que adopt\u00f3 resultaron un coherente e innovador conjunto de vanguardistas valores, que fueron generando una toma de conciencia a nivel de la ciudadan\u00eda en su totalidad, que trascendiendo leg\u00edtimas individualidades partidarias y aventando parcialidades y reservas, tuvo el virtuosismo de consagrar la convicci\u00f3n colectiva de que \u201cnunca m\u00e1s\u201d ser\u00eda interrumpida la continuidad constitucional.<\/p>\n<p>La diversidad, riqueza y patriotismo de la entrega de Ra\u00fal Alfons\u00edn, ha sido recordada y homenajeada en forma permanente y lo seguiremos haciendo en nombre de una evocaci\u00f3n y gratitud sin soluci\u00f3n de continuidad.<\/p>\n<p>Pero a la hora de celebrar el pronunciamiento de 37 a\u00f1os atr\u00e1s, cabe poner de resalto que aquel comicio cobr\u00f3 singular valor agregado a partir de la obra imperecedera que inaugur\u00f3 su inspirador &#8211;que bien vale la definitoria met\u00e1fora de \u201cbisagra de la historia\u201d&#8211;; en tanto, cumpli\u00e9ndose su utop\u00eda de garantizar para los tiempos, la vigencia plena de la soberan\u00eda popular, rescat\u00f3 el sufragio como \u00fanica v\u00eda de acceso y peri\u00f3dica renovaci\u00f3n de los Gobiernos que asumen la administraci\u00f3n de la cosa p\u00fablica, en el esp\u00edritu que consagra el Contrato Social, que la Democracia supone.<\/p>\n<hr \/>\n<p><em>(*) El doctor Ariel Dulevich Uzal es mercedino, ex Subsecretario de Turismo de la Naci\u00f3n<\/em><\/p>\n","protected":false},"excerpt":{"rendered":"<p>Por Ariel Dulevich Uzal La gesta de Ra\u00fal Alfons\u00edn exhibe a trav\u00e9s de una mirada retrospectiva diversos perfiles que se concatenan, con la significaci\u00f3n del aniversario que hoy celebramos, rememorando el acto comicial y el categ\u00f3rico pronunciamiento del pueblo, consagrando Presidente de la Rep\u00fablica al candidato que convirti\u00f3 en credo laico, el Pre\u00e1mbulo de la [&hellip;]<\/p>\n","protected":false},"author":16,"featured_media":55669,"comment_status":"open","ping_status":"open","sticky":false,"template":"","format":"standard","meta":{"footnotes":""},"categories":[8],"tags":[1773,2679],"class_list":["post-55668","post","type-post","status-publish","format-standard","has-post-thumbnail","hentry","category-opinion","tag-democracia","tag-raul-alfonsin"],"yoast_head":"<!-- This site is optimized with the Yoast SEO plugin v27.5 - https:\/\/yoast.com\/product\/yoast-seo-wordpress\/ -->\n<title>El comicio del 83 y el legado de Alfons\u00edn<\/title>\n<meta name=\"robots\" content=\"index, follow, max-snippet:-1, max-image-preview:large, max-video-preview:-1\" \/>\n<link rel=\"canonical\" href=\"https:\/\/noticiasmercedinas.com\/site\/2020\/10\/30\/el-comicio-del-83-y-el-legado-de-alfonsin\/\" \/>\n<meta property=\"og:locale\" content=\"es_ES\" \/>\n<meta property=\"og:type\" content=\"article\" \/>\n<meta property=\"og:title\" content=\"El comicio del 83 y el legado de Alfons\u00edn\" \/>\n<meta property=\"og:description\" content=\"Por Ariel Dulevich Uzal La gesta de Ra\u00fal Alfons\u00edn exhibe a trav\u00e9s de una mirada retrospectiva diversos perfiles que se concatenan, con la significaci\u00f3n del aniversario que hoy celebramos, rememorando el acto comicial y el categ\u00f3rico pronunciamiento del pueblo, consagrando Presidente de la Rep\u00fablica al candidato que convirti\u00f3 en credo laico, el Pre\u00e1mbulo de la [&hellip;]\" \/>\n<meta property=\"og:url\" content=\"https:\/\/noticiasmercedinas.com\/site\/2020\/10\/30\/el-comicio-del-83-y-el-legado-de-alfonsin\/\" \/>\n<meta property=\"og:site_name\" content=\"NOTICIASMERCEDINAS.COM\" \/>\n<meta property=\"article:publisher\" content=\"https:\/\/www.facebook.com\/noticiasmercedinas\/\" \/>\n<meta property=\"article:published_time\" content=\"2020-10-31T00:13:40+00:00\" \/>\n<meta property=\"article:modified_time\" content=\"2020-10-31T00:54:36+00:00\" \/>\n<meta property=\"og:image\" content=\"https:\/\/noticiasmercedinas.com\/site\/wp-content\/uploads\/2020\/10\/ElnYyrVWoAAZoij.png\" \/>\n\t<meta property=\"og:image:width\" content=\"450\" \/>\n\t<meta property=\"og:image:height\" content=\"321\" \/>\n\t<meta property=\"og:image:type\" content=\"image\/png\" \/>\n<meta name=\"author\" content=\"NOTICIASMERCEDINAS.COM\" \/>\n<meta name=\"twitter:card\" content=\"summary_large_image\" \/>\n<meta name=\"twitter:creator\" content=\"@notmercedinas\" \/>\n<meta name=\"twitter:site\" content=\"@notmercedinas\" \/>\n<meta name=\"twitter:label1\" content=\"Escrito por\" \/>\n\t<meta name=\"twitter:data1\" content=\"NOTICIASMERCEDINAS.COM\" \/>\n\t<meta name=\"twitter:label2\" content=\"Tiempo de lectura\" \/>\n\t<meta name=\"twitter:data2\" content=\"2 minutos\" \/>\n<script type=\"application\/ld+json\" class=\"yoast-schema-graph\">{\"@context\":\"https:\\\/\\\/schema.org\",\"@graph\":[{\"@type\":\"Article\",\"@id\":\"https:\\\/\\\/noticiasmercedinas.com\\\/site\\\/2020\\\/10\\\/30\\\/el-comicio-del-83-y-el-legado-de-alfonsin\\\/#article\",\"isPartOf\":{\"@id\":\"https:\\\/\\\/noticiasmercedinas.com\\\/site\\\/2020\\\/10\\\/30\\\/el-comicio-del-83-y-el-legado-de-alfonsin\\\/\"},\"author\":{\"name\":\"NOTICIASMERCEDINAS.COM\",\"@id\":\"https:\\\/\\\/noticiasmercedinas.com\\\/site\\\/#\\\/schema\\\/person\\\/84b59c099c28ff2e8b77d4ceec5d8063\"},\"headline\":\"El comicio del 83 y el legado de Alfons\u00edn\",\"datePublished\":\"2020-10-31T00:13:40+00:00\",\"dateModified\":\"2020-10-31T00:54:36+00:00\",\"mainEntityOfPage\":{\"@id\":\"https:\\\/\\\/noticiasmercedinas.com\\\/site\\\/2020\\\/10\\\/30\\\/el-comicio-del-83-y-el-legado-de-alfonsin\\\/\"},\"wordCount\":384,\"commentCount\":0,\"publisher\":{\"@id\":\"https:\\\/\\\/noticiasmercedinas.com\\\/site\\\/#organization\"},\"image\":{\"@id\":\"https:\\\/\\\/noticiasmercedinas.com\\\/site\\\/2020\\\/10\\\/30\\\/el-comicio-del-83-y-el-legado-de-alfonsin\\\/#primaryimage\"},\"thumbnailUrl\":\"https:\\\/\\\/noticiasmercedinas.com\\\/site\\\/wp-content\\\/uploads\\\/2020\\\/10\\\/ElnYyrVWoAAZoij.png\",\"keywords\":[\"democracia\",\"raul alfonsin\"],\"articleSection\":[\"Opinion\"],\"inLanguage\":\"es\",\"potentialAction\":[{\"@type\":\"CommentAction\",\"name\":\"Comment\",\"target\":[\"https:\\\/\\\/noticiasmercedinas.com\\\/site\\\/2020\\\/10\\\/30\\\/el-comicio-del-83-y-el-legado-de-alfonsin\\\/#respond\"]}]},{\"@type\":\"WebPage\",\"@id\":\"https:\\\/\\\/noticiasmercedinas.com\\\/site\\\/2020\\\/10\\\/30\\\/el-comicio-del-83-y-el-legado-de-alfonsin\\\/\",\"url\":\"https:\\\/\\\/noticiasmercedinas.com\\\/site\\\/2020\\\/10\\\/30\\\/el-comicio-del-83-y-el-legado-de-alfonsin\\\/\",\"name\":\"El comicio del 83 y el legado de Alfons\u00edn\",\"isPartOf\":{\"@id\":\"https:\\\/\\\/noticiasmercedinas.com\\\/site\\\/#website\"},\"primaryImageOfPage\":{\"@id\":\"https:\\\/\\\/noticiasmercedinas.com\\\/site\\\/2020\\\/10\\\/30\\\/el-comicio-del-83-y-el-legado-de-alfonsin\\\/#primaryimage\"},\"image\":{\"@id\":\"https:\\\/\\\/noticiasmercedinas.com\\\/site\\\/2020\\\/10\\\/30\\\/el-comicio-del-83-y-el-legado-de-alfonsin\\\/#primaryimage\"},\"thumbnailUrl\":\"https:\\\/\\\/noticiasmercedinas.com\\\/site\\\/wp-content\\\/uploads\\\/2020\\\/10\\\/ElnYyrVWoAAZoij.png\",\"datePublished\":\"2020-10-31T00:13:40+00:00\",\"dateModified\":\"2020-10-31T00:54:36+00:00\",\"breadcrumb\":{\"@id\":\"https:\\\/\\\/noticiasmercedinas.com\\\/site\\\/2020\\\/10\\\/30\\\/el-comicio-del-83-y-el-legado-de-alfonsin\\\/#breadcrumb\"},\"inLanguage\":\"es\",\"potentialAction\":[{\"@type\":\"ReadAction\",\"target\":[\"https:\\\/\\\/noticiasmercedinas.com\\\/site\\\/2020\\\/10\\\/30\\\/el-comicio-del-83-y-el-legado-de-alfonsin\\\/\"]}]},{\"@type\":\"ImageObject\",\"inLanguage\":\"es\",\"@id\":\"https:\\\/\\\/noticiasmercedinas.com\\\/site\\\/2020\\\/10\\\/30\\\/el-comicio-del-83-y-el-legado-de-alfonsin\\\/#primaryimage\",\"url\":\"https:\\\/\\\/noticiasmercedinas.com\\\/site\\\/wp-content\\\/uploads\\\/2020\\\/10\\\/ElnYyrVWoAAZoij.png\",\"contentUrl\":\"https:\\\/\\\/noticiasmercedinas.com\\\/site\\\/wp-content\\\/uploads\\\/2020\\\/10\\\/ElnYyrVWoAAZoij.png\",\"width\":450,\"height\":321},{\"@type\":\"BreadcrumbList\",\"@id\":\"https:\\\/\\\/noticiasmercedinas.com\\\/site\\\/2020\\\/10\\\/30\\\/el-comicio-del-83-y-el-legado-de-alfonsin\\\/#breadcrumb\",\"itemListElement\":[{\"@type\":\"ListItem\",\"position\":1,\"name\":\"Portada\",\"item\":\"https:\\\/\\\/noticiasmercedinas.com\\\/site\\\/\"},{\"@type\":\"ListItem\",\"position\":2,\"name\":\"El comicio del 83 y el legado de Alfons\u00edn\"}]},{\"@type\":\"WebSite\",\"@id\":\"https:\\\/\\\/noticiasmercedinas.com\\\/site\\\/#website\",\"url\":\"https:\\\/\\\/noticiasmercedinas.com\\\/site\\\/\",\"name\":\"NOTICIASMERCEDINAS.COM\",\"description\":\"Mercedes, Buenos Aires, Argentina\",\"publisher\":{\"@id\":\"https:\\\/\\\/noticiasmercedinas.com\\\/site\\\/#organization\"},\"potentialAction\":[{\"@type\":\"SearchAction\",\"target\":{\"@type\":\"EntryPoint\",\"urlTemplate\":\"https:\\\/\\\/noticiasmercedinas.com\\\/site\\\/?s={search_term_string}\"},\"query-input\":{\"@type\":\"PropertyValueSpecification\",\"valueRequired\":true,\"valueName\":\"search_term_string\"}}],\"inLanguage\":\"es\"},{\"@type\":\"Organization\",\"@id\":\"https:\\\/\\\/noticiasmercedinas.com\\\/site\\\/#organization\",\"name\":\"NOTICIASMERCEDINAS.COM\",\"url\":\"https:\\\/\\\/noticiasmercedinas.com\\\/site\\\/\",\"logo\":{\"@type\":\"ImageObject\",\"inLanguage\":\"es\",\"@id\":\"https:\\\/\\\/noticiasmercedinas.com\\\/site\\\/#\\\/schema\\\/logo\\\/image\\\/\",\"url\":\"https:\\\/\\\/noticiasmercedinas.com\\\/site\\\/wp-content\\\/uploads\\\/2020\\\/06\\\/LOGO-512.jpg\",\"contentUrl\":\"https:\\\/\\\/noticiasmercedinas.com\\\/site\\\/wp-content\\\/uploads\\\/2020\\\/06\\\/LOGO-512.jpg\",\"width\":512,\"height\":512,\"caption\":\"NOTICIASMERCEDINAS.COM\"},\"image\":{\"@id\":\"https:\\\/\\\/noticiasmercedinas.com\\\/site\\\/#\\\/schema\\\/logo\\\/image\\\/\"},\"sameAs\":[\"https:\\\/\\\/www.facebook.com\\\/noticiasmercedinas\\\/\",\"https:\\\/\\\/x.com\\\/notmercedinas\",\"https:\\\/\\\/www.instagram.com\\\/noticiasmercedinas\\\/\"]},{\"@type\":\"Person\",\"@id\":\"https:\\\/\\\/noticiasmercedinas.com\\\/site\\\/#\\\/schema\\\/person\\\/84b59c099c28ff2e8b77d4ceec5d8063\",\"name\":\"NOTICIASMERCEDINAS.COM\",\"image\":{\"@type\":\"ImageObject\",\"inLanguage\":\"es\",\"@id\":\"https:\\\/\\\/secure.gravatar.com\\\/avatar\\\/4dfbf16b4d17945bfb6341b2d19043457132fcf478a5ee04f42e959fd8f5df0a?s=96&d=mm&r=g\",\"url\":\"https:\\\/\\\/secure.gravatar.com\\\/avatar\\\/4dfbf16b4d17945bfb6341b2d19043457132fcf478a5ee04f42e959fd8f5df0a?s=96&d=mm&r=g\",\"contentUrl\":\"https:\\\/\\\/secure.gravatar.com\\\/avatar\\\/4dfbf16b4d17945bfb6341b2d19043457132fcf478a5ee04f42e959fd8f5df0a?s=96&d=mm&r=g\",\"caption\":\"NOTICIASMERCEDINAS.COM\"},\"url\":\"https:\\\/\\\/noticiasmercedinas.com\\\/site\\\/author\\\/anonimo\\\/\"}]}<\/script>\n<!-- \/ Yoast SEO plugin. -->","yoast_head_json":{"title":"El comicio del 83 y el legado de Alfons\u00edn","robots":{"index":"index","follow":"follow","max-snippet":"max-snippet:-1","max-image-preview":"max-image-preview:large","max-video-preview":"max-video-preview:-1"},"canonical":"https:\/\/noticiasmercedinas.com\/site\/2020\/10\/30\/el-comicio-del-83-y-el-legado-de-alfonsin\/","og_locale":"es_ES","og_type":"article","og_title":"El comicio del 83 y el legado de Alfons\u00edn","og_description":"Por Ariel Dulevich Uzal La gesta de Ra\u00fal Alfons\u00edn exhibe a trav\u00e9s de una mirada retrospectiva diversos perfiles que se concatenan, con la significaci\u00f3n del aniversario que hoy celebramos, rememorando el acto comicial y el categ\u00f3rico pronunciamiento del pueblo, consagrando Presidente de la Rep\u00fablica al candidato que convirti\u00f3 en credo laico, el Pre\u00e1mbulo de la [&hellip;]","og_url":"https:\/\/noticiasmercedinas.com\/site\/2020\/10\/30\/el-comicio-del-83-y-el-legado-de-alfonsin\/","og_site_name":"NOTICIASMERCEDINAS.COM","article_publisher":"https:\/\/www.facebook.com\/noticiasmercedinas\/","article_published_time":"2020-10-31T00:13:40+00:00","article_modified_time":"2020-10-31T00:54:36+00:00","og_image":[{"width":450,"height":321,"url":"https:\/\/noticiasmercedinas.com\/site\/wp-content\/uploads\/2020\/10\/ElnYyrVWoAAZoij.png","type":"image\/png"}],"author":"NOTICIASMERCEDINAS.COM","twitter_card":"summary_large_image","twitter_creator":"@notmercedinas","twitter_site":"@notmercedinas","twitter_misc":{"Escrito por":"NOTICIASMERCEDINAS.COM","Tiempo de lectura":"2 minutos"},"schema":{"@context":"https:\/\/schema.org","@graph":[{"@type":"Article","@id":"https:\/\/noticiasmercedinas.com\/site\/2020\/10\/30\/el-comicio-del-83-y-el-legado-de-alfonsin\/#article","isPartOf":{"@id":"https:\/\/noticiasmercedinas.com\/site\/2020\/10\/30\/el-comicio-del-83-y-el-legado-de-alfonsin\/"},"author":{"name":"NOTICIASMERCEDINAS.COM","@id":"https:\/\/noticiasmercedinas.com\/site\/#\/schema\/person\/84b59c099c28ff2e8b77d4ceec5d8063"},"headline":"El comicio del 83 y el legado de Alfons\u00edn","datePublished":"2020-10-31T00:13:40+00:00","dateModified":"2020-10-31T00:54:36+00:00","mainEntityOfPage":{"@id":"https:\/\/noticiasmercedinas.com\/site\/2020\/10\/30\/el-comicio-del-83-y-el-legado-de-alfonsin\/"},"wordCount":384,"commentCount":0,"publisher":{"@id":"https:\/\/noticiasmercedinas.com\/site\/#organization"},"image":{"@id":"https:\/\/noticiasmercedinas.com\/site\/2020\/10\/30\/el-comicio-del-83-y-el-legado-de-alfonsin\/#primaryimage"},"thumbnailUrl":"https:\/\/noticiasmercedinas.com\/site\/wp-content\/uploads\/2020\/10\/ElnYyrVWoAAZoij.png","keywords":["democracia","raul alfonsin"],"articleSection":["Opinion"],"inLanguage":"es","potentialAction":[{"@type":"CommentAction","name":"Comment","target":["https:\/\/noticiasmercedinas.com\/site\/2020\/10\/30\/el-comicio-del-83-y-el-legado-de-alfonsin\/#respond"]}]},{"@type":"WebPage","@id":"https:\/\/noticiasmercedinas.com\/site\/2020\/10\/30\/el-comicio-del-83-y-el-legado-de-alfonsin\/","url":"https:\/\/noticiasmercedinas.com\/site\/2020\/10\/30\/el-comicio-del-83-y-el-legado-de-alfonsin\/","name":"El comicio del 83 y el legado de Alfons\u00edn","isPartOf":{"@id":"https:\/\/noticiasmercedinas.com\/site\/#website"},"primaryImageOfPage":{"@id":"https:\/\/noticiasmercedinas.com\/site\/2020\/10\/30\/el-comicio-del-83-y-el-legado-de-alfonsin\/#primaryimage"},"image":{"@id":"https:\/\/noticiasmercedinas.com\/site\/2020\/10\/30\/el-comicio-del-83-y-el-legado-de-alfonsin\/#primaryimage"},"thumbnailUrl":"https:\/\/noticiasmercedinas.com\/site\/wp-content\/uploads\/2020\/10\/ElnYyrVWoAAZoij.png","datePublished":"2020-10-31T00:13:40+00:00","dateModified":"2020-10-31T00:54:36+00:00","breadcrumb":{"@id":"https:\/\/noticiasmercedinas.com\/site\/2020\/10\/30\/el-comicio-del-83-y-el-legado-de-alfonsin\/#breadcrumb"},"inLanguage":"es","potentialAction":[{"@type":"ReadAction","target":["https:\/\/noticiasmercedinas.com\/site\/2020\/10\/30\/el-comicio-del-83-y-el-legado-de-alfonsin\/"]}]},{"@type":"ImageObject","inLanguage":"es","@id":"https:\/\/noticiasmercedinas.com\/site\/2020\/10\/30\/el-comicio-del-83-y-el-legado-de-alfonsin\/#primaryimage","url":"https:\/\/noticiasmercedinas.com\/site\/wp-content\/uploads\/2020\/10\/ElnYyrVWoAAZoij.png","contentUrl":"https:\/\/noticiasmercedinas.com\/site\/wp-content\/uploads\/2020\/10\/ElnYyrVWoAAZoij.png","width":450,"height":321},{"@type":"BreadcrumbList","@id":"https:\/\/noticiasmercedinas.com\/site\/2020\/10\/30\/el-comicio-del-83-y-el-legado-de-alfonsin\/#breadcrumb","itemListElement":[{"@type":"ListItem","position":1,"name":"Portada","item":"https:\/\/noticiasmercedinas.com\/site\/"},{"@type":"ListItem","position":2,"name":"El comicio del 83 y el legado de Alfons\u00edn"}]},{"@type":"WebSite","@id":"https:\/\/noticiasmercedinas.com\/site\/#website","url":"https:\/\/noticiasmercedinas.com\/site\/","name":"NOTICIASMERCEDINAS.COM","description":"Mercedes, Buenos Aires, Argentina","publisher":{"@id":"https:\/\/noticiasmercedinas.com\/site\/#organization"},"potentialAction":[{"@type":"SearchAction","target":{"@type":"EntryPoint","urlTemplate":"https:\/\/noticiasmercedinas.com\/site\/?s={search_term_string}"},"query-input":{"@type":"PropertyValueSpecification","valueRequired":true,"valueName":"search_term_string"}}],"inLanguage":"es"},{"@type":"Organization","@id":"https:\/\/noticiasmercedinas.com\/site\/#organization","name":"NOTICIASMERCEDINAS.COM","url":"https:\/\/noticiasmercedinas.com\/site\/","logo":{"@type":"ImageObject","inLanguage":"es","@id":"https:\/\/noticiasmercedinas.com\/site\/#\/schema\/logo\/image\/","url":"https:\/\/noticiasmercedinas.com\/site\/wp-content\/uploads\/2020\/06\/LOGO-512.jpg","contentUrl":"https:\/\/noticiasmercedinas.com\/site\/wp-content\/uploads\/2020\/06\/LOGO-512.jpg","width":512,"height":512,"caption":"NOTICIASMERCEDINAS.COM"},"image":{"@id":"https:\/\/noticiasmercedinas.com\/site\/#\/schema\/logo\/image\/"},"sameAs":["https:\/\/www.facebook.com\/noticiasmercedinas\/","https:\/\/x.com\/notmercedinas","https:\/\/www.instagram.com\/noticiasmercedinas\/"]},{"@type":"Person","@id":"https:\/\/noticiasmercedinas.com\/site\/#\/schema\/person\/84b59c099c28ff2e8b77d4ceec5d8063","name":"NOTICIASMERCEDINAS.COM","image":{"@type":"ImageObject","inLanguage":"es","@id":"https:\/\/secure.gravatar.com\/avatar\/4dfbf16b4d17945bfb6341b2d19043457132fcf478a5ee04f42e959fd8f5df0a?s=96&d=mm&r=g","url":"https:\/\/secure.gravatar.com\/avatar\/4dfbf16b4d17945bfb6341b2d19043457132fcf478a5ee04f42e959fd8f5df0a?s=96&d=mm&r=g","contentUrl":"https:\/\/secure.gravatar.com\/avatar\/4dfbf16b4d17945bfb6341b2d19043457132fcf478a5ee04f42e959fd8f5df0a?s=96&d=mm&r=g","caption":"NOTICIASMERCEDINAS.COM"},"url":"https:\/\/noticiasmercedinas.com\/site\/author\/anonimo\/"}]}},"amp_enabled":true,"_links":{"self":[{"href":"https:\/\/noticiasmercedinas.com\/site\/wp-json\/wp\/v2\/posts\/55668","targetHints":{"allow":["GET"]}}],"collection":[{"href":"https:\/\/noticiasmercedinas.com\/site\/wp-json\/wp\/v2\/posts"}],"about":[{"href":"https:\/\/noticiasmercedinas.com\/site\/wp-json\/wp\/v2\/types\/post"}],"author":[{"embeddable":true,"href":"https:\/\/noticiasmercedinas.com\/site\/wp-json\/wp\/v2\/users\/16"}],"replies":[{"embeddable":true,"href":"https:\/\/noticiasmercedinas.com\/site\/wp-json\/wp\/v2\/comments?post=55668"}],"version-history":[{"count":3,"href":"https:\/\/noticiasmercedinas.com\/site\/wp-json\/wp\/v2\/posts\/55668\/revisions"}],"predecessor-version":[{"id":55672,"href":"https:\/\/noticiasmercedinas.com\/site\/wp-json\/wp\/v2\/posts\/55668\/revisions\/55672"}],"wp:featuredmedia":[{"embeddable":true,"href":"https:\/\/noticiasmercedinas.com\/site\/wp-json\/wp\/v2\/media\/55669"}],"wp:attachment":[{"href":"https:\/\/noticiasmercedinas.com\/site\/wp-json\/wp\/v2\/media?parent=55668"}],"wp:term":[{"taxonomy":"category","embeddable":true,"href":"https:\/\/noticiasmercedinas.com\/site\/wp-json\/wp\/v2\/categories?post=55668"},{"taxonomy":"post_tag","embeddable":true,"href":"https:\/\/noticiasmercedinas.com\/site\/wp-json\/wp\/v2\/tags?post=55668"}],"curies":[{"name":"wp","href":"https:\/\/api.w.org\/{rel}","templated":true}]}}