{"id":55688,"date":"2020-10-30T23:15:22","date_gmt":"2020-10-31T02:15:22","guid":{"rendered":"https:\/\/noticiasmercedinas.com\/site\/?p=55688"},"modified":"2020-10-30T23:15:22","modified_gmt":"2020-10-31T02:15:22","slug":"el-mejor-homenaje-para-alfonsin-es-nuestro-accionar","status":"publish","type":"post","link":"https:\/\/noticiasmercedinas.com\/site\/2020\/10\/30\/el-mejor-homenaje-para-alfonsin-es-nuestro-accionar\/","title":{"rendered":"El mejor homenaje para Alfons\u00edn es nuestro accionar"},"content":{"rendered":"<p><img loading=\"lazy\" decoding=\"async\" class=\"alignnone size-full wp-image-55689\" src=\"https:\/\/noticiasmercedinas.com\/site\/wp-content\/uploads\/2020\/10\/72-Raul-Alfonsin-1024x504-1.jpg\" alt=\"\" width=\"1024\" height=\"504\" srcset=\"https:\/\/noticiasmercedinas.com\/site\/wp-content\/uploads\/2020\/10\/72-Raul-Alfonsin-1024x504-1.jpg 1024w, https:\/\/noticiasmercedinas.com\/site\/wp-content\/uploads\/2020\/10\/72-Raul-Alfonsin-1024x504-1-300x148.jpg 300w, https:\/\/noticiasmercedinas.com\/site\/wp-content\/uploads\/2020\/10\/72-Raul-Alfonsin-1024x504-1-768x378.jpg 768w, https:\/\/noticiasmercedinas.com\/site\/wp-content\/uploads\/2020\/10\/72-Raul-Alfonsin-1024x504-1-1022x504.jpg 1022w, https:\/\/noticiasmercedinas.com\/site\/wp-content\/uploads\/2020\/10\/72-Raul-Alfonsin-1024x504-1-640x315.jpg 640w, https:\/\/noticiasmercedinas.com\/site\/wp-content\/uploads\/2020\/10\/72-Raul-Alfonsin-1024x504-1-681x335.jpg 681w\" sizes=\"auto, (max-width: 1024px) 100vw, 1024px\" \/><\/p>\n<p><em><strong>Por Oscar Albini<\/strong><\/em><\/p>\n<p>Se cumplen hoy 37 a\u00f1os del retorno de la Democracia. Como olvidar ese d\u00eda en el que la Argentina volv\u00eda a tener esperanzas despu\u00e9s de a\u00f1os muy oscuros. Ese d\u00eda no s\u00f3lo fue un triunfo de la Uni\u00f3n Civica Radical sino que fue de toda una sociedad .<\/p>\n<p>La figura de Ra\u00fal Alfons\u00edn fue fundamental para poder lograr consolidar el sistema democr\u00e1tico.<\/p>\n<p>Su Gobierno tuvo altibajos en lo econ\u00f3mico, pero fue realmente exitoso en la lucha por los derechos humanos, la lucha contra la corrupci\u00f3n y por sobre todo por el respeto a la libertad y a las Instituciones.<\/p>\n<blockquote><p>El sistema sigue estando en deuda ya que no hemos podido lograr la inclusi\u00f3n social, ni la igualdad de oportunidades. Pero no hay que perder las esperanzas<\/p><\/blockquote>\n<p>El sistema sigue estando en deuda ya que no hemos podido lograr la inclusi\u00f3n social, ni la igualdad de oportunidades. Pero no hay que perder las esperanzas, hay que seguir en el camino del debate, del intercambio de opiniones y buscar de una vez por todas los consensos necesarios para poder salir adelante.<\/p>\n<p>Sin mezquindades y con grandeza en las acciones lo podremos lograr.<\/p>\n<p>Hoy sigo sosteniendo que el mejor homenaje que le podemos hacer a Don Ra\u00fal es con nuestro accionar, levantando sus banderas y actuar en consecuencia.<\/p>\n<hr \/>\n<p><em><strong>(*) Oscar Albini es concejal mandato cumplido y ex presidente de la UCR de Mercedes<\/strong><\/em><\/p>\n","protected":false},"excerpt":{"rendered":"<p>Por Oscar Albini Se cumplen hoy 37 a\u00f1os del retorno de la Democracia. Como olvidar ese d\u00eda en el que la Argentina volv\u00eda a tener esperanzas despu\u00e9s de a\u00f1os muy oscuros. Ese d\u00eda no s\u00f3lo fue un triunfo de la Uni\u00f3n Civica Radical sino que fue de toda una sociedad . La figura de Ra\u00fal [&hellip;]<\/p>\n","protected":false},"author":16,"featured_media":55689,"comment_status":"open","ping_status":"open","sticky":false,"template":"","format":"standard","meta":{"footnotes":""},"categories":[8],"tags":[1773,882,2679,1002],"class_list":["post-55688","post","type-post","status-publish","format-standard","has-post-thumbnail","hentry","category-opinion","tag-democracia","tag-oscar-albini","tag-raul-alfonsin","tag-ucr"],"yoast_head":"<!-- This site is optimized with the Yoast SEO plugin v27.5 - https:\/\/yoast.com\/product\/yoast-seo-wordpress\/ -->\n<title>El mejor homenaje para Alfons\u00edn es nuestro accionar<\/title>\n<meta name=\"robots\" content=\"index, follow, max-snippet:-1, max-image-preview:large, max-video-preview:-1\" \/>\n<link rel=\"canonical\" href=\"https:\/\/noticiasmercedinas.com\/site\/2020\/10\/30\/el-mejor-homenaje-para-alfonsin-es-nuestro-accionar\/\" \/>\n<meta property=\"og:locale\" content=\"es_ES\" \/>\n<meta property=\"og:type\" content=\"article\" \/>\n<meta property=\"og:title\" content=\"El mejor homenaje para Alfons\u00edn es nuestro accionar\" \/>\n<meta property=\"og:description\" content=\"Por Oscar Albini Se cumplen hoy 37 a\u00f1os del retorno de la Democracia. Como olvidar ese d\u00eda en el que la Argentina volv\u00eda a tener esperanzas despu\u00e9s de a\u00f1os muy oscuros. Ese d\u00eda no s\u00f3lo fue un triunfo de la Uni\u00f3n Civica Radical sino que fue de toda una sociedad . La figura de Ra\u00fal [&hellip;]\" \/>\n<meta property=\"og:url\" content=\"https:\/\/noticiasmercedinas.com\/site\/2020\/10\/30\/el-mejor-homenaje-para-alfonsin-es-nuestro-accionar\/\" \/>\n<meta property=\"og:site_name\" content=\"NOTICIASMERCEDINAS.COM\" \/>\n<meta property=\"article:publisher\" content=\"https:\/\/www.facebook.com\/noticiasmercedinas\/\" \/>\n<meta property=\"article:published_time\" content=\"2020-10-31T02:15:22+00:00\" \/>\n<meta property=\"og:image\" content=\"https:\/\/noticiasmercedinas.com\/site\/wp-content\/uploads\/2020\/10\/72-Raul-Alfonsin-1024x504-1.jpg\" \/>\n\t<meta property=\"og:image:width\" content=\"1024\" \/>\n\t<meta property=\"og:image:height\" content=\"504\" \/>\n\t<meta property=\"og:image:type\" content=\"image\/jpeg\" \/>\n<meta name=\"author\" content=\"NOTICIASMERCEDINAS.COM\" \/>\n<meta name=\"twitter:card\" content=\"summary_large_image\" \/>\n<meta name=\"twitter:creator\" content=\"@notmercedinas\" \/>\n<meta name=\"twitter:site\" content=\"@notmercedinas\" \/>\n<meta name=\"twitter:label1\" content=\"Escrito por\" \/>\n\t<meta name=\"twitter:data1\" content=\"NOTICIASMERCEDINAS.COM\" \/>\n\t<meta name=\"twitter:label2\" content=\"Tiempo de lectura\" \/>\n\t<meta name=\"twitter:data2\" content=\"1 minuto\" \/>\n<script type=\"application\/ld+json\" class=\"yoast-schema-graph\">{\"@context\":\"https:\\\/\\\/schema.org\",\"@graph\":[{\"@type\":\"Article\",\"@id\":\"https:\\\/\\\/noticiasmercedinas.com\\\/site\\\/2020\\\/10\\\/30\\\/el-mejor-homenaje-para-alfonsin-es-nuestro-accionar\\\/#article\",\"isPartOf\":{\"@id\":\"https:\\\/\\\/noticiasmercedinas.com\\\/site\\\/2020\\\/10\\\/30\\\/el-mejor-homenaje-para-alfonsin-es-nuestro-accionar\\\/\"},\"author\":{\"name\":\"NOTICIASMERCEDINAS.COM\",\"@id\":\"https:\\\/\\\/noticiasmercedinas.com\\\/site\\\/#\\\/schema\\\/person\\\/84b59c099c28ff2e8b77d4ceec5d8063\"},\"headline\":\"El mejor homenaje para Alfons\u00edn es nuestro accionar\",\"datePublished\":\"2020-10-31T02:15:22+00:00\",\"mainEntityOfPage\":{\"@id\":\"https:\\\/\\\/noticiasmercedinas.com\\\/site\\\/2020\\\/10\\\/30\\\/el-mejor-homenaje-para-alfonsin-es-nuestro-accionar\\\/\"},\"wordCount\":255,\"commentCount\":0,\"publisher\":{\"@id\":\"https:\\\/\\\/noticiasmercedinas.com\\\/site\\\/#organization\"},\"image\":{\"@id\":\"https:\\\/\\\/noticiasmercedinas.com\\\/site\\\/2020\\\/10\\\/30\\\/el-mejor-homenaje-para-alfonsin-es-nuestro-accionar\\\/#primaryimage\"},\"thumbnailUrl\":\"https:\\\/\\\/noticiasmercedinas.com\\\/site\\\/wp-content\\\/uploads\\\/2020\\\/10\\\/72-Raul-Alfonsin-1024x504-1.jpg\",\"keywords\":[\"democracia\",\"oscar albini\",\"raul alfonsin\",\"Ucr\"],\"articleSection\":[\"Opinion\"],\"inLanguage\":\"es\",\"potentialAction\":[{\"@type\":\"CommentAction\",\"name\":\"Comment\",\"target\":[\"https:\\\/\\\/noticiasmercedinas.com\\\/site\\\/2020\\\/10\\\/30\\\/el-mejor-homenaje-para-alfonsin-es-nuestro-accionar\\\/#respond\"]}]},{\"@type\":\"WebPage\",\"@id\":\"https:\\\/\\\/noticiasmercedinas.com\\\/site\\\/2020\\\/10\\\/30\\\/el-mejor-homenaje-para-alfonsin-es-nuestro-accionar\\\/\",\"url\":\"https:\\\/\\\/noticiasmercedinas.com\\\/site\\\/2020\\\/10\\\/30\\\/el-mejor-homenaje-para-alfonsin-es-nuestro-accionar\\\/\",\"name\":\"El mejor homenaje para Alfons\u00edn es nuestro accionar\",\"isPartOf\":{\"@id\":\"https:\\\/\\\/noticiasmercedinas.com\\\/site\\\/#website\"},\"primaryImageOfPage\":{\"@id\":\"https:\\\/\\\/noticiasmercedinas.com\\\/site\\\/2020\\\/10\\\/30\\\/el-mejor-homenaje-para-alfonsin-es-nuestro-accionar\\\/#primaryimage\"},\"image\":{\"@id\":\"https:\\\/\\\/noticiasmercedinas.com\\\/site\\\/2020\\\/10\\\/30\\\/el-mejor-homenaje-para-alfonsin-es-nuestro-accionar\\\/#primaryimage\"},\"thumbnailUrl\":\"https:\\\/\\\/noticiasmercedinas.com\\\/site\\\/wp-content\\\/uploads\\\/2020\\\/10\\\/72-Raul-Alfonsin-1024x504-1.jpg\",\"datePublished\":\"2020-10-31T02:15:22+00:00\",\"breadcrumb\":{\"@id\":\"https:\\\/\\\/noticiasmercedinas.com\\\/site\\\/2020\\\/10\\\/30\\\/el-mejor-homenaje-para-alfonsin-es-nuestro-accionar\\\/#breadcrumb\"},\"inLanguage\":\"es\",\"potentialAction\":[{\"@type\":\"ReadAction\",\"target\":[\"https:\\\/\\\/noticiasmercedinas.com\\\/site\\\/2020\\\/10\\\/30\\\/el-mejor-homenaje-para-alfonsin-es-nuestro-accionar\\\/\"]}]},{\"@type\":\"ImageObject\",\"inLanguage\":\"es\",\"@id\":\"https:\\\/\\\/noticiasmercedinas.com\\\/site\\\/2020\\\/10\\\/30\\\/el-mejor-homenaje-para-alfonsin-es-nuestro-accionar\\\/#primaryimage\",\"url\":\"https:\\\/\\\/noticiasmercedinas.com\\\/site\\\/wp-content\\\/uploads\\\/2020\\\/10\\\/72-Raul-Alfonsin-1024x504-1.jpg\",\"contentUrl\":\"https:\\\/\\\/noticiasmercedinas.com\\\/site\\\/wp-content\\\/uploads\\\/2020\\\/10\\\/72-Raul-Alfonsin-1024x504-1.jpg\",\"width\":1024,\"height\":504},{\"@type\":\"BreadcrumbList\",\"@id\":\"https:\\\/\\\/noticiasmercedinas.com\\\/site\\\/2020\\\/10\\\/30\\\/el-mejor-homenaje-para-alfonsin-es-nuestro-accionar\\\/#breadcrumb\",\"itemListElement\":[{\"@type\":\"ListItem\",\"position\":1,\"name\":\"Portada\",\"item\":\"https:\\\/\\\/noticiasmercedinas.com\\\/site\\\/\"},{\"@type\":\"ListItem\",\"position\":2,\"name\":\"El mejor homenaje para Alfons\u00edn es nuestro accionar\"}]},{\"@type\":\"WebSite\",\"@id\":\"https:\\\/\\\/noticiasmercedinas.com\\\/site\\\/#website\",\"url\":\"https:\\\/\\\/noticiasmercedinas.com\\\/site\\\/\",\"name\":\"NOTICIASMERCEDINAS.COM\",\"description\":\"Mercedes, Buenos Aires, Argentina\",\"publisher\":{\"@id\":\"https:\\\/\\\/noticiasmercedinas.com\\\/site\\\/#organization\"},\"potentialAction\":[{\"@type\":\"SearchAction\",\"target\":{\"@type\":\"EntryPoint\",\"urlTemplate\":\"https:\\\/\\\/noticiasmercedinas.com\\\/site\\\/?s={search_term_string}\"},\"query-input\":{\"@type\":\"PropertyValueSpecification\",\"valueRequired\":true,\"valueName\":\"search_term_string\"}}],\"inLanguage\":\"es\"},{\"@type\":\"Organization\",\"@id\":\"https:\\\/\\\/noticiasmercedinas.com\\\/site\\\/#organization\",\"name\":\"NOTICIASMERCEDINAS.COM\",\"url\":\"https:\\\/\\\/noticiasmercedinas.com\\\/site\\\/\",\"logo\":{\"@type\":\"ImageObject\",\"inLanguage\":\"es\",\"@id\":\"https:\\\/\\\/noticiasmercedinas.com\\\/site\\\/#\\\/schema\\\/logo\\\/image\\\/\",\"url\":\"https:\\\/\\\/noticiasmercedinas.com\\\/site\\\/wp-content\\\/uploads\\\/2020\\\/06\\\/LOGO-512.jpg\",\"contentUrl\":\"https:\\\/\\\/noticiasmercedinas.com\\\/site\\\/wp-content\\\/uploads\\\/2020\\\/06\\\/LOGO-512.jpg\",\"width\":512,\"height\":512,\"caption\":\"NOTICIASMERCEDINAS.COM\"},\"image\":{\"@id\":\"https:\\\/\\\/noticiasmercedinas.com\\\/site\\\/#\\\/schema\\\/logo\\\/image\\\/\"},\"sameAs\":[\"https:\\\/\\\/www.facebook.com\\\/noticiasmercedinas\\\/\",\"https:\\\/\\\/x.com\\\/notmercedinas\",\"https:\\\/\\\/www.instagram.com\\\/noticiasmercedinas\\\/\"]},{\"@type\":\"Person\",\"@id\":\"https:\\\/\\\/noticiasmercedinas.com\\\/site\\\/#\\\/schema\\\/person\\\/84b59c099c28ff2e8b77d4ceec5d8063\",\"name\":\"NOTICIASMERCEDINAS.COM\",\"image\":{\"@type\":\"ImageObject\",\"inLanguage\":\"es\",\"@id\":\"https:\\\/\\\/secure.gravatar.com\\\/avatar\\\/4dfbf16b4d17945bfb6341b2d19043457132fcf478a5ee04f42e959fd8f5df0a?s=96&d=mm&r=g\",\"url\":\"https:\\\/\\\/secure.gravatar.com\\\/avatar\\\/4dfbf16b4d17945bfb6341b2d19043457132fcf478a5ee04f42e959fd8f5df0a?s=96&d=mm&r=g\",\"contentUrl\":\"https:\\\/\\\/secure.gravatar.com\\\/avatar\\\/4dfbf16b4d17945bfb6341b2d19043457132fcf478a5ee04f42e959fd8f5df0a?s=96&d=mm&r=g\",\"caption\":\"NOTICIASMERCEDINAS.COM\"},\"url\":\"https:\\\/\\\/noticiasmercedinas.com\\\/site\\\/author\\\/anonimo\\\/\"}]}<\/script>\n<!-- \/ Yoast SEO plugin. -->","yoast_head_json":{"title":"El mejor homenaje para Alfons\u00edn es nuestro accionar","robots":{"index":"index","follow":"follow","max-snippet":"max-snippet:-1","max-image-preview":"max-image-preview:large","max-video-preview":"max-video-preview:-1"},"canonical":"https:\/\/noticiasmercedinas.com\/site\/2020\/10\/30\/el-mejor-homenaje-para-alfonsin-es-nuestro-accionar\/","og_locale":"es_ES","og_type":"article","og_title":"El mejor homenaje para Alfons\u00edn es nuestro accionar","og_description":"Por Oscar Albini Se cumplen hoy 37 a\u00f1os del retorno de la Democracia. Como olvidar ese d\u00eda en el que la Argentina volv\u00eda a tener esperanzas despu\u00e9s de a\u00f1os muy oscuros. Ese d\u00eda no s\u00f3lo fue un triunfo de la Uni\u00f3n Civica Radical sino que fue de toda una sociedad . La figura de Ra\u00fal [&hellip;]","og_url":"https:\/\/noticiasmercedinas.com\/site\/2020\/10\/30\/el-mejor-homenaje-para-alfonsin-es-nuestro-accionar\/","og_site_name":"NOTICIASMERCEDINAS.COM","article_publisher":"https:\/\/www.facebook.com\/noticiasmercedinas\/","article_published_time":"2020-10-31T02:15:22+00:00","og_image":[{"width":1024,"height":504,"url":"https:\/\/noticiasmercedinas.com\/site\/wp-content\/uploads\/2020\/10\/72-Raul-Alfonsin-1024x504-1.jpg","type":"image\/jpeg"}],"author":"NOTICIASMERCEDINAS.COM","twitter_card":"summary_large_image","twitter_creator":"@notmercedinas","twitter_site":"@notmercedinas","twitter_misc":{"Escrito por":"NOTICIASMERCEDINAS.COM","Tiempo de lectura":"1 minuto"},"schema":{"@context":"https:\/\/schema.org","@graph":[{"@type":"Article","@id":"https:\/\/noticiasmercedinas.com\/site\/2020\/10\/30\/el-mejor-homenaje-para-alfonsin-es-nuestro-accionar\/#article","isPartOf":{"@id":"https:\/\/noticiasmercedinas.com\/site\/2020\/10\/30\/el-mejor-homenaje-para-alfonsin-es-nuestro-accionar\/"},"author":{"name":"NOTICIASMERCEDINAS.COM","@id":"https:\/\/noticiasmercedinas.com\/site\/#\/schema\/person\/84b59c099c28ff2e8b77d4ceec5d8063"},"headline":"El mejor homenaje para Alfons\u00edn es nuestro accionar","datePublished":"2020-10-31T02:15:22+00:00","mainEntityOfPage":{"@id":"https:\/\/noticiasmercedinas.com\/site\/2020\/10\/30\/el-mejor-homenaje-para-alfonsin-es-nuestro-accionar\/"},"wordCount":255,"commentCount":0,"publisher":{"@id":"https:\/\/noticiasmercedinas.com\/site\/#organization"},"image":{"@id":"https:\/\/noticiasmercedinas.com\/site\/2020\/10\/30\/el-mejor-homenaje-para-alfonsin-es-nuestro-accionar\/#primaryimage"},"thumbnailUrl":"https:\/\/noticiasmercedinas.com\/site\/wp-content\/uploads\/2020\/10\/72-Raul-Alfonsin-1024x504-1.jpg","keywords":["democracia","oscar albini","raul alfonsin","Ucr"],"articleSection":["Opinion"],"inLanguage":"es","potentialAction":[{"@type":"CommentAction","name":"Comment","target":["https:\/\/noticiasmercedinas.com\/site\/2020\/10\/30\/el-mejor-homenaje-para-alfonsin-es-nuestro-accionar\/#respond"]}]},{"@type":"WebPage","@id":"https:\/\/noticiasmercedinas.com\/site\/2020\/10\/30\/el-mejor-homenaje-para-alfonsin-es-nuestro-accionar\/","url":"https:\/\/noticiasmercedinas.com\/site\/2020\/10\/30\/el-mejor-homenaje-para-alfonsin-es-nuestro-accionar\/","name":"El mejor homenaje para Alfons\u00edn es nuestro accionar","isPartOf":{"@id":"https:\/\/noticiasmercedinas.com\/site\/#website"},"primaryImageOfPage":{"@id":"https:\/\/noticiasmercedinas.com\/site\/2020\/10\/30\/el-mejor-homenaje-para-alfonsin-es-nuestro-accionar\/#primaryimage"},"image":{"@id":"https:\/\/noticiasmercedinas.com\/site\/2020\/10\/30\/el-mejor-homenaje-para-alfonsin-es-nuestro-accionar\/#primaryimage"},"thumbnailUrl":"https:\/\/noticiasmercedinas.com\/site\/wp-content\/uploads\/2020\/10\/72-Raul-Alfonsin-1024x504-1.jpg","datePublished":"2020-10-31T02:15:22+00:00","breadcrumb":{"@id":"https:\/\/noticiasmercedinas.com\/site\/2020\/10\/30\/el-mejor-homenaje-para-alfonsin-es-nuestro-accionar\/#breadcrumb"},"inLanguage":"es","potentialAction":[{"@type":"ReadAction","target":["https:\/\/noticiasmercedinas.com\/site\/2020\/10\/30\/el-mejor-homenaje-para-alfonsin-es-nuestro-accionar\/"]}]},{"@type":"ImageObject","inLanguage":"es","@id":"https:\/\/noticiasmercedinas.com\/site\/2020\/10\/30\/el-mejor-homenaje-para-alfonsin-es-nuestro-accionar\/#primaryimage","url":"https:\/\/noticiasmercedinas.com\/site\/wp-content\/uploads\/2020\/10\/72-Raul-Alfonsin-1024x504-1.jpg","contentUrl":"https:\/\/noticiasmercedinas.com\/site\/wp-content\/uploads\/2020\/10\/72-Raul-Alfonsin-1024x504-1.jpg","width":1024,"height":504},{"@type":"BreadcrumbList","@id":"https:\/\/noticiasmercedinas.com\/site\/2020\/10\/30\/el-mejor-homenaje-para-alfonsin-es-nuestro-accionar\/#breadcrumb","itemListElement":[{"@type":"ListItem","position":1,"name":"Portada","item":"https:\/\/noticiasmercedinas.com\/site\/"},{"@type":"ListItem","position":2,"name":"El mejor homenaje para Alfons\u00edn es nuestro accionar"}]},{"@type":"WebSite","@id":"https:\/\/noticiasmercedinas.com\/site\/#website","url":"https:\/\/noticiasmercedinas.com\/site\/","name":"NOTICIASMERCEDINAS.COM","description":"Mercedes, Buenos Aires, Argentina","publisher":{"@id":"https:\/\/noticiasmercedinas.com\/site\/#organization"},"potentialAction":[{"@type":"SearchAction","target":{"@type":"EntryPoint","urlTemplate":"https:\/\/noticiasmercedinas.com\/site\/?s={search_term_string}"},"query-input":{"@type":"PropertyValueSpecification","valueRequired":true,"valueName":"search_term_string"}}],"inLanguage":"es"},{"@type":"Organization","@id":"https:\/\/noticiasmercedinas.com\/site\/#organization","name":"NOTICIASMERCEDINAS.COM","url":"https:\/\/noticiasmercedinas.com\/site\/","logo":{"@type":"ImageObject","inLanguage":"es","@id":"https:\/\/noticiasmercedinas.com\/site\/#\/schema\/logo\/image\/","url":"https:\/\/noticiasmercedinas.com\/site\/wp-content\/uploads\/2020\/06\/LOGO-512.jpg","contentUrl":"https:\/\/noticiasmercedinas.com\/site\/wp-content\/uploads\/2020\/06\/LOGO-512.jpg","width":512,"height":512,"caption":"NOTICIASMERCEDINAS.COM"},"image":{"@id":"https:\/\/noticiasmercedinas.com\/site\/#\/schema\/logo\/image\/"},"sameAs":["https:\/\/www.facebook.com\/noticiasmercedinas\/","https:\/\/x.com\/notmercedinas","https:\/\/www.instagram.com\/noticiasmercedinas\/"]},{"@type":"Person","@id":"https:\/\/noticiasmercedinas.com\/site\/#\/schema\/person\/84b59c099c28ff2e8b77d4ceec5d8063","name":"NOTICIASMERCEDINAS.COM","image":{"@type":"ImageObject","inLanguage":"es","@id":"https:\/\/secure.gravatar.com\/avatar\/4dfbf16b4d17945bfb6341b2d19043457132fcf478a5ee04f42e959fd8f5df0a?s=96&d=mm&r=g","url":"https:\/\/secure.gravatar.com\/avatar\/4dfbf16b4d17945bfb6341b2d19043457132fcf478a5ee04f42e959fd8f5df0a?s=96&d=mm&r=g","contentUrl":"https:\/\/secure.gravatar.com\/avatar\/4dfbf16b4d17945bfb6341b2d19043457132fcf478a5ee04f42e959fd8f5df0a?s=96&d=mm&r=g","caption":"NOTICIASMERCEDINAS.COM"},"url":"https:\/\/noticiasmercedinas.com\/site\/author\/anonimo\/"}]}},"amp_enabled":true,"_links":{"self":[{"href":"https:\/\/noticiasmercedinas.com\/site\/wp-json\/wp\/v2\/posts\/55688","targetHints":{"allow":["GET"]}}],"collection":[{"href":"https:\/\/noticiasmercedinas.com\/site\/wp-json\/wp\/v2\/posts"}],"about":[{"href":"https:\/\/noticiasmercedinas.com\/site\/wp-json\/wp\/v2\/types\/post"}],"author":[{"embeddable":true,"href":"https:\/\/noticiasmercedinas.com\/site\/wp-json\/wp\/v2\/users\/16"}],"replies":[{"embeddable":true,"href":"https:\/\/noticiasmercedinas.com\/site\/wp-json\/wp\/v2\/comments?post=55688"}],"version-history":[{"count":1,"href":"https:\/\/noticiasmercedinas.com\/site\/wp-json\/wp\/v2\/posts\/55688\/revisions"}],"predecessor-version":[{"id":55690,"href":"https:\/\/noticiasmercedinas.com\/site\/wp-json\/wp\/v2\/posts\/55688\/revisions\/55690"}],"wp:featuredmedia":[{"embeddable":true,"href":"https:\/\/noticiasmercedinas.com\/site\/wp-json\/wp\/v2\/media\/55689"}],"wp:attachment":[{"href":"https:\/\/noticiasmercedinas.com\/site\/wp-json\/wp\/v2\/media?parent=55688"}],"wp:term":[{"taxonomy":"category","embeddable":true,"href":"https:\/\/noticiasmercedinas.com\/site\/wp-json\/wp\/v2\/categories?post=55688"},{"taxonomy":"post_tag","embeddable":true,"href":"https:\/\/noticiasmercedinas.com\/site\/wp-json\/wp\/v2\/tags?post=55688"}],"curies":[{"name":"wp","href":"https:\/\/api.w.org\/{rel}","templated":true}]}}