{"id":55697,"date":"2020-10-31T09:12:33","date_gmt":"2020-10-31T12:12:33","guid":{"rendered":"https:\/\/noticiasmercedinas.com\/site\/?p=55697"},"modified":"2020-10-31T09:21:17","modified_gmt":"2020-10-31T12:21:17","slug":"lucia-lascano-a-cargo-de-talleres-literarios-en-la-unidad-5","status":"publish","type":"post","link":"https:\/\/noticiasmercedinas.com\/site\/2020\/10\/31\/lucia-lascano-a-cargo-de-talleres-literarios-en-la-unidad-5\/","title":{"rendered":"Luc\u00eda Lascano, a cargo de talleres literarios en la Unidad 5"},"content":{"rendered":"<p><img loading=\"lazy\" decoding=\"async\" class=\"alignnone size-large wp-image-55698\" src=\"https:\/\/noticiasmercedinas.com\/site\/wp-content\/uploads\/2020\/10\/Screenshot_20201031-091548-1024x664.jpg\" alt=\"\" width=\"640\" height=\"415\" srcset=\"https:\/\/noticiasmercedinas.com\/site\/wp-content\/uploads\/2020\/10\/Screenshot_20201031-091548-1024x664.jpg 1024w, https:\/\/noticiasmercedinas.com\/site\/wp-content\/uploads\/2020\/10\/Screenshot_20201031-091548-300x194.jpg 300w, https:\/\/noticiasmercedinas.com\/site\/wp-content\/uploads\/2020\/10\/Screenshot_20201031-091548-768x498.jpg 768w, https:\/\/noticiasmercedinas.com\/site\/wp-content\/uploads\/2020\/10\/Screenshot_20201031-091548-600x388.jpg 600w, https:\/\/noticiasmercedinas.com\/site\/wp-content\/uploads\/2020\/10\/Screenshot_20201031-091548-341x220.jpg 341w, https:\/\/noticiasmercedinas.com\/site\/wp-content\/uploads\/2020\/10\/Screenshot_20201031-091548-640x415.jpg 640w, https:\/\/noticiasmercedinas.com\/site\/wp-content\/uploads\/2020\/10\/Screenshot_20201031-091548-681x442.jpg 681w, https:\/\/noticiasmercedinas.com\/site\/wp-content\/uploads\/2020\/10\/Screenshot_20201031-091548.jpg 1145w\" sizes=\"auto, (max-width: 640px) 100vw, 640px\" \/><\/p>\n<p>En la Unidad Penal 5 se comienzan a dictar talleres literarios y de la iniciativa es parte como tallerista <strong>Luc\u00eda Lascano<\/strong>. La reconocida escritora fue parte de la puesta en marcha de la propuesta, que se lleva adelante en varios penales adem\u00e1s del de Mercedes. Se espera que haya \u00abm\u00e1s paz y mejor vida\u00bb con la promoci\u00f3n de la lectura y escritura en las c\u00e1rceles bonaerenses.<\/p>\n<p>Como parte del programa cultural denominado \u201cCorredor Literario\u201d que se desarrolla en las c\u00e1rceles bonaerenses, se inauguraron este jueves tres pabellones literarios en las Unidades 1 de Olmos, 5 de Mercedes y 16 de Jun\u00edn. La propuesta incluir\u00e1 talleres de lectura y alfabetizaci\u00f3n para las personas que se encuentran privadas de su libertad.<\/p>\n<p>El acto se realiz\u00f3 en forma virtual por la plataforma Zoom, y cont\u00f3 con la presencia de funcionarios judiciales, del Ministerio de Justicia y DDHH, autoridades de las Unidades involucradas, talleristas e internos.<\/p>\n<p>El moderador del encuentro y uno de los promotores de esta iniciativa, el Dr. Roberto Conti, juez y Vicepresidente del Centro de Estudios Judiciales de la Universidad Nacional de Lomas de Zamora, destac\u00f3 la fuerza de estos espacios culturales que han demostrado un efecto multiplicador \u201cgenerando no solo que se sigan sumando internos sin tambi\u00e9n talleristas voluntarios dispuestos a colaborar\u201d en esta cruzada literaria.<\/p>\n<p>Adem\u00e1s del magistrado participaron de la inauguraci\u00f3n la asesora del Ministro de Justicia y DDHH, Julia Lescano, el Director de Pol\u00edticas de Inclusi\u00f3n Marcelo Iafolla, el Capell\u00e1n General del Servicio Penitenciario Bonaerense Carlos Pont, la jefa del Departamento Cultura Gabriela R\u00edos y los directores Horacio Maldonado y Edgardo Gumarelli de las Unidades 5 y 16 respectivamente, Rodrigo Ledesma, subdirector de la Unidad 1, y la jefa del Anexo Femenino de la Unidad 5 Liliana Rodr\u00edguez.<\/p>\n<p>Muchos de los talleristas que trabajar\u00e1n con los 61 privados de la libertad de Olmos que se suman a esta iniciativa pertenecen a la Asociaci\u00f3n Civil \u201cSinergia\u201d, que se dedica al fortalecimiento de lo educativo en c\u00e1rceles.<\/p>\n<p>En la Unidad 5 de Mercedes la tallerista Luc\u00eda Lascano trabajar\u00e1 no solo con 103 internos del Pabell\u00f3n 4, sino con 24 internas del Anexo Femenino. Por su parte en Jun\u00edn la tallerista Susana se ocupar\u00e1 del pabell\u00f3n 3, con 37 internos.<\/p>\n<p><img loading=\"lazy\" decoding=\"async\" class=\"alignnone wp-image-55695 size-full\" src=\"https:\/\/noticiasmercedinas.com\/site\/wp-content\/uploads\/2020\/10\/wp-1604145729954.jpg\" width=\"1032\" height=\"581\" srcset=\"https:\/\/noticiasmercedinas.com\/site\/wp-content\/uploads\/2020\/10\/wp-1604145729954.jpg 1032w, https:\/\/noticiasmercedinas.com\/site\/wp-content\/uploads\/2020\/10\/wp-1604145729954-300x169.jpg 300w, https:\/\/noticiasmercedinas.com\/site\/wp-content\/uploads\/2020\/10\/wp-1604145729954-1024x576.jpg 1024w, https:\/\/noticiasmercedinas.com\/site\/wp-content\/uploads\/2020\/10\/wp-1604145729954-768x432.jpg 768w, https:\/\/noticiasmercedinas.com\/site\/wp-content\/uploads\/2020\/10\/wp-1604145729954-640x360.jpg 640w, https:\/\/noticiasmercedinas.com\/site\/wp-content\/uploads\/2020\/10\/wp-1604145729954-681x383.jpg 681w\" sizes=\"auto, (max-width: 1032px) 100vw, 1032px\" \/><\/p>\n<p>Cabe destacar que los internos referentes de los pabellones pudieron expresarse online y contar c\u00f3mo el acercamiento a los libros les estaba cambiando su realidad. Inclusive el interno Carlos S., referente del pabell\u00f3n 4 de la Unidad 5, cont\u00f3 que \u201cnunca hubo un pabell\u00f3n as\u00ed en la Unidad. Entonces organizamos un grupo de alfabetizaci\u00f3n, porque hab\u00eda compa\u00f1eros que no sab\u00edan leer ni escribir. Nos estamos ayudando entre todos, para poder aprovechar esta oportunidad\u201d. Y agreg\u00f3 que \u201ces una lucha para una mejor calidad de vida. Hoy nos entregamos a la literatura\u201d.<\/p>\n<p>Luego de escuchar lo expresado por varios internos, Lescano describi\u00f3 la experiencia que estaban viviendo como \u201cuna invasi\u00f3n de libros en las c\u00e1rceles para que haya m\u00e1s paz y mejor vida. Somos un conjunto de personas que creemos que ustedes est\u00e1n pasando un momento muy dif\u00edcil de incomunicaci\u00f3n pero que con este herramienta que le vamos a acercar le va hacer mucho m\u00e1s llevadero el momento. Adem\u00e1s les va a dejar fortaleza interna. Las personas que podemos defender lo que pensamos, nos sentimos fuertes, sin tener que usar la violencia, sino a trav\u00e9s de esta herramienta que es la cultura\u201d.<\/p>\n<p>Al respecto, R\u00edos agreg\u00f3 que \u201clibro es la mejor compa\u00f1\u00eda que pueden tener, para que se puedan llevar algo positivo de este paso por el penal, y as\u00ed cuando salgan en libertad puedan tener una herramienta que los ayude a relacionarse de otra forma con la sociedad\u201d y subray\u00f3 la importancia de \u201cllegar con estas actividades a los internos de la poblaci\u00f3n com\u00fan, como es el caso del segundo piso de la Unidad de Olmos\u201d.<\/p>\n<p>Desde la Unidad 1, Iafolla destac\u00f3 el crecimiento de esta experiencia mancomunada entre el \u00e1mbito judicial, ministerial y religioso, y se refiri\u00f3 a \u201clo importante de haberle otorgado a estos pabellones literarios, un marco, un encuadre para ser reconocidos formalmente dentro de las unidades, porque ya se puede ver lo positivo que genera\u201d ya que a \u201calgunos (detenidos) les sirvi\u00f3 para adquirir un nuevo lenguaje, a otros para tener m\u00e1s conocimientos, a otros para sentirse m\u00e1s libres en este contexto de encierro.\u201d<\/p>\n<p>Por \u00faltimo, el Capell\u00e1n General se\u00f1al\u00f3 que este espacio es principalmente \u201cuna apuesta por la autonom\u00eda de las personas, y por sus capacidades, para que todos puedan desplegar su brillantez.\u201d<\/p>\n<p>Con la inauguraci\u00f3n de estos tres nuevos pabellones literarios, ya son 20 los penales que participan de esta experiencia: 28 Magdalena, 40 Lomas de Zamora, 30 General Alvear, 31 y 32 Florencio Varela, 45 Melchor Romero, 50 Bat\u00e1n, 57 Campana, 48 San Mart\u00edn, dos en la Unidad 9 La Plata; 8 y 33 de mujeres Los Hornos, 2 Sierra Chica, 10 Melchor Romero, 1 Olmos, 5 Mercedes y 16 Jun\u00edn.<\/p>\n<p><img loading=\"lazy\" decoding=\"async\" class=\"alignnone wp-image-55696\" src=\"https:\/\/noticiasmercedinas.com\/site\/wp-content\/uploads\/2020\/10\/wp-1604145755802.jpg\" alt=\"\" width=\"640\" height=\"290\" data-temp-aztec-id=\"3b326124-e1c0-481f-9f0a-cd8141e4491e\" srcset=\"https:\/\/noticiasmercedinas.com\/site\/wp-content\/uploads\/2020\/10\/wp-1604145755802.jpg 512w, https:\/\/noticiasmercedinas.com\/site\/wp-content\/uploads\/2020\/10\/wp-1604145755802-300x136.jpg 300w\" sizes=\"auto, (max-width: 640px) 100vw, 640px\" \/><\/p>\n","protected":false},"excerpt":{"rendered":"<p>\u25a0 La escritora trabajar\u00e1 con 103 internos del Pabell\u00f3n 4, y con 24 internas del Anexo Femenino. Apuntan a colaborar a una mejor calidad de vida en contextos de encierro. Varias Unidades Penales son parte de estas propuestas.<\/p>\n","protected":false},"author":16,"featured_media":55698,"comment_status":"open","ping_status":"open","sticky":false,"template":"","format":"standard","meta":{"footnotes":""},"categories":[4],"tags":[85,9043,525],"class_list":["post-55697","post","type-post","status-publish","format-standard","has-post-thumbnail","hentry","category-cultura","tag-literatura","tag-lucia-lascano","tag-unidad-penal-5"],"yoast_head":"<!-- This site is optimized with the Yoast SEO plugin v27.5 - https:\/\/yoast.com\/product\/yoast-seo-wordpress\/ -->\n<title>Luc\u00eda Lascano, a cargo de talleres literarios en la Unidad 5<\/title>\n<meta name=\"robots\" content=\"index, follow, max-snippet:-1, max-image-preview:large, max-video-preview:-1\" \/>\n<link rel=\"canonical\" href=\"https:\/\/noticiasmercedinas.com\/site\/2020\/10\/31\/lucia-lascano-a-cargo-de-talleres-literarios-en-la-unidad-5\/\" \/>\n<meta property=\"og:locale\" content=\"es_ES\" \/>\n<meta property=\"og:type\" content=\"article\" \/>\n<meta property=\"og:title\" content=\"Luc\u00eda Lascano, a cargo de talleres literarios en la Unidad 5\" \/>\n<meta property=\"og:description\" content=\"\u25a0 La escritora trabajar\u00e1 con 103 internos del Pabell\u00f3n 4, y con 24 internas del Anexo Femenino. Apuntan a colaborar a una mejor calidad de vida en contextos de encierro. Varias Unidades Penales son parte de estas propuestas.\" \/>\n<meta property=\"og:url\" content=\"https:\/\/noticiasmercedinas.com\/site\/2020\/10\/31\/lucia-lascano-a-cargo-de-talleres-literarios-en-la-unidad-5\/\" \/>\n<meta property=\"og:site_name\" content=\"NOTICIASMERCEDINAS.COM\" \/>\n<meta property=\"article:publisher\" content=\"https:\/\/www.facebook.com\/noticiasmercedinas\/\" \/>\n<meta property=\"article:published_time\" content=\"2020-10-31T12:12:33+00:00\" \/>\n<meta property=\"article:modified_time\" content=\"2020-10-31T12:21:17+00:00\" \/>\n<meta property=\"og:image\" content=\"https:\/\/noticiasmercedinas.com\/site\/wp-content\/uploads\/2020\/10\/Screenshot_20201031-091548.jpg\" \/>\n\t<meta property=\"og:image:width\" content=\"1145\" \/>\n\t<meta property=\"og:image:height\" content=\"743\" \/>\n\t<meta property=\"og:image:type\" content=\"image\/jpeg\" \/>\n<meta name=\"author\" content=\"NOTICIASMERCEDINAS.COM\" \/>\n<meta name=\"twitter:card\" content=\"summary_large_image\" \/>\n<meta name=\"twitter:creator\" content=\"@notmercedinas\" \/>\n<meta name=\"twitter:site\" content=\"@notmercedinas\" \/>\n<meta name=\"twitter:label1\" content=\"Escrito por\" \/>\n\t<meta name=\"twitter:data1\" content=\"NOTICIASMERCEDINAS.COM\" \/>\n\t<meta name=\"twitter:label2\" content=\"Tiempo de lectura\" \/>\n\t<meta name=\"twitter:data2\" content=\"4 minutos\" \/>\n<script type=\"application\/ld+json\" class=\"yoast-schema-graph\">{\"@context\":\"https:\\\/\\\/schema.org\",\"@graph\":[{\"@type\":\"Article\",\"@id\":\"https:\\\/\\\/noticiasmercedinas.com\\\/site\\\/2020\\\/10\\\/31\\\/lucia-lascano-a-cargo-de-talleres-literarios-en-la-unidad-5\\\/#article\",\"isPartOf\":{\"@id\":\"https:\\\/\\\/noticiasmercedinas.com\\\/site\\\/2020\\\/10\\\/31\\\/lucia-lascano-a-cargo-de-talleres-literarios-en-la-unidad-5\\\/\"},\"author\":{\"name\":\"NOTICIASMERCEDINAS.COM\",\"@id\":\"https:\\\/\\\/noticiasmercedinas.com\\\/site\\\/#\\\/schema\\\/person\\\/84b59c099c28ff2e8b77d4ceec5d8063\"},\"headline\":\"Luc\u00eda Lascano, a cargo de talleres literarios en la Unidad 5\",\"datePublished\":\"2020-10-31T12:12:33+00:00\",\"dateModified\":\"2020-10-31T12:21:17+00:00\",\"mainEntityOfPage\":{\"@id\":\"https:\\\/\\\/noticiasmercedinas.com\\\/site\\\/2020\\\/10\\\/31\\\/lucia-lascano-a-cargo-de-talleres-literarios-en-la-unidad-5\\\/\"},\"wordCount\":845,\"commentCount\":0,\"publisher\":{\"@id\":\"https:\\\/\\\/noticiasmercedinas.com\\\/site\\\/#organization\"},\"image\":{\"@id\":\"https:\\\/\\\/noticiasmercedinas.com\\\/site\\\/2020\\\/10\\\/31\\\/lucia-lascano-a-cargo-de-talleres-literarios-en-la-unidad-5\\\/#primaryimage\"},\"thumbnailUrl\":\"https:\\\/\\\/noticiasmercedinas.com\\\/site\\\/wp-content\\\/uploads\\\/2020\\\/10\\\/Screenshot_20201031-091548.jpg\",\"keywords\":[\"literatura\",\"lucia lascano\",\"unidad penal 5\"],\"articleSection\":[\"Cultura\"],\"inLanguage\":\"es\",\"potentialAction\":[{\"@type\":\"CommentAction\",\"name\":\"Comment\",\"target\":[\"https:\\\/\\\/noticiasmercedinas.com\\\/site\\\/2020\\\/10\\\/31\\\/lucia-lascano-a-cargo-de-talleres-literarios-en-la-unidad-5\\\/#respond\"]}]},{\"@type\":\"WebPage\",\"@id\":\"https:\\\/\\\/noticiasmercedinas.com\\\/site\\\/2020\\\/10\\\/31\\\/lucia-lascano-a-cargo-de-talleres-literarios-en-la-unidad-5\\\/\",\"url\":\"https:\\\/\\\/noticiasmercedinas.com\\\/site\\\/2020\\\/10\\\/31\\\/lucia-lascano-a-cargo-de-talleres-literarios-en-la-unidad-5\\\/\",\"name\":\"Luc\u00eda Lascano, a cargo de talleres literarios en la Unidad 5\",\"isPartOf\":{\"@id\":\"https:\\\/\\\/noticiasmercedinas.com\\\/site\\\/#website\"},\"primaryImageOfPage\":{\"@id\":\"https:\\\/\\\/noticiasmercedinas.com\\\/site\\\/2020\\\/10\\\/31\\\/lucia-lascano-a-cargo-de-talleres-literarios-en-la-unidad-5\\\/#primaryimage\"},\"image\":{\"@id\":\"https:\\\/\\\/noticiasmercedinas.com\\\/site\\\/2020\\\/10\\\/31\\\/lucia-lascano-a-cargo-de-talleres-literarios-en-la-unidad-5\\\/#primaryimage\"},\"thumbnailUrl\":\"https:\\\/\\\/noticiasmercedinas.com\\\/site\\\/wp-content\\\/uploads\\\/2020\\\/10\\\/Screenshot_20201031-091548.jpg\",\"datePublished\":\"2020-10-31T12:12:33+00:00\",\"dateModified\":\"2020-10-31T12:21:17+00:00\",\"breadcrumb\":{\"@id\":\"https:\\\/\\\/noticiasmercedinas.com\\\/site\\\/2020\\\/10\\\/31\\\/lucia-lascano-a-cargo-de-talleres-literarios-en-la-unidad-5\\\/#breadcrumb\"},\"inLanguage\":\"es\",\"potentialAction\":[{\"@type\":\"ReadAction\",\"target\":[\"https:\\\/\\\/noticiasmercedinas.com\\\/site\\\/2020\\\/10\\\/31\\\/lucia-lascano-a-cargo-de-talleres-literarios-en-la-unidad-5\\\/\"]}]},{\"@type\":\"ImageObject\",\"inLanguage\":\"es\",\"@id\":\"https:\\\/\\\/noticiasmercedinas.com\\\/site\\\/2020\\\/10\\\/31\\\/lucia-lascano-a-cargo-de-talleres-literarios-en-la-unidad-5\\\/#primaryimage\",\"url\":\"https:\\\/\\\/noticiasmercedinas.com\\\/site\\\/wp-content\\\/uploads\\\/2020\\\/10\\\/Screenshot_20201031-091548.jpg\",\"contentUrl\":\"https:\\\/\\\/noticiasmercedinas.com\\\/site\\\/wp-content\\\/uploads\\\/2020\\\/10\\\/Screenshot_20201031-091548.jpg\",\"width\":1145,\"height\":743},{\"@type\":\"BreadcrumbList\",\"@id\":\"https:\\\/\\\/noticiasmercedinas.com\\\/site\\\/2020\\\/10\\\/31\\\/lucia-lascano-a-cargo-de-talleres-literarios-en-la-unidad-5\\\/#breadcrumb\",\"itemListElement\":[{\"@type\":\"ListItem\",\"position\":1,\"name\":\"Portada\",\"item\":\"https:\\\/\\\/noticiasmercedinas.com\\\/site\\\/\"},{\"@type\":\"ListItem\",\"position\":2,\"name\":\"Luc\u00eda Lascano, a cargo de talleres literarios en la Unidad 5\"}]},{\"@type\":\"WebSite\",\"@id\":\"https:\\\/\\\/noticiasmercedinas.com\\\/site\\\/#website\",\"url\":\"https:\\\/\\\/noticiasmercedinas.com\\\/site\\\/\",\"name\":\"NOTICIASMERCEDINAS.COM\",\"description\":\"Mercedes, Buenos Aires, Argentina\",\"publisher\":{\"@id\":\"https:\\\/\\\/noticiasmercedinas.com\\\/site\\\/#organization\"},\"potentialAction\":[{\"@type\":\"SearchAction\",\"target\":{\"@type\":\"EntryPoint\",\"urlTemplate\":\"https:\\\/\\\/noticiasmercedinas.com\\\/site\\\/?s={search_term_string}\"},\"query-input\":{\"@type\":\"PropertyValueSpecification\",\"valueRequired\":true,\"valueName\":\"search_term_string\"}}],\"inLanguage\":\"es\"},{\"@type\":\"Organization\",\"@id\":\"https:\\\/\\\/noticiasmercedinas.com\\\/site\\\/#organization\",\"name\":\"NOTICIASMERCEDINAS.COM\",\"url\":\"https:\\\/\\\/noticiasmercedinas.com\\\/site\\\/\",\"logo\":{\"@type\":\"ImageObject\",\"inLanguage\":\"es\",\"@id\":\"https:\\\/\\\/noticiasmercedinas.com\\\/site\\\/#\\\/schema\\\/logo\\\/image\\\/\",\"url\":\"https:\\\/\\\/noticiasmercedinas.com\\\/site\\\/wp-content\\\/uploads\\\/2020\\\/06\\\/LOGO-512.jpg\",\"contentUrl\":\"https:\\\/\\\/noticiasmercedinas.com\\\/site\\\/wp-content\\\/uploads\\\/2020\\\/06\\\/LOGO-512.jpg\",\"width\":512,\"height\":512,\"caption\":\"NOTICIASMERCEDINAS.COM\"},\"image\":{\"@id\":\"https:\\\/\\\/noticiasmercedinas.com\\\/site\\\/#\\\/schema\\\/logo\\\/image\\\/\"},\"sameAs\":[\"https:\\\/\\\/www.facebook.com\\\/noticiasmercedinas\\\/\",\"https:\\\/\\\/x.com\\\/notmercedinas\",\"https:\\\/\\\/www.instagram.com\\\/noticiasmercedinas\\\/\"]},{\"@type\":\"Person\",\"@id\":\"https:\\\/\\\/noticiasmercedinas.com\\\/site\\\/#\\\/schema\\\/person\\\/84b59c099c28ff2e8b77d4ceec5d8063\",\"name\":\"NOTICIASMERCEDINAS.COM\",\"image\":{\"@type\":\"ImageObject\",\"inLanguage\":\"es\",\"@id\":\"https:\\\/\\\/secure.gravatar.com\\\/avatar\\\/4dfbf16b4d17945bfb6341b2d19043457132fcf478a5ee04f42e959fd8f5df0a?s=96&d=mm&r=g\",\"url\":\"https:\\\/\\\/secure.gravatar.com\\\/avatar\\\/4dfbf16b4d17945bfb6341b2d19043457132fcf478a5ee04f42e959fd8f5df0a?s=96&d=mm&r=g\",\"contentUrl\":\"https:\\\/\\\/secure.gravatar.com\\\/avatar\\\/4dfbf16b4d17945bfb6341b2d19043457132fcf478a5ee04f42e959fd8f5df0a?s=96&d=mm&r=g\",\"caption\":\"NOTICIASMERCEDINAS.COM\"},\"url\":\"https:\\\/\\\/noticiasmercedinas.com\\\/site\\\/author\\\/anonimo\\\/\"}]}<\/script>\n<!-- \/ Yoast SEO plugin. -->","yoast_head_json":{"title":"Luc\u00eda Lascano, a cargo de talleres literarios en la Unidad 5","robots":{"index":"index","follow":"follow","max-snippet":"max-snippet:-1","max-image-preview":"max-image-preview:large","max-video-preview":"max-video-preview:-1"},"canonical":"https:\/\/noticiasmercedinas.com\/site\/2020\/10\/31\/lucia-lascano-a-cargo-de-talleres-literarios-en-la-unidad-5\/","og_locale":"es_ES","og_type":"article","og_title":"Luc\u00eda Lascano, a cargo de talleres literarios en la Unidad 5","og_description":"\u25a0 La escritora trabajar\u00e1 con 103 internos del Pabell\u00f3n 4, y con 24 internas del Anexo Femenino. Apuntan a colaborar a una mejor calidad de vida en contextos de encierro. Varias Unidades Penales son parte de estas propuestas.","og_url":"https:\/\/noticiasmercedinas.com\/site\/2020\/10\/31\/lucia-lascano-a-cargo-de-talleres-literarios-en-la-unidad-5\/","og_site_name":"NOTICIASMERCEDINAS.COM","article_publisher":"https:\/\/www.facebook.com\/noticiasmercedinas\/","article_published_time":"2020-10-31T12:12:33+00:00","article_modified_time":"2020-10-31T12:21:17+00:00","og_image":[{"width":1145,"height":743,"url":"https:\/\/noticiasmercedinas.com\/site\/wp-content\/uploads\/2020\/10\/Screenshot_20201031-091548.jpg","type":"image\/jpeg"}],"author":"NOTICIASMERCEDINAS.COM","twitter_card":"summary_large_image","twitter_creator":"@notmercedinas","twitter_site":"@notmercedinas","twitter_misc":{"Escrito por":"NOTICIASMERCEDINAS.COM","Tiempo de lectura":"4 minutos"},"schema":{"@context":"https:\/\/schema.org","@graph":[{"@type":"Article","@id":"https:\/\/noticiasmercedinas.com\/site\/2020\/10\/31\/lucia-lascano-a-cargo-de-talleres-literarios-en-la-unidad-5\/#article","isPartOf":{"@id":"https:\/\/noticiasmercedinas.com\/site\/2020\/10\/31\/lucia-lascano-a-cargo-de-talleres-literarios-en-la-unidad-5\/"},"author":{"name":"NOTICIASMERCEDINAS.COM","@id":"https:\/\/noticiasmercedinas.com\/site\/#\/schema\/person\/84b59c099c28ff2e8b77d4ceec5d8063"},"headline":"Luc\u00eda Lascano, a cargo de talleres literarios en la Unidad 5","datePublished":"2020-10-31T12:12:33+00:00","dateModified":"2020-10-31T12:21:17+00:00","mainEntityOfPage":{"@id":"https:\/\/noticiasmercedinas.com\/site\/2020\/10\/31\/lucia-lascano-a-cargo-de-talleres-literarios-en-la-unidad-5\/"},"wordCount":845,"commentCount":0,"publisher":{"@id":"https:\/\/noticiasmercedinas.com\/site\/#organization"},"image":{"@id":"https:\/\/noticiasmercedinas.com\/site\/2020\/10\/31\/lucia-lascano-a-cargo-de-talleres-literarios-en-la-unidad-5\/#primaryimage"},"thumbnailUrl":"https:\/\/noticiasmercedinas.com\/site\/wp-content\/uploads\/2020\/10\/Screenshot_20201031-091548.jpg","keywords":["literatura","lucia lascano","unidad penal 5"],"articleSection":["Cultura"],"inLanguage":"es","potentialAction":[{"@type":"CommentAction","name":"Comment","target":["https:\/\/noticiasmercedinas.com\/site\/2020\/10\/31\/lucia-lascano-a-cargo-de-talleres-literarios-en-la-unidad-5\/#respond"]}]},{"@type":"WebPage","@id":"https:\/\/noticiasmercedinas.com\/site\/2020\/10\/31\/lucia-lascano-a-cargo-de-talleres-literarios-en-la-unidad-5\/","url":"https:\/\/noticiasmercedinas.com\/site\/2020\/10\/31\/lucia-lascano-a-cargo-de-talleres-literarios-en-la-unidad-5\/","name":"Luc\u00eda Lascano, a cargo de talleres literarios en la Unidad 5","isPartOf":{"@id":"https:\/\/noticiasmercedinas.com\/site\/#website"},"primaryImageOfPage":{"@id":"https:\/\/noticiasmercedinas.com\/site\/2020\/10\/31\/lucia-lascano-a-cargo-de-talleres-literarios-en-la-unidad-5\/#primaryimage"},"image":{"@id":"https:\/\/noticiasmercedinas.com\/site\/2020\/10\/31\/lucia-lascano-a-cargo-de-talleres-literarios-en-la-unidad-5\/#primaryimage"},"thumbnailUrl":"https:\/\/noticiasmercedinas.com\/site\/wp-content\/uploads\/2020\/10\/Screenshot_20201031-091548.jpg","datePublished":"2020-10-31T12:12:33+00:00","dateModified":"2020-10-31T12:21:17+00:00","breadcrumb":{"@id":"https:\/\/noticiasmercedinas.com\/site\/2020\/10\/31\/lucia-lascano-a-cargo-de-talleres-literarios-en-la-unidad-5\/#breadcrumb"},"inLanguage":"es","potentialAction":[{"@type":"ReadAction","target":["https:\/\/noticiasmercedinas.com\/site\/2020\/10\/31\/lucia-lascano-a-cargo-de-talleres-literarios-en-la-unidad-5\/"]}]},{"@type":"ImageObject","inLanguage":"es","@id":"https:\/\/noticiasmercedinas.com\/site\/2020\/10\/31\/lucia-lascano-a-cargo-de-talleres-literarios-en-la-unidad-5\/#primaryimage","url":"https:\/\/noticiasmercedinas.com\/site\/wp-content\/uploads\/2020\/10\/Screenshot_20201031-091548.jpg","contentUrl":"https:\/\/noticiasmercedinas.com\/site\/wp-content\/uploads\/2020\/10\/Screenshot_20201031-091548.jpg","width":1145,"height":743},{"@type":"BreadcrumbList","@id":"https:\/\/noticiasmercedinas.com\/site\/2020\/10\/31\/lucia-lascano-a-cargo-de-talleres-literarios-en-la-unidad-5\/#breadcrumb","itemListElement":[{"@type":"ListItem","position":1,"name":"Portada","item":"https:\/\/noticiasmercedinas.com\/site\/"},{"@type":"ListItem","position":2,"name":"Luc\u00eda Lascano, a cargo de talleres literarios en la Unidad 5"}]},{"@type":"WebSite","@id":"https:\/\/noticiasmercedinas.com\/site\/#website","url":"https:\/\/noticiasmercedinas.com\/site\/","name":"NOTICIASMERCEDINAS.COM","description":"Mercedes, Buenos Aires, Argentina","publisher":{"@id":"https:\/\/noticiasmercedinas.com\/site\/#organization"},"potentialAction":[{"@type":"SearchAction","target":{"@type":"EntryPoint","urlTemplate":"https:\/\/noticiasmercedinas.com\/site\/?s={search_term_string}"},"query-input":{"@type":"PropertyValueSpecification","valueRequired":true,"valueName":"search_term_string"}}],"inLanguage":"es"},{"@type":"Organization","@id":"https:\/\/noticiasmercedinas.com\/site\/#organization","name":"NOTICIASMERCEDINAS.COM","url":"https:\/\/noticiasmercedinas.com\/site\/","logo":{"@type":"ImageObject","inLanguage":"es","@id":"https:\/\/noticiasmercedinas.com\/site\/#\/schema\/logo\/image\/","url":"https:\/\/noticiasmercedinas.com\/site\/wp-content\/uploads\/2020\/06\/LOGO-512.jpg","contentUrl":"https:\/\/noticiasmercedinas.com\/site\/wp-content\/uploads\/2020\/06\/LOGO-512.jpg","width":512,"height":512,"caption":"NOTICIASMERCEDINAS.COM"},"image":{"@id":"https:\/\/noticiasmercedinas.com\/site\/#\/schema\/logo\/image\/"},"sameAs":["https:\/\/www.facebook.com\/noticiasmercedinas\/","https:\/\/x.com\/notmercedinas","https:\/\/www.instagram.com\/noticiasmercedinas\/"]},{"@type":"Person","@id":"https:\/\/noticiasmercedinas.com\/site\/#\/schema\/person\/84b59c099c28ff2e8b77d4ceec5d8063","name":"NOTICIASMERCEDINAS.COM","image":{"@type":"ImageObject","inLanguage":"es","@id":"https:\/\/secure.gravatar.com\/avatar\/4dfbf16b4d17945bfb6341b2d19043457132fcf478a5ee04f42e959fd8f5df0a?s=96&d=mm&r=g","url":"https:\/\/secure.gravatar.com\/avatar\/4dfbf16b4d17945bfb6341b2d19043457132fcf478a5ee04f42e959fd8f5df0a?s=96&d=mm&r=g","contentUrl":"https:\/\/secure.gravatar.com\/avatar\/4dfbf16b4d17945bfb6341b2d19043457132fcf478a5ee04f42e959fd8f5df0a?s=96&d=mm&r=g","caption":"NOTICIASMERCEDINAS.COM"},"url":"https:\/\/noticiasmercedinas.com\/site\/author\/anonimo\/"}]}},"amp_enabled":true,"_links":{"self":[{"href":"https:\/\/noticiasmercedinas.com\/site\/wp-json\/wp\/v2\/posts\/55697","targetHints":{"allow":["GET"]}}],"collection":[{"href":"https:\/\/noticiasmercedinas.com\/site\/wp-json\/wp\/v2\/posts"}],"about":[{"href":"https:\/\/noticiasmercedinas.com\/site\/wp-json\/wp\/v2\/types\/post"}],"author":[{"embeddable":true,"href":"https:\/\/noticiasmercedinas.com\/site\/wp-json\/wp\/v2\/users\/16"}],"replies":[{"embeddable":true,"href":"https:\/\/noticiasmercedinas.com\/site\/wp-json\/wp\/v2\/comments?post=55697"}],"version-history":[{"count":1,"href":"https:\/\/noticiasmercedinas.com\/site\/wp-json\/wp\/v2\/posts\/55697\/revisions"}],"predecessor-version":[{"id":55699,"href":"https:\/\/noticiasmercedinas.com\/site\/wp-json\/wp\/v2\/posts\/55697\/revisions\/55699"}],"wp:featuredmedia":[{"embeddable":true,"href":"https:\/\/noticiasmercedinas.com\/site\/wp-json\/wp\/v2\/media\/55698"}],"wp:attachment":[{"href":"https:\/\/noticiasmercedinas.com\/site\/wp-json\/wp\/v2\/media?parent=55697"}],"wp:term":[{"taxonomy":"category","embeddable":true,"href":"https:\/\/noticiasmercedinas.com\/site\/wp-json\/wp\/v2\/categories?post=55697"},{"taxonomy":"post_tag","embeddable":true,"href":"https:\/\/noticiasmercedinas.com\/site\/wp-json\/wp\/v2\/tags?post=55697"}],"curies":[{"name":"wp","href":"https:\/\/api.w.org\/{rel}","templated":true}]}}