{"id":55770,"date":"2020-11-02T07:43:49","date_gmt":"2020-11-02T10:43:49","guid":{"rendered":"https:\/\/noticiasmercedinas.com\/site\/2020\/11\/02\/capacitan-y-reconocen-a-mujeres-recicladoras-de-potenciar\/"},"modified":"2020-11-02T07:43:49","modified_gmt":"2020-11-02T10:43:49","slug":"capacitan-y-reconocen-a-mujeres-recicladoras-de-potenciar","status":"publish","type":"post","link":"https:\/\/noticiasmercedinas.com\/site\/2020\/11\/02\/capacitan-y-reconocen-a-mujeres-recicladoras-de-potenciar\/","title":{"rendered":"Capacitan y reconocen a mujeres recicladoras de Potenciar"},"content":{"rendered":"<p><img loading=\"lazy\" decoding=\"async\" class=\"alignnone size-full wp-image-55769\" src=\"https:\/\/noticiasmercedinas.com\/site\/wp-content\/uploads\/2020\/11\/wp-1604313693550..jpg\" width=\"1113\" height=\"626\" srcset=\"https:\/\/noticiasmercedinas.com\/site\/wp-content\/uploads\/2020\/11\/wp-1604313693550..jpg 1113w, https:\/\/noticiasmercedinas.com\/site\/wp-content\/uploads\/2020\/11\/wp-1604313693550.-300x169.jpg 300w, https:\/\/noticiasmercedinas.com\/site\/wp-content\/uploads\/2020\/11\/wp-1604313693550.-1024x576.jpg 1024w, https:\/\/noticiasmercedinas.com\/site\/wp-content\/uploads\/2020\/11\/wp-1604313693550.-768x432.jpg 768w, https:\/\/noticiasmercedinas.com\/site\/wp-content\/uploads\/2020\/11\/wp-1604313693550.-640x360.jpg 640w, https:\/\/noticiasmercedinas.com\/site\/wp-content\/uploads\/2020\/11\/wp-1604313693550.-681x383.jpg 681w\" sizes=\"auto, (max-width: 1113px) 100vw, 1113px\" \/><\/p>\n<p>Finaliz\u00f3 un nuevo curso de capacitaci\u00f3n para \u201cMujeres recicladoras\u201d, quienes concretan una importante tarea de prevenci\u00f3n y cuidado ambiental. El intendente Juan Ustarroz agradeci\u00f3 el \u201ccompromiso y dedicaci\u00f3n de cada una de ellas\u201d por el \u201ccompromiso con la ciudad, los vecinos y el cuidado ambiental\u201d. Las capacitadas destacaron el valor de la propuesta y mencionaron que adem\u00e1s ha sido muy importante dado que pudieron ponerlo en pr\u00e1ctica recientemente en los Comit\u00e9 de Emergencia Barrial. <\/p>\n<p>La acci\u00f3n fue a trav\u00e9s de la Direcci\u00f3n de Ambiente en conjunto con la Direcci\u00f3n de Cultura y la Sub Secretar\u00eda de Servicios P\u00fablicos dando una mirada integral al asunto.<\/p>\n<p>Actualmente parte de los mecanismos de informaci\u00f3n y concientizaci\u00f3n de ciertas problem\u00e1ticas est\u00e1n a cargo del grupo de Mujeres Recicladoras del programa Potenciar. Ellas est\u00e1n constantemente capacit\u00e1ndose para luego recorrer los barrios y brindar apoyo e informaci\u00f3n a los vecinos. <\/p>\n<p>Este viernes, en el Teatro Argentino \u201cJulio C\u00e9sar Gioscio\u201d se realiz\u00f3 una reuni\u00f3n donde asistieron el intendente municipal, el Dr. Juan Ignacio Ustarroz, el director de Ambiente, Juan Cruz Mend\u00eda, Luc\u00eda Capaccio directora de Cultura, Nicol\u00e1s Ceballos del CDR y Luis Ponce del \u00e1rea de Servicios P\u00fablicos.<\/p>\n<p>Durante la misma, las \u201cMujeres Recicladoras\u201d recibieron un certificado donde se les otorgaba un reconocimiento a la finalizaci\u00f3n de los cursos de capacitaci\u00f3n y procesos de ense\u00f1anza y aprendizaje vinculados al cuidado del medio ambiente, como as\u00ed tambi\u00e9n, por haber brindado ayuda al COE (Comit\u00e9 Operativo de Emergencia).<\/p>\n<p>Angela Paj\u00f3n, perteneciente a este grupo de mujeres, manifest\u00f3 \u201cen cada una de las acciones que fuimos desarrollando en los barrios de concientizaci\u00f3n del reciclado, como as\u00ed tambi\u00e9n, de informaci\u00f3n sobre limpieza de ambientes por el peligro que representa el dengue, siempre hemos sido bien recibidas por los vecinos\u201d.<\/p>\n<p>Otra de las integrantes, Natalia Mu\u00f1oz, se\u00f1al\u00f3: \u201cEstamos muy contentas de poder ser parte de este grupo y de poder concientizar a los vecinos, tanto en temas de reciclado, como as\u00ed tambi\u00e9n de salud\u201d y apunt\u00f3 \u201cqueremos que los vecinos tomen conciencia de la importancia en el cuidado ambiental y la salud\u201d.<\/p>\n<p>\u201cCreemos que esto es algo muy importante en la ciudad y este trabajo que estamos llevando adelante es la primera vez que se hace, el Dr. Ustarroz est\u00e1 apostando fuertemente a todo lo que tiene que ver a la salud y el cuidado del ambiente, la verdad que hay que felicitarlo porque la ciudad est\u00e1 cada d\u00eda mejor\u201d, destac\u00f3.<\/p>\n<p><iframe loading=\"lazy\" title=\"Entrega de certificados a Mujeres Recicladoras\" width=\"640\" height=\"360\" src=\"https:\/\/www.youtube.com\/embed\/m4eyCjmaKfo?feature=oembed\" frameborder=\"0\" allow=\"accelerometer; autoplay; clipboard-write; encrypted-media; gyroscope; picture-in-picture; web-share\" referrerpolicy=\"strict-origin-when-cross-origin\" allowfullscreen><\/iframe><\/p>\n","protected":false},"excerpt":{"rendered":"<p>\u25a0 Las capacitadas destacaron el valor de la propuesta y mencionaron que adem\u00e1s ha sido muy importante dado que pudieron ponerlo en pr\u00e1ctica<\/p>\n","protected":false},"author":2,"featured_media":55769,"comment_status":"open","ping_status":"open","sticky":false,"template":"","format":"standard","meta":{"footnotes":""},"categories":[5754],"tags":[10571,8456],"class_list":["post-55770","post","type-post","status-publish","format-standard","has-post-thumbnail","hentry","category-medio-ambiente","tag-mujeres-recicladoras","tag-potenciar"],"yoast_head":"<!-- This site is optimized with the Yoast SEO plugin v27.4 - https:\/\/yoast.com\/product\/yoast-seo-wordpress\/ -->\n<title>Capacitan y reconocen a mujeres recicladoras de Potenciar<\/title>\n<meta name=\"robots\" content=\"index, follow, max-snippet:-1, max-image-preview:large, max-video-preview:-1\" \/>\n<link rel=\"canonical\" href=\"https:\/\/noticiasmercedinas.com\/site\/2020\/11\/02\/capacitan-y-reconocen-a-mujeres-recicladoras-de-potenciar\/\" \/>\n<meta property=\"og:locale\" content=\"es_ES\" \/>\n<meta property=\"og:type\" content=\"article\" \/>\n<meta property=\"og:title\" content=\"Capacitan y reconocen a mujeres recicladoras de Potenciar\" \/>\n<meta property=\"og:description\" content=\"\u25a0 Las capacitadas destacaron el valor de la propuesta y mencionaron que adem\u00e1s ha sido muy importante dado que pudieron ponerlo en pr\u00e1ctica\" \/>\n<meta property=\"og:url\" content=\"https:\/\/noticiasmercedinas.com\/site\/2020\/11\/02\/capacitan-y-reconocen-a-mujeres-recicladoras-de-potenciar\/\" \/>\n<meta property=\"og:site_name\" content=\"NOTICIASMERCEDINAS.COM\" \/>\n<meta property=\"article:publisher\" content=\"https:\/\/www.facebook.com\/noticiasmercedinas\/\" \/>\n<meta property=\"article:author\" content=\"https:\/\/www.facebook.com\/cristian.falabella\" \/>\n<meta property=\"article:published_time\" content=\"2020-11-02T10:43:49+00:00\" \/>\n<meta property=\"og:image\" content=\"https:\/\/noticiasmercedinas.com\/site\/wp-content\/uploads\/2020\/11\/wp-1604313693550..jpg\" \/>\n\t<meta property=\"og:image:width\" content=\"1113\" \/>\n\t<meta property=\"og:image:height\" content=\"626\" \/>\n\t<meta property=\"og:image:type\" content=\"image\/jpeg\" \/>\n<meta name=\"author\" content=\"Cristian Falabella NOTICIASMERCEDINAS.COM\" \/>\n<meta name=\"twitter:card\" content=\"summary_large_image\" \/>\n<meta name=\"twitter:creator\" content=\"@https:\/\/twitter.com\/NOTMERCEDINAS\" \/>\n<meta name=\"twitter:site\" content=\"@notmercedinas\" \/>\n<meta name=\"twitter:label1\" content=\"Escrito por\" \/>\n\t<meta name=\"twitter:data1\" content=\"Cristian Falabella NOTICIASMERCEDINAS.COM\" \/>\n\t<meta name=\"twitter:label2\" content=\"Tiempo de lectura\" \/>\n\t<meta name=\"twitter:data2\" content=\"2 minutos\" \/>\n<script type=\"application\/ld+json\" class=\"yoast-schema-graph\">{\"@context\":\"https:\\\/\\\/schema.org\",\"@graph\":[{\"@type\":\"Article\",\"@id\":\"https:\\\/\\\/noticiasmercedinas.com\\\/site\\\/2020\\\/11\\\/02\\\/capacitan-y-reconocen-a-mujeres-recicladoras-de-potenciar\\\/#article\",\"isPartOf\":{\"@id\":\"https:\\\/\\\/noticiasmercedinas.com\\\/site\\\/2020\\\/11\\\/02\\\/capacitan-y-reconocen-a-mujeres-recicladoras-de-potenciar\\\/\"},\"author\":{\"name\":\"Cristian Falabella NOTICIASMERCEDINAS.COM\",\"@id\":\"https:\\\/\\\/noticiasmercedinas.com\\\/site\\\/#\\\/schema\\\/person\\\/d481a9696a5feaec13a60e2bbd991a6a\"},\"headline\":\"Capacitan y reconocen a mujeres recicladoras de Potenciar\",\"datePublished\":\"2020-11-02T10:43:49+00:00\",\"mainEntityOfPage\":{\"@id\":\"https:\\\/\\\/noticiasmercedinas.com\\\/site\\\/2020\\\/11\\\/02\\\/capacitan-y-reconocen-a-mujeres-recicladoras-de-potenciar\\\/\"},\"wordCount\":451,\"commentCount\":0,\"publisher\":{\"@id\":\"https:\\\/\\\/noticiasmercedinas.com\\\/site\\\/#organization\"},\"image\":{\"@id\":\"https:\\\/\\\/noticiasmercedinas.com\\\/site\\\/2020\\\/11\\\/02\\\/capacitan-y-reconocen-a-mujeres-recicladoras-de-potenciar\\\/#primaryimage\"},\"thumbnailUrl\":\"https:\\\/\\\/noticiasmercedinas.com\\\/site\\\/wp-content\\\/uploads\\\/2020\\\/11\\\/wp-1604313693550..jpg\",\"keywords\":[\"mujeres recicladoras\",\"potenciar\"],\"articleSection\":[\"Ambiente\"],\"inLanguage\":\"es\",\"potentialAction\":[{\"@type\":\"CommentAction\",\"name\":\"Comment\",\"target\":[\"https:\\\/\\\/noticiasmercedinas.com\\\/site\\\/2020\\\/11\\\/02\\\/capacitan-y-reconocen-a-mujeres-recicladoras-de-potenciar\\\/#respond\"]}]},{\"@type\":\"WebPage\",\"@id\":\"https:\\\/\\\/noticiasmercedinas.com\\\/site\\\/2020\\\/11\\\/02\\\/capacitan-y-reconocen-a-mujeres-recicladoras-de-potenciar\\\/\",\"url\":\"https:\\\/\\\/noticiasmercedinas.com\\\/site\\\/2020\\\/11\\\/02\\\/capacitan-y-reconocen-a-mujeres-recicladoras-de-potenciar\\\/\",\"name\":\"Capacitan y reconocen a mujeres recicladoras de Potenciar\",\"isPartOf\":{\"@id\":\"https:\\\/\\\/noticiasmercedinas.com\\\/site\\\/#website\"},\"primaryImageOfPage\":{\"@id\":\"https:\\\/\\\/noticiasmercedinas.com\\\/site\\\/2020\\\/11\\\/02\\\/capacitan-y-reconocen-a-mujeres-recicladoras-de-potenciar\\\/#primaryimage\"},\"image\":{\"@id\":\"https:\\\/\\\/noticiasmercedinas.com\\\/site\\\/2020\\\/11\\\/02\\\/capacitan-y-reconocen-a-mujeres-recicladoras-de-potenciar\\\/#primaryimage\"},\"thumbnailUrl\":\"https:\\\/\\\/noticiasmercedinas.com\\\/site\\\/wp-content\\\/uploads\\\/2020\\\/11\\\/wp-1604313693550..jpg\",\"datePublished\":\"2020-11-02T10:43:49+00:00\",\"breadcrumb\":{\"@id\":\"https:\\\/\\\/noticiasmercedinas.com\\\/site\\\/2020\\\/11\\\/02\\\/capacitan-y-reconocen-a-mujeres-recicladoras-de-potenciar\\\/#breadcrumb\"},\"inLanguage\":\"es\",\"potentialAction\":[{\"@type\":\"ReadAction\",\"target\":[\"https:\\\/\\\/noticiasmercedinas.com\\\/site\\\/2020\\\/11\\\/02\\\/capacitan-y-reconocen-a-mujeres-recicladoras-de-potenciar\\\/\"]}]},{\"@type\":\"ImageObject\",\"inLanguage\":\"es\",\"@id\":\"https:\\\/\\\/noticiasmercedinas.com\\\/site\\\/2020\\\/11\\\/02\\\/capacitan-y-reconocen-a-mujeres-recicladoras-de-potenciar\\\/#primaryimage\",\"url\":\"https:\\\/\\\/noticiasmercedinas.com\\\/site\\\/wp-content\\\/uploads\\\/2020\\\/11\\\/wp-1604313693550..jpg\",\"contentUrl\":\"https:\\\/\\\/noticiasmercedinas.com\\\/site\\\/wp-content\\\/uploads\\\/2020\\\/11\\\/wp-1604313693550..jpg\",\"width\":1113,\"height\":626},{\"@type\":\"BreadcrumbList\",\"@id\":\"https:\\\/\\\/noticiasmercedinas.com\\\/site\\\/2020\\\/11\\\/02\\\/capacitan-y-reconocen-a-mujeres-recicladoras-de-potenciar\\\/#breadcrumb\",\"itemListElement\":[{\"@type\":\"ListItem\",\"position\":1,\"name\":\"Portada\",\"item\":\"https:\\\/\\\/noticiasmercedinas.com\\\/site\\\/\"},{\"@type\":\"ListItem\",\"position\":2,\"name\":\"Capacitan y reconocen a mujeres recicladoras de Potenciar\"}]},{\"@type\":\"WebSite\",\"@id\":\"https:\\\/\\\/noticiasmercedinas.com\\\/site\\\/#website\",\"url\":\"https:\\\/\\\/noticiasmercedinas.com\\\/site\\\/\",\"name\":\"NOTICIASMERCEDINAS.COM\",\"description\":\"Mercedes, Buenos Aires, Argentina\",\"publisher\":{\"@id\":\"https:\\\/\\\/noticiasmercedinas.com\\\/site\\\/#organization\"},\"potentialAction\":[{\"@type\":\"SearchAction\",\"target\":{\"@type\":\"EntryPoint\",\"urlTemplate\":\"https:\\\/\\\/noticiasmercedinas.com\\\/site\\\/?s={search_term_string}\"},\"query-input\":{\"@type\":\"PropertyValueSpecification\",\"valueRequired\":true,\"valueName\":\"search_term_string\"}}],\"inLanguage\":\"es\"},{\"@type\":\"Organization\",\"@id\":\"https:\\\/\\\/noticiasmercedinas.com\\\/site\\\/#organization\",\"name\":\"NOTICIASMERCEDINAS.COM\",\"url\":\"https:\\\/\\\/noticiasmercedinas.com\\\/site\\\/\",\"logo\":{\"@type\":\"ImageObject\",\"inLanguage\":\"es\",\"@id\":\"https:\\\/\\\/noticiasmercedinas.com\\\/site\\\/#\\\/schema\\\/logo\\\/image\\\/\",\"url\":\"https:\\\/\\\/noticiasmercedinas.com\\\/site\\\/wp-content\\\/uploads\\\/2020\\\/06\\\/LOGO-512.jpg\",\"contentUrl\":\"https:\\\/\\\/noticiasmercedinas.com\\\/site\\\/wp-content\\\/uploads\\\/2020\\\/06\\\/LOGO-512.jpg\",\"width\":512,\"height\":512,\"caption\":\"NOTICIASMERCEDINAS.COM\"},\"image\":{\"@id\":\"https:\\\/\\\/noticiasmercedinas.com\\\/site\\\/#\\\/schema\\\/logo\\\/image\\\/\"},\"sameAs\":[\"https:\\\/\\\/www.facebook.com\\\/noticiasmercedinas\\\/\",\"https:\\\/\\\/x.com\\\/notmercedinas\",\"https:\\\/\\\/www.instagram.com\\\/noticiasmercedinas\\\/\"]},{\"@type\":\"Person\",\"@id\":\"https:\\\/\\\/noticiasmercedinas.com\\\/site\\\/#\\\/schema\\\/person\\\/d481a9696a5feaec13a60e2bbd991a6a\",\"name\":\"Cristian Falabella NOTICIASMERCEDINAS.COM\",\"image\":{\"@type\":\"ImageObject\",\"inLanguage\":\"es\",\"@id\":\"https:\\\/\\\/secure.gravatar.com\\\/avatar\\\/0dbbfc45970cc46bcd0e57766228574ff3511d6eed045b182f536f0f478c1f06?s=96&d=mm&r=g\",\"url\":\"https:\\\/\\\/secure.gravatar.com\\\/avatar\\\/0dbbfc45970cc46bcd0e57766228574ff3511d6eed045b182f536f0f478c1f06?s=96&d=mm&r=g\",\"contentUrl\":\"https:\\\/\\\/secure.gravatar.com\\\/avatar\\\/0dbbfc45970cc46bcd0e57766228574ff3511d6eed045b182f536f0f478c1f06?s=96&d=mm&r=g\",\"caption\":\"Cristian Falabella NOTICIASMERCEDINAS.COM\"},\"description\":\"Periodista, editor de Noticias Mercedinas. Pas\u00f3 por varias redacciones y emprendimientos de prensa, en distintos formatos y \u00e9pocas. Se especializ\u00f3 --y sigue haci\u00e9ndolo-- en comunicaci\u00f3n en la web y en junio de 2006 fund\u00f3 este diario digital.\",\"sameAs\":[\"https:\\\/\\\/noticiasmercedinas.com\",\"https:\\\/\\\/www.facebook.com\\\/cristian.falabella\",\"https:\\\/\\\/www.instagram.com\\\/noticiasmercedinas\\\/\",\"https:\\\/\\\/x.com\\\/https:\\\/\\\/twitter.com\\\/NOTMERCEDINAS\"],\"url\":\"https:\\\/\\\/noticiasmercedinas.com\\\/site\\\/author\\\/as000384\\\/\"}]}<\/script>\n<!-- \/ Yoast SEO plugin. -->","yoast_head_json":{"title":"Capacitan y reconocen a mujeres recicladoras de Potenciar","robots":{"index":"index","follow":"follow","max-snippet":"max-snippet:-1","max-image-preview":"max-image-preview:large","max-video-preview":"max-video-preview:-1"},"canonical":"https:\/\/noticiasmercedinas.com\/site\/2020\/11\/02\/capacitan-y-reconocen-a-mujeres-recicladoras-de-potenciar\/","og_locale":"es_ES","og_type":"article","og_title":"Capacitan y reconocen a mujeres recicladoras de Potenciar","og_description":"\u25a0 Las capacitadas destacaron el valor de la propuesta y mencionaron que adem\u00e1s ha sido muy importante dado que pudieron ponerlo en pr\u00e1ctica","og_url":"https:\/\/noticiasmercedinas.com\/site\/2020\/11\/02\/capacitan-y-reconocen-a-mujeres-recicladoras-de-potenciar\/","og_site_name":"NOTICIASMERCEDINAS.COM","article_publisher":"https:\/\/www.facebook.com\/noticiasmercedinas\/","article_author":"https:\/\/www.facebook.com\/cristian.falabella","article_published_time":"2020-11-02T10:43:49+00:00","og_image":[{"width":1113,"height":626,"url":"https:\/\/noticiasmercedinas.com\/site\/wp-content\/uploads\/2020\/11\/wp-1604313693550..jpg","type":"image\/jpeg"}],"author":"Cristian Falabella NOTICIASMERCEDINAS.COM","twitter_card":"summary_large_image","twitter_creator":"@https:\/\/twitter.com\/NOTMERCEDINAS","twitter_site":"@notmercedinas","twitter_misc":{"Escrito por":"Cristian Falabella NOTICIASMERCEDINAS.COM","Tiempo de lectura":"2 minutos"},"schema":{"@context":"https:\/\/schema.org","@graph":[{"@type":"Article","@id":"https:\/\/noticiasmercedinas.com\/site\/2020\/11\/02\/capacitan-y-reconocen-a-mujeres-recicladoras-de-potenciar\/#article","isPartOf":{"@id":"https:\/\/noticiasmercedinas.com\/site\/2020\/11\/02\/capacitan-y-reconocen-a-mujeres-recicladoras-de-potenciar\/"},"author":{"name":"Cristian Falabella NOTICIASMERCEDINAS.COM","@id":"https:\/\/noticiasmercedinas.com\/site\/#\/schema\/person\/d481a9696a5feaec13a60e2bbd991a6a"},"headline":"Capacitan y reconocen a mujeres recicladoras de Potenciar","datePublished":"2020-11-02T10:43:49+00:00","mainEntityOfPage":{"@id":"https:\/\/noticiasmercedinas.com\/site\/2020\/11\/02\/capacitan-y-reconocen-a-mujeres-recicladoras-de-potenciar\/"},"wordCount":451,"commentCount":0,"publisher":{"@id":"https:\/\/noticiasmercedinas.com\/site\/#organization"},"image":{"@id":"https:\/\/noticiasmercedinas.com\/site\/2020\/11\/02\/capacitan-y-reconocen-a-mujeres-recicladoras-de-potenciar\/#primaryimage"},"thumbnailUrl":"https:\/\/noticiasmercedinas.com\/site\/wp-content\/uploads\/2020\/11\/wp-1604313693550..jpg","keywords":["mujeres recicladoras","potenciar"],"articleSection":["Ambiente"],"inLanguage":"es","potentialAction":[{"@type":"CommentAction","name":"Comment","target":["https:\/\/noticiasmercedinas.com\/site\/2020\/11\/02\/capacitan-y-reconocen-a-mujeres-recicladoras-de-potenciar\/#respond"]}]},{"@type":"WebPage","@id":"https:\/\/noticiasmercedinas.com\/site\/2020\/11\/02\/capacitan-y-reconocen-a-mujeres-recicladoras-de-potenciar\/","url":"https:\/\/noticiasmercedinas.com\/site\/2020\/11\/02\/capacitan-y-reconocen-a-mujeres-recicladoras-de-potenciar\/","name":"Capacitan y reconocen a mujeres recicladoras de Potenciar","isPartOf":{"@id":"https:\/\/noticiasmercedinas.com\/site\/#website"},"primaryImageOfPage":{"@id":"https:\/\/noticiasmercedinas.com\/site\/2020\/11\/02\/capacitan-y-reconocen-a-mujeres-recicladoras-de-potenciar\/#primaryimage"},"image":{"@id":"https:\/\/noticiasmercedinas.com\/site\/2020\/11\/02\/capacitan-y-reconocen-a-mujeres-recicladoras-de-potenciar\/#primaryimage"},"thumbnailUrl":"https:\/\/noticiasmercedinas.com\/site\/wp-content\/uploads\/2020\/11\/wp-1604313693550..jpg","datePublished":"2020-11-02T10:43:49+00:00","breadcrumb":{"@id":"https:\/\/noticiasmercedinas.com\/site\/2020\/11\/02\/capacitan-y-reconocen-a-mujeres-recicladoras-de-potenciar\/#breadcrumb"},"inLanguage":"es","potentialAction":[{"@type":"ReadAction","target":["https:\/\/noticiasmercedinas.com\/site\/2020\/11\/02\/capacitan-y-reconocen-a-mujeres-recicladoras-de-potenciar\/"]}]},{"@type":"ImageObject","inLanguage":"es","@id":"https:\/\/noticiasmercedinas.com\/site\/2020\/11\/02\/capacitan-y-reconocen-a-mujeres-recicladoras-de-potenciar\/#primaryimage","url":"https:\/\/noticiasmercedinas.com\/site\/wp-content\/uploads\/2020\/11\/wp-1604313693550..jpg","contentUrl":"https:\/\/noticiasmercedinas.com\/site\/wp-content\/uploads\/2020\/11\/wp-1604313693550..jpg","width":1113,"height":626},{"@type":"BreadcrumbList","@id":"https:\/\/noticiasmercedinas.com\/site\/2020\/11\/02\/capacitan-y-reconocen-a-mujeres-recicladoras-de-potenciar\/#breadcrumb","itemListElement":[{"@type":"ListItem","position":1,"name":"Portada","item":"https:\/\/noticiasmercedinas.com\/site\/"},{"@type":"ListItem","position":2,"name":"Capacitan y reconocen a mujeres recicladoras de Potenciar"}]},{"@type":"WebSite","@id":"https:\/\/noticiasmercedinas.com\/site\/#website","url":"https:\/\/noticiasmercedinas.com\/site\/","name":"NOTICIASMERCEDINAS.COM","description":"Mercedes, Buenos Aires, Argentina","publisher":{"@id":"https:\/\/noticiasmercedinas.com\/site\/#organization"},"potentialAction":[{"@type":"SearchAction","target":{"@type":"EntryPoint","urlTemplate":"https:\/\/noticiasmercedinas.com\/site\/?s={search_term_string}"},"query-input":{"@type":"PropertyValueSpecification","valueRequired":true,"valueName":"search_term_string"}}],"inLanguage":"es"},{"@type":"Organization","@id":"https:\/\/noticiasmercedinas.com\/site\/#organization","name":"NOTICIASMERCEDINAS.COM","url":"https:\/\/noticiasmercedinas.com\/site\/","logo":{"@type":"ImageObject","inLanguage":"es","@id":"https:\/\/noticiasmercedinas.com\/site\/#\/schema\/logo\/image\/","url":"https:\/\/noticiasmercedinas.com\/site\/wp-content\/uploads\/2020\/06\/LOGO-512.jpg","contentUrl":"https:\/\/noticiasmercedinas.com\/site\/wp-content\/uploads\/2020\/06\/LOGO-512.jpg","width":512,"height":512,"caption":"NOTICIASMERCEDINAS.COM"},"image":{"@id":"https:\/\/noticiasmercedinas.com\/site\/#\/schema\/logo\/image\/"},"sameAs":["https:\/\/www.facebook.com\/noticiasmercedinas\/","https:\/\/x.com\/notmercedinas","https:\/\/www.instagram.com\/noticiasmercedinas\/"]},{"@type":"Person","@id":"https:\/\/noticiasmercedinas.com\/site\/#\/schema\/person\/d481a9696a5feaec13a60e2bbd991a6a","name":"Cristian Falabella NOTICIASMERCEDINAS.COM","image":{"@type":"ImageObject","inLanguage":"es","@id":"https:\/\/secure.gravatar.com\/avatar\/0dbbfc45970cc46bcd0e57766228574ff3511d6eed045b182f536f0f478c1f06?s=96&d=mm&r=g","url":"https:\/\/secure.gravatar.com\/avatar\/0dbbfc45970cc46bcd0e57766228574ff3511d6eed045b182f536f0f478c1f06?s=96&d=mm&r=g","contentUrl":"https:\/\/secure.gravatar.com\/avatar\/0dbbfc45970cc46bcd0e57766228574ff3511d6eed045b182f536f0f478c1f06?s=96&d=mm&r=g","caption":"Cristian Falabella NOTICIASMERCEDINAS.COM"},"description":"Periodista, editor de Noticias Mercedinas. Pas\u00f3 por varias redacciones y emprendimientos de prensa, en distintos formatos y \u00e9pocas. Se especializ\u00f3 --y sigue haci\u00e9ndolo-- en comunicaci\u00f3n en la web y en junio de 2006 fund\u00f3 este diario digital.","sameAs":["https:\/\/noticiasmercedinas.com","https:\/\/www.facebook.com\/cristian.falabella","https:\/\/www.instagram.com\/noticiasmercedinas\/","https:\/\/x.com\/https:\/\/twitter.com\/NOTMERCEDINAS"],"url":"https:\/\/noticiasmercedinas.com\/site\/author\/as000384\/"}]}},"amp_enabled":true,"_links":{"self":[{"href":"https:\/\/noticiasmercedinas.com\/site\/wp-json\/wp\/v2\/posts\/55770","targetHints":{"allow":["GET"]}}],"collection":[{"href":"https:\/\/noticiasmercedinas.com\/site\/wp-json\/wp\/v2\/posts"}],"about":[{"href":"https:\/\/noticiasmercedinas.com\/site\/wp-json\/wp\/v2\/types\/post"}],"author":[{"embeddable":true,"href":"https:\/\/noticiasmercedinas.com\/site\/wp-json\/wp\/v2\/users\/2"}],"replies":[{"embeddable":true,"href":"https:\/\/noticiasmercedinas.com\/site\/wp-json\/wp\/v2\/comments?post=55770"}],"version-history":[{"count":0,"href":"https:\/\/noticiasmercedinas.com\/site\/wp-json\/wp\/v2\/posts\/55770\/revisions"}],"wp:featuredmedia":[{"embeddable":true,"href":"https:\/\/noticiasmercedinas.com\/site\/wp-json\/wp\/v2\/media\/55769"}],"wp:attachment":[{"href":"https:\/\/noticiasmercedinas.com\/site\/wp-json\/wp\/v2\/media?parent=55770"}],"wp:term":[{"taxonomy":"category","embeddable":true,"href":"https:\/\/noticiasmercedinas.com\/site\/wp-json\/wp\/v2\/categories?post=55770"},{"taxonomy":"post_tag","embeddable":true,"href":"https:\/\/noticiasmercedinas.com\/site\/wp-json\/wp\/v2\/tags?post=55770"}],"curies":[{"name":"wp","href":"https:\/\/api.w.org\/{rel}","templated":true}]}}