{"id":55810,"date":"2020-11-02T18:14:28","date_gmt":"2020-11-02T21:14:28","guid":{"rendered":"https:\/\/noticiasmercedinas.com\/site\/?p=55810"},"modified":"2020-11-02T18:14:28","modified_gmt":"2020-11-02T21:14:28","slug":"telecom-capacitara-a-docentes-sobre-uso-de-tecnologias-moviles","status":"publish","type":"post","link":"https:\/\/noticiasmercedinas.com\/site\/2020\/11\/02\/telecom-capacitara-a-docentes-sobre-uso-de-tecnologias-moviles\/","title":{"rendered":"Telecom capacitar\u00e1 a docentes sobre uso de tecnolog\u00edas m\u00f3viles"},"content":{"rendered":"<p><img loading=\"lazy\" decoding=\"async\" class=\"alignnone size-large wp-image-55811\" src=\"https:\/\/noticiasmercedinas.com\/site\/wp-content\/uploads\/2020\/11\/unnamed-2-1024x682.jpg\" alt=\"\" width=\"640\" height=\"426\" srcset=\"https:\/\/noticiasmercedinas.com\/site\/wp-content\/uploads\/2020\/11\/unnamed-2-1024x682.jpg 1024w, https:\/\/noticiasmercedinas.com\/site\/wp-content\/uploads\/2020\/11\/unnamed-2-300x200.jpg 300w, https:\/\/noticiasmercedinas.com\/site\/wp-content\/uploads\/2020\/11\/unnamed-2-768x512.jpg 768w, https:\/\/noticiasmercedinas.com\/site\/wp-content\/uploads\/2020\/11\/unnamed-2-640x427.jpg 640w, https:\/\/noticiasmercedinas.com\/site\/wp-content\/uploads\/2020\/11\/unnamed-2-681x454.jpg 681w, https:\/\/noticiasmercedinas.com\/site\/wp-content\/uploads\/2020\/11\/unnamed-2.jpg 1280w\" sizes=\"auto, (max-width: 640px) 100vw, 640px\" \/><\/p>\n<p>Para seguir potenciando el rol de la tecnolog\u00eda, Telecom extiende su capacitaci\u00f3n gratuita, M\u00f3vil en Mano, a maestr@s y profesor@s de todo el pa\u00eds. En formato virtual, la propuesta de Telecom permite a docentes de todos los niveles educativos aprovechar la utilizaci\u00f3n de los dispositivos m\u00f3viles como herramientas pedag\u00f3gicas. Los interesad@s pueden inscribirse en www.nuestrolugar.com.ar. Los cupos son limitados.<\/p>\n<p>Durante el ciclo lectivo 2020, y en articulaci\u00f3n con ministerios de educaci\u00f3n locales, Telecom acompa\u00f1\u00f3 a docentes de diversas provincias, a trav\u00e9s del Taller M\u00f3vil en Mano, a una capacitaci\u00f3n online gratuita sobre el uso de los dispositivos m\u00f3viles en el proceso de aprendizaje de ni\u00f1os, ni\u00f1as y adolescentes.<\/p>\n<p>En esta oportunidad, Telecom convoca a docentes de todo el pa\u00eds a participar de la edici\u00f3n nacional del Taller M\u00f3vil en Mano, donde propone potenciar el uso pedag\u00f3gico de los dispositivos m\u00f3viles aplicado a la ense\u00f1anza a ni\u00f1os, ni\u00f1as y adolescentes.<\/p>\n<p>El taller ser\u00e1 el pr\u00f3ximo mi\u00e9rcoles 11 de noviembre y se desarrollar\u00e1 en dos turnos a elecci\u00f3n. Turno ma\u00f1ana: 10.30 hs y Turno tarde: 16.00 hs.<\/p>\n<p>La inscripci\u00f3n al taller se realiza a trav\u00e9s de la web del programa\u00a0www.nuestrolugar.com.ar, donde adem\u00e1s se encuentra disponible contenido educativo, material did\u00e1ctico, videos y art\u00edculos de inter\u00e9s.<\/p>\n<p>De esta manera, Telecom cierra el ciclo 2020 de talleres M\u00f3vil en Mano que, en coordinaci\u00f3n con gobiernos del interior del pa\u00eds, estuvo realizando en provincias como San Luis, La Rioja, Corrientes, Catamarca, Tucum\u00e1n y Chubut, \u00a0donde se capacit\u00f3 a m\u00e1s de 1600 docentes.<\/p>\n<p>A trav\u00e9s del taller M\u00f3vil en Mano, se propone pensar estrategias pedag\u00f3gicas innovadoras que favorezcan la inclusi\u00f3n educativa y respondan a las necesidades de alumn@s, docentes y objetivos de aprendizaje, aprovechando la presencia de estos dispositivos m\u00f3viles en los hogares. En un a\u00f1o escolar que desafi\u00f3 a los y las docentes a educar a trav\u00e9s de las pantallas, los celulares, computadoras, aplicaciones y plataformas se consolidaron como herramientas aliadas en las metodolog\u00edas de ense\u00f1anza.<\/p>\n<p>El taller forma parte del programa de sustentabilidad \u00abNuestro Lugar\u00bb de Telecom, que desde el 2015 promueve el uso responsable, positivo y creativo de la tecnolog\u00eda, a trav\u00e9s de distintas propuestas sobre alfabetizaci\u00f3n digital y ciberciudadan\u00eda para ni\u00f1os y ni\u00f1as, adolescentes, familias y docentes.<\/p>\n<p><strong>Sobre el programa Nuestro Lugar<\/strong><br \/>\n\u201cNuestro Lugar\u201d (www.nuestrolugar.com.ar) es un\u00a0proyecto integral que promueve el uso responsable, seguro y creativo de la tecnolog\u00eda entre ni\u00f1os, ni\u00f1as y adolescentes,\u00a0a trav\u00e9s de talleres de ciberciudadan\u00eda que trabajan sobre la protecci\u00f3n de los derechos de los ni\u00f1os en entornos digitales;\u00a0 y talleres de rob\u00f3tica educativa que los acerca al lenguaje de la programaci\u00f3n. Adem\u00e1s,\u00a0contribuye a la formaci\u00f3n docente en el uso pedag\u00f3gico de las tecnolog\u00edas digitales m\u00f3viles en ambientes educativos.<br \/>\nDesde su creaci\u00f3n en 2015,\u00a0Telecom ya realiz\u00f3 m\u00e1s de 270 talleres \u201cNuestro Lugar\u201d\u00a0en diferentes puntos del pa\u00eds como Corrientes, Tucum\u00e1n, Eldorado, La Quiaca, Resistencia, Santa Rosa, Cosqu\u00edn y localidades del Gran Buenos Aires, entre otros;\u00a0y capacit\u00f3 alrededor de 22.000 alumnos y 4.900 docentes.\u00a0En 2017, el programa fue declarado de inter\u00e9s educativo por el Ministerio de Educaci\u00f3n de la Naci\u00f3n, y\u00a0la compa\u00f1\u00eda fue reconocida en el Global Child Forum, en Brasil, por su aporte a los derechos de la infancia a trav\u00e9s del programa \u201cNuestro Lugar\u201d.\u00a0Los\u00a0talleres \u201cNuestro Lugar\u201d son dise\u00f1ados junto a la Asociaci\u00f3n Civil Chicos.net, organizaci\u00f3n especializada en temas de ciudadan\u00eda digital y uso responsable de las TIC.<\/p>\n<p><strong>ACERCA DE TELECOM<\/strong><br \/>\nSomos Telecom Argentina, una empresa de soluciones de conectividad y entretenimiento con m\u00e1s de 23.000 colaboradores en todo el pa\u00eds. Transformamos la experiencia digital de nuestros m\u00e1s de 28 millones de clientes ofreci\u00e9ndoles un servicio seguro, flexible y din\u00e1mico, en todos sus dispositivos, con conexiones fijas y m\u00f3viles de alta velocidad, y una plataforma de contenidos en vivo y a demanda que integra series, pel\u00edculas, gaming, m\u00fasica y programas de TV. A trav\u00e9s de nuestras marcas comerciales Personal, Fibertel, Flow y Telecom | Fibercorp, brindamos servicios de telefon\u00eda fija y m\u00f3vil, transmisi\u00f3n de datos, televisi\u00f3n paga e Internet, para individuos, empresas e instituciones en todo el pa\u00eds. Adem\u00e1s, estamos presentes en Paraguay con servicio m\u00f3vil y en Uruguay, con televisi\u00f3n paga.<br \/>\nLideramos una industria que constituye uno de los pilares para al desarrollo social y econ\u00f3mico del pa\u00eds, y participamos activamente en la comunidad con pr\u00e1cticas sustentables e iniciativas que agregan valor al uso de la tecnolog\u00eda como herramienta para la formaci\u00f3n e inclusi\u00f3n social.<br \/>\nPara conocer m\u00e1s sobre las acciones del programa:<br \/>\n<a href=\"http:\/\/www.nuestrolugar.com.ar\" target=\"_blank\" rel=\"noopener noreferrer\"><strong><span style=\"color: #000080;\">www.nuestrolugar.com.ar<\/span><\/strong><\/a><br \/>\n<a href=\"https:\/\/www.facebook.com.ar\/ProgramaNuestroLugar\/\" target=\"_blank\" rel=\"noopener noreferrer\"><strong><span style=\"color: #000080;\">https:\/\/www.facebook.com.ar\/ProgramaNuestroLugar\/\u00a0<\/span><\/strong><\/a><\/p>\n","protected":false},"excerpt":{"rendered":"<p>Para seguir potenciando el rol de la tecnolog\u00eda, Telecom extiende su capacitaci\u00f3n gratuita, M\u00f3vil en Mano, a maestr@s y profesor@s de todo el pa\u00eds. En formato virtual, la propuesta de Telecom permite a docentes de todos los niveles educativos aprovechar la utilizaci\u00f3n de los dispositivos m\u00f3viles como herramientas pedag\u00f3gicas. Los interesad@s pueden inscribirse en www.nuestrolugar.com.ar. [&hellip;]<\/p>\n","protected":false},"author":16,"featured_media":55811,"comment_status":"open","ping_status":"open","sticky":false,"template":"","format":"standard","meta":{"footnotes":""},"categories":[74],"tags":[313,118,10579,8663,24,10578],"class_list":["post-55810","post","type-post","status-publish","format-standard","has-post-thumbnail","hentry","category-emprendimientos","tag-capacitacion","tag-docentes","tag-material-didactico","tag-pandemia","tag-telecom","tag-videos"],"yoast_head":"<!-- This site is optimized with the Yoast SEO plugin v27.4 - https:\/\/yoast.com\/product\/yoast-seo-wordpress\/ -->\n<title>Telecom capacitar\u00e1 a docentes sobre uso de tecnolog\u00edas m\u00f3viles<\/title>\n<meta name=\"robots\" content=\"index, follow, max-snippet:-1, max-image-preview:large, max-video-preview:-1\" \/>\n<link rel=\"canonical\" href=\"https:\/\/noticiasmercedinas.com\/site\/2020\/11\/02\/telecom-capacitara-a-docentes-sobre-uso-de-tecnologias-moviles\/\" \/>\n<meta property=\"og:locale\" content=\"es_ES\" \/>\n<meta property=\"og:type\" content=\"article\" \/>\n<meta property=\"og:title\" content=\"Telecom capacitar\u00e1 a docentes sobre uso de tecnolog\u00edas m\u00f3viles\" \/>\n<meta property=\"og:description\" content=\"Para seguir potenciando el rol de la tecnolog\u00eda, Telecom extiende su capacitaci\u00f3n gratuita, M\u00f3vil en Mano, a maestr@s y profesor@s de todo el pa\u00eds. En formato virtual, la propuesta de Telecom permite a docentes de todos los niveles educativos aprovechar la utilizaci\u00f3n de los dispositivos m\u00f3viles como herramientas pedag\u00f3gicas. Los interesad@s pueden inscribirse en www.nuestrolugar.com.ar. [&hellip;]\" \/>\n<meta property=\"og:url\" content=\"https:\/\/noticiasmercedinas.com\/site\/2020\/11\/02\/telecom-capacitara-a-docentes-sobre-uso-de-tecnologias-moviles\/\" \/>\n<meta property=\"og:site_name\" content=\"NOTICIASMERCEDINAS.COM\" \/>\n<meta property=\"article:publisher\" content=\"https:\/\/www.facebook.com\/noticiasmercedinas\/\" \/>\n<meta property=\"article:published_time\" content=\"2020-11-02T21:14:28+00:00\" \/>\n<meta property=\"og:image\" content=\"https:\/\/noticiasmercedinas.com\/site\/wp-content\/uploads\/2020\/11\/unnamed-2.jpg\" \/>\n\t<meta property=\"og:image:width\" content=\"1280\" \/>\n\t<meta property=\"og:image:height\" content=\"853\" \/>\n\t<meta property=\"og:image:type\" content=\"image\/jpeg\" \/>\n<meta name=\"author\" content=\"NOTICIASMERCEDINAS.COM\" \/>\n<meta name=\"twitter:card\" content=\"summary_large_image\" \/>\n<meta name=\"twitter:creator\" content=\"@notmercedinas\" \/>\n<meta name=\"twitter:site\" content=\"@notmercedinas\" \/>\n<meta name=\"twitter:label1\" content=\"Escrito por\" \/>\n\t<meta name=\"twitter:data1\" content=\"NOTICIASMERCEDINAS.COM\" \/>\n\t<meta name=\"twitter:label2\" content=\"Tiempo de lectura\" \/>\n\t<meta name=\"twitter:data2\" content=\"4 minutos\" \/>\n<script type=\"application\/ld+json\" class=\"yoast-schema-graph\">{\"@context\":\"https:\\\/\\\/schema.org\",\"@graph\":[{\"@type\":\"Article\",\"@id\":\"https:\\\/\\\/noticiasmercedinas.com\\\/site\\\/2020\\\/11\\\/02\\\/telecom-capacitara-a-docentes-sobre-uso-de-tecnologias-moviles\\\/#article\",\"isPartOf\":{\"@id\":\"https:\\\/\\\/noticiasmercedinas.com\\\/site\\\/2020\\\/11\\\/02\\\/telecom-capacitara-a-docentes-sobre-uso-de-tecnologias-moviles\\\/\"},\"author\":{\"name\":\"NOTICIASMERCEDINAS.COM\",\"@id\":\"https:\\\/\\\/noticiasmercedinas.com\\\/site\\\/#\\\/schema\\\/person\\\/84b59c099c28ff2e8b77d4ceec5d8063\"},\"headline\":\"Telecom capacitar\u00e1 a docentes sobre uso de tecnolog\u00edas m\u00f3viles\",\"datePublished\":\"2020-11-02T21:14:28+00:00\",\"mainEntityOfPage\":{\"@id\":\"https:\\\/\\\/noticiasmercedinas.com\\\/site\\\/2020\\\/11\\\/02\\\/telecom-capacitara-a-docentes-sobre-uso-de-tecnologias-moviles\\\/\"},\"wordCount\":860,\"commentCount\":1,\"publisher\":{\"@id\":\"https:\\\/\\\/noticiasmercedinas.com\\\/site\\\/#organization\"},\"image\":{\"@id\":\"https:\\\/\\\/noticiasmercedinas.com\\\/site\\\/2020\\\/11\\\/02\\\/telecom-capacitara-a-docentes-sobre-uso-de-tecnologias-moviles\\\/#primaryimage\"},\"thumbnailUrl\":\"https:\\\/\\\/noticiasmercedinas.com\\\/site\\\/wp-content\\\/uploads\\\/2020\\\/11\\\/unnamed-2.jpg\",\"keywords\":[\"capacitaci\u00f3n\",\"docentes\",\"material didactico\",\"pandemia\",\"telecom\",\"videos\"],\"articleSection\":[\"Emprendimientos\"],\"inLanguage\":\"es\",\"potentialAction\":[{\"@type\":\"CommentAction\",\"name\":\"Comment\",\"target\":[\"https:\\\/\\\/noticiasmercedinas.com\\\/site\\\/2020\\\/11\\\/02\\\/telecom-capacitara-a-docentes-sobre-uso-de-tecnologias-moviles\\\/#respond\"]}]},{\"@type\":\"WebPage\",\"@id\":\"https:\\\/\\\/noticiasmercedinas.com\\\/site\\\/2020\\\/11\\\/02\\\/telecom-capacitara-a-docentes-sobre-uso-de-tecnologias-moviles\\\/\",\"url\":\"https:\\\/\\\/noticiasmercedinas.com\\\/site\\\/2020\\\/11\\\/02\\\/telecom-capacitara-a-docentes-sobre-uso-de-tecnologias-moviles\\\/\",\"name\":\"Telecom capacitar\u00e1 a docentes sobre uso de tecnolog\u00edas m\u00f3viles\",\"isPartOf\":{\"@id\":\"https:\\\/\\\/noticiasmercedinas.com\\\/site\\\/#website\"},\"primaryImageOfPage\":{\"@id\":\"https:\\\/\\\/noticiasmercedinas.com\\\/site\\\/2020\\\/11\\\/02\\\/telecom-capacitara-a-docentes-sobre-uso-de-tecnologias-moviles\\\/#primaryimage\"},\"image\":{\"@id\":\"https:\\\/\\\/noticiasmercedinas.com\\\/site\\\/2020\\\/11\\\/02\\\/telecom-capacitara-a-docentes-sobre-uso-de-tecnologias-moviles\\\/#primaryimage\"},\"thumbnailUrl\":\"https:\\\/\\\/noticiasmercedinas.com\\\/site\\\/wp-content\\\/uploads\\\/2020\\\/11\\\/unnamed-2.jpg\",\"datePublished\":\"2020-11-02T21:14:28+00:00\",\"breadcrumb\":{\"@id\":\"https:\\\/\\\/noticiasmercedinas.com\\\/site\\\/2020\\\/11\\\/02\\\/telecom-capacitara-a-docentes-sobre-uso-de-tecnologias-moviles\\\/#breadcrumb\"},\"inLanguage\":\"es\",\"potentialAction\":[{\"@type\":\"ReadAction\",\"target\":[\"https:\\\/\\\/noticiasmercedinas.com\\\/site\\\/2020\\\/11\\\/02\\\/telecom-capacitara-a-docentes-sobre-uso-de-tecnologias-moviles\\\/\"]}]},{\"@type\":\"ImageObject\",\"inLanguage\":\"es\",\"@id\":\"https:\\\/\\\/noticiasmercedinas.com\\\/site\\\/2020\\\/11\\\/02\\\/telecom-capacitara-a-docentes-sobre-uso-de-tecnologias-moviles\\\/#primaryimage\",\"url\":\"https:\\\/\\\/noticiasmercedinas.com\\\/site\\\/wp-content\\\/uploads\\\/2020\\\/11\\\/unnamed-2.jpg\",\"contentUrl\":\"https:\\\/\\\/noticiasmercedinas.com\\\/site\\\/wp-content\\\/uploads\\\/2020\\\/11\\\/unnamed-2.jpg\",\"width\":1280,\"height\":853},{\"@type\":\"BreadcrumbList\",\"@id\":\"https:\\\/\\\/noticiasmercedinas.com\\\/site\\\/2020\\\/11\\\/02\\\/telecom-capacitara-a-docentes-sobre-uso-de-tecnologias-moviles\\\/#breadcrumb\",\"itemListElement\":[{\"@type\":\"ListItem\",\"position\":1,\"name\":\"Portada\",\"item\":\"https:\\\/\\\/noticiasmercedinas.com\\\/site\\\/\"},{\"@type\":\"ListItem\",\"position\":2,\"name\":\"Telecom capacitar\u00e1 a docentes sobre uso de tecnolog\u00edas m\u00f3viles\"}]},{\"@type\":\"WebSite\",\"@id\":\"https:\\\/\\\/noticiasmercedinas.com\\\/site\\\/#website\",\"url\":\"https:\\\/\\\/noticiasmercedinas.com\\\/site\\\/\",\"name\":\"NOTICIASMERCEDINAS.COM\",\"description\":\"Mercedes, Buenos Aires, Argentina\",\"publisher\":{\"@id\":\"https:\\\/\\\/noticiasmercedinas.com\\\/site\\\/#organization\"},\"potentialAction\":[{\"@type\":\"SearchAction\",\"target\":{\"@type\":\"EntryPoint\",\"urlTemplate\":\"https:\\\/\\\/noticiasmercedinas.com\\\/site\\\/?s={search_term_string}\"},\"query-input\":{\"@type\":\"PropertyValueSpecification\",\"valueRequired\":true,\"valueName\":\"search_term_string\"}}],\"inLanguage\":\"es\"},{\"@type\":\"Organization\",\"@id\":\"https:\\\/\\\/noticiasmercedinas.com\\\/site\\\/#organization\",\"name\":\"NOTICIASMERCEDINAS.COM\",\"url\":\"https:\\\/\\\/noticiasmercedinas.com\\\/site\\\/\",\"logo\":{\"@type\":\"ImageObject\",\"inLanguage\":\"es\",\"@id\":\"https:\\\/\\\/noticiasmercedinas.com\\\/site\\\/#\\\/schema\\\/logo\\\/image\\\/\",\"url\":\"https:\\\/\\\/noticiasmercedinas.com\\\/site\\\/wp-content\\\/uploads\\\/2020\\\/06\\\/LOGO-512.jpg\",\"contentUrl\":\"https:\\\/\\\/noticiasmercedinas.com\\\/site\\\/wp-content\\\/uploads\\\/2020\\\/06\\\/LOGO-512.jpg\",\"width\":512,\"height\":512,\"caption\":\"NOTICIASMERCEDINAS.COM\"},\"image\":{\"@id\":\"https:\\\/\\\/noticiasmercedinas.com\\\/site\\\/#\\\/schema\\\/logo\\\/image\\\/\"},\"sameAs\":[\"https:\\\/\\\/www.facebook.com\\\/noticiasmercedinas\\\/\",\"https:\\\/\\\/x.com\\\/notmercedinas\",\"https:\\\/\\\/www.instagram.com\\\/noticiasmercedinas\\\/\"]},{\"@type\":\"Person\",\"@id\":\"https:\\\/\\\/noticiasmercedinas.com\\\/site\\\/#\\\/schema\\\/person\\\/84b59c099c28ff2e8b77d4ceec5d8063\",\"name\":\"NOTICIASMERCEDINAS.COM\",\"image\":{\"@type\":\"ImageObject\",\"inLanguage\":\"es\",\"@id\":\"https:\\\/\\\/secure.gravatar.com\\\/avatar\\\/4dfbf16b4d17945bfb6341b2d19043457132fcf478a5ee04f42e959fd8f5df0a?s=96&d=mm&r=g\",\"url\":\"https:\\\/\\\/secure.gravatar.com\\\/avatar\\\/4dfbf16b4d17945bfb6341b2d19043457132fcf478a5ee04f42e959fd8f5df0a?s=96&d=mm&r=g\",\"contentUrl\":\"https:\\\/\\\/secure.gravatar.com\\\/avatar\\\/4dfbf16b4d17945bfb6341b2d19043457132fcf478a5ee04f42e959fd8f5df0a?s=96&d=mm&r=g\",\"caption\":\"NOTICIASMERCEDINAS.COM\"},\"url\":\"https:\\\/\\\/noticiasmercedinas.com\\\/site\\\/author\\\/anonimo\\\/\"}]}<\/script>\n<!-- \/ Yoast SEO plugin. -->","yoast_head_json":{"title":"Telecom capacitar\u00e1 a docentes sobre uso de tecnolog\u00edas m\u00f3viles","robots":{"index":"index","follow":"follow","max-snippet":"max-snippet:-1","max-image-preview":"max-image-preview:large","max-video-preview":"max-video-preview:-1"},"canonical":"https:\/\/noticiasmercedinas.com\/site\/2020\/11\/02\/telecom-capacitara-a-docentes-sobre-uso-de-tecnologias-moviles\/","og_locale":"es_ES","og_type":"article","og_title":"Telecom capacitar\u00e1 a docentes sobre uso de tecnolog\u00edas m\u00f3viles","og_description":"Para seguir potenciando el rol de la tecnolog\u00eda, Telecom extiende su capacitaci\u00f3n gratuita, M\u00f3vil en Mano, a maestr@s y profesor@s de todo el pa\u00eds. En formato virtual, la propuesta de Telecom permite a docentes de todos los niveles educativos aprovechar la utilizaci\u00f3n de los dispositivos m\u00f3viles como herramientas pedag\u00f3gicas. Los interesad@s pueden inscribirse en www.nuestrolugar.com.ar. [&hellip;]","og_url":"https:\/\/noticiasmercedinas.com\/site\/2020\/11\/02\/telecom-capacitara-a-docentes-sobre-uso-de-tecnologias-moviles\/","og_site_name":"NOTICIASMERCEDINAS.COM","article_publisher":"https:\/\/www.facebook.com\/noticiasmercedinas\/","article_published_time":"2020-11-02T21:14:28+00:00","og_image":[{"width":1280,"height":853,"url":"https:\/\/noticiasmercedinas.com\/site\/wp-content\/uploads\/2020\/11\/unnamed-2.jpg","type":"image\/jpeg"}],"author":"NOTICIASMERCEDINAS.COM","twitter_card":"summary_large_image","twitter_creator":"@notmercedinas","twitter_site":"@notmercedinas","twitter_misc":{"Escrito por":"NOTICIASMERCEDINAS.COM","Tiempo de lectura":"4 minutos"},"schema":{"@context":"https:\/\/schema.org","@graph":[{"@type":"Article","@id":"https:\/\/noticiasmercedinas.com\/site\/2020\/11\/02\/telecom-capacitara-a-docentes-sobre-uso-de-tecnologias-moviles\/#article","isPartOf":{"@id":"https:\/\/noticiasmercedinas.com\/site\/2020\/11\/02\/telecom-capacitara-a-docentes-sobre-uso-de-tecnologias-moviles\/"},"author":{"name":"NOTICIASMERCEDINAS.COM","@id":"https:\/\/noticiasmercedinas.com\/site\/#\/schema\/person\/84b59c099c28ff2e8b77d4ceec5d8063"},"headline":"Telecom capacitar\u00e1 a docentes sobre uso de tecnolog\u00edas m\u00f3viles","datePublished":"2020-11-02T21:14:28+00:00","mainEntityOfPage":{"@id":"https:\/\/noticiasmercedinas.com\/site\/2020\/11\/02\/telecom-capacitara-a-docentes-sobre-uso-de-tecnologias-moviles\/"},"wordCount":860,"commentCount":1,"publisher":{"@id":"https:\/\/noticiasmercedinas.com\/site\/#organization"},"image":{"@id":"https:\/\/noticiasmercedinas.com\/site\/2020\/11\/02\/telecom-capacitara-a-docentes-sobre-uso-de-tecnologias-moviles\/#primaryimage"},"thumbnailUrl":"https:\/\/noticiasmercedinas.com\/site\/wp-content\/uploads\/2020\/11\/unnamed-2.jpg","keywords":["capacitaci\u00f3n","docentes","material didactico","pandemia","telecom","videos"],"articleSection":["Emprendimientos"],"inLanguage":"es","potentialAction":[{"@type":"CommentAction","name":"Comment","target":["https:\/\/noticiasmercedinas.com\/site\/2020\/11\/02\/telecom-capacitara-a-docentes-sobre-uso-de-tecnologias-moviles\/#respond"]}]},{"@type":"WebPage","@id":"https:\/\/noticiasmercedinas.com\/site\/2020\/11\/02\/telecom-capacitara-a-docentes-sobre-uso-de-tecnologias-moviles\/","url":"https:\/\/noticiasmercedinas.com\/site\/2020\/11\/02\/telecom-capacitara-a-docentes-sobre-uso-de-tecnologias-moviles\/","name":"Telecom capacitar\u00e1 a docentes sobre uso de tecnolog\u00edas m\u00f3viles","isPartOf":{"@id":"https:\/\/noticiasmercedinas.com\/site\/#website"},"primaryImageOfPage":{"@id":"https:\/\/noticiasmercedinas.com\/site\/2020\/11\/02\/telecom-capacitara-a-docentes-sobre-uso-de-tecnologias-moviles\/#primaryimage"},"image":{"@id":"https:\/\/noticiasmercedinas.com\/site\/2020\/11\/02\/telecom-capacitara-a-docentes-sobre-uso-de-tecnologias-moviles\/#primaryimage"},"thumbnailUrl":"https:\/\/noticiasmercedinas.com\/site\/wp-content\/uploads\/2020\/11\/unnamed-2.jpg","datePublished":"2020-11-02T21:14:28+00:00","breadcrumb":{"@id":"https:\/\/noticiasmercedinas.com\/site\/2020\/11\/02\/telecom-capacitara-a-docentes-sobre-uso-de-tecnologias-moviles\/#breadcrumb"},"inLanguage":"es","potentialAction":[{"@type":"ReadAction","target":["https:\/\/noticiasmercedinas.com\/site\/2020\/11\/02\/telecom-capacitara-a-docentes-sobre-uso-de-tecnologias-moviles\/"]}]},{"@type":"ImageObject","inLanguage":"es","@id":"https:\/\/noticiasmercedinas.com\/site\/2020\/11\/02\/telecom-capacitara-a-docentes-sobre-uso-de-tecnologias-moviles\/#primaryimage","url":"https:\/\/noticiasmercedinas.com\/site\/wp-content\/uploads\/2020\/11\/unnamed-2.jpg","contentUrl":"https:\/\/noticiasmercedinas.com\/site\/wp-content\/uploads\/2020\/11\/unnamed-2.jpg","width":1280,"height":853},{"@type":"BreadcrumbList","@id":"https:\/\/noticiasmercedinas.com\/site\/2020\/11\/02\/telecom-capacitara-a-docentes-sobre-uso-de-tecnologias-moviles\/#breadcrumb","itemListElement":[{"@type":"ListItem","position":1,"name":"Portada","item":"https:\/\/noticiasmercedinas.com\/site\/"},{"@type":"ListItem","position":2,"name":"Telecom capacitar\u00e1 a docentes sobre uso de tecnolog\u00edas m\u00f3viles"}]},{"@type":"WebSite","@id":"https:\/\/noticiasmercedinas.com\/site\/#website","url":"https:\/\/noticiasmercedinas.com\/site\/","name":"NOTICIASMERCEDINAS.COM","description":"Mercedes, Buenos Aires, Argentina","publisher":{"@id":"https:\/\/noticiasmercedinas.com\/site\/#organization"},"potentialAction":[{"@type":"SearchAction","target":{"@type":"EntryPoint","urlTemplate":"https:\/\/noticiasmercedinas.com\/site\/?s={search_term_string}"},"query-input":{"@type":"PropertyValueSpecification","valueRequired":true,"valueName":"search_term_string"}}],"inLanguage":"es"},{"@type":"Organization","@id":"https:\/\/noticiasmercedinas.com\/site\/#organization","name":"NOTICIASMERCEDINAS.COM","url":"https:\/\/noticiasmercedinas.com\/site\/","logo":{"@type":"ImageObject","inLanguage":"es","@id":"https:\/\/noticiasmercedinas.com\/site\/#\/schema\/logo\/image\/","url":"https:\/\/noticiasmercedinas.com\/site\/wp-content\/uploads\/2020\/06\/LOGO-512.jpg","contentUrl":"https:\/\/noticiasmercedinas.com\/site\/wp-content\/uploads\/2020\/06\/LOGO-512.jpg","width":512,"height":512,"caption":"NOTICIASMERCEDINAS.COM"},"image":{"@id":"https:\/\/noticiasmercedinas.com\/site\/#\/schema\/logo\/image\/"},"sameAs":["https:\/\/www.facebook.com\/noticiasmercedinas\/","https:\/\/x.com\/notmercedinas","https:\/\/www.instagram.com\/noticiasmercedinas\/"]},{"@type":"Person","@id":"https:\/\/noticiasmercedinas.com\/site\/#\/schema\/person\/84b59c099c28ff2e8b77d4ceec5d8063","name":"NOTICIASMERCEDINAS.COM","image":{"@type":"ImageObject","inLanguage":"es","@id":"https:\/\/secure.gravatar.com\/avatar\/4dfbf16b4d17945bfb6341b2d19043457132fcf478a5ee04f42e959fd8f5df0a?s=96&d=mm&r=g","url":"https:\/\/secure.gravatar.com\/avatar\/4dfbf16b4d17945bfb6341b2d19043457132fcf478a5ee04f42e959fd8f5df0a?s=96&d=mm&r=g","contentUrl":"https:\/\/secure.gravatar.com\/avatar\/4dfbf16b4d17945bfb6341b2d19043457132fcf478a5ee04f42e959fd8f5df0a?s=96&d=mm&r=g","caption":"NOTICIASMERCEDINAS.COM"},"url":"https:\/\/noticiasmercedinas.com\/site\/author\/anonimo\/"}]}},"amp_enabled":true,"_links":{"self":[{"href":"https:\/\/noticiasmercedinas.com\/site\/wp-json\/wp\/v2\/posts\/55810","targetHints":{"allow":["GET"]}}],"collection":[{"href":"https:\/\/noticiasmercedinas.com\/site\/wp-json\/wp\/v2\/posts"}],"about":[{"href":"https:\/\/noticiasmercedinas.com\/site\/wp-json\/wp\/v2\/types\/post"}],"author":[{"embeddable":true,"href":"https:\/\/noticiasmercedinas.com\/site\/wp-json\/wp\/v2\/users\/16"}],"replies":[{"embeddable":true,"href":"https:\/\/noticiasmercedinas.com\/site\/wp-json\/wp\/v2\/comments?post=55810"}],"version-history":[{"count":1,"href":"https:\/\/noticiasmercedinas.com\/site\/wp-json\/wp\/v2\/posts\/55810\/revisions"}],"predecessor-version":[{"id":55812,"href":"https:\/\/noticiasmercedinas.com\/site\/wp-json\/wp\/v2\/posts\/55810\/revisions\/55812"}],"wp:featuredmedia":[{"embeddable":true,"href":"https:\/\/noticiasmercedinas.com\/site\/wp-json\/wp\/v2\/media\/55811"}],"wp:attachment":[{"href":"https:\/\/noticiasmercedinas.com\/site\/wp-json\/wp\/v2\/media?parent=55810"}],"wp:term":[{"taxonomy":"category","embeddable":true,"href":"https:\/\/noticiasmercedinas.com\/site\/wp-json\/wp\/v2\/categories?post=55810"},{"taxonomy":"post_tag","embeddable":true,"href":"https:\/\/noticiasmercedinas.com\/site\/wp-json\/wp\/v2\/tags?post=55810"}],"curies":[{"name":"wp","href":"https:\/\/api.w.org\/{rel}","templated":true}]}}