{"id":55813,"date":"2020-11-02T19:54:42","date_gmt":"2020-11-02T22:54:42","guid":{"rendered":"https:\/\/noticiasmercedinas.com\/site\/?p=55813"},"modified":"2020-11-02T19:54:42","modified_gmt":"2020-11-02T22:54:42","slug":"visita-del-ministro-arroyo-y-firma-de-convenio-con-ustarroz","status":"publish","type":"post","link":"https:\/\/noticiasmercedinas.com\/site\/2020\/11\/02\/visita-del-ministro-arroyo-y-firma-de-convenio-con-ustarroz\/","title":{"rendered":"Visita del ministro Arroyo y firma de convenio con Ustarroz"},"content":{"rendered":"<p><img loading=\"lazy\" decoding=\"async\" class=\"alignnone size-large wp-image-55815\" src=\"https:\/\/noticiasmercedinas.com\/site\/wp-content\/uploads\/2020\/11\/DSC09015-1024x576.jpg\" alt=\"\" width=\"640\" height=\"360\" srcset=\"https:\/\/noticiasmercedinas.com\/site\/wp-content\/uploads\/2020\/11\/DSC09015-1024x576.jpg 1024w, https:\/\/noticiasmercedinas.com\/site\/wp-content\/uploads\/2020\/11\/DSC09015-300x169.jpg 300w, https:\/\/noticiasmercedinas.com\/site\/wp-content\/uploads\/2020\/11\/DSC09015-768x432.jpg 768w, https:\/\/noticiasmercedinas.com\/site\/wp-content\/uploads\/2020\/11\/DSC09015-640x360.jpg 640w, https:\/\/noticiasmercedinas.com\/site\/wp-content\/uploads\/2020\/11\/DSC09015-681x383.jpg 681w, https:\/\/noticiasmercedinas.com\/site\/wp-content\/uploads\/2020\/11\/DSC09015.jpg 1112w\" sizes=\"auto, (max-width: 640px) 100vw, 640px\" \/><\/p>\n<p>El intendente <strong>Juan Ignacio Ustarroz<\/strong> junto al ministro de Desarrollo Social, <strong>Daniel Arroyo<\/strong>, realizaron actividades y firmaron convenio. Estuvieron en el ex Instituto Unzu\u00e9 donde se est\u00e1n entregando 300 nuevas tarjetas AlimentAR. Luego se trasladaron al Punto Verde y de Reciclado ubicado en calle 29 y 6, donde el funcionario firm\u00f3 un convenio que dotar\u00e1 al lugar de maquinaria y herramientas. Por \u00faltimo, visitaron un nuevo galp\u00f3n &#8211;de mayor dimensiones&#8211; donde se trabajar\u00e1 para tratar de reubicar el mencionado Centro para obtener m\u00e1s capacidad de trabajo y reciclado.<\/p>\n<p>Fueron parte de la actividad el Ministro de Desarrollo Social de la Naci\u00f3n, Licenciado Daniel Arroyo, la Directora Nacional de Econom\u00eda Popular, Mar\u00eda Castillo el Subsecretario de Asistencia Cr\u00edtica, Gustavo Aguilera, la Secretaria de Desarrollo Social, Licenciada Jorgelina Silva, el responsable del CDR local, Nicol\u00e1s Zeballos, integrantes de las cooperativas de reciclaje, entre otros referentes, siempre sosteniendo y manteniendo los cuidados correspondientes por los protocolos socio sanitarios. Por su parte, desde All Boys Solidario, estuvieron presentes \u201cPelusa\u201d Gonzalez y Malena Del Giudice, quienes dialogaron con el ministro.<\/p>\n<p>El intendente Juan Ignacio Ustarroz expres\u00f3: \u201cCreo que este tiempo de pandemia demuestra que hay un Estado Nacional y Provincial presente, acompa\u00f1ando a los municipios, a los intendentes, pero fundamentalmente y sobre todas las cosas acompa\u00f1ando a los ciudadanos\u201d.<\/p>\n<p>\u201cHoy existe planificaci\u00f3n, trabajo permanente, hay esfuerzo, honestidad y capacidad\u201d, destac\u00f3 Ustarroz y se\u00f1al\u00f3 la planta recicladora: \u201cEsto va creciendo mucho en la ciudad de Mercedes y es gracias a la ciudadan\u00eda que se compromete, pone su granito de arena para hacer una ciudad sustentable y el aporte del Estado Nacional. En este caso, con herramientas para promover y facilitar el desarrollo de programas que en concreto son fuentes de trabajo y que producen cosas para la ciudad de Mercedes\u201d.<\/p>\n<p>Ustarroz una vez m\u00e1s agradeci\u00f3 \u201cal ministro Arroyo y a sus equipos que continuamente est\u00e1n visitando nuestra ciudad, donde planificamos y llevamos adelante diferentes proyectos y acciones, y adem\u00e1s tenemos puesto el eje en la ni\u00f1ez por sobre todas las cosas, estamos avanzando much\u00edsimo en el programa Primeros Mil D\u00edas\u201d.<\/p>\n<p>\u201cMientras algunos est\u00e1n con la agenda de la bronca, del odio, de la cr\u00edtica por la cr\u00edtica misma, hay una gran mayor\u00eda que apuestan al trabajo, la unidad, la solidaridad y a construir entre todos una ciudad mejor\u201d, dijo.<\/p>\n<p>Conjuntamente, el intendente Juan Ignacio Ustarroz cont\u00f3: \u201cVamos a ir a visitar, junto al Ministro, otro galp\u00f3n, m\u00e1s grande, para poder amplificar y ampliar este trabajo excelente que est\u00e1n haciendo las cooperativas, que tienen el apoyo del Estado Nacional y Municipal\u201d.<\/p>\n<p>\u201cDurante esta recorrida, los vecinos en l\u00edneas generales reconocen que hay esfuerzo, que hay trabajo y que existe un horizonte\u201d, sostuvo.<\/p>\n<p>El ministro de Desarrollo Social, Daniel Arroyo, manifest\u00f3\u00a0 que \u201cMercedes es un modelo de gesti\u00f3n para poder replicar en much\u00edsimos municipios de la provincia de Buenos Aires\u201d.<\/p>\n<p>Durante la recorrida, Arroyo se\u00f1al\u00f3 que \u201choy dos cuestiones centrales: la primera recorrimos junto al intendente Ustarroz la entrega de tarjetas Alimentar, estamos hablando de madres con chicos menores de 6 a\u00f1os, de mujeres a partir del tercer mes de embarazo y personas con discapacidad que tienen asignaci\u00f3n. A medida que hay embarazos o nacimientos nuevos vamos sumando este beneficio a las familias, ya hay 300 nuevas tarjetas que se est\u00e1n entregando en el Unzu\u00e9 en un operativo muy bueno, donde nuestra sugerencia es que se compren carnes, leche y verduras para mejorar la alimentaci\u00f3n de los chicos\u201d.<\/p>\n<p>\u201cY luego vinimos aqu\u00ed, al centro de reciclado (calle 29 y 6) y la verdad que es impresionante lo que ha hecho el Municipio junto al Ministerio en lo que tiene que ver con la recolecci\u00f3n, el reciclado, han mejorado la situaci\u00f3n, se han bancarizado, cooperativistas que cada 15 d\u00edas cobran, gente que pas\u00f3 de trabajar en el basural a poderlo hacer aqu\u00ed, realmente muy bien\u201d, destac\u00f3 luego.<\/p>\n<p>All\u00ed, el ministro Arroyo inform\u00f3: \u201cHemos firmado el convenio para la compra de m\u00e1quinas y herramientas por 10 millones de pesos, donde se avizoran trabajos y proyectos de ladrillos ecol\u00f3gicos, textiles, de reciclado y mejoramiento habitacional\u201d, y apunt\u00f3 que \u201clas dos cosas centrales que estamos encarando hoy -para mi es un honor estar con el intendente Ustarroz- son asistencia alimentaria y trabajo, la salida es el trabajo, y por ello me voy muy contento\u201d.<\/p>\n<p>En este sentido, Arroyo cont\u00f3 que \u201cen el medio de la pandemia nosotros nos concentramos en la asistencia alimentaria. Hay 11 millones de personas que reciben asistencia alimentaria, pero la salida tiene que ser el trabajo. Nuestro Ministerio tiene tres grandes objetivos: crear 300 mil puestos de trabajo, urbanizar de a 400 barrios por a\u00f1o y crear 800 jardines\u201d<\/p>\n<p><iframe loading=\"lazy\" title=\"Firma de convenio entre Ministro Daniel Arroyo e Intendente Juan Ustarroz\" width=\"640\" height=\"360\" src=\"https:\/\/www.youtube.com\/embed\/yb60ArNvMdc?feature=oembed\" frameborder=\"0\" allow=\"accelerometer; autoplay; clipboard-write; encrypted-media; gyroscope; picture-in-picture; web-share\" referrerpolicy=\"strict-origin-when-cross-origin\" allowfullscreen><\/iframe><\/p>\n","protected":false},"excerpt":{"rendered":"<p>Estuvieron en el ex Instituto Unzu\u00e9 donde se entregan 300 nuevas tarjetas AlimentAR. Luego se trasladaron al Punto Verde de calle 29 y 6, que ser\u00e1 dotado de maquinaria y herramientas.<\/p>\n","protected":false},"author":16,"featured_media":55815,"comment_status":"open","ping_status":"open","sticky":false,"template":"","format":"standard","meta":{"footnotes":""},"categories":[16],"tags":[1604,44,10001,1187,8274],"class_list":["post-55813","post","type-post","status-publish","format-standard","has-post-thumbnail","hentry","category-politica","tag-daniel-arroyo","tag-desarrollo-social","tag-punto-verde","tag-reciclado","tag-tarjeta-alimentar"],"yoast_head":"<!-- This site is optimized with the Yoast SEO plugin v27.4 - https:\/\/yoast.com\/product\/yoast-seo-wordpress\/ -->\n<title>Visita del ministro Arroyo y firma de convenio con Ustarroz<\/title>\n<meta name=\"robots\" content=\"index, follow, max-snippet:-1, max-image-preview:large, max-video-preview:-1\" \/>\n<link rel=\"canonical\" href=\"https:\/\/noticiasmercedinas.com\/site\/2020\/11\/02\/visita-del-ministro-arroyo-y-firma-de-convenio-con-ustarroz\/\" \/>\n<meta property=\"og:locale\" content=\"es_ES\" \/>\n<meta property=\"og:type\" content=\"article\" \/>\n<meta property=\"og:title\" content=\"Visita del ministro Arroyo y firma de convenio con Ustarroz\" \/>\n<meta property=\"og:description\" content=\"Estuvieron en el ex Instituto Unzu\u00e9 donde se entregan 300 nuevas tarjetas AlimentAR. Luego se trasladaron al Punto Verde de calle 29 y 6, que ser\u00e1 dotado de maquinaria y herramientas.\" \/>\n<meta property=\"og:url\" content=\"https:\/\/noticiasmercedinas.com\/site\/2020\/11\/02\/visita-del-ministro-arroyo-y-firma-de-convenio-con-ustarroz\/\" \/>\n<meta property=\"og:site_name\" content=\"NOTICIASMERCEDINAS.COM\" \/>\n<meta property=\"article:publisher\" content=\"https:\/\/www.facebook.com\/noticiasmercedinas\/\" \/>\n<meta property=\"article:published_time\" content=\"2020-11-02T22:54:42+00:00\" \/>\n<meta property=\"og:image\" content=\"https:\/\/noticiasmercedinas.com\/site\/wp-content\/uploads\/2020\/11\/DSC09015.jpg\" \/>\n\t<meta property=\"og:image:width\" content=\"1112\" \/>\n\t<meta property=\"og:image:height\" content=\"626\" \/>\n\t<meta property=\"og:image:type\" content=\"image\/jpeg\" \/>\n<meta name=\"author\" content=\"NOTICIASMERCEDINAS.COM\" \/>\n<meta name=\"twitter:card\" content=\"summary_large_image\" \/>\n<meta name=\"twitter:creator\" content=\"@notmercedinas\" \/>\n<meta name=\"twitter:site\" content=\"@notmercedinas\" \/>\n<meta name=\"twitter:label1\" content=\"Escrito por\" \/>\n\t<meta name=\"twitter:data1\" content=\"NOTICIASMERCEDINAS.COM\" \/>\n\t<meta name=\"twitter:label2\" content=\"Tiempo de lectura\" \/>\n\t<meta name=\"twitter:data2\" content=\"4 minutos\" \/>\n<script type=\"application\/ld+json\" class=\"yoast-schema-graph\">{\"@context\":\"https:\\\/\\\/schema.org\",\"@graph\":[{\"@type\":\"Article\",\"@id\":\"https:\\\/\\\/noticiasmercedinas.com\\\/site\\\/2020\\\/11\\\/02\\\/visita-del-ministro-arroyo-y-firma-de-convenio-con-ustarroz\\\/#article\",\"isPartOf\":{\"@id\":\"https:\\\/\\\/noticiasmercedinas.com\\\/site\\\/2020\\\/11\\\/02\\\/visita-del-ministro-arroyo-y-firma-de-convenio-con-ustarroz\\\/\"},\"author\":{\"name\":\"NOTICIASMERCEDINAS.COM\",\"@id\":\"https:\\\/\\\/noticiasmercedinas.com\\\/site\\\/#\\\/schema\\\/person\\\/84b59c099c28ff2e8b77d4ceec5d8063\"},\"headline\":\"Visita del ministro Arroyo y firma de convenio con Ustarroz\",\"datePublished\":\"2020-11-02T22:54:42+00:00\",\"mainEntityOfPage\":{\"@id\":\"https:\\\/\\\/noticiasmercedinas.com\\\/site\\\/2020\\\/11\\\/02\\\/visita-del-ministro-arroyo-y-firma-de-convenio-con-ustarroz\\\/\"},\"wordCount\":813,\"commentCount\":0,\"publisher\":{\"@id\":\"https:\\\/\\\/noticiasmercedinas.com\\\/site\\\/#organization\"},\"image\":{\"@id\":\"https:\\\/\\\/noticiasmercedinas.com\\\/site\\\/2020\\\/11\\\/02\\\/visita-del-ministro-arroyo-y-firma-de-convenio-con-ustarroz\\\/#primaryimage\"},\"thumbnailUrl\":\"https:\\\/\\\/noticiasmercedinas.com\\\/site\\\/wp-content\\\/uploads\\\/2020\\\/11\\\/DSC09015.jpg\",\"keywords\":[\"Daniel Arroyo\",\"desarrollo social\",\"punto verde\",\"reciclado\",\"Tarjeta Alimentar\"],\"articleSection\":[\"Politica\"],\"inLanguage\":\"es\",\"potentialAction\":[{\"@type\":\"CommentAction\",\"name\":\"Comment\",\"target\":[\"https:\\\/\\\/noticiasmercedinas.com\\\/site\\\/2020\\\/11\\\/02\\\/visita-del-ministro-arroyo-y-firma-de-convenio-con-ustarroz\\\/#respond\"]}]},{\"@type\":\"WebPage\",\"@id\":\"https:\\\/\\\/noticiasmercedinas.com\\\/site\\\/2020\\\/11\\\/02\\\/visita-del-ministro-arroyo-y-firma-de-convenio-con-ustarroz\\\/\",\"url\":\"https:\\\/\\\/noticiasmercedinas.com\\\/site\\\/2020\\\/11\\\/02\\\/visita-del-ministro-arroyo-y-firma-de-convenio-con-ustarroz\\\/\",\"name\":\"Visita del ministro Arroyo y firma de convenio con Ustarroz\",\"isPartOf\":{\"@id\":\"https:\\\/\\\/noticiasmercedinas.com\\\/site\\\/#website\"},\"primaryImageOfPage\":{\"@id\":\"https:\\\/\\\/noticiasmercedinas.com\\\/site\\\/2020\\\/11\\\/02\\\/visita-del-ministro-arroyo-y-firma-de-convenio-con-ustarroz\\\/#primaryimage\"},\"image\":{\"@id\":\"https:\\\/\\\/noticiasmercedinas.com\\\/site\\\/2020\\\/11\\\/02\\\/visita-del-ministro-arroyo-y-firma-de-convenio-con-ustarroz\\\/#primaryimage\"},\"thumbnailUrl\":\"https:\\\/\\\/noticiasmercedinas.com\\\/site\\\/wp-content\\\/uploads\\\/2020\\\/11\\\/DSC09015.jpg\",\"datePublished\":\"2020-11-02T22:54:42+00:00\",\"breadcrumb\":{\"@id\":\"https:\\\/\\\/noticiasmercedinas.com\\\/site\\\/2020\\\/11\\\/02\\\/visita-del-ministro-arroyo-y-firma-de-convenio-con-ustarroz\\\/#breadcrumb\"},\"inLanguage\":\"es\",\"potentialAction\":[{\"@type\":\"ReadAction\",\"target\":[\"https:\\\/\\\/noticiasmercedinas.com\\\/site\\\/2020\\\/11\\\/02\\\/visita-del-ministro-arroyo-y-firma-de-convenio-con-ustarroz\\\/\"]}]},{\"@type\":\"ImageObject\",\"inLanguage\":\"es\",\"@id\":\"https:\\\/\\\/noticiasmercedinas.com\\\/site\\\/2020\\\/11\\\/02\\\/visita-del-ministro-arroyo-y-firma-de-convenio-con-ustarroz\\\/#primaryimage\",\"url\":\"https:\\\/\\\/noticiasmercedinas.com\\\/site\\\/wp-content\\\/uploads\\\/2020\\\/11\\\/DSC09015.jpg\",\"contentUrl\":\"https:\\\/\\\/noticiasmercedinas.com\\\/site\\\/wp-content\\\/uploads\\\/2020\\\/11\\\/DSC09015.jpg\",\"width\":1112,\"height\":626},{\"@type\":\"BreadcrumbList\",\"@id\":\"https:\\\/\\\/noticiasmercedinas.com\\\/site\\\/2020\\\/11\\\/02\\\/visita-del-ministro-arroyo-y-firma-de-convenio-con-ustarroz\\\/#breadcrumb\",\"itemListElement\":[{\"@type\":\"ListItem\",\"position\":1,\"name\":\"Portada\",\"item\":\"https:\\\/\\\/noticiasmercedinas.com\\\/site\\\/\"},{\"@type\":\"ListItem\",\"position\":2,\"name\":\"Visita del ministro Arroyo y firma de convenio con Ustarroz\"}]},{\"@type\":\"WebSite\",\"@id\":\"https:\\\/\\\/noticiasmercedinas.com\\\/site\\\/#website\",\"url\":\"https:\\\/\\\/noticiasmercedinas.com\\\/site\\\/\",\"name\":\"NOTICIASMERCEDINAS.COM\",\"description\":\"Mercedes, Buenos Aires, Argentina\",\"publisher\":{\"@id\":\"https:\\\/\\\/noticiasmercedinas.com\\\/site\\\/#organization\"},\"potentialAction\":[{\"@type\":\"SearchAction\",\"target\":{\"@type\":\"EntryPoint\",\"urlTemplate\":\"https:\\\/\\\/noticiasmercedinas.com\\\/site\\\/?s={search_term_string}\"},\"query-input\":{\"@type\":\"PropertyValueSpecification\",\"valueRequired\":true,\"valueName\":\"search_term_string\"}}],\"inLanguage\":\"es\"},{\"@type\":\"Organization\",\"@id\":\"https:\\\/\\\/noticiasmercedinas.com\\\/site\\\/#organization\",\"name\":\"NOTICIASMERCEDINAS.COM\",\"url\":\"https:\\\/\\\/noticiasmercedinas.com\\\/site\\\/\",\"logo\":{\"@type\":\"ImageObject\",\"inLanguage\":\"es\",\"@id\":\"https:\\\/\\\/noticiasmercedinas.com\\\/site\\\/#\\\/schema\\\/logo\\\/image\\\/\",\"url\":\"https:\\\/\\\/noticiasmercedinas.com\\\/site\\\/wp-content\\\/uploads\\\/2020\\\/06\\\/LOGO-512.jpg\",\"contentUrl\":\"https:\\\/\\\/noticiasmercedinas.com\\\/site\\\/wp-content\\\/uploads\\\/2020\\\/06\\\/LOGO-512.jpg\",\"width\":512,\"height\":512,\"caption\":\"NOTICIASMERCEDINAS.COM\"},\"image\":{\"@id\":\"https:\\\/\\\/noticiasmercedinas.com\\\/site\\\/#\\\/schema\\\/logo\\\/image\\\/\"},\"sameAs\":[\"https:\\\/\\\/www.facebook.com\\\/noticiasmercedinas\\\/\",\"https:\\\/\\\/x.com\\\/notmercedinas\",\"https:\\\/\\\/www.instagram.com\\\/noticiasmercedinas\\\/\"]},{\"@type\":\"Person\",\"@id\":\"https:\\\/\\\/noticiasmercedinas.com\\\/site\\\/#\\\/schema\\\/person\\\/84b59c099c28ff2e8b77d4ceec5d8063\",\"name\":\"NOTICIASMERCEDINAS.COM\",\"image\":{\"@type\":\"ImageObject\",\"inLanguage\":\"es\",\"@id\":\"https:\\\/\\\/secure.gravatar.com\\\/avatar\\\/4dfbf16b4d17945bfb6341b2d19043457132fcf478a5ee04f42e959fd8f5df0a?s=96&d=mm&r=g\",\"url\":\"https:\\\/\\\/secure.gravatar.com\\\/avatar\\\/4dfbf16b4d17945bfb6341b2d19043457132fcf478a5ee04f42e959fd8f5df0a?s=96&d=mm&r=g\",\"contentUrl\":\"https:\\\/\\\/secure.gravatar.com\\\/avatar\\\/4dfbf16b4d17945bfb6341b2d19043457132fcf478a5ee04f42e959fd8f5df0a?s=96&d=mm&r=g\",\"caption\":\"NOTICIASMERCEDINAS.COM\"},\"url\":\"https:\\\/\\\/noticiasmercedinas.com\\\/site\\\/author\\\/anonimo\\\/\"}]}<\/script>\n<!-- \/ Yoast SEO plugin. -->","yoast_head_json":{"title":"Visita del ministro Arroyo y firma de convenio con Ustarroz","robots":{"index":"index","follow":"follow","max-snippet":"max-snippet:-1","max-image-preview":"max-image-preview:large","max-video-preview":"max-video-preview:-1"},"canonical":"https:\/\/noticiasmercedinas.com\/site\/2020\/11\/02\/visita-del-ministro-arroyo-y-firma-de-convenio-con-ustarroz\/","og_locale":"es_ES","og_type":"article","og_title":"Visita del ministro Arroyo y firma de convenio con Ustarroz","og_description":"Estuvieron en el ex Instituto Unzu\u00e9 donde se entregan 300 nuevas tarjetas AlimentAR. Luego se trasladaron al Punto Verde de calle 29 y 6, que ser\u00e1 dotado de maquinaria y herramientas.","og_url":"https:\/\/noticiasmercedinas.com\/site\/2020\/11\/02\/visita-del-ministro-arroyo-y-firma-de-convenio-con-ustarroz\/","og_site_name":"NOTICIASMERCEDINAS.COM","article_publisher":"https:\/\/www.facebook.com\/noticiasmercedinas\/","article_published_time":"2020-11-02T22:54:42+00:00","og_image":[{"width":1112,"height":626,"url":"https:\/\/noticiasmercedinas.com\/site\/wp-content\/uploads\/2020\/11\/DSC09015.jpg","type":"image\/jpeg"}],"author":"NOTICIASMERCEDINAS.COM","twitter_card":"summary_large_image","twitter_creator":"@notmercedinas","twitter_site":"@notmercedinas","twitter_misc":{"Escrito por":"NOTICIASMERCEDINAS.COM","Tiempo de lectura":"4 minutos"},"schema":{"@context":"https:\/\/schema.org","@graph":[{"@type":"Article","@id":"https:\/\/noticiasmercedinas.com\/site\/2020\/11\/02\/visita-del-ministro-arroyo-y-firma-de-convenio-con-ustarroz\/#article","isPartOf":{"@id":"https:\/\/noticiasmercedinas.com\/site\/2020\/11\/02\/visita-del-ministro-arroyo-y-firma-de-convenio-con-ustarroz\/"},"author":{"name":"NOTICIASMERCEDINAS.COM","@id":"https:\/\/noticiasmercedinas.com\/site\/#\/schema\/person\/84b59c099c28ff2e8b77d4ceec5d8063"},"headline":"Visita del ministro Arroyo y firma de convenio con Ustarroz","datePublished":"2020-11-02T22:54:42+00:00","mainEntityOfPage":{"@id":"https:\/\/noticiasmercedinas.com\/site\/2020\/11\/02\/visita-del-ministro-arroyo-y-firma-de-convenio-con-ustarroz\/"},"wordCount":813,"commentCount":0,"publisher":{"@id":"https:\/\/noticiasmercedinas.com\/site\/#organization"},"image":{"@id":"https:\/\/noticiasmercedinas.com\/site\/2020\/11\/02\/visita-del-ministro-arroyo-y-firma-de-convenio-con-ustarroz\/#primaryimage"},"thumbnailUrl":"https:\/\/noticiasmercedinas.com\/site\/wp-content\/uploads\/2020\/11\/DSC09015.jpg","keywords":["Daniel Arroyo","desarrollo social","punto verde","reciclado","Tarjeta Alimentar"],"articleSection":["Politica"],"inLanguage":"es","potentialAction":[{"@type":"CommentAction","name":"Comment","target":["https:\/\/noticiasmercedinas.com\/site\/2020\/11\/02\/visita-del-ministro-arroyo-y-firma-de-convenio-con-ustarroz\/#respond"]}]},{"@type":"WebPage","@id":"https:\/\/noticiasmercedinas.com\/site\/2020\/11\/02\/visita-del-ministro-arroyo-y-firma-de-convenio-con-ustarroz\/","url":"https:\/\/noticiasmercedinas.com\/site\/2020\/11\/02\/visita-del-ministro-arroyo-y-firma-de-convenio-con-ustarroz\/","name":"Visita del ministro Arroyo y firma de convenio con Ustarroz","isPartOf":{"@id":"https:\/\/noticiasmercedinas.com\/site\/#website"},"primaryImageOfPage":{"@id":"https:\/\/noticiasmercedinas.com\/site\/2020\/11\/02\/visita-del-ministro-arroyo-y-firma-de-convenio-con-ustarroz\/#primaryimage"},"image":{"@id":"https:\/\/noticiasmercedinas.com\/site\/2020\/11\/02\/visita-del-ministro-arroyo-y-firma-de-convenio-con-ustarroz\/#primaryimage"},"thumbnailUrl":"https:\/\/noticiasmercedinas.com\/site\/wp-content\/uploads\/2020\/11\/DSC09015.jpg","datePublished":"2020-11-02T22:54:42+00:00","breadcrumb":{"@id":"https:\/\/noticiasmercedinas.com\/site\/2020\/11\/02\/visita-del-ministro-arroyo-y-firma-de-convenio-con-ustarroz\/#breadcrumb"},"inLanguage":"es","potentialAction":[{"@type":"ReadAction","target":["https:\/\/noticiasmercedinas.com\/site\/2020\/11\/02\/visita-del-ministro-arroyo-y-firma-de-convenio-con-ustarroz\/"]}]},{"@type":"ImageObject","inLanguage":"es","@id":"https:\/\/noticiasmercedinas.com\/site\/2020\/11\/02\/visita-del-ministro-arroyo-y-firma-de-convenio-con-ustarroz\/#primaryimage","url":"https:\/\/noticiasmercedinas.com\/site\/wp-content\/uploads\/2020\/11\/DSC09015.jpg","contentUrl":"https:\/\/noticiasmercedinas.com\/site\/wp-content\/uploads\/2020\/11\/DSC09015.jpg","width":1112,"height":626},{"@type":"BreadcrumbList","@id":"https:\/\/noticiasmercedinas.com\/site\/2020\/11\/02\/visita-del-ministro-arroyo-y-firma-de-convenio-con-ustarroz\/#breadcrumb","itemListElement":[{"@type":"ListItem","position":1,"name":"Portada","item":"https:\/\/noticiasmercedinas.com\/site\/"},{"@type":"ListItem","position":2,"name":"Visita del ministro Arroyo y firma de convenio con Ustarroz"}]},{"@type":"WebSite","@id":"https:\/\/noticiasmercedinas.com\/site\/#website","url":"https:\/\/noticiasmercedinas.com\/site\/","name":"NOTICIASMERCEDINAS.COM","description":"Mercedes, Buenos Aires, Argentina","publisher":{"@id":"https:\/\/noticiasmercedinas.com\/site\/#organization"},"potentialAction":[{"@type":"SearchAction","target":{"@type":"EntryPoint","urlTemplate":"https:\/\/noticiasmercedinas.com\/site\/?s={search_term_string}"},"query-input":{"@type":"PropertyValueSpecification","valueRequired":true,"valueName":"search_term_string"}}],"inLanguage":"es"},{"@type":"Organization","@id":"https:\/\/noticiasmercedinas.com\/site\/#organization","name":"NOTICIASMERCEDINAS.COM","url":"https:\/\/noticiasmercedinas.com\/site\/","logo":{"@type":"ImageObject","inLanguage":"es","@id":"https:\/\/noticiasmercedinas.com\/site\/#\/schema\/logo\/image\/","url":"https:\/\/noticiasmercedinas.com\/site\/wp-content\/uploads\/2020\/06\/LOGO-512.jpg","contentUrl":"https:\/\/noticiasmercedinas.com\/site\/wp-content\/uploads\/2020\/06\/LOGO-512.jpg","width":512,"height":512,"caption":"NOTICIASMERCEDINAS.COM"},"image":{"@id":"https:\/\/noticiasmercedinas.com\/site\/#\/schema\/logo\/image\/"},"sameAs":["https:\/\/www.facebook.com\/noticiasmercedinas\/","https:\/\/x.com\/notmercedinas","https:\/\/www.instagram.com\/noticiasmercedinas\/"]},{"@type":"Person","@id":"https:\/\/noticiasmercedinas.com\/site\/#\/schema\/person\/84b59c099c28ff2e8b77d4ceec5d8063","name":"NOTICIASMERCEDINAS.COM","image":{"@type":"ImageObject","inLanguage":"es","@id":"https:\/\/secure.gravatar.com\/avatar\/4dfbf16b4d17945bfb6341b2d19043457132fcf478a5ee04f42e959fd8f5df0a?s=96&d=mm&r=g","url":"https:\/\/secure.gravatar.com\/avatar\/4dfbf16b4d17945bfb6341b2d19043457132fcf478a5ee04f42e959fd8f5df0a?s=96&d=mm&r=g","contentUrl":"https:\/\/secure.gravatar.com\/avatar\/4dfbf16b4d17945bfb6341b2d19043457132fcf478a5ee04f42e959fd8f5df0a?s=96&d=mm&r=g","caption":"NOTICIASMERCEDINAS.COM"},"url":"https:\/\/noticiasmercedinas.com\/site\/author\/anonimo\/"}]}},"amp_enabled":true,"_links":{"self":[{"href":"https:\/\/noticiasmercedinas.com\/site\/wp-json\/wp\/v2\/posts\/55813","targetHints":{"allow":["GET"]}}],"collection":[{"href":"https:\/\/noticiasmercedinas.com\/site\/wp-json\/wp\/v2\/posts"}],"about":[{"href":"https:\/\/noticiasmercedinas.com\/site\/wp-json\/wp\/v2\/types\/post"}],"author":[{"embeddable":true,"href":"https:\/\/noticiasmercedinas.com\/site\/wp-json\/wp\/v2\/users\/16"}],"replies":[{"embeddable":true,"href":"https:\/\/noticiasmercedinas.com\/site\/wp-json\/wp\/v2\/comments?post=55813"}],"version-history":[{"count":1,"href":"https:\/\/noticiasmercedinas.com\/site\/wp-json\/wp\/v2\/posts\/55813\/revisions"}],"predecessor-version":[{"id":55816,"href":"https:\/\/noticiasmercedinas.com\/site\/wp-json\/wp\/v2\/posts\/55813\/revisions\/55816"}],"wp:featuredmedia":[{"embeddable":true,"href":"https:\/\/noticiasmercedinas.com\/site\/wp-json\/wp\/v2\/media\/55815"}],"wp:attachment":[{"href":"https:\/\/noticiasmercedinas.com\/site\/wp-json\/wp\/v2\/media?parent=55813"}],"wp:term":[{"taxonomy":"category","embeddable":true,"href":"https:\/\/noticiasmercedinas.com\/site\/wp-json\/wp\/v2\/categories?post=55813"},{"taxonomy":"post_tag","embeddable":true,"href":"https:\/\/noticiasmercedinas.com\/site\/wp-json\/wp\/v2\/tags?post=55813"}],"curies":[{"name":"wp","href":"https:\/\/api.w.org\/{rel}","templated":true}]}}