{"id":5618,"date":"2018-10-30T12:18:51","date_gmt":"2018-10-30T15:18:51","guid":{"rendered":"https:\/\/noticiasmercedinas.com\/site\/?p=5618"},"modified":"2018-10-30T12:18:51","modified_gmt":"2018-10-30T15:18:51","slug":"cada-categoria-tiene-su-puntero","status":"publish","type":"post","link":"https:\/\/noticiasmercedinas.com\/site\/2018\/10\/30\/cada-categoria-tiene-su-puntero\/","title":{"rendered":"Cada categor\u00eda tiene su puntero"},"content":{"rendered":"<p><strong>En el femenino manda El Front\u00f3n en Primera, Estudiantes puntea en Sub 16 y Alfa de Olivera en Sub 12.<\/strong><br \/>\n<img loading=\"lazy\" decoding=\"async\" class=\"alignnone size-full wp-image-5619\" src=\"https:\/\/noticiasmercedinas.com\/site\/wp-content\/uploads\/2018\/10\/ESTUDIANTES-PRIMERA-1-768x576.jpg\" alt=\"\" width=\"650\" height=\"436\" srcset=\"https:\/\/noticiasmercedinas.com\/site\/wp-content\/uploads\/2018\/10\/ESTUDIANTES-PRIMERA-1-768x576.jpg 650w, https:\/\/noticiasmercedinas.com\/site\/wp-content\/uploads\/2018\/10\/ESTUDIANTES-PRIMERA-1-768x576-300x201.jpg 300w, https:\/\/noticiasmercedinas.com\/site\/wp-content\/uploads\/2018\/10\/ESTUDIANTES-PRIMERA-1-768x576-537x360.jpg 537w, https:\/\/noticiasmercedinas.com\/site\/wp-content\/uploads\/2018\/10\/ESTUDIANTES-PRIMERA-1-768x576-640x429.jpg 640w\" sizes=\"auto, (max-width: 650px) 100vw, 650px\" \/><br \/>\nEl f\u00fatbol femenino de la Liga Mercedina tuvo durante el fin de semana la generaci\u00f3n de una nueva fecha, en Primera se jug\u00f3 en cancha de Alfa de Olivera mientras que las categor\u00edas juveniles se desarrollaron en el predio de Estudiantes.<\/p>\n<p><strong>AMEFIP San Mart\u00edn 1: <\/strong>Sof\u00eda Cejas.<br \/>\n<strong>Estudiantes 5:<\/strong> Candela Arroyo, Paola Barraza, Guillermina Crivella 2 y Julieta Olivieri.<\/p>\n<p><strong>Programa Envi\u00f3n 3:<\/strong> Antonela Sicca 2 y Andrea Valdez.<br \/>\n<strong>Comunicaciones 0<\/strong>.<\/p>\n<p><strong>V\u00e9lez 3:<\/strong> Marilina Lucero, Florencia Rodriguez y Magdalena Ruiz.<br \/>\n<strong>Mercedes 1:<\/strong> Yanina Russo.<\/p>\n<p><strong>Alfa 0.<br \/>\nEl Front\u00f3n 2:<\/strong> Agustina Cejas y Andrea pacheco.<\/p>\n<p><strong>Posiciones:<\/strong>\u00a01\u00b0 El Front\u00f3n 13 puntos, 2\u00b0 V\u00e9lez 12, 3\u00b0 Club Mercedes 9, 4\u00b0 Estudiantes 8, 5\u00b0 Envi\u00f3n 6, 6\u00b0 Alfa 4, 7\u00b0 AMEFIP San Mart\u00edn y Uni\u00f3n 3, 9\u00b0 Comunicaciones 0 unidad.<\/p>\n<p><strong>SUB 12<br \/>\nAlfa 6: <\/strong>Clara Cerdeiro 3, Morena Garc\u00eda 2 y Nicol Lagos.<br \/>\n<strong>V\u00e9lez Sarsfield 0<\/strong>.<\/p>\n<p><strong>SUB 12<br \/>\nEstudiantes \u00a00.<br \/>\nComunicaciones 1:<\/strong> Candela Ciovini.<\/p>\n<p><strong>SUB 16<br \/>\nV\u00e9lez 0.<br \/>\nIndependiente (Capit\u00e1n Sarmiento) 0.<br \/>\n<\/strong><br \/>\n<strong>SUB 16<br \/>\nEstudiantes 5:<\/strong> Valentina Alfonso, Gabriela L\u00f3pez Camelo 3 y Nazarena Viola.<br \/>\n<strong>Comunicaciones 0<\/strong>.<\/p>\n<p><strong>Sub 16:<\/strong>\u00a01\u00b0 Estudiantes 12 puntos, 2\u00b0 Defensores y V\u00e9lez 10, 4\u00b0 Independiente 9, 5\u00b0 Alfa 7 y 6\u00b0 Comunicaciones 4 unidades.<\/p>\n<p><strong> Sub 12:\u00a0<\/strong>1\u00b0 Alfa 15 puntos, 2\u00b0 V\u00e9lez y Comunicaciones 19 y 4\u00b0 Estudiantes 5 unidades.<\/p>\n","protected":false},"excerpt":{"rendered":"<p>En el femenino manda El Front\u00f3n en Primera, Estudiantes puntea en Sub 16 y Alfa de Olivera en Sub 12. El f\u00fatbol femenino de la Liga Mercedina tuvo durante el fin de semana la generaci\u00f3n de una nueva fecha, en Primera se jug\u00f3 en cancha de Alfa de Olivera mientras que las categor\u00edas juveniles se [&hellip;]<\/p>\n","protected":false},"author":6,"featured_media":5619,"comment_status":"open","ping_status":"open","sticky":false,"template":"","format":"standard","meta":{"footnotes":""},"categories":[5],"tags":[751],"class_list":["post-5618","post","type-post","status-publish","format-standard","has-post-thumbnail","hentry","category-deportes","tag-futbol-femenino"],"yoast_head":"<!-- This site is optimized with the Yoast SEO plugin v27.5 - https:\/\/yoast.com\/product\/yoast-seo-wordpress\/ -->\n<title>Cada categor\u00eda tiene su puntero<\/title>\n<meta name=\"robots\" content=\"index, follow, max-snippet:-1, max-image-preview:large, max-video-preview:-1\" \/>\n<link rel=\"canonical\" href=\"https:\/\/noticiasmercedinas.com\/site\/2018\/10\/30\/cada-categoria-tiene-su-puntero\/\" \/>\n<meta property=\"og:locale\" content=\"es_ES\" \/>\n<meta property=\"og:type\" content=\"article\" \/>\n<meta property=\"og:title\" content=\"Cada categor\u00eda tiene su puntero\" \/>\n<meta property=\"og:description\" content=\"En el femenino manda El Front\u00f3n en Primera, Estudiantes puntea en Sub 16 y Alfa de Olivera en Sub 12. El f\u00fatbol femenino de la Liga Mercedina tuvo durante el fin de semana la generaci\u00f3n de una nueva fecha, en Primera se jug\u00f3 en cancha de Alfa de Olivera mientras que las categor\u00edas juveniles se [&hellip;]\" \/>\n<meta property=\"og:url\" content=\"https:\/\/noticiasmercedinas.com\/site\/2018\/10\/30\/cada-categoria-tiene-su-puntero\/\" \/>\n<meta property=\"og:site_name\" content=\"NOTICIASMERCEDINAS.COM\" \/>\n<meta property=\"article:publisher\" content=\"https:\/\/www.facebook.com\/noticiasmercedinas\/\" \/>\n<meta property=\"article:published_time\" content=\"2018-10-30T15:18:51+00:00\" \/>\n<meta property=\"og:image\" content=\"https:\/\/noticiasmercedinas.com\/site\/wp-content\/uploads\/2018\/10\/ESTUDIANTES-PRIMERA-1-768x576.jpg\" \/>\n\t<meta property=\"og:image:width\" content=\"650\" \/>\n\t<meta property=\"og:image:height\" content=\"436\" \/>\n\t<meta property=\"og:image:type\" content=\"image\/jpeg\" \/>\n<meta name=\"author\" content=\"Juan Dagnino NOTICIASMERCEDINAS.COM\" \/>\n<meta name=\"twitter:card\" content=\"summary_large_image\" \/>\n<meta name=\"twitter:creator\" content=\"@notmercedinas\" \/>\n<meta name=\"twitter:site\" content=\"@notmercedinas\" \/>\n<meta name=\"twitter:label1\" content=\"Escrito por\" \/>\n\t<meta name=\"twitter:data1\" content=\"Juan Dagnino NOTICIASMERCEDINAS.COM\" \/>\n\t<meta name=\"twitter:label2\" content=\"Tiempo de lectura\" \/>\n\t<meta name=\"twitter:data2\" content=\"1 minuto\" \/>\n<script type=\"application\/ld+json\" class=\"yoast-schema-graph\">{\"@context\":\"https:\\\/\\\/schema.org\",\"@graph\":[{\"@type\":\"Article\",\"@id\":\"https:\\\/\\\/noticiasmercedinas.com\\\/site\\\/2018\\\/10\\\/30\\\/cada-categoria-tiene-su-puntero\\\/#article\",\"isPartOf\":{\"@id\":\"https:\\\/\\\/noticiasmercedinas.com\\\/site\\\/2018\\\/10\\\/30\\\/cada-categoria-tiene-su-puntero\\\/\"},\"author\":{\"name\":\"Juan Dagnino NOTICIASMERCEDINAS.COM\",\"@id\":\"https:\\\/\\\/noticiasmercedinas.com\\\/site\\\/#\\\/schema\\\/person\\\/8f2f09d666ef40986eba4a5e6f2a06f9\"},\"headline\":\"Cada categor\u00eda tiene su puntero\",\"datePublished\":\"2018-10-30T15:18:51+00:00\",\"mainEntityOfPage\":{\"@id\":\"https:\\\/\\\/noticiasmercedinas.com\\\/site\\\/2018\\\/10\\\/30\\\/cada-categoria-tiene-su-puntero\\\/\"},\"wordCount\":197,\"commentCount\":0,\"publisher\":{\"@id\":\"https:\\\/\\\/noticiasmercedinas.com\\\/site\\\/#organization\"},\"image\":{\"@id\":\"https:\\\/\\\/noticiasmercedinas.com\\\/site\\\/2018\\\/10\\\/30\\\/cada-categoria-tiene-su-puntero\\\/#primaryimage\"},\"thumbnailUrl\":\"https:\\\/\\\/noticiasmercedinas.com\\\/site\\\/wp-content\\\/uploads\\\/2018\\\/10\\\/ESTUDIANTES-PRIMERA-1-768x576.jpg\",\"keywords\":[\"f\u00fatbol femenino\"],\"articleSection\":[\"Deportes\"],\"inLanguage\":\"es\",\"potentialAction\":[{\"@type\":\"CommentAction\",\"name\":\"Comment\",\"target\":[\"https:\\\/\\\/noticiasmercedinas.com\\\/site\\\/2018\\\/10\\\/30\\\/cada-categoria-tiene-su-puntero\\\/#respond\"]}]},{\"@type\":\"WebPage\",\"@id\":\"https:\\\/\\\/noticiasmercedinas.com\\\/site\\\/2018\\\/10\\\/30\\\/cada-categoria-tiene-su-puntero\\\/\",\"url\":\"https:\\\/\\\/noticiasmercedinas.com\\\/site\\\/2018\\\/10\\\/30\\\/cada-categoria-tiene-su-puntero\\\/\",\"name\":\"Cada categor\u00eda tiene su puntero\",\"isPartOf\":{\"@id\":\"https:\\\/\\\/noticiasmercedinas.com\\\/site\\\/#website\"},\"primaryImageOfPage\":{\"@id\":\"https:\\\/\\\/noticiasmercedinas.com\\\/site\\\/2018\\\/10\\\/30\\\/cada-categoria-tiene-su-puntero\\\/#primaryimage\"},\"image\":{\"@id\":\"https:\\\/\\\/noticiasmercedinas.com\\\/site\\\/2018\\\/10\\\/30\\\/cada-categoria-tiene-su-puntero\\\/#primaryimage\"},\"thumbnailUrl\":\"https:\\\/\\\/noticiasmercedinas.com\\\/site\\\/wp-content\\\/uploads\\\/2018\\\/10\\\/ESTUDIANTES-PRIMERA-1-768x576.jpg\",\"datePublished\":\"2018-10-30T15:18:51+00:00\",\"breadcrumb\":{\"@id\":\"https:\\\/\\\/noticiasmercedinas.com\\\/site\\\/2018\\\/10\\\/30\\\/cada-categoria-tiene-su-puntero\\\/#breadcrumb\"},\"inLanguage\":\"es\",\"potentialAction\":[{\"@type\":\"ReadAction\",\"target\":[\"https:\\\/\\\/noticiasmercedinas.com\\\/site\\\/2018\\\/10\\\/30\\\/cada-categoria-tiene-su-puntero\\\/\"]}]},{\"@type\":\"ImageObject\",\"inLanguage\":\"es\",\"@id\":\"https:\\\/\\\/noticiasmercedinas.com\\\/site\\\/2018\\\/10\\\/30\\\/cada-categoria-tiene-su-puntero\\\/#primaryimage\",\"url\":\"https:\\\/\\\/noticiasmercedinas.com\\\/site\\\/wp-content\\\/uploads\\\/2018\\\/10\\\/ESTUDIANTES-PRIMERA-1-768x576.jpg\",\"contentUrl\":\"https:\\\/\\\/noticiasmercedinas.com\\\/site\\\/wp-content\\\/uploads\\\/2018\\\/10\\\/ESTUDIANTES-PRIMERA-1-768x576.jpg\",\"width\":650,\"height\":436},{\"@type\":\"BreadcrumbList\",\"@id\":\"https:\\\/\\\/noticiasmercedinas.com\\\/site\\\/2018\\\/10\\\/30\\\/cada-categoria-tiene-su-puntero\\\/#breadcrumb\",\"itemListElement\":[{\"@type\":\"ListItem\",\"position\":1,\"name\":\"Portada\",\"item\":\"https:\\\/\\\/noticiasmercedinas.com\\\/site\\\/\"},{\"@type\":\"ListItem\",\"position\":2,\"name\":\"Cada categor\u00eda tiene su puntero\"}]},{\"@type\":\"WebSite\",\"@id\":\"https:\\\/\\\/noticiasmercedinas.com\\\/site\\\/#website\",\"url\":\"https:\\\/\\\/noticiasmercedinas.com\\\/site\\\/\",\"name\":\"NOTICIASMERCEDINAS.COM\",\"description\":\"Mercedes, Buenos Aires, Argentina\",\"publisher\":{\"@id\":\"https:\\\/\\\/noticiasmercedinas.com\\\/site\\\/#organization\"},\"potentialAction\":[{\"@type\":\"SearchAction\",\"target\":{\"@type\":\"EntryPoint\",\"urlTemplate\":\"https:\\\/\\\/noticiasmercedinas.com\\\/site\\\/?s={search_term_string}\"},\"query-input\":{\"@type\":\"PropertyValueSpecification\",\"valueRequired\":true,\"valueName\":\"search_term_string\"}}],\"inLanguage\":\"es\"},{\"@type\":\"Organization\",\"@id\":\"https:\\\/\\\/noticiasmercedinas.com\\\/site\\\/#organization\",\"name\":\"NOTICIASMERCEDINAS.COM\",\"url\":\"https:\\\/\\\/noticiasmercedinas.com\\\/site\\\/\",\"logo\":{\"@type\":\"ImageObject\",\"inLanguage\":\"es\",\"@id\":\"https:\\\/\\\/noticiasmercedinas.com\\\/site\\\/#\\\/schema\\\/logo\\\/image\\\/\",\"url\":\"https:\\\/\\\/noticiasmercedinas.com\\\/site\\\/wp-content\\\/uploads\\\/2020\\\/06\\\/LOGO-512.jpg\",\"contentUrl\":\"https:\\\/\\\/noticiasmercedinas.com\\\/site\\\/wp-content\\\/uploads\\\/2020\\\/06\\\/LOGO-512.jpg\",\"width\":512,\"height\":512,\"caption\":\"NOTICIASMERCEDINAS.COM\"},\"image\":{\"@id\":\"https:\\\/\\\/noticiasmercedinas.com\\\/site\\\/#\\\/schema\\\/logo\\\/image\\\/\"},\"sameAs\":[\"https:\\\/\\\/www.facebook.com\\\/noticiasmercedinas\\\/\",\"https:\\\/\\\/x.com\\\/notmercedinas\",\"https:\\\/\\\/www.instagram.com\\\/noticiasmercedinas\\\/\"]},{\"@type\":\"Person\",\"@id\":\"https:\\\/\\\/noticiasmercedinas.com\\\/site\\\/#\\\/schema\\\/person\\\/8f2f09d666ef40986eba4a5e6f2a06f9\",\"name\":\"Juan Dagnino NOTICIASMERCEDINAS.COM\",\"image\":{\"@type\":\"ImageObject\",\"inLanguage\":\"es\",\"@id\":\"https:\\\/\\\/secure.gravatar.com\\\/avatar\\\/fc7059a769f5a3cae65fadb228a3e4accf3a64b4b2305020d0a27e6d5333c91b?s=96&d=mm&r=g\",\"url\":\"https:\\\/\\\/secure.gravatar.com\\\/avatar\\\/fc7059a769f5a3cae65fadb228a3e4accf3a64b4b2305020d0a27e6d5333c91b?s=96&d=mm&r=g\",\"contentUrl\":\"https:\\\/\\\/secure.gravatar.com\\\/avatar\\\/fc7059a769f5a3cae65fadb228a3e4accf3a64b4b2305020d0a27e6d5333c91b?s=96&d=mm&r=g\",\"caption\":\"Juan Dagnino NOTICIASMERCEDINAS.COM\"},\"url\":\"https:\\\/\\\/noticiasmercedinas.com\\\/site\\\/author\\\/juandagnino\\\/\"}]}<\/script>\n<!-- \/ Yoast SEO plugin. -->","yoast_head_json":{"title":"Cada categor\u00eda tiene su puntero","robots":{"index":"index","follow":"follow","max-snippet":"max-snippet:-1","max-image-preview":"max-image-preview:large","max-video-preview":"max-video-preview:-1"},"canonical":"https:\/\/noticiasmercedinas.com\/site\/2018\/10\/30\/cada-categoria-tiene-su-puntero\/","og_locale":"es_ES","og_type":"article","og_title":"Cada categor\u00eda tiene su puntero","og_description":"En el femenino manda El Front\u00f3n en Primera, Estudiantes puntea en Sub 16 y Alfa de Olivera en Sub 12. El f\u00fatbol femenino de la Liga Mercedina tuvo durante el fin de semana la generaci\u00f3n de una nueva fecha, en Primera se jug\u00f3 en cancha de Alfa de Olivera mientras que las categor\u00edas juveniles se [&hellip;]","og_url":"https:\/\/noticiasmercedinas.com\/site\/2018\/10\/30\/cada-categoria-tiene-su-puntero\/","og_site_name":"NOTICIASMERCEDINAS.COM","article_publisher":"https:\/\/www.facebook.com\/noticiasmercedinas\/","article_published_time":"2018-10-30T15:18:51+00:00","og_image":[{"width":650,"height":436,"url":"https:\/\/noticiasmercedinas.com\/site\/wp-content\/uploads\/2018\/10\/ESTUDIANTES-PRIMERA-1-768x576.jpg","type":"image\/jpeg"}],"author":"Juan Dagnino NOTICIASMERCEDINAS.COM","twitter_card":"summary_large_image","twitter_creator":"@notmercedinas","twitter_site":"@notmercedinas","twitter_misc":{"Escrito por":"Juan Dagnino NOTICIASMERCEDINAS.COM","Tiempo de lectura":"1 minuto"},"schema":{"@context":"https:\/\/schema.org","@graph":[{"@type":"Article","@id":"https:\/\/noticiasmercedinas.com\/site\/2018\/10\/30\/cada-categoria-tiene-su-puntero\/#article","isPartOf":{"@id":"https:\/\/noticiasmercedinas.com\/site\/2018\/10\/30\/cada-categoria-tiene-su-puntero\/"},"author":{"name":"Juan Dagnino NOTICIASMERCEDINAS.COM","@id":"https:\/\/noticiasmercedinas.com\/site\/#\/schema\/person\/8f2f09d666ef40986eba4a5e6f2a06f9"},"headline":"Cada categor\u00eda tiene su puntero","datePublished":"2018-10-30T15:18:51+00:00","mainEntityOfPage":{"@id":"https:\/\/noticiasmercedinas.com\/site\/2018\/10\/30\/cada-categoria-tiene-su-puntero\/"},"wordCount":197,"commentCount":0,"publisher":{"@id":"https:\/\/noticiasmercedinas.com\/site\/#organization"},"image":{"@id":"https:\/\/noticiasmercedinas.com\/site\/2018\/10\/30\/cada-categoria-tiene-su-puntero\/#primaryimage"},"thumbnailUrl":"https:\/\/noticiasmercedinas.com\/site\/wp-content\/uploads\/2018\/10\/ESTUDIANTES-PRIMERA-1-768x576.jpg","keywords":["f\u00fatbol femenino"],"articleSection":["Deportes"],"inLanguage":"es","potentialAction":[{"@type":"CommentAction","name":"Comment","target":["https:\/\/noticiasmercedinas.com\/site\/2018\/10\/30\/cada-categoria-tiene-su-puntero\/#respond"]}]},{"@type":"WebPage","@id":"https:\/\/noticiasmercedinas.com\/site\/2018\/10\/30\/cada-categoria-tiene-su-puntero\/","url":"https:\/\/noticiasmercedinas.com\/site\/2018\/10\/30\/cada-categoria-tiene-su-puntero\/","name":"Cada categor\u00eda tiene su puntero","isPartOf":{"@id":"https:\/\/noticiasmercedinas.com\/site\/#website"},"primaryImageOfPage":{"@id":"https:\/\/noticiasmercedinas.com\/site\/2018\/10\/30\/cada-categoria-tiene-su-puntero\/#primaryimage"},"image":{"@id":"https:\/\/noticiasmercedinas.com\/site\/2018\/10\/30\/cada-categoria-tiene-su-puntero\/#primaryimage"},"thumbnailUrl":"https:\/\/noticiasmercedinas.com\/site\/wp-content\/uploads\/2018\/10\/ESTUDIANTES-PRIMERA-1-768x576.jpg","datePublished":"2018-10-30T15:18:51+00:00","breadcrumb":{"@id":"https:\/\/noticiasmercedinas.com\/site\/2018\/10\/30\/cada-categoria-tiene-su-puntero\/#breadcrumb"},"inLanguage":"es","potentialAction":[{"@type":"ReadAction","target":["https:\/\/noticiasmercedinas.com\/site\/2018\/10\/30\/cada-categoria-tiene-su-puntero\/"]}]},{"@type":"ImageObject","inLanguage":"es","@id":"https:\/\/noticiasmercedinas.com\/site\/2018\/10\/30\/cada-categoria-tiene-su-puntero\/#primaryimage","url":"https:\/\/noticiasmercedinas.com\/site\/wp-content\/uploads\/2018\/10\/ESTUDIANTES-PRIMERA-1-768x576.jpg","contentUrl":"https:\/\/noticiasmercedinas.com\/site\/wp-content\/uploads\/2018\/10\/ESTUDIANTES-PRIMERA-1-768x576.jpg","width":650,"height":436},{"@type":"BreadcrumbList","@id":"https:\/\/noticiasmercedinas.com\/site\/2018\/10\/30\/cada-categoria-tiene-su-puntero\/#breadcrumb","itemListElement":[{"@type":"ListItem","position":1,"name":"Portada","item":"https:\/\/noticiasmercedinas.com\/site\/"},{"@type":"ListItem","position":2,"name":"Cada categor\u00eda tiene su puntero"}]},{"@type":"WebSite","@id":"https:\/\/noticiasmercedinas.com\/site\/#website","url":"https:\/\/noticiasmercedinas.com\/site\/","name":"NOTICIASMERCEDINAS.COM","description":"Mercedes, Buenos Aires, Argentina","publisher":{"@id":"https:\/\/noticiasmercedinas.com\/site\/#organization"},"potentialAction":[{"@type":"SearchAction","target":{"@type":"EntryPoint","urlTemplate":"https:\/\/noticiasmercedinas.com\/site\/?s={search_term_string}"},"query-input":{"@type":"PropertyValueSpecification","valueRequired":true,"valueName":"search_term_string"}}],"inLanguage":"es"},{"@type":"Organization","@id":"https:\/\/noticiasmercedinas.com\/site\/#organization","name":"NOTICIASMERCEDINAS.COM","url":"https:\/\/noticiasmercedinas.com\/site\/","logo":{"@type":"ImageObject","inLanguage":"es","@id":"https:\/\/noticiasmercedinas.com\/site\/#\/schema\/logo\/image\/","url":"https:\/\/noticiasmercedinas.com\/site\/wp-content\/uploads\/2020\/06\/LOGO-512.jpg","contentUrl":"https:\/\/noticiasmercedinas.com\/site\/wp-content\/uploads\/2020\/06\/LOGO-512.jpg","width":512,"height":512,"caption":"NOTICIASMERCEDINAS.COM"},"image":{"@id":"https:\/\/noticiasmercedinas.com\/site\/#\/schema\/logo\/image\/"},"sameAs":["https:\/\/www.facebook.com\/noticiasmercedinas\/","https:\/\/x.com\/notmercedinas","https:\/\/www.instagram.com\/noticiasmercedinas\/"]},{"@type":"Person","@id":"https:\/\/noticiasmercedinas.com\/site\/#\/schema\/person\/8f2f09d666ef40986eba4a5e6f2a06f9","name":"Juan Dagnino NOTICIASMERCEDINAS.COM","image":{"@type":"ImageObject","inLanguage":"es","@id":"https:\/\/secure.gravatar.com\/avatar\/fc7059a769f5a3cae65fadb228a3e4accf3a64b4b2305020d0a27e6d5333c91b?s=96&d=mm&r=g","url":"https:\/\/secure.gravatar.com\/avatar\/fc7059a769f5a3cae65fadb228a3e4accf3a64b4b2305020d0a27e6d5333c91b?s=96&d=mm&r=g","contentUrl":"https:\/\/secure.gravatar.com\/avatar\/fc7059a769f5a3cae65fadb228a3e4accf3a64b4b2305020d0a27e6d5333c91b?s=96&d=mm&r=g","caption":"Juan Dagnino NOTICIASMERCEDINAS.COM"},"url":"https:\/\/noticiasmercedinas.com\/site\/author\/juandagnino\/"}]}},"amp_enabled":true,"_links":{"self":[{"href":"https:\/\/noticiasmercedinas.com\/site\/wp-json\/wp\/v2\/posts\/5618","targetHints":{"allow":["GET"]}}],"collection":[{"href":"https:\/\/noticiasmercedinas.com\/site\/wp-json\/wp\/v2\/posts"}],"about":[{"href":"https:\/\/noticiasmercedinas.com\/site\/wp-json\/wp\/v2\/types\/post"}],"author":[{"embeddable":true,"href":"https:\/\/noticiasmercedinas.com\/site\/wp-json\/wp\/v2\/users\/6"}],"replies":[{"embeddable":true,"href":"https:\/\/noticiasmercedinas.com\/site\/wp-json\/wp\/v2\/comments?post=5618"}],"version-history":[{"count":1,"href":"https:\/\/noticiasmercedinas.com\/site\/wp-json\/wp\/v2\/posts\/5618\/revisions"}],"predecessor-version":[{"id":5620,"href":"https:\/\/noticiasmercedinas.com\/site\/wp-json\/wp\/v2\/posts\/5618\/revisions\/5620"}],"wp:featuredmedia":[{"embeddable":true,"href":"https:\/\/noticiasmercedinas.com\/site\/wp-json\/wp\/v2\/media\/5619"}],"wp:attachment":[{"href":"https:\/\/noticiasmercedinas.com\/site\/wp-json\/wp\/v2\/media?parent=5618"}],"wp:term":[{"taxonomy":"category","embeddable":true,"href":"https:\/\/noticiasmercedinas.com\/site\/wp-json\/wp\/v2\/categories?post=5618"},{"taxonomy":"post_tag","embeddable":true,"href":"https:\/\/noticiasmercedinas.com\/site\/wp-json\/wp\/v2\/tags?post=5618"}],"curies":[{"name":"wp","href":"https:\/\/api.w.org\/{rel}","templated":true}]}}