{"id":56226,"date":"2020-11-09T19:32:35","date_gmt":"2020-11-09T22:32:35","guid":{"rendered":"https:\/\/noticiasmercedinas.com\/site\/?p=56226"},"modified":"2020-11-09T19:35:22","modified_gmt":"2020-11-09T22:35:22","slug":"profesionales-de-la-salud-piden-licencia-extraordinaria-y-protestan","status":"publish","type":"post","link":"https:\/\/noticiasmercedinas.com\/site\/2020\/11\/09\/profesionales-de-la-salud-piden-licencia-extraordinaria-y-protestan\/","title":{"rendered":"Profesionales de la salud piden licencia extraordinaria y protestan"},"content":{"rendered":"<p><img loading=\"lazy\" decoding=\"async\" class=\"alignnone size-full wp-image-48370\" src=\"https:\/\/noticiasmercedinas.com\/site\/wp-content\/uploads\/2020\/07\/hospital.jpg\" alt=\"\" width=\"939\" height=\"626\" srcset=\"https:\/\/noticiasmercedinas.com\/site\/wp-content\/uploads\/2020\/07\/hospital.jpg 939w, https:\/\/noticiasmercedinas.com\/site\/wp-content\/uploads\/2020\/07\/hospital-300x200.jpg 300w, https:\/\/noticiasmercedinas.com\/site\/wp-content\/uploads\/2020\/07\/hospital-768x512.jpg 768w, https:\/\/noticiasmercedinas.com\/site\/wp-content\/uploads\/2020\/07\/hospital-640x427.jpg 640w, https:\/\/noticiasmercedinas.com\/site\/wp-content\/uploads\/2020\/07\/hospital-681x454.jpg 681w\" sizes=\"auto, (max-width: 939px) 100vw, 939px\" \/><\/p>\n<p>\u201cMa\u00f1ana estamos haciendo una jornada nacional de lucha en la que la idea es visibilizar lo que nos pasa. No tuvimos aumento y no estamos teniendo licencia. Apoyamos netamente lo que pide nuestra entidad madre, Fesprosa, que es licencia extraordinaria para todos los trabajadores de la Salud\u201d, dijo el doctor <strong>Hern\u00e1n Rivero<\/strong>, referente sindical mercedino de los trabajadores de la salud. Se refiri\u00f3 a la Jornada en Defensa de los Equipos de Salud, que se har\u00e1 este martes 10 de noviembre. Piden salarios dignos, fin del trabajo precario y protecci\u00f3n a los trabajadores.<\/p>\n<p>\u201cDesde el Movimiento 7 de la CICOP nos solidarizamos y convocamos a esta jornada de protesta. El Blas Dubarry Seccional CICOP adhiere\u201d, aclar\u00f3 el profesional Rivero, comentando que si bien la emergencia sanitaria dura hasta fin de febrero no tienen noticias aun, con el personal \u201cextenuado\u201d, sobre licencias.<\/p>\n<p>Fesprosa pide licencia extraordinaria para los trabajadores de salud. La Federaci\u00f3n elev\u00f3 una propuesta urgente para la actualizaci\u00f3n de las recomendaciones del Comit\u00e9 Organizativo de Emergencia. Piden licencia extraordinaria para los trabajadores sanitarios ya que el impacto de la pandemia podr\u00eda tener consecuencias graves para su salud. Ya hay 54.000 contagiados y 300 fallecidos.<\/p>\n<p>\u201cHay 54.000 trabajadores contagiados y 300 fallecidos, y el agotamiento de los equipos es una fuente de contagio\u201d, resalt\u00f3 Mar\u00eda Fernanda Boriotti, presidenta de Fesprosa. En este sentido, la Federaci\u00f3n elev\u00f3 una propuesta al Comit\u00e9 Nacional de Gesti\u00f3n de Crisis &#8211;\u00f3rgano de aplicaci\u00f3n de la Ley Silvio conformado por el Ministerio de Salud de la Naci\u00f3n y los gremios nacionales de salud&#8211; para actualizar las recomendaciones del Comit\u00e9 Organizativo de Emergencia (COE).<\/p>\n<blockquote><p>El proceso de desgaste y el estr\u00e9s cr\u00f3nico, propio de trabajar en el campo sanitario, ha aumentado durante la pandemia. El impacto en el corto y mediano plazo tendr\u00e1 graves consecuencias para la salud de los trabajadores<\/p><\/blockquote>\n<p>&nbsp;<\/p>\n<p><img loading=\"lazy\" decoding=\"async\" class=\"alignnone size-full wp-image-56228\" src=\"https:\/\/noticiasmercedinas.com\/site\/wp-content\/uploads\/2020\/11\/251365af-ff60-4f8b-9ef3-45e291141050.jpg\" alt=\"\" width=\"800\" height=\"800\" srcset=\"https:\/\/noticiasmercedinas.com\/site\/wp-content\/uploads\/2020\/11\/251365af-ff60-4f8b-9ef3-45e291141050.jpg 800w, https:\/\/noticiasmercedinas.com\/site\/wp-content\/uploads\/2020\/11\/251365af-ff60-4f8b-9ef3-45e291141050-300x300.jpg 300w, https:\/\/noticiasmercedinas.com\/site\/wp-content\/uploads\/2020\/11\/251365af-ff60-4f8b-9ef3-45e291141050-150x150.jpg 150w, https:\/\/noticiasmercedinas.com\/site\/wp-content\/uploads\/2020\/11\/251365af-ff60-4f8b-9ef3-45e291141050-768x768.jpg 768w, https:\/\/noticiasmercedinas.com\/site\/wp-content\/uploads\/2020\/11\/251365af-ff60-4f8b-9ef3-45e291141050-640x640.jpg 640w, https:\/\/noticiasmercedinas.com\/site\/wp-content\/uploads\/2020\/11\/251365af-ff60-4f8b-9ef3-45e291141050-681x681.jpg 681w\" sizes=\"auto, (max-width: 800px) 100vw, 800px\" \/><\/p>\n<p>De acuerdo a lo consensuado en la \u00faltima reuni\u00f3n se elevaron para su tratamiento dos propuestas de recomendaci\u00f3n:<\/p>\n<p><em>1- Implementaci\u00f3n de una licencia extraordinaria COVID 2020 para todo el personal de salud:\u00a0El desgaste y agotamiento psicof\u00edsico de las y los trabajadores de salud hace necesaria la implementaci\u00f3n de una licencia extraordinaria por pandemia Covid 2020. El proceso de desgaste y el estr\u00e9s cr\u00f3nico, propio de trabajar en el campo sanitario, ha aumentado durante la pandemia. El impacto en el corto y mediano plazo tendr\u00e1 graves consecuencias para la salud de los trabajadores. Como medida urgente para cuidar a los que cuidan proponemos implementar una licencia extraordinaria de 5 d\u00edas h\u00e1biles a los que tendr\u00e1 derecho el\/la trabajador\/a organizando los servicios. Es fundamental prevenir y adelantarse al impacto en la salud psicof\u00edsica de los trabajadores para lograr llegar al final de esta etapa.<\/em><\/p>\n<p><em>2- El COE Nacional reitera su recomendaci\u00f3n de integrar a los representantes de los trabajadores en los Comit\u00e9s de Crisis provinciales, locales y hospitalarios. <\/em><\/p>\n<p><img loading=\"lazy\" decoding=\"async\" class=\"alignnone size-full wp-image-56227\" src=\"https:\/\/noticiasmercedinas.com\/site\/wp-content\/uploads\/2020\/11\/4d6dc051-3dfe-4b13-a77c-26bbcf69779a.jpg\" alt=\"\" width=\"720\" height=\"720\" srcset=\"https:\/\/noticiasmercedinas.com\/site\/wp-content\/uploads\/2020\/11\/4d6dc051-3dfe-4b13-a77c-26bbcf69779a.jpg 720w, https:\/\/noticiasmercedinas.com\/site\/wp-content\/uploads\/2020\/11\/4d6dc051-3dfe-4b13-a77c-26bbcf69779a-300x300.jpg 300w, https:\/\/noticiasmercedinas.com\/site\/wp-content\/uploads\/2020\/11\/4d6dc051-3dfe-4b13-a77c-26bbcf69779a-150x150.jpg 150w, https:\/\/noticiasmercedinas.com\/site\/wp-content\/uploads\/2020\/11\/4d6dc051-3dfe-4b13-a77c-26bbcf69779a-640x640.jpg 640w, https:\/\/noticiasmercedinas.com\/site\/wp-content\/uploads\/2020\/11\/4d6dc051-3dfe-4b13-a77c-26bbcf69779a-681x681.jpg 681w\" sizes=\"auto, (max-width: 720px) 100vw, 720px\" \/><\/p>\n","protected":false},"excerpt":{"rendered":"<p>\u25a0 El Blas Dubarry Seccional CICOP adhiere a la Jornada en Defensa de los Equipos de Salud, impulsada por Fesprosa. Piden implementar licencia extraordinaria COVID 2020.<\/p>\n","protected":false},"author":16,"featured_media":48370,"comment_status":"open","ping_status":"open","sticky":false,"template":"","format":"standard","meta":{"footnotes":""},"categories":[10],"tags":[56,224,8663],"class_list":["post-56226","post","type-post","status-publish","format-standard","has-post-thumbnail","hentry","category-especiales","tag-cicop","tag-hospital","tag-pandemia"],"yoast_head":"<!-- This site is optimized with the Yoast SEO plugin v27.5 - https:\/\/yoast.com\/product\/yoast-seo-wordpress\/ -->\n<title>Profesionales de la salud piden licencia extraordinaria y protestan<\/title>\n<meta name=\"robots\" content=\"index, follow, max-snippet:-1, max-image-preview:large, max-video-preview:-1\" \/>\n<link rel=\"canonical\" href=\"https:\/\/noticiasmercedinas.com\/site\/2020\/11\/09\/profesionales-de-la-salud-piden-licencia-extraordinaria-y-protestan\/\" \/>\n<meta property=\"og:locale\" content=\"es_ES\" \/>\n<meta property=\"og:type\" content=\"article\" \/>\n<meta property=\"og:title\" content=\"Profesionales de la salud piden licencia extraordinaria y protestan\" \/>\n<meta property=\"og:description\" content=\"\u25a0 El Blas Dubarry Seccional CICOP adhiere a la Jornada en Defensa de los Equipos de Salud, impulsada por Fesprosa. Piden implementar licencia extraordinaria COVID 2020.\" \/>\n<meta property=\"og:url\" content=\"https:\/\/noticiasmercedinas.com\/site\/2020\/11\/09\/profesionales-de-la-salud-piden-licencia-extraordinaria-y-protestan\/\" \/>\n<meta property=\"og:site_name\" content=\"NOTICIASMERCEDINAS.COM\" \/>\n<meta property=\"article:publisher\" content=\"https:\/\/www.facebook.com\/noticiasmercedinas\/\" \/>\n<meta property=\"article:published_time\" content=\"2020-11-09T22:32:35+00:00\" \/>\n<meta property=\"article:modified_time\" content=\"2020-11-09T22:35:22+00:00\" \/>\n<meta property=\"og:image\" content=\"https:\/\/noticiasmercedinas.com\/site\/wp-content\/uploads\/2020\/07\/hospital.jpg\" \/>\n\t<meta property=\"og:image:width\" content=\"939\" \/>\n\t<meta property=\"og:image:height\" content=\"626\" \/>\n\t<meta property=\"og:image:type\" content=\"image\/jpeg\" \/>\n<meta name=\"author\" content=\"NOTICIASMERCEDINAS.COM\" \/>\n<meta name=\"twitter:card\" content=\"summary_large_image\" \/>\n<meta name=\"twitter:creator\" content=\"@notmercedinas\" \/>\n<meta name=\"twitter:site\" content=\"@notmercedinas\" \/>\n<meta name=\"twitter:label1\" content=\"Escrito por\" \/>\n\t<meta name=\"twitter:data1\" content=\"NOTICIASMERCEDINAS.COM\" \/>\n\t<meta name=\"twitter:label2\" content=\"Tiempo de lectura\" \/>\n\t<meta name=\"twitter:data2\" content=\"2 minutos\" \/>\n<script type=\"application\/ld+json\" class=\"yoast-schema-graph\">{\"@context\":\"https:\\\/\\\/schema.org\",\"@graph\":[{\"@type\":\"Article\",\"@id\":\"https:\\\/\\\/noticiasmercedinas.com\\\/site\\\/2020\\\/11\\\/09\\\/profesionales-de-la-salud-piden-licencia-extraordinaria-y-protestan\\\/#article\",\"isPartOf\":{\"@id\":\"https:\\\/\\\/noticiasmercedinas.com\\\/site\\\/2020\\\/11\\\/09\\\/profesionales-de-la-salud-piden-licencia-extraordinaria-y-protestan\\\/\"},\"author\":{\"name\":\"NOTICIASMERCEDINAS.COM\",\"@id\":\"https:\\\/\\\/noticiasmercedinas.com\\\/site\\\/#\\\/schema\\\/person\\\/84b59c099c28ff2e8b77d4ceec5d8063\"},\"headline\":\"Profesionales de la salud piden licencia extraordinaria y protestan\",\"datePublished\":\"2020-11-09T22:32:35+00:00\",\"dateModified\":\"2020-11-09T22:35:22+00:00\",\"mainEntityOfPage\":{\"@id\":\"https:\\\/\\\/noticiasmercedinas.com\\\/site\\\/2020\\\/11\\\/09\\\/profesionales-de-la-salud-piden-licencia-extraordinaria-y-protestan\\\/\"},\"wordCount\":500,\"commentCount\":0,\"publisher\":{\"@id\":\"https:\\\/\\\/noticiasmercedinas.com\\\/site\\\/#organization\"},\"image\":{\"@id\":\"https:\\\/\\\/noticiasmercedinas.com\\\/site\\\/2020\\\/11\\\/09\\\/profesionales-de-la-salud-piden-licencia-extraordinaria-y-protestan\\\/#primaryimage\"},\"thumbnailUrl\":\"https:\\\/\\\/noticiasmercedinas.com\\\/site\\\/wp-content\\\/uploads\\\/2020\\\/07\\\/hospital.jpg\",\"keywords\":[\"Cicop\",\"hospital\",\"pandemia\"],\"articleSection\":[\"Covid-19\"],\"inLanguage\":\"es\",\"potentialAction\":[{\"@type\":\"CommentAction\",\"name\":\"Comment\",\"target\":[\"https:\\\/\\\/noticiasmercedinas.com\\\/site\\\/2020\\\/11\\\/09\\\/profesionales-de-la-salud-piden-licencia-extraordinaria-y-protestan\\\/#respond\"]}]},{\"@type\":\"WebPage\",\"@id\":\"https:\\\/\\\/noticiasmercedinas.com\\\/site\\\/2020\\\/11\\\/09\\\/profesionales-de-la-salud-piden-licencia-extraordinaria-y-protestan\\\/\",\"url\":\"https:\\\/\\\/noticiasmercedinas.com\\\/site\\\/2020\\\/11\\\/09\\\/profesionales-de-la-salud-piden-licencia-extraordinaria-y-protestan\\\/\",\"name\":\"Profesionales de la salud piden licencia extraordinaria y protestan\",\"isPartOf\":{\"@id\":\"https:\\\/\\\/noticiasmercedinas.com\\\/site\\\/#website\"},\"primaryImageOfPage\":{\"@id\":\"https:\\\/\\\/noticiasmercedinas.com\\\/site\\\/2020\\\/11\\\/09\\\/profesionales-de-la-salud-piden-licencia-extraordinaria-y-protestan\\\/#primaryimage\"},\"image\":{\"@id\":\"https:\\\/\\\/noticiasmercedinas.com\\\/site\\\/2020\\\/11\\\/09\\\/profesionales-de-la-salud-piden-licencia-extraordinaria-y-protestan\\\/#primaryimage\"},\"thumbnailUrl\":\"https:\\\/\\\/noticiasmercedinas.com\\\/site\\\/wp-content\\\/uploads\\\/2020\\\/07\\\/hospital.jpg\",\"datePublished\":\"2020-11-09T22:32:35+00:00\",\"dateModified\":\"2020-11-09T22:35:22+00:00\",\"breadcrumb\":{\"@id\":\"https:\\\/\\\/noticiasmercedinas.com\\\/site\\\/2020\\\/11\\\/09\\\/profesionales-de-la-salud-piden-licencia-extraordinaria-y-protestan\\\/#breadcrumb\"},\"inLanguage\":\"es\",\"potentialAction\":[{\"@type\":\"ReadAction\",\"target\":[\"https:\\\/\\\/noticiasmercedinas.com\\\/site\\\/2020\\\/11\\\/09\\\/profesionales-de-la-salud-piden-licencia-extraordinaria-y-protestan\\\/\"]}]},{\"@type\":\"ImageObject\",\"inLanguage\":\"es\",\"@id\":\"https:\\\/\\\/noticiasmercedinas.com\\\/site\\\/2020\\\/11\\\/09\\\/profesionales-de-la-salud-piden-licencia-extraordinaria-y-protestan\\\/#primaryimage\",\"url\":\"https:\\\/\\\/noticiasmercedinas.com\\\/site\\\/wp-content\\\/uploads\\\/2020\\\/07\\\/hospital.jpg\",\"contentUrl\":\"https:\\\/\\\/noticiasmercedinas.com\\\/site\\\/wp-content\\\/uploads\\\/2020\\\/07\\\/hospital.jpg\",\"width\":939,\"height\":626},{\"@type\":\"BreadcrumbList\",\"@id\":\"https:\\\/\\\/noticiasmercedinas.com\\\/site\\\/2020\\\/11\\\/09\\\/profesionales-de-la-salud-piden-licencia-extraordinaria-y-protestan\\\/#breadcrumb\",\"itemListElement\":[{\"@type\":\"ListItem\",\"position\":1,\"name\":\"Portada\",\"item\":\"https:\\\/\\\/noticiasmercedinas.com\\\/site\\\/\"},{\"@type\":\"ListItem\",\"position\":2,\"name\":\"Profesionales de la salud piden licencia extraordinaria y protestan\"}]},{\"@type\":\"WebSite\",\"@id\":\"https:\\\/\\\/noticiasmercedinas.com\\\/site\\\/#website\",\"url\":\"https:\\\/\\\/noticiasmercedinas.com\\\/site\\\/\",\"name\":\"NOTICIASMERCEDINAS.COM\",\"description\":\"Mercedes, Buenos Aires, Argentina\",\"publisher\":{\"@id\":\"https:\\\/\\\/noticiasmercedinas.com\\\/site\\\/#organization\"},\"potentialAction\":[{\"@type\":\"SearchAction\",\"target\":{\"@type\":\"EntryPoint\",\"urlTemplate\":\"https:\\\/\\\/noticiasmercedinas.com\\\/site\\\/?s={search_term_string}\"},\"query-input\":{\"@type\":\"PropertyValueSpecification\",\"valueRequired\":true,\"valueName\":\"search_term_string\"}}],\"inLanguage\":\"es\"},{\"@type\":\"Organization\",\"@id\":\"https:\\\/\\\/noticiasmercedinas.com\\\/site\\\/#organization\",\"name\":\"NOTICIASMERCEDINAS.COM\",\"url\":\"https:\\\/\\\/noticiasmercedinas.com\\\/site\\\/\",\"logo\":{\"@type\":\"ImageObject\",\"inLanguage\":\"es\",\"@id\":\"https:\\\/\\\/noticiasmercedinas.com\\\/site\\\/#\\\/schema\\\/logo\\\/image\\\/\",\"url\":\"https:\\\/\\\/noticiasmercedinas.com\\\/site\\\/wp-content\\\/uploads\\\/2020\\\/06\\\/LOGO-512.jpg\",\"contentUrl\":\"https:\\\/\\\/noticiasmercedinas.com\\\/site\\\/wp-content\\\/uploads\\\/2020\\\/06\\\/LOGO-512.jpg\",\"width\":512,\"height\":512,\"caption\":\"NOTICIASMERCEDINAS.COM\"},\"image\":{\"@id\":\"https:\\\/\\\/noticiasmercedinas.com\\\/site\\\/#\\\/schema\\\/logo\\\/image\\\/\"},\"sameAs\":[\"https:\\\/\\\/www.facebook.com\\\/noticiasmercedinas\\\/\",\"https:\\\/\\\/x.com\\\/notmercedinas\",\"https:\\\/\\\/www.instagram.com\\\/noticiasmercedinas\\\/\"]},{\"@type\":\"Person\",\"@id\":\"https:\\\/\\\/noticiasmercedinas.com\\\/site\\\/#\\\/schema\\\/person\\\/84b59c099c28ff2e8b77d4ceec5d8063\",\"name\":\"NOTICIASMERCEDINAS.COM\",\"image\":{\"@type\":\"ImageObject\",\"inLanguage\":\"es\",\"@id\":\"https:\\\/\\\/secure.gravatar.com\\\/avatar\\\/4dfbf16b4d17945bfb6341b2d19043457132fcf478a5ee04f42e959fd8f5df0a?s=96&d=mm&r=g\",\"url\":\"https:\\\/\\\/secure.gravatar.com\\\/avatar\\\/4dfbf16b4d17945bfb6341b2d19043457132fcf478a5ee04f42e959fd8f5df0a?s=96&d=mm&r=g\",\"contentUrl\":\"https:\\\/\\\/secure.gravatar.com\\\/avatar\\\/4dfbf16b4d17945bfb6341b2d19043457132fcf478a5ee04f42e959fd8f5df0a?s=96&d=mm&r=g\",\"caption\":\"NOTICIASMERCEDINAS.COM\"},\"url\":\"https:\\\/\\\/noticiasmercedinas.com\\\/site\\\/author\\\/anonimo\\\/\"}]}<\/script>\n<!-- \/ Yoast SEO plugin. -->","yoast_head_json":{"title":"Profesionales de la salud piden licencia extraordinaria y protestan","robots":{"index":"index","follow":"follow","max-snippet":"max-snippet:-1","max-image-preview":"max-image-preview:large","max-video-preview":"max-video-preview:-1"},"canonical":"https:\/\/noticiasmercedinas.com\/site\/2020\/11\/09\/profesionales-de-la-salud-piden-licencia-extraordinaria-y-protestan\/","og_locale":"es_ES","og_type":"article","og_title":"Profesionales de la salud piden licencia extraordinaria y protestan","og_description":"\u25a0 El Blas Dubarry Seccional CICOP adhiere a la Jornada en Defensa de los Equipos de Salud, impulsada por Fesprosa. Piden implementar licencia extraordinaria COVID 2020.","og_url":"https:\/\/noticiasmercedinas.com\/site\/2020\/11\/09\/profesionales-de-la-salud-piden-licencia-extraordinaria-y-protestan\/","og_site_name":"NOTICIASMERCEDINAS.COM","article_publisher":"https:\/\/www.facebook.com\/noticiasmercedinas\/","article_published_time":"2020-11-09T22:32:35+00:00","article_modified_time":"2020-11-09T22:35:22+00:00","og_image":[{"width":939,"height":626,"url":"https:\/\/noticiasmercedinas.com\/site\/wp-content\/uploads\/2020\/07\/hospital.jpg","type":"image\/jpeg"}],"author":"NOTICIASMERCEDINAS.COM","twitter_card":"summary_large_image","twitter_creator":"@notmercedinas","twitter_site":"@notmercedinas","twitter_misc":{"Escrito por":"NOTICIASMERCEDINAS.COM","Tiempo de lectura":"2 minutos"},"schema":{"@context":"https:\/\/schema.org","@graph":[{"@type":"Article","@id":"https:\/\/noticiasmercedinas.com\/site\/2020\/11\/09\/profesionales-de-la-salud-piden-licencia-extraordinaria-y-protestan\/#article","isPartOf":{"@id":"https:\/\/noticiasmercedinas.com\/site\/2020\/11\/09\/profesionales-de-la-salud-piden-licencia-extraordinaria-y-protestan\/"},"author":{"name":"NOTICIASMERCEDINAS.COM","@id":"https:\/\/noticiasmercedinas.com\/site\/#\/schema\/person\/84b59c099c28ff2e8b77d4ceec5d8063"},"headline":"Profesionales de la salud piden licencia extraordinaria y protestan","datePublished":"2020-11-09T22:32:35+00:00","dateModified":"2020-11-09T22:35:22+00:00","mainEntityOfPage":{"@id":"https:\/\/noticiasmercedinas.com\/site\/2020\/11\/09\/profesionales-de-la-salud-piden-licencia-extraordinaria-y-protestan\/"},"wordCount":500,"commentCount":0,"publisher":{"@id":"https:\/\/noticiasmercedinas.com\/site\/#organization"},"image":{"@id":"https:\/\/noticiasmercedinas.com\/site\/2020\/11\/09\/profesionales-de-la-salud-piden-licencia-extraordinaria-y-protestan\/#primaryimage"},"thumbnailUrl":"https:\/\/noticiasmercedinas.com\/site\/wp-content\/uploads\/2020\/07\/hospital.jpg","keywords":["Cicop","hospital","pandemia"],"articleSection":["Covid-19"],"inLanguage":"es","potentialAction":[{"@type":"CommentAction","name":"Comment","target":["https:\/\/noticiasmercedinas.com\/site\/2020\/11\/09\/profesionales-de-la-salud-piden-licencia-extraordinaria-y-protestan\/#respond"]}]},{"@type":"WebPage","@id":"https:\/\/noticiasmercedinas.com\/site\/2020\/11\/09\/profesionales-de-la-salud-piden-licencia-extraordinaria-y-protestan\/","url":"https:\/\/noticiasmercedinas.com\/site\/2020\/11\/09\/profesionales-de-la-salud-piden-licencia-extraordinaria-y-protestan\/","name":"Profesionales de la salud piden licencia extraordinaria y protestan","isPartOf":{"@id":"https:\/\/noticiasmercedinas.com\/site\/#website"},"primaryImageOfPage":{"@id":"https:\/\/noticiasmercedinas.com\/site\/2020\/11\/09\/profesionales-de-la-salud-piden-licencia-extraordinaria-y-protestan\/#primaryimage"},"image":{"@id":"https:\/\/noticiasmercedinas.com\/site\/2020\/11\/09\/profesionales-de-la-salud-piden-licencia-extraordinaria-y-protestan\/#primaryimage"},"thumbnailUrl":"https:\/\/noticiasmercedinas.com\/site\/wp-content\/uploads\/2020\/07\/hospital.jpg","datePublished":"2020-11-09T22:32:35+00:00","dateModified":"2020-11-09T22:35:22+00:00","breadcrumb":{"@id":"https:\/\/noticiasmercedinas.com\/site\/2020\/11\/09\/profesionales-de-la-salud-piden-licencia-extraordinaria-y-protestan\/#breadcrumb"},"inLanguage":"es","potentialAction":[{"@type":"ReadAction","target":["https:\/\/noticiasmercedinas.com\/site\/2020\/11\/09\/profesionales-de-la-salud-piden-licencia-extraordinaria-y-protestan\/"]}]},{"@type":"ImageObject","inLanguage":"es","@id":"https:\/\/noticiasmercedinas.com\/site\/2020\/11\/09\/profesionales-de-la-salud-piden-licencia-extraordinaria-y-protestan\/#primaryimage","url":"https:\/\/noticiasmercedinas.com\/site\/wp-content\/uploads\/2020\/07\/hospital.jpg","contentUrl":"https:\/\/noticiasmercedinas.com\/site\/wp-content\/uploads\/2020\/07\/hospital.jpg","width":939,"height":626},{"@type":"BreadcrumbList","@id":"https:\/\/noticiasmercedinas.com\/site\/2020\/11\/09\/profesionales-de-la-salud-piden-licencia-extraordinaria-y-protestan\/#breadcrumb","itemListElement":[{"@type":"ListItem","position":1,"name":"Portada","item":"https:\/\/noticiasmercedinas.com\/site\/"},{"@type":"ListItem","position":2,"name":"Profesionales de la salud piden licencia extraordinaria y protestan"}]},{"@type":"WebSite","@id":"https:\/\/noticiasmercedinas.com\/site\/#website","url":"https:\/\/noticiasmercedinas.com\/site\/","name":"NOTICIASMERCEDINAS.COM","description":"Mercedes, Buenos Aires, Argentina","publisher":{"@id":"https:\/\/noticiasmercedinas.com\/site\/#organization"},"potentialAction":[{"@type":"SearchAction","target":{"@type":"EntryPoint","urlTemplate":"https:\/\/noticiasmercedinas.com\/site\/?s={search_term_string}"},"query-input":{"@type":"PropertyValueSpecification","valueRequired":true,"valueName":"search_term_string"}}],"inLanguage":"es"},{"@type":"Organization","@id":"https:\/\/noticiasmercedinas.com\/site\/#organization","name":"NOTICIASMERCEDINAS.COM","url":"https:\/\/noticiasmercedinas.com\/site\/","logo":{"@type":"ImageObject","inLanguage":"es","@id":"https:\/\/noticiasmercedinas.com\/site\/#\/schema\/logo\/image\/","url":"https:\/\/noticiasmercedinas.com\/site\/wp-content\/uploads\/2020\/06\/LOGO-512.jpg","contentUrl":"https:\/\/noticiasmercedinas.com\/site\/wp-content\/uploads\/2020\/06\/LOGO-512.jpg","width":512,"height":512,"caption":"NOTICIASMERCEDINAS.COM"},"image":{"@id":"https:\/\/noticiasmercedinas.com\/site\/#\/schema\/logo\/image\/"},"sameAs":["https:\/\/www.facebook.com\/noticiasmercedinas\/","https:\/\/x.com\/notmercedinas","https:\/\/www.instagram.com\/noticiasmercedinas\/"]},{"@type":"Person","@id":"https:\/\/noticiasmercedinas.com\/site\/#\/schema\/person\/84b59c099c28ff2e8b77d4ceec5d8063","name":"NOTICIASMERCEDINAS.COM","image":{"@type":"ImageObject","inLanguage":"es","@id":"https:\/\/secure.gravatar.com\/avatar\/4dfbf16b4d17945bfb6341b2d19043457132fcf478a5ee04f42e959fd8f5df0a?s=96&d=mm&r=g","url":"https:\/\/secure.gravatar.com\/avatar\/4dfbf16b4d17945bfb6341b2d19043457132fcf478a5ee04f42e959fd8f5df0a?s=96&d=mm&r=g","contentUrl":"https:\/\/secure.gravatar.com\/avatar\/4dfbf16b4d17945bfb6341b2d19043457132fcf478a5ee04f42e959fd8f5df0a?s=96&d=mm&r=g","caption":"NOTICIASMERCEDINAS.COM"},"url":"https:\/\/noticiasmercedinas.com\/site\/author\/anonimo\/"}]}},"amp_enabled":true,"_links":{"self":[{"href":"https:\/\/noticiasmercedinas.com\/site\/wp-json\/wp\/v2\/posts\/56226","targetHints":{"allow":["GET"]}}],"collection":[{"href":"https:\/\/noticiasmercedinas.com\/site\/wp-json\/wp\/v2\/posts"}],"about":[{"href":"https:\/\/noticiasmercedinas.com\/site\/wp-json\/wp\/v2\/types\/post"}],"author":[{"embeddable":true,"href":"https:\/\/noticiasmercedinas.com\/site\/wp-json\/wp\/v2\/users\/16"}],"replies":[{"embeddable":true,"href":"https:\/\/noticiasmercedinas.com\/site\/wp-json\/wp\/v2\/comments?post=56226"}],"version-history":[{"count":3,"href":"https:\/\/noticiasmercedinas.com\/site\/wp-json\/wp\/v2\/posts\/56226\/revisions"}],"predecessor-version":[{"id":56238,"href":"https:\/\/noticiasmercedinas.com\/site\/wp-json\/wp\/v2\/posts\/56226\/revisions\/56238"}],"wp:featuredmedia":[{"embeddable":true,"href":"https:\/\/noticiasmercedinas.com\/site\/wp-json\/wp\/v2\/media\/48370"}],"wp:attachment":[{"href":"https:\/\/noticiasmercedinas.com\/site\/wp-json\/wp\/v2\/media?parent=56226"}],"wp:term":[{"taxonomy":"category","embeddable":true,"href":"https:\/\/noticiasmercedinas.com\/site\/wp-json\/wp\/v2\/categories?post=56226"},{"taxonomy":"post_tag","embeddable":true,"href":"https:\/\/noticiasmercedinas.com\/site\/wp-json\/wp\/v2\/tags?post=56226"}],"curies":[{"name":"wp","href":"https:\/\/api.w.org\/{rel}","templated":true}]}}