{"id":56387,"date":"2020-11-12T09:47:01","date_gmt":"2020-11-12T12:47:01","guid":{"rendered":"https:\/\/noticiasmercedinas.com\/site\/?p=56387"},"modified":"2020-11-12T09:47:01","modified_gmt":"2020-11-12T12:47:01","slug":"intendente-de-navarro-sera-el-nuevo-secretario-de-habitat-nacional","status":"publish","type":"post","link":"https:\/\/noticiasmercedinas.com\/site\/2020\/11\/12\/intendente-de-navarro-sera-el-nuevo-secretario-de-habitat-nacional\/","title":{"rendered":"Intendente de Navarro ser\u00e1 el nuevo Secretario de H\u00e1bitat Nacional"},"content":{"rendered":"<p><img loading=\"lazy\" decoding=\"async\" class=\"alignnone size-large wp-image-56388\" src=\"https:\/\/noticiasmercedinas.com\/site\/wp-content\/uploads\/2020\/11\/Emn4KkZXUAI4D_Q-1024x682.jpg\" alt=\"\" width=\"640\" height=\"426\" srcset=\"https:\/\/noticiasmercedinas.com\/site\/wp-content\/uploads\/2020\/11\/Emn4KkZXUAI4D_Q-1024x682.jpg 1024w, https:\/\/noticiasmercedinas.com\/site\/wp-content\/uploads\/2020\/11\/Emn4KkZXUAI4D_Q-300x200.jpg 300w, https:\/\/noticiasmercedinas.com\/site\/wp-content\/uploads\/2020\/11\/Emn4KkZXUAI4D_Q-768x512.jpg 768w, https:\/\/noticiasmercedinas.com\/site\/wp-content\/uploads\/2020\/11\/Emn4KkZXUAI4D_Q-640x427.jpg 640w, https:\/\/noticiasmercedinas.com\/site\/wp-content\/uploads\/2020\/11\/Emn4KkZXUAI4D_Q-681x454.jpg 681w, https:\/\/noticiasmercedinas.com\/site\/wp-content\/uploads\/2020\/11\/Emn4KkZXUAI4D_Q.jpg 1280w\" sizes=\"auto, (max-width: 640px) 100vw, 640px\" \/><\/p>\n<p>El intendente de Navarro, <strong>Santiago Maggiotti<\/strong>, ser\u00e1 el nuevo Secretario de H\u00e1bitat Nacional del gobierno de <strong>Alberto Fern\u00e1ndez<\/strong>. Su lugar en la jefatura comunal de la vecina localidad queda en manos de <strong>Facundo Diz<\/strong>, quien encabezara la lista del Frente de Todos como concejal en las \u00faltimas elecciones en Navarro.<\/p>\n<p>\u201cJunto a Santiago Cafiero y Jorge Ferraresi vamos a trabajar incansablemente para poner la Argentina de Pie\u201d, dijo Maggiotti y destac\u00f3 que es \u201cun honor\u201d asumir la responsabilidad.<\/p>\n<p>\u201cEs un orgullo para mi ser el pr\u00f3ximo Secretario de H\u00e1bitat Nacional, una gran responsabilidad que voy a llevar adelante con compromiso y dedicaci\u00f3n. Gracias Alberto Fern\u00e1ndez por esta posibilidad\u201d, dijo Maggiotti y destac\u00f3 su agradecimiento para los navarrenses \u201cpor estos a\u00f1os de confianza\u201d.<\/p>\n<p>\u201cDesde este nuevo lugar trabajaremos sin descanso para continuar mejorando la calidad de vida de cada uno de ustedes. Estoy convencido de que Facundo Diz tiene la capacidad para continuar la gesti\u00f3n que venimos llevando adelante y as\u00ed lograr nuestro sue\u00f1o de que \u201cNavarro sea el mejor pueblo\u201d. A seguir trabajando fuerte por nuestro pueblo, por la provincia y por la Argentina\u201d, indic\u00f3.<\/p>\n","protected":false},"excerpt":{"rendered":"<p>\u25a0 Santiago Maggiotti se suma al gobierno a pedido de Alberto Fern\u00e1ndez. Asumir\u00e1 en su lugar en la jefatura comunal en la vecina localidad el concejal Facundo Diz.<\/p>\n","protected":false},"author":2,"featured_media":56388,"comment_status":"open","ping_status":"open","sticky":false,"template":"","format":"standard","meta":{"footnotes":""},"categories":[16],"tags":[551,10681,8169,253,6212],"class_list":["post-56387","post","type-post","status-publish","format-standard","has-post-thumbnail","hentry","category-politica","tag-alberto-fernandez","tag-facundo-diz","tag-habitat","tag-navarro","tag-santiago-maggiotti"],"yoast_head":"<!-- This site is optimized with the Yoast SEO plugin v27.4 - https:\/\/yoast.com\/product\/yoast-seo-wordpress\/ -->\n<title>Intendente de Navarro ser\u00e1 el nuevo Secretario de H\u00e1bitat Nacional<\/title>\n<meta name=\"robots\" content=\"index, follow, max-snippet:-1, max-image-preview:large, max-video-preview:-1\" \/>\n<link rel=\"canonical\" href=\"https:\/\/noticiasmercedinas.com\/site\/2020\/11\/12\/intendente-de-navarro-sera-el-nuevo-secretario-de-habitat-nacional\/\" \/>\n<meta property=\"og:locale\" content=\"es_ES\" \/>\n<meta property=\"og:type\" content=\"article\" \/>\n<meta property=\"og:title\" content=\"Intendente de Navarro ser\u00e1 el nuevo Secretario de H\u00e1bitat Nacional\" \/>\n<meta property=\"og:description\" content=\"\u25a0 Santiago Maggiotti se suma al gobierno a pedido de Alberto Fern\u00e1ndez. Asumir\u00e1 en su lugar en la jefatura comunal en la vecina localidad el concejal Facundo Diz.\" \/>\n<meta property=\"og:url\" content=\"https:\/\/noticiasmercedinas.com\/site\/2020\/11\/12\/intendente-de-navarro-sera-el-nuevo-secretario-de-habitat-nacional\/\" \/>\n<meta property=\"og:site_name\" content=\"NOTICIASMERCEDINAS.COM\" \/>\n<meta property=\"article:publisher\" content=\"https:\/\/www.facebook.com\/noticiasmercedinas\/\" \/>\n<meta property=\"article:author\" content=\"https:\/\/www.facebook.com\/cristian.falabella\" \/>\n<meta property=\"article:published_time\" content=\"2020-11-12T12:47:01+00:00\" \/>\n<meta property=\"og:image\" content=\"https:\/\/noticiasmercedinas.com\/site\/wp-content\/uploads\/2020\/11\/Emn4KkZXUAI4D_Q.jpg\" \/>\n\t<meta property=\"og:image:width\" content=\"1280\" \/>\n\t<meta property=\"og:image:height\" content=\"853\" \/>\n\t<meta property=\"og:image:type\" content=\"image\/jpeg\" \/>\n<meta name=\"author\" content=\"Cristian Falabella NOTICIASMERCEDINAS.COM\" \/>\n<meta name=\"twitter:card\" content=\"summary_large_image\" \/>\n<meta name=\"twitter:creator\" content=\"@https:\/\/twitter.com\/NOTMERCEDINAS\" \/>\n<meta name=\"twitter:site\" content=\"@notmercedinas\" \/>\n<meta name=\"twitter:label1\" content=\"Escrito por\" \/>\n\t<meta name=\"twitter:data1\" content=\"Cristian Falabella NOTICIASMERCEDINAS.COM\" \/>\n\t<meta name=\"twitter:label2\" content=\"Tiempo de lectura\" \/>\n\t<meta name=\"twitter:data2\" content=\"1 minuto\" \/>\n<script type=\"application\/ld+json\" class=\"yoast-schema-graph\">{\"@context\":\"https:\\\/\\\/schema.org\",\"@graph\":[{\"@type\":\"Article\",\"@id\":\"https:\\\/\\\/noticiasmercedinas.com\\\/site\\\/2020\\\/11\\\/12\\\/intendente-de-navarro-sera-el-nuevo-secretario-de-habitat-nacional\\\/#article\",\"isPartOf\":{\"@id\":\"https:\\\/\\\/noticiasmercedinas.com\\\/site\\\/2020\\\/11\\\/12\\\/intendente-de-navarro-sera-el-nuevo-secretario-de-habitat-nacional\\\/\"},\"author\":{\"name\":\"Cristian Falabella NOTICIASMERCEDINAS.COM\",\"@id\":\"https:\\\/\\\/noticiasmercedinas.com\\\/site\\\/#\\\/schema\\\/person\\\/d481a9696a5feaec13a60e2bbd991a6a\"},\"headline\":\"Intendente de Navarro ser\u00e1 el nuevo Secretario de H\u00e1bitat Nacional\",\"datePublished\":\"2020-11-12T12:47:01+00:00\",\"mainEntityOfPage\":{\"@id\":\"https:\\\/\\\/noticiasmercedinas.com\\\/site\\\/2020\\\/11\\\/12\\\/intendente-de-navarro-sera-el-nuevo-secretario-de-habitat-nacional\\\/\"},\"wordCount\":205,\"commentCount\":0,\"publisher\":{\"@id\":\"https:\\\/\\\/noticiasmercedinas.com\\\/site\\\/#organization\"},\"image\":{\"@id\":\"https:\\\/\\\/noticiasmercedinas.com\\\/site\\\/2020\\\/11\\\/12\\\/intendente-de-navarro-sera-el-nuevo-secretario-de-habitat-nacional\\\/#primaryimage\"},\"thumbnailUrl\":\"https:\\\/\\\/noticiasmercedinas.com\\\/site\\\/wp-content\\\/uploads\\\/2020\\\/11\\\/Emn4KkZXUAI4D_Q.jpg\",\"keywords\":[\"Alberto Fern\u00e1ndez\",\"facundo diz\",\"h\u00e1bitat\",\"navarro\",\"Santiago Maggiotti\"],\"articleSection\":[\"Politica\"],\"inLanguage\":\"es\",\"potentialAction\":[{\"@type\":\"CommentAction\",\"name\":\"Comment\",\"target\":[\"https:\\\/\\\/noticiasmercedinas.com\\\/site\\\/2020\\\/11\\\/12\\\/intendente-de-navarro-sera-el-nuevo-secretario-de-habitat-nacional\\\/#respond\"]}]},{\"@type\":\"WebPage\",\"@id\":\"https:\\\/\\\/noticiasmercedinas.com\\\/site\\\/2020\\\/11\\\/12\\\/intendente-de-navarro-sera-el-nuevo-secretario-de-habitat-nacional\\\/\",\"url\":\"https:\\\/\\\/noticiasmercedinas.com\\\/site\\\/2020\\\/11\\\/12\\\/intendente-de-navarro-sera-el-nuevo-secretario-de-habitat-nacional\\\/\",\"name\":\"Intendente de Navarro ser\u00e1 el nuevo Secretario de H\u00e1bitat Nacional\",\"isPartOf\":{\"@id\":\"https:\\\/\\\/noticiasmercedinas.com\\\/site\\\/#website\"},\"primaryImageOfPage\":{\"@id\":\"https:\\\/\\\/noticiasmercedinas.com\\\/site\\\/2020\\\/11\\\/12\\\/intendente-de-navarro-sera-el-nuevo-secretario-de-habitat-nacional\\\/#primaryimage\"},\"image\":{\"@id\":\"https:\\\/\\\/noticiasmercedinas.com\\\/site\\\/2020\\\/11\\\/12\\\/intendente-de-navarro-sera-el-nuevo-secretario-de-habitat-nacional\\\/#primaryimage\"},\"thumbnailUrl\":\"https:\\\/\\\/noticiasmercedinas.com\\\/site\\\/wp-content\\\/uploads\\\/2020\\\/11\\\/Emn4KkZXUAI4D_Q.jpg\",\"datePublished\":\"2020-11-12T12:47:01+00:00\",\"breadcrumb\":{\"@id\":\"https:\\\/\\\/noticiasmercedinas.com\\\/site\\\/2020\\\/11\\\/12\\\/intendente-de-navarro-sera-el-nuevo-secretario-de-habitat-nacional\\\/#breadcrumb\"},\"inLanguage\":\"es\",\"potentialAction\":[{\"@type\":\"ReadAction\",\"target\":[\"https:\\\/\\\/noticiasmercedinas.com\\\/site\\\/2020\\\/11\\\/12\\\/intendente-de-navarro-sera-el-nuevo-secretario-de-habitat-nacional\\\/\"]}]},{\"@type\":\"ImageObject\",\"inLanguage\":\"es\",\"@id\":\"https:\\\/\\\/noticiasmercedinas.com\\\/site\\\/2020\\\/11\\\/12\\\/intendente-de-navarro-sera-el-nuevo-secretario-de-habitat-nacional\\\/#primaryimage\",\"url\":\"https:\\\/\\\/noticiasmercedinas.com\\\/site\\\/wp-content\\\/uploads\\\/2020\\\/11\\\/Emn4KkZXUAI4D_Q.jpg\",\"contentUrl\":\"https:\\\/\\\/noticiasmercedinas.com\\\/site\\\/wp-content\\\/uploads\\\/2020\\\/11\\\/Emn4KkZXUAI4D_Q.jpg\",\"width\":1280,\"height\":853},{\"@type\":\"BreadcrumbList\",\"@id\":\"https:\\\/\\\/noticiasmercedinas.com\\\/site\\\/2020\\\/11\\\/12\\\/intendente-de-navarro-sera-el-nuevo-secretario-de-habitat-nacional\\\/#breadcrumb\",\"itemListElement\":[{\"@type\":\"ListItem\",\"position\":1,\"name\":\"Portada\",\"item\":\"https:\\\/\\\/noticiasmercedinas.com\\\/site\\\/\"},{\"@type\":\"ListItem\",\"position\":2,\"name\":\"Intendente de Navarro ser\u00e1 el nuevo Secretario de H\u00e1bitat Nacional\"}]},{\"@type\":\"WebSite\",\"@id\":\"https:\\\/\\\/noticiasmercedinas.com\\\/site\\\/#website\",\"url\":\"https:\\\/\\\/noticiasmercedinas.com\\\/site\\\/\",\"name\":\"NOTICIASMERCEDINAS.COM\",\"description\":\"Mercedes, Buenos Aires, Argentina\",\"publisher\":{\"@id\":\"https:\\\/\\\/noticiasmercedinas.com\\\/site\\\/#organization\"},\"potentialAction\":[{\"@type\":\"SearchAction\",\"target\":{\"@type\":\"EntryPoint\",\"urlTemplate\":\"https:\\\/\\\/noticiasmercedinas.com\\\/site\\\/?s={search_term_string}\"},\"query-input\":{\"@type\":\"PropertyValueSpecification\",\"valueRequired\":true,\"valueName\":\"search_term_string\"}}],\"inLanguage\":\"es\"},{\"@type\":\"Organization\",\"@id\":\"https:\\\/\\\/noticiasmercedinas.com\\\/site\\\/#organization\",\"name\":\"NOTICIASMERCEDINAS.COM\",\"url\":\"https:\\\/\\\/noticiasmercedinas.com\\\/site\\\/\",\"logo\":{\"@type\":\"ImageObject\",\"inLanguage\":\"es\",\"@id\":\"https:\\\/\\\/noticiasmercedinas.com\\\/site\\\/#\\\/schema\\\/logo\\\/image\\\/\",\"url\":\"https:\\\/\\\/noticiasmercedinas.com\\\/site\\\/wp-content\\\/uploads\\\/2020\\\/06\\\/LOGO-512.jpg\",\"contentUrl\":\"https:\\\/\\\/noticiasmercedinas.com\\\/site\\\/wp-content\\\/uploads\\\/2020\\\/06\\\/LOGO-512.jpg\",\"width\":512,\"height\":512,\"caption\":\"NOTICIASMERCEDINAS.COM\"},\"image\":{\"@id\":\"https:\\\/\\\/noticiasmercedinas.com\\\/site\\\/#\\\/schema\\\/logo\\\/image\\\/\"},\"sameAs\":[\"https:\\\/\\\/www.facebook.com\\\/noticiasmercedinas\\\/\",\"https:\\\/\\\/x.com\\\/notmercedinas\",\"https:\\\/\\\/www.instagram.com\\\/noticiasmercedinas\\\/\"]},{\"@type\":\"Person\",\"@id\":\"https:\\\/\\\/noticiasmercedinas.com\\\/site\\\/#\\\/schema\\\/person\\\/d481a9696a5feaec13a60e2bbd991a6a\",\"name\":\"Cristian Falabella NOTICIASMERCEDINAS.COM\",\"image\":{\"@type\":\"ImageObject\",\"inLanguage\":\"es\",\"@id\":\"https:\\\/\\\/secure.gravatar.com\\\/avatar\\\/0dbbfc45970cc46bcd0e57766228574ff3511d6eed045b182f536f0f478c1f06?s=96&d=mm&r=g\",\"url\":\"https:\\\/\\\/secure.gravatar.com\\\/avatar\\\/0dbbfc45970cc46bcd0e57766228574ff3511d6eed045b182f536f0f478c1f06?s=96&d=mm&r=g\",\"contentUrl\":\"https:\\\/\\\/secure.gravatar.com\\\/avatar\\\/0dbbfc45970cc46bcd0e57766228574ff3511d6eed045b182f536f0f478c1f06?s=96&d=mm&r=g\",\"caption\":\"Cristian Falabella NOTICIASMERCEDINAS.COM\"},\"description\":\"Periodista, editor de Noticias Mercedinas. Pas\u00f3 por varias redacciones y emprendimientos de prensa, en distintos formatos y \u00e9pocas. Se especializ\u00f3 --y sigue haci\u00e9ndolo-- en comunicaci\u00f3n en la web y en junio de 2006 fund\u00f3 este diario digital.\",\"sameAs\":[\"https:\\\/\\\/noticiasmercedinas.com\",\"https:\\\/\\\/www.facebook.com\\\/cristian.falabella\",\"https:\\\/\\\/www.instagram.com\\\/noticiasmercedinas\\\/\",\"https:\\\/\\\/x.com\\\/https:\\\/\\\/twitter.com\\\/NOTMERCEDINAS\"],\"url\":\"https:\\\/\\\/noticiasmercedinas.com\\\/site\\\/author\\\/as000384\\\/\"}]}<\/script>\n<!-- \/ Yoast SEO plugin. -->","yoast_head_json":{"title":"Intendente de Navarro ser\u00e1 el nuevo Secretario de H\u00e1bitat Nacional","robots":{"index":"index","follow":"follow","max-snippet":"max-snippet:-1","max-image-preview":"max-image-preview:large","max-video-preview":"max-video-preview:-1"},"canonical":"https:\/\/noticiasmercedinas.com\/site\/2020\/11\/12\/intendente-de-navarro-sera-el-nuevo-secretario-de-habitat-nacional\/","og_locale":"es_ES","og_type":"article","og_title":"Intendente de Navarro ser\u00e1 el nuevo Secretario de H\u00e1bitat Nacional","og_description":"\u25a0 Santiago Maggiotti se suma al gobierno a pedido de Alberto Fern\u00e1ndez. Asumir\u00e1 en su lugar en la jefatura comunal en la vecina localidad el concejal Facundo Diz.","og_url":"https:\/\/noticiasmercedinas.com\/site\/2020\/11\/12\/intendente-de-navarro-sera-el-nuevo-secretario-de-habitat-nacional\/","og_site_name":"NOTICIASMERCEDINAS.COM","article_publisher":"https:\/\/www.facebook.com\/noticiasmercedinas\/","article_author":"https:\/\/www.facebook.com\/cristian.falabella","article_published_time":"2020-11-12T12:47:01+00:00","og_image":[{"width":1280,"height":853,"url":"https:\/\/noticiasmercedinas.com\/site\/wp-content\/uploads\/2020\/11\/Emn4KkZXUAI4D_Q.jpg","type":"image\/jpeg"}],"author":"Cristian Falabella NOTICIASMERCEDINAS.COM","twitter_card":"summary_large_image","twitter_creator":"@https:\/\/twitter.com\/NOTMERCEDINAS","twitter_site":"@notmercedinas","twitter_misc":{"Escrito por":"Cristian Falabella NOTICIASMERCEDINAS.COM","Tiempo de lectura":"1 minuto"},"schema":{"@context":"https:\/\/schema.org","@graph":[{"@type":"Article","@id":"https:\/\/noticiasmercedinas.com\/site\/2020\/11\/12\/intendente-de-navarro-sera-el-nuevo-secretario-de-habitat-nacional\/#article","isPartOf":{"@id":"https:\/\/noticiasmercedinas.com\/site\/2020\/11\/12\/intendente-de-navarro-sera-el-nuevo-secretario-de-habitat-nacional\/"},"author":{"name":"Cristian Falabella NOTICIASMERCEDINAS.COM","@id":"https:\/\/noticiasmercedinas.com\/site\/#\/schema\/person\/d481a9696a5feaec13a60e2bbd991a6a"},"headline":"Intendente de Navarro ser\u00e1 el nuevo Secretario de H\u00e1bitat Nacional","datePublished":"2020-11-12T12:47:01+00:00","mainEntityOfPage":{"@id":"https:\/\/noticiasmercedinas.com\/site\/2020\/11\/12\/intendente-de-navarro-sera-el-nuevo-secretario-de-habitat-nacional\/"},"wordCount":205,"commentCount":0,"publisher":{"@id":"https:\/\/noticiasmercedinas.com\/site\/#organization"},"image":{"@id":"https:\/\/noticiasmercedinas.com\/site\/2020\/11\/12\/intendente-de-navarro-sera-el-nuevo-secretario-de-habitat-nacional\/#primaryimage"},"thumbnailUrl":"https:\/\/noticiasmercedinas.com\/site\/wp-content\/uploads\/2020\/11\/Emn4KkZXUAI4D_Q.jpg","keywords":["Alberto Fern\u00e1ndez","facundo diz","h\u00e1bitat","navarro","Santiago Maggiotti"],"articleSection":["Politica"],"inLanguage":"es","potentialAction":[{"@type":"CommentAction","name":"Comment","target":["https:\/\/noticiasmercedinas.com\/site\/2020\/11\/12\/intendente-de-navarro-sera-el-nuevo-secretario-de-habitat-nacional\/#respond"]}]},{"@type":"WebPage","@id":"https:\/\/noticiasmercedinas.com\/site\/2020\/11\/12\/intendente-de-navarro-sera-el-nuevo-secretario-de-habitat-nacional\/","url":"https:\/\/noticiasmercedinas.com\/site\/2020\/11\/12\/intendente-de-navarro-sera-el-nuevo-secretario-de-habitat-nacional\/","name":"Intendente de Navarro ser\u00e1 el nuevo Secretario de H\u00e1bitat Nacional","isPartOf":{"@id":"https:\/\/noticiasmercedinas.com\/site\/#website"},"primaryImageOfPage":{"@id":"https:\/\/noticiasmercedinas.com\/site\/2020\/11\/12\/intendente-de-navarro-sera-el-nuevo-secretario-de-habitat-nacional\/#primaryimage"},"image":{"@id":"https:\/\/noticiasmercedinas.com\/site\/2020\/11\/12\/intendente-de-navarro-sera-el-nuevo-secretario-de-habitat-nacional\/#primaryimage"},"thumbnailUrl":"https:\/\/noticiasmercedinas.com\/site\/wp-content\/uploads\/2020\/11\/Emn4KkZXUAI4D_Q.jpg","datePublished":"2020-11-12T12:47:01+00:00","breadcrumb":{"@id":"https:\/\/noticiasmercedinas.com\/site\/2020\/11\/12\/intendente-de-navarro-sera-el-nuevo-secretario-de-habitat-nacional\/#breadcrumb"},"inLanguage":"es","potentialAction":[{"@type":"ReadAction","target":["https:\/\/noticiasmercedinas.com\/site\/2020\/11\/12\/intendente-de-navarro-sera-el-nuevo-secretario-de-habitat-nacional\/"]}]},{"@type":"ImageObject","inLanguage":"es","@id":"https:\/\/noticiasmercedinas.com\/site\/2020\/11\/12\/intendente-de-navarro-sera-el-nuevo-secretario-de-habitat-nacional\/#primaryimage","url":"https:\/\/noticiasmercedinas.com\/site\/wp-content\/uploads\/2020\/11\/Emn4KkZXUAI4D_Q.jpg","contentUrl":"https:\/\/noticiasmercedinas.com\/site\/wp-content\/uploads\/2020\/11\/Emn4KkZXUAI4D_Q.jpg","width":1280,"height":853},{"@type":"BreadcrumbList","@id":"https:\/\/noticiasmercedinas.com\/site\/2020\/11\/12\/intendente-de-navarro-sera-el-nuevo-secretario-de-habitat-nacional\/#breadcrumb","itemListElement":[{"@type":"ListItem","position":1,"name":"Portada","item":"https:\/\/noticiasmercedinas.com\/site\/"},{"@type":"ListItem","position":2,"name":"Intendente de Navarro ser\u00e1 el nuevo Secretario de H\u00e1bitat Nacional"}]},{"@type":"WebSite","@id":"https:\/\/noticiasmercedinas.com\/site\/#website","url":"https:\/\/noticiasmercedinas.com\/site\/","name":"NOTICIASMERCEDINAS.COM","description":"Mercedes, Buenos Aires, Argentina","publisher":{"@id":"https:\/\/noticiasmercedinas.com\/site\/#organization"},"potentialAction":[{"@type":"SearchAction","target":{"@type":"EntryPoint","urlTemplate":"https:\/\/noticiasmercedinas.com\/site\/?s={search_term_string}"},"query-input":{"@type":"PropertyValueSpecification","valueRequired":true,"valueName":"search_term_string"}}],"inLanguage":"es"},{"@type":"Organization","@id":"https:\/\/noticiasmercedinas.com\/site\/#organization","name":"NOTICIASMERCEDINAS.COM","url":"https:\/\/noticiasmercedinas.com\/site\/","logo":{"@type":"ImageObject","inLanguage":"es","@id":"https:\/\/noticiasmercedinas.com\/site\/#\/schema\/logo\/image\/","url":"https:\/\/noticiasmercedinas.com\/site\/wp-content\/uploads\/2020\/06\/LOGO-512.jpg","contentUrl":"https:\/\/noticiasmercedinas.com\/site\/wp-content\/uploads\/2020\/06\/LOGO-512.jpg","width":512,"height":512,"caption":"NOTICIASMERCEDINAS.COM"},"image":{"@id":"https:\/\/noticiasmercedinas.com\/site\/#\/schema\/logo\/image\/"},"sameAs":["https:\/\/www.facebook.com\/noticiasmercedinas\/","https:\/\/x.com\/notmercedinas","https:\/\/www.instagram.com\/noticiasmercedinas\/"]},{"@type":"Person","@id":"https:\/\/noticiasmercedinas.com\/site\/#\/schema\/person\/d481a9696a5feaec13a60e2bbd991a6a","name":"Cristian Falabella NOTICIASMERCEDINAS.COM","image":{"@type":"ImageObject","inLanguage":"es","@id":"https:\/\/secure.gravatar.com\/avatar\/0dbbfc45970cc46bcd0e57766228574ff3511d6eed045b182f536f0f478c1f06?s=96&d=mm&r=g","url":"https:\/\/secure.gravatar.com\/avatar\/0dbbfc45970cc46bcd0e57766228574ff3511d6eed045b182f536f0f478c1f06?s=96&d=mm&r=g","contentUrl":"https:\/\/secure.gravatar.com\/avatar\/0dbbfc45970cc46bcd0e57766228574ff3511d6eed045b182f536f0f478c1f06?s=96&d=mm&r=g","caption":"Cristian Falabella NOTICIASMERCEDINAS.COM"},"description":"Periodista, editor de Noticias Mercedinas. Pas\u00f3 por varias redacciones y emprendimientos de prensa, en distintos formatos y \u00e9pocas. Se especializ\u00f3 --y sigue haci\u00e9ndolo-- en comunicaci\u00f3n en la web y en junio de 2006 fund\u00f3 este diario digital.","sameAs":["https:\/\/noticiasmercedinas.com","https:\/\/www.facebook.com\/cristian.falabella","https:\/\/www.instagram.com\/noticiasmercedinas\/","https:\/\/x.com\/https:\/\/twitter.com\/NOTMERCEDINAS"],"url":"https:\/\/noticiasmercedinas.com\/site\/author\/as000384\/"}]}},"amp_enabled":true,"_links":{"self":[{"href":"https:\/\/noticiasmercedinas.com\/site\/wp-json\/wp\/v2\/posts\/56387","targetHints":{"allow":["GET"]}}],"collection":[{"href":"https:\/\/noticiasmercedinas.com\/site\/wp-json\/wp\/v2\/posts"}],"about":[{"href":"https:\/\/noticiasmercedinas.com\/site\/wp-json\/wp\/v2\/types\/post"}],"author":[{"embeddable":true,"href":"https:\/\/noticiasmercedinas.com\/site\/wp-json\/wp\/v2\/users\/2"}],"replies":[{"embeddable":true,"href":"https:\/\/noticiasmercedinas.com\/site\/wp-json\/wp\/v2\/comments?post=56387"}],"version-history":[{"count":1,"href":"https:\/\/noticiasmercedinas.com\/site\/wp-json\/wp\/v2\/posts\/56387\/revisions"}],"predecessor-version":[{"id":56389,"href":"https:\/\/noticiasmercedinas.com\/site\/wp-json\/wp\/v2\/posts\/56387\/revisions\/56389"}],"wp:featuredmedia":[{"embeddable":true,"href":"https:\/\/noticiasmercedinas.com\/site\/wp-json\/wp\/v2\/media\/56388"}],"wp:attachment":[{"href":"https:\/\/noticiasmercedinas.com\/site\/wp-json\/wp\/v2\/media?parent=56387"}],"wp:term":[{"taxonomy":"category","embeddable":true,"href":"https:\/\/noticiasmercedinas.com\/site\/wp-json\/wp\/v2\/categories?post=56387"},{"taxonomy":"post_tag","embeddable":true,"href":"https:\/\/noticiasmercedinas.com\/site\/wp-json\/wp\/v2\/tags?post=56387"}],"curies":[{"name":"wp","href":"https:\/\/api.w.org\/{rel}","templated":true}]}}