{"id":5661,"date":"2018-10-31T08:05:50","date_gmt":"2018-10-31T11:05:50","guid":{"rendered":"https:\/\/noticiasmercedinas.com\/site\/?p=5661"},"modified":"2018-10-31T08:05:50","modified_gmt":"2018-10-31T11:05:50","slug":"expo-green-con-muchas-actividades-para-la-familia","status":"publish","type":"post","link":"https:\/\/noticiasmercedinas.com\/site\/2018\/10\/31\/expo-green-con-muchas-actividades-para-la-familia\/","title":{"rendered":"Expo Green, con muchas actividades para la familia"},"content":{"rendered":"<p><img loading=\"lazy\" decoding=\"async\" class=\"alignnone size-full wp-image-5663\" src=\"https:\/\/noticiasmercedinas.com\/site\/wp-content\/uploads\/2018\/10\/img-944.jpg\" alt=\"\" width=\"750\" height=\"500\" srcset=\"https:\/\/noticiasmercedinas.com\/site\/wp-content\/uploads\/2018\/10\/img-944.jpg 750w, https:\/\/noticiasmercedinas.com\/site\/wp-content\/uploads\/2018\/10\/img-944-300x200.jpg 300w, https:\/\/noticiasmercedinas.com\/site\/wp-content\/uploads\/2018\/10\/img-944-640x427.jpg 640w, https:\/\/noticiasmercedinas.com\/site\/wp-content\/uploads\/2018\/10\/img-944-681x454.jpg 681w\" sizes=\"auto, (max-width: 750px) 100vw, 750px\" \/><\/p>\n<p style=\"font-weight: 400;\">El Municipio de Mercedes, a trav\u00e9s de la Direcci\u00f3n de Turismo, en un trabajo mancomunado con la organizaci\u00f3n Green Expo Vivero, anunciaron una nueva propuesta para nuestra ciudad, la Mercedes Expo Green. La misma se llevar\u00e1 a cabo el s\u00e1bado 10 y domingo 11 de noviembre, con entrada libre y gratuita en el polideportivo Mart\u00edn Rodr\u00edguez (Avenida 2 y 7).<\/p>\n<p style=\"font-weight: 400;\">\u201cEste es un nuevo desaf\u00edo que asume la Municipalidad en un marco de trabajo donde nuestra apuesta es tener una ciudad verde y forestada\u201d, expres\u00f3 el intendente <strong>Juan Ignacio Ustarroz<\/strong>.<\/p>\n<p style=\"font-weight: 400;\"><strong>\u00bfDe qu\u00e9 se trata?<\/strong><br \/>\nLa idea es conocer la m\u00e1s grande variedad de plantas de todos los g\u00e9neros, expuestas por cultivadores y productores de todo el pa\u00eds. Esta Expo es un paseo que te acerca a atractivas especies ex\u00f3ticas, como tillansias, bromelias, carn\u00edvoras y plantas de estanque, pasando por el m\u00e1s variado abanico de colores con las orqu\u00eddeas, cactus, crasas, bons\u00e1is, plantas ornamentales, frutales y much\u00edsimas cosas m\u00e1s, haci\u00e9ndolo un lugar ideal para recorrer en familia.<\/p>\n<p style=\"font-weight: 400;\">\u201cCuando recibimos la propuesta a trav\u00e9s de un paisajista que vive en nuestra ciudad, nos pareci\u00f3 oportuno aprovechar las instalaciones que tenemos -m\u00e1s a\u00fan despu\u00e9s de la fiesta del salame- y poder generar con esta prestigiosa instituci\u00f3n esta interesante iniciativa\u201d, destac\u00f3 Ustarroz.<\/p>\n<p style=\"font-weight: 400;\">Adem\u00e1s, el jefe comunal se\u00f1al\u00f3 que \u201chabr\u00e1 talleres de Bonsai, orqu\u00eddeas, huerta org\u00e1nica, cactus, son actividades que les interesa a mucha gente, y a su vez, es un espect\u00e1culo diferente. Esto se brinda para toda la comunidad de manera gratuita y generar\u00e1 para la ciudad plantas para la ornamentaci\u00f3n y embellecimiento de la misma\u201d.<\/p>\n<p style=\"font-weight: 400;\">\u201cSeguimos trabajando en esta visi\u00f3n donde tratamos de integrar las propuestas, sabemos que est\u00e1 en particular mueve mucha gente\u201d, agreg\u00f3 Ustarroz. \u201cEsto va en consonancia de un proyecto que incluye el medio ambiente, la puesta en valor del espacio p\u00fablico y que busca optimizar los recursos. Tenemos el predio, la infraestructura montada, por ello lo brindamos y lo ponemos a disposici\u00f3n de la gente y de una propuesta innovadora a la cual esperamos venga mucho p\u00fablico\u201d.<\/p>\n<p style=\"font-weight: 400;\">Por otro lado, el jefe comunal, Ustarroz se\u00f1al\u00f3 \u201cya tenemos iniciado el proyecto del Vivero Biotecnol\u00f3gico\u201d y a\u00f1adi\u00f3 \u201cestamos teniendo reuniones con comerciantes, empresarios y colegios profesionales, para programar sobre la base de un proyecto de paisajismo y de forestaci\u00f3n, una mejor ciudad. Todos est\u00e1n empezando a contribuir y este es un trabajo que se va a estar viendo en lo inmediato\u201d.<\/p>\n<p style=\"font-weight: 400;\"><strong>Mart\u00edn Boragno<\/strong>, Director de Turismo de la Municipalidad de Mercedes, dijo que \u201cesta actividad es in\u00e9dita en nuestra ciudad, a la cual, el jefe comunal ha ayudado mucho para su realizaci\u00f3n\u201d. A su vez, inform\u00f3 \u201cesta iniciativa es libre y gratuita, tendr\u00e1 propuestas gastron\u00f3micas, puestos de productores de diferentes plantas y artesanos. Desde ya est\u00e1n todos los mercedinos invitados\u201d.<\/p>\n<p style=\"font-weight: 400;\"><strong>Nora In\u00e9s Luna<\/strong>, representante de la organizaci\u00f3n Green Expo Vivero y organizadora de la propuesta en nuestra ciudad, indic\u00f3 \u201cnosotros hemos apostado a Mercedes porque es cabecera de muchos partidos y porque hemos recibido, por parte del intendente, Juan Ignacio Ustarroz, todo el apoyo necesario para poder llevar adelante esta propuesta\u201d y resalt\u00f3 \u201ceste es un evento que tiene una magnitud muy importante, que adem\u00e1s brinda trabajo a much\u00edsima gente\u201d.<\/p>\n<p style=\"font-weight: 400;\">Asimismo, Luna anunci\u00f3 que \u201chabr\u00e1 alrededor de 200 expositores, desde la Expo se apunta a lo que es medio ambiente y salud. Habr\u00e1 un sector de exposici\u00f3n -plantas que no hay en los viveros- y un lugar donde podr\u00e1n adquirirlas, ya sea para colecci\u00f3n, ornamentar un jard\u00edn o para iniciarse en lo que es jardiner\u00eda\u201d.<\/p>\n<p><img loading=\"lazy\" decoding=\"async\" class=\"alignnone wp-image-5664\" src=\"https:\/\/noticiasmercedinas.com\/site\/wp-content\/uploads\/2018\/10\/ExpoGreen-1.jpeg\" alt=\"\" width=\"640\" height=\"959\" srcset=\"https:\/\/noticiasmercedinas.com\/site\/wp-content\/uploads\/2018\/10\/ExpoGreen-1.jpeg 591w, https:\/\/noticiasmercedinas.com\/site\/wp-content\/uploads\/2018\/10\/ExpoGreen-1-200x300.jpeg 200w\" sizes=\"auto, (max-width: 640px) 100vw, 640px\" \/><\/p>\n","protected":false},"excerpt":{"rendered":"<p>El Municipio de Mercedes, a trav\u00e9s de la Direcci\u00f3n de Turismo, en un trabajo mancomunado con la organizaci\u00f3n Green Expo Vivero, anunciaron una nueva propuesta para nuestra ciudad, la Mercedes Expo Green. La misma se llevar\u00e1 a cabo el s\u00e1bado 10 y domingo 11 de noviembre, con entrada libre y gratuita en el polideportivo Mart\u00edn [&hellip;]<\/p>\n","protected":false},"author":2,"featured_media":5663,"comment_status":"open","ping_status":"open","sticky":false,"template":"","format":"standard","meta":{"footnotes":""},"categories":[3],"tags":[1797,1798,266,327,1799,67],"class_list":["post-5661","post","type-post","status-publish","format-standard","has-post-thumbnail","hentry","category-sociedad","tag-expo-green","tag-green-expo","tag-juan-ignacio-ustarroz","tag-martin-boragno","tag-nora-luna","tag-vivero"],"yoast_head":"<!-- This site is optimized with the Yoast SEO plugin v28.3 - https:\/\/yoast.com\/product\/yoast-seo-wordpress\/ -->\n<title>Expo Green, con muchas actividades para la familia<\/title>\n<meta name=\"robots\" content=\"index, follow, max-snippet:-1, max-image-preview:large, max-video-preview:-1\" \/>\n<link rel=\"canonical\" href=\"https:\/\/noticiasmercedinas.com\/site\/2018\/10\/31\/expo-green-con-muchas-actividades-para-la-familia\/\" \/>\n<meta property=\"og:locale\" content=\"es_ES\" \/>\n<meta property=\"og:type\" content=\"article\" \/>\n<meta property=\"og:title\" content=\"Expo Green, con muchas actividades para la familia\" \/>\n<meta property=\"og:description\" content=\"El Municipio de Mercedes, a trav\u00e9s de la Direcci\u00f3n de Turismo, en un trabajo mancomunado con la organizaci\u00f3n Green Expo Vivero, anunciaron una nueva propuesta para nuestra ciudad, la Mercedes Expo Green. La misma se llevar\u00e1 a cabo el s\u00e1bado 10 y domingo 11 de noviembre, con entrada libre y gratuita en el polideportivo Mart\u00edn [&hellip;]\" \/>\n<meta property=\"og:url\" content=\"https:\/\/noticiasmercedinas.com\/site\/2018\/10\/31\/expo-green-con-muchas-actividades-para-la-familia\/\" \/>\n<meta property=\"og:site_name\" content=\"NOTICIASMERCEDINAS.COM\" \/>\n<meta property=\"article:publisher\" content=\"https:\/\/www.facebook.com\/noticiasmercedinas\/\" \/>\n<meta property=\"article:author\" content=\"https:\/\/www.facebook.com\/cristian.falabella\" \/>\n<meta property=\"article:published_time\" content=\"2018-10-31T11:05:50+00:00\" \/>\n<meta property=\"og:image\" content=\"https:\/\/noticiasmercedinas.com\/site\/wp-content\/uploads\/2018\/10\/img-944.jpg\" \/>\n\t<meta property=\"og:image:width\" content=\"750\" \/>\n\t<meta property=\"og:image:height\" content=\"500\" \/>\n\t<meta property=\"og:image:type\" content=\"image\/jpeg\" \/>\n<meta name=\"author\" content=\"Cristian Falabella NOTICIASMERCEDINAS.COM\" \/>\n<meta name=\"twitter:card\" content=\"summary_large_image\" \/>\n<meta name=\"twitter:creator\" content=\"@https:\/\/twitter.com\/NOTMERCEDINAS\" \/>\n<meta name=\"twitter:site\" content=\"@notmercedinas\" \/>\n<meta name=\"twitter:label1\" content=\"Escrito por\" \/>\n\t<meta name=\"twitter:data1\" content=\"Cristian Falabella NOTICIASMERCEDINAS.COM\" \/>\n\t<meta name=\"twitter:label2\" content=\"Tiempo de lectura\" \/>\n\t<meta name=\"twitter:data2\" content=\"3 minutos\" \/>\n<script type=\"application\/ld+json\" class=\"yoast-schema-graph\">{\"@context\":\"https:\\\/\\\/schema.org\",\"@graph\":[{\"@type\":\"Article\",\"@id\":\"https:\\\/\\\/noticiasmercedinas.com\\\/site\\\/2018\\\/10\\\/31\\\/expo-green-con-muchas-actividades-para-la-familia\\\/#article\",\"isPartOf\":{\"@id\":\"https:\\\/\\\/noticiasmercedinas.com\\\/site\\\/2018\\\/10\\\/31\\\/expo-green-con-muchas-actividades-para-la-familia\\\/\"},\"author\":{\"name\":\"Cristian Falabella NOTICIASMERCEDINAS.COM\",\"@id\":\"https:\\\/\\\/noticiasmercedinas.com\\\/site\\\/#\\\/schema\\\/person\\\/d481a9696a5feaec13a60e2bbd991a6a\"},\"headline\":\"Expo Green, con muchas actividades para la familia\",\"datePublished\":\"2018-10-31T11:05:50+00:00\",\"mainEntityOfPage\":{\"@id\":\"https:\\\/\\\/noticiasmercedinas.com\\\/site\\\/2018\\\/10\\\/31\\\/expo-green-con-muchas-actividades-para-la-familia\\\/\"},\"wordCount\":639,\"commentCount\":0,\"publisher\":{\"@id\":\"https:\\\/\\\/noticiasmercedinas.com\\\/site\\\/#organization\"},\"image\":{\"@id\":\"https:\\\/\\\/noticiasmercedinas.com\\\/site\\\/2018\\\/10\\\/31\\\/expo-green-con-muchas-actividades-para-la-familia\\\/#primaryimage\"},\"thumbnailUrl\":\"https:\\\/\\\/noticiasmercedinas.com\\\/site\\\/wp-content\\\/uploads\\\/2018\\\/10\\\/img-944.jpg\",\"keywords\":[\"expo green\",\"green expo\",\"juan ignacio ustarroz\",\"martin boragno\",\"nora luna\",\"vivero\"],\"articleSection\":[\"Sociedad\"],\"inLanguage\":\"es\",\"potentialAction\":[{\"@type\":\"CommentAction\",\"name\":\"Comment\",\"target\":[\"https:\\\/\\\/noticiasmercedinas.com\\\/site\\\/2018\\\/10\\\/31\\\/expo-green-con-muchas-actividades-para-la-familia\\\/#respond\"]}]},{\"@type\":\"WebPage\",\"@id\":\"https:\\\/\\\/noticiasmercedinas.com\\\/site\\\/2018\\\/10\\\/31\\\/expo-green-con-muchas-actividades-para-la-familia\\\/\",\"url\":\"https:\\\/\\\/noticiasmercedinas.com\\\/site\\\/2018\\\/10\\\/31\\\/expo-green-con-muchas-actividades-para-la-familia\\\/\",\"name\":\"Expo Green, con muchas actividades para la familia\",\"isPartOf\":{\"@id\":\"https:\\\/\\\/noticiasmercedinas.com\\\/site\\\/#website\"},\"primaryImageOfPage\":{\"@id\":\"https:\\\/\\\/noticiasmercedinas.com\\\/site\\\/2018\\\/10\\\/31\\\/expo-green-con-muchas-actividades-para-la-familia\\\/#primaryimage\"},\"image\":{\"@id\":\"https:\\\/\\\/noticiasmercedinas.com\\\/site\\\/2018\\\/10\\\/31\\\/expo-green-con-muchas-actividades-para-la-familia\\\/#primaryimage\"},\"thumbnailUrl\":\"https:\\\/\\\/noticiasmercedinas.com\\\/site\\\/wp-content\\\/uploads\\\/2018\\\/10\\\/img-944.jpg\",\"datePublished\":\"2018-10-31T11:05:50+00:00\",\"breadcrumb\":{\"@id\":\"https:\\\/\\\/noticiasmercedinas.com\\\/site\\\/2018\\\/10\\\/31\\\/expo-green-con-muchas-actividades-para-la-familia\\\/#breadcrumb\"},\"inLanguage\":\"es\",\"potentialAction\":[{\"@type\":\"ReadAction\",\"target\":[\"https:\\\/\\\/noticiasmercedinas.com\\\/site\\\/2018\\\/10\\\/31\\\/expo-green-con-muchas-actividades-para-la-familia\\\/\"]}]},{\"@type\":\"ImageObject\",\"inLanguage\":\"es\",\"@id\":\"https:\\\/\\\/noticiasmercedinas.com\\\/site\\\/2018\\\/10\\\/31\\\/expo-green-con-muchas-actividades-para-la-familia\\\/#primaryimage\",\"url\":\"https:\\\/\\\/noticiasmercedinas.com\\\/site\\\/wp-content\\\/uploads\\\/2018\\\/10\\\/img-944.jpg\",\"contentUrl\":\"https:\\\/\\\/noticiasmercedinas.com\\\/site\\\/wp-content\\\/uploads\\\/2018\\\/10\\\/img-944.jpg\",\"width\":750,\"height\":500},{\"@type\":\"BreadcrumbList\",\"@id\":\"https:\\\/\\\/noticiasmercedinas.com\\\/site\\\/2018\\\/10\\\/31\\\/expo-green-con-muchas-actividades-para-la-familia\\\/#breadcrumb\",\"itemListElement\":[{\"@type\":\"ListItem\",\"position\":1,\"name\":\"Portada\",\"item\":\"https:\\\/\\\/noticiasmercedinas.com\\\/site\\\/\"},{\"@type\":\"ListItem\",\"position\":2,\"name\":\"Expo Green, con muchas actividades para la familia\"}]},{\"@type\":\"WebSite\",\"@id\":\"https:\\\/\\\/noticiasmercedinas.com\\\/site\\\/#website\",\"url\":\"https:\\\/\\\/noticiasmercedinas.com\\\/site\\\/\",\"name\":\"NOTICIASMERCEDINAS.COM\",\"description\":\"Mercedes, Buenos Aires, Argentina\",\"publisher\":{\"@id\":\"https:\\\/\\\/noticiasmercedinas.com\\\/site\\\/#organization\"},\"potentialAction\":[{\"@type\":\"SearchAction\",\"target\":{\"@type\":\"EntryPoint\",\"urlTemplate\":\"https:\\\/\\\/noticiasmercedinas.com\\\/site\\\/?s={search_term_string}\"},\"query-input\":{\"@type\":\"PropertyValueSpecification\",\"valueRequired\":true,\"valueName\":\"search_term_string\"}}],\"inLanguage\":\"es\"},{\"@type\":\"Organization\",\"@id\":\"https:\\\/\\\/noticiasmercedinas.com\\\/site\\\/#organization\",\"name\":\"NOTICIASMERCEDINAS.COM\",\"url\":\"https:\\\/\\\/noticiasmercedinas.com\\\/site\\\/\",\"logo\":{\"@type\":\"ImageObject\",\"inLanguage\":\"es\",\"@id\":\"https:\\\/\\\/noticiasmercedinas.com\\\/site\\\/#\\\/schema\\\/logo\\\/image\\\/\",\"url\":\"https:\\\/\\\/noticiasmercedinas.com\\\/site\\\/wp-content\\\/uploads\\\/2020\\\/06\\\/LOGO-512.jpg\",\"contentUrl\":\"https:\\\/\\\/noticiasmercedinas.com\\\/site\\\/wp-content\\\/uploads\\\/2020\\\/06\\\/LOGO-512.jpg\",\"width\":512,\"height\":512,\"caption\":\"NOTICIASMERCEDINAS.COM\"},\"image\":{\"@id\":\"https:\\\/\\\/noticiasmercedinas.com\\\/site\\\/#\\\/schema\\\/logo\\\/image\\\/\"},\"sameAs\":[\"https:\\\/\\\/www.facebook.com\\\/noticiasmercedinas\\\/\",\"https:\\\/\\\/x.com\\\/notmercedinas\",\"https:\\\/\\\/www.instagram.com\\\/noticiasmercedinas\\\/\"]},{\"@type\":\"Person\",\"@id\":\"https:\\\/\\\/noticiasmercedinas.com\\\/site\\\/#\\\/schema\\\/person\\\/d481a9696a5feaec13a60e2bbd991a6a\",\"name\":\"Cristian Falabella NOTICIASMERCEDINAS.COM\",\"image\":{\"@type\":\"ImageObject\",\"inLanguage\":\"es\",\"@id\":\"https:\\\/\\\/secure.gravatar.com\\\/avatar\\\/0dbbfc45970cc46bcd0e57766228574ff3511d6eed045b182f536f0f478c1f06?s=96&d=mm&r=g\",\"url\":\"https:\\\/\\\/secure.gravatar.com\\\/avatar\\\/0dbbfc45970cc46bcd0e57766228574ff3511d6eed045b182f536f0f478c1f06?s=96&d=mm&r=g\",\"contentUrl\":\"https:\\\/\\\/secure.gravatar.com\\\/avatar\\\/0dbbfc45970cc46bcd0e57766228574ff3511d6eed045b182f536f0f478c1f06?s=96&d=mm&r=g\",\"caption\":\"Cristian Falabella NOTICIASMERCEDINAS.COM\"},\"description\":\"Periodista, editor de Noticias Mercedinas. Pas\u00f3 por varias redacciones y emprendimientos de prensa, en distintos formatos y \u00e9pocas. Se especializ\u00f3 --y sigue haci\u00e9ndolo-- en comunicaci\u00f3n en la web y en junio de 2006 fund\u00f3 este diario digital.\",\"sameAs\":[\"https:\\\/\\\/noticiasmercedinas.com\",\"https:\\\/\\\/www.facebook.com\\\/cristian.falabella\",\"https:\\\/\\\/www.instagram.com\\\/noticiasmercedinas\\\/\",\"https:\\\/\\\/x.com\\\/https:\\\/\\\/twitter.com\\\/NOTMERCEDINAS\"],\"url\":\"https:\\\/\\\/noticiasmercedinas.com\\\/site\\\/author\\\/as000384\\\/\"}]}<\/script>\n<!-- \/ Yoast SEO plugin. -->","yoast_head_json":{"title":"Expo Green, con muchas actividades para la familia","robots":{"index":"index","follow":"follow","max-snippet":"max-snippet:-1","max-image-preview":"max-image-preview:large","max-video-preview":"max-video-preview:-1"},"canonical":"https:\/\/noticiasmercedinas.com\/site\/2018\/10\/31\/expo-green-con-muchas-actividades-para-la-familia\/","og_locale":"es_ES","og_type":"article","og_title":"Expo Green, con muchas actividades para la familia","og_description":"El Municipio de Mercedes, a trav\u00e9s de la Direcci\u00f3n de Turismo, en un trabajo mancomunado con la organizaci\u00f3n Green Expo Vivero, anunciaron una nueva propuesta para nuestra ciudad, la Mercedes Expo Green. La misma se llevar\u00e1 a cabo el s\u00e1bado 10 y domingo 11 de noviembre, con entrada libre y gratuita en el polideportivo Mart\u00edn [&hellip;]","og_url":"https:\/\/noticiasmercedinas.com\/site\/2018\/10\/31\/expo-green-con-muchas-actividades-para-la-familia\/","og_site_name":"NOTICIASMERCEDINAS.COM","article_publisher":"https:\/\/www.facebook.com\/noticiasmercedinas\/","article_author":"https:\/\/www.facebook.com\/cristian.falabella","article_published_time":"2018-10-31T11:05:50+00:00","og_image":[{"width":750,"height":500,"url":"https:\/\/noticiasmercedinas.com\/site\/wp-content\/uploads\/2018\/10\/img-944.jpg","type":"image\/jpeg"}],"author":"Cristian Falabella NOTICIASMERCEDINAS.COM","twitter_card":"summary_large_image","twitter_creator":"@https:\/\/twitter.com\/NOTMERCEDINAS","twitter_site":"@notmercedinas","twitter_misc":{"Escrito por":"Cristian Falabella NOTICIASMERCEDINAS.COM","Tiempo de lectura":"3 minutos"},"schema":{"@context":"https:\/\/schema.org","@graph":[{"@type":"Article","@id":"https:\/\/noticiasmercedinas.com\/site\/2018\/10\/31\/expo-green-con-muchas-actividades-para-la-familia\/#article","isPartOf":{"@id":"https:\/\/noticiasmercedinas.com\/site\/2018\/10\/31\/expo-green-con-muchas-actividades-para-la-familia\/"},"author":{"name":"Cristian Falabella NOTICIASMERCEDINAS.COM","@id":"https:\/\/noticiasmercedinas.com\/site\/#\/schema\/person\/d481a9696a5feaec13a60e2bbd991a6a"},"headline":"Expo Green, con muchas actividades para la familia","datePublished":"2018-10-31T11:05:50+00:00","mainEntityOfPage":{"@id":"https:\/\/noticiasmercedinas.com\/site\/2018\/10\/31\/expo-green-con-muchas-actividades-para-la-familia\/"},"wordCount":639,"commentCount":0,"publisher":{"@id":"https:\/\/noticiasmercedinas.com\/site\/#organization"},"image":{"@id":"https:\/\/noticiasmercedinas.com\/site\/2018\/10\/31\/expo-green-con-muchas-actividades-para-la-familia\/#primaryimage"},"thumbnailUrl":"https:\/\/noticiasmercedinas.com\/site\/wp-content\/uploads\/2018\/10\/img-944.jpg","keywords":["expo green","green expo","juan ignacio ustarroz","martin boragno","nora luna","vivero"],"articleSection":["Sociedad"],"inLanguage":"es","potentialAction":[{"@type":"CommentAction","name":"Comment","target":["https:\/\/noticiasmercedinas.com\/site\/2018\/10\/31\/expo-green-con-muchas-actividades-para-la-familia\/#respond"]}]},{"@type":"WebPage","@id":"https:\/\/noticiasmercedinas.com\/site\/2018\/10\/31\/expo-green-con-muchas-actividades-para-la-familia\/","url":"https:\/\/noticiasmercedinas.com\/site\/2018\/10\/31\/expo-green-con-muchas-actividades-para-la-familia\/","name":"Expo Green, con muchas actividades para la familia","isPartOf":{"@id":"https:\/\/noticiasmercedinas.com\/site\/#website"},"primaryImageOfPage":{"@id":"https:\/\/noticiasmercedinas.com\/site\/2018\/10\/31\/expo-green-con-muchas-actividades-para-la-familia\/#primaryimage"},"image":{"@id":"https:\/\/noticiasmercedinas.com\/site\/2018\/10\/31\/expo-green-con-muchas-actividades-para-la-familia\/#primaryimage"},"thumbnailUrl":"https:\/\/noticiasmercedinas.com\/site\/wp-content\/uploads\/2018\/10\/img-944.jpg","datePublished":"2018-10-31T11:05:50+00:00","breadcrumb":{"@id":"https:\/\/noticiasmercedinas.com\/site\/2018\/10\/31\/expo-green-con-muchas-actividades-para-la-familia\/#breadcrumb"},"inLanguage":"es","potentialAction":[{"@type":"ReadAction","target":["https:\/\/noticiasmercedinas.com\/site\/2018\/10\/31\/expo-green-con-muchas-actividades-para-la-familia\/"]}]},{"@type":"ImageObject","inLanguage":"es","@id":"https:\/\/noticiasmercedinas.com\/site\/2018\/10\/31\/expo-green-con-muchas-actividades-para-la-familia\/#primaryimage","url":"https:\/\/noticiasmercedinas.com\/site\/wp-content\/uploads\/2018\/10\/img-944.jpg","contentUrl":"https:\/\/noticiasmercedinas.com\/site\/wp-content\/uploads\/2018\/10\/img-944.jpg","width":750,"height":500},{"@type":"BreadcrumbList","@id":"https:\/\/noticiasmercedinas.com\/site\/2018\/10\/31\/expo-green-con-muchas-actividades-para-la-familia\/#breadcrumb","itemListElement":[{"@type":"ListItem","position":1,"name":"Portada","item":"https:\/\/noticiasmercedinas.com\/site\/"},{"@type":"ListItem","position":2,"name":"Expo Green, con muchas actividades para la familia"}]},{"@type":"WebSite","@id":"https:\/\/noticiasmercedinas.com\/site\/#website","url":"https:\/\/noticiasmercedinas.com\/site\/","name":"NOTICIASMERCEDINAS.COM","description":"Mercedes, Buenos Aires, Argentina","publisher":{"@id":"https:\/\/noticiasmercedinas.com\/site\/#organization"},"potentialAction":[{"@type":"SearchAction","target":{"@type":"EntryPoint","urlTemplate":"https:\/\/noticiasmercedinas.com\/site\/?s={search_term_string}"},"query-input":{"@type":"PropertyValueSpecification","valueRequired":true,"valueName":"search_term_string"}}],"inLanguage":"es"},{"@type":"Organization","@id":"https:\/\/noticiasmercedinas.com\/site\/#organization","name":"NOTICIASMERCEDINAS.COM","url":"https:\/\/noticiasmercedinas.com\/site\/","logo":{"@type":"ImageObject","inLanguage":"es","@id":"https:\/\/noticiasmercedinas.com\/site\/#\/schema\/logo\/image\/","url":"https:\/\/noticiasmercedinas.com\/site\/wp-content\/uploads\/2020\/06\/LOGO-512.jpg","contentUrl":"https:\/\/noticiasmercedinas.com\/site\/wp-content\/uploads\/2020\/06\/LOGO-512.jpg","width":512,"height":512,"caption":"NOTICIASMERCEDINAS.COM"},"image":{"@id":"https:\/\/noticiasmercedinas.com\/site\/#\/schema\/logo\/image\/"},"sameAs":["https:\/\/www.facebook.com\/noticiasmercedinas\/","https:\/\/x.com\/notmercedinas","https:\/\/www.instagram.com\/noticiasmercedinas\/"]},{"@type":"Person","@id":"https:\/\/noticiasmercedinas.com\/site\/#\/schema\/person\/d481a9696a5feaec13a60e2bbd991a6a","name":"Cristian Falabella NOTICIASMERCEDINAS.COM","image":{"@type":"ImageObject","inLanguage":"es","@id":"https:\/\/secure.gravatar.com\/avatar\/0dbbfc45970cc46bcd0e57766228574ff3511d6eed045b182f536f0f478c1f06?s=96&d=mm&r=g","url":"https:\/\/secure.gravatar.com\/avatar\/0dbbfc45970cc46bcd0e57766228574ff3511d6eed045b182f536f0f478c1f06?s=96&d=mm&r=g","contentUrl":"https:\/\/secure.gravatar.com\/avatar\/0dbbfc45970cc46bcd0e57766228574ff3511d6eed045b182f536f0f478c1f06?s=96&d=mm&r=g","caption":"Cristian Falabella NOTICIASMERCEDINAS.COM"},"description":"Periodista, editor de Noticias Mercedinas. Pas\u00f3 por varias redacciones y emprendimientos de prensa, en distintos formatos y \u00e9pocas. Se especializ\u00f3 --y sigue haci\u00e9ndolo-- en comunicaci\u00f3n en la web y en junio de 2006 fund\u00f3 este diario digital.","sameAs":["https:\/\/noticiasmercedinas.com","https:\/\/www.facebook.com\/cristian.falabella","https:\/\/www.instagram.com\/noticiasmercedinas\/","https:\/\/x.com\/https:\/\/twitter.com\/NOTMERCEDINAS"],"url":"https:\/\/noticiasmercedinas.com\/site\/author\/as000384\/"}]}},"amp_enabled":true,"_links":{"self":[{"href":"https:\/\/noticiasmercedinas.com\/site\/wp-json\/wp\/v2\/posts\/5661","targetHints":{"allow":["GET"]}}],"collection":[{"href":"https:\/\/noticiasmercedinas.com\/site\/wp-json\/wp\/v2\/posts"}],"about":[{"href":"https:\/\/noticiasmercedinas.com\/site\/wp-json\/wp\/v2\/types\/post"}],"author":[{"embeddable":true,"href":"https:\/\/noticiasmercedinas.com\/site\/wp-json\/wp\/v2\/users\/2"}],"replies":[{"embeddable":true,"href":"https:\/\/noticiasmercedinas.com\/site\/wp-json\/wp\/v2\/comments?post=5661"}],"version-history":[{"count":1,"href":"https:\/\/noticiasmercedinas.com\/site\/wp-json\/wp\/v2\/posts\/5661\/revisions"}],"predecessor-version":[{"id":5665,"href":"https:\/\/noticiasmercedinas.com\/site\/wp-json\/wp\/v2\/posts\/5661\/revisions\/5665"}],"wp:featuredmedia":[{"embeddable":true,"href":"https:\/\/noticiasmercedinas.com\/site\/wp-json\/wp\/v2\/media\/5663"}],"wp:attachment":[{"href":"https:\/\/noticiasmercedinas.com\/site\/wp-json\/wp\/v2\/media?parent=5661"}],"wp:term":[{"taxonomy":"category","embeddable":true,"href":"https:\/\/noticiasmercedinas.com\/site\/wp-json\/wp\/v2\/categories?post=5661"},{"taxonomy":"post_tag","embeddable":true,"href":"https:\/\/noticiasmercedinas.com\/site\/wp-json\/wp\/v2\/tags?post=5661"}],"curies":[{"name":"wp","href":"https:\/\/api.w.org\/{rel}","templated":true}]}}