{"id":56818,"date":"2020-11-19T12:30:29","date_gmt":"2020-11-19T15:30:29","guid":{"rendered":"https:\/\/noticiasmercedinas.com\/site\/?p=56818"},"modified":"2020-11-19T12:30:29","modified_gmt":"2020-11-19T15:30:29","slug":"temporada-de-garrapatas-es-importante-prevenir","status":"publish","type":"post","link":"https:\/\/noticiasmercedinas.com\/site\/2020\/11\/19\/temporada-de-garrapatas-es-importante-prevenir\/","title":{"rendered":"Temporada de garrapatas: \u201cEs importante prevenir\u201d"},"content":{"rendered":"<p><img loading=\"lazy\" decoding=\"async\" class=\"alignnone size-full wp-image-56819\" src=\"https:\/\/noticiasmercedinas.com\/site\/wp-content\/uploads\/2020\/11\/martinvignati.jpg\" alt=\"\" width=\"640\" height=\"342\" srcset=\"https:\/\/noticiasmercedinas.com\/site\/wp-content\/uploads\/2020\/11\/martinvignati.jpg 640w, https:\/\/noticiasmercedinas.com\/site\/wp-content\/uploads\/2020\/11\/martinvignati-300x160.jpg 300w, https:\/\/noticiasmercedinas.com\/site\/wp-content\/uploads\/2020\/11\/martinvignati-600x320.jpg 600w\" sizes=\"auto, (max-width: 640px) 100vw, 640px\" \/><\/p>\n<p>El m\u00e9dico veterinario <strong>Mart\u00edn Vignati<\/strong> fue parte del programa \u201cBien acompa\u00f1ada\u201d, que se emite todos los martes, conducido por <strong>Carolina Cabral Rapela<\/strong>, por Milenio Media.<\/p>\n<p>En principio se refiri\u00f3 a la problem\u00e1tica de las garrapatas, algo que en esta \u00e9poca tiene su auge entre los animales de compa\u00f1\u00eda. \u201cConsidero que en ambiente y salud se debe trabajar de manera interdisciplinaria, y en lo que hace a las garrapatas tiene que ver con la tenencia responsable de las mascotas, un tema que tiene distintas aristas\u201d, dijo.<\/p>\n<p>\u201cLas garrapatas y pulgas son ectopar\u00e1sitos que atacan e influyen en la salud de mascotas y no solo provocan alergias y problemas hem\u00e1ticos sino que transmiten enfermedades. En perros hay una enfermedad que se llama erliquia, es una bacteria que provoca la muerte ya que se come los gl\u00f3bulos rojos\u201d, se\u00f1al\u00f3. \u201cEs conocida como enfermedad de la tristeza y si no se estabiliza el animal termina muri\u00e9ndose. Es muy importante prevenir\u201d, dijo y remarc\u00f3 que cada par\u00e1sito es espec\u00edfico de cada especie.<\/p>\n<blockquote><p>\u201cSiempre hay que acercarse y consultar a un profesional amigo para llegar a un buen fin\u201d, recomend\u00f3 Vignati.<\/p><\/blockquote>\n<p>Seg\u00fan el veterinario, estos animales par\u00e1sitos \u201cson bravos de combatir\u201d y es \u201cclave que el ambiente sea tratado\u201d: \u201cHoy hay productos que son f\u00e1ciles de utilizar, hay l\u00edneas verdes, piretroides como la cipermetrina, que son f\u00e1ciles de aplicar. Con un asesoramiento t\u00e9cnico de un m\u00e9dico veterinario se puede lograr combatirlas\u201d, plante\u00f3. \u201cHay productos que se pueden tirar en todo el ambiente en que est\u00e1n los animales, incluso dentro del hogar\u201d, dijo e inform\u00f3 que \u201cse calcula que cada una que se ve en el animal hay 9 en el ambiente\u201d: \u201cUna garrapata puede poner 2000 huevos por d\u00eda\u201d, alert\u00f3 y llam\u00f3 a \u201cacercarse a un m\u00e9dico veterinario, que es un t\u00e9cnico, m\u00e1s all\u00e1 de comprar los productos\u201d.<\/p>\n<p>\u201cSiempre hay que acercarse y consultar a un profesional amigo para llegar a un buen fin\u201d, recomend\u00f3 Vignati.<\/p>\n<p>En otro orden destac\u00f3 que si bien hay par\u00e1sitos de perros y gatos que se transmiten a humanos, hoy hay productos de avanzada que los matan, \u201csimplemente con una gotita sobre la piel\u201d.<\/p>\n<p>Por otra parte, se refiri\u00f3 a la necesidad de castraciones de animales. \u201cNo sirve de nada hacer hincapi\u00e9 en la castraci\u00f3n si no se educa a los chicos, hay que ser responsables cada vez que se adoptan animales. Las castraciones deben ser masivas y gratuitas para llegar a un buen fin\u201d, dijo Vignati, quien trabaja como cirujano en el hospital de la UBA \u00a0y recomienda hacerlas entre los 4 meses y dos a\u00f1os de vida, para evitar, adem\u00e1s, tumores de mamas y problemas de ovario y \u00fatero, tanto en perras como en gatas. E indic\u00f3 que tambi\u00e9n es beneficioso castrar a los machos: \u201cEn caso de felinos son menos callejeros, lo que implica menos riesgos\u201d, dijo.<\/p>\n<p>Por \u00faltimo, recomend\u00f3 que la vacunaci\u00f3n de la rabia se haga obligatoria y responsablemente en animales, ya que es gratuita.<\/p>\n","protected":false},"excerpt":{"rendered":"<p>\u25a0 El m\u00e9dico veterinario Mart\u00edn Vignati se refiri\u00f3 a esta problem\u00e1tica de las mascotas. \u00abEs clave que el ambiente sea tratado\u00bb, se\u00f1al\u00f3.<\/p>\n","protected":false},"author":16,"featured_media":56819,"comment_status":"open","ping_status":"open","sticky":false,"template":"","format":"standard","meta":{"footnotes":""},"categories":[8992],"tags":[10738,8675,2396,1200],"class_list":["post-56818","post","type-post","status-publish","format-standard","has-post-thumbnail","hentry","category-bienestar","tag-garrapatas","tag-martin-vignati","tag-prevencion","tag-veterinaria"],"yoast_head":"<!-- This site is optimized with the Yoast SEO plugin v27.4 - https:\/\/yoast.com\/product\/yoast-seo-wordpress\/ -->\n<title>Temporada de garrapatas: \u201cEs importante prevenir\u201d<\/title>\n<meta name=\"robots\" content=\"index, follow, max-snippet:-1, max-image-preview:large, max-video-preview:-1\" \/>\n<link rel=\"canonical\" href=\"https:\/\/noticiasmercedinas.com\/site\/2020\/11\/19\/temporada-de-garrapatas-es-importante-prevenir\/\" \/>\n<meta property=\"og:locale\" content=\"es_ES\" \/>\n<meta property=\"og:type\" content=\"article\" \/>\n<meta property=\"og:title\" content=\"Temporada de garrapatas: \u201cEs importante prevenir\u201d\" \/>\n<meta property=\"og:description\" content=\"\u25a0 El m\u00e9dico veterinario Mart\u00edn Vignati se refiri\u00f3 a esta problem\u00e1tica de las mascotas. &quot;Es clave que el ambiente sea tratado&quot;, se\u00f1al\u00f3.\" \/>\n<meta property=\"og:url\" content=\"https:\/\/noticiasmercedinas.com\/site\/2020\/11\/19\/temporada-de-garrapatas-es-importante-prevenir\/\" \/>\n<meta property=\"og:site_name\" content=\"NOTICIASMERCEDINAS.COM\" \/>\n<meta property=\"article:publisher\" content=\"https:\/\/www.facebook.com\/noticiasmercedinas\/\" \/>\n<meta property=\"article:published_time\" content=\"2020-11-19T15:30:29+00:00\" \/>\n<meta property=\"og:image\" content=\"https:\/\/noticiasmercedinas.com\/site\/wp-content\/uploads\/2020\/11\/martinvignati.jpg\" \/>\n\t<meta property=\"og:image:width\" content=\"640\" \/>\n\t<meta property=\"og:image:height\" content=\"342\" \/>\n\t<meta property=\"og:image:type\" content=\"image\/jpeg\" \/>\n<meta name=\"author\" content=\"NOTICIASMERCEDINAS.COM\" \/>\n<meta name=\"twitter:card\" content=\"summary_large_image\" \/>\n<meta name=\"twitter:creator\" content=\"@notmercedinas\" \/>\n<meta name=\"twitter:site\" content=\"@notmercedinas\" \/>\n<meta name=\"twitter:label1\" content=\"Escrito por\" \/>\n\t<meta name=\"twitter:data1\" content=\"NOTICIASMERCEDINAS.COM\" \/>\n\t<meta name=\"twitter:label2\" content=\"Tiempo de lectura\" \/>\n\t<meta name=\"twitter:data2\" content=\"3 minutos\" \/>\n<script type=\"application\/ld+json\" class=\"yoast-schema-graph\">{\"@context\":\"https:\\\/\\\/schema.org\",\"@graph\":[{\"@type\":\"Article\",\"@id\":\"https:\\\/\\\/noticiasmercedinas.com\\\/site\\\/2020\\\/11\\\/19\\\/temporada-de-garrapatas-es-importante-prevenir\\\/#article\",\"isPartOf\":{\"@id\":\"https:\\\/\\\/noticiasmercedinas.com\\\/site\\\/2020\\\/11\\\/19\\\/temporada-de-garrapatas-es-importante-prevenir\\\/\"},\"author\":{\"name\":\"NOTICIASMERCEDINAS.COM\",\"@id\":\"https:\\\/\\\/noticiasmercedinas.com\\\/site\\\/#\\\/schema\\\/person\\\/84b59c099c28ff2e8b77d4ceec5d8063\"},\"headline\":\"Temporada de garrapatas: \u201cEs importante prevenir\u201d\",\"datePublished\":\"2020-11-19T15:30:29+00:00\",\"mainEntityOfPage\":{\"@id\":\"https:\\\/\\\/noticiasmercedinas.com\\\/site\\\/2020\\\/11\\\/19\\\/temporada-de-garrapatas-es-importante-prevenir\\\/\"},\"wordCount\":522,\"commentCount\":0,\"publisher\":{\"@id\":\"https:\\\/\\\/noticiasmercedinas.com\\\/site\\\/#organization\"},\"image\":{\"@id\":\"https:\\\/\\\/noticiasmercedinas.com\\\/site\\\/2020\\\/11\\\/19\\\/temporada-de-garrapatas-es-importante-prevenir\\\/#primaryimage\"},\"thumbnailUrl\":\"https:\\\/\\\/noticiasmercedinas.com\\\/site\\\/wp-content\\\/uploads\\\/2020\\\/11\\\/martinvignati.jpg\",\"keywords\":[\"garrapatas\",\"martin vignati\",\"prevencion\",\"veterinaria\"],\"articleSection\":[\"Bienestar\"],\"inLanguage\":\"es\",\"potentialAction\":[{\"@type\":\"CommentAction\",\"name\":\"Comment\",\"target\":[\"https:\\\/\\\/noticiasmercedinas.com\\\/site\\\/2020\\\/11\\\/19\\\/temporada-de-garrapatas-es-importante-prevenir\\\/#respond\"]}]},{\"@type\":\"WebPage\",\"@id\":\"https:\\\/\\\/noticiasmercedinas.com\\\/site\\\/2020\\\/11\\\/19\\\/temporada-de-garrapatas-es-importante-prevenir\\\/\",\"url\":\"https:\\\/\\\/noticiasmercedinas.com\\\/site\\\/2020\\\/11\\\/19\\\/temporada-de-garrapatas-es-importante-prevenir\\\/\",\"name\":\"Temporada de garrapatas: \u201cEs importante prevenir\u201d\",\"isPartOf\":{\"@id\":\"https:\\\/\\\/noticiasmercedinas.com\\\/site\\\/#website\"},\"primaryImageOfPage\":{\"@id\":\"https:\\\/\\\/noticiasmercedinas.com\\\/site\\\/2020\\\/11\\\/19\\\/temporada-de-garrapatas-es-importante-prevenir\\\/#primaryimage\"},\"image\":{\"@id\":\"https:\\\/\\\/noticiasmercedinas.com\\\/site\\\/2020\\\/11\\\/19\\\/temporada-de-garrapatas-es-importante-prevenir\\\/#primaryimage\"},\"thumbnailUrl\":\"https:\\\/\\\/noticiasmercedinas.com\\\/site\\\/wp-content\\\/uploads\\\/2020\\\/11\\\/martinvignati.jpg\",\"datePublished\":\"2020-11-19T15:30:29+00:00\",\"breadcrumb\":{\"@id\":\"https:\\\/\\\/noticiasmercedinas.com\\\/site\\\/2020\\\/11\\\/19\\\/temporada-de-garrapatas-es-importante-prevenir\\\/#breadcrumb\"},\"inLanguage\":\"es\",\"potentialAction\":[{\"@type\":\"ReadAction\",\"target\":[\"https:\\\/\\\/noticiasmercedinas.com\\\/site\\\/2020\\\/11\\\/19\\\/temporada-de-garrapatas-es-importante-prevenir\\\/\"]}]},{\"@type\":\"ImageObject\",\"inLanguage\":\"es\",\"@id\":\"https:\\\/\\\/noticiasmercedinas.com\\\/site\\\/2020\\\/11\\\/19\\\/temporada-de-garrapatas-es-importante-prevenir\\\/#primaryimage\",\"url\":\"https:\\\/\\\/noticiasmercedinas.com\\\/site\\\/wp-content\\\/uploads\\\/2020\\\/11\\\/martinvignati.jpg\",\"contentUrl\":\"https:\\\/\\\/noticiasmercedinas.com\\\/site\\\/wp-content\\\/uploads\\\/2020\\\/11\\\/martinvignati.jpg\",\"width\":640,\"height\":342},{\"@type\":\"BreadcrumbList\",\"@id\":\"https:\\\/\\\/noticiasmercedinas.com\\\/site\\\/2020\\\/11\\\/19\\\/temporada-de-garrapatas-es-importante-prevenir\\\/#breadcrumb\",\"itemListElement\":[{\"@type\":\"ListItem\",\"position\":1,\"name\":\"Portada\",\"item\":\"https:\\\/\\\/noticiasmercedinas.com\\\/site\\\/\"},{\"@type\":\"ListItem\",\"position\":2,\"name\":\"Temporada de garrapatas: \u201cEs importante prevenir\u201d\"}]},{\"@type\":\"WebSite\",\"@id\":\"https:\\\/\\\/noticiasmercedinas.com\\\/site\\\/#website\",\"url\":\"https:\\\/\\\/noticiasmercedinas.com\\\/site\\\/\",\"name\":\"NOTICIASMERCEDINAS.COM\",\"description\":\"Mercedes, Buenos Aires, Argentina\",\"publisher\":{\"@id\":\"https:\\\/\\\/noticiasmercedinas.com\\\/site\\\/#organization\"},\"potentialAction\":[{\"@type\":\"SearchAction\",\"target\":{\"@type\":\"EntryPoint\",\"urlTemplate\":\"https:\\\/\\\/noticiasmercedinas.com\\\/site\\\/?s={search_term_string}\"},\"query-input\":{\"@type\":\"PropertyValueSpecification\",\"valueRequired\":true,\"valueName\":\"search_term_string\"}}],\"inLanguage\":\"es\"},{\"@type\":\"Organization\",\"@id\":\"https:\\\/\\\/noticiasmercedinas.com\\\/site\\\/#organization\",\"name\":\"NOTICIASMERCEDINAS.COM\",\"url\":\"https:\\\/\\\/noticiasmercedinas.com\\\/site\\\/\",\"logo\":{\"@type\":\"ImageObject\",\"inLanguage\":\"es\",\"@id\":\"https:\\\/\\\/noticiasmercedinas.com\\\/site\\\/#\\\/schema\\\/logo\\\/image\\\/\",\"url\":\"https:\\\/\\\/noticiasmercedinas.com\\\/site\\\/wp-content\\\/uploads\\\/2020\\\/06\\\/LOGO-512.jpg\",\"contentUrl\":\"https:\\\/\\\/noticiasmercedinas.com\\\/site\\\/wp-content\\\/uploads\\\/2020\\\/06\\\/LOGO-512.jpg\",\"width\":512,\"height\":512,\"caption\":\"NOTICIASMERCEDINAS.COM\"},\"image\":{\"@id\":\"https:\\\/\\\/noticiasmercedinas.com\\\/site\\\/#\\\/schema\\\/logo\\\/image\\\/\"},\"sameAs\":[\"https:\\\/\\\/www.facebook.com\\\/noticiasmercedinas\\\/\",\"https:\\\/\\\/x.com\\\/notmercedinas\",\"https:\\\/\\\/www.instagram.com\\\/noticiasmercedinas\\\/\"]},{\"@type\":\"Person\",\"@id\":\"https:\\\/\\\/noticiasmercedinas.com\\\/site\\\/#\\\/schema\\\/person\\\/84b59c099c28ff2e8b77d4ceec5d8063\",\"name\":\"NOTICIASMERCEDINAS.COM\",\"image\":{\"@type\":\"ImageObject\",\"inLanguage\":\"es\",\"@id\":\"https:\\\/\\\/secure.gravatar.com\\\/avatar\\\/4dfbf16b4d17945bfb6341b2d19043457132fcf478a5ee04f42e959fd8f5df0a?s=96&d=mm&r=g\",\"url\":\"https:\\\/\\\/secure.gravatar.com\\\/avatar\\\/4dfbf16b4d17945bfb6341b2d19043457132fcf478a5ee04f42e959fd8f5df0a?s=96&d=mm&r=g\",\"contentUrl\":\"https:\\\/\\\/secure.gravatar.com\\\/avatar\\\/4dfbf16b4d17945bfb6341b2d19043457132fcf478a5ee04f42e959fd8f5df0a?s=96&d=mm&r=g\",\"caption\":\"NOTICIASMERCEDINAS.COM\"},\"url\":\"https:\\\/\\\/noticiasmercedinas.com\\\/site\\\/author\\\/anonimo\\\/\"}]}<\/script>\n<!-- \/ Yoast SEO plugin. -->","yoast_head_json":{"title":"Temporada de garrapatas: \u201cEs importante prevenir\u201d","robots":{"index":"index","follow":"follow","max-snippet":"max-snippet:-1","max-image-preview":"max-image-preview:large","max-video-preview":"max-video-preview:-1"},"canonical":"https:\/\/noticiasmercedinas.com\/site\/2020\/11\/19\/temporada-de-garrapatas-es-importante-prevenir\/","og_locale":"es_ES","og_type":"article","og_title":"Temporada de garrapatas: \u201cEs importante prevenir\u201d","og_description":"\u25a0 El m\u00e9dico veterinario Mart\u00edn Vignati se refiri\u00f3 a esta problem\u00e1tica de las mascotas. \"Es clave que el ambiente sea tratado\", se\u00f1al\u00f3.","og_url":"https:\/\/noticiasmercedinas.com\/site\/2020\/11\/19\/temporada-de-garrapatas-es-importante-prevenir\/","og_site_name":"NOTICIASMERCEDINAS.COM","article_publisher":"https:\/\/www.facebook.com\/noticiasmercedinas\/","article_published_time":"2020-11-19T15:30:29+00:00","og_image":[{"width":640,"height":342,"url":"https:\/\/noticiasmercedinas.com\/site\/wp-content\/uploads\/2020\/11\/martinvignati.jpg","type":"image\/jpeg"}],"author":"NOTICIASMERCEDINAS.COM","twitter_card":"summary_large_image","twitter_creator":"@notmercedinas","twitter_site":"@notmercedinas","twitter_misc":{"Escrito por":"NOTICIASMERCEDINAS.COM","Tiempo de lectura":"3 minutos"},"schema":{"@context":"https:\/\/schema.org","@graph":[{"@type":"Article","@id":"https:\/\/noticiasmercedinas.com\/site\/2020\/11\/19\/temporada-de-garrapatas-es-importante-prevenir\/#article","isPartOf":{"@id":"https:\/\/noticiasmercedinas.com\/site\/2020\/11\/19\/temporada-de-garrapatas-es-importante-prevenir\/"},"author":{"name":"NOTICIASMERCEDINAS.COM","@id":"https:\/\/noticiasmercedinas.com\/site\/#\/schema\/person\/84b59c099c28ff2e8b77d4ceec5d8063"},"headline":"Temporada de garrapatas: \u201cEs importante prevenir\u201d","datePublished":"2020-11-19T15:30:29+00:00","mainEntityOfPage":{"@id":"https:\/\/noticiasmercedinas.com\/site\/2020\/11\/19\/temporada-de-garrapatas-es-importante-prevenir\/"},"wordCount":522,"commentCount":0,"publisher":{"@id":"https:\/\/noticiasmercedinas.com\/site\/#organization"},"image":{"@id":"https:\/\/noticiasmercedinas.com\/site\/2020\/11\/19\/temporada-de-garrapatas-es-importante-prevenir\/#primaryimage"},"thumbnailUrl":"https:\/\/noticiasmercedinas.com\/site\/wp-content\/uploads\/2020\/11\/martinvignati.jpg","keywords":["garrapatas","martin vignati","prevencion","veterinaria"],"articleSection":["Bienestar"],"inLanguage":"es","potentialAction":[{"@type":"CommentAction","name":"Comment","target":["https:\/\/noticiasmercedinas.com\/site\/2020\/11\/19\/temporada-de-garrapatas-es-importante-prevenir\/#respond"]}]},{"@type":"WebPage","@id":"https:\/\/noticiasmercedinas.com\/site\/2020\/11\/19\/temporada-de-garrapatas-es-importante-prevenir\/","url":"https:\/\/noticiasmercedinas.com\/site\/2020\/11\/19\/temporada-de-garrapatas-es-importante-prevenir\/","name":"Temporada de garrapatas: \u201cEs importante prevenir\u201d","isPartOf":{"@id":"https:\/\/noticiasmercedinas.com\/site\/#website"},"primaryImageOfPage":{"@id":"https:\/\/noticiasmercedinas.com\/site\/2020\/11\/19\/temporada-de-garrapatas-es-importante-prevenir\/#primaryimage"},"image":{"@id":"https:\/\/noticiasmercedinas.com\/site\/2020\/11\/19\/temporada-de-garrapatas-es-importante-prevenir\/#primaryimage"},"thumbnailUrl":"https:\/\/noticiasmercedinas.com\/site\/wp-content\/uploads\/2020\/11\/martinvignati.jpg","datePublished":"2020-11-19T15:30:29+00:00","breadcrumb":{"@id":"https:\/\/noticiasmercedinas.com\/site\/2020\/11\/19\/temporada-de-garrapatas-es-importante-prevenir\/#breadcrumb"},"inLanguage":"es","potentialAction":[{"@type":"ReadAction","target":["https:\/\/noticiasmercedinas.com\/site\/2020\/11\/19\/temporada-de-garrapatas-es-importante-prevenir\/"]}]},{"@type":"ImageObject","inLanguage":"es","@id":"https:\/\/noticiasmercedinas.com\/site\/2020\/11\/19\/temporada-de-garrapatas-es-importante-prevenir\/#primaryimage","url":"https:\/\/noticiasmercedinas.com\/site\/wp-content\/uploads\/2020\/11\/martinvignati.jpg","contentUrl":"https:\/\/noticiasmercedinas.com\/site\/wp-content\/uploads\/2020\/11\/martinvignati.jpg","width":640,"height":342},{"@type":"BreadcrumbList","@id":"https:\/\/noticiasmercedinas.com\/site\/2020\/11\/19\/temporada-de-garrapatas-es-importante-prevenir\/#breadcrumb","itemListElement":[{"@type":"ListItem","position":1,"name":"Portada","item":"https:\/\/noticiasmercedinas.com\/site\/"},{"@type":"ListItem","position":2,"name":"Temporada de garrapatas: \u201cEs importante prevenir\u201d"}]},{"@type":"WebSite","@id":"https:\/\/noticiasmercedinas.com\/site\/#website","url":"https:\/\/noticiasmercedinas.com\/site\/","name":"NOTICIASMERCEDINAS.COM","description":"Mercedes, Buenos Aires, Argentina","publisher":{"@id":"https:\/\/noticiasmercedinas.com\/site\/#organization"},"potentialAction":[{"@type":"SearchAction","target":{"@type":"EntryPoint","urlTemplate":"https:\/\/noticiasmercedinas.com\/site\/?s={search_term_string}"},"query-input":{"@type":"PropertyValueSpecification","valueRequired":true,"valueName":"search_term_string"}}],"inLanguage":"es"},{"@type":"Organization","@id":"https:\/\/noticiasmercedinas.com\/site\/#organization","name":"NOTICIASMERCEDINAS.COM","url":"https:\/\/noticiasmercedinas.com\/site\/","logo":{"@type":"ImageObject","inLanguage":"es","@id":"https:\/\/noticiasmercedinas.com\/site\/#\/schema\/logo\/image\/","url":"https:\/\/noticiasmercedinas.com\/site\/wp-content\/uploads\/2020\/06\/LOGO-512.jpg","contentUrl":"https:\/\/noticiasmercedinas.com\/site\/wp-content\/uploads\/2020\/06\/LOGO-512.jpg","width":512,"height":512,"caption":"NOTICIASMERCEDINAS.COM"},"image":{"@id":"https:\/\/noticiasmercedinas.com\/site\/#\/schema\/logo\/image\/"},"sameAs":["https:\/\/www.facebook.com\/noticiasmercedinas\/","https:\/\/x.com\/notmercedinas","https:\/\/www.instagram.com\/noticiasmercedinas\/"]},{"@type":"Person","@id":"https:\/\/noticiasmercedinas.com\/site\/#\/schema\/person\/84b59c099c28ff2e8b77d4ceec5d8063","name":"NOTICIASMERCEDINAS.COM","image":{"@type":"ImageObject","inLanguage":"es","@id":"https:\/\/secure.gravatar.com\/avatar\/4dfbf16b4d17945bfb6341b2d19043457132fcf478a5ee04f42e959fd8f5df0a?s=96&d=mm&r=g","url":"https:\/\/secure.gravatar.com\/avatar\/4dfbf16b4d17945bfb6341b2d19043457132fcf478a5ee04f42e959fd8f5df0a?s=96&d=mm&r=g","contentUrl":"https:\/\/secure.gravatar.com\/avatar\/4dfbf16b4d17945bfb6341b2d19043457132fcf478a5ee04f42e959fd8f5df0a?s=96&d=mm&r=g","caption":"NOTICIASMERCEDINAS.COM"},"url":"https:\/\/noticiasmercedinas.com\/site\/author\/anonimo\/"}]}},"amp_enabled":true,"_links":{"self":[{"href":"https:\/\/noticiasmercedinas.com\/site\/wp-json\/wp\/v2\/posts\/56818","targetHints":{"allow":["GET"]}}],"collection":[{"href":"https:\/\/noticiasmercedinas.com\/site\/wp-json\/wp\/v2\/posts"}],"about":[{"href":"https:\/\/noticiasmercedinas.com\/site\/wp-json\/wp\/v2\/types\/post"}],"author":[{"embeddable":true,"href":"https:\/\/noticiasmercedinas.com\/site\/wp-json\/wp\/v2\/users\/16"}],"replies":[{"embeddable":true,"href":"https:\/\/noticiasmercedinas.com\/site\/wp-json\/wp\/v2\/comments?post=56818"}],"version-history":[{"count":1,"href":"https:\/\/noticiasmercedinas.com\/site\/wp-json\/wp\/v2\/posts\/56818\/revisions"}],"predecessor-version":[{"id":56820,"href":"https:\/\/noticiasmercedinas.com\/site\/wp-json\/wp\/v2\/posts\/56818\/revisions\/56820"}],"wp:featuredmedia":[{"embeddable":true,"href":"https:\/\/noticiasmercedinas.com\/site\/wp-json\/wp\/v2\/media\/56819"}],"wp:attachment":[{"href":"https:\/\/noticiasmercedinas.com\/site\/wp-json\/wp\/v2\/media?parent=56818"}],"wp:term":[{"taxonomy":"category","embeddable":true,"href":"https:\/\/noticiasmercedinas.com\/site\/wp-json\/wp\/v2\/categories?post=56818"},{"taxonomy":"post_tag","embeddable":true,"href":"https:\/\/noticiasmercedinas.com\/site\/wp-json\/wp\/v2\/tags?post=56818"}],"curies":[{"name":"wp","href":"https:\/\/api.w.org\/{rel}","templated":true}]}}