{"id":57164,"date":"2020-11-25T17:51:13","date_gmt":"2020-11-25T20:51:13","guid":{"rendered":"https:\/\/noticiasmercedinas.com\/site\/?p=57164"},"modified":"2020-11-25T17:51:48","modified_gmt":"2020-11-25T20:51:48","slug":"alejandro-federico-se-reunio-con-mauricio-macri","status":"publish","type":"post","link":"https:\/\/noticiasmercedinas.com\/site\/2020\/11\/25\/alejandro-federico-se-reunio-con-mauricio-macri\/","title":{"rendered":"Alejandro Federico se reuni\u00f3 con Mauricio Macri"},"content":{"rendered":"<p><img loading=\"lazy\" decoding=\"async\" class=\"alignnone size-full wp-image-57165\" src=\"https:\/\/noticiasmercedinas.com\/site\/wp-content\/uploads\/2020\/11\/macri-intendentes-radicales-del-interior-bonaerense.jpg\" alt=\"\" width=\"669\" height=\"394\" srcset=\"https:\/\/noticiasmercedinas.com\/site\/wp-content\/uploads\/2020\/11\/macri-intendentes-radicales-del-interior-bonaerense.jpg 669w, https:\/\/noticiasmercedinas.com\/site\/wp-content\/uploads\/2020\/11\/macri-intendentes-radicales-del-interior-bonaerense-300x177.jpg 300w, https:\/\/noticiasmercedinas.com\/site\/wp-content\/uploads\/2020\/11\/macri-intendentes-radicales-del-interior-bonaerense-640x377.jpg 640w\" sizes=\"auto, (max-width: 669px) 100vw, 669px\" \/><\/p>\n<p>El intendente de la vecina ciudad de Suipacha, <strong>Alejandro Federico<\/strong>, fue parte de una reuni\u00f3n con el ex presidente Mauricio Macri.<\/p>\n<p>Macri particip\u00f3 del encuentro que fue organizado por el diputado Alex Campbell, en el que se hizo un an\u00e1lisis de la situaci\u00f3n del pa\u00eds y, seg\u00fan manifest\u00f3 Federico a este medio, no hubo definiciones en cuanto al deseo de candidaturas por parte del ex presidente de la Naci\u00f3n y m\u00e1ximo referente de Juntos pro el Cambio.<\/p>\n<p>Lo cierto es que Mauricio Macri recibi\u00f3 a un grupo de intendentes radicales del interior bonaerense, con los que comparti\u00f3 un an\u00e1lisis de la situaci\u00f3n pol\u00edtica y social del pa\u00eds. \u201cFue una reuni\u00f3n interesante\u201d, coment\u00f3 Federico, quien se lleg\u00f3 junto a algunos de los intendentes del interior a sus oficinas. \u201cPudimos contarle el panorama actual de nuestro municipio teniendo en cuenta lo de la pandemia, la situaci\u00f3n socioecon\u00f3mica, y pudimos hacer un repeso de nuestra gesti\u00f3n, desde 2015\u201d, detall\u00f3 el intendente de Suipacha consultado por NOTICIAS MERCEDINAS.<\/p>\n<blockquote><p>\u00abHablamos del espacio al cual representamos, dijo que debemos continuar en este camino y comparto su idea. No hablamos ni de candidaturas ni de sus deseos en la actividad pol\u00edtica. S\u00ed se dijo que tenemos que hacernos cargo de representar muy bien a nuestro espacio\u00bb<\/p><\/blockquote>\n<p>\u201cAdem\u00e1s pudimos escuchar su experiencia con respecto a lo que se ve en la actualidad, tener una visi\u00f3n que \u00e9l conoce de c\u00f3mo es la imagen nuestra en el exterior. El tiene muchos contactos. Hablamos del espacio al cual representamos, dijo que debemos continuar en este camino y comparto su idea. No hablamos ni de candidaturas ni de sus deseos en la actividad pol\u00edtica. S\u00ed se dijo que tenemos que hacernos cargo de representar muy bien a nuestro espacio. Ya no hay lugar para terceras fuerzas. Qued\u00f3 claro que el espacio de Lavagna y lo que intent\u00f3 Massa no dan resultado. Se va a notar mucho esto en las pr\u00f3ximas elecciones, no va a dar para terceras fuerzas y hay que ponerse la responsabilidad al hombro de ser la alternativa que el pa\u00eds merece, hay que aprender de errores, como \u00e9l reconoci\u00f3, pero hay que saber que el gobierno actual no est\u00e1 cumpliendo con las expectativas\u201d, describi\u00f3 Federico.<\/p>\n<p>Para el intendente de Suipacha, desde Juntos por el Cambio deben mostrar cohesi\u00f3n: \u201cTenemos que trabajar todas las fuerzas que conformamos Juntos por el Cambio unidas. Pasamos un buen momento capitalizando su palabra con experiencia y contando nuestras realidades y las de nuestro espacio pol\u00edtico\u201d, sintetiz\u00f3 Federico sobre la reuni\u00f3n con Macri.<\/p>\n","protected":false},"excerpt":{"rendered":"<p>\u25a0 El ex presidente recibi\u00f3 a un grupo de intendentes radicales del interior bonaerense. Para el intendente de Suipacha, desde Juntos por el Cambio deben mostrar cohesi\u00f3n<\/p>\n","protected":false},"author":2,"featured_media":57165,"comment_status":"open","ping_status":"open","sticky":false,"template":"","format":"standard","meta":{"footnotes":""},"categories":[16],"tags":[1097,5269,548,1095],"class_list":["post-57164","post","type-post","status-publish","format-standard","has-post-thumbnail","hentry","category-politica","tag-alejandro-federico","tag-juntos-por-el-cambio","tag-mauricio-macri","tag-suipacha"],"yoast_head":"<!-- This site is optimized with the Yoast SEO plugin v27.5 - https:\/\/yoast.com\/product\/yoast-seo-wordpress\/ -->\n<title>Alejandro Federico se reuni\u00f3 con Mauricio Macri<\/title>\n<meta name=\"robots\" content=\"index, follow, max-snippet:-1, max-image-preview:large, max-video-preview:-1\" \/>\n<link rel=\"canonical\" href=\"https:\/\/noticiasmercedinas.com\/site\/2020\/11\/25\/alejandro-federico-se-reunio-con-mauricio-macri\/\" \/>\n<meta property=\"og:locale\" content=\"es_ES\" \/>\n<meta property=\"og:type\" content=\"article\" \/>\n<meta property=\"og:title\" content=\"Alejandro Federico se reuni\u00f3 con Mauricio Macri\" \/>\n<meta property=\"og:description\" content=\"\u25a0 El ex presidente recibi\u00f3 a un grupo de intendentes radicales del interior bonaerense. Para el intendente de Suipacha, desde Juntos por el Cambio deben mostrar cohesi\u00f3n\" \/>\n<meta property=\"og:url\" content=\"https:\/\/noticiasmercedinas.com\/site\/2020\/11\/25\/alejandro-federico-se-reunio-con-mauricio-macri\/\" \/>\n<meta property=\"og:site_name\" content=\"NOTICIASMERCEDINAS.COM\" \/>\n<meta property=\"article:publisher\" content=\"https:\/\/www.facebook.com\/noticiasmercedinas\/\" \/>\n<meta property=\"article:author\" content=\"https:\/\/www.facebook.com\/cristian.falabella\" \/>\n<meta property=\"article:published_time\" content=\"2020-11-25T20:51:13+00:00\" \/>\n<meta property=\"article:modified_time\" content=\"2020-11-25T20:51:48+00:00\" \/>\n<meta property=\"og:image\" content=\"https:\/\/noticiasmercedinas.com\/site\/wp-content\/uploads\/2020\/11\/macri-intendentes-radicales-del-interior-bonaerense.jpg\" \/>\n\t<meta property=\"og:image:width\" content=\"669\" \/>\n\t<meta property=\"og:image:height\" content=\"394\" \/>\n\t<meta property=\"og:image:type\" content=\"image\/jpeg\" \/>\n<meta name=\"author\" content=\"Cristian Falabella NOTICIASMERCEDINAS.COM\" \/>\n<meta name=\"twitter:card\" content=\"summary_large_image\" \/>\n<meta name=\"twitter:creator\" content=\"@https:\/\/twitter.com\/NOTMERCEDINAS\" \/>\n<meta name=\"twitter:site\" content=\"@notmercedinas\" \/>\n<meta name=\"twitter:label1\" content=\"Escrito por\" \/>\n\t<meta name=\"twitter:data1\" content=\"Cristian Falabella NOTICIASMERCEDINAS.COM\" \/>\n\t<meta name=\"twitter:label2\" content=\"Tiempo de lectura\" \/>\n\t<meta name=\"twitter:data2\" content=\"2 minutos\" \/>\n<script type=\"application\/ld+json\" class=\"yoast-schema-graph\">{\"@context\":\"https:\\\/\\\/schema.org\",\"@graph\":[{\"@type\":\"Article\",\"@id\":\"https:\\\/\\\/noticiasmercedinas.com\\\/site\\\/2020\\\/11\\\/25\\\/alejandro-federico-se-reunio-con-mauricio-macri\\\/#article\",\"isPartOf\":{\"@id\":\"https:\\\/\\\/noticiasmercedinas.com\\\/site\\\/2020\\\/11\\\/25\\\/alejandro-federico-se-reunio-con-mauricio-macri\\\/\"},\"author\":{\"name\":\"Cristian Falabella NOTICIASMERCEDINAS.COM\",\"@id\":\"https:\\\/\\\/noticiasmercedinas.com\\\/site\\\/#\\\/schema\\\/person\\\/d481a9696a5feaec13a60e2bbd991a6a\"},\"headline\":\"Alejandro Federico se reuni\u00f3 con Mauricio Macri\",\"datePublished\":\"2020-11-25T20:51:13+00:00\",\"dateModified\":\"2020-11-25T20:51:48+00:00\",\"mainEntityOfPage\":{\"@id\":\"https:\\\/\\\/noticiasmercedinas.com\\\/site\\\/2020\\\/11\\\/25\\\/alejandro-federico-se-reunio-con-mauricio-macri\\\/\"},\"wordCount\":450,\"commentCount\":0,\"publisher\":{\"@id\":\"https:\\\/\\\/noticiasmercedinas.com\\\/site\\\/#organization\"},\"image\":{\"@id\":\"https:\\\/\\\/noticiasmercedinas.com\\\/site\\\/2020\\\/11\\\/25\\\/alejandro-federico-se-reunio-con-mauricio-macri\\\/#primaryimage\"},\"thumbnailUrl\":\"https:\\\/\\\/noticiasmercedinas.com\\\/site\\\/wp-content\\\/uploads\\\/2020\\\/11\\\/macri-intendentes-radicales-del-interior-bonaerense.jpg\",\"keywords\":[\"alejandro federico\",\"juntos por el cambio\",\"mauricio macri\",\"suipacha\"],\"articleSection\":[\"Politica\"],\"inLanguage\":\"es\",\"potentialAction\":[{\"@type\":\"CommentAction\",\"name\":\"Comment\",\"target\":[\"https:\\\/\\\/noticiasmercedinas.com\\\/site\\\/2020\\\/11\\\/25\\\/alejandro-federico-se-reunio-con-mauricio-macri\\\/#respond\"]}]},{\"@type\":\"WebPage\",\"@id\":\"https:\\\/\\\/noticiasmercedinas.com\\\/site\\\/2020\\\/11\\\/25\\\/alejandro-federico-se-reunio-con-mauricio-macri\\\/\",\"url\":\"https:\\\/\\\/noticiasmercedinas.com\\\/site\\\/2020\\\/11\\\/25\\\/alejandro-federico-se-reunio-con-mauricio-macri\\\/\",\"name\":\"Alejandro Federico se reuni\u00f3 con Mauricio Macri\",\"isPartOf\":{\"@id\":\"https:\\\/\\\/noticiasmercedinas.com\\\/site\\\/#website\"},\"primaryImageOfPage\":{\"@id\":\"https:\\\/\\\/noticiasmercedinas.com\\\/site\\\/2020\\\/11\\\/25\\\/alejandro-federico-se-reunio-con-mauricio-macri\\\/#primaryimage\"},\"image\":{\"@id\":\"https:\\\/\\\/noticiasmercedinas.com\\\/site\\\/2020\\\/11\\\/25\\\/alejandro-federico-se-reunio-con-mauricio-macri\\\/#primaryimage\"},\"thumbnailUrl\":\"https:\\\/\\\/noticiasmercedinas.com\\\/site\\\/wp-content\\\/uploads\\\/2020\\\/11\\\/macri-intendentes-radicales-del-interior-bonaerense.jpg\",\"datePublished\":\"2020-11-25T20:51:13+00:00\",\"dateModified\":\"2020-11-25T20:51:48+00:00\",\"breadcrumb\":{\"@id\":\"https:\\\/\\\/noticiasmercedinas.com\\\/site\\\/2020\\\/11\\\/25\\\/alejandro-federico-se-reunio-con-mauricio-macri\\\/#breadcrumb\"},\"inLanguage\":\"es\",\"potentialAction\":[{\"@type\":\"ReadAction\",\"target\":[\"https:\\\/\\\/noticiasmercedinas.com\\\/site\\\/2020\\\/11\\\/25\\\/alejandro-federico-se-reunio-con-mauricio-macri\\\/\"]}]},{\"@type\":\"ImageObject\",\"inLanguage\":\"es\",\"@id\":\"https:\\\/\\\/noticiasmercedinas.com\\\/site\\\/2020\\\/11\\\/25\\\/alejandro-federico-se-reunio-con-mauricio-macri\\\/#primaryimage\",\"url\":\"https:\\\/\\\/noticiasmercedinas.com\\\/site\\\/wp-content\\\/uploads\\\/2020\\\/11\\\/macri-intendentes-radicales-del-interior-bonaerense.jpg\",\"contentUrl\":\"https:\\\/\\\/noticiasmercedinas.com\\\/site\\\/wp-content\\\/uploads\\\/2020\\\/11\\\/macri-intendentes-radicales-del-interior-bonaerense.jpg\",\"width\":669,\"height\":394},{\"@type\":\"BreadcrumbList\",\"@id\":\"https:\\\/\\\/noticiasmercedinas.com\\\/site\\\/2020\\\/11\\\/25\\\/alejandro-federico-se-reunio-con-mauricio-macri\\\/#breadcrumb\",\"itemListElement\":[{\"@type\":\"ListItem\",\"position\":1,\"name\":\"Portada\",\"item\":\"https:\\\/\\\/noticiasmercedinas.com\\\/site\\\/\"},{\"@type\":\"ListItem\",\"position\":2,\"name\":\"Alejandro Federico se reuni\u00f3 con Mauricio Macri\"}]},{\"@type\":\"WebSite\",\"@id\":\"https:\\\/\\\/noticiasmercedinas.com\\\/site\\\/#website\",\"url\":\"https:\\\/\\\/noticiasmercedinas.com\\\/site\\\/\",\"name\":\"NOTICIASMERCEDINAS.COM\",\"description\":\"Mercedes, Buenos Aires, Argentina\",\"publisher\":{\"@id\":\"https:\\\/\\\/noticiasmercedinas.com\\\/site\\\/#organization\"},\"potentialAction\":[{\"@type\":\"SearchAction\",\"target\":{\"@type\":\"EntryPoint\",\"urlTemplate\":\"https:\\\/\\\/noticiasmercedinas.com\\\/site\\\/?s={search_term_string}\"},\"query-input\":{\"@type\":\"PropertyValueSpecification\",\"valueRequired\":true,\"valueName\":\"search_term_string\"}}],\"inLanguage\":\"es\"},{\"@type\":\"Organization\",\"@id\":\"https:\\\/\\\/noticiasmercedinas.com\\\/site\\\/#organization\",\"name\":\"NOTICIASMERCEDINAS.COM\",\"url\":\"https:\\\/\\\/noticiasmercedinas.com\\\/site\\\/\",\"logo\":{\"@type\":\"ImageObject\",\"inLanguage\":\"es\",\"@id\":\"https:\\\/\\\/noticiasmercedinas.com\\\/site\\\/#\\\/schema\\\/logo\\\/image\\\/\",\"url\":\"https:\\\/\\\/noticiasmercedinas.com\\\/site\\\/wp-content\\\/uploads\\\/2020\\\/06\\\/LOGO-512.jpg\",\"contentUrl\":\"https:\\\/\\\/noticiasmercedinas.com\\\/site\\\/wp-content\\\/uploads\\\/2020\\\/06\\\/LOGO-512.jpg\",\"width\":512,\"height\":512,\"caption\":\"NOTICIASMERCEDINAS.COM\"},\"image\":{\"@id\":\"https:\\\/\\\/noticiasmercedinas.com\\\/site\\\/#\\\/schema\\\/logo\\\/image\\\/\"},\"sameAs\":[\"https:\\\/\\\/www.facebook.com\\\/noticiasmercedinas\\\/\",\"https:\\\/\\\/x.com\\\/notmercedinas\",\"https:\\\/\\\/www.instagram.com\\\/noticiasmercedinas\\\/\"]},{\"@type\":\"Person\",\"@id\":\"https:\\\/\\\/noticiasmercedinas.com\\\/site\\\/#\\\/schema\\\/person\\\/d481a9696a5feaec13a60e2bbd991a6a\",\"name\":\"Cristian Falabella NOTICIASMERCEDINAS.COM\",\"image\":{\"@type\":\"ImageObject\",\"inLanguage\":\"es\",\"@id\":\"https:\\\/\\\/secure.gravatar.com\\\/avatar\\\/0dbbfc45970cc46bcd0e57766228574ff3511d6eed045b182f536f0f478c1f06?s=96&d=mm&r=g\",\"url\":\"https:\\\/\\\/secure.gravatar.com\\\/avatar\\\/0dbbfc45970cc46bcd0e57766228574ff3511d6eed045b182f536f0f478c1f06?s=96&d=mm&r=g\",\"contentUrl\":\"https:\\\/\\\/secure.gravatar.com\\\/avatar\\\/0dbbfc45970cc46bcd0e57766228574ff3511d6eed045b182f536f0f478c1f06?s=96&d=mm&r=g\",\"caption\":\"Cristian Falabella NOTICIASMERCEDINAS.COM\"},\"description\":\"Periodista, editor de Noticias Mercedinas. Pas\u00f3 por varias redacciones y emprendimientos de prensa, en distintos formatos y \u00e9pocas. Se especializ\u00f3 --y sigue haci\u00e9ndolo-- en comunicaci\u00f3n en la web y en junio de 2006 fund\u00f3 este diario digital.\",\"sameAs\":[\"https:\\\/\\\/noticiasmercedinas.com\",\"https:\\\/\\\/www.facebook.com\\\/cristian.falabella\",\"https:\\\/\\\/www.instagram.com\\\/noticiasmercedinas\\\/\",\"https:\\\/\\\/x.com\\\/https:\\\/\\\/twitter.com\\\/NOTMERCEDINAS\"],\"url\":\"https:\\\/\\\/noticiasmercedinas.com\\\/site\\\/author\\\/as000384\\\/\"}]}<\/script>\n<!-- \/ Yoast SEO plugin. -->","yoast_head_json":{"title":"Alejandro Federico se reuni\u00f3 con Mauricio Macri","robots":{"index":"index","follow":"follow","max-snippet":"max-snippet:-1","max-image-preview":"max-image-preview:large","max-video-preview":"max-video-preview:-1"},"canonical":"https:\/\/noticiasmercedinas.com\/site\/2020\/11\/25\/alejandro-federico-se-reunio-con-mauricio-macri\/","og_locale":"es_ES","og_type":"article","og_title":"Alejandro Federico se reuni\u00f3 con Mauricio Macri","og_description":"\u25a0 El ex presidente recibi\u00f3 a un grupo de intendentes radicales del interior bonaerense. Para el intendente de Suipacha, desde Juntos por el Cambio deben mostrar cohesi\u00f3n","og_url":"https:\/\/noticiasmercedinas.com\/site\/2020\/11\/25\/alejandro-federico-se-reunio-con-mauricio-macri\/","og_site_name":"NOTICIASMERCEDINAS.COM","article_publisher":"https:\/\/www.facebook.com\/noticiasmercedinas\/","article_author":"https:\/\/www.facebook.com\/cristian.falabella","article_published_time":"2020-11-25T20:51:13+00:00","article_modified_time":"2020-11-25T20:51:48+00:00","og_image":[{"width":669,"height":394,"url":"https:\/\/noticiasmercedinas.com\/site\/wp-content\/uploads\/2020\/11\/macri-intendentes-radicales-del-interior-bonaerense.jpg","type":"image\/jpeg"}],"author":"Cristian Falabella NOTICIASMERCEDINAS.COM","twitter_card":"summary_large_image","twitter_creator":"@https:\/\/twitter.com\/NOTMERCEDINAS","twitter_site":"@notmercedinas","twitter_misc":{"Escrito por":"Cristian Falabella NOTICIASMERCEDINAS.COM","Tiempo de lectura":"2 minutos"},"schema":{"@context":"https:\/\/schema.org","@graph":[{"@type":"Article","@id":"https:\/\/noticiasmercedinas.com\/site\/2020\/11\/25\/alejandro-federico-se-reunio-con-mauricio-macri\/#article","isPartOf":{"@id":"https:\/\/noticiasmercedinas.com\/site\/2020\/11\/25\/alejandro-federico-se-reunio-con-mauricio-macri\/"},"author":{"name":"Cristian Falabella NOTICIASMERCEDINAS.COM","@id":"https:\/\/noticiasmercedinas.com\/site\/#\/schema\/person\/d481a9696a5feaec13a60e2bbd991a6a"},"headline":"Alejandro Federico se reuni\u00f3 con Mauricio Macri","datePublished":"2020-11-25T20:51:13+00:00","dateModified":"2020-11-25T20:51:48+00:00","mainEntityOfPage":{"@id":"https:\/\/noticiasmercedinas.com\/site\/2020\/11\/25\/alejandro-federico-se-reunio-con-mauricio-macri\/"},"wordCount":450,"commentCount":0,"publisher":{"@id":"https:\/\/noticiasmercedinas.com\/site\/#organization"},"image":{"@id":"https:\/\/noticiasmercedinas.com\/site\/2020\/11\/25\/alejandro-federico-se-reunio-con-mauricio-macri\/#primaryimage"},"thumbnailUrl":"https:\/\/noticiasmercedinas.com\/site\/wp-content\/uploads\/2020\/11\/macri-intendentes-radicales-del-interior-bonaerense.jpg","keywords":["alejandro federico","juntos por el cambio","mauricio macri","suipacha"],"articleSection":["Politica"],"inLanguage":"es","potentialAction":[{"@type":"CommentAction","name":"Comment","target":["https:\/\/noticiasmercedinas.com\/site\/2020\/11\/25\/alejandro-federico-se-reunio-con-mauricio-macri\/#respond"]}]},{"@type":"WebPage","@id":"https:\/\/noticiasmercedinas.com\/site\/2020\/11\/25\/alejandro-federico-se-reunio-con-mauricio-macri\/","url":"https:\/\/noticiasmercedinas.com\/site\/2020\/11\/25\/alejandro-federico-se-reunio-con-mauricio-macri\/","name":"Alejandro Federico se reuni\u00f3 con Mauricio Macri","isPartOf":{"@id":"https:\/\/noticiasmercedinas.com\/site\/#website"},"primaryImageOfPage":{"@id":"https:\/\/noticiasmercedinas.com\/site\/2020\/11\/25\/alejandro-federico-se-reunio-con-mauricio-macri\/#primaryimage"},"image":{"@id":"https:\/\/noticiasmercedinas.com\/site\/2020\/11\/25\/alejandro-federico-se-reunio-con-mauricio-macri\/#primaryimage"},"thumbnailUrl":"https:\/\/noticiasmercedinas.com\/site\/wp-content\/uploads\/2020\/11\/macri-intendentes-radicales-del-interior-bonaerense.jpg","datePublished":"2020-11-25T20:51:13+00:00","dateModified":"2020-11-25T20:51:48+00:00","breadcrumb":{"@id":"https:\/\/noticiasmercedinas.com\/site\/2020\/11\/25\/alejandro-federico-se-reunio-con-mauricio-macri\/#breadcrumb"},"inLanguage":"es","potentialAction":[{"@type":"ReadAction","target":["https:\/\/noticiasmercedinas.com\/site\/2020\/11\/25\/alejandro-federico-se-reunio-con-mauricio-macri\/"]}]},{"@type":"ImageObject","inLanguage":"es","@id":"https:\/\/noticiasmercedinas.com\/site\/2020\/11\/25\/alejandro-federico-se-reunio-con-mauricio-macri\/#primaryimage","url":"https:\/\/noticiasmercedinas.com\/site\/wp-content\/uploads\/2020\/11\/macri-intendentes-radicales-del-interior-bonaerense.jpg","contentUrl":"https:\/\/noticiasmercedinas.com\/site\/wp-content\/uploads\/2020\/11\/macri-intendentes-radicales-del-interior-bonaerense.jpg","width":669,"height":394},{"@type":"BreadcrumbList","@id":"https:\/\/noticiasmercedinas.com\/site\/2020\/11\/25\/alejandro-federico-se-reunio-con-mauricio-macri\/#breadcrumb","itemListElement":[{"@type":"ListItem","position":1,"name":"Portada","item":"https:\/\/noticiasmercedinas.com\/site\/"},{"@type":"ListItem","position":2,"name":"Alejandro Federico se reuni\u00f3 con Mauricio Macri"}]},{"@type":"WebSite","@id":"https:\/\/noticiasmercedinas.com\/site\/#website","url":"https:\/\/noticiasmercedinas.com\/site\/","name":"NOTICIASMERCEDINAS.COM","description":"Mercedes, Buenos Aires, Argentina","publisher":{"@id":"https:\/\/noticiasmercedinas.com\/site\/#organization"},"potentialAction":[{"@type":"SearchAction","target":{"@type":"EntryPoint","urlTemplate":"https:\/\/noticiasmercedinas.com\/site\/?s={search_term_string}"},"query-input":{"@type":"PropertyValueSpecification","valueRequired":true,"valueName":"search_term_string"}}],"inLanguage":"es"},{"@type":"Organization","@id":"https:\/\/noticiasmercedinas.com\/site\/#organization","name":"NOTICIASMERCEDINAS.COM","url":"https:\/\/noticiasmercedinas.com\/site\/","logo":{"@type":"ImageObject","inLanguage":"es","@id":"https:\/\/noticiasmercedinas.com\/site\/#\/schema\/logo\/image\/","url":"https:\/\/noticiasmercedinas.com\/site\/wp-content\/uploads\/2020\/06\/LOGO-512.jpg","contentUrl":"https:\/\/noticiasmercedinas.com\/site\/wp-content\/uploads\/2020\/06\/LOGO-512.jpg","width":512,"height":512,"caption":"NOTICIASMERCEDINAS.COM"},"image":{"@id":"https:\/\/noticiasmercedinas.com\/site\/#\/schema\/logo\/image\/"},"sameAs":["https:\/\/www.facebook.com\/noticiasmercedinas\/","https:\/\/x.com\/notmercedinas","https:\/\/www.instagram.com\/noticiasmercedinas\/"]},{"@type":"Person","@id":"https:\/\/noticiasmercedinas.com\/site\/#\/schema\/person\/d481a9696a5feaec13a60e2bbd991a6a","name":"Cristian Falabella NOTICIASMERCEDINAS.COM","image":{"@type":"ImageObject","inLanguage":"es","@id":"https:\/\/secure.gravatar.com\/avatar\/0dbbfc45970cc46bcd0e57766228574ff3511d6eed045b182f536f0f478c1f06?s=96&d=mm&r=g","url":"https:\/\/secure.gravatar.com\/avatar\/0dbbfc45970cc46bcd0e57766228574ff3511d6eed045b182f536f0f478c1f06?s=96&d=mm&r=g","contentUrl":"https:\/\/secure.gravatar.com\/avatar\/0dbbfc45970cc46bcd0e57766228574ff3511d6eed045b182f536f0f478c1f06?s=96&d=mm&r=g","caption":"Cristian Falabella NOTICIASMERCEDINAS.COM"},"description":"Periodista, editor de Noticias Mercedinas. Pas\u00f3 por varias redacciones y emprendimientos de prensa, en distintos formatos y \u00e9pocas. Se especializ\u00f3 --y sigue haci\u00e9ndolo-- en comunicaci\u00f3n en la web y en junio de 2006 fund\u00f3 este diario digital.","sameAs":["https:\/\/noticiasmercedinas.com","https:\/\/www.facebook.com\/cristian.falabella","https:\/\/www.instagram.com\/noticiasmercedinas\/","https:\/\/x.com\/https:\/\/twitter.com\/NOTMERCEDINAS"],"url":"https:\/\/noticiasmercedinas.com\/site\/author\/as000384\/"}]}},"amp_enabled":true,"_links":{"self":[{"href":"https:\/\/noticiasmercedinas.com\/site\/wp-json\/wp\/v2\/posts\/57164","targetHints":{"allow":["GET"]}}],"collection":[{"href":"https:\/\/noticiasmercedinas.com\/site\/wp-json\/wp\/v2\/posts"}],"about":[{"href":"https:\/\/noticiasmercedinas.com\/site\/wp-json\/wp\/v2\/types\/post"}],"author":[{"embeddable":true,"href":"https:\/\/noticiasmercedinas.com\/site\/wp-json\/wp\/v2\/users\/2"}],"replies":[{"embeddable":true,"href":"https:\/\/noticiasmercedinas.com\/site\/wp-json\/wp\/v2\/comments?post=57164"}],"version-history":[{"count":2,"href":"https:\/\/noticiasmercedinas.com\/site\/wp-json\/wp\/v2\/posts\/57164\/revisions"}],"predecessor-version":[{"id":57167,"href":"https:\/\/noticiasmercedinas.com\/site\/wp-json\/wp\/v2\/posts\/57164\/revisions\/57167"}],"wp:featuredmedia":[{"embeddable":true,"href":"https:\/\/noticiasmercedinas.com\/site\/wp-json\/wp\/v2\/media\/57165"}],"wp:attachment":[{"href":"https:\/\/noticiasmercedinas.com\/site\/wp-json\/wp\/v2\/media?parent=57164"}],"wp:term":[{"taxonomy":"category","embeddable":true,"href":"https:\/\/noticiasmercedinas.com\/site\/wp-json\/wp\/v2\/categories?post=57164"},{"taxonomy":"post_tag","embeddable":true,"href":"https:\/\/noticiasmercedinas.com\/site\/wp-json\/wp\/v2\/tags?post=57164"}],"curies":[{"name":"wp","href":"https:\/\/api.w.org\/{rel}","templated":true}]}}