{"id":57285,"date":"2020-11-28T08:33:30","date_gmt":"2020-11-28T11:33:30","guid":{"rendered":"https:\/\/noticiasmercedinas.com\/site\/?p=57285"},"modified":"2020-11-28T08:33:30","modified_gmt":"2020-11-28T11:33:30","slug":"limpian-su-imagen-con-el-cupo-travesti-trans","status":"publish","type":"post","link":"https:\/\/noticiasmercedinas.com\/site\/2020\/11\/28\/limpian-su-imagen-con-el-cupo-travesti-trans\/","title":{"rendered":"\u201cLimpian su imagen con el cupo travesti-trans\u201d"},"content":{"rendered":"<p><img loading=\"lazy\" decoding=\"async\" class=\"alignnone size-full wp-image-51730\" src=\"https:\/\/noticiasmercedinas.com\/site\/wp-content\/uploads\/2020\/08\/mmaldonado.jpg\" alt=\"\" width=\"640\" height=\"401\" srcset=\"https:\/\/noticiasmercedinas.com\/site\/wp-content\/uploads\/2020\/08\/mmaldonado.jpg 640w, https:\/\/noticiasmercedinas.com\/site\/wp-content\/uploads\/2020\/08\/mmaldonado-300x188.jpg 300w\" sizes=\"auto, (max-width: 640px) 100vw, 640px\" \/><\/p>\n<p>Luego de que el jueves se aprobara en el Concejo Deliberante de Mercedes la ordenanza para la implementaci\u00f3n del cupo laboral travesti-trans, ex expresaron de manera cr\u00edtica desde la izquierda local. \u201cEsta conquista es fruto de la lucha que venimos dando desde el 2017, cuando se present\u00f3 por primera vez el proyecto elaborado por el Partido Obrero y la UJS y a la cual se plegaron sectores independientes del movimiento LGBTI, amigues de Sof\u00eda Santill\u00e1n, y la Asamblea de Mujeres Mercedinas\u201d, resalt\u00f3 Maria Maldonado en torno a esta ordenanza de cupo laboral.<\/p>\n<p>\u201cEl proyecto de ordenanza surge en consonancia con el pedido de justicia por Sof\u00eda Santill\u00e1n, asesinada a fines del 2016, su crimen a\u00fan sigue impune. El travesticidio de Sof\u00eda\u00a0 fue la muestra cabal de la vulnerabilidad de las personas travestis trans que son expulsadas del sistema y cuyo promedio de vida no supera los 40 a\u00f1os. El cambio radical para que sus condiciones de vida mejoren parte de tener la independencia econ\u00f3mica que les permita salir de la prostituci\u00f3n y trata, eso significa contar con la garant\u00eda de un trabajo genuino, con salarios dignos, estabilidad econ\u00f3mica, obra social y aportes jubilatorios\u201d, sostuvo y cuestion\u00f3 un \u201c<strong>intento de borrar la historia\u201d.<\/strong><\/p>\n<p>\u201cEn el proyecto de ordenanza presentado por el gobierno local y aprobado por unanimidad, no menciona a Sof\u00eda Santill\u00e1n. Invisibilizan una vez m\u00e1s a quien fue el motor simb\u00f3lico de esta lucha: c\u00f3mo sino fuera suficiente haber ignorado el proyecto presentado en 2017, ignoran deliberadamente que los motivos por los que es necesaria y urgente la implementaci\u00f3n del cupo vienen de las condiciones materiales en las que se desarrolla la vida de las personas travestis trans, y cuyo sumun es el travesticidio de Sof\u00eda. Y quiere borrar la figura de Sof\u00eda porque \u00e9ste gobierno jug\u00f3 un rol fundamental para embarrar la investigaci\u00f3n, difundiendo identikits falsos del presunto asesino. Mientras todo esto ocurr\u00eda, la familia y amigues de Sof\u00eda junto con el Partido Obrero sal\u00edamos a la plaza en reclamo de justicia, seguimos en 2018 reclamando en la fiscal\u00eda y es a partir de esa movilizaci\u00f3n d\u00f3nde logramos que el fiscal reciba a la mam\u00e1 de Sof\u00eda\u201d, afirm\u00f3 Maldonado, agregando que en \u201cesta maniobra han dejado pegada a la Asamblea de Mujeres Mercedinas, a la que endilgan la solicitud de adhesi\u00f3n del municipio a las leyes vigentes para la implementaci\u00f3n del cupo\u201d.<\/p>\n<p>\u201cCabe destacar que la Asamblea fue un factor clave para la visibilizaci\u00f3n del reclamo, y que fuimos las compa\u00f1eras del Plenario de Trabajadoras en 2018, cuando se conform\u00f3 dicha Asamblea, quienes llevamos la propuesta de incorporar en el documento central del primer 8 de marzo que organizaba la asamblea, el pedido de justicia por Sof\u00eda Santill\u00e1n y el reclamo por la implementaci\u00f3n del cupo laboral en Mercedes; en \u00e9se momento se encontraba sancionada la Ley Provincial Diana Sacay\u00e1n\u201d, expres\u00f3.<\/p>\n<p>\u201cDesde ese momento y hasta la fecha, la Asamblea ha levantado el reclamo iniciado por el Partido Obrero y sectores independientes. Esta estrategia burda es un reflejo de la que a nivel nacional desarrollan los sectores del gobierno en torno a la ley del aborto. El intento de anular al movimiento de mujeres que pint\u00f3 de verde al pa\u00eds y cambiarlo por la figura de un Alberto que \u201cnos da\u201d el aborto legal. No podemos dejar pasar \u00e9se intento de tergiversar la verdad, jam\u00e1s en 4 a\u00f1os movieron algo por la implementaci\u00f3n del cupo en Mercedes, mientras que desde la Agrupaci\u00f3n 1969 + independientes, hasta la semanada pasada est\u00e1bamos juntando firmas por \u00e9ste reclamo. El momento hist\u00f3rico que vivimos nos permite el registro de cada una de las acciones que hemos llevado a cabo, las asambleas, las reuniones, las actividades donde hemos puesto el tema a debate, las acciones concretas, la junta de firmas, las notas en los medios, los empadronamientos a trav\u00e9s de redes, son todos los materiales que dan cuenta que lo ocurrido es el fruto de la lucha que desde a\u00f1os llevamos adelante y que ahora tratan de ocultar, como tratan de ocultar a Sof\u00eda Santill\u00e1n, por ellx y por todes los que pusieron el cuerpo en \u00e9sta lucha no podemos dejar pasar \u00e9sta mentira. Las travestis, las trans, la comunidad LGBTI y la izquierda existen, no pueden tapar el sol con dedo. La ordenanza ya se encuentra aprobada, ahora vamos por la real implementaci\u00f3n\u201d, concluy\u00f3 Maldonado.<\/p>\n","protected":false},"excerpt":{"rendered":"<p>\u25a0 \u201cLo ocurrido es el fruto de la lucha que desde a\u00f1os llevamos adelante y que ahora tratan de ocultar, como tratan de ocultar a Sof\u00eda Santill\u00e1n\u201d, sostuvo Mar\u00eda Maldonado, del PO, en torno a la ordenanza aprobada de cupo laboral<\/p>\n","protected":false},"author":2,"featured_media":51730,"comment_status":"open","ping_status":"open","sticky":false,"template":"","format":"standard","meta":{"footnotes":""},"categories":[16],"tags":[243,10398,19,4152,338,1659,9526],"class_list":["post-57285","post","type-post","status-publish","format-standard","has-post-thumbnail","hentry","category-politica","tag-concejo-deliberante","tag-cupo-laboral","tag-hcd","tag-maria-maldonado","tag-sofia-santillan","tag-trans","tag-travesti"],"yoast_head":"<!-- This site is optimized with the Yoast SEO plugin v27.5 - https:\/\/yoast.com\/product\/yoast-seo-wordpress\/ -->\n<title>\u201cLimpian su imagen con el cupo travesti-trans\u201d<\/title>\n<meta name=\"robots\" content=\"index, follow, max-snippet:-1, max-image-preview:large, max-video-preview:-1\" \/>\n<link rel=\"canonical\" href=\"https:\/\/noticiasmercedinas.com\/site\/2020\/11\/28\/limpian-su-imagen-con-el-cupo-travesti-trans\/\" \/>\n<meta property=\"og:locale\" content=\"es_ES\" \/>\n<meta property=\"og:type\" content=\"article\" \/>\n<meta property=\"og:title\" content=\"\u201cLimpian su imagen con el cupo travesti-trans\u201d\" \/>\n<meta property=\"og:description\" content=\"\u25a0 \u201cLo ocurrido es el fruto de la lucha que desde a\u00f1os llevamos adelante y que ahora tratan de ocultar, como tratan de ocultar a Sof\u00eda Santill\u00e1n\u201d, sostuvo Mar\u00eda Maldonado, del PO, en torno a la ordenanza aprobada de cupo laboral\" \/>\n<meta property=\"og:url\" content=\"https:\/\/noticiasmercedinas.com\/site\/2020\/11\/28\/limpian-su-imagen-con-el-cupo-travesti-trans\/\" \/>\n<meta property=\"og:site_name\" content=\"NOTICIASMERCEDINAS.COM\" \/>\n<meta property=\"article:publisher\" content=\"https:\/\/www.facebook.com\/noticiasmercedinas\/\" \/>\n<meta property=\"article:author\" content=\"https:\/\/www.facebook.com\/cristian.falabella\" \/>\n<meta property=\"article:published_time\" content=\"2020-11-28T11:33:30+00:00\" \/>\n<meta property=\"og:image\" content=\"https:\/\/noticiasmercedinas.com\/site\/wp-content\/uploads\/2020\/08\/mmaldonado.jpg\" \/>\n\t<meta property=\"og:image:width\" content=\"640\" \/>\n\t<meta property=\"og:image:height\" content=\"401\" \/>\n\t<meta property=\"og:image:type\" content=\"image\/jpeg\" \/>\n<meta name=\"author\" content=\"Cristian Falabella NOTICIASMERCEDINAS.COM\" \/>\n<meta name=\"twitter:card\" content=\"summary_large_image\" \/>\n<meta name=\"twitter:creator\" content=\"@https:\/\/twitter.com\/NOTMERCEDINAS\" \/>\n<meta name=\"twitter:site\" content=\"@notmercedinas\" \/>\n<meta name=\"twitter:label1\" content=\"Escrito por\" \/>\n\t<meta name=\"twitter:data1\" content=\"Cristian Falabella NOTICIASMERCEDINAS.COM\" \/>\n\t<meta name=\"twitter:label2\" content=\"Tiempo de lectura\" \/>\n\t<meta name=\"twitter:data2\" content=\"4 minutos\" \/>\n<script type=\"application\/ld+json\" class=\"yoast-schema-graph\">{\"@context\":\"https:\\\/\\\/schema.org\",\"@graph\":[{\"@type\":\"Article\",\"@id\":\"https:\\\/\\\/noticiasmercedinas.com\\\/site\\\/2020\\\/11\\\/28\\\/limpian-su-imagen-con-el-cupo-travesti-trans\\\/#article\",\"isPartOf\":{\"@id\":\"https:\\\/\\\/noticiasmercedinas.com\\\/site\\\/2020\\\/11\\\/28\\\/limpian-su-imagen-con-el-cupo-travesti-trans\\\/\"},\"author\":{\"name\":\"Cristian Falabella NOTICIASMERCEDINAS.COM\",\"@id\":\"https:\\\/\\\/noticiasmercedinas.com\\\/site\\\/#\\\/schema\\\/person\\\/d481a9696a5feaec13a60e2bbd991a6a\"},\"headline\":\"\u201cLimpian su imagen con el cupo travesti-trans\u201d\",\"datePublished\":\"2020-11-28T11:33:30+00:00\",\"mainEntityOfPage\":{\"@id\":\"https:\\\/\\\/noticiasmercedinas.com\\\/site\\\/2020\\\/11\\\/28\\\/limpian-su-imagen-con-el-cupo-travesti-trans\\\/\"},\"wordCount\":768,\"commentCount\":0,\"publisher\":{\"@id\":\"https:\\\/\\\/noticiasmercedinas.com\\\/site\\\/#organization\"},\"image\":{\"@id\":\"https:\\\/\\\/noticiasmercedinas.com\\\/site\\\/2020\\\/11\\\/28\\\/limpian-su-imagen-con-el-cupo-travesti-trans\\\/#primaryimage\"},\"thumbnailUrl\":\"https:\\\/\\\/noticiasmercedinas.com\\\/site\\\/wp-content\\\/uploads\\\/2020\\\/08\\\/mmaldonado.jpg\",\"keywords\":[\"concejo deliberante\",\"cupo laboral\",\"HCD\",\"maria maldonado\",\"sofia santillan\",\"trans\",\"travesti\"],\"articleSection\":[\"Politica\"],\"inLanguage\":\"es\",\"potentialAction\":[{\"@type\":\"CommentAction\",\"name\":\"Comment\",\"target\":[\"https:\\\/\\\/noticiasmercedinas.com\\\/site\\\/2020\\\/11\\\/28\\\/limpian-su-imagen-con-el-cupo-travesti-trans\\\/#respond\"]}]},{\"@type\":\"WebPage\",\"@id\":\"https:\\\/\\\/noticiasmercedinas.com\\\/site\\\/2020\\\/11\\\/28\\\/limpian-su-imagen-con-el-cupo-travesti-trans\\\/\",\"url\":\"https:\\\/\\\/noticiasmercedinas.com\\\/site\\\/2020\\\/11\\\/28\\\/limpian-su-imagen-con-el-cupo-travesti-trans\\\/\",\"name\":\"\u201cLimpian su imagen con el cupo travesti-trans\u201d\",\"isPartOf\":{\"@id\":\"https:\\\/\\\/noticiasmercedinas.com\\\/site\\\/#website\"},\"primaryImageOfPage\":{\"@id\":\"https:\\\/\\\/noticiasmercedinas.com\\\/site\\\/2020\\\/11\\\/28\\\/limpian-su-imagen-con-el-cupo-travesti-trans\\\/#primaryimage\"},\"image\":{\"@id\":\"https:\\\/\\\/noticiasmercedinas.com\\\/site\\\/2020\\\/11\\\/28\\\/limpian-su-imagen-con-el-cupo-travesti-trans\\\/#primaryimage\"},\"thumbnailUrl\":\"https:\\\/\\\/noticiasmercedinas.com\\\/site\\\/wp-content\\\/uploads\\\/2020\\\/08\\\/mmaldonado.jpg\",\"datePublished\":\"2020-11-28T11:33:30+00:00\",\"breadcrumb\":{\"@id\":\"https:\\\/\\\/noticiasmercedinas.com\\\/site\\\/2020\\\/11\\\/28\\\/limpian-su-imagen-con-el-cupo-travesti-trans\\\/#breadcrumb\"},\"inLanguage\":\"es\",\"potentialAction\":[{\"@type\":\"ReadAction\",\"target\":[\"https:\\\/\\\/noticiasmercedinas.com\\\/site\\\/2020\\\/11\\\/28\\\/limpian-su-imagen-con-el-cupo-travesti-trans\\\/\"]}]},{\"@type\":\"ImageObject\",\"inLanguage\":\"es\",\"@id\":\"https:\\\/\\\/noticiasmercedinas.com\\\/site\\\/2020\\\/11\\\/28\\\/limpian-su-imagen-con-el-cupo-travesti-trans\\\/#primaryimage\",\"url\":\"https:\\\/\\\/noticiasmercedinas.com\\\/site\\\/wp-content\\\/uploads\\\/2020\\\/08\\\/mmaldonado.jpg\",\"contentUrl\":\"https:\\\/\\\/noticiasmercedinas.com\\\/site\\\/wp-content\\\/uploads\\\/2020\\\/08\\\/mmaldonado.jpg\",\"width\":640,\"height\":401},{\"@type\":\"BreadcrumbList\",\"@id\":\"https:\\\/\\\/noticiasmercedinas.com\\\/site\\\/2020\\\/11\\\/28\\\/limpian-su-imagen-con-el-cupo-travesti-trans\\\/#breadcrumb\",\"itemListElement\":[{\"@type\":\"ListItem\",\"position\":1,\"name\":\"Portada\",\"item\":\"https:\\\/\\\/noticiasmercedinas.com\\\/site\\\/\"},{\"@type\":\"ListItem\",\"position\":2,\"name\":\"\u201cLimpian su imagen con el cupo travesti-trans\u201d\"}]},{\"@type\":\"WebSite\",\"@id\":\"https:\\\/\\\/noticiasmercedinas.com\\\/site\\\/#website\",\"url\":\"https:\\\/\\\/noticiasmercedinas.com\\\/site\\\/\",\"name\":\"NOTICIASMERCEDINAS.COM\",\"description\":\"Mercedes, Buenos Aires, Argentina\",\"publisher\":{\"@id\":\"https:\\\/\\\/noticiasmercedinas.com\\\/site\\\/#organization\"},\"potentialAction\":[{\"@type\":\"SearchAction\",\"target\":{\"@type\":\"EntryPoint\",\"urlTemplate\":\"https:\\\/\\\/noticiasmercedinas.com\\\/site\\\/?s={search_term_string}\"},\"query-input\":{\"@type\":\"PropertyValueSpecification\",\"valueRequired\":true,\"valueName\":\"search_term_string\"}}],\"inLanguage\":\"es\"},{\"@type\":\"Organization\",\"@id\":\"https:\\\/\\\/noticiasmercedinas.com\\\/site\\\/#organization\",\"name\":\"NOTICIASMERCEDINAS.COM\",\"url\":\"https:\\\/\\\/noticiasmercedinas.com\\\/site\\\/\",\"logo\":{\"@type\":\"ImageObject\",\"inLanguage\":\"es\",\"@id\":\"https:\\\/\\\/noticiasmercedinas.com\\\/site\\\/#\\\/schema\\\/logo\\\/image\\\/\",\"url\":\"https:\\\/\\\/noticiasmercedinas.com\\\/site\\\/wp-content\\\/uploads\\\/2020\\\/06\\\/LOGO-512.jpg\",\"contentUrl\":\"https:\\\/\\\/noticiasmercedinas.com\\\/site\\\/wp-content\\\/uploads\\\/2020\\\/06\\\/LOGO-512.jpg\",\"width\":512,\"height\":512,\"caption\":\"NOTICIASMERCEDINAS.COM\"},\"image\":{\"@id\":\"https:\\\/\\\/noticiasmercedinas.com\\\/site\\\/#\\\/schema\\\/logo\\\/image\\\/\"},\"sameAs\":[\"https:\\\/\\\/www.facebook.com\\\/noticiasmercedinas\\\/\",\"https:\\\/\\\/x.com\\\/notmercedinas\",\"https:\\\/\\\/www.instagram.com\\\/noticiasmercedinas\\\/\"]},{\"@type\":\"Person\",\"@id\":\"https:\\\/\\\/noticiasmercedinas.com\\\/site\\\/#\\\/schema\\\/person\\\/d481a9696a5feaec13a60e2bbd991a6a\",\"name\":\"Cristian Falabella NOTICIASMERCEDINAS.COM\",\"image\":{\"@type\":\"ImageObject\",\"inLanguage\":\"es\",\"@id\":\"https:\\\/\\\/secure.gravatar.com\\\/avatar\\\/0dbbfc45970cc46bcd0e57766228574ff3511d6eed045b182f536f0f478c1f06?s=96&d=mm&r=g\",\"url\":\"https:\\\/\\\/secure.gravatar.com\\\/avatar\\\/0dbbfc45970cc46bcd0e57766228574ff3511d6eed045b182f536f0f478c1f06?s=96&d=mm&r=g\",\"contentUrl\":\"https:\\\/\\\/secure.gravatar.com\\\/avatar\\\/0dbbfc45970cc46bcd0e57766228574ff3511d6eed045b182f536f0f478c1f06?s=96&d=mm&r=g\",\"caption\":\"Cristian Falabella NOTICIASMERCEDINAS.COM\"},\"description\":\"Periodista, editor de Noticias Mercedinas. Pas\u00f3 por varias redacciones y emprendimientos de prensa, en distintos formatos y \u00e9pocas. Se especializ\u00f3 --y sigue haci\u00e9ndolo-- en comunicaci\u00f3n en la web y en junio de 2006 fund\u00f3 este diario digital.\",\"sameAs\":[\"https:\\\/\\\/noticiasmercedinas.com\",\"https:\\\/\\\/www.facebook.com\\\/cristian.falabella\",\"https:\\\/\\\/www.instagram.com\\\/noticiasmercedinas\\\/\",\"https:\\\/\\\/x.com\\\/https:\\\/\\\/twitter.com\\\/NOTMERCEDINAS\"],\"url\":\"https:\\\/\\\/noticiasmercedinas.com\\\/site\\\/author\\\/as000384\\\/\"}]}<\/script>\n<!-- \/ Yoast SEO plugin. -->","yoast_head_json":{"title":"\u201cLimpian su imagen con el cupo travesti-trans\u201d","robots":{"index":"index","follow":"follow","max-snippet":"max-snippet:-1","max-image-preview":"max-image-preview:large","max-video-preview":"max-video-preview:-1"},"canonical":"https:\/\/noticiasmercedinas.com\/site\/2020\/11\/28\/limpian-su-imagen-con-el-cupo-travesti-trans\/","og_locale":"es_ES","og_type":"article","og_title":"\u201cLimpian su imagen con el cupo travesti-trans\u201d","og_description":"\u25a0 \u201cLo ocurrido es el fruto de la lucha que desde a\u00f1os llevamos adelante y que ahora tratan de ocultar, como tratan de ocultar a Sof\u00eda Santill\u00e1n\u201d, sostuvo Mar\u00eda Maldonado, del PO, en torno a la ordenanza aprobada de cupo laboral","og_url":"https:\/\/noticiasmercedinas.com\/site\/2020\/11\/28\/limpian-su-imagen-con-el-cupo-travesti-trans\/","og_site_name":"NOTICIASMERCEDINAS.COM","article_publisher":"https:\/\/www.facebook.com\/noticiasmercedinas\/","article_author":"https:\/\/www.facebook.com\/cristian.falabella","article_published_time":"2020-11-28T11:33:30+00:00","og_image":[{"width":640,"height":401,"url":"https:\/\/noticiasmercedinas.com\/site\/wp-content\/uploads\/2020\/08\/mmaldonado.jpg","type":"image\/jpeg"}],"author":"Cristian Falabella NOTICIASMERCEDINAS.COM","twitter_card":"summary_large_image","twitter_creator":"@https:\/\/twitter.com\/NOTMERCEDINAS","twitter_site":"@notmercedinas","twitter_misc":{"Escrito por":"Cristian Falabella NOTICIASMERCEDINAS.COM","Tiempo de lectura":"4 minutos"},"schema":{"@context":"https:\/\/schema.org","@graph":[{"@type":"Article","@id":"https:\/\/noticiasmercedinas.com\/site\/2020\/11\/28\/limpian-su-imagen-con-el-cupo-travesti-trans\/#article","isPartOf":{"@id":"https:\/\/noticiasmercedinas.com\/site\/2020\/11\/28\/limpian-su-imagen-con-el-cupo-travesti-trans\/"},"author":{"name":"Cristian Falabella NOTICIASMERCEDINAS.COM","@id":"https:\/\/noticiasmercedinas.com\/site\/#\/schema\/person\/d481a9696a5feaec13a60e2bbd991a6a"},"headline":"\u201cLimpian su imagen con el cupo travesti-trans\u201d","datePublished":"2020-11-28T11:33:30+00:00","mainEntityOfPage":{"@id":"https:\/\/noticiasmercedinas.com\/site\/2020\/11\/28\/limpian-su-imagen-con-el-cupo-travesti-trans\/"},"wordCount":768,"commentCount":0,"publisher":{"@id":"https:\/\/noticiasmercedinas.com\/site\/#organization"},"image":{"@id":"https:\/\/noticiasmercedinas.com\/site\/2020\/11\/28\/limpian-su-imagen-con-el-cupo-travesti-trans\/#primaryimage"},"thumbnailUrl":"https:\/\/noticiasmercedinas.com\/site\/wp-content\/uploads\/2020\/08\/mmaldonado.jpg","keywords":["concejo deliberante","cupo laboral","HCD","maria maldonado","sofia santillan","trans","travesti"],"articleSection":["Politica"],"inLanguage":"es","potentialAction":[{"@type":"CommentAction","name":"Comment","target":["https:\/\/noticiasmercedinas.com\/site\/2020\/11\/28\/limpian-su-imagen-con-el-cupo-travesti-trans\/#respond"]}]},{"@type":"WebPage","@id":"https:\/\/noticiasmercedinas.com\/site\/2020\/11\/28\/limpian-su-imagen-con-el-cupo-travesti-trans\/","url":"https:\/\/noticiasmercedinas.com\/site\/2020\/11\/28\/limpian-su-imagen-con-el-cupo-travesti-trans\/","name":"\u201cLimpian su imagen con el cupo travesti-trans\u201d","isPartOf":{"@id":"https:\/\/noticiasmercedinas.com\/site\/#website"},"primaryImageOfPage":{"@id":"https:\/\/noticiasmercedinas.com\/site\/2020\/11\/28\/limpian-su-imagen-con-el-cupo-travesti-trans\/#primaryimage"},"image":{"@id":"https:\/\/noticiasmercedinas.com\/site\/2020\/11\/28\/limpian-su-imagen-con-el-cupo-travesti-trans\/#primaryimage"},"thumbnailUrl":"https:\/\/noticiasmercedinas.com\/site\/wp-content\/uploads\/2020\/08\/mmaldonado.jpg","datePublished":"2020-11-28T11:33:30+00:00","breadcrumb":{"@id":"https:\/\/noticiasmercedinas.com\/site\/2020\/11\/28\/limpian-su-imagen-con-el-cupo-travesti-trans\/#breadcrumb"},"inLanguage":"es","potentialAction":[{"@type":"ReadAction","target":["https:\/\/noticiasmercedinas.com\/site\/2020\/11\/28\/limpian-su-imagen-con-el-cupo-travesti-trans\/"]}]},{"@type":"ImageObject","inLanguage":"es","@id":"https:\/\/noticiasmercedinas.com\/site\/2020\/11\/28\/limpian-su-imagen-con-el-cupo-travesti-trans\/#primaryimage","url":"https:\/\/noticiasmercedinas.com\/site\/wp-content\/uploads\/2020\/08\/mmaldonado.jpg","contentUrl":"https:\/\/noticiasmercedinas.com\/site\/wp-content\/uploads\/2020\/08\/mmaldonado.jpg","width":640,"height":401},{"@type":"BreadcrumbList","@id":"https:\/\/noticiasmercedinas.com\/site\/2020\/11\/28\/limpian-su-imagen-con-el-cupo-travesti-trans\/#breadcrumb","itemListElement":[{"@type":"ListItem","position":1,"name":"Portada","item":"https:\/\/noticiasmercedinas.com\/site\/"},{"@type":"ListItem","position":2,"name":"\u201cLimpian su imagen con el cupo travesti-trans\u201d"}]},{"@type":"WebSite","@id":"https:\/\/noticiasmercedinas.com\/site\/#website","url":"https:\/\/noticiasmercedinas.com\/site\/","name":"NOTICIASMERCEDINAS.COM","description":"Mercedes, Buenos Aires, Argentina","publisher":{"@id":"https:\/\/noticiasmercedinas.com\/site\/#organization"},"potentialAction":[{"@type":"SearchAction","target":{"@type":"EntryPoint","urlTemplate":"https:\/\/noticiasmercedinas.com\/site\/?s={search_term_string}"},"query-input":{"@type":"PropertyValueSpecification","valueRequired":true,"valueName":"search_term_string"}}],"inLanguage":"es"},{"@type":"Organization","@id":"https:\/\/noticiasmercedinas.com\/site\/#organization","name":"NOTICIASMERCEDINAS.COM","url":"https:\/\/noticiasmercedinas.com\/site\/","logo":{"@type":"ImageObject","inLanguage":"es","@id":"https:\/\/noticiasmercedinas.com\/site\/#\/schema\/logo\/image\/","url":"https:\/\/noticiasmercedinas.com\/site\/wp-content\/uploads\/2020\/06\/LOGO-512.jpg","contentUrl":"https:\/\/noticiasmercedinas.com\/site\/wp-content\/uploads\/2020\/06\/LOGO-512.jpg","width":512,"height":512,"caption":"NOTICIASMERCEDINAS.COM"},"image":{"@id":"https:\/\/noticiasmercedinas.com\/site\/#\/schema\/logo\/image\/"},"sameAs":["https:\/\/www.facebook.com\/noticiasmercedinas\/","https:\/\/x.com\/notmercedinas","https:\/\/www.instagram.com\/noticiasmercedinas\/"]},{"@type":"Person","@id":"https:\/\/noticiasmercedinas.com\/site\/#\/schema\/person\/d481a9696a5feaec13a60e2bbd991a6a","name":"Cristian Falabella NOTICIASMERCEDINAS.COM","image":{"@type":"ImageObject","inLanguage":"es","@id":"https:\/\/secure.gravatar.com\/avatar\/0dbbfc45970cc46bcd0e57766228574ff3511d6eed045b182f536f0f478c1f06?s=96&d=mm&r=g","url":"https:\/\/secure.gravatar.com\/avatar\/0dbbfc45970cc46bcd0e57766228574ff3511d6eed045b182f536f0f478c1f06?s=96&d=mm&r=g","contentUrl":"https:\/\/secure.gravatar.com\/avatar\/0dbbfc45970cc46bcd0e57766228574ff3511d6eed045b182f536f0f478c1f06?s=96&d=mm&r=g","caption":"Cristian Falabella NOTICIASMERCEDINAS.COM"},"description":"Periodista, editor de Noticias Mercedinas. Pas\u00f3 por varias redacciones y emprendimientos de prensa, en distintos formatos y \u00e9pocas. Se especializ\u00f3 --y sigue haci\u00e9ndolo-- en comunicaci\u00f3n en la web y en junio de 2006 fund\u00f3 este diario digital.","sameAs":["https:\/\/noticiasmercedinas.com","https:\/\/www.facebook.com\/cristian.falabella","https:\/\/www.instagram.com\/noticiasmercedinas\/","https:\/\/x.com\/https:\/\/twitter.com\/NOTMERCEDINAS"],"url":"https:\/\/noticiasmercedinas.com\/site\/author\/as000384\/"}]}},"amp_enabled":true,"_links":{"self":[{"href":"https:\/\/noticiasmercedinas.com\/site\/wp-json\/wp\/v2\/posts\/57285","targetHints":{"allow":["GET"]}}],"collection":[{"href":"https:\/\/noticiasmercedinas.com\/site\/wp-json\/wp\/v2\/posts"}],"about":[{"href":"https:\/\/noticiasmercedinas.com\/site\/wp-json\/wp\/v2\/types\/post"}],"author":[{"embeddable":true,"href":"https:\/\/noticiasmercedinas.com\/site\/wp-json\/wp\/v2\/users\/2"}],"replies":[{"embeddable":true,"href":"https:\/\/noticiasmercedinas.com\/site\/wp-json\/wp\/v2\/comments?post=57285"}],"version-history":[{"count":1,"href":"https:\/\/noticiasmercedinas.com\/site\/wp-json\/wp\/v2\/posts\/57285\/revisions"}],"predecessor-version":[{"id":57286,"href":"https:\/\/noticiasmercedinas.com\/site\/wp-json\/wp\/v2\/posts\/57285\/revisions\/57286"}],"wp:featuredmedia":[{"embeddable":true,"href":"https:\/\/noticiasmercedinas.com\/site\/wp-json\/wp\/v2\/media\/51730"}],"wp:attachment":[{"href":"https:\/\/noticiasmercedinas.com\/site\/wp-json\/wp\/v2\/media?parent=57285"}],"wp:term":[{"taxonomy":"category","embeddable":true,"href":"https:\/\/noticiasmercedinas.com\/site\/wp-json\/wp\/v2\/categories?post=57285"},{"taxonomy":"post_tag","embeddable":true,"href":"https:\/\/noticiasmercedinas.com\/site\/wp-json\/wp\/v2\/tags?post=57285"}],"curies":[{"name":"wp","href":"https:\/\/api.w.org\/{rel}","templated":true}]}}