{"id":57429,"date":"2020-11-30T12:35:34","date_gmt":"2020-11-30T15:35:34","guid":{"rendered":"https:\/\/noticiasmercedinas.com\/site\/?p=57429"},"modified":"2020-11-30T12:35:34","modified_gmt":"2020-11-30T15:35:34","slug":"en-balcarce-se-vivio-el-rally-federal","status":"publish","type":"post","link":"https:\/\/noticiasmercedinas.com\/site\/2020\/11\/30\/en-balcarce-se-vivio-el-rally-federal\/","title":{"rendered":"En Balcarce se vivi\u00f3 el Rally Federal"},"content":{"rendered":"<p><img loading=\"lazy\" decoding=\"async\" class=\"alignnone size-full wp-image-57430\" src=\"https:\/\/noticiasmercedinas.com\/site\/wp-content\/uploads\/2020\/11\/Opera-Captura-de-pantalla_2020-11-30_112140_www.rally-balcarce.rallyfederal.com_.png\" alt=\"\" width=\"638\" height=\"421\" srcset=\"https:\/\/noticiasmercedinas.com\/site\/wp-content\/uploads\/2020\/11\/Opera-Captura-de-pantalla_2020-11-30_112140_www.rally-balcarce.rallyfederal.com_.png 638w, https:\/\/noticiasmercedinas.com\/site\/wp-content\/uploads\/2020\/11\/Opera-Captura-de-pantalla_2020-11-30_112140_www.rally-balcarce.rallyfederal.com_-300x198.png 300w\" sizes=\"auto, (max-width: 638px) 100vw, 638px\" \/><br \/>\nCulmin\u00f3 el domingo 29 la tercera fecha del Rally Federal en Balcarce, resultando ser un fin de semana con varios inconvenientes para Enrique Cores &#8211; Nicolas Capurro, que con WV Gol en la N 1 no lograron culminar todas las pruebas.<\/p>\n<p>Esta vez el ganador de la categor\u00eda result\u00f3 Tom\u00e1s Olano &#8211; Marcelo P\u00e9rez en \u00a053\u2019 50\u201d 4 cumpliendo con las 6 pruebas, en Paraje Larroquet 23.16 km realizada en tres oportunidades, dos en El Volcan 7.95 km para cerrarse todo en El Aut\u00f3dromo con 6.01 km.<\/p>\n<p>A esta \u00faltima no llegaron Cores-Capurro pese a todo el esfuerzo por superar los inconvenientes mec\u00e1nicos, que siempre pueden darse en la pruebas de rally. S\u00f3lo 8 autos en la N 1 vieron el final de la tercera fecha en Balcarce.<\/p>\n<p>Entre la rotura del semieje y una pinchadura de cubierta las posibilidades se apagaron para los mercedinos que hab\u00edan iniciado de buena manera el Rally Federal. El 2020 fue un a\u00f1o donde s\u00f3lo hubo actividad en San Antonio en marzo y luego la pandemia dej\u00f3 sin actividad hasta la reanudaci\u00f3n del fin de semana.<\/p>\n","protected":false},"excerpt":{"rendered":"<p>\u25a0 Ayer se celebr\u00f3 la tercera fecha donde el binomio Cores-Capurro no logr\u00f3 completar las distintas pruebas. Ya en la segunda jornada hab\u00edan presentado otros problemas. <\/p>\n","protected":false},"author":16,"featured_media":57430,"comment_status":"open","ping_status":"open","sticky":false,"template":"","format":"standard","meta":{"footnotes":""},"categories":[5],"tags":[10824,10825,10823],"class_list":["post-57429","post","type-post","status-publish","format-standard","has-post-thumbnail","hentry","category-deportes","tag-enrique-cores","tag-nicolas-capurro","tag-rally-federal"],"yoast_head":"<!-- This site is optimized with the Yoast SEO plugin v28.3 - https:\/\/yoast.com\/product\/yoast-seo-wordpress\/ -->\n<title>En Balcarce se vivi\u00f3 el Rally Federal<\/title>\n<meta name=\"robots\" content=\"index, follow, max-snippet:-1, max-image-preview:large, max-video-preview:-1\" \/>\n<link rel=\"canonical\" href=\"https:\/\/noticiasmercedinas.com\/site\/2020\/11\/30\/en-balcarce-se-vivio-el-rally-federal\/\" \/>\n<meta property=\"og:locale\" content=\"es_ES\" \/>\n<meta property=\"og:type\" content=\"article\" \/>\n<meta property=\"og:title\" content=\"En Balcarce se vivi\u00f3 el Rally Federal\" \/>\n<meta property=\"og:description\" content=\"\u25a0 Ayer se celebr\u00f3 la tercera fecha donde el binomio Cores-Capurro no logr\u00f3 completar las distintas pruebas. Ya en la segunda jornada hab\u00edan presentado otros problemas.\" \/>\n<meta property=\"og:url\" content=\"https:\/\/noticiasmercedinas.com\/site\/2020\/11\/30\/en-balcarce-se-vivio-el-rally-federal\/\" \/>\n<meta property=\"og:site_name\" content=\"NOTICIASMERCEDINAS.COM\" \/>\n<meta property=\"article:publisher\" content=\"https:\/\/www.facebook.com\/noticiasmercedinas\/\" \/>\n<meta property=\"article:published_time\" content=\"2020-11-30T15:35:34+00:00\" \/>\n<meta property=\"og:image\" content=\"https:\/\/noticiasmercedinas.com\/site\/wp-content\/uploads\/2020\/11\/Opera-Captura-de-pantalla_2020-11-30_112140_www.rally-balcarce.rallyfederal.com_.png\" \/>\n\t<meta property=\"og:image:width\" content=\"638\" \/>\n\t<meta property=\"og:image:height\" content=\"421\" \/>\n\t<meta property=\"og:image:type\" content=\"image\/png\" \/>\n<meta name=\"author\" content=\"NOTICIASMERCEDINAS.COM\" \/>\n<meta name=\"twitter:card\" content=\"summary_large_image\" \/>\n<meta name=\"twitter:creator\" content=\"@notmercedinas\" \/>\n<meta name=\"twitter:site\" content=\"@notmercedinas\" \/>\n<meta name=\"twitter:label1\" content=\"Escrito por\" \/>\n\t<meta name=\"twitter:data1\" content=\"NOTICIASMERCEDINAS.COM\" \/>\n\t<meta name=\"twitter:label2\" content=\"Tiempo de lectura\" \/>\n\t<meta name=\"twitter:data2\" content=\"1 minuto\" \/>\n<script type=\"application\/ld+json\" class=\"yoast-schema-graph\">{\"@context\":\"https:\\\/\\\/schema.org\",\"@graph\":[{\"@type\":\"Article\",\"@id\":\"https:\\\/\\\/noticiasmercedinas.com\\\/site\\\/2020\\\/11\\\/30\\\/en-balcarce-se-vivio-el-rally-federal\\\/#article\",\"isPartOf\":{\"@id\":\"https:\\\/\\\/noticiasmercedinas.com\\\/site\\\/2020\\\/11\\\/30\\\/en-balcarce-se-vivio-el-rally-federal\\\/\"},\"author\":{\"name\":\"NOTICIASMERCEDINAS.COM\",\"@id\":\"https:\\\/\\\/noticiasmercedinas.com\\\/site\\\/#\\\/schema\\\/person\\\/84b59c099c28ff2e8b77d4ceec5d8063\"},\"headline\":\"En Balcarce se vivi\u00f3 el Rally Federal\",\"datePublished\":\"2020-11-30T15:35:34+00:00\",\"mainEntityOfPage\":{\"@id\":\"https:\\\/\\\/noticiasmercedinas.com\\\/site\\\/2020\\\/11\\\/30\\\/en-balcarce-se-vivio-el-rally-federal\\\/\"},\"wordCount\":187,\"commentCount\":0,\"publisher\":{\"@id\":\"https:\\\/\\\/noticiasmercedinas.com\\\/site\\\/#organization\"},\"image\":{\"@id\":\"https:\\\/\\\/noticiasmercedinas.com\\\/site\\\/2020\\\/11\\\/30\\\/en-balcarce-se-vivio-el-rally-federal\\\/#primaryimage\"},\"thumbnailUrl\":\"https:\\\/\\\/noticiasmercedinas.com\\\/site\\\/wp-content\\\/uploads\\\/2020\\\/11\\\/Opera-Captura-de-pantalla_2020-11-30_112140_www.rally-balcarce.rallyfederal.com_.png\",\"keywords\":[\"Enrique Cores\",\"Nicol\u00e1s Capurro\",\"Rally Federal\"],\"articleSection\":[\"Deportes\"],\"inLanguage\":\"es\",\"potentialAction\":[{\"@type\":\"CommentAction\",\"name\":\"Comment\",\"target\":[\"https:\\\/\\\/noticiasmercedinas.com\\\/site\\\/2020\\\/11\\\/30\\\/en-balcarce-se-vivio-el-rally-federal\\\/#respond\"]}]},{\"@type\":\"WebPage\",\"@id\":\"https:\\\/\\\/noticiasmercedinas.com\\\/site\\\/2020\\\/11\\\/30\\\/en-balcarce-se-vivio-el-rally-federal\\\/\",\"url\":\"https:\\\/\\\/noticiasmercedinas.com\\\/site\\\/2020\\\/11\\\/30\\\/en-balcarce-se-vivio-el-rally-federal\\\/\",\"name\":\"En Balcarce se vivi\u00f3 el Rally Federal\",\"isPartOf\":{\"@id\":\"https:\\\/\\\/noticiasmercedinas.com\\\/site\\\/#website\"},\"primaryImageOfPage\":{\"@id\":\"https:\\\/\\\/noticiasmercedinas.com\\\/site\\\/2020\\\/11\\\/30\\\/en-balcarce-se-vivio-el-rally-federal\\\/#primaryimage\"},\"image\":{\"@id\":\"https:\\\/\\\/noticiasmercedinas.com\\\/site\\\/2020\\\/11\\\/30\\\/en-balcarce-se-vivio-el-rally-federal\\\/#primaryimage\"},\"thumbnailUrl\":\"https:\\\/\\\/noticiasmercedinas.com\\\/site\\\/wp-content\\\/uploads\\\/2020\\\/11\\\/Opera-Captura-de-pantalla_2020-11-30_112140_www.rally-balcarce.rallyfederal.com_.png\",\"datePublished\":\"2020-11-30T15:35:34+00:00\",\"breadcrumb\":{\"@id\":\"https:\\\/\\\/noticiasmercedinas.com\\\/site\\\/2020\\\/11\\\/30\\\/en-balcarce-se-vivio-el-rally-federal\\\/#breadcrumb\"},\"inLanguage\":\"es\",\"potentialAction\":[{\"@type\":\"ReadAction\",\"target\":[\"https:\\\/\\\/noticiasmercedinas.com\\\/site\\\/2020\\\/11\\\/30\\\/en-balcarce-se-vivio-el-rally-federal\\\/\"]}]},{\"@type\":\"ImageObject\",\"inLanguage\":\"es\",\"@id\":\"https:\\\/\\\/noticiasmercedinas.com\\\/site\\\/2020\\\/11\\\/30\\\/en-balcarce-se-vivio-el-rally-federal\\\/#primaryimage\",\"url\":\"https:\\\/\\\/noticiasmercedinas.com\\\/site\\\/wp-content\\\/uploads\\\/2020\\\/11\\\/Opera-Captura-de-pantalla_2020-11-30_112140_www.rally-balcarce.rallyfederal.com_.png\",\"contentUrl\":\"https:\\\/\\\/noticiasmercedinas.com\\\/site\\\/wp-content\\\/uploads\\\/2020\\\/11\\\/Opera-Captura-de-pantalla_2020-11-30_112140_www.rally-balcarce.rallyfederal.com_.png\",\"width\":638,\"height\":421},{\"@type\":\"BreadcrumbList\",\"@id\":\"https:\\\/\\\/noticiasmercedinas.com\\\/site\\\/2020\\\/11\\\/30\\\/en-balcarce-se-vivio-el-rally-federal\\\/#breadcrumb\",\"itemListElement\":[{\"@type\":\"ListItem\",\"position\":1,\"name\":\"Portada\",\"item\":\"https:\\\/\\\/noticiasmercedinas.com\\\/site\\\/\"},{\"@type\":\"ListItem\",\"position\":2,\"name\":\"En Balcarce se vivi\u00f3 el Rally Federal\"}]},{\"@type\":\"WebSite\",\"@id\":\"https:\\\/\\\/noticiasmercedinas.com\\\/site\\\/#website\",\"url\":\"https:\\\/\\\/noticiasmercedinas.com\\\/site\\\/\",\"name\":\"NOTICIASMERCEDINAS.COM\",\"description\":\"Mercedes, Buenos Aires, Argentina\",\"publisher\":{\"@id\":\"https:\\\/\\\/noticiasmercedinas.com\\\/site\\\/#organization\"},\"potentialAction\":[{\"@type\":\"SearchAction\",\"target\":{\"@type\":\"EntryPoint\",\"urlTemplate\":\"https:\\\/\\\/noticiasmercedinas.com\\\/site\\\/?s={search_term_string}\"},\"query-input\":{\"@type\":\"PropertyValueSpecification\",\"valueRequired\":true,\"valueName\":\"search_term_string\"}}],\"inLanguage\":\"es\"},{\"@type\":\"Organization\",\"@id\":\"https:\\\/\\\/noticiasmercedinas.com\\\/site\\\/#organization\",\"name\":\"NOTICIASMERCEDINAS.COM\",\"url\":\"https:\\\/\\\/noticiasmercedinas.com\\\/site\\\/\",\"logo\":{\"@type\":\"ImageObject\",\"inLanguage\":\"es\",\"@id\":\"https:\\\/\\\/noticiasmercedinas.com\\\/site\\\/#\\\/schema\\\/logo\\\/image\\\/\",\"url\":\"https:\\\/\\\/noticiasmercedinas.com\\\/site\\\/wp-content\\\/uploads\\\/2020\\\/06\\\/LOGO-512.jpg\",\"contentUrl\":\"https:\\\/\\\/noticiasmercedinas.com\\\/site\\\/wp-content\\\/uploads\\\/2020\\\/06\\\/LOGO-512.jpg\",\"width\":512,\"height\":512,\"caption\":\"NOTICIASMERCEDINAS.COM\"},\"image\":{\"@id\":\"https:\\\/\\\/noticiasmercedinas.com\\\/site\\\/#\\\/schema\\\/logo\\\/image\\\/\"},\"sameAs\":[\"https:\\\/\\\/www.facebook.com\\\/noticiasmercedinas\\\/\",\"https:\\\/\\\/x.com\\\/notmercedinas\",\"https:\\\/\\\/www.instagram.com\\\/noticiasmercedinas\\\/\"]},{\"@type\":\"Person\",\"@id\":\"https:\\\/\\\/noticiasmercedinas.com\\\/site\\\/#\\\/schema\\\/person\\\/84b59c099c28ff2e8b77d4ceec5d8063\",\"name\":\"NOTICIASMERCEDINAS.COM\",\"image\":{\"@type\":\"ImageObject\",\"inLanguage\":\"es\",\"@id\":\"https:\\\/\\\/secure.gravatar.com\\\/avatar\\\/4dfbf16b4d17945bfb6341b2d19043457132fcf478a5ee04f42e959fd8f5df0a?s=96&d=mm&r=g\",\"url\":\"https:\\\/\\\/secure.gravatar.com\\\/avatar\\\/4dfbf16b4d17945bfb6341b2d19043457132fcf478a5ee04f42e959fd8f5df0a?s=96&d=mm&r=g\",\"contentUrl\":\"https:\\\/\\\/secure.gravatar.com\\\/avatar\\\/4dfbf16b4d17945bfb6341b2d19043457132fcf478a5ee04f42e959fd8f5df0a?s=96&d=mm&r=g\",\"caption\":\"NOTICIASMERCEDINAS.COM\"},\"url\":\"https:\\\/\\\/noticiasmercedinas.com\\\/site\\\/author\\\/anonimo\\\/\"}]}<\/script>\n<!-- \/ Yoast SEO plugin. -->","yoast_head_json":{"title":"En Balcarce se vivi\u00f3 el Rally Federal","robots":{"index":"index","follow":"follow","max-snippet":"max-snippet:-1","max-image-preview":"max-image-preview:large","max-video-preview":"max-video-preview:-1"},"canonical":"https:\/\/noticiasmercedinas.com\/site\/2020\/11\/30\/en-balcarce-se-vivio-el-rally-federal\/","og_locale":"es_ES","og_type":"article","og_title":"En Balcarce se vivi\u00f3 el Rally Federal","og_description":"\u25a0 Ayer se celebr\u00f3 la tercera fecha donde el binomio Cores-Capurro no logr\u00f3 completar las distintas pruebas. Ya en la segunda jornada hab\u00edan presentado otros problemas.","og_url":"https:\/\/noticiasmercedinas.com\/site\/2020\/11\/30\/en-balcarce-se-vivio-el-rally-federal\/","og_site_name":"NOTICIASMERCEDINAS.COM","article_publisher":"https:\/\/www.facebook.com\/noticiasmercedinas\/","article_published_time":"2020-11-30T15:35:34+00:00","og_image":[{"width":638,"height":421,"url":"https:\/\/noticiasmercedinas.com\/site\/wp-content\/uploads\/2020\/11\/Opera-Captura-de-pantalla_2020-11-30_112140_www.rally-balcarce.rallyfederal.com_.png","type":"image\/png"}],"author":"NOTICIASMERCEDINAS.COM","twitter_card":"summary_large_image","twitter_creator":"@notmercedinas","twitter_site":"@notmercedinas","twitter_misc":{"Escrito por":"NOTICIASMERCEDINAS.COM","Tiempo de lectura":"1 minuto"},"schema":{"@context":"https:\/\/schema.org","@graph":[{"@type":"Article","@id":"https:\/\/noticiasmercedinas.com\/site\/2020\/11\/30\/en-balcarce-se-vivio-el-rally-federal\/#article","isPartOf":{"@id":"https:\/\/noticiasmercedinas.com\/site\/2020\/11\/30\/en-balcarce-se-vivio-el-rally-federal\/"},"author":{"name":"NOTICIASMERCEDINAS.COM","@id":"https:\/\/noticiasmercedinas.com\/site\/#\/schema\/person\/84b59c099c28ff2e8b77d4ceec5d8063"},"headline":"En Balcarce se vivi\u00f3 el Rally Federal","datePublished":"2020-11-30T15:35:34+00:00","mainEntityOfPage":{"@id":"https:\/\/noticiasmercedinas.com\/site\/2020\/11\/30\/en-balcarce-se-vivio-el-rally-federal\/"},"wordCount":187,"commentCount":0,"publisher":{"@id":"https:\/\/noticiasmercedinas.com\/site\/#organization"},"image":{"@id":"https:\/\/noticiasmercedinas.com\/site\/2020\/11\/30\/en-balcarce-se-vivio-el-rally-federal\/#primaryimage"},"thumbnailUrl":"https:\/\/noticiasmercedinas.com\/site\/wp-content\/uploads\/2020\/11\/Opera-Captura-de-pantalla_2020-11-30_112140_www.rally-balcarce.rallyfederal.com_.png","keywords":["Enrique Cores","Nicol\u00e1s Capurro","Rally Federal"],"articleSection":["Deportes"],"inLanguage":"es","potentialAction":[{"@type":"CommentAction","name":"Comment","target":["https:\/\/noticiasmercedinas.com\/site\/2020\/11\/30\/en-balcarce-se-vivio-el-rally-federal\/#respond"]}]},{"@type":"WebPage","@id":"https:\/\/noticiasmercedinas.com\/site\/2020\/11\/30\/en-balcarce-se-vivio-el-rally-federal\/","url":"https:\/\/noticiasmercedinas.com\/site\/2020\/11\/30\/en-balcarce-se-vivio-el-rally-federal\/","name":"En Balcarce se vivi\u00f3 el Rally Federal","isPartOf":{"@id":"https:\/\/noticiasmercedinas.com\/site\/#website"},"primaryImageOfPage":{"@id":"https:\/\/noticiasmercedinas.com\/site\/2020\/11\/30\/en-balcarce-se-vivio-el-rally-federal\/#primaryimage"},"image":{"@id":"https:\/\/noticiasmercedinas.com\/site\/2020\/11\/30\/en-balcarce-se-vivio-el-rally-federal\/#primaryimage"},"thumbnailUrl":"https:\/\/noticiasmercedinas.com\/site\/wp-content\/uploads\/2020\/11\/Opera-Captura-de-pantalla_2020-11-30_112140_www.rally-balcarce.rallyfederal.com_.png","datePublished":"2020-11-30T15:35:34+00:00","breadcrumb":{"@id":"https:\/\/noticiasmercedinas.com\/site\/2020\/11\/30\/en-balcarce-se-vivio-el-rally-federal\/#breadcrumb"},"inLanguage":"es","potentialAction":[{"@type":"ReadAction","target":["https:\/\/noticiasmercedinas.com\/site\/2020\/11\/30\/en-balcarce-se-vivio-el-rally-federal\/"]}]},{"@type":"ImageObject","inLanguage":"es","@id":"https:\/\/noticiasmercedinas.com\/site\/2020\/11\/30\/en-balcarce-se-vivio-el-rally-federal\/#primaryimage","url":"https:\/\/noticiasmercedinas.com\/site\/wp-content\/uploads\/2020\/11\/Opera-Captura-de-pantalla_2020-11-30_112140_www.rally-balcarce.rallyfederal.com_.png","contentUrl":"https:\/\/noticiasmercedinas.com\/site\/wp-content\/uploads\/2020\/11\/Opera-Captura-de-pantalla_2020-11-30_112140_www.rally-balcarce.rallyfederal.com_.png","width":638,"height":421},{"@type":"BreadcrumbList","@id":"https:\/\/noticiasmercedinas.com\/site\/2020\/11\/30\/en-balcarce-se-vivio-el-rally-federal\/#breadcrumb","itemListElement":[{"@type":"ListItem","position":1,"name":"Portada","item":"https:\/\/noticiasmercedinas.com\/site\/"},{"@type":"ListItem","position":2,"name":"En Balcarce se vivi\u00f3 el Rally Federal"}]},{"@type":"WebSite","@id":"https:\/\/noticiasmercedinas.com\/site\/#website","url":"https:\/\/noticiasmercedinas.com\/site\/","name":"NOTICIASMERCEDINAS.COM","description":"Mercedes, Buenos Aires, Argentina","publisher":{"@id":"https:\/\/noticiasmercedinas.com\/site\/#organization"},"potentialAction":[{"@type":"SearchAction","target":{"@type":"EntryPoint","urlTemplate":"https:\/\/noticiasmercedinas.com\/site\/?s={search_term_string}"},"query-input":{"@type":"PropertyValueSpecification","valueRequired":true,"valueName":"search_term_string"}}],"inLanguage":"es"},{"@type":"Organization","@id":"https:\/\/noticiasmercedinas.com\/site\/#organization","name":"NOTICIASMERCEDINAS.COM","url":"https:\/\/noticiasmercedinas.com\/site\/","logo":{"@type":"ImageObject","inLanguage":"es","@id":"https:\/\/noticiasmercedinas.com\/site\/#\/schema\/logo\/image\/","url":"https:\/\/noticiasmercedinas.com\/site\/wp-content\/uploads\/2020\/06\/LOGO-512.jpg","contentUrl":"https:\/\/noticiasmercedinas.com\/site\/wp-content\/uploads\/2020\/06\/LOGO-512.jpg","width":512,"height":512,"caption":"NOTICIASMERCEDINAS.COM"},"image":{"@id":"https:\/\/noticiasmercedinas.com\/site\/#\/schema\/logo\/image\/"},"sameAs":["https:\/\/www.facebook.com\/noticiasmercedinas\/","https:\/\/x.com\/notmercedinas","https:\/\/www.instagram.com\/noticiasmercedinas\/"]},{"@type":"Person","@id":"https:\/\/noticiasmercedinas.com\/site\/#\/schema\/person\/84b59c099c28ff2e8b77d4ceec5d8063","name":"NOTICIASMERCEDINAS.COM","image":{"@type":"ImageObject","inLanguage":"es","@id":"https:\/\/secure.gravatar.com\/avatar\/4dfbf16b4d17945bfb6341b2d19043457132fcf478a5ee04f42e959fd8f5df0a?s=96&d=mm&r=g","url":"https:\/\/secure.gravatar.com\/avatar\/4dfbf16b4d17945bfb6341b2d19043457132fcf478a5ee04f42e959fd8f5df0a?s=96&d=mm&r=g","contentUrl":"https:\/\/secure.gravatar.com\/avatar\/4dfbf16b4d17945bfb6341b2d19043457132fcf478a5ee04f42e959fd8f5df0a?s=96&d=mm&r=g","caption":"NOTICIASMERCEDINAS.COM"},"url":"https:\/\/noticiasmercedinas.com\/site\/author\/anonimo\/"}]}},"amp_enabled":true,"_links":{"self":[{"href":"https:\/\/noticiasmercedinas.com\/site\/wp-json\/wp\/v2\/posts\/57429","targetHints":{"allow":["GET"]}}],"collection":[{"href":"https:\/\/noticiasmercedinas.com\/site\/wp-json\/wp\/v2\/posts"}],"about":[{"href":"https:\/\/noticiasmercedinas.com\/site\/wp-json\/wp\/v2\/types\/post"}],"author":[{"embeddable":true,"href":"https:\/\/noticiasmercedinas.com\/site\/wp-json\/wp\/v2\/users\/16"}],"replies":[{"embeddable":true,"href":"https:\/\/noticiasmercedinas.com\/site\/wp-json\/wp\/v2\/comments?post=57429"}],"version-history":[{"count":1,"href":"https:\/\/noticiasmercedinas.com\/site\/wp-json\/wp\/v2\/posts\/57429\/revisions"}],"predecessor-version":[{"id":57431,"href":"https:\/\/noticiasmercedinas.com\/site\/wp-json\/wp\/v2\/posts\/57429\/revisions\/57431"}],"wp:featuredmedia":[{"embeddable":true,"href":"https:\/\/noticiasmercedinas.com\/site\/wp-json\/wp\/v2\/media\/57430"}],"wp:attachment":[{"href":"https:\/\/noticiasmercedinas.com\/site\/wp-json\/wp\/v2\/media?parent=57429"}],"wp:term":[{"taxonomy":"category","embeddable":true,"href":"https:\/\/noticiasmercedinas.com\/site\/wp-json\/wp\/v2\/categories?post=57429"},{"taxonomy":"post_tag","embeddable":true,"href":"https:\/\/noticiasmercedinas.com\/site\/wp-json\/wp\/v2\/tags?post=57429"}],"curies":[{"name":"wp","href":"https:\/\/api.w.org\/{rel}","templated":true}]}}